{"id":13668,"date":"2021-11-21T00:01:00","date_gmt":"2021-11-20T23:01:00","guid":{"rendered":"https:\/\/lasentinelle.dz\/?p=13668"},"modified":"2021-11-20T16:21:31","modified_gmt":"2021-11-20T15:21:31","slug":"mondiaux-2021-de-karate-epreuves-par-equipes-elimination-precoce-des-selections-algeriennes","status":"publish","type":"post","link":"https:\/\/lasentinelle.dz\/index.php\/2021\/11\/21\/mondiaux-2021-de-karate-epreuves-par-equipes-elimination-precoce-des-selections-algeriennes\/","title":{"rendered":"Mondiaux-2021 de karat\u00e9 (\u00e9preuves par \u00e9quipes) : Elimination pr\u00e9coce des s\u00e9lections alg\u00e9riennes"},"content":{"rendered":"\n<p>Les s\u00e9lections alg\u00e9riennes de karat\u00e9, kumit\u00e9 et kata, ont \u00e9t\u00e9 \u00e9limin\u00e9es d\u00e8s les premiers tours des \u00e9preuves par \u00e9quipes aux Mondiaux 2021 de la discipline, disput\u00e9es vendredi \u00e0 Duba\u00ef (Emirats arabes unis). En kumit\u00e9, l&rsquo;\u00e9quipe masculine a \u00e9t\u00e9 \u00e9limin\u00e9e au 2e tour par l&rsquo;Ouzbekistan (3-1), de m\u00eame que son homologue f\u00e9minine sortie au m\u00eame stade de la comp\u00e9tition par l&rsquo;Ukraine (2-0). En kata, les s\u00e9lections alg\u00e9riennes ont \u00e9t\u00e9 \u00e9limin\u00e9es d\u00e8s le premier tour des \u00e9preuves par \u00e9quipes. Les meilleures performances de l&rsquo;Alg\u00e9rie aux Mondiaux 2021, ont \u00e9t\u00e9 r\u00e9alis\u00e9es par Chaima Midi (-61kg) et Cylia Ouikene (-50kg), en se hissant aux quarts de finale de leurs cat\u00e9gories respectives. Qualifi\u00e9es au tableau de rep\u00eachage, les deux Alg\u00e9riennes ont \u00e9chou\u00e9 dans leur tentative de d\u00e9crocher la m\u00e9daille de bronze. Engag\u00e9e dans la cat\u00e9gorie des -61kg, Midi a \u00e9t\u00e9 battue difficilement par la P\u00e9ruvienne, Alexandra Grand (5-4), tout comme sa compatriote Ouikene (-50 kg) \u00e9cart\u00e9e par l&rsquo;Ukrainienne Kryva Kateryna (1-2). Outre l&rsquo;Alg\u00e9rie, les Mondiaux 2021 de karat\u00e9 ont regroup\u00e9 les meilleures nations de la d iscipline \u00e0 savoir le Br\u00e9sil, la Croatie, l&rsquo;Egypte, la France, l&rsquo;Iran, l&rsquo;Italie, le Japon, la Russie, l&rsquo;Espagne et la Turquie.<\/p>\n\n\n\n<p>APS<\/p>\n","protected":false},"excerpt":{"rendered":"<p>Les s\u00e9lections alg\u00e9riennes de karat\u00e9, kumit\u00e9 et kata, ont \u00e9t\u00e9 \u00e9limin\u00e9es d\u00e8s les premiers tours des \u00e9preuves par \u00e9quipes aux<\/p>\n","protected":false},"author":3,"featured_media":13682,"comment_status":"open","ping_status":"closed","sticky":false,"template":"","format":"standard","meta":{"colormag_page_container_layout":"default_layout","colormag_page_sidebar_layout":"default_layout","om_disable_all_campaigns":false,"_monsterinsights_skip_tracking":false,"_monsterinsights_sitenote_active":false,"_monsterinsights_sitenote_note":"","_monsterinsights_sitenote_category":0,"footnotes":"","_wpscppro_dont_share_socialmedia":false,"_wpscppro_custom_social_share_image":0,"_facebook_share_type":"","_twitter_share_type":"","_linkedin_share_type":"","_pinterest_share_type":"","_linkedin_share_type_page":"","_instagram_share_type":"","_medium_share_type":"","_threads_share_type":"","_google_business_share_type":"","_selected_social_profile":[],"_wpsp_enable_custom_social_template":false,"_wpsp_social_scheduling":{"enabled":false,"datetime":null,"platforms":[],"status":"template_only","dateOption":"today","timeOption":"now","customDays":"","customHours":"","customDate":"","customTime":"","schedulingType":"absolute"},"_wpsp_active_default_template":true},"categories":[33],"tags":[],"class_list":["post-13668","post","type-post","status-publish","format-standard","has-post-thumbnail","hentry","category-sports"],"aioseo_notices":[],"yoast_head":"<!-- This site is optimized with the Yoast SEO plugin v27.5 - https:\/\/yoast.com\/product\/yoast-seo-wordpress\/ -->\n<title>Mondiaux-2021 de karat\u00e9 (\u00e9preuves par \u00e9quipes) : Elimination pr\u00e9coce des s\u00e9lections alg\u00e9riennes - La Sentinelle<\/title>\n<meta name=\"robots\" content=\"index, follow, max-snippet:-1, max-image-preview:large, max-video-preview:-1\" \/>\n<link rel=\"canonical\" href=\"https:\/\/lasentinelle.dz\/index.php\/2021\/11\/21\/mondiaux-2021-de-karate-epreuves-par-equipes-elimination-precoce-des-selections-algeriennes\/\" \/>\n<meta property=\"og:locale\" content=\"fr_FR\" \/>\n<meta property=\"og:type\" content=\"article\" \/>\n<meta property=\"og:title\" content=\"Mondiaux-2021 de karat\u00e9 (\u00e9preuves par \u00e9quipes) : Elimination pr\u00e9coce des s\u00e9lections alg\u00e9riennes - La Sentinelle\" \/>\n<meta property=\"og:description\" content=\"Les s\u00e9lections alg\u00e9riennes de karat\u00e9, kumit\u00e9 et kata, ont \u00e9t\u00e9 \u00e9limin\u00e9es d\u00e8s les premiers tours des \u00e9preuves par \u00e9quipes aux\" \/>\n<meta property=\"og:url\" content=\"https:\/\/lasentinelle.dz\/index.php\/2021\/11\/21\/mondiaux-2021-de-karate-epreuves-par-equipes-elimination-precoce-des-selections-algeriennes\/\" \/>\n<meta property=\"og:site_name\" content=\"La Sentinelle\" \/>\n<meta property=\"article:publisher\" content=\"https:\/\/www.facebook.com\/La-Sentinelle-104059864394773\" \/>\n<meta property=\"article:published_time\" content=\"2021-11-20T23:01:00+00:00\" \/>\n<meta property=\"og:image\" content=\"https:\/\/lasentinelle.dz\/wp-content\/uploads\/2021\/11\/Karate.jpg\" \/>\n\t<meta property=\"og:image:width\" content=\"2048\" \/>\n\t<meta property=\"og:image:height\" content=\"1560\" \/>\n\t<meta property=\"og:image:type\" content=\"image\/jpeg\" \/>\n<meta name=\"author\" content=\"La Sentinelle\" \/>\n<meta name=\"twitter:card\" content=\"summary_large_image\" \/>\n<meta name=\"twitter:label1\" content=\"\u00c9crit par\" \/>\n\t<meta name=\"twitter:data1\" content=\"La Sentinelle\" \/>\n\t<meta name=\"twitter:label2\" content=\"Dur\u00e9e de lecture estim\u00e9e\" \/>\n\t<meta name=\"twitter:data2\" content=\"1 minute\" \/>\n<script type=\"application\/ld+json\" class=\"yoast-schema-graph\">{\"@context\":\"https:\\\/\\\/schema.org\",\"@graph\":[{\"@type\":\"Article\",\"@id\":\"https:\\\/\\\/lasentinelle.dz\\\/index.php\\\/2021\\\/11\\\/21\\\/mondiaux-2021-de-karate-epreuves-par-equipes-elimination-precoce-des-selections-algeriennes\\\/#article\",\"isPartOf\":{\"@id\":\"https:\\\/\\\/lasentinelle.dz\\\/index.php\\\/2021\\\/11\\\/21\\\/mondiaux-2021-de-karate-epreuves-par-equipes-elimination-precoce-des-selections-algeriennes\\\/\"},\"author\":{\"name\":\"La Sentinelle\",\"@id\":\"https:\\\/\\\/lasentinelle.dz\\\/#\\\/schema\\\/person\\\/d865044e22e70a75174ce8bcad3acfb3\"},\"headline\":\"Mondiaux-2021 de karat\u00e9 (\u00e9preuves par \u00e9quipes) : Elimination pr\u00e9coce des s\u00e9lections alg\u00e9riennes\",\"datePublished\":\"2021-11-20T23:01:00+00:00\",\"mainEntityOfPage\":{\"@id\":\"https:\\\/\\\/lasentinelle.dz\\\/index.php\\\/2021\\\/11\\\/21\\\/mondiaux-2021-de-karate-epreuves-par-equipes-elimination-precoce-des-selections-algeriennes\\\/\"},\"wordCount\":243,\"commentCount\":0,\"publisher\":{\"@id\":\"https:\\\/\\\/lasentinelle.dz\\\/#organization\"},\"image\":{\"@id\":\"https:\\\/\\\/lasentinelle.dz\\\/index.php\\\/2021\\\/11\\\/21\\\/mondiaux-2021-de-karate-epreuves-par-equipes-elimination-precoce-des-selections-algeriennes\\\/#primaryimage\"},\"thumbnailUrl\":\"https:\\\/\\\/lasentinelle.dz\\\/wp-content\\\/uploads\\\/2021\\\/11\\\/Karate.jpg\",\"articleSection\":[\"Sports\"],\"inLanguage\":\"fr-FR\",\"potentialAction\":[{\"@type\":\"CommentAction\",\"name\":\"Comment\",\"target\":[\"https:\\\/\\\/lasentinelle.dz\\\/index.php\\\/2021\\\/11\\\/21\\\/mondiaux-2021-de-karate-epreuves-par-equipes-elimination-precoce-des-selections-algeriennes\\\/#respond\"]}]},{\"@type\":\"WebPage\",\"@id\":\"https:\\\/\\\/lasentinelle.dz\\\/index.php\\\/2021\\\/11\\\/21\\\/mondiaux-2021-de-karate-epreuves-par-equipes-elimination-precoce-des-selections-algeriennes\\\/\",\"url\":\"https:\\\/\\\/lasentinelle.dz\\\/index.php\\\/2021\\\/11\\\/21\\\/mondiaux-2021-de-karate-epreuves-par-equipes-elimination-precoce-des-selections-algeriennes\\\/\",\"name\":\"Mondiaux-2021 de karat\u00e9 (\u00e9preuves par \u00e9quipes) : Elimination pr\u00e9coce des s\u00e9lections alg\u00e9riennes - La Sentinelle\",\"isPartOf\":{\"@id\":\"https:\\\/\\\/lasentinelle.dz\\\/#website\"},\"primaryImageOfPage\":{\"@id\":\"https:\\\/\\\/lasentinelle.dz\\\/index.php\\\/2021\\\/11\\\/21\\\/mondiaux-2021-de-karate-epreuves-par-equipes-elimination-precoce-des-selections-algeriennes\\\/#primaryimage\"},\"image\":{\"@id\":\"https:\\\/\\\/lasentinelle.dz\\\/index.php\\\/2021\\\/11\\\/21\\\/mondiaux-2021-de-karate-epreuves-par-equipes-elimination-precoce-des-selections-algeriennes\\\/#primaryimage\"},\"thumbnailUrl\":\"https:\\\/\\\/lasentinelle.dz\\\/wp-content\\\/uploads\\\/2021\\\/11\\\/Karate.jpg\",\"datePublished\":\"2021-11-20T23:01:00+00:00\",\"breadcrumb\":{\"@id\":\"https:\\\/\\\/lasentinelle.dz\\\/index.php\\\/2021\\\/11\\\/21\\\/mondiaux-2021-de-karate-epreuves-par-equipes-elimination-precoce-des-selections-algeriennes\\\/#breadcrumb\"},\"inLanguage\":\"fr-FR\",\"potentialAction\":[{\"@type\":\"ReadAction\",\"target\":[\"https:\\\/\\\/lasentinelle.dz\\\/index.php\\\/2021\\\/11\\\/21\\\/mondiaux-2021-de-karate-epreuves-par-equipes-elimination-precoce-des-selections-algeriennes\\\/\"]}]},{\"@type\":\"ImageObject\",\"inLanguage\":\"fr-FR\",\"@id\":\"https:\\\/\\\/lasentinelle.dz\\\/index.php\\\/2021\\\/11\\\/21\\\/mondiaux-2021-de-karate-epreuves-par-equipes-elimination-precoce-des-selections-algeriennes\\\/#primaryimage\",\"url\":\"https:\\\/\\\/lasentinelle.dz\\\/wp-content\\\/uploads\\\/2021\\\/11\\\/Karate.jpg\",\"contentUrl\":\"https:\\\/\\\/lasentinelle.dz\\\/wp-content\\\/uploads\\\/2021\\\/11\\\/Karate.jpg\",\"width\":2048,\"height\":1560},{\"@type\":\"BreadcrumbList\",\"@id\":\"https:\\\/\\\/lasentinelle.dz\\\/index.php\\\/2021\\\/11\\\/21\\\/mondiaux-2021-de-karate-epreuves-par-equipes-elimination-precoce-des-selections-algeriennes\\\/#breadcrumb\",\"itemListElement\":[{\"@type\":\"ListItem\",\"position\":1,\"name\":\"Accueil\",\"item\":\"https:\\\/\\\/lasentinelle.dz\\\/\"},{\"@type\":\"ListItem\",\"position\":2,\"name\":\"Mondiaux-2021 de karat\u00e9 (\u00e9preuves par \u00e9quipes) : Elimination pr\u00e9coce des s\u00e9lections alg\u00e9riennes\"}]},{\"@type\":\"WebSite\",\"@id\":\"https:\\\/\\\/lasentinelle.dz\\\/#website\",\"url\":\"https:\\\/\\\/lasentinelle.dz\\\/\",\"name\":\"La Sentinelle\",\"description\":\"Quotidien national d&#039;information\",\"publisher\":{\"@id\":\"https:\\\/\\\/lasentinelle.dz\\\/#organization\"},\"potentialAction\":[{\"@type\":\"SearchAction\",\"target\":{\"@type\":\"EntryPoint\",\"urlTemplate\":\"https:\\\/\\\/lasentinelle.dz\\\/?s={search_term_string}\"},\"query-input\":{\"@type\":\"PropertyValueSpecification\",\"valueRequired\":true,\"valueName\":\"search_term_string\"}}],\"inLanguage\":\"fr-FR\"},{\"@type\":\"Organization\",\"@id\":\"https:\\\/\\\/lasentinelle.dz\\\/#organization\",\"name\":\"Quotidien La Sentinelle\",\"url\":\"https:\\\/\\\/lasentinelle.dz\\\/\",\"logo\":{\"@type\":\"ImageObject\",\"inLanguage\":\"fr-FR\",\"@id\":\"https:\\\/\\\/lasentinelle.dz\\\/#\\\/schema\\\/logo\\\/image\\\/\",\"url\":\"https:\\\/\\\/lasentinelle.dz\\\/wp-content\\\/uploads\\\/2021\\\/09\\\/logo-sentinelleSLOGAN-1.png\",\"contentUrl\":\"https:\\\/\\\/lasentinelle.dz\\\/wp-content\\\/uploads\\\/2021\\\/09\\\/logo-sentinelleSLOGAN-1.png\",\"width\":615,\"height\":142,\"caption\":\"Quotidien La Sentinelle\"},\"image\":{\"@id\":\"https:\\\/\\\/lasentinelle.dz\\\/#\\\/schema\\\/logo\\\/image\\\/\"},\"sameAs\":[\"https:\\\/\\\/www.facebook.com\\\/La-Sentinelle-104059864394773\"]},{\"@type\":\"Person\",\"@id\":\"https:\\\/\\\/lasentinelle.dz\\\/#\\\/schema\\\/person\\\/d865044e22e70a75174ce8bcad3acfb3\",\"name\":\"La Sentinelle\",\"image\":{\"@type\":\"ImageObject\",\"inLanguage\":\"fr-FR\",\"@id\":\"https:\\\/\\\/secure.gravatar.com\\\/avatar\\\/57de8e5d4b15d43fb361a71fbb36338450fe67865b528a43dd10ef7c51a20392?s=96&d=mm&r=g\",\"url\":\"https:\\\/\\\/secure.gravatar.com\\\/avatar\\\/57de8e5d4b15d43fb361a71fbb36338450fe67865b528a43dd10ef7c51a20392?s=96&d=mm&r=g\",\"contentUrl\":\"https:\\\/\\\/secure.gravatar.com\\\/avatar\\\/57de8e5d4b15d43fb361a71fbb36338450fe67865b528a43dd10ef7c51a20392?s=96&d=mm&r=g\",\"caption\":\"La Sentinelle\"},\"sameAs\":[\"http:\\\/\\\/www.lasentinelle.dz\"],\"url\":\"https:\\\/\\\/lasentinelle.dz\\\/author\\\/redaction\\\/\"}]}<\/script>\n<!-- \/ Yoast SEO plugin. -->","yoast_head_json":{"title":"Mondiaux-2021 de karat\u00e9 (\u00e9preuves par \u00e9quipes) : Elimination pr\u00e9coce des s\u00e9lections alg\u00e9riennes - La Sentinelle","robots":{"index":"index","follow":"follow","max-snippet":"max-snippet:-1","max-image-preview":"max-image-preview:large","max-video-preview":"max-video-preview:-1"},"canonical":"https:\/\/lasentinelle.dz\/index.php\/2021\/11\/21\/mondiaux-2021-de-karate-epreuves-par-equipes-elimination-precoce-des-selections-algeriennes\/","og_locale":"fr_FR","og_type":"article","og_title":"Mondiaux-2021 de karat\u00e9 (\u00e9preuves par \u00e9quipes) : Elimination pr\u00e9coce des s\u00e9lections alg\u00e9riennes - La Sentinelle","og_description":"Les s\u00e9lections alg\u00e9riennes de karat\u00e9, kumit\u00e9 et kata, ont \u00e9t\u00e9 \u00e9limin\u00e9es d\u00e8s les premiers tours des \u00e9preuves par \u00e9quipes aux","og_url":"https:\/\/lasentinelle.dz\/index.php\/2021\/11\/21\/mondiaux-2021-de-karate-epreuves-par-equipes-elimination-precoce-des-selections-algeriennes\/","og_site_name":"La Sentinelle","article_publisher":"https:\/\/www.facebook.com\/La-Sentinelle-104059864394773","article_published_time":"2021-11-20T23:01:00+00:00","og_image":[{"width":2048,"height":1560,"url":"https:\/\/lasentinelle.dz\/wp-content\/uploads\/2021\/11\/Karate.jpg","type":"image\/jpeg"}],"author":"La Sentinelle","twitter_card":"summary_large_image","twitter_misc":{"\u00c9crit par":"La Sentinelle","Dur\u00e9e de lecture estim\u00e9e":"1 minute"},"schema":{"@context":"https:\/\/schema.org","@graph":[{"@type":"Article","@id":"https:\/\/lasentinelle.dz\/index.php\/2021\/11\/21\/mondiaux-2021-de-karate-epreuves-par-equipes-elimination-precoce-des-selections-algeriennes\/#article","isPartOf":{"@id":"https:\/\/lasentinelle.dz\/index.php\/2021\/11\/21\/mondiaux-2021-de-karate-epreuves-par-equipes-elimination-precoce-des-selections-algeriennes\/"},"author":{"name":"La Sentinelle","@id":"https:\/\/lasentinelle.dz\/#\/schema\/person\/d865044e22e70a75174ce8bcad3acfb3"},"headline":"Mondiaux-2021 de karat\u00e9 (\u00e9preuves par \u00e9quipes) : Elimination pr\u00e9coce des s\u00e9lections alg\u00e9riennes","datePublished":"2021-11-20T23:01:00+00:00","mainEntityOfPage":{"@id":"https:\/\/lasentinelle.dz\/index.php\/2021\/11\/21\/mondiaux-2021-de-karate-epreuves-par-equipes-elimination-precoce-des-selections-algeriennes\/"},"wordCount":243,"commentCount":0,"publisher":{"@id":"https:\/\/lasentinelle.dz\/#organization"},"image":{"@id":"https:\/\/lasentinelle.dz\/index.php\/2021\/11\/21\/mondiaux-2021-de-karate-epreuves-par-equipes-elimination-precoce-des-selections-algeriennes\/#primaryimage"},"thumbnailUrl":"https:\/\/lasentinelle.dz\/wp-content\/uploads\/2021\/11\/Karate.jpg","articleSection":["Sports"],"inLanguage":"fr-FR","potentialAction":[{"@type":"CommentAction","name":"Comment","target":["https:\/\/lasentinelle.dz\/index.php\/2021\/11\/21\/mondiaux-2021-de-karate-epreuves-par-equipes-elimination-precoce-des-selections-algeriennes\/#respond"]}]},{"@type":"WebPage","@id":"https:\/\/lasentinelle.dz\/index.php\/2021\/11\/21\/mondiaux-2021-de-karate-epreuves-par-equipes-elimination-precoce-des-selections-algeriennes\/","url":"https:\/\/lasentinelle.dz\/index.php\/2021\/11\/21\/mondiaux-2021-de-karate-epreuves-par-equipes-elimination-precoce-des-selections-algeriennes\/","name":"Mondiaux-2021 de karat\u00e9 (\u00e9preuves par \u00e9quipes) : Elimination pr\u00e9coce des s\u00e9lections alg\u00e9riennes - La Sentinelle","isPartOf":{"@id":"https:\/\/lasentinelle.dz\/#website"},"primaryImageOfPage":{"@id":"https:\/\/lasentinelle.dz\/index.php\/2021\/11\/21\/mondiaux-2021-de-karate-epreuves-par-equipes-elimination-precoce-des-selections-algeriennes\/#primaryimage"},"image":{"@id":"https:\/\/lasentinelle.dz\/index.php\/2021\/11\/21\/mondiaux-2021-de-karate-epreuves-par-equipes-elimination-precoce-des-selections-algeriennes\/#primaryimage"},"thumbnailUrl":"https:\/\/lasentinelle.dz\/wp-content\/uploads\/2021\/11\/Karate.jpg","datePublished":"2021-11-20T23:01:00+00:00","breadcrumb":{"@id":"https:\/\/lasentinelle.dz\/index.php\/2021\/11\/21\/mondiaux-2021-de-karate-epreuves-par-equipes-elimination-precoce-des-selections-algeriennes\/#breadcrumb"},"inLanguage":"fr-FR","potentialAction":[{"@type":"ReadAction","target":["https:\/\/lasentinelle.dz\/index.php\/2021\/11\/21\/mondiaux-2021-de-karate-epreuves-par-equipes-elimination-precoce-des-selections-algeriennes\/"]}]},{"@type":"ImageObject","inLanguage":"fr-FR","@id":"https:\/\/lasentinelle.dz\/index.php\/2021\/11\/21\/mondiaux-2021-de-karate-epreuves-par-equipes-elimination-precoce-des-selections-algeriennes\/#primaryimage","url":"https:\/\/lasentinelle.dz\/wp-content\/uploads\/2021\/11\/Karate.jpg","contentUrl":"https:\/\/lasentinelle.dz\/wp-content\/uploads\/2021\/11\/Karate.jpg","width":2048,"height":1560},{"@type":"BreadcrumbList","@id":"https:\/\/lasentinelle.dz\/index.php\/2021\/11\/21\/mondiaux-2021-de-karate-epreuves-par-equipes-elimination-precoce-des-selections-algeriennes\/#breadcrumb","itemListElement":[{"@type":"ListItem","position":1,"name":"Accueil","item":"https:\/\/lasentinelle.dz\/"},{"@type":"ListItem","position":2,"name":"Mondiaux-2021 de karat\u00e9 (\u00e9preuves par \u00e9quipes) : Elimination pr\u00e9coce des s\u00e9lections alg\u00e9riennes"}]},{"@type":"WebSite","@id":"https:\/\/lasentinelle.dz\/#website","url":"https:\/\/lasentinelle.dz\/","name":"La Sentinelle","description":"Quotidien national d&#039;information","publisher":{"@id":"https:\/\/lasentinelle.dz\/#organization"},"potentialAction":[{"@type":"SearchAction","target":{"@type":"EntryPoint","urlTemplate":"https:\/\/lasentinelle.dz\/?s={search_term_string}"},"query-input":{"@type":"PropertyValueSpecification","valueRequired":true,"valueName":"search_term_string"}}],"inLanguage":"fr-FR"},{"@type":"Organization","@id":"https:\/\/lasentinelle.dz\/#organization","name":"Quotidien La Sentinelle","url":"https:\/\/lasentinelle.dz\/","logo":{"@type":"ImageObject","inLanguage":"fr-FR","@id":"https:\/\/lasentinelle.dz\/#\/schema\/logo\/image\/","url":"https:\/\/lasentinelle.dz\/wp-content\/uploads\/2021\/09\/logo-sentinelleSLOGAN-1.png","contentUrl":"https:\/\/lasentinelle.dz\/wp-content\/uploads\/2021\/09\/logo-sentinelleSLOGAN-1.png","width":615,"height":142,"caption":"Quotidien La Sentinelle"},"image":{"@id":"https:\/\/lasentinelle.dz\/#\/schema\/logo\/image\/"},"sameAs":["https:\/\/www.facebook.com\/La-Sentinelle-104059864394773"]},{"@type":"Person","@id":"https:\/\/lasentinelle.dz\/#\/schema\/person\/d865044e22e70a75174ce8bcad3acfb3","name":"La Sentinelle","image":{"@type":"ImageObject","inLanguage":"fr-FR","@id":"https:\/\/secure.gravatar.com\/avatar\/57de8e5d4b15d43fb361a71fbb36338450fe67865b528a43dd10ef7c51a20392?s=96&d=mm&r=g","url":"https:\/\/secure.gravatar.com\/avatar\/57de8e5d4b15d43fb361a71fbb36338450fe67865b528a43dd10ef7c51a20392?s=96&d=mm&r=g","contentUrl":"https:\/\/secure.gravatar.com\/avatar\/57de8e5d4b15d43fb361a71fbb36338450fe67865b528a43dd10ef7c51a20392?s=96&d=mm&r=g","caption":"La Sentinelle"},"sameAs":["http:\/\/www.lasentinelle.dz"],"url":"https:\/\/lasentinelle.dz\/author\/redaction\/"}]}},"_links":{"self":[{"href":"https:\/\/lasentinelle.dz\/index.php\/wp-json\/wp\/v2\/posts\/13668","targetHints":{"allow":["GET"]}}],"collection":[{"href":"https:\/\/lasentinelle.dz\/index.php\/wp-json\/wp\/v2\/posts"}],"about":[{"href":"https:\/\/lasentinelle.dz\/index.php\/wp-json\/wp\/v2\/types\/post"}],"author":[{"embeddable":true,"href":"https:\/\/lasentinelle.dz\/index.php\/wp-json\/wp\/v2\/users\/3"}],"replies":[{"embeddable":true,"href":"https:\/\/lasentinelle.dz\/index.php\/wp-json\/wp\/v2\/comments?post=13668"}],"version-history":[{"count":1,"href":"https:\/\/lasentinelle.dz\/index.php\/wp-json\/wp\/v2\/posts\/13668\/revisions"}],"predecessor-version":[{"id":13683,"href":"https:\/\/lasentinelle.dz\/index.php\/wp-json\/wp\/v2\/posts\/13668\/revisions\/13683"}],"wp:featuredmedia":[{"embeddable":true,"href":"https:\/\/lasentinelle.dz\/index.php\/wp-json\/wp\/v2\/media\/13682"}],"wp:attachment":[{"href":"https:\/\/lasentinelle.dz\/index.php\/wp-json\/wp\/v2\/media?parent=13668"}],"wp:term":[{"taxonomy":"category","embeddable":true,"href":"https:\/\/lasentinelle.dz\/index.php\/wp-json\/wp\/v2\/categories?post=13668"},{"taxonomy":"post_tag","embeddable":true,"href":"https:\/\/lasentinelle.dz\/index.php\/wp-json\/wp\/v2\/tags?post=13668"}],"curies":[{"name":"wp","href":"https:\/\/api.w.org\/{rel}","templated":true}]}}