{"id":13750,"date":"2021-11-21T00:05:00","date_gmt":"2021-11-20T23:05:00","guid":{"rendered":"https:\/\/lasentinelle.dz\/?p=13750"},"modified":"2021-11-20T19:55:22","modified_gmt":"2021-11-20T18:55:22","slug":"guerres-de-quatrieme-generation-lalgerie-affute-ses-armes","status":"publish","type":"post","link":"https:\/\/lasentinelle.dz\/index.php\/2021\/11\/21\/guerres-de-quatrieme-generation-lalgerie-affute-ses-armes\/","title":{"rendered":"Guerres de quatri\u00e8me g\u00e9n\u00e9ration : L\u2019Alg\u00e9rie aff\u00fbte ses armes"},"content":{"rendered":"\n<p>Le gouvernement vient de renforcer l\u2019arsenal juridique destin\u00e9 \u00e0 faire aux nouveaux d\u00e9fis impos\u00e9s par la propagation de la cybercriminalit\u00e9 et les guerres de quatri\u00e8me g\u00e9n\u00e9ration.<\/p>\n\n\n\n<p>Ainsi et apr\u00e8s avoir institu\u00e9 un p\u00f4le judiciaire sp\u00e9cialis\u00e9 dans la lutte contre la cybercriminalit\u00e9 sous toutes ses formes et mis en place un cadre juridique sp\u00e9cifique destin\u00e9 \u00e0 prot\u00e9ger les donn\u00e9es et documents classifi\u00e9s de l\u2019\u00c9tat, voil\u00e0 qu\u2019il compl\u00e8te le dispositif en r\u00e9organisant les missions et modes de fonctionnement de l\u2019organe national de pr\u00e9vention et de lutte contre les infractions li\u00e9es aux technologies de l\u2019information et de la communication. En effet, le d\u00e9cret pr\u00e9sidentiel n\u00b0 21-439 du 2 Rabie Ethani 1443 correspondant au 7 novembre 2021 portant r\u00e9organisation de l\u2019organe national de pr\u00e9vention et de lutte contre les infractions li\u00e9es aux technologies de l\u2019information et de la communication apporte des instruments juridiques suppl\u00e9mentaires visant \u00e0 plus d&rsquo;efficacit\u00e9 et d&rsquo;efficience de cet organe et l\u2019adapter aux d\u00e9fis de l\u2019heure. Cet organe, plac\u00e9 sous l\u2019autorit\u00e9 du pr\u00e9sident de la R\u00e9publique, devient ainsi un dispositif central dans les strat\u00e9gies de d\u00e9fense contre la subversion, la pr\u00e9vention aux actes terroristes, les cyberattaques et les guerres de quatri\u00e8me g\u00e9n\u00e9ration, est ainsi charg\u00e9 de d\u00e9finir la strat\u00e9gie nationale de pr\u00e9vention et de lutte contre les infractions li\u00e9es aux technologies de l\u2019information et de la communication et sa mise en application,d\u2019animer. Il a surtout pour mission de \u00ab&nbsp;coordonner les op\u00e9rations de pr\u00e9vention et de lutte contre les infractions li\u00e9es aux technologies de l\u2019information et de la communication, d\u2019assurer la surveillance pr\u00e9ventive des communications \u00e9lectroniques, sous l\u2019autorit\u00e9 du magistrat comp\u00e9tent, en vue de d\u00e9tecter les infractions li\u00e9es aux actes terroristes, subversifs ou d\u2019atteinte \u00e0 la s\u00fbret\u00e9 de l\u2019Etat&nbsp;\u00bb.<\/p>\n\n\n\n<p>L\u2019organe assure, en coordination avec les services comp\u00e9tents du minist\u00e8re de la D\u00e9fense nationale, \u00ab&nbsp;la surveillance \u00e9lectronique quand il s\u2019agit de la s\u00e9curit\u00e9 de l\u2019arm\u00e9e, dans les m\u00eames conditions pr\u00e9vues par la l\u00e9gislation en vigueur,de collecter, d\u2019enregistrer et de sauvegarder les donn\u00e9es num\u00e9riques des syst\u00e8mes informatiques et d\u2019en d\u00e9terminer la source et la tra\u00e7abilit\u00e9 en vue de leur utilisation dans les proc\u00e9dures judiciaires,de contribuer \u00e0 la formation d\u2019enqu\u00eateurs sp\u00e9cialis\u00e9s en mati\u00e8re d\u2019investigations techniques li\u00e9es aux technologies de l\u2019information et de la communicationet enfin de contribuer \u00e0 l\u2019actualisation des normes juridiques dans son domaine de comp\u00e9tence&nbsp;\u00bb. Des missions qui sont \u00e0 la hauteur des objectifs qu\u2019il se doit de concr\u00e9tiser. D\u2019ailleurs cet organe compte en son sein les repr\u00e9sentant des institutions souveraines. Outre le repr\u00e9sentant de la pr\u00e9sidence de la R\u00e9publique, l\u2019instance compte les secr\u00e9taires g\u00e9n\u00e9raux du minist\u00e8re des Affaires \u00e9trang\u00e8re, du d\u00e9partement de l\u2019Int\u00e9rieur et des Collectivit\u00e9s locales et de l\u2019am\u00e9nagement du territoire ; du minist\u00e8re de la Justice et du minist\u00e8re de la poste et dest\u00e9l\u00e9communications. Elle compte \u00e9galement le Directeur g\u00e9n\u00e9ral de la s\u00fbret\u00e9 nationale,le Commandant de la Gendarmerie nationale, le Directeur g\u00e9n\u00e9ral de la S\u00e9curit\u00e9 int\u00e9rieure ;le Directeur central de la S\u00e9curit\u00e9 de l\u2019Arm\u00e9e del\u2019Etat-major de l\u2019Arm\u00e9e Nationale Populaire &nbsp;etle chef de service cyber-d\u00e9fense et contr\u00f4le de la s\u00e9curit\u00e9des syst\u00e8mes de l\u2019Etat-major de l\u2019ANP. Cet organe comptera pour son fonctionnement sur la contribution de magistrats, d\u2019officiers de police judiciaire et de personnels de soutien technique et administratif desservices militaires de s\u00e9curit\u00e9 comp\u00e9tents, de la gendarmerienationale et de la s\u00fbret\u00e9 nationale. Il comptera \u00e9galement une direction de la surveillance pr\u00e9ventiveet de la veille \u00e9lectronique, qui aura pour mission, entre autres d\u2019ex\u00e9cuter les op\u00e9rations de surveillance pr\u00e9ventive descommunications \u00e9lectroniques en vue de relever lesinfractions li\u00e9es aux technologies de l\u2019information et de lacommunication, sur autorisation \u00e9crite de l\u2019autorit\u00e9 judiciaireet sous son contr\u00f4le, d\u2019ex\u00e9cuter les demandes d\u2019entraide judiciaire\u00e9trang\u00e8res dans le domaine d\u2019intervention de l\u2019organe et decollecter les donn\u00e9es utiles \u00e0 la localisation et \u00e0l\u2019identification des auteurs des infractions li\u00e9es auxtechnologies de l\u2019information et de la communication &nbsp;et de collecter, de centraliser, d\u2019exploiter et de conservertoute information permettant de d\u00e9tecter et de lutter contreles infractions li\u00e9es aux technologies de l\u2019information et dela communication. L\u2019organe disposera \u00e9galement d\u2019antennes r\u00e9gionales pour la surveillance pr\u00e9ventive.<\/p>\n\n\n\n<p>Il faut dire que la r\u00e9organisation de cet organe intervient pour r\u00e9pondre aux d\u00e9fis de l\u2019heure. Des d\u00e9fis impos\u00e9s par les nouvelles guerres assises sur les guerres psychologiques, la d\u00e9stabilisation la subversion et la manipulation des populations par le biais des m\u00e9dias, et notamment les r\u00e9seaux sociaux, ainsi que l\u2019alimentation des r\u00e9seaux terroristes et des groupes visant la souverainet\u00e9, l\u2019unit\u00e9 et l\u2019int\u00e9grit\u00e9 territoriale des pays. Des \u00e9l\u00e9ments qui sont le socle des guerres de quatri\u00e8me g\u00e9n\u00e9ration et la nouvelle forme de n\u00e9ocolonialisme qui ont remplac\u00e9 les confrontations directes lesquelles avaient cours par le pass\u00e9.<\/p>\n\n\n\n<p><strong>Akli Amor<\/strong><\/p>\n","protected":false},"excerpt":{"rendered":"<p>Le gouvernement vient de renforcer l\u2019arsenal juridique destin\u00e9 \u00e0 faire aux nouveaux d\u00e9fis impos\u00e9s par la propagation de la cybercriminalit\u00e9<\/p>\n","protected":false},"author":3,"featured_media":13762,"comment_status":"open","ping_status":"closed","sticky":false,"template":"","format":"standard","meta":{"colormag_page_container_layout":"default_layout","colormag_page_sidebar_layout":"default_layout","om_disable_all_campaigns":false,"_monsterinsights_skip_tracking":false,"_monsterinsights_sitenote_active":false,"_monsterinsights_sitenote_note":"","_monsterinsights_sitenote_category":0,"footnotes":"","_wpscppro_dont_share_socialmedia":false,"_wpscppro_custom_social_share_image":0,"_facebook_share_type":"","_twitter_share_type":"","_linkedin_share_type":"","_pinterest_share_type":"","_linkedin_share_type_page":"","_instagram_share_type":"","_medium_share_type":"","_threads_share_type":"","_google_business_share_type":"","_selected_social_profile":[],"_wpsp_enable_custom_social_template":false,"_wpsp_social_scheduling":{"enabled":false,"datetime":null,"platforms":[],"status":"template_only","dateOption":"today","timeOption":"now","customDays":"","customHours":"","customDate":"","customTime":"","schedulingType":"absolute"},"_wpsp_active_default_template":true},"categories":[52,27],"tags":[],"class_list":["post-13750","post","type-post","status-publish","format-standard","has-post-thumbnail","hentry","category-a-la-une","category-actualite"],"aioseo_notices":[],"yoast_head":"<!-- This site is optimized with the Yoast SEO plugin v27.5 - https:\/\/yoast.com\/product\/yoast-seo-wordpress\/ -->\n<title>Guerres de quatri\u00e8me g\u00e9n\u00e9ration : L\u2019Alg\u00e9rie aff\u00fbte ses armes - La Sentinelle<\/title>\n<meta name=\"robots\" content=\"index, follow, max-snippet:-1, max-image-preview:large, max-video-preview:-1\" \/>\n<link rel=\"canonical\" href=\"https:\/\/lasentinelle.dz\/index.php\/2021\/11\/21\/guerres-de-quatrieme-generation-lalgerie-affute-ses-armes\/\" \/>\n<meta property=\"og:locale\" content=\"fr_FR\" \/>\n<meta property=\"og:type\" content=\"article\" \/>\n<meta property=\"og:title\" content=\"Guerres de quatri\u00e8me g\u00e9n\u00e9ration : L\u2019Alg\u00e9rie aff\u00fbte ses armes - La Sentinelle\" \/>\n<meta property=\"og:description\" content=\"Le gouvernement vient de renforcer l\u2019arsenal juridique destin\u00e9 \u00e0 faire aux nouveaux d\u00e9fis impos\u00e9s par la propagation de la cybercriminalit\u00e9\" \/>\n<meta property=\"og:url\" content=\"https:\/\/lasentinelle.dz\/index.php\/2021\/11\/21\/guerres-de-quatrieme-generation-lalgerie-affute-ses-armes\/\" \/>\n<meta property=\"og:site_name\" content=\"La Sentinelle\" \/>\n<meta property=\"article:publisher\" content=\"https:\/\/www.facebook.com\/La-Sentinelle-104059864394773\" \/>\n<meta property=\"article:published_time\" content=\"2021-11-20T23:05:00+00:00\" \/>\n<meta property=\"og:image\" content=\"https:\/\/lasentinelle.dz\/wp-content\/uploads\/2021\/11\/Cyberguerre.png\" \/>\n\t<meta property=\"og:image:width\" content=\"1350\" \/>\n\t<meta property=\"og:image:height\" content=\"900\" \/>\n\t<meta property=\"og:image:type\" content=\"image\/png\" \/>\n<meta name=\"author\" content=\"La Sentinelle\" \/>\n<meta name=\"twitter:card\" content=\"summary_large_image\" \/>\n<meta name=\"twitter:label1\" content=\"\u00c9crit par\" \/>\n\t<meta name=\"twitter:data1\" content=\"La Sentinelle\" \/>\n\t<meta name=\"twitter:label2\" content=\"Dur\u00e9e de lecture estim\u00e9e\" \/>\n\t<meta name=\"twitter:data2\" content=\"4 minutes\" \/>\n<script type=\"application\/ld+json\" class=\"yoast-schema-graph\">{\"@context\":\"https:\\\/\\\/schema.org\",\"@graph\":[{\"@type\":\"Article\",\"@id\":\"https:\\\/\\\/lasentinelle.dz\\\/index.php\\\/2021\\\/11\\\/21\\\/guerres-de-quatrieme-generation-lalgerie-affute-ses-armes\\\/#article\",\"isPartOf\":{\"@id\":\"https:\\\/\\\/lasentinelle.dz\\\/index.php\\\/2021\\\/11\\\/21\\\/guerres-de-quatrieme-generation-lalgerie-affute-ses-armes\\\/\"},\"author\":{\"name\":\"La Sentinelle\",\"@id\":\"https:\\\/\\\/lasentinelle.dz\\\/#\\\/schema\\\/person\\\/d865044e22e70a75174ce8bcad3acfb3\"},\"headline\":\"Guerres de quatri\u00e8me g\u00e9n\u00e9ration : L\u2019Alg\u00e9rie aff\u00fbte ses armes\",\"datePublished\":\"2021-11-20T23:05:00+00:00\",\"mainEntityOfPage\":{\"@id\":\"https:\\\/\\\/lasentinelle.dz\\\/index.php\\\/2021\\\/11\\\/21\\\/guerres-de-quatrieme-generation-lalgerie-affute-ses-armes\\\/\"},\"wordCount\":939,\"commentCount\":0,\"publisher\":{\"@id\":\"https:\\\/\\\/lasentinelle.dz\\\/#organization\"},\"image\":{\"@id\":\"https:\\\/\\\/lasentinelle.dz\\\/index.php\\\/2021\\\/11\\\/21\\\/guerres-de-quatrieme-generation-lalgerie-affute-ses-armes\\\/#primaryimage\"},\"thumbnailUrl\":\"https:\\\/\\\/lasentinelle.dz\\\/wp-content\\\/uploads\\\/2021\\\/11\\\/Cyberguerre.png\",\"articleSection\":[\"\u00c0 la Une\",\"Actualit\u00e9\"],\"inLanguage\":\"fr-FR\",\"potentialAction\":[{\"@type\":\"CommentAction\",\"name\":\"Comment\",\"target\":[\"https:\\\/\\\/lasentinelle.dz\\\/index.php\\\/2021\\\/11\\\/21\\\/guerres-de-quatrieme-generation-lalgerie-affute-ses-armes\\\/#respond\"]}]},{\"@type\":\"WebPage\",\"@id\":\"https:\\\/\\\/lasentinelle.dz\\\/index.php\\\/2021\\\/11\\\/21\\\/guerres-de-quatrieme-generation-lalgerie-affute-ses-armes\\\/\",\"url\":\"https:\\\/\\\/lasentinelle.dz\\\/index.php\\\/2021\\\/11\\\/21\\\/guerres-de-quatrieme-generation-lalgerie-affute-ses-armes\\\/\",\"name\":\"Guerres de quatri\u00e8me g\u00e9n\u00e9ration : L\u2019Alg\u00e9rie aff\u00fbte ses armes - La Sentinelle\",\"isPartOf\":{\"@id\":\"https:\\\/\\\/lasentinelle.dz\\\/#website\"},\"primaryImageOfPage\":{\"@id\":\"https:\\\/\\\/lasentinelle.dz\\\/index.php\\\/2021\\\/11\\\/21\\\/guerres-de-quatrieme-generation-lalgerie-affute-ses-armes\\\/#primaryimage\"},\"image\":{\"@id\":\"https:\\\/\\\/lasentinelle.dz\\\/index.php\\\/2021\\\/11\\\/21\\\/guerres-de-quatrieme-generation-lalgerie-affute-ses-armes\\\/#primaryimage\"},\"thumbnailUrl\":\"https:\\\/\\\/lasentinelle.dz\\\/wp-content\\\/uploads\\\/2021\\\/11\\\/Cyberguerre.png\",\"datePublished\":\"2021-11-20T23:05:00+00:00\",\"breadcrumb\":{\"@id\":\"https:\\\/\\\/lasentinelle.dz\\\/index.php\\\/2021\\\/11\\\/21\\\/guerres-de-quatrieme-generation-lalgerie-affute-ses-armes\\\/#breadcrumb\"},\"inLanguage\":\"fr-FR\",\"potentialAction\":[{\"@type\":\"ReadAction\",\"target\":[\"https:\\\/\\\/lasentinelle.dz\\\/index.php\\\/2021\\\/11\\\/21\\\/guerres-de-quatrieme-generation-lalgerie-affute-ses-armes\\\/\"]}]},{\"@type\":\"ImageObject\",\"inLanguage\":\"fr-FR\",\"@id\":\"https:\\\/\\\/lasentinelle.dz\\\/index.php\\\/2021\\\/11\\\/21\\\/guerres-de-quatrieme-generation-lalgerie-affute-ses-armes\\\/#primaryimage\",\"url\":\"https:\\\/\\\/lasentinelle.dz\\\/wp-content\\\/uploads\\\/2021\\\/11\\\/Cyberguerre.png\",\"contentUrl\":\"https:\\\/\\\/lasentinelle.dz\\\/wp-content\\\/uploads\\\/2021\\\/11\\\/Cyberguerre.png\",\"width\":1350,\"height\":900},{\"@type\":\"BreadcrumbList\",\"@id\":\"https:\\\/\\\/lasentinelle.dz\\\/index.php\\\/2021\\\/11\\\/21\\\/guerres-de-quatrieme-generation-lalgerie-affute-ses-armes\\\/#breadcrumb\",\"itemListElement\":[{\"@type\":\"ListItem\",\"position\":1,\"name\":\"Accueil\",\"item\":\"https:\\\/\\\/lasentinelle.dz\\\/\"},{\"@type\":\"ListItem\",\"position\":2,\"name\":\"Guerres de quatri\u00e8me g\u00e9n\u00e9ration : L\u2019Alg\u00e9rie aff\u00fbte ses armes\"}]},{\"@type\":\"WebSite\",\"@id\":\"https:\\\/\\\/lasentinelle.dz\\\/#website\",\"url\":\"https:\\\/\\\/lasentinelle.dz\\\/\",\"name\":\"La Sentinelle\",\"description\":\"Quotidien national d&#039;information\",\"publisher\":{\"@id\":\"https:\\\/\\\/lasentinelle.dz\\\/#organization\"},\"potentialAction\":[{\"@type\":\"SearchAction\",\"target\":{\"@type\":\"EntryPoint\",\"urlTemplate\":\"https:\\\/\\\/lasentinelle.dz\\\/?s={search_term_string}\"},\"query-input\":{\"@type\":\"PropertyValueSpecification\",\"valueRequired\":true,\"valueName\":\"search_term_string\"}}],\"inLanguage\":\"fr-FR\"},{\"@type\":\"Organization\",\"@id\":\"https:\\\/\\\/lasentinelle.dz\\\/#organization\",\"name\":\"Quotidien La Sentinelle\",\"url\":\"https:\\\/\\\/lasentinelle.dz\\\/\",\"logo\":{\"@type\":\"ImageObject\",\"inLanguage\":\"fr-FR\",\"@id\":\"https:\\\/\\\/lasentinelle.dz\\\/#\\\/schema\\\/logo\\\/image\\\/\",\"url\":\"https:\\\/\\\/lasentinelle.dz\\\/wp-content\\\/uploads\\\/2021\\\/09\\\/logo-sentinelleSLOGAN-1.png\",\"contentUrl\":\"https:\\\/\\\/lasentinelle.dz\\\/wp-content\\\/uploads\\\/2021\\\/09\\\/logo-sentinelleSLOGAN-1.png\",\"width\":615,\"height\":142,\"caption\":\"Quotidien La Sentinelle\"},\"image\":{\"@id\":\"https:\\\/\\\/lasentinelle.dz\\\/#\\\/schema\\\/logo\\\/image\\\/\"},\"sameAs\":[\"https:\\\/\\\/www.facebook.com\\\/La-Sentinelle-104059864394773\"]},{\"@type\":\"Person\",\"@id\":\"https:\\\/\\\/lasentinelle.dz\\\/#\\\/schema\\\/person\\\/d865044e22e70a75174ce8bcad3acfb3\",\"name\":\"La Sentinelle\",\"image\":{\"@type\":\"ImageObject\",\"inLanguage\":\"fr-FR\",\"@id\":\"https:\\\/\\\/secure.gravatar.com\\\/avatar\\\/57de8e5d4b15d43fb361a71fbb36338450fe67865b528a43dd10ef7c51a20392?s=96&d=mm&r=g\",\"url\":\"https:\\\/\\\/secure.gravatar.com\\\/avatar\\\/57de8e5d4b15d43fb361a71fbb36338450fe67865b528a43dd10ef7c51a20392?s=96&d=mm&r=g\",\"contentUrl\":\"https:\\\/\\\/secure.gravatar.com\\\/avatar\\\/57de8e5d4b15d43fb361a71fbb36338450fe67865b528a43dd10ef7c51a20392?s=96&d=mm&r=g\",\"caption\":\"La Sentinelle\"},\"sameAs\":[\"http:\\\/\\\/www.lasentinelle.dz\"],\"url\":\"https:\\\/\\\/lasentinelle.dz\\\/author\\\/redaction\\\/\"}]}<\/script>\n<!-- \/ Yoast SEO plugin. -->","yoast_head_json":{"title":"Guerres de quatri\u00e8me g\u00e9n\u00e9ration : L\u2019Alg\u00e9rie aff\u00fbte ses armes - La Sentinelle","robots":{"index":"index","follow":"follow","max-snippet":"max-snippet:-1","max-image-preview":"max-image-preview:large","max-video-preview":"max-video-preview:-1"},"canonical":"https:\/\/lasentinelle.dz\/index.php\/2021\/11\/21\/guerres-de-quatrieme-generation-lalgerie-affute-ses-armes\/","og_locale":"fr_FR","og_type":"article","og_title":"Guerres de quatri\u00e8me g\u00e9n\u00e9ration : L\u2019Alg\u00e9rie aff\u00fbte ses armes - La Sentinelle","og_description":"Le gouvernement vient de renforcer l\u2019arsenal juridique destin\u00e9 \u00e0 faire aux nouveaux d\u00e9fis impos\u00e9s par la propagation de la cybercriminalit\u00e9","og_url":"https:\/\/lasentinelle.dz\/index.php\/2021\/11\/21\/guerres-de-quatrieme-generation-lalgerie-affute-ses-armes\/","og_site_name":"La Sentinelle","article_publisher":"https:\/\/www.facebook.com\/La-Sentinelle-104059864394773","article_published_time":"2021-11-20T23:05:00+00:00","og_image":[{"width":1350,"height":900,"url":"https:\/\/lasentinelle.dz\/wp-content\/uploads\/2021\/11\/Cyberguerre.png","type":"image\/png"}],"author":"La Sentinelle","twitter_card":"summary_large_image","twitter_misc":{"\u00c9crit par":"La Sentinelle","Dur\u00e9e de lecture estim\u00e9e":"4 minutes"},"schema":{"@context":"https:\/\/schema.org","@graph":[{"@type":"Article","@id":"https:\/\/lasentinelle.dz\/index.php\/2021\/11\/21\/guerres-de-quatrieme-generation-lalgerie-affute-ses-armes\/#article","isPartOf":{"@id":"https:\/\/lasentinelle.dz\/index.php\/2021\/11\/21\/guerres-de-quatrieme-generation-lalgerie-affute-ses-armes\/"},"author":{"name":"La Sentinelle","@id":"https:\/\/lasentinelle.dz\/#\/schema\/person\/d865044e22e70a75174ce8bcad3acfb3"},"headline":"Guerres de quatri\u00e8me g\u00e9n\u00e9ration : L\u2019Alg\u00e9rie aff\u00fbte ses armes","datePublished":"2021-11-20T23:05:00+00:00","mainEntityOfPage":{"@id":"https:\/\/lasentinelle.dz\/index.php\/2021\/11\/21\/guerres-de-quatrieme-generation-lalgerie-affute-ses-armes\/"},"wordCount":939,"commentCount":0,"publisher":{"@id":"https:\/\/lasentinelle.dz\/#organization"},"image":{"@id":"https:\/\/lasentinelle.dz\/index.php\/2021\/11\/21\/guerres-de-quatrieme-generation-lalgerie-affute-ses-armes\/#primaryimage"},"thumbnailUrl":"https:\/\/lasentinelle.dz\/wp-content\/uploads\/2021\/11\/Cyberguerre.png","articleSection":["\u00c0 la Une","Actualit\u00e9"],"inLanguage":"fr-FR","potentialAction":[{"@type":"CommentAction","name":"Comment","target":["https:\/\/lasentinelle.dz\/index.php\/2021\/11\/21\/guerres-de-quatrieme-generation-lalgerie-affute-ses-armes\/#respond"]}]},{"@type":"WebPage","@id":"https:\/\/lasentinelle.dz\/index.php\/2021\/11\/21\/guerres-de-quatrieme-generation-lalgerie-affute-ses-armes\/","url":"https:\/\/lasentinelle.dz\/index.php\/2021\/11\/21\/guerres-de-quatrieme-generation-lalgerie-affute-ses-armes\/","name":"Guerres de quatri\u00e8me g\u00e9n\u00e9ration : L\u2019Alg\u00e9rie aff\u00fbte ses armes - La Sentinelle","isPartOf":{"@id":"https:\/\/lasentinelle.dz\/#website"},"primaryImageOfPage":{"@id":"https:\/\/lasentinelle.dz\/index.php\/2021\/11\/21\/guerres-de-quatrieme-generation-lalgerie-affute-ses-armes\/#primaryimage"},"image":{"@id":"https:\/\/lasentinelle.dz\/index.php\/2021\/11\/21\/guerres-de-quatrieme-generation-lalgerie-affute-ses-armes\/#primaryimage"},"thumbnailUrl":"https:\/\/lasentinelle.dz\/wp-content\/uploads\/2021\/11\/Cyberguerre.png","datePublished":"2021-11-20T23:05:00+00:00","breadcrumb":{"@id":"https:\/\/lasentinelle.dz\/index.php\/2021\/11\/21\/guerres-de-quatrieme-generation-lalgerie-affute-ses-armes\/#breadcrumb"},"inLanguage":"fr-FR","potentialAction":[{"@type":"ReadAction","target":["https:\/\/lasentinelle.dz\/index.php\/2021\/11\/21\/guerres-de-quatrieme-generation-lalgerie-affute-ses-armes\/"]}]},{"@type":"ImageObject","inLanguage":"fr-FR","@id":"https:\/\/lasentinelle.dz\/index.php\/2021\/11\/21\/guerres-de-quatrieme-generation-lalgerie-affute-ses-armes\/#primaryimage","url":"https:\/\/lasentinelle.dz\/wp-content\/uploads\/2021\/11\/Cyberguerre.png","contentUrl":"https:\/\/lasentinelle.dz\/wp-content\/uploads\/2021\/11\/Cyberguerre.png","width":1350,"height":900},{"@type":"BreadcrumbList","@id":"https:\/\/lasentinelle.dz\/index.php\/2021\/11\/21\/guerres-de-quatrieme-generation-lalgerie-affute-ses-armes\/#breadcrumb","itemListElement":[{"@type":"ListItem","position":1,"name":"Accueil","item":"https:\/\/lasentinelle.dz\/"},{"@type":"ListItem","position":2,"name":"Guerres de quatri\u00e8me g\u00e9n\u00e9ration : L\u2019Alg\u00e9rie aff\u00fbte ses armes"}]},{"@type":"WebSite","@id":"https:\/\/lasentinelle.dz\/#website","url":"https:\/\/lasentinelle.dz\/","name":"La Sentinelle","description":"Quotidien national d&#039;information","publisher":{"@id":"https:\/\/lasentinelle.dz\/#organization"},"potentialAction":[{"@type":"SearchAction","target":{"@type":"EntryPoint","urlTemplate":"https:\/\/lasentinelle.dz\/?s={search_term_string}"},"query-input":{"@type":"PropertyValueSpecification","valueRequired":true,"valueName":"search_term_string"}}],"inLanguage":"fr-FR"},{"@type":"Organization","@id":"https:\/\/lasentinelle.dz\/#organization","name":"Quotidien La Sentinelle","url":"https:\/\/lasentinelle.dz\/","logo":{"@type":"ImageObject","inLanguage":"fr-FR","@id":"https:\/\/lasentinelle.dz\/#\/schema\/logo\/image\/","url":"https:\/\/lasentinelle.dz\/wp-content\/uploads\/2021\/09\/logo-sentinelleSLOGAN-1.png","contentUrl":"https:\/\/lasentinelle.dz\/wp-content\/uploads\/2021\/09\/logo-sentinelleSLOGAN-1.png","width":615,"height":142,"caption":"Quotidien La Sentinelle"},"image":{"@id":"https:\/\/lasentinelle.dz\/#\/schema\/logo\/image\/"},"sameAs":["https:\/\/www.facebook.com\/La-Sentinelle-104059864394773"]},{"@type":"Person","@id":"https:\/\/lasentinelle.dz\/#\/schema\/person\/d865044e22e70a75174ce8bcad3acfb3","name":"La Sentinelle","image":{"@type":"ImageObject","inLanguage":"fr-FR","@id":"https:\/\/secure.gravatar.com\/avatar\/57de8e5d4b15d43fb361a71fbb36338450fe67865b528a43dd10ef7c51a20392?s=96&d=mm&r=g","url":"https:\/\/secure.gravatar.com\/avatar\/57de8e5d4b15d43fb361a71fbb36338450fe67865b528a43dd10ef7c51a20392?s=96&d=mm&r=g","contentUrl":"https:\/\/secure.gravatar.com\/avatar\/57de8e5d4b15d43fb361a71fbb36338450fe67865b528a43dd10ef7c51a20392?s=96&d=mm&r=g","caption":"La Sentinelle"},"sameAs":["http:\/\/www.lasentinelle.dz"],"url":"https:\/\/lasentinelle.dz\/author\/redaction\/"}]}},"_links":{"self":[{"href":"https:\/\/lasentinelle.dz\/index.php\/wp-json\/wp\/v2\/posts\/13750","targetHints":{"allow":["GET"]}}],"collection":[{"href":"https:\/\/lasentinelle.dz\/index.php\/wp-json\/wp\/v2\/posts"}],"about":[{"href":"https:\/\/lasentinelle.dz\/index.php\/wp-json\/wp\/v2\/types\/post"}],"author":[{"embeddable":true,"href":"https:\/\/lasentinelle.dz\/index.php\/wp-json\/wp\/v2\/users\/3"}],"replies":[{"embeddable":true,"href":"https:\/\/lasentinelle.dz\/index.php\/wp-json\/wp\/v2\/comments?post=13750"}],"version-history":[{"count":1,"href":"https:\/\/lasentinelle.dz\/index.php\/wp-json\/wp\/v2\/posts\/13750\/revisions"}],"predecessor-version":[{"id":13763,"href":"https:\/\/lasentinelle.dz\/index.php\/wp-json\/wp\/v2\/posts\/13750\/revisions\/13763"}],"wp:featuredmedia":[{"embeddable":true,"href":"https:\/\/lasentinelle.dz\/index.php\/wp-json\/wp\/v2\/media\/13762"}],"wp:attachment":[{"href":"https:\/\/lasentinelle.dz\/index.php\/wp-json\/wp\/v2\/media?parent=13750"}],"wp:term":[{"taxonomy":"category","embeddable":true,"href":"https:\/\/lasentinelle.dz\/index.php\/wp-json\/wp\/v2\/categories?post=13750"},{"taxonomy":"post_tag","embeddable":true,"href":"https:\/\/lasentinelle.dz\/index.php\/wp-json\/wp\/v2\/tags?post=13750"}],"curies":[{"name":"wp","href":"https:\/\/api.w.org\/{rel}","templated":true}]}}