{"id":13804,"date":"2021-11-22T00:05:00","date_gmt":"2021-11-21T23:05:00","guid":{"rendered":"https:\/\/lasentinelle.dz\/?p=13804"},"modified":"2021-11-21T19:16:27","modified_gmt":"2021-11-21T18:16:27","slug":"le-compte-bancaire-du-complexe-siderurgique-gele-par-la-justice-la-gestion-du-complexe-el-hadjar-en-question","status":"publish","type":"post","link":"https:\/\/lasentinelle.dz\/index.php\/2021\/11\/22\/le-compte-bancaire-du-complexe-siderurgique-gele-par-la-justice-la-gestion-du-complexe-el-hadjar-en-question\/","title":{"rendered":"Le compte bancaire du complexe sid\u00e9rurgique gel\u00e9 par la Justice : La gestion du complexe El Hadjar en question !"},"content":{"rendered":"\n<p>La justice s\u2019est prononc\u00e9e \u00e0 la faveur du gel du compte bancaire du complexe SiderEl Hadjar. La Justice avait \u00e9t\u00e9 saisie la Sonelgaz, afin de recouvrir une cr\u00e9anced\u00e9passant les 200 milliards de centimes.<\/p>\n\n\n\n<p>La d\u00e9marche fait suite \u00e0 plusieurs mises en demeure auxquellesle directoire de l\u2019entreprise Sider El Hadjarn\u2019a pas r\u00e9pondu. Le recours \u00e0 la Justice fut l\u2019ultime voie, pour le groupe industriel \u00e9nerg\u00e9tique alg\u00e9rien Sonelgaz, notamment apr\u00e8s que le complexe sid\u00e9rurgique n\u2019ait pas pu honorer son engagement, sign\u00e9 en 2020 \u00e0 l\u2019effet d\u2019assainir cette dette.&nbsp; Ainsi,&nbsp; d\u00e9p\u00each\u00e9, mercredi dernier, un huissier de justice muni d\u2019une d\u00e9cision de justice a proc\u00e9d\u00e9 au gel&nbsp; du compte bancaire de l\u2019entreprise Sider El Hadjar, domicili\u00e9 \u00e0 la BEA (Banque ext\u00e9rieure d\u2019Alg\u00e9rie). La nouvelle a foudroy\u00e9 les travailleurs qui ont manifest\u00e9 intra muros devant le si\u00e8ge de la direction g\u00e9n\u00e9rale de Sider pour protester contre ladite d\u00e9cision. Le gel du compte bancaire de leur complexe est synonyme de d\u00e9faut de versement de salaire, ce qui a provoqu\u00e9 la panique au sein des sid\u00e9rurgistes.<\/p>\n\n\n\n<p>Au-del\u00e0, toute cette affaire d\u00e9monte une fois de plus les limites dans la gestion du complexe. Une situation qui a d\u2019ailleurs induit une intervention du ministre de l\u2019Industrie lequel est all\u00e9 \u00e0 la rescousse du complexe, et des d\u00e9marches ont \u00e9t\u00e9 entreprises, aboutissant \u00e0 des discussions entre les deux parties,&nbsp; Sider El-Hadjar et les repr\u00e9sentants de Sonelgaz.&nbsp; C\u2019est ce qu\u2019a expliqu\u00e9 le DG de Sider aux travailleurs.\u00ab&nbsp;Le gel du compte a \u00e9t\u00e9 lev\u00e9, sur la base de la mise en place d\u2019un \u00e9ch\u00e9ancier que la direction de Sider El Hadjar,&nbsp; va honorer&nbsp;\u00bb.&nbsp; Lotfi Menaa a soulign\u00e9 aux travailleurs&nbsp; que&nbsp; \u00ab&nbsp;les salaires des travailleurs sont une ligne rouge&nbsp;\u00bb. Il a indiqu\u00e9 dans le sillage&nbsp; que \u00ab&nbsp;les cr\u00e9ances de Sonelgaz sur Sider El-Hadjar repr\u00e9sentent 10% du montant global des dettes du complexe sid\u00e9rurgique&nbsp;\u00bb. Par ailleurs, le responsable de Sider a, sur la page Facebook du complexe Sider, justifi\u00e9 le cumule de ces dettes, en raison \u00ab&nbsp;du retard dans le versement des fondsdestin\u00e9s au plan d\u2019investissement&nbsp;\u00bb.<\/p>\n\n\n\n<p>Cependant toute cette affaire laisse pantois quant \u00e0 la gestion du complexe El Hadjar. Il est vrai qu\u2019un plan d\u2019investissement a \u00e9t\u00e9 mobilis\u00e9 par l\u2019\u00c9tat au profit du complexe. Or, celui-ci est destin\u00e9 \u00e0 la r\u00e9habilitation du complexe, la r\u00e9novation de ses infrastructures et de ses unit\u00e9s de productions et la relance de la production.<\/p>\n\n\n\n<p>Et il est imp\u00e9ratif de noter qu\u2019outre les dettes de Sider El Hadjar envers la Sonelgaz, le complexe sid\u00e9rurgique est toujours endett\u00e9 envers la SNTF, la SNTR et l\u2019EPEA pour diff\u00e9rentes prestations de service. Des dettes qui tra\u00eenent encore en d\u00e9pit du plan de charge important du complexe, comportant des dizaines d\u2019exportations ! Cela suscite de r\u00e9elles interrogations sur le management de l\u2019entreprise publique qui peine \u00e0 trouver des solutions concr\u00e8tes et qui ouvre ainsi la voie \u00e0 la mont\u00e9e des pressions sociales.<\/p>\n\n\n\n<p>Au moment de la mise sous presse, la tension est encore de mise au sein des sid\u00e9rurgistes. &nbsp;D\u2019autres ont d\u00e9plor\u00e9 la d\u00e9marche du gel du compte de l\u2019usine par la Sonelgaz, estimant qu\u2019il aurait \u00e9t\u00e9 pr\u00e9f\u00e9rable d\u2019engager des discussions avec la direction du complexe.&nbsp; Ces interlocuteurs contact\u00e9s par t\u00e9l\u00e9phone semblent ignorer les avertissements et les mises en demeure adress\u00e9es par la Sonelgaz \u00e0 la direction de Sider El Hadjar, tout comme ils ne mesurent par l&rsquo;impact&nbsp; auquel font face les cr\u00e9anciers, qui comptent des&nbsp; milliards de dinars bloqu\u00e9s. C\u2019est le cas dela Sonelgaz, cette entreprise dont le r\u00f4le dans le d\u00e9veloppement \u00e9conomique et social est plus que pr\u00e9pond\u00e9rant. Au-del\u00e0, c\u2019est la gestion type des EPE qui est c\u0153ur du questionnement. Car la mont\u00e9e des tensions sociales au sein d\u2019El Hadjar rappelle aussi ce qui se passa au sein de l\u2019Eniem. Les fonds d\u00e9bloqu\u00e9s par l\u2019\u00c9tat pour la r\u00e9habilitation et la relance de ces entreprises s\u2019opposent \u00e0 une gestion inefficiente de ces entreprises, avec un impact pr\u00e9pond\u00e9rant sur les travailleurs. Cela g\u00e9n\u00e8re des pressions sociales qui induisent le plus souvent une intervention de l\u2019\u00c9tat. C\u2019est un cercle vicieux qu\u2019il est n\u00e9cessaire aujourd\u2019hui de briser. Un cercle vicieux que le gouvernement entend briser une imposant des contrats de performance pour les managers publics, afin d\u2019imposer une autonomie r\u00e9elle des EPE, fixer des objectifs pr\u00e9cis et amener ces entreprises \u00e0 jouer pleinement leur r\u00f4le dans le d\u00e9veloppement de l\u2019\u00e9conomie nationale.<\/p>\n\n\n\n<p><strong>Sofia Chahine<\/strong><\/p>\n","protected":false},"excerpt":{"rendered":"<p>La justice s\u2019est prononc\u00e9e \u00e0 la faveur du gel du compte bancaire du complexe SiderEl Hadjar. La Justice avait \u00e9t\u00e9<\/p>\n","protected":false},"author":3,"featured_media":13823,"comment_status":"open","ping_status":"closed","sticky":false,"template":"","format":"standard","meta":{"colormag_page_container_layout":"default_layout","colormag_page_sidebar_layout":"default_layout","om_disable_all_campaigns":false,"_monsterinsights_skip_tracking":false,"_monsterinsights_sitenote_active":false,"_monsterinsights_sitenote_note":"","_monsterinsights_sitenote_category":0,"footnotes":"","_wpscppro_dont_share_socialmedia":false,"_wpscppro_custom_social_share_image":0,"_facebook_share_type":"","_twitter_share_type":"","_linkedin_share_type":"","_pinterest_share_type":"","_linkedin_share_type_page":"","_instagram_share_type":"","_medium_share_type":"","_threads_share_type":"","_google_business_share_type":"","_selected_social_profile":[],"_wpsp_enable_custom_social_template":false,"_wpsp_social_scheduling":{"enabled":false,"datetime":null,"platforms":[],"status":"template_only","dateOption":"today","timeOption":"now","customDays":"","customHours":"","customDate":"","customTime":"","schedulingType":"absolute"},"_wpsp_active_default_template":true},"categories":[52,27],"tags":[],"class_list":["post-13804","post","type-post","status-publish","format-standard","has-post-thumbnail","hentry","category-a-la-une","category-actualite"],"aioseo_notices":[],"yoast_head":"<!-- This site is optimized with the Yoast SEO plugin v27.5 - https:\/\/yoast.com\/product\/yoast-seo-wordpress\/ -->\n<title>Le compte bancaire du complexe sid\u00e9rurgique gel\u00e9 par la Justice : La gestion du complexe El Hadjar en question ! - La Sentinelle<\/title>\n<meta name=\"robots\" content=\"index, follow, max-snippet:-1, max-image-preview:large, max-video-preview:-1\" \/>\n<link rel=\"canonical\" href=\"https:\/\/lasentinelle.dz\/index.php\/2021\/11\/22\/le-compte-bancaire-du-complexe-siderurgique-gele-par-la-justice-la-gestion-du-complexe-el-hadjar-en-question\/\" \/>\n<meta property=\"og:locale\" content=\"fr_FR\" \/>\n<meta property=\"og:type\" content=\"article\" \/>\n<meta property=\"og:title\" content=\"Le compte bancaire du complexe sid\u00e9rurgique gel\u00e9 par la Justice : La gestion du complexe El Hadjar en question ! - La Sentinelle\" \/>\n<meta property=\"og:description\" content=\"La justice s\u2019est prononc\u00e9e \u00e0 la faveur du gel du compte bancaire du complexe SiderEl Hadjar. La Justice avait \u00e9t\u00e9\" \/>\n<meta property=\"og:url\" content=\"https:\/\/lasentinelle.dz\/index.php\/2021\/11\/22\/le-compte-bancaire-du-complexe-siderurgique-gele-par-la-justice-la-gestion-du-complexe-el-hadjar-en-question\/\" \/>\n<meta property=\"og:site_name\" content=\"La Sentinelle\" \/>\n<meta property=\"article:publisher\" content=\"https:\/\/www.facebook.com\/La-Sentinelle-104059864394773\" \/>\n<meta property=\"article:published_time\" content=\"2021-11-21T23:05:00+00:00\" \/>\n<meta property=\"og:image\" content=\"https:\/\/lasentinelle.dz\/wp-content\/uploads\/2021\/11\/el-hadjar.png\" \/>\n\t<meta property=\"og:image:width\" content=\"1363\" \/>\n\t<meta property=\"og:image:height\" content=\"900\" \/>\n\t<meta property=\"og:image:type\" content=\"image\/png\" \/>\n<meta name=\"author\" content=\"La Sentinelle\" \/>\n<meta name=\"twitter:card\" content=\"summary_large_image\" \/>\n<meta name=\"twitter:label1\" content=\"\u00c9crit par\" \/>\n\t<meta name=\"twitter:data1\" content=\"La Sentinelle\" \/>\n\t<meta name=\"twitter:label2\" content=\"Dur\u00e9e de lecture estim\u00e9e\" \/>\n\t<meta name=\"twitter:data2\" content=\"4 minutes\" \/>\n<script type=\"application\/ld+json\" class=\"yoast-schema-graph\">{\"@context\":\"https:\\\/\\\/schema.org\",\"@graph\":[{\"@type\":\"Article\",\"@id\":\"https:\\\/\\\/lasentinelle.dz\\\/index.php\\\/2021\\\/11\\\/22\\\/le-compte-bancaire-du-complexe-siderurgique-gele-par-la-justice-la-gestion-du-complexe-el-hadjar-en-question\\\/#article\",\"isPartOf\":{\"@id\":\"https:\\\/\\\/lasentinelle.dz\\\/index.php\\\/2021\\\/11\\\/22\\\/le-compte-bancaire-du-complexe-siderurgique-gele-par-la-justice-la-gestion-du-complexe-el-hadjar-en-question\\\/\"},\"author\":{\"name\":\"La Sentinelle\",\"@id\":\"https:\\\/\\\/lasentinelle.dz\\\/#\\\/schema\\\/person\\\/d865044e22e70a75174ce8bcad3acfb3\"},\"headline\":\"Le compte bancaire du complexe sid\u00e9rurgique gel\u00e9 par la Justice : La gestion du complexe El Hadjar en question !\",\"datePublished\":\"2021-11-21T23:05:00+00:00\",\"mainEntityOfPage\":{\"@id\":\"https:\\\/\\\/lasentinelle.dz\\\/index.php\\\/2021\\\/11\\\/22\\\/le-compte-bancaire-du-complexe-siderurgique-gele-par-la-justice-la-gestion-du-complexe-el-hadjar-en-question\\\/\"},\"wordCount\":842,\"commentCount\":0,\"publisher\":{\"@id\":\"https:\\\/\\\/lasentinelle.dz\\\/#organization\"},\"image\":{\"@id\":\"https:\\\/\\\/lasentinelle.dz\\\/index.php\\\/2021\\\/11\\\/22\\\/le-compte-bancaire-du-complexe-siderurgique-gele-par-la-justice-la-gestion-du-complexe-el-hadjar-en-question\\\/#primaryimage\"},\"thumbnailUrl\":\"https:\\\/\\\/lasentinelle.dz\\\/wp-content\\\/uploads\\\/2021\\\/11\\\/el-hadjar.png\",\"articleSection\":[\"\u00c0 la Une\",\"Actualit\u00e9\"],\"inLanguage\":\"fr-FR\",\"potentialAction\":[{\"@type\":\"CommentAction\",\"name\":\"Comment\",\"target\":[\"https:\\\/\\\/lasentinelle.dz\\\/index.php\\\/2021\\\/11\\\/22\\\/le-compte-bancaire-du-complexe-siderurgique-gele-par-la-justice-la-gestion-du-complexe-el-hadjar-en-question\\\/#respond\"]}]},{\"@type\":\"WebPage\",\"@id\":\"https:\\\/\\\/lasentinelle.dz\\\/index.php\\\/2021\\\/11\\\/22\\\/le-compte-bancaire-du-complexe-siderurgique-gele-par-la-justice-la-gestion-du-complexe-el-hadjar-en-question\\\/\",\"url\":\"https:\\\/\\\/lasentinelle.dz\\\/index.php\\\/2021\\\/11\\\/22\\\/le-compte-bancaire-du-complexe-siderurgique-gele-par-la-justice-la-gestion-du-complexe-el-hadjar-en-question\\\/\",\"name\":\"Le compte bancaire du complexe sid\u00e9rurgique gel\u00e9 par la Justice : La gestion du complexe El Hadjar en question ! - La Sentinelle\",\"isPartOf\":{\"@id\":\"https:\\\/\\\/lasentinelle.dz\\\/#website\"},\"primaryImageOfPage\":{\"@id\":\"https:\\\/\\\/lasentinelle.dz\\\/index.php\\\/2021\\\/11\\\/22\\\/le-compte-bancaire-du-complexe-siderurgique-gele-par-la-justice-la-gestion-du-complexe-el-hadjar-en-question\\\/#primaryimage\"},\"image\":{\"@id\":\"https:\\\/\\\/lasentinelle.dz\\\/index.php\\\/2021\\\/11\\\/22\\\/le-compte-bancaire-du-complexe-siderurgique-gele-par-la-justice-la-gestion-du-complexe-el-hadjar-en-question\\\/#primaryimage\"},\"thumbnailUrl\":\"https:\\\/\\\/lasentinelle.dz\\\/wp-content\\\/uploads\\\/2021\\\/11\\\/el-hadjar.png\",\"datePublished\":\"2021-11-21T23:05:00+00:00\",\"breadcrumb\":{\"@id\":\"https:\\\/\\\/lasentinelle.dz\\\/index.php\\\/2021\\\/11\\\/22\\\/le-compte-bancaire-du-complexe-siderurgique-gele-par-la-justice-la-gestion-du-complexe-el-hadjar-en-question\\\/#breadcrumb\"},\"inLanguage\":\"fr-FR\",\"potentialAction\":[{\"@type\":\"ReadAction\",\"target\":[\"https:\\\/\\\/lasentinelle.dz\\\/index.php\\\/2021\\\/11\\\/22\\\/le-compte-bancaire-du-complexe-siderurgique-gele-par-la-justice-la-gestion-du-complexe-el-hadjar-en-question\\\/\"]}]},{\"@type\":\"ImageObject\",\"inLanguage\":\"fr-FR\",\"@id\":\"https:\\\/\\\/lasentinelle.dz\\\/index.php\\\/2021\\\/11\\\/22\\\/le-compte-bancaire-du-complexe-siderurgique-gele-par-la-justice-la-gestion-du-complexe-el-hadjar-en-question\\\/#primaryimage\",\"url\":\"https:\\\/\\\/lasentinelle.dz\\\/wp-content\\\/uploads\\\/2021\\\/11\\\/el-hadjar.png\",\"contentUrl\":\"https:\\\/\\\/lasentinelle.dz\\\/wp-content\\\/uploads\\\/2021\\\/11\\\/el-hadjar.png\",\"width\":1363,\"height\":900},{\"@type\":\"BreadcrumbList\",\"@id\":\"https:\\\/\\\/lasentinelle.dz\\\/index.php\\\/2021\\\/11\\\/22\\\/le-compte-bancaire-du-complexe-siderurgique-gele-par-la-justice-la-gestion-du-complexe-el-hadjar-en-question\\\/#breadcrumb\",\"itemListElement\":[{\"@type\":\"ListItem\",\"position\":1,\"name\":\"Accueil\",\"item\":\"https:\\\/\\\/lasentinelle.dz\\\/\"},{\"@type\":\"ListItem\",\"position\":2,\"name\":\"Le compte bancaire du complexe sid\u00e9rurgique gel\u00e9 par la Justice : La gestion du complexe El Hadjar en question !\"}]},{\"@type\":\"WebSite\",\"@id\":\"https:\\\/\\\/lasentinelle.dz\\\/#website\",\"url\":\"https:\\\/\\\/lasentinelle.dz\\\/\",\"name\":\"La Sentinelle\",\"description\":\"Quotidien national d&#039;information\",\"publisher\":{\"@id\":\"https:\\\/\\\/lasentinelle.dz\\\/#organization\"},\"potentialAction\":[{\"@type\":\"SearchAction\",\"target\":{\"@type\":\"EntryPoint\",\"urlTemplate\":\"https:\\\/\\\/lasentinelle.dz\\\/?s={search_term_string}\"},\"query-input\":{\"@type\":\"PropertyValueSpecification\",\"valueRequired\":true,\"valueName\":\"search_term_string\"}}],\"inLanguage\":\"fr-FR\"},{\"@type\":\"Organization\",\"@id\":\"https:\\\/\\\/lasentinelle.dz\\\/#organization\",\"name\":\"Quotidien La Sentinelle\",\"url\":\"https:\\\/\\\/lasentinelle.dz\\\/\",\"logo\":{\"@type\":\"ImageObject\",\"inLanguage\":\"fr-FR\",\"@id\":\"https:\\\/\\\/lasentinelle.dz\\\/#\\\/schema\\\/logo\\\/image\\\/\",\"url\":\"https:\\\/\\\/lasentinelle.dz\\\/wp-content\\\/uploads\\\/2021\\\/09\\\/logo-sentinelleSLOGAN-1.png\",\"contentUrl\":\"https:\\\/\\\/lasentinelle.dz\\\/wp-content\\\/uploads\\\/2021\\\/09\\\/logo-sentinelleSLOGAN-1.png\",\"width\":615,\"height\":142,\"caption\":\"Quotidien La Sentinelle\"},\"image\":{\"@id\":\"https:\\\/\\\/lasentinelle.dz\\\/#\\\/schema\\\/logo\\\/image\\\/\"},\"sameAs\":[\"https:\\\/\\\/www.facebook.com\\\/La-Sentinelle-104059864394773\"]},{\"@type\":\"Person\",\"@id\":\"https:\\\/\\\/lasentinelle.dz\\\/#\\\/schema\\\/person\\\/d865044e22e70a75174ce8bcad3acfb3\",\"name\":\"La Sentinelle\",\"image\":{\"@type\":\"ImageObject\",\"inLanguage\":\"fr-FR\",\"@id\":\"https:\\\/\\\/secure.gravatar.com\\\/avatar\\\/57de8e5d4b15d43fb361a71fbb36338450fe67865b528a43dd10ef7c51a20392?s=96&d=mm&r=g\",\"url\":\"https:\\\/\\\/secure.gravatar.com\\\/avatar\\\/57de8e5d4b15d43fb361a71fbb36338450fe67865b528a43dd10ef7c51a20392?s=96&d=mm&r=g\",\"contentUrl\":\"https:\\\/\\\/secure.gravatar.com\\\/avatar\\\/57de8e5d4b15d43fb361a71fbb36338450fe67865b528a43dd10ef7c51a20392?s=96&d=mm&r=g\",\"caption\":\"La Sentinelle\"},\"sameAs\":[\"http:\\\/\\\/www.lasentinelle.dz\"],\"url\":\"https:\\\/\\\/lasentinelle.dz\\\/author\\\/redaction\\\/\"}]}<\/script>\n<!-- \/ Yoast SEO plugin. -->","yoast_head_json":{"title":"Le compte bancaire du complexe sid\u00e9rurgique gel\u00e9 par la Justice : La gestion du complexe El Hadjar en question ! - La Sentinelle","robots":{"index":"index","follow":"follow","max-snippet":"max-snippet:-1","max-image-preview":"max-image-preview:large","max-video-preview":"max-video-preview:-1"},"canonical":"https:\/\/lasentinelle.dz\/index.php\/2021\/11\/22\/le-compte-bancaire-du-complexe-siderurgique-gele-par-la-justice-la-gestion-du-complexe-el-hadjar-en-question\/","og_locale":"fr_FR","og_type":"article","og_title":"Le compte bancaire du complexe sid\u00e9rurgique gel\u00e9 par la Justice : La gestion du complexe El Hadjar en question ! - La Sentinelle","og_description":"La justice s\u2019est prononc\u00e9e \u00e0 la faveur du gel du compte bancaire du complexe SiderEl Hadjar. La Justice avait \u00e9t\u00e9","og_url":"https:\/\/lasentinelle.dz\/index.php\/2021\/11\/22\/le-compte-bancaire-du-complexe-siderurgique-gele-par-la-justice-la-gestion-du-complexe-el-hadjar-en-question\/","og_site_name":"La Sentinelle","article_publisher":"https:\/\/www.facebook.com\/La-Sentinelle-104059864394773","article_published_time":"2021-11-21T23:05:00+00:00","og_image":[{"width":1363,"height":900,"url":"https:\/\/lasentinelle.dz\/wp-content\/uploads\/2021\/11\/el-hadjar.png","type":"image\/png"}],"author":"La Sentinelle","twitter_card":"summary_large_image","twitter_misc":{"\u00c9crit par":"La Sentinelle","Dur\u00e9e de lecture estim\u00e9e":"4 minutes"},"schema":{"@context":"https:\/\/schema.org","@graph":[{"@type":"Article","@id":"https:\/\/lasentinelle.dz\/index.php\/2021\/11\/22\/le-compte-bancaire-du-complexe-siderurgique-gele-par-la-justice-la-gestion-du-complexe-el-hadjar-en-question\/#article","isPartOf":{"@id":"https:\/\/lasentinelle.dz\/index.php\/2021\/11\/22\/le-compte-bancaire-du-complexe-siderurgique-gele-par-la-justice-la-gestion-du-complexe-el-hadjar-en-question\/"},"author":{"name":"La Sentinelle","@id":"https:\/\/lasentinelle.dz\/#\/schema\/person\/d865044e22e70a75174ce8bcad3acfb3"},"headline":"Le compte bancaire du complexe sid\u00e9rurgique gel\u00e9 par la Justice : La gestion du complexe El Hadjar en question !","datePublished":"2021-11-21T23:05:00+00:00","mainEntityOfPage":{"@id":"https:\/\/lasentinelle.dz\/index.php\/2021\/11\/22\/le-compte-bancaire-du-complexe-siderurgique-gele-par-la-justice-la-gestion-du-complexe-el-hadjar-en-question\/"},"wordCount":842,"commentCount":0,"publisher":{"@id":"https:\/\/lasentinelle.dz\/#organization"},"image":{"@id":"https:\/\/lasentinelle.dz\/index.php\/2021\/11\/22\/le-compte-bancaire-du-complexe-siderurgique-gele-par-la-justice-la-gestion-du-complexe-el-hadjar-en-question\/#primaryimage"},"thumbnailUrl":"https:\/\/lasentinelle.dz\/wp-content\/uploads\/2021\/11\/el-hadjar.png","articleSection":["\u00c0 la Une","Actualit\u00e9"],"inLanguage":"fr-FR","potentialAction":[{"@type":"CommentAction","name":"Comment","target":["https:\/\/lasentinelle.dz\/index.php\/2021\/11\/22\/le-compte-bancaire-du-complexe-siderurgique-gele-par-la-justice-la-gestion-du-complexe-el-hadjar-en-question\/#respond"]}]},{"@type":"WebPage","@id":"https:\/\/lasentinelle.dz\/index.php\/2021\/11\/22\/le-compte-bancaire-du-complexe-siderurgique-gele-par-la-justice-la-gestion-du-complexe-el-hadjar-en-question\/","url":"https:\/\/lasentinelle.dz\/index.php\/2021\/11\/22\/le-compte-bancaire-du-complexe-siderurgique-gele-par-la-justice-la-gestion-du-complexe-el-hadjar-en-question\/","name":"Le compte bancaire du complexe sid\u00e9rurgique gel\u00e9 par la Justice : La gestion du complexe El Hadjar en question ! - La Sentinelle","isPartOf":{"@id":"https:\/\/lasentinelle.dz\/#website"},"primaryImageOfPage":{"@id":"https:\/\/lasentinelle.dz\/index.php\/2021\/11\/22\/le-compte-bancaire-du-complexe-siderurgique-gele-par-la-justice-la-gestion-du-complexe-el-hadjar-en-question\/#primaryimage"},"image":{"@id":"https:\/\/lasentinelle.dz\/index.php\/2021\/11\/22\/le-compte-bancaire-du-complexe-siderurgique-gele-par-la-justice-la-gestion-du-complexe-el-hadjar-en-question\/#primaryimage"},"thumbnailUrl":"https:\/\/lasentinelle.dz\/wp-content\/uploads\/2021\/11\/el-hadjar.png","datePublished":"2021-11-21T23:05:00+00:00","breadcrumb":{"@id":"https:\/\/lasentinelle.dz\/index.php\/2021\/11\/22\/le-compte-bancaire-du-complexe-siderurgique-gele-par-la-justice-la-gestion-du-complexe-el-hadjar-en-question\/#breadcrumb"},"inLanguage":"fr-FR","potentialAction":[{"@type":"ReadAction","target":["https:\/\/lasentinelle.dz\/index.php\/2021\/11\/22\/le-compte-bancaire-du-complexe-siderurgique-gele-par-la-justice-la-gestion-du-complexe-el-hadjar-en-question\/"]}]},{"@type":"ImageObject","inLanguage":"fr-FR","@id":"https:\/\/lasentinelle.dz\/index.php\/2021\/11\/22\/le-compte-bancaire-du-complexe-siderurgique-gele-par-la-justice-la-gestion-du-complexe-el-hadjar-en-question\/#primaryimage","url":"https:\/\/lasentinelle.dz\/wp-content\/uploads\/2021\/11\/el-hadjar.png","contentUrl":"https:\/\/lasentinelle.dz\/wp-content\/uploads\/2021\/11\/el-hadjar.png","width":1363,"height":900},{"@type":"BreadcrumbList","@id":"https:\/\/lasentinelle.dz\/index.php\/2021\/11\/22\/le-compte-bancaire-du-complexe-siderurgique-gele-par-la-justice-la-gestion-du-complexe-el-hadjar-en-question\/#breadcrumb","itemListElement":[{"@type":"ListItem","position":1,"name":"Accueil","item":"https:\/\/lasentinelle.dz\/"},{"@type":"ListItem","position":2,"name":"Le compte bancaire du complexe sid\u00e9rurgique gel\u00e9 par la Justice : La gestion du complexe El Hadjar en question !"}]},{"@type":"WebSite","@id":"https:\/\/lasentinelle.dz\/#website","url":"https:\/\/lasentinelle.dz\/","name":"La Sentinelle","description":"Quotidien national d&#039;information","publisher":{"@id":"https:\/\/lasentinelle.dz\/#organization"},"potentialAction":[{"@type":"SearchAction","target":{"@type":"EntryPoint","urlTemplate":"https:\/\/lasentinelle.dz\/?s={search_term_string}"},"query-input":{"@type":"PropertyValueSpecification","valueRequired":true,"valueName":"search_term_string"}}],"inLanguage":"fr-FR"},{"@type":"Organization","@id":"https:\/\/lasentinelle.dz\/#organization","name":"Quotidien La Sentinelle","url":"https:\/\/lasentinelle.dz\/","logo":{"@type":"ImageObject","inLanguage":"fr-FR","@id":"https:\/\/lasentinelle.dz\/#\/schema\/logo\/image\/","url":"https:\/\/lasentinelle.dz\/wp-content\/uploads\/2021\/09\/logo-sentinelleSLOGAN-1.png","contentUrl":"https:\/\/lasentinelle.dz\/wp-content\/uploads\/2021\/09\/logo-sentinelleSLOGAN-1.png","width":615,"height":142,"caption":"Quotidien La Sentinelle"},"image":{"@id":"https:\/\/lasentinelle.dz\/#\/schema\/logo\/image\/"},"sameAs":["https:\/\/www.facebook.com\/La-Sentinelle-104059864394773"]},{"@type":"Person","@id":"https:\/\/lasentinelle.dz\/#\/schema\/person\/d865044e22e70a75174ce8bcad3acfb3","name":"La Sentinelle","image":{"@type":"ImageObject","inLanguage":"fr-FR","@id":"https:\/\/secure.gravatar.com\/avatar\/57de8e5d4b15d43fb361a71fbb36338450fe67865b528a43dd10ef7c51a20392?s=96&d=mm&r=g","url":"https:\/\/secure.gravatar.com\/avatar\/57de8e5d4b15d43fb361a71fbb36338450fe67865b528a43dd10ef7c51a20392?s=96&d=mm&r=g","contentUrl":"https:\/\/secure.gravatar.com\/avatar\/57de8e5d4b15d43fb361a71fbb36338450fe67865b528a43dd10ef7c51a20392?s=96&d=mm&r=g","caption":"La Sentinelle"},"sameAs":["http:\/\/www.lasentinelle.dz"],"url":"https:\/\/lasentinelle.dz\/author\/redaction\/"}]}},"_links":{"self":[{"href":"https:\/\/lasentinelle.dz\/index.php\/wp-json\/wp\/v2\/posts\/13804","targetHints":{"allow":["GET"]}}],"collection":[{"href":"https:\/\/lasentinelle.dz\/index.php\/wp-json\/wp\/v2\/posts"}],"about":[{"href":"https:\/\/lasentinelle.dz\/index.php\/wp-json\/wp\/v2\/types\/post"}],"author":[{"embeddable":true,"href":"https:\/\/lasentinelle.dz\/index.php\/wp-json\/wp\/v2\/users\/3"}],"replies":[{"embeddable":true,"href":"https:\/\/lasentinelle.dz\/index.php\/wp-json\/wp\/v2\/comments?post=13804"}],"version-history":[{"count":1,"href":"https:\/\/lasentinelle.dz\/index.php\/wp-json\/wp\/v2\/posts\/13804\/revisions"}],"predecessor-version":[{"id":13824,"href":"https:\/\/lasentinelle.dz\/index.php\/wp-json\/wp\/v2\/posts\/13804\/revisions\/13824"}],"wp:featuredmedia":[{"embeddable":true,"href":"https:\/\/lasentinelle.dz\/index.php\/wp-json\/wp\/v2\/media\/13823"}],"wp:attachment":[{"href":"https:\/\/lasentinelle.dz\/index.php\/wp-json\/wp\/v2\/media?parent=13804"}],"wp:term":[{"taxonomy":"category","embeddable":true,"href":"https:\/\/lasentinelle.dz\/index.php\/wp-json\/wp\/v2\/categories?post=13804"},{"taxonomy":"post_tag","embeddable":true,"href":"https:\/\/lasentinelle.dz\/index.php\/wp-json\/wp\/v2\/tags?post=13804"}],"curies":[{"name":"wp","href":"https:\/\/api.w.org\/{rel}","templated":true}]}}