{"id":13811,"date":"2021-11-22T00:01:00","date_gmt":"2021-11-21T23:01:00","guid":{"rendered":"https:\/\/lasentinelle.dz\/?p=13811"},"modified":"2021-11-21T17:57:11","modified_gmt":"2021-11-21T16:57:11","slug":"degradation-drastique-du-cadre-de-vie-a-annaba-le-wali-met-les-points-sur-les-i","status":"publish","type":"post","link":"https:\/\/lasentinelle.dz\/index.php\/2021\/11\/22\/degradation-drastique-du-cadre-de-vie-a-annaba-le-wali-met-les-points-sur-les-i\/","title":{"rendered":"D\u00e9gradation drastique du cadre de vie \u00e0 Annaba : Le wali met les points sur les \u00ab i \u00bb"},"content":{"rendered":"\n<p>La d\u00e9gradation du cadre environnemental de la wilaya d\u2019Annaba a suscit\u00e9 l\u2019ire de son premier responsable qui a d\u00e9cid\u00e9 de mettre les points sur les \u2018\u2019I\u2019\u2019.<\/p>\n\n\n\n<p>La d\u00e9gradation du milieu est de plus en plus insoutenable \u00e0 Annaba, en raison de la prolif\u00e9ration des ordures \u00e0 travers l\u2019ensemble du territoire de la wilaya, le chef-lieu de la commune notamment. Cette d\u00e9gradation drastique du cadre de vie n\u2019a pas laiss\u00e9 pour autant indiff\u00e9rent le premier responsable de la wilaya, Djamel Eddine Berrimi. Selon un communiqu\u00e9 \u00e9manent de la cellule de communication de la wilaya d\u2019Annaba, le wali a pr\u00e9sid\u00e9 une r\u00e9union avec les chefs de da\u00efras, les S.G des communes et tous les responsables des institutions, en rapport avec la question de l\u2019hygi\u00e8ne et de l\u2019environnement. Selon la m\u00eame source, Djamel Eddine Berrimia estim\u00e9 qu\u2019il est inadmissible d\u2019accepter une telle d\u00e9gradation du cadre de vie. Il a, dans ce sens,&nbsp; insist\u00e9 sur une prise en charge r\u00e9elle de ce ph\u00e9nom\u00e8ne et a appel\u00e9 les populations concern\u00e9es \u00e0 participer pleinement aux actions de l\u2019am\u00e9lioration urbaine, pour une vie meilleure. Au-del\u00e0, le premier responsable de la wilaya d\u2019Annaba n\u2019a pas omis de mettre en avant, d\u2019une part l\u2019absence de civisme des citoyens&nbsp; et la gestion boiteuse des services concern\u00e9s d\u2019autre part. Pour le wali d\u2019Annaba, la pr\u00e9servation du cadre de vie est la responsabilit\u00e9 de tout un chacun.\u00ab&nbsp;Tout le monde \u00e0 une part de responsabilit\u00e9&nbsp;\u00bb, a-t-il dit. Le commis de l\u2019\u00c9tat a soulign\u00e9, selon la m\u00eame source, la n\u00e9cessit\u00e9 d&rsquo;organiser des campagnes de sensibilisation au profit des populations, afin d\u2019am\u00e9liorer leur cadre de vie en accordant plus d&rsquo;importance \u00e0 la propret\u00e9 du milieu. Par ailleurs, le chef de l\u2019ex\u00e9cutif local a, lors de la r\u00e9union, charg\u00e9 les autorit\u00e9s concern\u00e9es d&rsquo;\u00e9laborer un plan d\u2019organisation fiable pour la gestion des d\u00e9chets m\u00e9nagers dans les zones urbaines, p\u00e9riurbaines et rurales, avec la mobilisation de tous les moyens mat\u00e9riels et humains n\u00e9cessaires.&nbsp; \u00ab&nbsp;Le travail doit \u00eatre coordonn\u00e9 avec des experts dans le domaine pour assurer une r\u00e9elle prise en charge et efficace du probl\u00e8me de l\u2019hygi\u00e8ne du milieu et de l\u2019ensemble du cadre de vie \u00bb, a pr\u00e9cis\u00e9 le wali. Le responsable a, \u00e9galement, d\u00e9cid\u00e9 d&rsquo;accorder aux institutions publiques, commerciales et \u00e9conomiques en charge de l\u2019hygi\u00e8ne du milieu, \u00e0 savoir&nbsp; l\u2019Epic \u00ab&nbsp;Annaba propre&nbsp;\u00bb,&nbsp; \u00ab&nbsp;l\u2019am\u00e9lioration urbaine&nbsp;\u00bb et le \u00ab&nbsp;centre d\u2019enfouissement&nbsp;\u00bb, des subventions suppl\u00e9mentaires pour am\u00e9liorer le cadre de vie des citoyens, en particulier l&rsquo;hygi\u00e8ne du milieu, a fait savoir la m\u00eame source. Rappelons que ce n\u2019est pas la premi\u00e8re fois que Djamel Eddine Berrimi manifeste une telle col\u00e8re quant \u00e0 la d\u00e9gradation du cadre de vie \u00e0 Annaba. Le wali avait qualifi\u00e9&nbsp; y\u2019a un an \u00ab&nbsp;Annaba, quatri\u00e8me ville la plus sale du pays&nbsp;\u00bb. Situation retenue \u00e0 l\u2019actif de la n\u00e9gligence, sinon l\u2019incomp\u00e9tence de ceux que les citoyens ont \u00e9lus pour les servir. \u00c0 l\u2019\u00e9poque, ces \u00e9lus avaient promis au wali de rem\u00e9dier \u00e0 la situation, or, depuis le ph\u00e9nom\u00e8ne de l\u2019insalubrit\u00e9sa pris des dimensions in\u00e9dites. Un constat d\u00e9sobligeant tant pour les habitants que pour le statut de la \u00ab&nbsp;Coquette&nbsp;\u00bb, devenue la cocotte des ordures m\u00e9nag\u00e8res. Et pourtant, ce n\u2019est pas les moyens humains, financiers ou encore mat\u00e9riels qui manquent \u00e0 Annaba. Par ailleurs, il est \u00e0 souligner quela prolif\u00e9ration des immondices et les d\u00e9tritus en tous genres est \u00e9galement en partie la cons\u00e9quence du retour en force du commerce informel, au niveau des grandes communes de la wilaya d\u2019Annaba.<\/p>\n\n\n\n<p><strong>Sofia Chahine<\/strong><\/p>\n","protected":false},"excerpt":{"rendered":"<p>La d\u00e9gradation du cadre environnemental de la wilaya d\u2019Annaba a suscit\u00e9 l\u2019ire de son premier responsable qui a d\u00e9cid\u00e9 de<\/p>\n","protected":false},"author":3,"featured_media":13812,"comment_status":"open","ping_status":"closed","sticky":false,"template":"","format":"standard","meta":{"colormag_page_container_layout":"default_layout","colormag_page_sidebar_layout":"default_layout","om_disable_all_campaigns":false,"_monsterinsights_skip_tracking":false,"_monsterinsights_sitenote_active":false,"_monsterinsights_sitenote_note":"","_monsterinsights_sitenote_category":0,"footnotes":"","_wpscppro_dont_share_socialmedia":false,"_wpscppro_custom_social_share_image":0,"_facebook_share_type":"","_twitter_share_type":"","_linkedin_share_type":"","_pinterest_share_type":"","_linkedin_share_type_page":"","_instagram_share_type":"","_medium_share_type":"","_threads_share_type":"","_google_business_share_type":"","_selected_social_profile":[],"_wpsp_enable_custom_social_template":false,"_wpsp_social_scheduling":{"enabled":false,"datetime":null,"platforms":[],"status":"template_only","dateOption":"today","timeOption":"now","customDays":"","customHours":"","customDate":"","customTime":"","schedulingType":"absolute"},"_wpsp_active_default_template":true},"categories":[31],"tags":[],"class_list":["post-13811","post","type-post","status-publish","format-standard","has-post-thumbnail","hentry","category-regions"],"aioseo_notices":[],"yoast_head":"<!-- This site is optimized with the Yoast SEO plugin v27.5 - https:\/\/yoast.com\/product\/yoast-seo-wordpress\/ -->\n<title>D\u00e9gradation drastique du cadre de vie \u00e0 Annaba : Le wali met les points sur les \u00ab i \u00bb - La Sentinelle<\/title>\n<meta name=\"robots\" content=\"index, follow, max-snippet:-1, max-image-preview:large, max-video-preview:-1\" \/>\n<link rel=\"canonical\" href=\"https:\/\/lasentinelle.dz\/index.php\/2021\/11\/22\/degradation-drastique-du-cadre-de-vie-a-annaba-le-wali-met-les-points-sur-les-i\/\" \/>\n<meta property=\"og:locale\" content=\"fr_FR\" \/>\n<meta property=\"og:type\" content=\"article\" \/>\n<meta property=\"og:title\" content=\"D\u00e9gradation drastique du cadre de vie \u00e0 Annaba : Le wali met les points sur les \u00ab i \u00bb - La Sentinelle\" \/>\n<meta property=\"og:description\" content=\"La d\u00e9gradation du cadre environnemental de la wilaya d\u2019Annaba a suscit\u00e9 l\u2019ire de son premier responsable qui a d\u00e9cid\u00e9 de\" \/>\n<meta property=\"og:url\" content=\"https:\/\/lasentinelle.dz\/index.php\/2021\/11\/22\/degradation-drastique-du-cadre-de-vie-a-annaba-le-wali-met-les-points-sur-les-i\/\" \/>\n<meta property=\"og:site_name\" content=\"La Sentinelle\" \/>\n<meta property=\"article:publisher\" content=\"https:\/\/www.facebook.com\/La-Sentinelle-104059864394773\" \/>\n<meta property=\"article:published_time\" content=\"2021-11-21T23:01:00+00:00\" \/>\n<meta property=\"og:image\" content=\"https:\/\/lasentinelle.dz\/wp-content\/uploads\/2021\/11\/image_2021-11-21_175705.png\" \/>\n\t<meta property=\"og:image:width\" content=\"259\" \/>\n\t<meta property=\"og:image:height\" content=\"194\" \/>\n\t<meta property=\"og:image:type\" content=\"image\/png\" \/>\n<meta name=\"author\" content=\"La Sentinelle\" \/>\n<meta name=\"twitter:card\" content=\"summary_large_image\" \/>\n<meta name=\"twitter:label1\" content=\"\u00c9crit par\" \/>\n\t<meta name=\"twitter:data1\" content=\"La Sentinelle\" \/>\n\t<meta name=\"twitter:label2\" content=\"Dur\u00e9e de lecture estim\u00e9e\" \/>\n\t<meta name=\"twitter:data2\" content=\"3 minutes\" \/>\n<script type=\"application\/ld+json\" class=\"yoast-schema-graph\">{\"@context\":\"https:\\\/\\\/schema.org\",\"@graph\":[{\"@type\":\"Article\",\"@id\":\"https:\\\/\\\/lasentinelle.dz\\\/index.php\\\/2021\\\/11\\\/22\\\/degradation-drastique-du-cadre-de-vie-a-annaba-le-wali-met-les-points-sur-les-i\\\/#article\",\"isPartOf\":{\"@id\":\"https:\\\/\\\/lasentinelle.dz\\\/index.php\\\/2021\\\/11\\\/22\\\/degradation-drastique-du-cadre-de-vie-a-annaba-le-wali-met-les-points-sur-les-i\\\/\"},\"author\":{\"name\":\"La Sentinelle\",\"@id\":\"https:\\\/\\\/lasentinelle.dz\\\/#\\\/schema\\\/person\\\/d865044e22e70a75174ce8bcad3acfb3\"},\"headline\":\"D\u00e9gradation drastique du cadre de vie \u00e0 Annaba : Le wali met les points sur les \u00ab i \u00bb\",\"datePublished\":\"2021-11-21T23:01:00+00:00\",\"mainEntityOfPage\":{\"@id\":\"https:\\\/\\\/lasentinelle.dz\\\/index.php\\\/2021\\\/11\\\/22\\\/degradation-drastique-du-cadre-de-vie-a-annaba-le-wali-met-les-points-sur-les-i\\\/\"},\"wordCount\":685,\"commentCount\":0,\"publisher\":{\"@id\":\"https:\\\/\\\/lasentinelle.dz\\\/#organization\"},\"image\":{\"@id\":\"https:\\\/\\\/lasentinelle.dz\\\/index.php\\\/2021\\\/11\\\/22\\\/degradation-drastique-du-cadre-de-vie-a-annaba-le-wali-met-les-points-sur-les-i\\\/#primaryimage\"},\"thumbnailUrl\":\"https:\\\/\\\/lasentinelle.dz\\\/wp-content\\\/uploads\\\/2021\\\/11\\\/image_2021-11-21_175705.png\",\"articleSection\":[\"R\u00e9gions\"],\"inLanguage\":\"fr-FR\",\"potentialAction\":[{\"@type\":\"CommentAction\",\"name\":\"Comment\",\"target\":[\"https:\\\/\\\/lasentinelle.dz\\\/index.php\\\/2021\\\/11\\\/22\\\/degradation-drastique-du-cadre-de-vie-a-annaba-le-wali-met-les-points-sur-les-i\\\/#respond\"]}]},{\"@type\":\"WebPage\",\"@id\":\"https:\\\/\\\/lasentinelle.dz\\\/index.php\\\/2021\\\/11\\\/22\\\/degradation-drastique-du-cadre-de-vie-a-annaba-le-wali-met-les-points-sur-les-i\\\/\",\"url\":\"https:\\\/\\\/lasentinelle.dz\\\/index.php\\\/2021\\\/11\\\/22\\\/degradation-drastique-du-cadre-de-vie-a-annaba-le-wali-met-les-points-sur-les-i\\\/\",\"name\":\"D\u00e9gradation drastique du cadre de vie \u00e0 Annaba : Le wali met les points sur les \u00ab i \u00bb - La Sentinelle\",\"isPartOf\":{\"@id\":\"https:\\\/\\\/lasentinelle.dz\\\/#website\"},\"primaryImageOfPage\":{\"@id\":\"https:\\\/\\\/lasentinelle.dz\\\/index.php\\\/2021\\\/11\\\/22\\\/degradation-drastique-du-cadre-de-vie-a-annaba-le-wali-met-les-points-sur-les-i\\\/#primaryimage\"},\"image\":{\"@id\":\"https:\\\/\\\/lasentinelle.dz\\\/index.php\\\/2021\\\/11\\\/22\\\/degradation-drastique-du-cadre-de-vie-a-annaba-le-wali-met-les-points-sur-les-i\\\/#primaryimage\"},\"thumbnailUrl\":\"https:\\\/\\\/lasentinelle.dz\\\/wp-content\\\/uploads\\\/2021\\\/11\\\/image_2021-11-21_175705.png\",\"datePublished\":\"2021-11-21T23:01:00+00:00\",\"breadcrumb\":{\"@id\":\"https:\\\/\\\/lasentinelle.dz\\\/index.php\\\/2021\\\/11\\\/22\\\/degradation-drastique-du-cadre-de-vie-a-annaba-le-wali-met-les-points-sur-les-i\\\/#breadcrumb\"},\"inLanguage\":\"fr-FR\",\"potentialAction\":[{\"@type\":\"ReadAction\",\"target\":[\"https:\\\/\\\/lasentinelle.dz\\\/index.php\\\/2021\\\/11\\\/22\\\/degradation-drastique-du-cadre-de-vie-a-annaba-le-wali-met-les-points-sur-les-i\\\/\"]}]},{\"@type\":\"ImageObject\",\"inLanguage\":\"fr-FR\",\"@id\":\"https:\\\/\\\/lasentinelle.dz\\\/index.php\\\/2021\\\/11\\\/22\\\/degradation-drastique-du-cadre-de-vie-a-annaba-le-wali-met-les-points-sur-les-i\\\/#primaryimage\",\"url\":\"https:\\\/\\\/lasentinelle.dz\\\/wp-content\\\/uploads\\\/2021\\\/11\\\/image_2021-11-21_175705.png\",\"contentUrl\":\"https:\\\/\\\/lasentinelle.dz\\\/wp-content\\\/uploads\\\/2021\\\/11\\\/image_2021-11-21_175705.png\",\"width\":259,\"height\":194},{\"@type\":\"BreadcrumbList\",\"@id\":\"https:\\\/\\\/lasentinelle.dz\\\/index.php\\\/2021\\\/11\\\/22\\\/degradation-drastique-du-cadre-de-vie-a-annaba-le-wali-met-les-points-sur-les-i\\\/#breadcrumb\",\"itemListElement\":[{\"@type\":\"ListItem\",\"position\":1,\"name\":\"Accueil\",\"item\":\"https:\\\/\\\/lasentinelle.dz\\\/\"},{\"@type\":\"ListItem\",\"position\":2,\"name\":\"D\u00e9gradation drastique du cadre de vie \u00e0 Annaba : Le wali met les points sur les \u00ab i \u00bb\"}]},{\"@type\":\"WebSite\",\"@id\":\"https:\\\/\\\/lasentinelle.dz\\\/#website\",\"url\":\"https:\\\/\\\/lasentinelle.dz\\\/\",\"name\":\"La Sentinelle\",\"description\":\"Quotidien national d&#039;information\",\"publisher\":{\"@id\":\"https:\\\/\\\/lasentinelle.dz\\\/#organization\"},\"potentialAction\":[{\"@type\":\"SearchAction\",\"target\":{\"@type\":\"EntryPoint\",\"urlTemplate\":\"https:\\\/\\\/lasentinelle.dz\\\/?s={search_term_string}\"},\"query-input\":{\"@type\":\"PropertyValueSpecification\",\"valueRequired\":true,\"valueName\":\"search_term_string\"}}],\"inLanguage\":\"fr-FR\"},{\"@type\":\"Organization\",\"@id\":\"https:\\\/\\\/lasentinelle.dz\\\/#organization\",\"name\":\"Quotidien La Sentinelle\",\"url\":\"https:\\\/\\\/lasentinelle.dz\\\/\",\"logo\":{\"@type\":\"ImageObject\",\"inLanguage\":\"fr-FR\",\"@id\":\"https:\\\/\\\/lasentinelle.dz\\\/#\\\/schema\\\/logo\\\/image\\\/\",\"url\":\"https:\\\/\\\/lasentinelle.dz\\\/wp-content\\\/uploads\\\/2021\\\/09\\\/logo-sentinelleSLOGAN-1.png\",\"contentUrl\":\"https:\\\/\\\/lasentinelle.dz\\\/wp-content\\\/uploads\\\/2021\\\/09\\\/logo-sentinelleSLOGAN-1.png\",\"width\":615,\"height\":142,\"caption\":\"Quotidien La Sentinelle\"},\"image\":{\"@id\":\"https:\\\/\\\/lasentinelle.dz\\\/#\\\/schema\\\/logo\\\/image\\\/\"},\"sameAs\":[\"https:\\\/\\\/www.facebook.com\\\/La-Sentinelle-104059864394773\"]},{\"@type\":\"Person\",\"@id\":\"https:\\\/\\\/lasentinelle.dz\\\/#\\\/schema\\\/person\\\/d865044e22e70a75174ce8bcad3acfb3\",\"name\":\"La Sentinelle\",\"image\":{\"@type\":\"ImageObject\",\"inLanguage\":\"fr-FR\",\"@id\":\"https:\\\/\\\/secure.gravatar.com\\\/avatar\\\/57de8e5d4b15d43fb361a71fbb36338450fe67865b528a43dd10ef7c51a20392?s=96&d=mm&r=g\",\"url\":\"https:\\\/\\\/secure.gravatar.com\\\/avatar\\\/57de8e5d4b15d43fb361a71fbb36338450fe67865b528a43dd10ef7c51a20392?s=96&d=mm&r=g\",\"contentUrl\":\"https:\\\/\\\/secure.gravatar.com\\\/avatar\\\/57de8e5d4b15d43fb361a71fbb36338450fe67865b528a43dd10ef7c51a20392?s=96&d=mm&r=g\",\"caption\":\"La Sentinelle\"},\"sameAs\":[\"http:\\\/\\\/www.lasentinelle.dz\"],\"url\":\"https:\\\/\\\/lasentinelle.dz\\\/author\\\/redaction\\\/\"}]}<\/script>\n<!-- \/ Yoast SEO plugin. -->","yoast_head_json":{"title":"D\u00e9gradation drastique du cadre de vie \u00e0 Annaba : Le wali met les points sur les \u00ab i \u00bb - La Sentinelle","robots":{"index":"index","follow":"follow","max-snippet":"max-snippet:-1","max-image-preview":"max-image-preview:large","max-video-preview":"max-video-preview:-1"},"canonical":"https:\/\/lasentinelle.dz\/index.php\/2021\/11\/22\/degradation-drastique-du-cadre-de-vie-a-annaba-le-wali-met-les-points-sur-les-i\/","og_locale":"fr_FR","og_type":"article","og_title":"D\u00e9gradation drastique du cadre de vie \u00e0 Annaba : Le wali met les points sur les \u00ab i \u00bb - La Sentinelle","og_description":"La d\u00e9gradation du cadre environnemental de la wilaya d\u2019Annaba a suscit\u00e9 l\u2019ire de son premier responsable qui a d\u00e9cid\u00e9 de","og_url":"https:\/\/lasentinelle.dz\/index.php\/2021\/11\/22\/degradation-drastique-du-cadre-de-vie-a-annaba-le-wali-met-les-points-sur-les-i\/","og_site_name":"La Sentinelle","article_publisher":"https:\/\/www.facebook.com\/La-Sentinelle-104059864394773","article_published_time":"2021-11-21T23:01:00+00:00","og_image":[{"width":259,"height":194,"url":"https:\/\/lasentinelle.dz\/wp-content\/uploads\/2021\/11\/image_2021-11-21_175705.png","type":"image\/png"}],"author":"La Sentinelle","twitter_card":"summary_large_image","twitter_misc":{"\u00c9crit par":"La Sentinelle","Dur\u00e9e de lecture estim\u00e9e":"3 minutes"},"schema":{"@context":"https:\/\/schema.org","@graph":[{"@type":"Article","@id":"https:\/\/lasentinelle.dz\/index.php\/2021\/11\/22\/degradation-drastique-du-cadre-de-vie-a-annaba-le-wali-met-les-points-sur-les-i\/#article","isPartOf":{"@id":"https:\/\/lasentinelle.dz\/index.php\/2021\/11\/22\/degradation-drastique-du-cadre-de-vie-a-annaba-le-wali-met-les-points-sur-les-i\/"},"author":{"name":"La Sentinelle","@id":"https:\/\/lasentinelle.dz\/#\/schema\/person\/d865044e22e70a75174ce8bcad3acfb3"},"headline":"D\u00e9gradation drastique du cadre de vie \u00e0 Annaba : Le wali met les points sur les \u00ab i \u00bb","datePublished":"2021-11-21T23:01:00+00:00","mainEntityOfPage":{"@id":"https:\/\/lasentinelle.dz\/index.php\/2021\/11\/22\/degradation-drastique-du-cadre-de-vie-a-annaba-le-wali-met-les-points-sur-les-i\/"},"wordCount":685,"commentCount":0,"publisher":{"@id":"https:\/\/lasentinelle.dz\/#organization"},"image":{"@id":"https:\/\/lasentinelle.dz\/index.php\/2021\/11\/22\/degradation-drastique-du-cadre-de-vie-a-annaba-le-wali-met-les-points-sur-les-i\/#primaryimage"},"thumbnailUrl":"https:\/\/lasentinelle.dz\/wp-content\/uploads\/2021\/11\/image_2021-11-21_175705.png","articleSection":["R\u00e9gions"],"inLanguage":"fr-FR","potentialAction":[{"@type":"CommentAction","name":"Comment","target":["https:\/\/lasentinelle.dz\/index.php\/2021\/11\/22\/degradation-drastique-du-cadre-de-vie-a-annaba-le-wali-met-les-points-sur-les-i\/#respond"]}]},{"@type":"WebPage","@id":"https:\/\/lasentinelle.dz\/index.php\/2021\/11\/22\/degradation-drastique-du-cadre-de-vie-a-annaba-le-wali-met-les-points-sur-les-i\/","url":"https:\/\/lasentinelle.dz\/index.php\/2021\/11\/22\/degradation-drastique-du-cadre-de-vie-a-annaba-le-wali-met-les-points-sur-les-i\/","name":"D\u00e9gradation drastique du cadre de vie \u00e0 Annaba : Le wali met les points sur les \u00ab i \u00bb - La Sentinelle","isPartOf":{"@id":"https:\/\/lasentinelle.dz\/#website"},"primaryImageOfPage":{"@id":"https:\/\/lasentinelle.dz\/index.php\/2021\/11\/22\/degradation-drastique-du-cadre-de-vie-a-annaba-le-wali-met-les-points-sur-les-i\/#primaryimage"},"image":{"@id":"https:\/\/lasentinelle.dz\/index.php\/2021\/11\/22\/degradation-drastique-du-cadre-de-vie-a-annaba-le-wali-met-les-points-sur-les-i\/#primaryimage"},"thumbnailUrl":"https:\/\/lasentinelle.dz\/wp-content\/uploads\/2021\/11\/image_2021-11-21_175705.png","datePublished":"2021-11-21T23:01:00+00:00","breadcrumb":{"@id":"https:\/\/lasentinelle.dz\/index.php\/2021\/11\/22\/degradation-drastique-du-cadre-de-vie-a-annaba-le-wali-met-les-points-sur-les-i\/#breadcrumb"},"inLanguage":"fr-FR","potentialAction":[{"@type":"ReadAction","target":["https:\/\/lasentinelle.dz\/index.php\/2021\/11\/22\/degradation-drastique-du-cadre-de-vie-a-annaba-le-wali-met-les-points-sur-les-i\/"]}]},{"@type":"ImageObject","inLanguage":"fr-FR","@id":"https:\/\/lasentinelle.dz\/index.php\/2021\/11\/22\/degradation-drastique-du-cadre-de-vie-a-annaba-le-wali-met-les-points-sur-les-i\/#primaryimage","url":"https:\/\/lasentinelle.dz\/wp-content\/uploads\/2021\/11\/image_2021-11-21_175705.png","contentUrl":"https:\/\/lasentinelle.dz\/wp-content\/uploads\/2021\/11\/image_2021-11-21_175705.png","width":259,"height":194},{"@type":"BreadcrumbList","@id":"https:\/\/lasentinelle.dz\/index.php\/2021\/11\/22\/degradation-drastique-du-cadre-de-vie-a-annaba-le-wali-met-les-points-sur-les-i\/#breadcrumb","itemListElement":[{"@type":"ListItem","position":1,"name":"Accueil","item":"https:\/\/lasentinelle.dz\/"},{"@type":"ListItem","position":2,"name":"D\u00e9gradation drastique du cadre de vie \u00e0 Annaba : Le wali met les points sur les \u00ab i \u00bb"}]},{"@type":"WebSite","@id":"https:\/\/lasentinelle.dz\/#website","url":"https:\/\/lasentinelle.dz\/","name":"La Sentinelle","description":"Quotidien national d&#039;information","publisher":{"@id":"https:\/\/lasentinelle.dz\/#organization"},"potentialAction":[{"@type":"SearchAction","target":{"@type":"EntryPoint","urlTemplate":"https:\/\/lasentinelle.dz\/?s={search_term_string}"},"query-input":{"@type":"PropertyValueSpecification","valueRequired":true,"valueName":"search_term_string"}}],"inLanguage":"fr-FR"},{"@type":"Organization","@id":"https:\/\/lasentinelle.dz\/#organization","name":"Quotidien La Sentinelle","url":"https:\/\/lasentinelle.dz\/","logo":{"@type":"ImageObject","inLanguage":"fr-FR","@id":"https:\/\/lasentinelle.dz\/#\/schema\/logo\/image\/","url":"https:\/\/lasentinelle.dz\/wp-content\/uploads\/2021\/09\/logo-sentinelleSLOGAN-1.png","contentUrl":"https:\/\/lasentinelle.dz\/wp-content\/uploads\/2021\/09\/logo-sentinelleSLOGAN-1.png","width":615,"height":142,"caption":"Quotidien La Sentinelle"},"image":{"@id":"https:\/\/lasentinelle.dz\/#\/schema\/logo\/image\/"},"sameAs":["https:\/\/www.facebook.com\/La-Sentinelle-104059864394773"]},{"@type":"Person","@id":"https:\/\/lasentinelle.dz\/#\/schema\/person\/d865044e22e70a75174ce8bcad3acfb3","name":"La Sentinelle","image":{"@type":"ImageObject","inLanguage":"fr-FR","@id":"https:\/\/secure.gravatar.com\/avatar\/57de8e5d4b15d43fb361a71fbb36338450fe67865b528a43dd10ef7c51a20392?s=96&d=mm&r=g","url":"https:\/\/secure.gravatar.com\/avatar\/57de8e5d4b15d43fb361a71fbb36338450fe67865b528a43dd10ef7c51a20392?s=96&d=mm&r=g","contentUrl":"https:\/\/secure.gravatar.com\/avatar\/57de8e5d4b15d43fb361a71fbb36338450fe67865b528a43dd10ef7c51a20392?s=96&d=mm&r=g","caption":"La Sentinelle"},"sameAs":["http:\/\/www.lasentinelle.dz"],"url":"https:\/\/lasentinelle.dz\/author\/redaction\/"}]}},"_links":{"self":[{"href":"https:\/\/lasentinelle.dz\/index.php\/wp-json\/wp\/v2\/posts\/13811","targetHints":{"allow":["GET"]}}],"collection":[{"href":"https:\/\/lasentinelle.dz\/index.php\/wp-json\/wp\/v2\/posts"}],"about":[{"href":"https:\/\/lasentinelle.dz\/index.php\/wp-json\/wp\/v2\/types\/post"}],"author":[{"embeddable":true,"href":"https:\/\/lasentinelle.dz\/index.php\/wp-json\/wp\/v2\/users\/3"}],"replies":[{"embeddable":true,"href":"https:\/\/lasentinelle.dz\/index.php\/wp-json\/wp\/v2\/comments?post=13811"}],"version-history":[{"count":1,"href":"https:\/\/lasentinelle.dz\/index.php\/wp-json\/wp\/v2\/posts\/13811\/revisions"}],"predecessor-version":[{"id":13813,"href":"https:\/\/lasentinelle.dz\/index.php\/wp-json\/wp\/v2\/posts\/13811\/revisions\/13813"}],"wp:featuredmedia":[{"embeddable":true,"href":"https:\/\/lasentinelle.dz\/index.php\/wp-json\/wp\/v2\/media\/13812"}],"wp:attachment":[{"href":"https:\/\/lasentinelle.dz\/index.php\/wp-json\/wp\/v2\/media?parent=13811"}],"wp:term":[{"taxonomy":"category","embeddable":true,"href":"https:\/\/lasentinelle.dz\/index.php\/wp-json\/wp\/v2\/categories?post=13811"},{"taxonomy":"post_tag","embeddable":true,"href":"https:\/\/lasentinelle.dz\/index.php\/wp-json\/wp\/v2\/tags?post=13811"}],"curies":[{"name":"wp","href":"https:\/\/api.w.org\/{rel}","templated":true}]}}