{"id":13833,"date":"2021-11-22T00:05:00","date_gmt":"2021-11-21T23:05:00","guid":{"rendered":"https:\/\/lasentinelle.dz\/?p=13833"},"modified":"2021-11-21T19:47:29","modified_gmt":"2021-11-21T18:47:29","slug":"les-manifestations-contre-la-presence-francaise-se-multiplient-la-france-persona-non-grata-au-sahel","status":"publish","type":"post","link":"https:\/\/lasentinelle.dz\/index.php\/2021\/11\/22\/les-manifestations-contre-la-presence-francaise-se-multiplient-la-france-persona-non-grata-au-sahel\/","title":{"rendered":"Les manifestations contre la pr\u00e9sence fran\u00e7aise se multiplient : La France persona non grata au Sahel"},"content":{"rendered":"\n<p>Les manifestations contre la pr\u00e9sence militaire fran\u00e7aise se multiplient dans les pays du Sahel. Apr\u00e8s le Mali, dont la population a clairement affich\u00e9 son rejet pour toute forme de pr\u00e9sence fran\u00e7aise, voil\u00e0 que les Burkinab\u00e9s s\u2019opposent \u00e0 la pr\u00e9sence militaire fran\u00e7aise et le font savoir. Depuis jeudi, le Burkina Faso enregistre des manifestations appelant \u00e0 la fin de la pr\u00e9sence militaire fran\u00e7aise dans le pays.Les Burkinab\u00e9s rejettent la \u00ab&nbsp;recolonisation fran\u00e7aise de l&rsquo;Afrique&nbsp;\u00bb, lui imputant la d\u00e9gradation de la situation s\u00e9curitaire et l&rsquo;\u00e9puisement de leurs ressources naturelles. Les manifestants ont d\u2019ailleurs bloqu\u00e9 d\u00e8s vendredi le passage d\u2019un convoi militaire fran\u00e7ais \u00e0 Kaya, principale ville du centre-nord du Burkina Faso.&nbsp; En provenance de la C\u00f4te d&rsquo;Ivoire et \u00e0 destination du Niger, l&rsquo;avanc\u00e9e du convoi logistique de l&rsquo;arm\u00e9e fran\u00e7aise avait d\u00e9j\u00e0 \u00e9t\u00e9 bloqu\u00e9e mercredi et jeudi par des manifestants \u00e0 Bobo Dioulasso (ouest), puis dans la capitale Ouagadougou o\u00f9 les forces de s\u00e9curit\u00e9 burkinab\u00e9 ont d\u00fb faire usage de gaz lacrymog\u00e8nes pour disperser les manifestants. Et la col\u00e8re ne risque pas de retomber, car les manifestations de Kaya ont enregistr\u00e9 des bless\u00e9s par des tirs de sommation. Ainsi, au moins quatre personnes ont \u00e9t\u00e9 bless\u00e9es samedi ont indiqu\u00e9 les agences de presse citant des sources locales et hospitali\u00e8res. \u00ab&nbsp;Ce matin, la tension est mont\u00e9e d&rsquo;un cran entre les manifestants et les soldats de l&rsquo;arm\u00e9e fran\u00e7aise qui ont pass\u00e9 la nuit, sur un terrain vague. Alors que des manifestants tentaient de s&rsquo;approcher du p\u00e9rim\u00e8tre, des soldats ont proc\u00e9d\u00e9 \u00e0 des tirs de sommation\u00a0\u00bb, a expliqu\u00e9 une source locale, \u00e9voquant \u00ab\u00a0des bless\u00e9s par balles\u00a0\u00bb. \u00ab&nbsp;Quatre personnes bless\u00e9es par balles ont \u00e9t\u00e9 re\u00e7ues aux services des urgences du centre hospitalier r\u00e9gional de Kaya&nbsp;\u00bb, a pr\u00e9cis\u00e9 de son c\u00f4t\u00e9 une source hospitali\u00e8re, pr\u00e9cisant que le \u00ab&nbsp;pronostic vital des patients n&rsquo;est pas en jeu&nbsp;\u00bb.Le quotidien d&rsquo;Etat Sidwaya faisait \u00e9tat samedi soir de \u00ab\u00a0trois bless\u00e9s suite au tirs de sommation\u00a0\u00bb, pr\u00e9cisant que l&rsquo;un d&rsquo;eux a \u00ab\u00a0re\u00e7u une balle dans la joue\u00a0\u00bb. \u00ab\u00a0Un groupe de manifestants a tent\u00e9 de d\u00e9couper le grillage pour entrer dans l&#8217;emprise et les gendarmes burkinab\u00e8 ont tir\u00e9 des grenades lacrymog\u00e8nes pour disperser la foule. Les soldats fran\u00e7ais ont effectu\u00e9 quelques tirs de sommation au-dessus de la foule\u00a0\u00bb, a indiqu\u00e9 une source de l&rsquo;\u00e9tat-major fran\u00e7ais.\u00a0\u00bbIl n&rsquo;y a aucun bless\u00e9 du fait de l&rsquo;action des militaires fran\u00e7ais. Nous<\/p>\n\n\n\n<p>n&rsquo;avons connaissance d&rsquo;aucun bless\u00e9, m\u00eame suite aux tirs de grenade lacrymog\u00e8ne\u00a0\u00bb, selon la m\u00eame source qui assure que \u00ab\u00a0des n\u00e9gociations sont en cours entre les autorit\u00e9s burkinab\u00e8 et les manifestants\u00a0\u00bb.<\/p>\n\n\n\n<p>Au cours des derni\u00e8res semaines, des manifestations similaires ont \u00e9galement eu lieu au Mali, o\u00f9 la population rejette depuis plusieurs mois la pr\u00e9sence militaire fran\u00e7aise. Au mois d\u2019octobre dernier des centaines de personnes sont descendues dans les rues de Bamako la capitale malienne pour manifester contre la pr\u00e9sence militaire fran\u00e7aise. Les protestataires demandent le retrait total des troupes fran\u00e7aises du pays. \u00ab&nbsp;Nous sommes ici pour le Mali, nous sommes ici pour d\u00e9montrer notre souverainet\u00e9 nationale&nbsp;\u00bb, a expliqu\u00e9 Mohamed Ousmane Mohamedoun, membre du Conseil national de transition. Les manifestants ont d\u2019ailleurs affich\u00e9 leur m\u00e9contentement quant \u00e0 un situation de crise politique et s\u00e9curitaire qu\u2019ils imputent au partenariat du Mali avec la France. Bien que les m\u00e9dias fran\u00e7ais tentent d\u2019imputer ces manifestations \u00e0 une pr\u00e9tendue \u00ab&nbsp;mont\u00e9e du sentiment antifran\u00e7ais&nbsp;\u00bb, il est clair que celles-ci sont le reflet d\u2019une certaine prise de conscience des Africains qui rejettent aujourd\u2019hui l\u2019influence et le n\u00e9ocolonialisme fran\u00e7ais. Ils aspirent aujourd\u2019hui au respect de leur souverainet\u00e9 et \u00e0 une refonte des rapports avec l\u2019ancienne puissance coloniale, d\u2019\u00e9gal \u00e0 \u00e9gal.<\/p>\n\n\n\n<p><strong>ChokriHafed<\/strong><\/p>\n","protected":false},"excerpt":{"rendered":"<p>Les manifestations contre la pr\u00e9sence militaire fran\u00e7aise se multiplient dans les pays du Sahel. Apr\u00e8s le Mali, dont la population<\/p>\n","protected":false},"author":3,"featured_media":13838,"comment_status":"open","ping_status":"closed","sticky":false,"template":"","format":"standard","meta":{"colormag_page_container_layout":"default_layout","colormag_page_sidebar_layout":"default_layout","om_disable_all_campaigns":false,"_monsterinsights_skip_tracking":false,"_monsterinsights_sitenote_active":false,"_monsterinsights_sitenote_note":"","_monsterinsights_sitenote_category":0,"footnotes":"","_wpscppro_dont_share_socialmedia":false,"_wpscppro_custom_social_share_image":0,"_facebook_share_type":"","_twitter_share_type":"","_linkedin_share_type":"","_pinterest_share_type":"","_linkedin_share_type_page":"","_instagram_share_type":"","_medium_share_type":"","_threads_share_type":"","_google_business_share_type":"","_selected_social_profile":[],"_wpsp_enable_custom_social_template":false,"_wpsp_social_scheduling":{"enabled":false,"datetime":null,"platforms":[],"status":"template_only","dateOption":"today","timeOption":"now","customDays":"","customHours":"","customDate":"","customTime":"","schedulingType":"absolute"},"_wpsp_active_default_template":true},"categories":[52,37],"tags":[],"class_list":["post-13833","post","type-post","status-publish","format-standard","has-post-thumbnail","hentry","category-a-la-une","category-monde"],"aioseo_notices":[],"yoast_head":"<!-- This site is optimized with the Yoast SEO plugin v27.5 - https:\/\/yoast.com\/product\/yoast-seo-wordpress\/ -->\n<title>Les manifestations contre la pr\u00e9sence fran\u00e7aise se multiplient : La France persona non grata au Sahel - La Sentinelle<\/title>\n<meta name=\"robots\" content=\"index, follow, max-snippet:-1, max-image-preview:large, max-video-preview:-1\" \/>\n<link rel=\"canonical\" href=\"https:\/\/lasentinelle.dz\/index.php\/2021\/11\/22\/les-manifestations-contre-la-presence-francaise-se-multiplient-la-france-persona-non-grata-au-sahel\/\" \/>\n<meta property=\"og:locale\" content=\"fr_FR\" \/>\n<meta property=\"og:type\" content=\"article\" \/>\n<meta property=\"og:title\" content=\"Les manifestations contre la pr\u00e9sence fran\u00e7aise se multiplient : La France persona non grata au Sahel - La Sentinelle\" \/>\n<meta property=\"og:description\" content=\"Les manifestations contre la pr\u00e9sence militaire fran\u00e7aise se multiplient dans les pays du Sahel. Apr\u00e8s le Mali, dont la population\" \/>\n<meta property=\"og:url\" content=\"https:\/\/lasentinelle.dz\/index.php\/2021\/11\/22\/les-manifestations-contre-la-presence-francaise-se-multiplient-la-france-persona-non-grata-au-sahel\/\" \/>\n<meta property=\"og:site_name\" content=\"La Sentinelle\" \/>\n<meta property=\"article:publisher\" content=\"https:\/\/www.facebook.com\/La-Sentinelle-104059864394773\" \/>\n<meta property=\"article:published_time\" content=\"2021-11-21T23:05:00+00:00\" \/>\n<meta property=\"og:image\" content=\"https:\/\/lasentinelle.dz\/wp-content\/uploads\/2021\/11\/Sans-titre-1-13.png\" \/>\n\t<meta property=\"og:image:width\" content=\"1602\" \/>\n\t<meta property=\"og:image:height\" content=\"900\" \/>\n\t<meta property=\"og:image:type\" content=\"image\/png\" \/>\n<meta name=\"author\" content=\"La Sentinelle\" \/>\n<meta name=\"twitter:card\" content=\"summary_large_image\" \/>\n<meta name=\"twitter:label1\" content=\"\u00c9crit par\" \/>\n\t<meta name=\"twitter:data1\" content=\"La Sentinelle\" \/>\n\t<meta name=\"twitter:label2\" content=\"Dur\u00e9e de lecture estim\u00e9e\" \/>\n\t<meta name=\"twitter:data2\" content=\"3 minutes\" \/>\n<script type=\"application\/ld+json\" class=\"yoast-schema-graph\">{\"@context\":\"https:\\\/\\\/schema.org\",\"@graph\":[{\"@type\":\"Article\",\"@id\":\"https:\\\/\\\/lasentinelle.dz\\\/index.php\\\/2021\\\/11\\\/22\\\/les-manifestations-contre-la-presence-francaise-se-multiplient-la-france-persona-non-grata-au-sahel\\\/#article\",\"isPartOf\":{\"@id\":\"https:\\\/\\\/lasentinelle.dz\\\/index.php\\\/2021\\\/11\\\/22\\\/les-manifestations-contre-la-presence-francaise-se-multiplient-la-france-persona-non-grata-au-sahel\\\/\"},\"author\":{\"name\":\"La Sentinelle\",\"@id\":\"https:\\\/\\\/lasentinelle.dz\\\/#\\\/schema\\\/person\\\/d865044e22e70a75174ce8bcad3acfb3\"},\"headline\":\"Les manifestations contre la pr\u00e9sence fran\u00e7aise se multiplient : La France persona non grata au Sahel\",\"datePublished\":\"2021-11-21T23:05:00+00:00\",\"mainEntityOfPage\":{\"@id\":\"https:\\\/\\\/lasentinelle.dz\\\/index.php\\\/2021\\\/11\\\/22\\\/les-manifestations-contre-la-presence-francaise-se-multiplient-la-france-persona-non-grata-au-sahel\\\/\"},\"wordCount\":707,\"commentCount\":0,\"publisher\":{\"@id\":\"https:\\\/\\\/lasentinelle.dz\\\/#organization\"},\"image\":{\"@id\":\"https:\\\/\\\/lasentinelle.dz\\\/index.php\\\/2021\\\/11\\\/22\\\/les-manifestations-contre-la-presence-francaise-se-multiplient-la-france-persona-non-grata-au-sahel\\\/#primaryimage\"},\"thumbnailUrl\":\"https:\\\/\\\/lasentinelle.dz\\\/wp-content\\\/uploads\\\/2021\\\/11\\\/Sans-titre-1-13.png\",\"articleSection\":[\"\u00c0 la Une\",\"Monde\"],\"inLanguage\":\"fr-FR\",\"potentialAction\":[{\"@type\":\"CommentAction\",\"name\":\"Comment\",\"target\":[\"https:\\\/\\\/lasentinelle.dz\\\/index.php\\\/2021\\\/11\\\/22\\\/les-manifestations-contre-la-presence-francaise-se-multiplient-la-france-persona-non-grata-au-sahel\\\/#respond\"]}]},{\"@type\":\"WebPage\",\"@id\":\"https:\\\/\\\/lasentinelle.dz\\\/index.php\\\/2021\\\/11\\\/22\\\/les-manifestations-contre-la-presence-francaise-se-multiplient-la-france-persona-non-grata-au-sahel\\\/\",\"url\":\"https:\\\/\\\/lasentinelle.dz\\\/index.php\\\/2021\\\/11\\\/22\\\/les-manifestations-contre-la-presence-francaise-se-multiplient-la-france-persona-non-grata-au-sahel\\\/\",\"name\":\"Les manifestations contre la pr\u00e9sence fran\u00e7aise se multiplient : La France persona non grata au Sahel - La Sentinelle\",\"isPartOf\":{\"@id\":\"https:\\\/\\\/lasentinelle.dz\\\/#website\"},\"primaryImageOfPage\":{\"@id\":\"https:\\\/\\\/lasentinelle.dz\\\/index.php\\\/2021\\\/11\\\/22\\\/les-manifestations-contre-la-presence-francaise-se-multiplient-la-france-persona-non-grata-au-sahel\\\/#primaryimage\"},\"image\":{\"@id\":\"https:\\\/\\\/lasentinelle.dz\\\/index.php\\\/2021\\\/11\\\/22\\\/les-manifestations-contre-la-presence-francaise-se-multiplient-la-france-persona-non-grata-au-sahel\\\/#primaryimage\"},\"thumbnailUrl\":\"https:\\\/\\\/lasentinelle.dz\\\/wp-content\\\/uploads\\\/2021\\\/11\\\/Sans-titre-1-13.png\",\"datePublished\":\"2021-11-21T23:05:00+00:00\",\"breadcrumb\":{\"@id\":\"https:\\\/\\\/lasentinelle.dz\\\/index.php\\\/2021\\\/11\\\/22\\\/les-manifestations-contre-la-presence-francaise-se-multiplient-la-france-persona-non-grata-au-sahel\\\/#breadcrumb\"},\"inLanguage\":\"fr-FR\",\"potentialAction\":[{\"@type\":\"ReadAction\",\"target\":[\"https:\\\/\\\/lasentinelle.dz\\\/index.php\\\/2021\\\/11\\\/22\\\/les-manifestations-contre-la-presence-francaise-se-multiplient-la-france-persona-non-grata-au-sahel\\\/\"]}]},{\"@type\":\"ImageObject\",\"inLanguage\":\"fr-FR\",\"@id\":\"https:\\\/\\\/lasentinelle.dz\\\/index.php\\\/2021\\\/11\\\/22\\\/les-manifestations-contre-la-presence-francaise-se-multiplient-la-france-persona-non-grata-au-sahel\\\/#primaryimage\",\"url\":\"https:\\\/\\\/lasentinelle.dz\\\/wp-content\\\/uploads\\\/2021\\\/11\\\/Sans-titre-1-13.png\",\"contentUrl\":\"https:\\\/\\\/lasentinelle.dz\\\/wp-content\\\/uploads\\\/2021\\\/11\\\/Sans-titre-1-13.png\",\"width\":1602,\"height\":900},{\"@type\":\"BreadcrumbList\",\"@id\":\"https:\\\/\\\/lasentinelle.dz\\\/index.php\\\/2021\\\/11\\\/22\\\/les-manifestations-contre-la-presence-francaise-se-multiplient-la-france-persona-non-grata-au-sahel\\\/#breadcrumb\",\"itemListElement\":[{\"@type\":\"ListItem\",\"position\":1,\"name\":\"Accueil\",\"item\":\"https:\\\/\\\/lasentinelle.dz\\\/\"},{\"@type\":\"ListItem\",\"position\":2,\"name\":\"Les manifestations contre la pr\u00e9sence fran\u00e7aise se multiplient : La France persona non grata au Sahel\"}]},{\"@type\":\"WebSite\",\"@id\":\"https:\\\/\\\/lasentinelle.dz\\\/#website\",\"url\":\"https:\\\/\\\/lasentinelle.dz\\\/\",\"name\":\"La Sentinelle\",\"description\":\"Quotidien national d&#039;information\",\"publisher\":{\"@id\":\"https:\\\/\\\/lasentinelle.dz\\\/#organization\"},\"potentialAction\":[{\"@type\":\"SearchAction\",\"target\":{\"@type\":\"EntryPoint\",\"urlTemplate\":\"https:\\\/\\\/lasentinelle.dz\\\/?s={search_term_string}\"},\"query-input\":{\"@type\":\"PropertyValueSpecification\",\"valueRequired\":true,\"valueName\":\"search_term_string\"}}],\"inLanguage\":\"fr-FR\"},{\"@type\":\"Organization\",\"@id\":\"https:\\\/\\\/lasentinelle.dz\\\/#organization\",\"name\":\"Quotidien La Sentinelle\",\"url\":\"https:\\\/\\\/lasentinelle.dz\\\/\",\"logo\":{\"@type\":\"ImageObject\",\"inLanguage\":\"fr-FR\",\"@id\":\"https:\\\/\\\/lasentinelle.dz\\\/#\\\/schema\\\/logo\\\/image\\\/\",\"url\":\"https:\\\/\\\/lasentinelle.dz\\\/wp-content\\\/uploads\\\/2021\\\/09\\\/logo-sentinelleSLOGAN-1.png\",\"contentUrl\":\"https:\\\/\\\/lasentinelle.dz\\\/wp-content\\\/uploads\\\/2021\\\/09\\\/logo-sentinelleSLOGAN-1.png\",\"width\":615,\"height\":142,\"caption\":\"Quotidien La Sentinelle\"},\"image\":{\"@id\":\"https:\\\/\\\/lasentinelle.dz\\\/#\\\/schema\\\/logo\\\/image\\\/\"},\"sameAs\":[\"https:\\\/\\\/www.facebook.com\\\/La-Sentinelle-104059864394773\"]},{\"@type\":\"Person\",\"@id\":\"https:\\\/\\\/lasentinelle.dz\\\/#\\\/schema\\\/person\\\/d865044e22e70a75174ce8bcad3acfb3\",\"name\":\"La Sentinelle\",\"image\":{\"@type\":\"ImageObject\",\"inLanguage\":\"fr-FR\",\"@id\":\"https:\\\/\\\/secure.gravatar.com\\\/avatar\\\/57de8e5d4b15d43fb361a71fbb36338450fe67865b528a43dd10ef7c51a20392?s=96&d=mm&r=g\",\"url\":\"https:\\\/\\\/secure.gravatar.com\\\/avatar\\\/57de8e5d4b15d43fb361a71fbb36338450fe67865b528a43dd10ef7c51a20392?s=96&d=mm&r=g\",\"contentUrl\":\"https:\\\/\\\/secure.gravatar.com\\\/avatar\\\/57de8e5d4b15d43fb361a71fbb36338450fe67865b528a43dd10ef7c51a20392?s=96&d=mm&r=g\",\"caption\":\"La Sentinelle\"},\"sameAs\":[\"http:\\\/\\\/www.lasentinelle.dz\"],\"url\":\"https:\\\/\\\/lasentinelle.dz\\\/author\\\/redaction\\\/\"}]}<\/script>\n<!-- \/ Yoast SEO plugin. -->","yoast_head_json":{"title":"Les manifestations contre la pr\u00e9sence fran\u00e7aise se multiplient : La France persona non grata au Sahel - La Sentinelle","robots":{"index":"index","follow":"follow","max-snippet":"max-snippet:-1","max-image-preview":"max-image-preview:large","max-video-preview":"max-video-preview:-1"},"canonical":"https:\/\/lasentinelle.dz\/index.php\/2021\/11\/22\/les-manifestations-contre-la-presence-francaise-se-multiplient-la-france-persona-non-grata-au-sahel\/","og_locale":"fr_FR","og_type":"article","og_title":"Les manifestations contre la pr\u00e9sence fran\u00e7aise se multiplient : La France persona non grata au Sahel - La Sentinelle","og_description":"Les manifestations contre la pr\u00e9sence militaire fran\u00e7aise se multiplient dans les pays du Sahel. Apr\u00e8s le Mali, dont la population","og_url":"https:\/\/lasentinelle.dz\/index.php\/2021\/11\/22\/les-manifestations-contre-la-presence-francaise-se-multiplient-la-france-persona-non-grata-au-sahel\/","og_site_name":"La Sentinelle","article_publisher":"https:\/\/www.facebook.com\/La-Sentinelle-104059864394773","article_published_time":"2021-11-21T23:05:00+00:00","og_image":[{"width":1602,"height":900,"url":"https:\/\/lasentinelle.dz\/wp-content\/uploads\/2021\/11\/Sans-titre-1-13.png","type":"image\/png"}],"author":"La Sentinelle","twitter_card":"summary_large_image","twitter_misc":{"\u00c9crit par":"La Sentinelle","Dur\u00e9e de lecture estim\u00e9e":"3 minutes"},"schema":{"@context":"https:\/\/schema.org","@graph":[{"@type":"Article","@id":"https:\/\/lasentinelle.dz\/index.php\/2021\/11\/22\/les-manifestations-contre-la-presence-francaise-se-multiplient-la-france-persona-non-grata-au-sahel\/#article","isPartOf":{"@id":"https:\/\/lasentinelle.dz\/index.php\/2021\/11\/22\/les-manifestations-contre-la-presence-francaise-se-multiplient-la-france-persona-non-grata-au-sahel\/"},"author":{"name":"La Sentinelle","@id":"https:\/\/lasentinelle.dz\/#\/schema\/person\/d865044e22e70a75174ce8bcad3acfb3"},"headline":"Les manifestations contre la pr\u00e9sence fran\u00e7aise se multiplient : La France persona non grata au Sahel","datePublished":"2021-11-21T23:05:00+00:00","mainEntityOfPage":{"@id":"https:\/\/lasentinelle.dz\/index.php\/2021\/11\/22\/les-manifestations-contre-la-presence-francaise-se-multiplient-la-france-persona-non-grata-au-sahel\/"},"wordCount":707,"commentCount":0,"publisher":{"@id":"https:\/\/lasentinelle.dz\/#organization"},"image":{"@id":"https:\/\/lasentinelle.dz\/index.php\/2021\/11\/22\/les-manifestations-contre-la-presence-francaise-se-multiplient-la-france-persona-non-grata-au-sahel\/#primaryimage"},"thumbnailUrl":"https:\/\/lasentinelle.dz\/wp-content\/uploads\/2021\/11\/Sans-titre-1-13.png","articleSection":["\u00c0 la Une","Monde"],"inLanguage":"fr-FR","potentialAction":[{"@type":"CommentAction","name":"Comment","target":["https:\/\/lasentinelle.dz\/index.php\/2021\/11\/22\/les-manifestations-contre-la-presence-francaise-se-multiplient-la-france-persona-non-grata-au-sahel\/#respond"]}]},{"@type":"WebPage","@id":"https:\/\/lasentinelle.dz\/index.php\/2021\/11\/22\/les-manifestations-contre-la-presence-francaise-se-multiplient-la-france-persona-non-grata-au-sahel\/","url":"https:\/\/lasentinelle.dz\/index.php\/2021\/11\/22\/les-manifestations-contre-la-presence-francaise-se-multiplient-la-france-persona-non-grata-au-sahel\/","name":"Les manifestations contre la pr\u00e9sence fran\u00e7aise se multiplient : La France persona non grata au Sahel - La Sentinelle","isPartOf":{"@id":"https:\/\/lasentinelle.dz\/#website"},"primaryImageOfPage":{"@id":"https:\/\/lasentinelle.dz\/index.php\/2021\/11\/22\/les-manifestations-contre-la-presence-francaise-se-multiplient-la-france-persona-non-grata-au-sahel\/#primaryimage"},"image":{"@id":"https:\/\/lasentinelle.dz\/index.php\/2021\/11\/22\/les-manifestations-contre-la-presence-francaise-se-multiplient-la-france-persona-non-grata-au-sahel\/#primaryimage"},"thumbnailUrl":"https:\/\/lasentinelle.dz\/wp-content\/uploads\/2021\/11\/Sans-titre-1-13.png","datePublished":"2021-11-21T23:05:00+00:00","breadcrumb":{"@id":"https:\/\/lasentinelle.dz\/index.php\/2021\/11\/22\/les-manifestations-contre-la-presence-francaise-se-multiplient-la-france-persona-non-grata-au-sahel\/#breadcrumb"},"inLanguage":"fr-FR","potentialAction":[{"@type":"ReadAction","target":["https:\/\/lasentinelle.dz\/index.php\/2021\/11\/22\/les-manifestations-contre-la-presence-francaise-se-multiplient-la-france-persona-non-grata-au-sahel\/"]}]},{"@type":"ImageObject","inLanguage":"fr-FR","@id":"https:\/\/lasentinelle.dz\/index.php\/2021\/11\/22\/les-manifestations-contre-la-presence-francaise-se-multiplient-la-france-persona-non-grata-au-sahel\/#primaryimage","url":"https:\/\/lasentinelle.dz\/wp-content\/uploads\/2021\/11\/Sans-titre-1-13.png","contentUrl":"https:\/\/lasentinelle.dz\/wp-content\/uploads\/2021\/11\/Sans-titre-1-13.png","width":1602,"height":900},{"@type":"BreadcrumbList","@id":"https:\/\/lasentinelle.dz\/index.php\/2021\/11\/22\/les-manifestations-contre-la-presence-francaise-se-multiplient-la-france-persona-non-grata-au-sahel\/#breadcrumb","itemListElement":[{"@type":"ListItem","position":1,"name":"Accueil","item":"https:\/\/lasentinelle.dz\/"},{"@type":"ListItem","position":2,"name":"Les manifestations contre la pr\u00e9sence fran\u00e7aise se multiplient : La France persona non grata au Sahel"}]},{"@type":"WebSite","@id":"https:\/\/lasentinelle.dz\/#website","url":"https:\/\/lasentinelle.dz\/","name":"La Sentinelle","description":"Quotidien national d&#039;information","publisher":{"@id":"https:\/\/lasentinelle.dz\/#organization"},"potentialAction":[{"@type":"SearchAction","target":{"@type":"EntryPoint","urlTemplate":"https:\/\/lasentinelle.dz\/?s={search_term_string}"},"query-input":{"@type":"PropertyValueSpecification","valueRequired":true,"valueName":"search_term_string"}}],"inLanguage":"fr-FR"},{"@type":"Organization","@id":"https:\/\/lasentinelle.dz\/#organization","name":"Quotidien La Sentinelle","url":"https:\/\/lasentinelle.dz\/","logo":{"@type":"ImageObject","inLanguage":"fr-FR","@id":"https:\/\/lasentinelle.dz\/#\/schema\/logo\/image\/","url":"https:\/\/lasentinelle.dz\/wp-content\/uploads\/2021\/09\/logo-sentinelleSLOGAN-1.png","contentUrl":"https:\/\/lasentinelle.dz\/wp-content\/uploads\/2021\/09\/logo-sentinelleSLOGAN-1.png","width":615,"height":142,"caption":"Quotidien La Sentinelle"},"image":{"@id":"https:\/\/lasentinelle.dz\/#\/schema\/logo\/image\/"},"sameAs":["https:\/\/www.facebook.com\/La-Sentinelle-104059864394773"]},{"@type":"Person","@id":"https:\/\/lasentinelle.dz\/#\/schema\/person\/d865044e22e70a75174ce8bcad3acfb3","name":"La Sentinelle","image":{"@type":"ImageObject","inLanguage":"fr-FR","@id":"https:\/\/secure.gravatar.com\/avatar\/57de8e5d4b15d43fb361a71fbb36338450fe67865b528a43dd10ef7c51a20392?s=96&d=mm&r=g","url":"https:\/\/secure.gravatar.com\/avatar\/57de8e5d4b15d43fb361a71fbb36338450fe67865b528a43dd10ef7c51a20392?s=96&d=mm&r=g","contentUrl":"https:\/\/secure.gravatar.com\/avatar\/57de8e5d4b15d43fb361a71fbb36338450fe67865b528a43dd10ef7c51a20392?s=96&d=mm&r=g","caption":"La Sentinelle"},"sameAs":["http:\/\/www.lasentinelle.dz"],"url":"https:\/\/lasentinelle.dz\/author\/redaction\/"}]}},"_links":{"self":[{"href":"https:\/\/lasentinelle.dz\/index.php\/wp-json\/wp\/v2\/posts\/13833","targetHints":{"allow":["GET"]}}],"collection":[{"href":"https:\/\/lasentinelle.dz\/index.php\/wp-json\/wp\/v2\/posts"}],"about":[{"href":"https:\/\/lasentinelle.dz\/index.php\/wp-json\/wp\/v2\/types\/post"}],"author":[{"embeddable":true,"href":"https:\/\/lasentinelle.dz\/index.php\/wp-json\/wp\/v2\/users\/3"}],"replies":[{"embeddable":true,"href":"https:\/\/lasentinelle.dz\/index.php\/wp-json\/wp\/v2\/comments?post=13833"}],"version-history":[{"count":1,"href":"https:\/\/lasentinelle.dz\/index.php\/wp-json\/wp\/v2\/posts\/13833\/revisions"}],"predecessor-version":[{"id":13839,"href":"https:\/\/lasentinelle.dz\/index.php\/wp-json\/wp\/v2\/posts\/13833\/revisions\/13839"}],"wp:featuredmedia":[{"embeddable":true,"href":"https:\/\/lasentinelle.dz\/index.php\/wp-json\/wp\/v2\/media\/13838"}],"wp:attachment":[{"href":"https:\/\/lasentinelle.dz\/index.php\/wp-json\/wp\/v2\/media?parent=13833"}],"wp:term":[{"taxonomy":"category","embeddable":true,"href":"https:\/\/lasentinelle.dz\/index.php\/wp-json\/wp\/v2\/categories?post=13833"},{"taxonomy":"post_tag","embeddable":true,"href":"https:\/\/lasentinelle.dz\/index.php\/wp-json\/wp\/v2\/tags?post=13833"}],"curies":[{"name":"wp","href":"https:\/\/api.w.org\/{rel}","templated":true}]}}