{"id":13848,"date":"2021-11-22T00:01:00","date_gmt":"2021-11-21T23:01:00","guid":{"rendered":"https:\/\/lasentinelle.dz\/?p=13848"},"modified":"2021-11-21T20:37:42","modified_gmt":"2021-11-21T19:37:42","slug":"reelection-du-pr-belhadj-a-la-cihef-une-consecration-pour-laction-diplomatique-de-lalgerie","status":"publish","type":"post","link":"https:\/\/lasentinelle.dz\/index.php\/2021\/11\/22\/reelection-du-pr-belhadj-a-la-cihef-une-consecration-pour-laction-diplomatique-de-lalgerie\/","title":{"rendered":"R\u00e9\u00e9lection du Pr. Belhadj \u00e0 la CIHEF : Une  cons\u00e9cration pour l&rsquo;action diplomatique de l&rsquo;Alg\u00e9rie"},"content":{"rendered":"\n<p>Dans un communiqu\u00e9 rendu public hier, le minist\u00e8re des Affaires \u00e9trang\u00e8res et de la Communaut\u00e9 nationale \u00e0 l\u2019\u00e9tranger s\u2019est f\u00e9licit\u00e9 de la r\u00e9\u00e9lection pour un deuxi\u00e8me mandat de cinq ans du Professeur Rachid Belhadj en qualit\u00e9 de membre de la Commission internationale humanitaire d&rsquo;\u00e9tablissement des faits (CIHEF). En effet, pour le MAECNE, cette r\u00e9\u00e9lection \u00ab\u00a0constitue une cons\u00e9cration suppl\u00e9mentaire de l&rsquo;action diplomatique de l&rsquo;Alg\u00e9rie et traduit l&rsquo;attachement de notre pays au mandat de cette Commission dans la mise en \u0153uvre du droit humanitaire international\u00a0\u00bb. Cette r\u00e9\u00e9lection est&nbsp; \u00ab\u00a0une reconnaissance m\u00e9rit\u00e9e des qualit\u00e9s personnelles du candidat alg\u00e9rien et de sa contribution aux travaux de la CIHEF depuis son \u00e9lection pour un premier mandat en 2017\u00a0\u00bb, ajoute le minist\u00e8re des Affaires \u00e9trang\u00e8res.A noter par ailleurs que M.Belhadj, chef du service de la m\u00e9decine l\u00e9gale au CHU Mustapha-Pacha et pr\u00e9sident du Conseil scientifique de la facult\u00e9 de m\u00e9decine d&rsquo;Alger, qui a \u00e9t\u00e9 ainsi \u00e9t\u00e9 f\u00e9licit\u00e9 par M. Ramtane Lamamra, a \u00e9t\u00e9&nbsp; r\u00e9\u00e9lu par 53 voix sur les 58 qui ont pris part au vote \u00e0 l&rsquo;occasion de la r\u00e9union des 76 Etats parties au Protocole additionnel 1 aux Conventions de Gen\u00e8ve qui ont accept\u00e9 la comp\u00e9tence de la CIHEF, dont l&rsquo;Alg\u00e9rie, qui s&rsquo;est tenue, \u00e0 Berne, en Suisse.Par ailleurs, rappelons que les autres candidats \u00e9lus sont issus des quatorze pays suivants \u00e0 savoir l\u2019Allemagne, l\u2019Argentine, la Belgique, le Chili, le Costa Rica, les Emirats arabes unis, Madagascar, la&nbsp; Mongolie, la Pologne, le Portugal, le Qatar, le Royaume-Uni, la Slovaquie et la Su\u00e8de. Des membres qui se r\u00e9unissent dans le cadre de la Commission internationale humanitaire d&rsquo;\u00e9tablissement des faits est un organe de 15 experts cr\u00e9\u00e9e en application des dispositions du Protocole additionnel 1 aux Conventions de Gen\u00e8ve relatif \u00e0 la protection des victimes de conflits arm\u00e9s internationaux pour r\u00e9pondre aux incidents li\u00e9s au droit international humanitaire.Parmi ses missions, la commission&nbsp; se tient \u00e0 la disposition des parties \u00e0 un conflit arm\u00e9 pour veiller et faciliter par ses bons offices le respect du droit international humanitaire. Des experts alg\u00e9riens ont toujours si\u00e9g\u00e9 au sein de cette Commission depuis sa mise en place en 1991.<\/p>\n\n\n\n<p>A rappeler enfin que, l\u2019Alg\u00e9rie conna\u00eet un renouveau en mati\u00e8re d\u2019action diplomatique. Une v\u00e9ritable mue est en train de s\u2019effectuer actuellement sous l\u2019impulsion du pr\u00e9sident de la r\u00e9publique qui a fait de cette transformation un de ses plus importants objectifs.<\/p>\n\n\n\n<p>Kamel Nait Ameur<\/p>\n","protected":false},"excerpt":{"rendered":"<p>Dans un communiqu\u00e9 rendu public hier, le minist\u00e8re des Affaires \u00e9trang\u00e8res et de la Communaut\u00e9 nationale \u00e0 l\u2019\u00e9tranger s\u2019est f\u00e9licit\u00e9<\/p>\n","protected":false},"author":3,"featured_media":13852,"comment_status":"open","ping_status":"closed","sticky":false,"template":"","format":"standard","meta":{"colormag_page_container_layout":"default_layout","colormag_page_sidebar_layout":"default_layout","om_disable_all_campaigns":false,"_monsterinsights_skip_tracking":false,"_monsterinsights_sitenote_active":false,"_monsterinsights_sitenote_note":"","_monsterinsights_sitenote_category":0,"footnotes":"","_wpscppro_dont_share_socialmedia":false,"_wpscppro_custom_social_share_image":0,"_facebook_share_type":"","_twitter_share_type":"","_linkedin_share_type":"","_pinterest_share_type":"","_linkedin_share_type_page":"","_instagram_share_type":"","_medium_share_type":"","_threads_share_type":"","_google_business_share_type":"","_selected_social_profile":[],"_wpsp_enable_custom_social_template":false,"_wpsp_social_scheduling":{"enabled":false,"datetime":null,"platforms":[],"status":"template_only","dateOption":"today","timeOption":"now","customDays":"","customHours":"","customDate":"","customTime":"","schedulingType":"absolute"},"_wpsp_active_default_template":true},"categories":[27],"tags":[],"class_list":["post-13848","post","type-post","status-publish","format-standard","has-post-thumbnail","hentry","category-actualite"],"aioseo_notices":[],"yoast_head":"<!-- This site is optimized with the Yoast SEO plugin v27.5 - https:\/\/yoast.com\/product\/yoast-seo-wordpress\/ -->\n<title>R\u00e9\u00e9lection du Pr. Belhadj \u00e0 la CIHEF : Une cons\u00e9cration pour l&#039;action diplomatique de l&#039;Alg\u00e9rie - La Sentinelle<\/title>\n<meta name=\"robots\" content=\"index, follow, max-snippet:-1, max-image-preview:large, max-video-preview:-1\" \/>\n<link rel=\"canonical\" href=\"https:\/\/lasentinelle.dz\/index.php\/2021\/11\/22\/reelection-du-pr-belhadj-a-la-cihef-une-consecration-pour-laction-diplomatique-de-lalgerie\/\" \/>\n<meta property=\"og:locale\" content=\"fr_FR\" \/>\n<meta property=\"og:type\" content=\"article\" \/>\n<meta property=\"og:title\" content=\"R\u00e9\u00e9lection du Pr. Belhadj \u00e0 la CIHEF : Une cons\u00e9cration pour l&#039;action diplomatique de l&#039;Alg\u00e9rie - La Sentinelle\" \/>\n<meta property=\"og:description\" content=\"Dans un communiqu\u00e9 rendu public hier, le minist\u00e8re des Affaires \u00e9trang\u00e8res et de la Communaut\u00e9 nationale \u00e0 l\u2019\u00e9tranger s\u2019est f\u00e9licit\u00e9\" \/>\n<meta property=\"og:url\" content=\"https:\/\/lasentinelle.dz\/index.php\/2021\/11\/22\/reelection-du-pr-belhadj-a-la-cihef-une-consecration-pour-laction-diplomatique-de-lalgerie\/\" \/>\n<meta property=\"og:site_name\" content=\"La Sentinelle\" \/>\n<meta property=\"article:publisher\" content=\"https:\/\/www.facebook.com\/La-Sentinelle-104059864394773\" \/>\n<meta property=\"article:published_time\" content=\"2021-11-21T23:01:00+00:00\" \/>\n<meta property=\"og:image\" content=\"https:\/\/lasentinelle.dz\/wp-content\/uploads\/2021\/11\/image_2021-11-21_203737.png\" \/>\n\t<meta property=\"og:image:width\" content=\"300\" \/>\n\t<meta property=\"og:image:height\" content=\"181\" \/>\n\t<meta property=\"og:image:type\" content=\"image\/png\" \/>\n<meta name=\"author\" content=\"La Sentinelle\" \/>\n<meta name=\"twitter:card\" content=\"summary_large_image\" \/>\n<meta name=\"twitter:label1\" content=\"\u00c9crit par\" \/>\n\t<meta name=\"twitter:data1\" content=\"La Sentinelle\" \/>\n\t<meta name=\"twitter:label2\" content=\"Dur\u00e9e de lecture estim\u00e9e\" \/>\n\t<meta name=\"twitter:data2\" content=\"2 minutes\" \/>\n<script type=\"application\/ld+json\" class=\"yoast-schema-graph\">{\"@context\":\"https:\\\/\\\/schema.org\",\"@graph\":[{\"@type\":\"Article\",\"@id\":\"https:\\\/\\\/lasentinelle.dz\\\/index.php\\\/2021\\\/11\\\/22\\\/reelection-du-pr-belhadj-a-la-cihef-une-consecration-pour-laction-diplomatique-de-lalgerie\\\/#article\",\"isPartOf\":{\"@id\":\"https:\\\/\\\/lasentinelle.dz\\\/index.php\\\/2021\\\/11\\\/22\\\/reelection-du-pr-belhadj-a-la-cihef-une-consecration-pour-laction-diplomatique-de-lalgerie\\\/\"},\"author\":{\"name\":\"La Sentinelle\",\"@id\":\"https:\\\/\\\/lasentinelle.dz\\\/#\\\/schema\\\/person\\\/d865044e22e70a75174ce8bcad3acfb3\"},\"headline\":\"R\u00e9\u00e9lection du Pr. Belhadj \u00e0 la CIHEF : Une cons\u00e9cration pour l&rsquo;action diplomatique de l&rsquo;Alg\u00e9rie\",\"datePublished\":\"2021-11-21T23:01:00+00:00\",\"mainEntityOfPage\":{\"@id\":\"https:\\\/\\\/lasentinelle.dz\\\/index.php\\\/2021\\\/11\\\/22\\\/reelection-du-pr-belhadj-a-la-cihef-une-consecration-pour-laction-diplomatique-de-lalgerie\\\/\"},\"wordCount\":461,\"commentCount\":0,\"publisher\":{\"@id\":\"https:\\\/\\\/lasentinelle.dz\\\/#organization\"},\"image\":{\"@id\":\"https:\\\/\\\/lasentinelle.dz\\\/index.php\\\/2021\\\/11\\\/22\\\/reelection-du-pr-belhadj-a-la-cihef-une-consecration-pour-laction-diplomatique-de-lalgerie\\\/#primaryimage\"},\"thumbnailUrl\":\"https:\\\/\\\/lasentinelle.dz\\\/wp-content\\\/uploads\\\/2021\\\/11\\\/image_2021-11-21_203737.png\",\"articleSection\":[\"Actualit\u00e9\"],\"inLanguage\":\"fr-FR\",\"potentialAction\":[{\"@type\":\"CommentAction\",\"name\":\"Comment\",\"target\":[\"https:\\\/\\\/lasentinelle.dz\\\/index.php\\\/2021\\\/11\\\/22\\\/reelection-du-pr-belhadj-a-la-cihef-une-consecration-pour-laction-diplomatique-de-lalgerie\\\/#respond\"]}]},{\"@type\":\"WebPage\",\"@id\":\"https:\\\/\\\/lasentinelle.dz\\\/index.php\\\/2021\\\/11\\\/22\\\/reelection-du-pr-belhadj-a-la-cihef-une-consecration-pour-laction-diplomatique-de-lalgerie\\\/\",\"url\":\"https:\\\/\\\/lasentinelle.dz\\\/index.php\\\/2021\\\/11\\\/22\\\/reelection-du-pr-belhadj-a-la-cihef-une-consecration-pour-laction-diplomatique-de-lalgerie\\\/\",\"name\":\"R\u00e9\u00e9lection du Pr. Belhadj \u00e0 la CIHEF : Une cons\u00e9cration pour l'action diplomatique de l'Alg\u00e9rie - La Sentinelle\",\"isPartOf\":{\"@id\":\"https:\\\/\\\/lasentinelle.dz\\\/#website\"},\"primaryImageOfPage\":{\"@id\":\"https:\\\/\\\/lasentinelle.dz\\\/index.php\\\/2021\\\/11\\\/22\\\/reelection-du-pr-belhadj-a-la-cihef-une-consecration-pour-laction-diplomatique-de-lalgerie\\\/#primaryimage\"},\"image\":{\"@id\":\"https:\\\/\\\/lasentinelle.dz\\\/index.php\\\/2021\\\/11\\\/22\\\/reelection-du-pr-belhadj-a-la-cihef-une-consecration-pour-laction-diplomatique-de-lalgerie\\\/#primaryimage\"},\"thumbnailUrl\":\"https:\\\/\\\/lasentinelle.dz\\\/wp-content\\\/uploads\\\/2021\\\/11\\\/image_2021-11-21_203737.png\",\"datePublished\":\"2021-11-21T23:01:00+00:00\",\"breadcrumb\":{\"@id\":\"https:\\\/\\\/lasentinelle.dz\\\/index.php\\\/2021\\\/11\\\/22\\\/reelection-du-pr-belhadj-a-la-cihef-une-consecration-pour-laction-diplomatique-de-lalgerie\\\/#breadcrumb\"},\"inLanguage\":\"fr-FR\",\"potentialAction\":[{\"@type\":\"ReadAction\",\"target\":[\"https:\\\/\\\/lasentinelle.dz\\\/index.php\\\/2021\\\/11\\\/22\\\/reelection-du-pr-belhadj-a-la-cihef-une-consecration-pour-laction-diplomatique-de-lalgerie\\\/\"]}]},{\"@type\":\"ImageObject\",\"inLanguage\":\"fr-FR\",\"@id\":\"https:\\\/\\\/lasentinelle.dz\\\/index.php\\\/2021\\\/11\\\/22\\\/reelection-du-pr-belhadj-a-la-cihef-une-consecration-pour-laction-diplomatique-de-lalgerie\\\/#primaryimage\",\"url\":\"https:\\\/\\\/lasentinelle.dz\\\/wp-content\\\/uploads\\\/2021\\\/11\\\/image_2021-11-21_203737.png\",\"contentUrl\":\"https:\\\/\\\/lasentinelle.dz\\\/wp-content\\\/uploads\\\/2021\\\/11\\\/image_2021-11-21_203737.png\",\"width\":300,\"height\":181},{\"@type\":\"BreadcrumbList\",\"@id\":\"https:\\\/\\\/lasentinelle.dz\\\/index.php\\\/2021\\\/11\\\/22\\\/reelection-du-pr-belhadj-a-la-cihef-une-consecration-pour-laction-diplomatique-de-lalgerie\\\/#breadcrumb\",\"itemListElement\":[{\"@type\":\"ListItem\",\"position\":1,\"name\":\"Accueil\",\"item\":\"https:\\\/\\\/lasentinelle.dz\\\/\"},{\"@type\":\"ListItem\",\"position\":2,\"name\":\"R\u00e9\u00e9lection du Pr. Belhadj \u00e0 la CIHEF : Une cons\u00e9cration pour l&rsquo;action diplomatique de l&rsquo;Alg\u00e9rie\"}]},{\"@type\":\"WebSite\",\"@id\":\"https:\\\/\\\/lasentinelle.dz\\\/#website\",\"url\":\"https:\\\/\\\/lasentinelle.dz\\\/\",\"name\":\"La Sentinelle\",\"description\":\"Quotidien national d&#039;information\",\"publisher\":{\"@id\":\"https:\\\/\\\/lasentinelle.dz\\\/#organization\"},\"potentialAction\":[{\"@type\":\"SearchAction\",\"target\":{\"@type\":\"EntryPoint\",\"urlTemplate\":\"https:\\\/\\\/lasentinelle.dz\\\/?s={search_term_string}\"},\"query-input\":{\"@type\":\"PropertyValueSpecification\",\"valueRequired\":true,\"valueName\":\"search_term_string\"}}],\"inLanguage\":\"fr-FR\"},{\"@type\":\"Organization\",\"@id\":\"https:\\\/\\\/lasentinelle.dz\\\/#organization\",\"name\":\"Quotidien La Sentinelle\",\"url\":\"https:\\\/\\\/lasentinelle.dz\\\/\",\"logo\":{\"@type\":\"ImageObject\",\"inLanguage\":\"fr-FR\",\"@id\":\"https:\\\/\\\/lasentinelle.dz\\\/#\\\/schema\\\/logo\\\/image\\\/\",\"url\":\"https:\\\/\\\/lasentinelle.dz\\\/wp-content\\\/uploads\\\/2021\\\/09\\\/logo-sentinelleSLOGAN-1.png\",\"contentUrl\":\"https:\\\/\\\/lasentinelle.dz\\\/wp-content\\\/uploads\\\/2021\\\/09\\\/logo-sentinelleSLOGAN-1.png\",\"width\":615,\"height\":142,\"caption\":\"Quotidien La Sentinelle\"},\"image\":{\"@id\":\"https:\\\/\\\/lasentinelle.dz\\\/#\\\/schema\\\/logo\\\/image\\\/\"},\"sameAs\":[\"https:\\\/\\\/www.facebook.com\\\/La-Sentinelle-104059864394773\"]},{\"@type\":\"Person\",\"@id\":\"https:\\\/\\\/lasentinelle.dz\\\/#\\\/schema\\\/person\\\/d865044e22e70a75174ce8bcad3acfb3\",\"name\":\"La Sentinelle\",\"image\":{\"@type\":\"ImageObject\",\"inLanguage\":\"fr-FR\",\"@id\":\"https:\\\/\\\/secure.gravatar.com\\\/avatar\\\/57de8e5d4b15d43fb361a71fbb36338450fe67865b528a43dd10ef7c51a20392?s=96&d=mm&r=g\",\"url\":\"https:\\\/\\\/secure.gravatar.com\\\/avatar\\\/57de8e5d4b15d43fb361a71fbb36338450fe67865b528a43dd10ef7c51a20392?s=96&d=mm&r=g\",\"contentUrl\":\"https:\\\/\\\/secure.gravatar.com\\\/avatar\\\/57de8e5d4b15d43fb361a71fbb36338450fe67865b528a43dd10ef7c51a20392?s=96&d=mm&r=g\",\"caption\":\"La Sentinelle\"},\"sameAs\":[\"http:\\\/\\\/www.lasentinelle.dz\"],\"url\":\"https:\\\/\\\/lasentinelle.dz\\\/author\\\/redaction\\\/\"}]}<\/script>\n<!-- \/ Yoast SEO plugin. -->","yoast_head_json":{"title":"R\u00e9\u00e9lection du Pr. Belhadj \u00e0 la CIHEF : Une cons\u00e9cration pour l'action diplomatique de l'Alg\u00e9rie - La Sentinelle","robots":{"index":"index","follow":"follow","max-snippet":"max-snippet:-1","max-image-preview":"max-image-preview:large","max-video-preview":"max-video-preview:-1"},"canonical":"https:\/\/lasentinelle.dz\/index.php\/2021\/11\/22\/reelection-du-pr-belhadj-a-la-cihef-une-consecration-pour-laction-diplomatique-de-lalgerie\/","og_locale":"fr_FR","og_type":"article","og_title":"R\u00e9\u00e9lection du Pr. Belhadj \u00e0 la CIHEF : Une cons\u00e9cration pour l'action diplomatique de l'Alg\u00e9rie - La Sentinelle","og_description":"Dans un communiqu\u00e9 rendu public hier, le minist\u00e8re des Affaires \u00e9trang\u00e8res et de la Communaut\u00e9 nationale \u00e0 l\u2019\u00e9tranger s\u2019est f\u00e9licit\u00e9","og_url":"https:\/\/lasentinelle.dz\/index.php\/2021\/11\/22\/reelection-du-pr-belhadj-a-la-cihef-une-consecration-pour-laction-diplomatique-de-lalgerie\/","og_site_name":"La Sentinelle","article_publisher":"https:\/\/www.facebook.com\/La-Sentinelle-104059864394773","article_published_time":"2021-11-21T23:01:00+00:00","og_image":[{"width":300,"height":181,"url":"https:\/\/lasentinelle.dz\/wp-content\/uploads\/2021\/11\/image_2021-11-21_203737.png","type":"image\/png"}],"author":"La Sentinelle","twitter_card":"summary_large_image","twitter_misc":{"\u00c9crit par":"La Sentinelle","Dur\u00e9e de lecture estim\u00e9e":"2 minutes"},"schema":{"@context":"https:\/\/schema.org","@graph":[{"@type":"Article","@id":"https:\/\/lasentinelle.dz\/index.php\/2021\/11\/22\/reelection-du-pr-belhadj-a-la-cihef-une-consecration-pour-laction-diplomatique-de-lalgerie\/#article","isPartOf":{"@id":"https:\/\/lasentinelle.dz\/index.php\/2021\/11\/22\/reelection-du-pr-belhadj-a-la-cihef-une-consecration-pour-laction-diplomatique-de-lalgerie\/"},"author":{"name":"La Sentinelle","@id":"https:\/\/lasentinelle.dz\/#\/schema\/person\/d865044e22e70a75174ce8bcad3acfb3"},"headline":"R\u00e9\u00e9lection du Pr. Belhadj \u00e0 la CIHEF : Une cons\u00e9cration pour l&rsquo;action diplomatique de l&rsquo;Alg\u00e9rie","datePublished":"2021-11-21T23:01:00+00:00","mainEntityOfPage":{"@id":"https:\/\/lasentinelle.dz\/index.php\/2021\/11\/22\/reelection-du-pr-belhadj-a-la-cihef-une-consecration-pour-laction-diplomatique-de-lalgerie\/"},"wordCount":461,"commentCount":0,"publisher":{"@id":"https:\/\/lasentinelle.dz\/#organization"},"image":{"@id":"https:\/\/lasentinelle.dz\/index.php\/2021\/11\/22\/reelection-du-pr-belhadj-a-la-cihef-une-consecration-pour-laction-diplomatique-de-lalgerie\/#primaryimage"},"thumbnailUrl":"https:\/\/lasentinelle.dz\/wp-content\/uploads\/2021\/11\/image_2021-11-21_203737.png","articleSection":["Actualit\u00e9"],"inLanguage":"fr-FR","potentialAction":[{"@type":"CommentAction","name":"Comment","target":["https:\/\/lasentinelle.dz\/index.php\/2021\/11\/22\/reelection-du-pr-belhadj-a-la-cihef-une-consecration-pour-laction-diplomatique-de-lalgerie\/#respond"]}]},{"@type":"WebPage","@id":"https:\/\/lasentinelle.dz\/index.php\/2021\/11\/22\/reelection-du-pr-belhadj-a-la-cihef-une-consecration-pour-laction-diplomatique-de-lalgerie\/","url":"https:\/\/lasentinelle.dz\/index.php\/2021\/11\/22\/reelection-du-pr-belhadj-a-la-cihef-une-consecration-pour-laction-diplomatique-de-lalgerie\/","name":"R\u00e9\u00e9lection du Pr. Belhadj \u00e0 la CIHEF : Une cons\u00e9cration pour l'action diplomatique de l'Alg\u00e9rie - La Sentinelle","isPartOf":{"@id":"https:\/\/lasentinelle.dz\/#website"},"primaryImageOfPage":{"@id":"https:\/\/lasentinelle.dz\/index.php\/2021\/11\/22\/reelection-du-pr-belhadj-a-la-cihef-une-consecration-pour-laction-diplomatique-de-lalgerie\/#primaryimage"},"image":{"@id":"https:\/\/lasentinelle.dz\/index.php\/2021\/11\/22\/reelection-du-pr-belhadj-a-la-cihef-une-consecration-pour-laction-diplomatique-de-lalgerie\/#primaryimage"},"thumbnailUrl":"https:\/\/lasentinelle.dz\/wp-content\/uploads\/2021\/11\/image_2021-11-21_203737.png","datePublished":"2021-11-21T23:01:00+00:00","breadcrumb":{"@id":"https:\/\/lasentinelle.dz\/index.php\/2021\/11\/22\/reelection-du-pr-belhadj-a-la-cihef-une-consecration-pour-laction-diplomatique-de-lalgerie\/#breadcrumb"},"inLanguage":"fr-FR","potentialAction":[{"@type":"ReadAction","target":["https:\/\/lasentinelle.dz\/index.php\/2021\/11\/22\/reelection-du-pr-belhadj-a-la-cihef-une-consecration-pour-laction-diplomatique-de-lalgerie\/"]}]},{"@type":"ImageObject","inLanguage":"fr-FR","@id":"https:\/\/lasentinelle.dz\/index.php\/2021\/11\/22\/reelection-du-pr-belhadj-a-la-cihef-une-consecration-pour-laction-diplomatique-de-lalgerie\/#primaryimage","url":"https:\/\/lasentinelle.dz\/wp-content\/uploads\/2021\/11\/image_2021-11-21_203737.png","contentUrl":"https:\/\/lasentinelle.dz\/wp-content\/uploads\/2021\/11\/image_2021-11-21_203737.png","width":300,"height":181},{"@type":"BreadcrumbList","@id":"https:\/\/lasentinelle.dz\/index.php\/2021\/11\/22\/reelection-du-pr-belhadj-a-la-cihef-une-consecration-pour-laction-diplomatique-de-lalgerie\/#breadcrumb","itemListElement":[{"@type":"ListItem","position":1,"name":"Accueil","item":"https:\/\/lasentinelle.dz\/"},{"@type":"ListItem","position":2,"name":"R\u00e9\u00e9lection du Pr. Belhadj \u00e0 la CIHEF : Une cons\u00e9cration pour l&rsquo;action diplomatique de l&rsquo;Alg\u00e9rie"}]},{"@type":"WebSite","@id":"https:\/\/lasentinelle.dz\/#website","url":"https:\/\/lasentinelle.dz\/","name":"La Sentinelle","description":"Quotidien national d&#039;information","publisher":{"@id":"https:\/\/lasentinelle.dz\/#organization"},"potentialAction":[{"@type":"SearchAction","target":{"@type":"EntryPoint","urlTemplate":"https:\/\/lasentinelle.dz\/?s={search_term_string}"},"query-input":{"@type":"PropertyValueSpecification","valueRequired":true,"valueName":"search_term_string"}}],"inLanguage":"fr-FR"},{"@type":"Organization","@id":"https:\/\/lasentinelle.dz\/#organization","name":"Quotidien La Sentinelle","url":"https:\/\/lasentinelle.dz\/","logo":{"@type":"ImageObject","inLanguage":"fr-FR","@id":"https:\/\/lasentinelle.dz\/#\/schema\/logo\/image\/","url":"https:\/\/lasentinelle.dz\/wp-content\/uploads\/2021\/09\/logo-sentinelleSLOGAN-1.png","contentUrl":"https:\/\/lasentinelle.dz\/wp-content\/uploads\/2021\/09\/logo-sentinelleSLOGAN-1.png","width":615,"height":142,"caption":"Quotidien La Sentinelle"},"image":{"@id":"https:\/\/lasentinelle.dz\/#\/schema\/logo\/image\/"},"sameAs":["https:\/\/www.facebook.com\/La-Sentinelle-104059864394773"]},{"@type":"Person","@id":"https:\/\/lasentinelle.dz\/#\/schema\/person\/d865044e22e70a75174ce8bcad3acfb3","name":"La Sentinelle","image":{"@type":"ImageObject","inLanguage":"fr-FR","@id":"https:\/\/secure.gravatar.com\/avatar\/57de8e5d4b15d43fb361a71fbb36338450fe67865b528a43dd10ef7c51a20392?s=96&d=mm&r=g","url":"https:\/\/secure.gravatar.com\/avatar\/57de8e5d4b15d43fb361a71fbb36338450fe67865b528a43dd10ef7c51a20392?s=96&d=mm&r=g","contentUrl":"https:\/\/secure.gravatar.com\/avatar\/57de8e5d4b15d43fb361a71fbb36338450fe67865b528a43dd10ef7c51a20392?s=96&d=mm&r=g","caption":"La Sentinelle"},"sameAs":["http:\/\/www.lasentinelle.dz"],"url":"https:\/\/lasentinelle.dz\/author\/redaction\/"}]}},"_links":{"self":[{"href":"https:\/\/lasentinelle.dz\/index.php\/wp-json\/wp\/v2\/posts\/13848","targetHints":{"allow":["GET"]}}],"collection":[{"href":"https:\/\/lasentinelle.dz\/index.php\/wp-json\/wp\/v2\/posts"}],"about":[{"href":"https:\/\/lasentinelle.dz\/index.php\/wp-json\/wp\/v2\/types\/post"}],"author":[{"embeddable":true,"href":"https:\/\/lasentinelle.dz\/index.php\/wp-json\/wp\/v2\/users\/3"}],"replies":[{"embeddable":true,"href":"https:\/\/lasentinelle.dz\/index.php\/wp-json\/wp\/v2\/comments?post=13848"}],"version-history":[{"count":1,"href":"https:\/\/lasentinelle.dz\/index.php\/wp-json\/wp\/v2\/posts\/13848\/revisions"}],"predecessor-version":[{"id":13853,"href":"https:\/\/lasentinelle.dz\/index.php\/wp-json\/wp\/v2\/posts\/13848\/revisions\/13853"}],"wp:featuredmedia":[{"embeddable":true,"href":"https:\/\/lasentinelle.dz\/index.php\/wp-json\/wp\/v2\/media\/13852"}],"wp:attachment":[{"href":"https:\/\/lasentinelle.dz\/index.php\/wp-json\/wp\/v2\/media?parent=13848"}],"wp:term":[{"taxonomy":"category","embeddable":true,"href":"https:\/\/lasentinelle.dz\/index.php\/wp-json\/wp\/v2\/categories?post=13848"},{"taxonomy":"post_tag","embeddable":true,"href":"https:\/\/lasentinelle.dz\/index.php\/wp-json\/wp\/v2\/tags?post=13848"}],"curies":[{"name":"wp","href":"https:\/\/api.w.org\/{rel}","templated":true}]}}