{"id":13849,"date":"2021-11-22T00:05:00","date_gmt":"2021-11-21T23:05:00","guid":{"rendered":"https:\/\/lasentinelle.dz\/?p=13849"},"modified":"2021-11-21T20:39:15","modified_gmt":"2021-11-21T19:39:15","slug":"conseil-des-ministres-les-jeunes-entrepreneurs-en-difficulte-exemptes-de-poursuites-judiciaires","status":"publish","type":"post","link":"https:\/\/lasentinelle.dz\/index.php\/2021\/11\/22\/conseil-des-ministres-les-jeunes-entrepreneurs-en-difficulte-exemptes-de-poursuites-judiciaires\/","title":{"rendered":"Conseil des ministres : Les jeunes entrepreneurs en difficult\u00e9 exempt\u00e9s de poursuites judiciaires"},"content":{"rendered":"\n<p>Les jeunes porteurs de projets en difficult\u00e9 seront d\u00e9sormais exempts de poursuites judiciaires.<\/p>\n\n\n\n<p>Le pr\u00e9sident de la R\u00e9publique, Abdelmadjid Tebboune,&nbsp; a instruit hier le gouvernement \u00e0 l\u2019effet de donner une chance au jeunes porteurs de projets en difficult\u00e9s ayant b\u00e9n\u00e9fici\u00e9 des dispositifs de soutien \u00e0 l\u2019emploi en les exemptant de poursuites judiciaires. Pr\u00e9sidant la r\u00e9union p\u00e9riodique du Conseil des ministres, le chef de l\u2019\u00c9tat a ordonn\u00e9 d\u2019\u00abaccorder une chance aux jeunes en difficult\u00e9, ayant b\u00e9n\u00e9fici\u00e9 de cr\u00e9dits de soutien \u00e0 l&#8217;emploi en les exemptant des poursuites judiciaires tout en adoptant une approche \u00e9conomique en mati\u00e8re de traitement selon un \u00e9ch\u00e9ancier de remboursement des dettes&nbsp;\u00bb. Des instructions qui entrent dans un cadre plus global, marqu\u00e9 par la mise en place par le minist\u00e8re d\u00e9l\u00e9gu\u00e9 aupr\u00e8s du Premier ministre charg\u00e9 des microentreprises pour le refinancement des PME en difficult\u00e9s. Et c\u2019est dans ce contexte justement que le pr\u00e9sident de la R\u00e9publique a \u00e9galement ordonn\u00e9 d\u2019unifier la gestion de l&rsquo;Agence nationale d&rsquo;appui et de d\u00e9veloppement de l&rsquo;entrepreneuriat (ANADE), de l&rsquo;Agence nationale de gestion de micro-cr\u00e9dit (ANGEM) et de la Caisse nationale d&rsquo;assurance ch\u00f4mage (CNAC) en les pla\u00e7ant sous la tutelle du minist\u00e8re d\u00e9l\u00e9gu\u00e9 aupr\u00e8s du Premier ministre, charg\u00e9 de la Micro-entreprise, dans un d\u00e9lai ne d\u00e9passant pas un mois. Il a \u00e9galement charg\u00e9 le premier responsable de ce secteur de pr\u00e9senter un recensement p\u00e9riodique semestriel concernant le nombre des postes d&#8217;emploi cr\u00e9\u00e9s. Il est vrai que la cr\u00e9ation d\u2019emplois p\u00e9rennes est l\u2019une des priorit\u00e9s du programme du Pr\u00e9sident Tebboune. Des emplois tributaires de la relance des PME en difficult\u00e9 et de du soutien aux porteurs de projets ainsi qu\u2019aux stratups, mais aussi de la relance de l\u2019investissement dans divers secteurs, notamment de l\u2019industrie. Dans ce contexte, le pr\u00e9sident de la R\u00e9publique a salu\u00e9 les r\u00e9sultats positifs enregistr\u00e9s dans le secteur de l\u2019industrie \u00e0 la suite des mesures de relance prises.<\/p>\n\n\n\n<p>Il a cependant donn\u00e9 de nouvelles instructions pour am\u00e9liorer le climat des affaires. Il a ainsi ordonn\u00e9 de r\u00e9gulariser la situation de toutes les entreprises \u00e9conomiques priv\u00e9es productives r\u00e9alis\u00e9es sur des terrains agricoles en leur d\u00e9livrant des permis de construire.&nbsp; Il a aussi charg\u00e9 le M\u00e9diateur de la R\u00e9publique de la prise en charge des pr\u00e9occupations des industriels dont les projets sont en suspens pour des raisons bureaucratiques remontant \u00e0 la gestion de la p\u00e9riode pr\u00e9c\u00e9dente. Il s\u2019agit aussi de conf\u00e9rer une formule commerciale et \u00e9conomique au guichet unique consacr\u00e9 \u00e0 la r\u00e9gularisation des dossiers d&rsquo;investissement \u00e0 l&rsquo;avenir.<\/p>\n\n\n\n<p>Dans le domaine de la p\u00eache et des ressources halieutiques, le Pr\u00e9sident Tebboune a donn\u00e9 des instructions pour l&rsquo;extension de l&rsquo;activit\u00e9 de construction navale \u00e0 l&rsquo;ensemble de la bande c\u00f4ti\u00e8re alg\u00e9rienne, et octroyer davantage de facilitations en mati\u00e8re de foncier aux v\u00e9ritables investisseurs dans le secteur de la p\u00eache, secteur strat\u00e9gique, g\u00e9n\u00e9rateur de richesses et un des piliers de la s\u00e9curit\u00e9 alimentaire.<\/p>\n\n\n\n<p><strong>Concr\u00e9tiser la transition \u00e9nerg\u00e9tique<\/strong><\/p>\n\n\n\n<p>Le Conseil des ministres s\u2019est \u00e9galement pench\u00e9 sur le dossier de la transition \u00e9nerg\u00e9tique. C\u2019est dans ce sens que le pr\u00e9sident de la R\u00e9publique a insist\u00e9 sur la n\u00e9cessit\u00e9 de concr\u00e9tiser la transition \u00e9nerg\u00e9tique et l\u2019acc\u00e9l\u00e9rer, tout en soulignant l\u2019importance de rationaliser la consommation locale du gaz en vue de pr\u00e9server les ressources \u00e9nerg\u00e9tiques, et augmenter partant les capacit\u00e9s d&rsquo;exportation. Il ainsi donn\u00e9 des orientations pour d\u00e9velopper la coop\u00e9ration avec les pays disposant de connaissances avanc\u00e9es dans les recherches sur les techniques de g\u00e9n\u00e9ralisation de l&rsquo;utilisation des \u00e9nergies renouvelables. Il a \u00e9galement fix\u00e9 un d\u00e9lai ne d\u00e9passant pas trois mois pour la transition \u00e9nerg\u00e9tique par le recours \u00e0 l&rsquo;\u00e9nergie solaire dans certains \u00e9tablissements et structures de l&rsquo;Etat, notamment les secteurs de la sant\u00e9 et l&rsquo;\u00e9ducation. Il s\u2019agit aussi d\u2019obliger toutes les communes du pays \u00e0 utiliser l&rsquo;\u00e9nergie solaire dans l&rsquo;\u00e9clairage public, y compris au niveau des voies express et les zones montagneuses \u00e0 l&rsquo;instar des Aur\u00e8s, l&rsquo;Ouarsenis et Djurdjura.-Il a ordonn\u00e9 l\u2019installation du Haut conseil de l&rsquo;\u00e9nergie, dans les meilleurs d\u00e9lais, pour lui confier les t\u00e2ches de prospective et d&rsquo;\u00e9valuation dans ce domaine. Pour ce qui est de la rationalisation de la consommation \u00e9nerg\u00e9tique, le chef de l\u2019\u00c9tat a instruit de red\u00e9finir les normes de construction en interdisant l&rsquo;utilisation du bois dans les projets de r\u00e9alisation de logements, et le remplacer par du PVC, afin de pr\u00e9server la richesse foresti\u00e8re et am\u00e9liorer les rendements \u00e9nerg\u00e9tiques des logements. Il s\u2019agit aussi de red\u00e9finir les crit\u00e8res relatifs \u00e0 l&rsquo;importation des chauffages \u00e0 utilisation domestique de mani\u00e8re \u00e0 prendre en consid\u00e9ration les normes de s\u00e9curit\u00e9 et la transition \u00e9nerg\u00e9tique en cours.<\/p>\n\n\n\n<p>Enfin le pr\u00e9sident de la R\u00e9publique a charg\u00e9 son directeur de cabinet d&rsquo;\u00e9valuer les d\u00e9cisions \u00e9manant du Conseil des ministres d\u00e9j\u00e0 mises en \u0153uvre et d&rsquo;assurer le suivi de celles non encore ex\u00e9cut\u00e9es.<\/p>\n\n\n\n<p>Chokri Hafed<\/p>\n","protected":false},"excerpt":{"rendered":"<p>Les jeunes porteurs de projets en difficult\u00e9 seront d\u00e9sormais exempts de poursuites judiciaires. Le pr\u00e9sident de la R\u00e9publique, Abdelmadjid Tebboune,&nbsp;<\/p>\n","protected":false},"author":3,"featured_media":13856,"comment_status":"open","ping_status":"closed","sticky":false,"template":"","format":"standard","meta":{"colormag_page_container_layout":"default_layout","colormag_page_sidebar_layout":"default_layout","om_disable_all_campaigns":false,"_monsterinsights_skip_tracking":false,"_monsterinsights_sitenote_active":false,"_monsterinsights_sitenote_note":"","_monsterinsights_sitenote_category":0,"footnotes":"","_wpscppro_dont_share_socialmedia":false,"_wpscppro_custom_social_share_image":0,"_facebook_share_type":"","_twitter_share_type":"","_linkedin_share_type":"","_pinterest_share_type":"","_linkedin_share_type_page":"","_instagram_share_type":"","_medium_share_type":"","_threads_share_type":"","_google_business_share_type":"","_selected_social_profile":[],"_wpsp_enable_custom_social_template":false,"_wpsp_social_scheduling":{"enabled":false,"datetime":null,"platforms":[],"status":"template_only","dateOption":"today","timeOption":"now","customDays":"","customHours":"","customDate":"","customTime":"","schedulingType":"absolute"},"_wpsp_active_default_template":true},"categories":[52,27],"tags":[],"class_list":["post-13849","post","type-post","status-publish","format-standard","has-post-thumbnail","hentry","category-a-la-une","category-actualite"],"aioseo_notices":[],"yoast_head":"<!-- This site is optimized with the Yoast SEO plugin v27.5 - https:\/\/yoast.com\/product\/yoast-seo-wordpress\/ -->\n<title>Conseil des ministres : Les jeunes entrepreneurs en difficult\u00e9 exempt\u00e9s de poursuites judiciaires - La Sentinelle<\/title>\n<meta name=\"robots\" content=\"index, follow, max-snippet:-1, max-image-preview:large, max-video-preview:-1\" \/>\n<link rel=\"canonical\" href=\"https:\/\/lasentinelle.dz\/index.php\/2021\/11\/22\/conseil-des-ministres-les-jeunes-entrepreneurs-en-difficulte-exemptes-de-poursuites-judiciaires\/\" \/>\n<meta property=\"og:locale\" content=\"fr_FR\" \/>\n<meta property=\"og:type\" content=\"article\" \/>\n<meta property=\"og:title\" content=\"Conseil des ministres : Les jeunes entrepreneurs en difficult\u00e9 exempt\u00e9s de poursuites judiciaires - La Sentinelle\" \/>\n<meta property=\"og:description\" content=\"Les jeunes porteurs de projets en difficult\u00e9 seront d\u00e9sormais exempts de poursuites judiciaires. Le pr\u00e9sident de la R\u00e9publique, Abdelmadjid Tebboune,&nbsp;\" \/>\n<meta property=\"og:url\" content=\"https:\/\/lasentinelle.dz\/index.php\/2021\/11\/22\/conseil-des-ministres-les-jeunes-entrepreneurs-en-difficulte-exemptes-de-poursuites-judiciaires\/\" \/>\n<meta property=\"og:site_name\" content=\"La Sentinelle\" \/>\n<meta property=\"article:publisher\" content=\"https:\/\/www.facebook.com\/La-Sentinelle-104059864394773\" \/>\n<meta property=\"article:published_time\" content=\"2021-11-21T23:05:00+00:00\" \/>\n<meta property=\"og:image\" content=\"https:\/\/lasentinelle.dz\/wp-content\/uploads\/2021\/11\/Sans-titre-2-12.png\" \/>\n\t<meta property=\"og:image:width\" content=\"1600\" \/>\n\t<meta property=\"og:image:height\" content=\"900\" \/>\n\t<meta property=\"og:image:type\" content=\"image\/png\" \/>\n<meta name=\"author\" content=\"La Sentinelle\" \/>\n<meta name=\"twitter:card\" content=\"summary_large_image\" \/>\n<meta name=\"twitter:label1\" content=\"\u00c9crit par\" \/>\n\t<meta name=\"twitter:data1\" content=\"La Sentinelle\" \/>\n\t<meta name=\"twitter:label2\" content=\"Dur\u00e9e de lecture estim\u00e9e\" \/>\n\t<meta name=\"twitter:data2\" content=\"4 minutes\" \/>\n<script type=\"application\/ld+json\" class=\"yoast-schema-graph\">{\"@context\":\"https:\\\/\\\/schema.org\",\"@graph\":[{\"@type\":\"Article\",\"@id\":\"https:\\\/\\\/lasentinelle.dz\\\/index.php\\\/2021\\\/11\\\/22\\\/conseil-des-ministres-les-jeunes-entrepreneurs-en-difficulte-exemptes-de-poursuites-judiciaires\\\/#article\",\"isPartOf\":{\"@id\":\"https:\\\/\\\/lasentinelle.dz\\\/index.php\\\/2021\\\/11\\\/22\\\/conseil-des-ministres-les-jeunes-entrepreneurs-en-difficulte-exemptes-de-poursuites-judiciaires\\\/\"},\"author\":{\"name\":\"La Sentinelle\",\"@id\":\"https:\\\/\\\/lasentinelle.dz\\\/#\\\/schema\\\/person\\\/d865044e22e70a75174ce8bcad3acfb3\"},\"headline\":\"Conseil des ministres : Les jeunes entrepreneurs en difficult\u00e9 exempt\u00e9s de poursuites judiciaires\",\"datePublished\":\"2021-11-21T23:05:00+00:00\",\"mainEntityOfPage\":{\"@id\":\"https:\\\/\\\/lasentinelle.dz\\\/index.php\\\/2021\\\/11\\\/22\\\/conseil-des-ministres-les-jeunes-entrepreneurs-en-difficulte-exemptes-de-poursuites-judiciaires\\\/\"},\"wordCount\":937,\"commentCount\":0,\"publisher\":{\"@id\":\"https:\\\/\\\/lasentinelle.dz\\\/#organization\"},\"image\":{\"@id\":\"https:\\\/\\\/lasentinelle.dz\\\/index.php\\\/2021\\\/11\\\/22\\\/conseil-des-ministres-les-jeunes-entrepreneurs-en-difficulte-exemptes-de-poursuites-judiciaires\\\/#primaryimage\"},\"thumbnailUrl\":\"https:\\\/\\\/lasentinelle.dz\\\/wp-content\\\/uploads\\\/2021\\\/11\\\/Sans-titre-2-12.png\",\"articleSection\":[\"\u00c0 la Une\",\"Actualit\u00e9\"],\"inLanguage\":\"fr-FR\",\"potentialAction\":[{\"@type\":\"CommentAction\",\"name\":\"Comment\",\"target\":[\"https:\\\/\\\/lasentinelle.dz\\\/index.php\\\/2021\\\/11\\\/22\\\/conseil-des-ministres-les-jeunes-entrepreneurs-en-difficulte-exemptes-de-poursuites-judiciaires\\\/#respond\"]}]},{\"@type\":\"WebPage\",\"@id\":\"https:\\\/\\\/lasentinelle.dz\\\/index.php\\\/2021\\\/11\\\/22\\\/conseil-des-ministres-les-jeunes-entrepreneurs-en-difficulte-exemptes-de-poursuites-judiciaires\\\/\",\"url\":\"https:\\\/\\\/lasentinelle.dz\\\/index.php\\\/2021\\\/11\\\/22\\\/conseil-des-ministres-les-jeunes-entrepreneurs-en-difficulte-exemptes-de-poursuites-judiciaires\\\/\",\"name\":\"Conseil des ministres : Les jeunes entrepreneurs en difficult\u00e9 exempt\u00e9s de poursuites judiciaires - La Sentinelle\",\"isPartOf\":{\"@id\":\"https:\\\/\\\/lasentinelle.dz\\\/#website\"},\"primaryImageOfPage\":{\"@id\":\"https:\\\/\\\/lasentinelle.dz\\\/index.php\\\/2021\\\/11\\\/22\\\/conseil-des-ministres-les-jeunes-entrepreneurs-en-difficulte-exemptes-de-poursuites-judiciaires\\\/#primaryimage\"},\"image\":{\"@id\":\"https:\\\/\\\/lasentinelle.dz\\\/index.php\\\/2021\\\/11\\\/22\\\/conseil-des-ministres-les-jeunes-entrepreneurs-en-difficulte-exemptes-de-poursuites-judiciaires\\\/#primaryimage\"},\"thumbnailUrl\":\"https:\\\/\\\/lasentinelle.dz\\\/wp-content\\\/uploads\\\/2021\\\/11\\\/Sans-titre-2-12.png\",\"datePublished\":\"2021-11-21T23:05:00+00:00\",\"breadcrumb\":{\"@id\":\"https:\\\/\\\/lasentinelle.dz\\\/index.php\\\/2021\\\/11\\\/22\\\/conseil-des-ministres-les-jeunes-entrepreneurs-en-difficulte-exemptes-de-poursuites-judiciaires\\\/#breadcrumb\"},\"inLanguage\":\"fr-FR\",\"potentialAction\":[{\"@type\":\"ReadAction\",\"target\":[\"https:\\\/\\\/lasentinelle.dz\\\/index.php\\\/2021\\\/11\\\/22\\\/conseil-des-ministres-les-jeunes-entrepreneurs-en-difficulte-exemptes-de-poursuites-judiciaires\\\/\"]}]},{\"@type\":\"ImageObject\",\"inLanguage\":\"fr-FR\",\"@id\":\"https:\\\/\\\/lasentinelle.dz\\\/index.php\\\/2021\\\/11\\\/22\\\/conseil-des-ministres-les-jeunes-entrepreneurs-en-difficulte-exemptes-de-poursuites-judiciaires\\\/#primaryimage\",\"url\":\"https:\\\/\\\/lasentinelle.dz\\\/wp-content\\\/uploads\\\/2021\\\/11\\\/Sans-titre-2-12.png\",\"contentUrl\":\"https:\\\/\\\/lasentinelle.dz\\\/wp-content\\\/uploads\\\/2021\\\/11\\\/Sans-titre-2-12.png\",\"width\":1600,\"height\":900},{\"@type\":\"BreadcrumbList\",\"@id\":\"https:\\\/\\\/lasentinelle.dz\\\/index.php\\\/2021\\\/11\\\/22\\\/conseil-des-ministres-les-jeunes-entrepreneurs-en-difficulte-exemptes-de-poursuites-judiciaires\\\/#breadcrumb\",\"itemListElement\":[{\"@type\":\"ListItem\",\"position\":1,\"name\":\"Accueil\",\"item\":\"https:\\\/\\\/lasentinelle.dz\\\/\"},{\"@type\":\"ListItem\",\"position\":2,\"name\":\"Conseil des ministres : Les jeunes entrepreneurs en difficult\u00e9 exempt\u00e9s de poursuites judiciaires\"}]},{\"@type\":\"WebSite\",\"@id\":\"https:\\\/\\\/lasentinelle.dz\\\/#website\",\"url\":\"https:\\\/\\\/lasentinelle.dz\\\/\",\"name\":\"La Sentinelle\",\"description\":\"Quotidien national d&#039;information\",\"publisher\":{\"@id\":\"https:\\\/\\\/lasentinelle.dz\\\/#organization\"},\"potentialAction\":[{\"@type\":\"SearchAction\",\"target\":{\"@type\":\"EntryPoint\",\"urlTemplate\":\"https:\\\/\\\/lasentinelle.dz\\\/?s={search_term_string}\"},\"query-input\":{\"@type\":\"PropertyValueSpecification\",\"valueRequired\":true,\"valueName\":\"search_term_string\"}}],\"inLanguage\":\"fr-FR\"},{\"@type\":\"Organization\",\"@id\":\"https:\\\/\\\/lasentinelle.dz\\\/#organization\",\"name\":\"Quotidien La Sentinelle\",\"url\":\"https:\\\/\\\/lasentinelle.dz\\\/\",\"logo\":{\"@type\":\"ImageObject\",\"inLanguage\":\"fr-FR\",\"@id\":\"https:\\\/\\\/lasentinelle.dz\\\/#\\\/schema\\\/logo\\\/image\\\/\",\"url\":\"https:\\\/\\\/lasentinelle.dz\\\/wp-content\\\/uploads\\\/2021\\\/09\\\/logo-sentinelleSLOGAN-1.png\",\"contentUrl\":\"https:\\\/\\\/lasentinelle.dz\\\/wp-content\\\/uploads\\\/2021\\\/09\\\/logo-sentinelleSLOGAN-1.png\",\"width\":615,\"height\":142,\"caption\":\"Quotidien La Sentinelle\"},\"image\":{\"@id\":\"https:\\\/\\\/lasentinelle.dz\\\/#\\\/schema\\\/logo\\\/image\\\/\"},\"sameAs\":[\"https:\\\/\\\/www.facebook.com\\\/La-Sentinelle-104059864394773\"]},{\"@type\":\"Person\",\"@id\":\"https:\\\/\\\/lasentinelle.dz\\\/#\\\/schema\\\/person\\\/d865044e22e70a75174ce8bcad3acfb3\",\"name\":\"La Sentinelle\",\"image\":{\"@type\":\"ImageObject\",\"inLanguage\":\"fr-FR\",\"@id\":\"https:\\\/\\\/secure.gravatar.com\\\/avatar\\\/57de8e5d4b15d43fb361a71fbb36338450fe67865b528a43dd10ef7c51a20392?s=96&d=mm&r=g\",\"url\":\"https:\\\/\\\/secure.gravatar.com\\\/avatar\\\/57de8e5d4b15d43fb361a71fbb36338450fe67865b528a43dd10ef7c51a20392?s=96&d=mm&r=g\",\"contentUrl\":\"https:\\\/\\\/secure.gravatar.com\\\/avatar\\\/57de8e5d4b15d43fb361a71fbb36338450fe67865b528a43dd10ef7c51a20392?s=96&d=mm&r=g\",\"caption\":\"La Sentinelle\"},\"sameAs\":[\"http:\\\/\\\/www.lasentinelle.dz\"],\"url\":\"https:\\\/\\\/lasentinelle.dz\\\/author\\\/redaction\\\/\"}]}<\/script>\n<!-- \/ Yoast SEO plugin. -->","yoast_head_json":{"title":"Conseil des ministres : Les jeunes entrepreneurs en difficult\u00e9 exempt\u00e9s de poursuites judiciaires - La Sentinelle","robots":{"index":"index","follow":"follow","max-snippet":"max-snippet:-1","max-image-preview":"max-image-preview:large","max-video-preview":"max-video-preview:-1"},"canonical":"https:\/\/lasentinelle.dz\/index.php\/2021\/11\/22\/conseil-des-ministres-les-jeunes-entrepreneurs-en-difficulte-exemptes-de-poursuites-judiciaires\/","og_locale":"fr_FR","og_type":"article","og_title":"Conseil des ministres : Les jeunes entrepreneurs en difficult\u00e9 exempt\u00e9s de poursuites judiciaires - La Sentinelle","og_description":"Les jeunes porteurs de projets en difficult\u00e9 seront d\u00e9sormais exempts de poursuites judiciaires. Le pr\u00e9sident de la R\u00e9publique, Abdelmadjid Tebboune,&nbsp;","og_url":"https:\/\/lasentinelle.dz\/index.php\/2021\/11\/22\/conseil-des-ministres-les-jeunes-entrepreneurs-en-difficulte-exemptes-de-poursuites-judiciaires\/","og_site_name":"La Sentinelle","article_publisher":"https:\/\/www.facebook.com\/La-Sentinelle-104059864394773","article_published_time":"2021-11-21T23:05:00+00:00","og_image":[{"width":1600,"height":900,"url":"https:\/\/lasentinelle.dz\/wp-content\/uploads\/2021\/11\/Sans-titre-2-12.png","type":"image\/png"}],"author":"La Sentinelle","twitter_card":"summary_large_image","twitter_misc":{"\u00c9crit par":"La Sentinelle","Dur\u00e9e de lecture estim\u00e9e":"4 minutes"},"schema":{"@context":"https:\/\/schema.org","@graph":[{"@type":"Article","@id":"https:\/\/lasentinelle.dz\/index.php\/2021\/11\/22\/conseil-des-ministres-les-jeunes-entrepreneurs-en-difficulte-exemptes-de-poursuites-judiciaires\/#article","isPartOf":{"@id":"https:\/\/lasentinelle.dz\/index.php\/2021\/11\/22\/conseil-des-ministres-les-jeunes-entrepreneurs-en-difficulte-exemptes-de-poursuites-judiciaires\/"},"author":{"name":"La Sentinelle","@id":"https:\/\/lasentinelle.dz\/#\/schema\/person\/d865044e22e70a75174ce8bcad3acfb3"},"headline":"Conseil des ministres : Les jeunes entrepreneurs en difficult\u00e9 exempt\u00e9s de poursuites judiciaires","datePublished":"2021-11-21T23:05:00+00:00","mainEntityOfPage":{"@id":"https:\/\/lasentinelle.dz\/index.php\/2021\/11\/22\/conseil-des-ministres-les-jeunes-entrepreneurs-en-difficulte-exemptes-de-poursuites-judiciaires\/"},"wordCount":937,"commentCount":0,"publisher":{"@id":"https:\/\/lasentinelle.dz\/#organization"},"image":{"@id":"https:\/\/lasentinelle.dz\/index.php\/2021\/11\/22\/conseil-des-ministres-les-jeunes-entrepreneurs-en-difficulte-exemptes-de-poursuites-judiciaires\/#primaryimage"},"thumbnailUrl":"https:\/\/lasentinelle.dz\/wp-content\/uploads\/2021\/11\/Sans-titre-2-12.png","articleSection":["\u00c0 la Une","Actualit\u00e9"],"inLanguage":"fr-FR","potentialAction":[{"@type":"CommentAction","name":"Comment","target":["https:\/\/lasentinelle.dz\/index.php\/2021\/11\/22\/conseil-des-ministres-les-jeunes-entrepreneurs-en-difficulte-exemptes-de-poursuites-judiciaires\/#respond"]}]},{"@type":"WebPage","@id":"https:\/\/lasentinelle.dz\/index.php\/2021\/11\/22\/conseil-des-ministres-les-jeunes-entrepreneurs-en-difficulte-exemptes-de-poursuites-judiciaires\/","url":"https:\/\/lasentinelle.dz\/index.php\/2021\/11\/22\/conseil-des-ministres-les-jeunes-entrepreneurs-en-difficulte-exemptes-de-poursuites-judiciaires\/","name":"Conseil des ministres : Les jeunes entrepreneurs en difficult\u00e9 exempt\u00e9s de poursuites judiciaires - La Sentinelle","isPartOf":{"@id":"https:\/\/lasentinelle.dz\/#website"},"primaryImageOfPage":{"@id":"https:\/\/lasentinelle.dz\/index.php\/2021\/11\/22\/conseil-des-ministres-les-jeunes-entrepreneurs-en-difficulte-exemptes-de-poursuites-judiciaires\/#primaryimage"},"image":{"@id":"https:\/\/lasentinelle.dz\/index.php\/2021\/11\/22\/conseil-des-ministres-les-jeunes-entrepreneurs-en-difficulte-exemptes-de-poursuites-judiciaires\/#primaryimage"},"thumbnailUrl":"https:\/\/lasentinelle.dz\/wp-content\/uploads\/2021\/11\/Sans-titre-2-12.png","datePublished":"2021-11-21T23:05:00+00:00","breadcrumb":{"@id":"https:\/\/lasentinelle.dz\/index.php\/2021\/11\/22\/conseil-des-ministres-les-jeunes-entrepreneurs-en-difficulte-exemptes-de-poursuites-judiciaires\/#breadcrumb"},"inLanguage":"fr-FR","potentialAction":[{"@type":"ReadAction","target":["https:\/\/lasentinelle.dz\/index.php\/2021\/11\/22\/conseil-des-ministres-les-jeunes-entrepreneurs-en-difficulte-exemptes-de-poursuites-judiciaires\/"]}]},{"@type":"ImageObject","inLanguage":"fr-FR","@id":"https:\/\/lasentinelle.dz\/index.php\/2021\/11\/22\/conseil-des-ministres-les-jeunes-entrepreneurs-en-difficulte-exemptes-de-poursuites-judiciaires\/#primaryimage","url":"https:\/\/lasentinelle.dz\/wp-content\/uploads\/2021\/11\/Sans-titre-2-12.png","contentUrl":"https:\/\/lasentinelle.dz\/wp-content\/uploads\/2021\/11\/Sans-titre-2-12.png","width":1600,"height":900},{"@type":"BreadcrumbList","@id":"https:\/\/lasentinelle.dz\/index.php\/2021\/11\/22\/conseil-des-ministres-les-jeunes-entrepreneurs-en-difficulte-exemptes-de-poursuites-judiciaires\/#breadcrumb","itemListElement":[{"@type":"ListItem","position":1,"name":"Accueil","item":"https:\/\/lasentinelle.dz\/"},{"@type":"ListItem","position":2,"name":"Conseil des ministres : Les jeunes entrepreneurs en difficult\u00e9 exempt\u00e9s de poursuites judiciaires"}]},{"@type":"WebSite","@id":"https:\/\/lasentinelle.dz\/#website","url":"https:\/\/lasentinelle.dz\/","name":"La Sentinelle","description":"Quotidien national d&#039;information","publisher":{"@id":"https:\/\/lasentinelle.dz\/#organization"},"potentialAction":[{"@type":"SearchAction","target":{"@type":"EntryPoint","urlTemplate":"https:\/\/lasentinelle.dz\/?s={search_term_string}"},"query-input":{"@type":"PropertyValueSpecification","valueRequired":true,"valueName":"search_term_string"}}],"inLanguage":"fr-FR"},{"@type":"Organization","@id":"https:\/\/lasentinelle.dz\/#organization","name":"Quotidien La Sentinelle","url":"https:\/\/lasentinelle.dz\/","logo":{"@type":"ImageObject","inLanguage":"fr-FR","@id":"https:\/\/lasentinelle.dz\/#\/schema\/logo\/image\/","url":"https:\/\/lasentinelle.dz\/wp-content\/uploads\/2021\/09\/logo-sentinelleSLOGAN-1.png","contentUrl":"https:\/\/lasentinelle.dz\/wp-content\/uploads\/2021\/09\/logo-sentinelleSLOGAN-1.png","width":615,"height":142,"caption":"Quotidien La Sentinelle"},"image":{"@id":"https:\/\/lasentinelle.dz\/#\/schema\/logo\/image\/"},"sameAs":["https:\/\/www.facebook.com\/La-Sentinelle-104059864394773"]},{"@type":"Person","@id":"https:\/\/lasentinelle.dz\/#\/schema\/person\/d865044e22e70a75174ce8bcad3acfb3","name":"La Sentinelle","image":{"@type":"ImageObject","inLanguage":"fr-FR","@id":"https:\/\/secure.gravatar.com\/avatar\/57de8e5d4b15d43fb361a71fbb36338450fe67865b528a43dd10ef7c51a20392?s=96&d=mm&r=g","url":"https:\/\/secure.gravatar.com\/avatar\/57de8e5d4b15d43fb361a71fbb36338450fe67865b528a43dd10ef7c51a20392?s=96&d=mm&r=g","contentUrl":"https:\/\/secure.gravatar.com\/avatar\/57de8e5d4b15d43fb361a71fbb36338450fe67865b528a43dd10ef7c51a20392?s=96&d=mm&r=g","caption":"La Sentinelle"},"sameAs":["http:\/\/www.lasentinelle.dz"],"url":"https:\/\/lasentinelle.dz\/author\/redaction\/"}]}},"_links":{"self":[{"href":"https:\/\/lasentinelle.dz\/index.php\/wp-json\/wp\/v2\/posts\/13849","targetHints":{"allow":["GET"]}}],"collection":[{"href":"https:\/\/lasentinelle.dz\/index.php\/wp-json\/wp\/v2\/posts"}],"about":[{"href":"https:\/\/lasentinelle.dz\/index.php\/wp-json\/wp\/v2\/types\/post"}],"author":[{"embeddable":true,"href":"https:\/\/lasentinelle.dz\/index.php\/wp-json\/wp\/v2\/users\/3"}],"replies":[{"embeddable":true,"href":"https:\/\/lasentinelle.dz\/index.php\/wp-json\/wp\/v2\/comments?post=13849"}],"version-history":[{"count":1,"href":"https:\/\/lasentinelle.dz\/index.php\/wp-json\/wp\/v2\/posts\/13849\/revisions"}],"predecessor-version":[{"id":13857,"href":"https:\/\/lasentinelle.dz\/index.php\/wp-json\/wp\/v2\/posts\/13849\/revisions\/13857"}],"wp:featuredmedia":[{"embeddable":true,"href":"https:\/\/lasentinelle.dz\/index.php\/wp-json\/wp\/v2\/media\/13856"}],"wp:attachment":[{"href":"https:\/\/lasentinelle.dz\/index.php\/wp-json\/wp\/v2\/media?parent=13849"}],"wp:term":[{"taxonomy":"category","embeddable":true,"href":"https:\/\/lasentinelle.dz\/index.php\/wp-json\/wp\/v2\/categories?post=13849"},{"taxonomy":"post_tag","embeddable":true,"href":"https:\/\/lasentinelle.dz\/index.php\/wp-json\/wp\/v2\/tags?post=13849"}],"curies":[{"name":"wp","href":"https:\/\/api.w.org\/{rel}","templated":true}]}}