{"id":13903,"date":"2021-11-24T00:01:00","date_gmt":"2021-11-23T23:01:00","guid":{"rendered":"https:\/\/lasentinelle.dz\/?p=13903"},"modified":"2021-11-23T18:07:53","modified_gmt":"2021-11-23T17:07:53","slug":"annaba-cap-sur-la-relance-de-lagriculture-de-montagne","status":"publish","type":"post","link":"https:\/\/lasentinelle.dz\/index.php\/2021\/11\/24\/annaba-cap-sur-la-relance-de-lagriculture-de-montagne\/","title":{"rendered":"Annaba : Cap sur la relance de l\u2019agriculture de montagne"},"content":{"rendered":"\n<p>En marge de la r\u00e9union tenue, en fin de semaine \u00e9coul\u00e9e, au niveau de l\u2019APW d\u2019Annaba, le wali&nbsp;&nbsp;d\u2019Annaba, Djamel Eddine Berrimi a insist\u00e9 sur plusieurs points importants en rapport avec le processus de relance du secteur de l\u2019agriculture dans la wilaya, a indiqu\u00e9 un communiqu\u00e9 \u00e9manant du cabinet de la wilaya. Il s\u2019agit selon les pr\u00e9cisions apport\u00e9es par la m\u00eame source,&nbsp;de&nbsp;l\u2019organisation d\u2019une autre journ\u00e9e de sensibilisation et d\u2019\u00e9tudes, que devra organiser, la direction des services agricoles (DSA) d\u2019Annaba, dans un d\u00e9lai maximum de 45 jours au Palais de la Culture et des Arts Mohamed Boudiaf. Dans le d\u00e9tail, la m\u00eame source a expliqu\u00e9&nbsp;que&nbsp;l\u2019objectif de l\u2019organisation de cette rencontre,&nbsp;est l\u2019\u00e9change des points de vue entre&nbsp;les pr\u00e9occupations des agriculteurs et&nbsp;les \u00e9ducateurs en pr\u00e9sence des structures \u00e0 comp\u00e9tence conjointe et les \u00e9tablissements financiers.&nbsp;&nbsp;Au-del\u00e0, il s\u2019agira \u00e9galement , selon ladite source, d\u2019organiser des campagnes p\u00e9riodiques de sensibilisation afin d\u2019encourager les agriculteurs et les aider \u00e0 surmonter les obstacles administratifs et techniques auxquels ils pourraient \u00e9ventuellement \u00eatre confront\u00e9s, comme celle ayant trait \u00e0 l\u2019\u00e9nergie \u00e9lectrique, l\u2019irrigation agricole etc. Par ailleurs, le premier responsable de la wilaya a appel\u00e9, voire&nbsp;&nbsp;instruit les responsables concern\u00e9s&nbsp;&nbsp;\u00e0 encourager et \u0153uvrer au d\u00e9veloppement de l\u2019agriculture de montagne, laquelle fournissait \u00e0 la ville d\u2019Annaba et sa r\u00e9gion toutes vari\u00e9t\u00e9s de cultures mara\u00eech\u00e8res mais aussi des fruits de qualit\u00e9, ainsi que du miel pur et des herbes aromatiques et m\u00e9dicinales. Dans ce sens, le wali n\u2019a pas omis de rappeler qu\u2019il&nbsp;&nbsp;faudra prot\u00e9ger&nbsp;le&nbsp;foncier agricole, qu&rsquo;il faudra s\u2019\u00e9loigner des pratiques ill\u00e9gales et le d\u00e9tournement du foncier agricole de sa vocation initiale, en en faisant un terrain de constructions de logements.&nbsp;&nbsp;Le wali d\u2019Annaba a, lors de cette r\u00e9union, comme&nbsp;rapport\u00e9 par le communiqu\u00e9 de la wilaya, soulign\u00e9 que pour arriver \u00e0 cette relance,&nbsp;\u00ab&nbsp;on \u00e9tablira les priorit\u00e9s et on fournira un soutien pour les producteurs dans toutes les fili\u00e8res tout en orientant ces derniers vers l\u2019\u00e9levage de b\u00e9tail et&nbsp;le&nbsp;petit \u00e9levage, apiculture, cuniculture et autres\u2026&nbsp;\u00bb&nbsp;a conclu ledit communiqu\u00e9. Il est \u00e0 signaler que cette rencontre fait suite \u00e0 une premi\u00e8re r\u00e9union de travail et de sensibilisation sur le syst\u00e8me de r\u00e9gulation des produits agricoles de large consommation organis\u00e9e il y\u2019a quelques&nbsp;semaines, au si\u00e8ge de la wilaya d\u2019Annaba. Pr\u00e9sid\u00e9e par le wali d&rsquo;Annaba, cette r\u00e9union d\u2019information r\u00e9pond aux directives du premier responsable, lors d\u2019une sortie d\u2019inspection au secteur de l\u2019agriculture. Ainsi, au cours de cette r\u00e9union, le directeur des services agricoles a donn\u00e9 un aper\u00e7u sur la situation pr\u00e9valant dans ce secteur \u00e0 Annaba. Le DSA a, rappelons-le,&nbsp;&nbsp;insist\u00e9 sur le d\u00e9veloppement de la culture de la pomme de terre durant les cinq derni\u00e8res ann\u00e9es et la ma\u00eetrise totale des cultures de produits de large consommation. L\u2019intervenant a \u00e9galement fait \u00e9tat de la participation des conservateurs de la pomme de terre durant l\u2019ann\u00e9e 2020\/2021. Dans le d\u00e9tail, le DSA a \u00e9voqu\u00e9&nbsp;&nbsp;les capacit\u00e9s de stockage et le renvoi \u00e0 l\u2019instruction 810 du 20 septembre 2021, soulignant l\u2019organisation du stockage.&nbsp;Il expliquera&nbsp;dans&nbsp;ce sillage que, le SYRPALAC tend \u00e0 contr\u00f4ler et \u00e0 pr\u00e9server le surplus des r\u00e9coltes afin de pr\u00e9server les gains des fellahs et prot\u00e9ger le pouvoir d\u2019achat des citoyens. On rappelle encore que, le responsable du secteur de l\u2019agriculture \u00e0 Annaba, a fait part des r\u00e9sultats de la saison agricole de 2020\/2021 et les objectifs vis\u00e9s pour celle de la p\u00e9riode en cours de 2021\/2022. L\u2019intervenant a profit\u00e9 de l\u2019occasion pour expliquer les raisons de la mauvaise saison de culture de la pomme de terre, due, comme indiqu\u00e9, \u00e0 la faible pluviom\u00e9trie et le manque de pommes de terre de semence ainsi que la hausse des d\u00e9penses occasionn\u00e9es par hectare.<\/p>\n\n\n\n<p><strong>S. Chahine<\/strong><\/p>\n","protected":false},"excerpt":{"rendered":"<p>En marge de la r\u00e9union tenue, en fin de semaine \u00e9coul\u00e9e, au niveau de l\u2019APW d\u2019Annaba, le wali&nbsp;&nbsp;d\u2019Annaba, Djamel Eddine<\/p>\n","protected":false},"author":3,"featured_media":13913,"comment_status":"open","ping_status":"closed","sticky":false,"template":"","format":"standard","meta":{"colormag_page_container_layout":"default_layout","colormag_page_sidebar_layout":"default_layout","om_disable_all_campaigns":false,"_monsterinsights_skip_tracking":false,"_monsterinsights_sitenote_active":false,"_monsterinsights_sitenote_note":"","_monsterinsights_sitenote_category":0,"footnotes":"","_wpscppro_dont_share_socialmedia":false,"_wpscppro_custom_social_share_image":0,"_facebook_share_type":"","_twitter_share_type":"","_linkedin_share_type":"","_pinterest_share_type":"","_linkedin_share_type_page":"","_instagram_share_type":"","_medium_share_type":"","_threads_share_type":"","_google_business_share_type":"","_selected_social_profile":[],"_wpsp_enable_custom_social_template":false,"_wpsp_social_scheduling":{"enabled":false,"datetime":null,"platforms":[],"status":"template_only","dateOption":"today","timeOption":"now","customDays":"","customHours":"","customDate":"","customTime":"","schedulingType":"absolute"},"_wpsp_active_default_template":true},"categories":[31],"tags":[],"class_list":["post-13903","post","type-post","status-publish","format-standard","has-post-thumbnail","hentry","category-regions"],"aioseo_notices":[],"yoast_head":"<!-- This site is optimized with the Yoast SEO plugin v27.5 - https:\/\/yoast.com\/product\/yoast-seo-wordpress\/ -->\n<title>Annaba : Cap sur la relance de l\u2019agriculture de montagne - La Sentinelle<\/title>\n<meta name=\"robots\" content=\"index, follow, max-snippet:-1, max-image-preview:large, max-video-preview:-1\" \/>\n<link rel=\"canonical\" href=\"https:\/\/lasentinelle.dz\/index.php\/2021\/11\/24\/annaba-cap-sur-la-relance-de-lagriculture-de-montagne\/\" \/>\n<meta property=\"og:locale\" content=\"fr_FR\" \/>\n<meta property=\"og:type\" content=\"article\" \/>\n<meta property=\"og:title\" content=\"Annaba : Cap sur la relance de l\u2019agriculture de montagne - La Sentinelle\" \/>\n<meta property=\"og:description\" content=\"En marge de la r\u00e9union tenue, en fin de semaine \u00e9coul\u00e9e, au niveau de l\u2019APW d\u2019Annaba, le wali&nbsp;&nbsp;d\u2019Annaba, Djamel Eddine\" \/>\n<meta property=\"og:url\" content=\"https:\/\/lasentinelle.dz\/index.php\/2021\/11\/24\/annaba-cap-sur-la-relance-de-lagriculture-de-montagne\/\" \/>\n<meta property=\"og:site_name\" content=\"La Sentinelle\" \/>\n<meta property=\"article:publisher\" content=\"https:\/\/www.facebook.com\/La-Sentinelle-104059864394773\" \/>\n<meta property=\"article:published_time\" content=\"2021-11-23T23:01:00+00:00\" \/>\n<meta property=\"og:image\" content=\"https:\/\/lasentinelle.dz\/wp-content\/uploads\/2021\/11\/Sans-titre-1-14.png\" \/>\n\t<meta property=\"og:image:width\" content=\"1440\" \/>\n\t<meta property=\"og:image:height\" content=\"900\" \/>\n\t<meta property=\"og:image:type\" content=\"image\/png\" \/>\n<meta name=\"author\" content=\"La Sentinelle\" \/>\n<meta name=\"twitter:card\" content=\"summary_large_image\" \/>\n<meta name=\"twitter:label1\" content=\"\u00c9crit par\" \/>\n\t<meta name=\"twitter:data1\" content=\"La Sentinelle\" \/>\n\t<meta name=\"twitter:label2\" content=\"Dur\u00e9e de lecture estim\u00e9e\" \/>\n\t<meta name=\"twitter:data2\" content=\"3 minutes\" \/>\n<script type=\"application\/ld+json\" class=\"yoast-schema-graph\">{\"@context\":\"https:\\\/\\\/schema.org\",\"@graph\":[{\"@type\":\"Article\",\"@id\":\"https:\\\/\\\/lasentinelle.dz\\\/index.php\\\/2021\\\/11\\\/24\\\/annaba-cap-sur-la-relance-de-lagriculture-de-montagne\\\/#article\",\"isPartOf\":{\"@id\":\"https:\\\/\\\/lasentinelle.dz\\\/index.php\\\/2021\\\/11\\\/24\\\/annaba-cap-sur-la-relance-de-lagriculture-de-montagne\\\/\"},\"author\":{\"name\":\"La Sentinelle\",\"@id\":\"https:\\\/\\\/lasentinelle.dz\\\/#\\\/schema\\\/person\\\/d865044e22e70a75174ce8bcad3acfb3\"},\"headline\":\"Annaba : Cap sur la relance de l\u2019agriculture de montagne\",\"datePublished\":\"2021-11-23T23:01:00+00:00\",\"mainEntityOfPage\":{\"@id\":\"https:\\\/\\\/lasentinelle.dz\\\/index.php\\\/2021\\\/11\\\/24\\\/annaba-cap-sur-la-relance-de-lagriculture-de-montagne\\\/\"},\"wordCount\":739,\"commentCount\":0,\"publisher\":{\"@id\":\"https:\\\/\\\/lasentinelle.dz\\\/#organization\"},\"image\":{\"@id\":\"https:\\\/\\\/lasentinelle.dz\\\/index.php\\\/2021\\\/11\\\/24\\\/annaba-cap-sur-la-relance-de-lagriculture-de-montagne\\\/#primaryimage\"},\"thumbnailUrl\":\"https:\\\/\\\/lasentinelle.dz\\\/wp-content\\\/uploads\\\/2021\\\/11\\\/Sans-titre-1-14.png\",\"articleSection\":[\"R\u00e9gions\"],\"inLanguage\":\"fr-FR\",\"potentialAction\":[{\"@type\":\"CommentAction\",\"name\":\"Comment\",\"target\":[\"https:\\\/\\\/lasentinelle.dz\\\/index.php\\\/2021\\\/11\\\/24\\\/annaba-cap-sur-la-relance-de-lagriculture-de-montagne\\\/#respond\"]}]},{\"@type\":\"WebPage\",\"@id\":\"https:\\\/\\\/lasentinelle.dz\\\/index.php\\\/2021\\\/11\\\/24\\\/annaba-cap-sur-la-relance-de-lagriculture-de-montagne\\\/\",\"url\":\"https:\\\/\\\/lasentinelle.dz\\\/index.php\\\/2021\\\/11\\\/24\\\/annaba-cap-sur-la-relance-de-lagriculture-de-montagne\\\/\",\"name\":\"Annaba : Cap sur la relance de l\u2019agriculture de montagne - La Sentinelle\",\"isPartOf\":{\"@id\":\"https:\\\/\\\/lasentinelle.dz\\\/#website\"},\"primaryImageOfPage\":{\"@id\":\"https:\\\/\\\/lasentinelle.dz\\\/index.php\\\/2021\\\/11\\\/24\\\/annaba-cap-sur-la-relance-de-lagriculture-de-montagne\\\/#primaryimage\"},\"image\":{\"@id\":\"https:\\\/\\\/lasentinelle.dz\\\/index.php\\\/2021\\\/11\\\/24\\\/annaba-cap-sur-la-relance-de-lagriculture-de-montagne\\\/#primaryimage\"},\"thumbnailUrl\":\"https:\\\/\\\/lasentinelle.dz\\\/wp-content\\\/uploads\\\/2021\\\/11\\\/Sans-titre-1-14.png\",\"datePublished\":\"2021-11-23T23:01:00+00:00\",\"breadcrumb\":{\"@id\":\"https:\\\/\\\/lasentinelle.dz\\\/index.php\\\/2021\\\/11\\\/24\\\/annaba-cap-sur-la-relance-de-lagriculture-de-montagne\\\/#breadcrumb\"},\"inLanguage\":\"fr-FR\",\"potentialAction\":[{\"@type\":\"ReadAction\",\"target\":[\"https:\\\/\\\/lasentinelle.dz\\\/index.php\\\/2021\\\/11\\\/24\\\/annaba-cap-sur-la-relance-de-lagriculture-de-montagne\\\/\"]}]},{\"@type\":\"ImageObject\",\"inLanguage\":\"fr-FR\",\"@id\":\"https:\\\/\\\/lasentinelle.dz\\\/index.php\\\/2021\\\/11\\\/24\\\/annaba-cap-sur-la-relance-de-lagriculture-de-montagne\\\/#primaryimage\",\"url\":\"https:\\\/\\\/lasentinelle.dz\\\/wp-content\\\/uploads\\\/2021\\\/11\\\/Sans-titre-1-14.png\",\"contentUrl\":\"https:\\\/\\\/lasentinelle.dz\\\/wp-content\\\/uploads\\\/2021\\\/11\\\/Sans-titre-1-14.png\",\"width\":1440,\"height\":900},{\"@type\":\"BreadcrumbList\",\"@id\":\"https:\\\/\\\/lasentinelle.dz\\\/index.php\\\/2021\\\/11\\\/24\\\/annaba-cap-sur-la-relance-de-lagriculture-de-montagne\\\/#breadcrumb\",\"itemListElement\":[{\"@type\":\"ListItem\",\"position\":1,\"name\":\"Accueil\",\"item\":\"https:\\\/\\\/lasentinelle.dz\\\/\"},{\"@type\":\"ListItem\",\"position\":2,\"name\":\"Annaba : Cap sur la relance de l\u2019agriculture de montagne\"}]},{\"@type\":\"WebSite\",\"@id\":\"https:\\\/\\\/lasentinelle.dz\\\/#website\",\"url\":\"https:\\\/\\\/lasentinelle.dz\\\/\",\"name\":\"La Sentinelle\",\"description\":\"Quotidien national d&#039;information\",\"publisher\":{\"@id\":\"https:\\\/\\\/lasentinelle.dz\\\/#organization\"},\"potentialAction\":[{\"@type\":\"SearchAction\",\"target\":{\"@type\":\"EntryPoint\",\"urlTemplate\":\"https:\\\/\\\/lasentinelle.dz\\\/?s={search_term_string}\"},\"query-input\":{\"@type\":\"PropertyValueSpecification\",\"valueRequired\":true,\"valueName\":\"search_term_string\"}}],\"inLanguage\":\"fr-FR\"},{\"@type\":\"Organization\",\"@id\":\"https:\\\/\\\/lasentinelle.dz\\\/#organization\",\"name\":\"Quotidien La Sentinelle\",\"url\":\"https:\\\/\\\/lasentinelle.dz\\\/\",\"logo\":{\"@type\":\"ImageObject\",\"inLanguage\":\"fr-FR\",\"@id\":\"https:\\\/\\\/lasentinelle.dz\\\/#\\\/schema\\\/logo\\\/image\\\/\",\"url\":\"https:\\\/\\\/lasentinelle.dz\\\/wp-content\\\/uploads\\\/2021\\\/09\\\/logo-sentinelleSLOGAN-1.png\",\"contentUrl\":\"https:\\\/\\\/lasentinelle.dz\\\/wp-content\\\/uploads\\\/2021\\\/09\\\/logo-sentinelleSLOGAN-1.png\",\"width\":615,\"height\":142,\"caption\":\"Quotidien La Sentinelle\"},\"image\":{\"@id\":\"https:\\\/\\\/lasentinelle.dz\\\/#\\\/schema\\\/logo\\\/image\\\/\"},\"sameAs\":[\"https:\\\/\\\/www.facebook.com\\\/La-Sentinelle-104059864394773\"]},{\"@type\":\"Person\",\"@id\":\"https:\\\/\\\/lasentinelle.dz\\\/#\\\/schema\\\/person\\\/d865044e22e70a75174ce8bcad3acfb3\",\"name\":\"La Sentinelle\",\"image\":{\"@type\":\"ImageObject\",\"inLanguage\":\"fr-FR\",\"@id\":\"https:\\\/\\\/secure.gravatar.com\\\/avatar\\\/57de8e5d4b15d43fb361a71fbb36338450fe67865b528a43dd10ef7c51a20392?s=96&d=mm&r=g\",\"url\":\"https:\\\/\\\/secure.gravatar.com\\\/avatar\\\/57de8e5d4b15d43fb361a71fbb36338450fe67865b528a43dd10ef7c51a20392?s=96&d=mm&r=g\",\"contentUrl\":\"https:\\\/\\\/secure.gravatar.com\\\/avatar\\\/57de8e5d4b15d43fb361a71fbb36338450fe67865b528a43dd10ef7c51a20392?s=96&d=mm&r=g\",\"caption\":\"La Sentinelle\"},\"sameAs\":[\"http:\\\/\\\/www.lasentinelle.dz\"],\"url\":\"https:\\\/\\\/lasentinelle.dz\\\/author\\\/redaction\\\/\"}]}<\/script>\n<!-- \/ Yoast SEO plugin. -->","yoast_head_json":{"title":"Annaba : Cap sur la relance de l\u2019agriculture de montagne - La Sentinelle","robots":{"index":"index","follow":"follow","max-snippet":"max-snippet:-1","max-image-preview":"max-image-preview:large","max-video-preview":"max-video-preview:-1"},"canonical":"https:\/\/lasentinelle.dz\/index.php\/2021\/11\/24\/annaba-cap-sur-la-relance-de-lagriculture-de-montagne\/","og_locale":"fr_FR","og_type":"article","og_title":"Annaba : Cap sur la relance de l\u2019agriculture de montagne - La Sentinelle","og_description":"En marge de la r\u00e9union tenue, en fin de semaine \u00e9coul\u00e9e, au niveau de l\u2019APW d\u2019Annaba, le wali&nbsp;&nbsp;d\u2019Annaba, Djamel Eddine","og_url":"https:\/\/lasentinelle.dz\/index.php\/2021\/11\/24\/annaba-cap-sur-la-relance-de-lagriculture-de-montagne\/","og_site_name":"La Sentinelle","article_publisher":"https:\/\/www.facebook.com\/La-Sentinelle-104059864394773","article_published_time":"2021-11-23T23:01:00+00:00","og_image":[{"width":1440,"height":900,"url":"https:\/\/lasentinelle.dz\/wp-content\/uploads\/2021\/11\/Sans-titre-1-14.png","type":"image\/png"}],"author":"La Sentinelle","twitter_card":"summary_large_image","twitter_misc":{"\u00c9crit par":"La Sentinelle","Dur\u00e9e de lecture estim\u00e9e":"3 minutes"},"schema":{"@context":"https:\/\/schema.org","@graph":[{"@type":"Article","@id":"https:\/\/lasentinelle.dz\/index.php\/2021\/11\/24\/annaba-cap-sur-la-relance-de-lagriculture-de-montagne\/#article","isPartOf":{"@id":"https:\/\/lasentinelle.dz\/index.php\/2021\/11\/24\/annaba-cap-sur-la-relance-de-lagriculture-de-montagne\/"},"author":{"name":"La Sentinelle","@id":"https:\/\/lasentinelle.dz\/#\/schema\/person\/d865044e22e70a75174ce8bcad3acfb3"},"headline":"Annaba : Cap sur la relance de l\u2019agriculture de montagne","datePublished":"2021-11-23T23:01:00+00:00","mainEntityOfPage":{"@id":"https:\/\/lasentinelle.dz\/index.php\/2021\/11\/24\/annaba-cap-sur-la-relance-de-lagriculture-de-montagne\/"},"wordCount":739,"commentCount":0,"publisher":{"@id":"https:\/\/lasentinelle.dz\/#organization"},"image":{"@id":"https:\/\/lasentinelle.dz\/index.php\/2021\/11\/24\/annaba-cap-sur-la-relance-de-lagriculture-de-montagne\/#primaryimage"},"thumbnailUrl":"https:\/\/lasentinelle.dz\/wp-content\/uploads\/2021\/11\/Sans-titre-1-14.png","articleSection":["R\u00e9gions"],"inLanguage":"fr-FR","potentialAction":[{"@type":"CommentAction","name":"Comment","target":["https:\/\/lasentinelle.dz\/index.php\/2021\/11\/24\/annaba-cap-sur-la-relance-de-lagriculture-de-montagne\/#respond"]}]},{"@type":"WebPage","@id":"https:\/\/lasentinelle.dz\/index.php\/2021\/11\/24\/annaba-cap-sur-la-relance-de-lagriculture-de-montagne\/","url":"https:\/\/lasentinelle.dz\/index.php\/2021\/11\/24\/annaba-cap-sur-la-relance-de-lagriculture-de-montagne\/","name":"Annaba : Cap sur la relance de l\u2019agriculture de montagne - La Sentinelle","isPartOf":{"@id":"https:\/\/lasentinelle.dz\/#website"},"primaryImageOfPage":{"@id":"https:\/\/lasentinelle.dz\/index.php\/2021\/11\/24\/annaba-cap-sur-la-relance-de-lagriculture-de-montagne\/#primaryimage"},"image":{"@id":"https:\/\/lasentinelle.dz\/index.php\/2021\/11\/24\/annaba-cap-sur-la-relance-de-lagriculture-de-montagne\/#primaryimage"},"thumbnailUrl":"https:\/\/lasentinelle.dz\/wp-content\/uploads\/2021\/11\/Sans-titre-1-14.png","datePublished":"2021-11-23T23:01:00+00:00","breadcrumb":{"@id":"https:\/\/lasentinelle.dz\/index.php\/2021\/11\/24\/annaba-cap-sur-la-relance-de-lagriculture-de-montagne\/#breadcrumb"},"inLanguage":"fr-FR","potentialAction":[{"@type":"ReadAction","target":["https:\/\/lasentinelle.dz\/index.php\/2021\/11\/24\/annaba-cap-sur-la-relance-de-lagriculture-de-montagne\/"]}]},{"@type":"ImageObject","inLanguage":"fr-FR","@id":"https:\/\/lasentinelle.dz\/index.php\/2021\/11\/24\/annaba-cap-sur-la-relance-de-lagriculture-de-montagne\/#primaryimage","url":"https:\/\/lasentinelle.dz\/wp-content\/uploads\/2021\/11\/Sans-titre-1-14.png","contentUrl":"https:\/\/lasentinelle.dz\/wp-content\/uploads\/2021\/11\/Sans-titre-1-14.png","width":1440,"height":900},{"@type":"BreadcrumbList","@id":"https:\/\/lasentinelle.dz\/index.php\/2021\/11\/24\/annaba-cap-sur-la-relance-de-lagriculture-de-montagne\/#breadcrumb","itemListElement":[{"@type":"ListItem","position":1,"name":"Accueil","item":"https:\/\/lasentinelle.dz\/"},{"@type":"ListItem","position":2,"name":"Annaba : Cap sur la relance de l\u2019agriculture de montagne"}]},{"@type":"WebSite","@id":"https:\/\/lasentinelle.dz\/#website","url":"https:\/\/lasentinelle.dz\/","name":"La Sentinelle","description":"Quotidien national d&#039;information","publisher":{"@id":"https:\/\/lasentinelle.dz\/#organization"},"potentialAction":[{"@type":"SearchAction","target":{"@type":"EntryPoint","urlTemplate":"https:\/\/lasentinelle.dz\/?s={search_term_string}"},"query-input":{"@type":"PropertyValueSpecification","valueRequired":true,"valueName":"search_term_string"}}],"inLanguage":"fr-FR"},{"@type":"Organization","@id":"https:\/\/lasentinelle.dz\/#organization","name":"Quotidien La Sentinelle","url":"https:\/\/lasentinelle.dz\/","logo":{"@type":"ImageObject","inLanguage":"fr-FR","@id":"https:\/\/lasentinelle.dz\/#\/schema\/logo\/image\/","url":"https:\/\/lasentinelle.dz\/wp-content\/uploads\/2021\/09\/logo-sentinelleSLOGAN-1.png","contentUrl":"https:\/\/lasentinelle.dz\/wp-content\/uploads\/2021\/09\/logo-sentinelleSLOGAN-1.png","width":615,"height":142,"caption":"Quotidien La Sentinelle"},"image":{"@id":"https:\/\/lasentinelle.dz\/#\/schema\/logo\/image\/"},"sameAs":["https:\/\/www.facebook.com\/La-Sentinelle-104059864394773"]},{"@type":"Person","@id":"https:\/\/lasentinelle.dz\/#\/schema\/person\/d865044e22e70a75174ce8bcad3acfb3","name":"La Sentinelle","image":{"@type":"ImageObject","inLanguage":"fr-FR","@id":"https:\/\/secure.gravatar.com\/avatar\/57de8e5d4b15d43fb361a71fbb36338450fe67865b528a43dd10ef7c51a20392?s=96&d=mm&r=g","url":"https:\/\/secure.gravatar.com\/avatar\/57de8e5d4b15d43fb361a71fbb36338450fe67865b528a43dd10ef7c51a20392?s=96&d=mm&r=g","contentUrl":"https:\/\/secure.gravatar.com\/avatar\/57de8e5d4b15d43fb361a71fbb36338450fe67865b528a43dd10ef7c51a20392?s=96&d=mm&r=g","caption":"La Sentinelle"},"sameAs":["http:\/\/www.lasentinelle.dz"],"url":"https:\/\/lasentinelle.dz\/author\/redaction\/"}]}},"_links":{"self":[{"href":"https:\/\/lasentinelle.dz\/index.php\/wp-json\/wp\/v2\/posts\/13903","targetHints":{"allow":["GET"]}}],"collection":[{"href":"https:\/\/lasentinelle.dz\/index.php\/wp-json\/wp\/v2\/posts"}],"about":[{"href":"https:\/\/lasentinelle.dz\/index.php\/wp-json\/wp\/v2\/types\/post"}],"author":[{"embeddable":true,"href":"https:\/\/lasentinelle.dz\/index.php\/wp-json\/wp\/v2\/users\/3"}],"replies":[{"embeddable":true,"href":"https:\/\/lasentinelle.dz\/index.php\/wp-json\/wp\/v2\/comments?post=13903"}],"version-history":[{"count":1,"href":"https:\/\/lasentinelle.dz\/index.php\/wp-json\/wp\/v2\/posts\/13903\/revisions"}],"predecessor-version":[{"id":13919,"href":"https:\/\/lasentinelle.dz\/index.php\/wp-json\/wp\/v2\/posts\/13903\/revisions\/13919"}],"wp:featuredmedia":[{"embeddable":true,"href":"https:\/\/lasentinelle.dz\/index.php\/wp-json\/wp\/v2\/media\/13913"}],"wp:attachment":[{"href":"https:\/\/lasentinelle.dz\/index.php\/wp-json\/wp\/v2\/media?parent=13903"}],"wp:term":[{"taxonomy":"category","embeddable":true,"href":"https:\/\/lasentinelle.dz\/index.php\/wp-json\/wp\/v2\/categories?post=13903"},{"taxonomy":"post_tag","embeddable":true,"href":"https:\/\/lasentinelle.dz\/index.php\/wp-json\/wp\/v2\/tags?post=13903"}],"curies":[{"name":"wp","href":"https:\/\/api.w.org\/{rel}","templated":true}]}}