{"id":13906,"date":"2021-11-24T00:01:00","date_gmt":"2021-11-23T23:01:00","guid":{"rendered":"https:\/\/lasentinelle.dz\/?p=13906"},"modified":"2021-11-23T18:15:41","modified_gmt":"2021-11-23T17:15:41","slug":"maroc-les-manifestations-se-multiplient-dans-plusieurs-villes","status":"publish","type":"post","link":"https:\/\/lasentinelle.dz\/index.php\/2021\/11\/24\/maroc-les-manifestations-se-multiplient-dans-plusieurs-villes\/","title":{"rendered":"Maroc : Les manifestations se multiplient dans plusieurs villes"},"content":{"rendered":"\n<p>Les mouvements de protestations se multiplient au Maroc pour d\u00e9noncer d\u2019un c\u00f4t\u00e9 la d\u00e9gradation des conditions soci\u00e9conomiques, le ch\u00f4mage end\u00e9mique, les mesures antisociales du gouvernement Akhannouche, et de l\u2019autre la normalisation avec l\u2019entit\u00e9 sioniste.<\/p>\n\n\n\n<p>C\u2019est ainsi et \u00e0 la veille de la visite du ministre de la D\u00e9fense de l\u2019entit\u00e9 sioniste, Benny Gantz aujourd\u2019hui et demain au Maroc&nbsp;&nbsp;que le Front marocain de soutien \u00e0 la cause palestinienne et contre la normalisation a appel\u00e9 \u00e0 un sit-in de protestation aujourd\u2019hui devant le parlement \u00e0 Rabat, pour exprimer son rejet de cette visite.<\/p>\n\n\n\n<p>Le Front a exprim\u00e9 son rejet de la visite de Benny Gantz, ministre isra\u00e9lien de la D\u00e9fense \u00e0 Rabat, mercredi et jeudi, dans le cadre du plan de normalisation en cours, appelant toutes les instances qui soutiennent la cause palestinienne et rejettent la politique de normalisation, tous les militants et le grand public \u00e0 exprimer leur refus de recevoir le \u00ab Boucher de Gaza \u00bb dans le Royaume \u00e0 travers la forte participation au Sit-in de protestation. Pour sa part, le Syndicat national de l&rsquo;enseignement sup\u00e9rieur et de la recherche scientifique au Maroc (SNESUP) a d\u00e9nonc\u00e9 l&rsquo;acc\u00e9l\u00e9ration de la normalisation entre les universit\u00e9s marocaines et leurs homologues de l&rsquo;entit\u00e9 sioniste, relevant que \u00ab\u00a0cette d\u00e9marche est en train d&rsquo;ouvrir grandes les portes aux criminels de guerre en vue de propager leur culture, sous pr\u00e9texte des \u00e9changes et visites acad\u00e9miques\u00a0\u00bb. Selon le Syndicat marocain, \u00ab\u00a0cette normalisation n&rsquo;a d&rsquo;autres objectifs que celui de casser l&rsquo;immunit\u00e9 historique de l&rsquo;universit\u00e9 marocaine contre le sionisme et de salir sa r\u00e9putation\u00a0\u00bb. \u00ab\u00a0L&rsquo;universit\u00e9 marocaine demeurera fid\u00e8le \u00e0 ses positions et ses principes en faveur de la cause palestinienne et de toutes les causes justes et refusera toute initiative de normalisation avec l&rsquo;entit\u00e9 sioniste sous toutes ses formes\u00a0\u00bb, a ajout\u00e9 le SNESUP, d\u00e9non\u00e7ant \u00ab\u00a0ceux qui \u0153uvrent en catimini dans les m\u00e9dias ou financi\u00e8rement dans le but de renforcer et g\u00e9n\u00e9raliser la normalisation avec l&rsquo;entit\u00e9 sioniste\u00a0\u00bb.<\/p>\n\n\n\n<p>D\u2019un c\u00f4t\u00e9, c\u2019est sur le front social que les mouvements de protestations se radicalisent. Depuis le 27 octobre, les Marocains se donnent rendez-vous pour manifester contre le pass sanitaire. Le week-en dernier des manifestations ont secou\u00e9 la ville de F\u00e8s afin de d\u00e9noncer la mis\u00e8re, le ch\u00f4mage et les conditions sociales difficiles.&nbsp;<\/p>\n\n\n\n<p>Par ailleurs, les manifestations estudiantines ont gagn\u00e9 d&rsquo;autres villes marocaines dont Marrakech, o\u00f9 des centaines d&rsquo;\u00e9tudiants de l&rsquo;universit\u00e9 El Kadhi-Ayadh sont descendus dans la rue pour protester contre les conditions pos\u00e9es par le gouvernement pour participer au concours de recrutement dans le secteur de l&rsquo;\u00e9ducation. Les protestataires qui ont commenc\u00e9 \u00e0 marcher \u00e0 partir de la facult\u00e9 des droits et des sciences juridiques vers l&rsquo;Acad\u00e9mie r\u00e9gionale de l&rsquo;\u00e9ducation et de l&rsquo;enseignement, ont scand\u00e9 des slogans d\u00e9non\u00e7ant avec force les conditions pos\u00e9es r\u00e9cemment par le minist\u00e8re de l&rsquo;Education, tels que: \u00ab\u00a0R\u00e9voltez-vous les jeunes contre les dirigeants du pays\u00a0\u00bb, \u00ab\u00a0Libert\u00e9, dignit\u00e9, justice sociale\u00a0\u00bb, ou encore \u00ab\u00a0Le peuple veut l&rsquo;annulation de la pr\u00e9s\u00e9lection\u00a0\u00bb. Le gouvernement marocain a fix\u00e9 \u00e0 30 ans, l&rsquo;\u00e2ge maximal pour participer au concours de recrutement dans le secteur de l&rsquo;\u00e9ducation, une d\u00e9cision qui a suscit\u00e9 une vague de protestations au sein de plusieurs universit\u00e9s \u00e0 travers le royaume, exigeant son \u00ab\u00a0annulation\u00a0\u00bb par le minist\u00e8re de tutelle. La ville de F\u00e8s a d\u00e9j\u00e0 connu un mouvement de protestations similaire appelant \u00e0 l'\u00a0\u00bbannulation\u00a0\u00bb des conditions de la pr\u00e9s\u00e9lection et de l&rsquo;\u00e2ge, fix\u00e9es par le ministre de l&rsquo;Education, une d\u00e9cision qui exclut, selon les contestataires, les titulaires de Doctorat et de Master.&nbsp;&nbsp;A Mekn\u00e8s aussi, des dizaines de manifestants ont appel\u00e9 le gouvernement \u00e0 \u00ab\u00a0annuler\u00a0\u00bb les deux conditions et \u00e0 assurer l&rsquo;\u00e9galit\u00e9 des chances pour tous. Le ministre marocain de l&rsquo;Education, Chakib Ben Moussa, avait d\u00e9clar\u00e9 \u00e0 la presse marocaine que le minist\u00e8re n&rsquo;avait nullement l&rsquo;intention de revenir sur sa d\u00e9cision qu&rsquo;il juge \u00ab\u00a0l\u00e9gale\u00a0\u00bb, alors que des experts et des juristes estiment que cette mesure constitue une \u00ab\u00a0violation de la Constitution\u00a0\u00bb et \u00ab\u00a0ne garantit pas l&rsquo;\u00e9galit\u00e9 des chances pour tous\u00a0\u00bb, au moment o\u00f9 le taux de ch\u00f4mage a grimp\u00e9 parmi les jeunes au Maroc. La semaine derni\u00e8re c\u2019\u00e9tait les enseignants contractuels qui manifestaient contre leurs conditions socioprofessionnelles et leur maintien dans une situation de pr\u00e9carit\u00e9.&nbsp;<\/p>\n\n\n\n<p><strong>Chokri Hafed<\/strong><\/p>\n","protected":false},"excerpt":{"rendered":"<p>Les mouvements de protestations se multiplient au Maroc pour d\u00e9noncer d\u2019un c\u00f4t\u00e9 la d\u00e9gradation des conditions soci\u00e9conomiques, le ch\u00f4mage end\u00e9mique,<\/p>\n","protected":false},"author":3,"featured_media":13914,"comment_status":"open","ping_status":"closed","sticky":false,"template":"","format":"standard","meta":{"colormag_page_container_layout":"default_layout","colormag_page_sidebar_layout":"default_layout","om_disable_all_campaigns":false,"_monsterinsights_skip_tracking":false,"_monsterinsights_sitenote_active":false,"_monsterinsights_sitenote_note":"","_monsterinsights_sitenote_category":0,"footnotes":"","_wpscppro_dont_share_socialmedia":false,"_wpscppro_custom_social_share_image":0,"_facebook_share_type":"","_twitter_share_type":"","_linkedin_share_type":"","_pinterest_share_type":"","_linkedin_share_type_page":"","_instagram_share_type":"","_medium_share_type":"","_threads_share_type":"","_google_business_share_type":"","_selected_social_profile":[],"_wpsp_enable_custom_social_template":false,"_wpsp_social_scheduling":{"enabled":false,"datetime":null,"platforms":[],"status":"template_only","dateOption":"today","timeOption":"now","customDays":"","customHours":"","customDate":"","customTime":"","schedulingType":"absolute"},"_wpsp_active_default_template":true},"categories":[37],"tags":[],"class_list":["post-13906","post","type-post","status-publish","format-standard","has-post-thumbnail","hentry","category-monde"],"aioseo_notices":[],"yoast_head":"<!-- This site is optimized with the Yoast SEO plugin v27.5 - https:\/\/yoast.com\/product\/yoast-seo-wordpress\/ -->\n<title>Maroc : Les manifestations se multiplient dans plusieurs villes - La Sentinelle<\/title>\n<meta name=\"robots\" content=\"index, follow, max-snippet:-1, max-image-preview:large, max-video-preview:-1\" \/>\n<link rel=\"canonical\" href=\"https:\/\/lasentinelle.dz\/index.php\/2021\/11\/24\/maroc-les-manifestations-se-multiplient-dans-plusieurs-villes\/\" \/>\n<meta property=\"og:locale\" content=\"fr_FR\" \/>\n<meta property=\"og:type\" content=\"article\" \/>\n<meta property=\"og:title\" content=\"Maroc : Les manifestations se multiplient dans plusieurs villes - La Sentinelle\" \/>\n<meta property=\"og:description\" content=\"Les mouvements de protestations se multiplient au Maroc pour d\u00e9noncer d\u2019un c\u00f4t\u00e9 la d\u00e9gradation des conditions soci\u00e9conomiques, le ch\u00f4mage end\u00e9mique,\" \/>\n<meta property=\"og:url\" content=\"https:\/\/lasentinelle.dz\/index.php\/2021\/11\/24\/maroc-les-manifestations-se-multiplient-dans-plusieurs-villes\/\" \/>\n<meta property=\"og:site_name\" content=\"La Sentinelle\" \/>\n<meta property=\"article:publisher\" content=\"https:\/\/www.facebook.com\/La-Sentinelle-104059864394773\" \/>\n<meta property=\"article:published_time\" content=\"2021-11-23T23:01:00+00:00\" \/>\n<meta property=\"og:image\" content=\"https:\/\/lasentinelle.dz\/wp-content\/uploads\/2021\/11\/maroc-col.png\" \/>\n\t<meta property=\"og:image:width\" content=\"1600\" \/>\n\t<meta property=\"og:image:height\" content=\"900\" \/>\n\t<meta property=\"og:image:type\" content=\"image\/png\" \/>\n<meta name=\"author\" content=\"La Sentinelle\" \/>\n<meta name=\"twitter:card\" content=\"summary_large_image\" \/>\n<meta name=\"twitter:label1\" content=\"\u00c9crit par\" \/>\n\t<meta name=\"twitter:data1\" content=\"La Sentinelle\" \/>\n\t<meta name=\"twitter:label2\" content=\"Dur\u00e9e de lecture estim\u00e9e\" \/>\n\t<meta name=\"twitter:data2\" content=\"3 minutes\" \/>\n<script type=\"application\/ld+json\" class=\"yoast-schema-graph\">{\"@context\":\"https:\\\/\\\/schema.org\",\"@graph\":[{\"@type\":\"Article\",\"@id\":\"https:\\\/\\\/lasentinelle.dz\\\/index.php\\\/2021\\\/11\\\/24\\\/maroc-les-manifestations-se-multiplient-dans-plusieurs-villes\\\/#article\",\"isPartOf\":{\"@id\":\"https:\\\/\\\/lasentinelle.dz\\\/index.php\\\/2021\\\/11\\\/24\\\/maroc-les-manifestations-se-multiplient-dans-plusieurs-villes\\\/\"},\"author\":{\"name\":\"La Sentinelle\",\"@id\":\"https:\\\/\\\/lasentinelle.dz\\\/#\\\/schema\\\/person\\\/d865044e22e70a75174ce8bcad3acfb3\"},\"headline\":\"Maroc : Les manifestations se multiplient dans plusieurs villes\",\"datePublished\":\"2021-11-23T23:01:00+00:00\",\"mainEntityOfPage\":{\"@id\":\"https:\\\/\\\/lasentinelle.dz\\\/index.php\\\/2021\\\/11\\\/24\\\/maroc-les-manifestations-se-multiplient-dans-plusieurs-villes\\\/\"},\"wordCount\":778,\"commentCount\":0,\"publisher\":{\"@id\":\"https:\\\/\\\/lasentinelle.dz\\\/#organization\"},\"image\":{\"@id\":\"https:\\\/\\\/lasentinelle.dz\\\/index.php\\\/2021\\\/11\\\/24\\\/maroc-les-manifestations-se-multiplient-dans-plusieurs-villes\\\/#primaryimage\"},\"thumbnailUrl\":\"https:\\\/\\\/lasentinelle.dz\\\/wp-content\\\/uploads\\\/2021\\\/11\\\/maroc-col.png\",\"articleSection\":[\"Monde\"],\"inLanguage\":\"fr-FR\",\"potentialAction\":[{\"@type\":\"CommentAction\",\"name\":\"Comment\",\"target\":[\"https:\\\/\\\/lasentinelle.dz\\\/index.php\\\/2021\\\/11\\\/24\\\/maroc-les-manifestations-se-multiplient-dans-plusieurs-villes\\\/#respond\"]}]},{\"@type\":\"WebPage\",\"@id\":\"https:\\\/\\\/lasentinelle.dz\\\/index.php\\\/2021\\\/11\\\/24\\\/maroc-les-manifestations-se-multiplient-dans-plusieurs-villes\\\/\",\"url\":\"https:\\\/\\\/lasentinelle.dz\\\/index.php\\\/2021\\\/11\\\/24\\\/maroc-les-manifestations-se-multiplient-dans-plusieurs-villes\\\/\",\"name\":\"Maroc : Les manifestations se multiplient dans plusieurs villes - La Sentinelle\",\"isPartOf\":{\"@id\":\"https:\\\/\\\/lasentinelle.dz\\\/#website\"},\"primaryImageOfPage\":{\"@id\":\"https:\\\/\\\/lasentinelle.dz\\\/index.php\\\/2021\\\/11\\\/24\\\/maroc-les-manifestations-se-multiplient-dans-plusieurs-villes\\\/#primaryimage\"},\"image\":{\"@id\":\"https:\\\/\\\/lasentinelle.dz\\\/index.php\\\/2021\\\/11\\\/24\\\/maroc-les-manifestations-se-multiplient-dans-plusieurs-villes\\\/#primaryimage\"},\"thumbnailUrl\":\"https:\\\/\\\/lasentinelle.dz\\\/wp-content\\\/uploads\\\/2021\\\/11\\\/maroc-col.png\",\"datePublished\":\"2021-11-23T23:01:00+00:00\",\"breadcrumb\":{\"@id\":\"https:\\\/\\\/lasentinelle.dz\\\/index.php\\\/2021\\\/11\\\/24\\\/maroc-les-manifestations-se-multiplient-dans-plusieurs-villes\\\/#breadcrumb\"},\"inLanguage\":\"fr-FR\",\"potentialAction\":[{\"@type\":\"ReadAction\",\"target\":[\"https:\\\/\\\/lasentinelle.dz\\\/index.php\\\/2021\\\/11\\\/24\\\/maroc-les-manifestations-se-multiplient-dans-plusieurs-villes\\\/\"]}]},{\"@type\":\"ImageObject\",\"inLanguage\":\"fr-FR\",\"@id\":\"https:\\\/\\\/lasentinelle.dz\\\/index.php\\\/2021\\\/11\\\/24\\\/maroc-les-manifestations-se-multiplient-dans-plusieurs-villes\\\/#primaryimage\",\"url\":\"https:\\\/\\\/lasentinelle.dz\\\/wp-content\\\/uploads\\\/2021\\\/11\\\/maroc-col.png\",\"contentUrl\":\"https:\\\/\\\/lasentinelle.dz\\\/wp-content\\\/uploads\\\/2021\\\/11\\\/maroc-col.png\",\"width\":1600,\"height\":900},{\"@type\":\"BreadcrumbList\",\"@id\":\"https:\\\/\\\/lasentinelle.dz\\\/index.php\\\/2021\\\/11\\\/24\\\/maroc-les-manifestations-se-multiplient-dans-plusieurs-villes\\\/#breadcrumb\",\"itemListElement\":[{\"@type\":\"ListItem\",\"position\":1,\"name\":\"Accueil\",\"item\":\"https:\\\/\\\/lasentinelle.dz\\\/\"},{\"@type\":\"ListItem\",\"position\":2,\"name\":\"Maroc : Les manifestations se multiplient dans plusieurs villes\"}]},{\"@type\":\"WebSite\",\"@id\":\"https:\\\/\\\/lasentinelle.dz\\\/#website\",\"url\":\"https:\\\/\\\/lasentinelle.dz\\\/\",\"name\":\"La Sentinelle\",\"description\":\"Quotidien national d&#039;information\",\"publisher\":{\"@id\":\"https:\\\/\\\/lasentinelle.dz\\\/#organization\"},\"potentialAction\":[{\"@type\":\"SearchAction\",\"target\":{\"@type\":\"EntryPoint\",\"urlTemplate\":\"https:\\\/\\\/lasentinelle.dz\\\/?s={search_term_string}\"},\"query-input\":{\"@type\":\"PropertyValueSpecification\",\"valueRequired\":true,\"valueName\":\"search_term_string\"}}],\"inLanguage\":\"fr-FR\"},{\"@type\":\"Organization\",\"@id\":\"https:\\\/\\\/lasentinelle.dz\\\/#organization\",\"name\":\"Quotidien La Sentinelle\",\"url\":\"https:\\\/\\\/lasentinelle.dz\\\/\",\"logo\":{\"@type\":\"ImageObject\",\"inLanguage\":\"fr-FR\",\"@id\":\"https:\\\/\\\/lasentinelle.dz\\\/#\\\/schema\\\/logo\\\/image\\\/\",\"url\":\"https:\\\/\\\/lasentinelle.dz\\\/wp-content\\\/uploads\\\/2021\\\/09\\\/logo-sentinelleSLOGAN-1.png\",\"contentUrl\":\"https:\\\/\\\/lasentinelle.dz\\\/wp-content\\\/uploads\\\/2021\\\/09\\\/logo-sentinelleSLOGAN-1.png\",\"width\":615,\"height\":142,\"caption\":\"Quotidien La Sentinelle\"},\"image\":{\"@id\":\"https:\\\/\\\/lasentinelle.dz\\\/#\\\/schema\\\/logo\\\/image\\\/\"},\"sameAs\":[\"https:\\\/\\\/www.facebook.com\\\/La-Sentinelle-104059864394773\"]},{\"@type\":\"Person\",\"@id\":\"https:\\\/\\\/lasentinelle.dz\\\/#\\\/schema\\\/person\\\/d865044e22e70a75174ce8bcad3acfb3\",\"name\":\"La Sentinelle\",\"image\":{\"@type\":\"ImageObject\",\"inLanguage\":\"fr-FR\",\"@id\":\"https:\\\/\\\/secure.gravatar.com\\\/avatar\\\/57de8e5d4b15d43fb361a71fbb36338450fe67865b528a43dd10ef7c51a20392?s=96&d=mm&r=g\",\"url\":\"https:\\\/\\\/secure.gravatar.com\\\/avatar\\\/57de8e5d4b15d43fb361a71fbb36338450fe67865b528a43dd10ef7c51a20392?s=96&d=mm&r=g\",\"contentUrl\":\"https:\\\/\\\/secure.gravatar.com\\\/avatar\\\/57de8e5d4b15d43fb361a71fbb36338450fe67865b528a43dd10ef7c51a20392?s=96&d=mm&r=g\",\"caption\":\"La Sentinelle\"},\"sameAs\":[\"http:\\\/\\\/www.lasentinelle.dz\"],\"url\":\"https:\\\/\\\/lasentinelle.dz\\\/author\\\/redaction\\\/\"}]}<\/script>\n<!-- \/ Yoast SEO plugin. -->","yoast_head_json":{"title":"Maroc : Les manifestations se multiplient dans plusieurs villes - La Sentinelle","robots":{"index":"index","follow":"follow","max-snippet":"max-snippet:-1","max-image-preview":"max-image-preview:large","max-video-preview":"max-video-preview:-1"},"canonical":"https:\/\/lasentinelle.dz\/index.php\/2021\/11\/24\/maroc-les-manifestations-se-multiplient-dans-plusieurs-villes\/","og_locale":"fr_FR","og_type":"article","og_title":"Maroc : Les manifestations se multiplient dans plusieurs villes - La Sentinelle","og_description":"Les mouvements de protestations se multiplient au Maroc pour d\u00e9noncer d\u2019un c\u00f4t\u00e9 la d\u00e9gradation des conditions soci\u00e9conomiques, le ch\u00f4mage end\u00e9mique,","og_url":"https:\/\/lasentinelle.dz\/index.php\/2021\/11\/24\/maroc-les-manifestations-se-multiplient-dans-plusieurs-villes\/","og_site_name":"La Sentinelle","article_publisher":"https:\/\/www.facebook.com\/La-Sentinelle-104059864394773","article_published_time":"2021-11-23T23:01:00+00:00","og_image":[{"width":1600,"height":900,"url":"https:\/\/lasentinelle.dz\/wp-content\/uploads\/2021\/11\/maroc-col.png","type":"image\/png"}],"author":"La Sentinelle","twitter_card":"summary_large_image","twitter_misc":{"\u00c9crit par":"La Sentinelle","Dur\u00e9e de lecture estim\u00e9e":"3 minutes"},"schema":{"@context":"https:\/\/schema.org","@graph":[{"@type":"Article","@id":"https:\/\/lasentinelle.dz\/index.php\/2021\/11\/24\/maroc-les-manifestations-se-multiplient-dans-plusieurs-villes\/#article","isPartOf":{"@id":"https:\/\/lasentinelle.dz\/index.php\/2021\/11\/24\/maroc-les-manifestations-se-multiplient-dans-plusieurs-villes\/"},"author":{"name":"La Sentinelle","@id":"https:\/\/lasentinelle.dz\/#\/schema\/person\/d865044e22e70a75174ce8bcad3acfb3"},"headline":"Maroc : Les manifestations se multiplient dans plusieurs villes","datePublished":"2021-11-23T23:01:00+00:00","mainEntityOfPage":{"@id":"https:\/\/lasentinelle.dz\/index.php\/2021\/11\/24\/maroc-les-manifestations-se-multiplient-dans-plusieurs-villes\/"},"wordCount":778,"commentCount":0,"publisher":{"@id":"https:\/\/lasentinelle.dz\/#organization"},"image":{"@id":"https:\/\/lasentinelle.dz\/index.php\/2021\/11\/24\/maroc-les-manifestations-se-multiplient-dans-plusieurs-villes\/#primaryimage"},"thumbnailUrl":"https:\/\/lasentinelle.dz\/wp-content\/uploads\/2021\/11\/maroc-col.png","articleSection":["Monde"],"inLanguage":"fr-FR","potentialAction":[{"@type":"CommentAction","name":"Comment","target":["https:\/\/lasentinelle.dz\/index.php\/2021\/11\/24\/maroc-les-manifestations-se-multiplient-dans-plusieurs-villes\/#respond"]}]},{"@type":"WebPage","@id":"https:\/\/lasentinelle.dz\/index.php\/2021\/11\/24\/maroc-les-manifestations-se-multiplient-dans-plusieurs-villes\/","url":"https:\/\/lasentinelle.dz\/index.php\/2021\/11\/24\/maroc-les-manifestations-se-multiplient-dans-plusieurs-villes\/","name":"Maroc : Les manifestations se multiplient dans plusieurs villes - La Sentinelle","isPartOf":{"@id":"https:\/\/lasentinelle.dz\/#website"},"primaryImageOfPage":{"@id":"https:\/\/lasentinelle.dz\/index.php\/2021\/11\/24\/maroc-les-manifestations-se-multiplient-dans-plusieurs-villes\/#primaryimage"},"image":{"@id":"https:\/\/lasentinelle.dz\/index.php\/2021\/11\/24\/maroc-les-manifestations-se-multiplient-dans-plusieurs-villes\/#primaryimage"},"thumbnailUrl":"https:\/\/lasentinelle.dz\/wp-content\/uploads\/2021\/11\/maroc-col.png","datePublished":"2021-11-23T23:01:00+00:00","breadcrumb":{"@id":"https:\/\/lasentinelle.dz\/index.php\/2021\/11\/24\/maroc-les-manifestations-se-multiplient-dans-plusieurs-villes\/#breadcrumb"},"inLanguage":"fr-FR","potentialAction":[{"@type":"ReadAction","target":["https:\/\/lasentinelle.dz\/index.php\/2021\/11\/24\/maroc-les-manifestations-se-multiplient-dans-plusieurs-villes\/"]}]},{"@type":"ImageObject","inLanguage":"fr-FR","@id":"https:\/\/lasentinelle.dz\/index.php\/2021\/11\/24\/maroc-les-manifestations-se-multiplient-dans-plusieurs-villes\/#primaryimage","url":"https:\/\/lasentinelle.dz\/wp-content\/uploads\/2021\/11\/maroc-col.png","contentUrl":"https:\/\/lasentinelle.dz\/wp-content\/uploads\/2021\/11\/maroc-col.png","width":1600,"height":900},{"@type":"BreadcrumbList","@id":"https:\/\/lasentinelle.dz\/index.php\/2021\/11\/24\/maroc-les-manifestations-se-multiplient-dans-plusieurs-villes\/#breadcrumb","itemListElement":[{"@type":"ListItem","position":1,"name":"Accueil","item":"https:\/\/lasentinelle.dz\/"},{"@type":"ListItem","position":2,"name":"Maroc : Les manifestations se multiplient dans plusieurs villes"}]},{"@type":"WebSite","@id":"https:\/\/lasentinelle.dz\/#website","url":"https:\/\/lasentinelle.dz\/","name":"La Sentinelle","description":"Quotidien national d&#039;information","publisher":{"@id":"https:\/\/lasentinelle.dz\/#organization"},"potentialAction":[{"@type":"SearchAction","target":{"@type":"EntryPoint","urlTemplate":"https:\/\/lasentinelle.dz\/?s={search_term_string}"},"query-input":{"@type":"PropertyValueSpecification","valueRequired":true,"valueName":"search_term_string"}}],"inLanguage":"fr-FR"},{"@type":"Organization","@id":"https:\/\/lasentinelle.dz\/#organization","name":"Quotidien La Sentinelle","url":"https:\/\/lasentinelle.dz\/","logo":{"@type":"ImageObject","inLanguage":"fr-FR","@id":"https:\/\/lasentinelle.dz\/#\/schema\/logo\/image\/","url":"https:\/\/lasentinelle.dz\/wp-content\/uploads\/2021\/09\/logo-sentinelleSLOGAN-1.png","contentUrl":"https:\/\/lasentinelle.dz\/wp-content\/uploads\/2021\/09\/logo-sentinelleSLOGAN-1.png","width":615,"height":142,"caption":"Quotidien La Sentinelle"},"image":{"@id":"https:\/\/lasentinelle.dz\/#\/schema\/logo\/image\/"},"sameAs":["https:\/\/www.facebook.com\/La-Sentinelle-104059864394773"]},{"@type":"Person","@id":"https:\/\/lasentinelle.dz\/#\/schema\/person\/d865044e22e70a75174ce8bcad3acfb3","name":"La Sentinelle","image":{"@type":"ImageObject","inLanguage":"fr-FR","@id":"https:\/\/secure.gravatar.com\/avatar\/57de8e5d4b15d43fb361a71fbb36338450fe67865b528a43dd10ef7c51a20392?s=96&d=mm&r=g","url":"https:\/\/secure.gravatar.com\/avatar\/57de8e5d4b15d43fb361a71fbb36338450fe67865b528a43dd10ef7c51a20392?s=96&d=mm&r=g","contentUrl":"https:\/\/secure.gravatar.com\/avatar\/57de8e5d4b15d43fb361a71fbb36338450fe67865b528a43dd10ef7c51a20392?s=96&d=mm&r=g","caption":"La Sentinelle"},"sameAs":["http:\/\/www.lasentinelle.dz"],"url":"https:\/\/lasentinelle.dz\/author\/redaction\/"}]}},"_links":{"self":[{"href":"https:\/\/lasentinelle.dz\/index.php\/wp-json\/wp\/v2\/posts\/13906","targetHints":{"allow":["GET"]}}],"collection":[{"href":"https:\/\/lasentinelle.dz\/index.php\/wp-json\/wp\/v2\/posts"}],"about":[{"href":"https:\/\/lasentinelle.dz\/index.php\/wp-json\/wp\/v2\/types\/post"}],"author":[{"embeddable":true,"href":"https:\/\/lasentinelle.dz\/index.php\/wp-json\/wp\/v2\/users\/3"}],"replies":[{"embeddable":true,"href":"https:\/\/lasentinelle.dz\/index.php\/wp-json\/wp\/v2\/comments?post=13906"}],"version-history":[{"count":1,"href":"https:\/\/lasentinelle.dz\/index.php\/wp-json\/wp\/v2\/posts\/13906\/revisions"}],"predecessor-version":[{"id":13920,"href":"https:\/\/lasentinelle.dz\/index.php\/wp-json\/wp\/v2\/posts\/13906\/revisions\/13920"}],"wp:featuredmedia":[{"embeddable":true,"href":"https:\/\/lasentinelle.dz\/index.php\/wp-json\/wp\/v2\/media\/13914"}],"wp:attachment":[{"href":"https:\/\/lasentinelle.dz\/index.php\/wp-json\/wp\/v2\/media?parent=13906"}],"wp:term":[{"taxonomy":"category","embeddable":true,"href":"https:\/\/lasentinelle.dz\/index.php\/wp-json\/wp\/v2\/categories?post=13906"},{"taxonomy":"post_tag","embeddable":true,"href":"https:\/\/lasentinelle.dz\/index.php\/wp-json\/wp\/v2\/tags?post=13906"}],"curies":[{"name":"wp","href":"https:\/\/api.w.org\/{rel}","templated":true}]}}