{"id":13911,"date":"2021-11-24T00:01:00","date_gmt":"2021-11-23T23:01:00","guid":{"rendered":"https:\/\/lasentinelle.dz\/?p=13911"},"modified":"2021-11-23T18:07:58","modified_gmt":"2021-11-23T17:07:58","slug":"cote-bonoise-les-constructions-illicites-dans-le-collimateur","status":"publish","type":"post","link":"https:\/\/lasentinelle.dz\/index.php\/2021\/11\/24\/cote-bonoise-les-constructions-illicites-dans-le-collimateur\/","title":{"rendered":"C\u00f4te b\u00f4noise : Les constructions illicites dans le collimateur"},"content":{"rendered":"\n<p>Les constructions illicites ont prolif\u00e9r\u00e9 dans une totale impunit\u00e9, le long du relief maritime de la c\u00f4te de la wilaya d\u2019Annaba.<\/p>\n\n\n\n<p>Face \u00e0 cette situation qui a pris des proportions d\u00e9mesur\u00e9es, Djamel-Eddine Berrimi, wali d&rsquo;Annaba, a d\u00e9cid\u00e9 de prendre le taureau par les cornes. En effet, ces d\u00e9passements&nbsp;qui affectent&nbsp;l\u2019environnement maritime et&nbsp;&nbsp;l\u2019esth\u00e9tique de la wilaya ne peuvent, selon le premier responsable de la wilaya, rester impunis. Pour que l\u2019\u00c9tat reprenne ses droits, il faut&nbsp;&nbsp;s\u2019attaquer de front&nbsp;au ph\u00e9nom\u00e8ne&nbsp;en sanctionnant toutes les infractions commises. Dans cette optique, le chef de l\u2019ex\u00e9cutif&nbsp;local&nbsp;a d\u00e9cid\u00e9 de&nbsp;&nbsp;superviser,&nbsp;lui-m\u00eame, une op\u00e9ration de d\u00e9molition des constructions illicites \u00e9rig\u00e9es en bordure de la grande plage de Seraidi, apprend-on aupr\u00e8s des services de la wilaya. Selon les m\u00eames sources, il s\u2019agit d\u2019une op\u00e9ration d\u2019assainissement qui va toucher toute la c\u00f4te d\u2019Annaba, qui s\u2019\u00e9tend sur 80 km. Car, nous pr\u00e9cise-t-on, le ph\u00e9nom\u00e8ne des constructions illicites sur la fa\u00e7ade maritime de la wilaya a totalement d\u00e9figur\u00e9 l\u2019aspect de la majorit\u00e9 des sites, qui sont des espaces touristiques par excellence. Afin que la nature reprenne ses droits, le wali a exig\u00e9 que toute la fa\u00e7ade maritime soit assainie.&nbsp;&nbsp;De Boukhmira, \u00e0 l\u2019Est,&nbsp;jusqu\u2019\u00e0 Sidi-Akacha (Chetaibi), \u00e0 l\u2019Ouest, enpassant la colline d\u2019El Kharouba et de Toche entre autres, le constat est d\u00e9solant aux&nbsp;vus&nbsp;de constructions illicites implant\u00e9es de mani\u00e8re anarchiques ici et l\u00e0. C\u2019est pourquoi, le chef de l\u2019ex\u00e9cutif&nbsp;local&nbsp;a ordonn\u00e9 sans plus tarder \u00e0 ce que&nbsp;\u00ab&nbsp;toute la fa\u00e7ade maritime de la wilaya d\u2019Annaba soit assainie dans les meilleurs d\u00e9lais conform\u00e9ment aux lois en vigueur&nbsp;\u00bb. Le&nbsp;wali&nbsp;a \u00e9t\u00e9 ferme dans ses propos en soulignant \u00e0 tous les responsables concern\u00e9s et sur un ton ferme&nbsp;&nbsp;qu\u2019il ne tol\u00e9rera aucune d\u00e9faillance dans l\u2019ex\u00e9cution de ses directives. Une telle d\u00e9marche semble d\u00e9plaire \u00e0 certains relais de l\u2019ancien syst\u00e8me qui ne se sont pas emp\u00each\u00e9s de la critiquer. Ces m\u00eames personnes se sont empress\u00e9s aujourd\u2019hui \u00e0 d\u00e9noncer la d\u00e9cision des&nbsp;autorit\u00e9s locales, parce que tout simplement ces m\u00eames personnes ont \u00e9rig\u00e9 des villas \u00e0 \u00e9tages en plein&nbsp;domaine&nbsp;maritime. Pour ces personnes l\u00e0, dont des responsables, \u00e9lus et hommes d\u2019affaires entre autres, qui se sont offert des duplexes et des habitations luxueuses dans les quartiers r\u00e9sidentiels de la ville, \u00e0 Saint-Cloud, les Santons, Majestic, Chappuis, entre autres, il est quasiment impossible de voir une construction s\u2019\u00e9lever dans l\u2019opacit\u00e9. Et pourtant ces quartiers o\u00f9 des maisons et villas qui avaient une vue sur mer, ont \u00e9t\u00e9 priv\u00e9es&nbsp;de vue maritime&nbsp;avec des buildings de 7 \u00e0 16 \u00e9tages, tel le cas d\u2019une promotion immobili\u00e8re, construite en plein fa\u00e7ade maritime, sur un virage ferm\u00e9, entre la plage El Kharouba et Chapuis ! M\u00eame situation enregistr\u00e9e&nbsp;&nbsp;pour le reste des communes c\u00f4ti\u00e8res de la wilaya, o\u00f9 la r\u00e9glementation est bafou\u00e9e. En effet, l\u2019on affirme que l\u2019informel en mati\u00e8re d\u2019habitat, a eu raison de centaines d\u2019assiettes urbaines dans la plupart des villes et villages, sans que personne ne bouge le petit doigt. L\u2019exemple concret est celui de la ville de Berrahal, o\u00f9, en toute ill\u00e9galit\u00e9, des villas ont \u00e9t\u00e9 construites au beau milieu du centre-ville, au lotissement Zerdazi et surtout \u00e0 la cit\u00e9&nbsp;Palmier. Plus grave encore \u00e0 Guireche, o\u00f9 nous dit-on, des assiettes fonci\u00e8res situ\u00e9es aux abords de la RN 44, \u00e0 la sortie Ouest du chef-lieu de Berrahal et qui sont r\u00e9serv\u00e9es pour accueillir des showrooms et autres projets d\u2019utilit\u00e9 publique, ont \u00e9t\u00e9 spoli\u00e9es et des dizaines de magasins, dont certains sont m\u00eame entr\u00e9s en activit\u00e9, y ont \u00e9t\u00e9 construits. Aujourd\u2019hui dans cette commune, surtout au niveau des&nbsp;p\u00f4les&nbsp;urbains&nbsp;Kalitoussa, de Tacha et de Sidi-Ali, il est devenu \u00e9vident que les notions de secteur du foncier, d\u2019assiettes fonci\u00e8res, de r\u00e8gles d\u2019urbanisme et de respect du cadre de vie du citoyen ne sont qu\u2019utopie. \u00c0 priori et au vu de l\u2019\u00e9volution des constructions illicites dans la wilaya d\u2019Annaba, les&nbsp;autorit\u00e9s locales&nbsp;ont d\u00e9cid\u00e9 de mettre un terme \u00e0 des pratiques, cautionn\u00e9es autrefois par la complaisance des uns et l\u2019affairisme des autres.<\/p>\n\n\n\n<p><strong>Sofia Chahine<\/strong><\/p>\n","protected":false},"excerpt":{"rendered":"<p>Les constructions illicites ont prolif\u00e9r\u00e9 dans une totale impunit\u00e9, le long du relief maritime de la c\u00f4te de la wilaya<\/p>\n","protected":false},"author":2,"featured_media":13912,"comment_status":"open","ping_status":"closed","sticky":false,"template":"","format":"standard","meta":{"colormag_page_container_layout":"default_layout","colormag_page_sidebar_layout":"default_layout","om_disable_all_campaigns":false,"_monsterinsights_skip_tracking":false,"_monsterinsights_sitenote_active":false,"_monsterinsights_sitenote_note":"","_monsterinsights_sitenote_category":0,"footnotes":"","_wpscppro_dont_share_socialmedia":false,"_wpscppro_custom_social_share_image":0,"_facebook_share_type":"","_twitter_share_type":"","_linkedin_share_type":"","_pinterest_share_type":"","_linkedin_share_type_page":"","_instagram_share_type":"","_medium_share_type":"","_threads_share_type":"","_google_business_share_type":"","_selected_social_profile":[],"_wpsp_enable_custom_social_template":false,"_wpsp_social_scheduling":{"enabled":false,"datetime":null,"platforms":[],"status":"template_only","dateOption":"today","timeOption":"now","customDays":"","customHours":"","customDate":"","customTime":"","schedulingType":"absolute"},"_wpsp_active_default_template":true},"categories":[31],"tags":[],"class_list":["post-13911","post","type-post","status-publish","format-standard","has-post-thumbnail","hentry","category-regions"],"aioseo_notices":[],"yoast_head":"<!-- This site is optimized with the Yoast SEO plugin v27.5 - https:\/\/yoast.com\/product\/yoast-seo-wordpress\/ -->\n<title>C\u00f4te b\u00f4noise : Les constructions illicites dans le collimateur - La Sentinelle<\/title>\n<meta name=\"robots\" content=\"index, follow, max-snippet:-1, max-image-preview:large, max-video-preview:-1\" \/>\n<link rel=\"canonical\" href=\"https:\/\/lasentinelle.dz\/index.php\/2021\/11\/24\/cote-bonoise-les-constructions-illicites-dans-le-collimateur\/\" \/>\n<meta property=\"og:locale\" content=\"fr_FR\" \/>\n<meta property=\"og:type\" content=\"article\" \/>\n<meta property=\"og:title\" content=\"C\u00f4te b\u00f4noise : Les constructions illicites dans le collimateur - La Sentinelle\" \/>\n<meta property=\"og:description\" content=\"Les constructions illicites ont prolif\u00e9r\u00e9 dans une totale impunit\u00e9, le long du relief maritime de la c\u00f4te de la wilaya\" \/>\n<meta property=\"og:url\" content=\"https:\/\/lasentinelle.dz\/index.php\/2021\/11\/24\/cote-bonoise-les-constructions-illicites-dans-le-collimateur\/\" \/>\n<meta property=\"og:site_name\" content=\"La Sentinelle\" \/>\n<meta property=\"article:publisher\" content=\"https:\/\/www.facebook.com\/La-Sentinelle-104059864394773\" \/>\n<meta property=\"article:published_time\" content=\"2021-11-23T23:01:00+00:00\" \/>\n<meta name=\"author\" content=\"Azzedine Belferag\" \/>\n<meta name=\"twitter:card\" content=\"summary_large_image\" \/>\n<meta name=\"twitter:label1\" content=\"\u00c9crit par\" \/>\n\t<meta name=\"twitter:data1\" content=\"Azzedine Belferag\" \/>\n\t<meta name=\"twitter:label2\" content=\"Dur\u00e9e de lecture estim\u00e9e\" \/>\n\t<meta name=\"twitter:data2\" content=\"3 minutes\" \/>\n<script type=\"application\/ld+json\" class=\"yoast-schema-graph\">{\"@context\":\"https:\\\/\\\/schema.org\",\"@graph\":[{\"@type\":\"Article\",\"@id\":\"https:\\\/\\\/lasentinelle.dz\\\/index.php\\\/2021\\\/11\\\/24\\\/cote-bonoise-les-constructions-illicites-dans-le-collimateur\\\/#article\",\"isPartOf\":{\"@id\":\"https:\\\/\\\/lasentinelle.dz\\\/index.php\\\/2021\\\/11\\\/24\\\/cote-bonoise-les-constructions-illicites-dans-le-collimateur\\\/\"},\"author\":{\"name\":\"Azzedine Belferag\",\"@id\":\"https:\\\/\\\/lasentinelle.dz\\\/#\\\/schema\\\/person\\\/e22c868643946ece5f328ac9d185b29f\"},\"headline\":\"C\u00f4te b\u00f4noise : Les constructions illicites dans le collimateur\",\"datePublished\":\"2021-11-23T23:01:00+00:00\",\"mainEntityOfPage\":{\"@id\":\"https:\\\/\\\/lasentinelle.dz\\\/index.php\\\/2021\\\/11\\\/24\\\/cote-bonoise-les-constructions-illicites-dans-le-collimateur\\\/\"},\"wordCount\":807,\"commentCount\":0,\"publisher\":{\"@id\":\"https:\\\/\\\/lasentinelle.dz\\\/#organization\"},\"image\":{\"@id\":\"https:\\\/\\\/lasentinelle.dz\\\/index.php\\\/2021\\\/11\\\/24\\\/cote-bonoise-les-constructions-illicites-dans-le-collimateur\\\/#primaryimage\"},\"thumbnailUrl\":\"https:\\\/\\\/lasentinelle.dz\\\/wp-content\\\/uploads\\\/2021\\\/11\\\/Sans-titre-1.tif\",\"articleSection\":[\"R\u00e9gions\"],\"inLanguage\":\"fr-FR\",\"potentialAction\":[{\"@type\":\"CommentAction\",\"name\":\"Comment\",\"target\":[\"https:\\\/\\\/lasentinelle.dz\\\/index.php\\\/2021\\\/11\\\/24\\\/cote-bonoise-les-constructions-illicites-dans-le-collimateur\\\/#respond\"]}]},{\"@type\":\"WebPage\",\"@id\":\"https:\\\/\\\/lasentinelle.dz\\\/index.php\\\/2021\\\/11\\\/24\\\/cote-bonoise-les-constructions-illicites-dans-le-collimateur\\\/\",\"url\":\"https:\\\/\\\/lasentinelle.dz\\\/index.php\\\/2021\\\/11\\\/24\\\/cote-bonoise-les-constructions-illicites-dans-le-collimateur\\\/\",\"name\":\"C\u00f4te b\u00f4noise : Les constructions illicites dans le collimateur - La Sentinelle\",\"isPartOf\":{\"@id\":\"https:\\\/\\\/lasentinelle.dz\\\/#website\"},\"primaryImageOfPage\":{\"@id\":\"https:\\\/\\\/lasentinelle.dz\\\/index.php\\\/2021\\\/11\\\/24\\\/cote-bonoise-les-constructions-illicites-dans-le-collimateur\\\/#primaryimage\"},\"image\":{\"@id\":\"https:\\\/\\\/lasentinelle.dz\\\/index.php\\\/2021\\\/11\\\/24\\\/cote-bonoise-les-constructions-illicites-dans-le-collimateur\\\/#primaryimage\"},\"thumbnailUrl\":\"https:\\\/\\\/lasentinelle.dz\\\/wp-content\\\/uploads\\\/2021\\\/11\\\/Sans-titre-1.tif\",\"datePublished\":\"2021-11-23T23:01:00+00:00\",\"breadcrumb\":{\"@id\":\"https:\\\/\\\/lasentinelle.dz\\\/index.php\\\/2021\\\/11\\\/24\\\/cote-bonoise-les-constructions-illicites-dans-le-collimateur\\\/#breadcrumb\"},\"inLanguage\":\"fr-FR\",\"potentialAction\":[{\"@type\":\"ReadAction\",\"target\":[\"https:\\\/\\\/lasentinelle.dz\\\/index.php\\\/2021\\\/11\\\/24\\\/cote-bonoise-les-constructions-illicites-dans-le-collimateur\\\/\"]}]},{\"@type\":\"ImageObject\",\"inLanguage\":\"fr-FR\",\"@id\":\"https:\\\/\\\/lasentinelle.dz\\\/index.php\\\/2021\\\/11\\\/24\\\/cote-bonoise-les-constructions-illicites-dans-le-collimateur\\\/#primaryimage\",\"url\":\"https:\\\/\\\/lasentinelle.dz\\\/wp-content\\\/uploads\\\/2021\\\/11\\\/Sans-titre-1.tif\",\"contentUrl\":\"https:\\\/\\\/lasentinelle.dz\\\/wp-content\\\/uploads\\\/2021\\\/11\\\/Sans-titre-1.tif\"},{\"@type\":\"BreadcrumbList\",\"@id\":\"https:\\\/\\\/lasentinelle.dz\\\/index.php\\\/2021\\\/11\\\/24\\\/cote-bonoise-les-constructions-illicites-dans-le-collimateur\\\/#breadcrumb\",\"itemListElement\":[{\"@type\":\"ListItem\",\"position\":1,\"name\":\"Accueil\",\"item\":\"https:\\\/\\\/lasentinelle.dz\\\/\"},{\"@type\":\"ListItem\",\"position\":2,\"name\":\"C\u00f4te b\u00f4noise : Les constructions illicites dans le collimateur\"}]},{\"@type\":\"WebSite\",\"@id\":\"https:\\\/\\\/lasentinelle.dz\\\/#website\",\"url\":\"https:\\\/\\\/lasentinelle.dz\\\/\",\"name\":\"La Sentinelle\",\"description\":\"Quotidien national d&#039;information\",\"publisher\":{\"@id\":\"https:\\\/\\\/lasentinelle.dz\\\/#organization\"},\"potentialAction\":[{\"@type\":\"SearchAction\",\"target\":{\"@type\":\"EntryPoint\",\"urlTemplate\":\"https:\\\/\\\/lasentinelle.dz\\\/?s={search_term_string}\"},\"query-input\":{\"@type\":\"PropertyValueSpecification\",\"valueRequired\":true,\"valueName\":\"search_term_string\"}}],\"inLanguage\":\"fr-FR\"},{\"@type\":\"Organization\",\"@id\":\"https:\\\/\\\/lasentinelle.dz\\\/#organization\",\"name\":\"Quotidien La Sentinelle\",\"url\":\"https:\\\/\\\/lasentinelle.dz\\\/\",\"logo\":{\"@type\":\"ImageObject\",\"inLanguage\":\"fr-FR\",\"@id\":\"https:\\\/\\\/lasentinelle.dz\\\/#\\\/schema\\\/logo\\\/image\\\/\",\"url\":\"https:\\\/\\\/lasentinelle.dz\\\/wp-content\\\/uploads\\\/2021\\\/09\\\/logo-sentinelleSLOGAN-1.png\",\"contentUrl\":\"https:\\\/\\\/lasentinelle.dz\\\/wp-content\\\/uploads\\\/2021\\\/09\\\/logo-sentinelleSLOGAN-1.png\",\"width\":615,\"height\":142,\"caption\":\"Quotidien La Sentinelle\"},\"image\":{\"@id\":\"https:\\\/\\\/lasentinelle.dz\\\/#\\\/schema\\\/logo\\\/image\\\/\"},\"sameAs\":[\"https:\\\/\\\/www.facebook.com\\\/La-Sentinelle-104059864394773\"]},{\"@type\":\"Person\",\"@id\":\"https:\\\/\\\/lasentinelle.dz\\\/#\\\/schema\\\/person\\\/e22c868643946ece5f328ac9d185b29f\",\"name\":\"Azzedine Belferag\",\"image\":{\"@type\":\"ImageObject\",\"inLanguage\":\"fr-FR\",\"@id\":\"https:\\\/\\\/secure.gravatar.com\\\/avatar\\\/767ecc3bfcf23cd6d0dae1705f124feb13a88fded1daa56498e4fb3aa3fc36a1?s=96&d=mm&r=g\",\"url\":\"https:\\\/\\\/secure.gravatar.com\\\/avatar\\\/767ecc3bfcf23cd6d0dae1705f124feb13a88fded1daa56498e4fb3aa3fc36a1?s=96&d=mm&r=g\",\"contentUrl\":\"https:\\\/\\\/secure.gravatar.com\\\/avatar\\\/767ecc3bfcf23cd6d0dae1705f124feb13a88fded1daa56498e4fb3aa3fc36a1?s=96&d=mm&r=g\",\"caption\":\"Azzedine Belferag\"},\"sameAs\":[\"http:\\\/\\\/www.lasentinelle.dz\"],\"url\":\"https:\\\/\\\/lasentinelle.dz\\\/author\\\/belferag\\\/\"}]}<\/script>\n<!-- \/ Yoast SEO plugin. -->","yoast_head_json":{"title":"C\u00f4te b\u00f4noise : Les constructions illicites dans le collimateur - La Sentinelle","robots":{"index":"index","follow":"follow","max-snippet":"max-snippet:-1","max-image-preview":"max-image-preview:large","max-video-preview":"max-video-preview:-1"},"canonical":"https:\/\/lasentinelle.dz\/index.php\/2021\/11\/24\/cote-bonoise-les-constructions-illicites-dans-le-collimateur\/","og_locale":"fr_FR","og_type":"article","og_title":"C\u00f4te b\u00f4noise : Les constructions illicites dans le collimateur - La Sentinelle","og_description":"Les constructions illicites ont prolif\u00e9r\u00e9 dans une totale impunit\u00e9, le long du relief maritime de la c\u00f4te de la wilaya","og_url":"https:\/\/lasentinelle.dz\/index.php\/2021\/11\/24\/cote-bonoise-les-constructions-illicites-dans-le-collimateur\/","og_site_name":"La Sentinelle","article_publisher":"https:\/\/www.facebook.com\/La-Sentinelle-104059864394773","article_published_time":"2021-11-23T23:01:00+00:00","author":"Azzedine Belferag","twitter_card":"summary_large_image","twitter_misc":{"\u00c9crit par":"Azzedine Belferag","Dur\u00e9e de lecture estim\u00e9e":"3 minutes"},"schema":{"@context":"https:\/\/schema.org","@graph":[{"@type":"Article","@id":"https:\/\/lasentinelle.dz\/index.php\/2021\/11\/24\/cote-bonoise-les-constructions-illicites-dans-le-collimateur\/#article","isPartOf":{"@id":"https:\/\/lasentinelle.dz\/index.php\/2021\/11\/24\/cote-bonoise-les-constructions-illicites-dans-le-collimateur\/"},"author":{"name":"Azzedine Belferag","@id":"https:\/\/lasentinelle.dz\/#\/schema\/person\/e22c868643946ece5f328ac9d185b29f"},"headline":"C\u00f4te b\u00f4noise : Les constructions illicites dans le collimateur","datePublished":"2021-11-23T23:01:00+00:00","mainEntityOfPage":{"@id":"https:\/\/lasentinelle.dz\/index.php\/2021\/11\/24\/cote-bonoise-les-constructions-illicites-dans-le-collimateur\/"},"wordCount":807,"commentCount":0,"publisher":{"@id":"https:\/\/lasentinelle.dz\/#organization"},"image":{"@id":"https:\/\/lasentinelle.dz\/index.php\/2021\/11\/24\/cote-bonoise-les-constructions-illicites-dans-le-collimateur\/#primaryimage"},"thumbnailUrl":"https:\/\/lasentinelle.dz\/wp-content\/uploads\/2021\/11\/Sans-titre-1.tif","articleSection":["R\u00e9gions"],"inLanguage":"fr-FR","potentialAction":[{"@type":"CommentAction","name":"Comment","target":["https:\/\/lasentinelle.dz\/index.php\/2021\/11\/24\/cote-bonoise-les-constructions-illicites-dans-le-collimateur\/#respond"]}]},{"@type":"WebPage","@id":"https:\/\/lasentinelle.dz\/index.php\/2021\/11\/24\/cote-bonoise-les-constructions-illicites-dans-le-collimateur\/","url":"https:\/\/lasentinelle.dz\/index.php\/2021\/11\/24\/cote-bonoise-les-constructions-illicites-dans-le-collimateur\/","name":"C\u00f4te b\u00f4noise : Les constructions illicites dans le collimateur - La Sentinelle","isPartOf":{"@id":"https:\/\/lasentinelle.dz\/#website"},"primaryImageOfPage":{"@id":"https:\/\/lasentinelle.dz\/index.php\/2021\/11\/24\/cote-bonoise-les-constructions-illicites-dans-le-collimateur\/#primaryimage"},"image":{"@id":"https:\/\/lasentinelle.dz\/index.php\/2021\/11\/24\/cote-bonoise-les-constructions-illicites-dans-le-collimateur\/#primaryimage"},"thumbnailUrl":"https:\/\/lasentinelle.dz\/wp-content\/uploads\/2021\/11\/Sans-titre-1.tif","datePublished":"2021-11-23T23:01:00+00:00","breadcrumb":{"@id":"https:\/\/lasentinelle.dz\/index.php\/2021\/11\/24\/cote-bonoise-les-constructions-illicites-dans-le-collimateur\/#breadcrumb"},"inLanguage":"fr-FR","potentialAction":[{"@type":"ReadAction","target":["https:\/\/lasentinelle.dz\/index.php\/2021\/11\/24\/cote-bonoise-les-constructions-illicites-dans-le-collimateur\/"]}]},{"@type":"ImageObject","inLanguage":"fr-FR","@id":"https:\/\/lasentinelle.dz\/index.php\/2021\/11\/24\/cote-bonoise-les-constructions-illicites-dans-le-collimateur\/#primaryimage","url":"https:\/\/lasentinelle.dz\/wp-content\/uploads\/2021\/11\/Sans-titre-1.tif","contentUrl":"https:\/\/lasentinelle.dz\/wp-content\/uploads\/2021\/11\/Sans-titre-1.tif"},{"@type":"BreadcrumbList","@id":"https:\/\/lasentinelle.dz\/index.php\/2021\/11\/24\/cote-bonoise-les-constructions-illicites-dans-le-collimateur\/#breadcrumb","itemListElement":[{"@type":"ListItem","position":1,"name":"Accueil","item":"https:\/\/lasentinelle.dz\/"},{"@type":"ListItem","position":2,"name":"C\u00f4te b\u00f4noise : Les constructions illicites dans le collimateur"}]},{"@type":"WebSite","@id":"https:\/\/lasentinelle.dz\/#website","url":"https:\/\/lasentinelle.dz\/","name":"La Sentinelle","description":"Quotidien national d&#039;information","publisher":{"@id":"https:\/\/lasentinelle.dz\/#organization"},"potentialAction":[{"@type":"SearchAction","target":{"@type":"EntryPoint","urlTemplate":"https:\/\/lasentinelle.dz\/?s={search_term_string}"},"query-input":{"@type":"PropertyValueSpecification","valueRequired":true,"valueName":"search_term_string"}}],"inLanguage":"fr-FR"},{"@type":"Organization","@id":"https:\/\/lasentinelle.dz\/#organization","name":"Quotidien La Sentinelle","url":"https:\/\/lasentinelle.dz\/","logo":{"@type":"ImageObject","inLanguage":"fr-FR","@id":"https:\/\/lasentinelle.dz\/#\/schema\/logo\/image\/","url":"https:\/\/lasentinelle.dz\/wp-content\/uploads\/2021\/09\/logo-sentinelleSLOGAN-1.png","contentUrl":"https:\/\/lasentinelle.dz\/wp-content\/uploads\/2021\/09\/logo-sentinelleSLOGAN-1.png","width":615,"height":142,"caption":"Quotidien La Sentinelle"},"image":{"@id":"https:\/\/lasentinelle.dz\/#\/schema\/logo\/image\/"},"sameAs":["https:\/\/www.facebook.com\/La-Sentinelle-104059864394773"]},{"@type":"Person","@id":"https:\/\/lasentinelle.dz\/#\/schema\/person\/e22c868643946ece5f328ac9d185b29f","name":"Azzedine Belferag","image":{"@type":"ImageObject","inLanguage":"fr-FR","@id":"https:\/\/secure.gravatar.com\/avatar\/767ecc3bfcf23cd6d0dae1705f124feb13a88fded1daa56498e4fb3aa3fc36a1?s=96&d=mm&r=g","url":"https:\/\/secure.gravatar.com\/avatar\/767ecc3bfcf23cd6d0dae1705f124feb13a88fded1daa56498e4fb3aa3fc36a1?s=96&d=mm&r=g","contentUrl":"https:\/\/secure.gravatar.com\/avatar\/767ecc3bfcf23cd6d0dae1705f124feb13a88fded1daa56498e4fb3aa3fc36a1?s=96&d=mm&r=g","caption":"Azzedine Belferag"},"sameAs":["http:\/\/www.lasentinelle.dz"],"url":"https:\/\/lasentinelle.dz\/author\/belferag\/"}]}},"_links":{"self":[{"href":"https:\/\/lasentinelle.dz\/index.php\/wp-json\/wp\/v2\/posts\/13911","targetHints":{"allow":["GET"]}}],"collection":[{"href":"https:\/\/lasentinelle.dz\/index.php\/wp-json\/wp\/v2\/posts"}],"about":[{"href":"https:\/\/lasentinelle.dz\/index.php\/wp-json\/wp\/v2\/types\/post"}],"author":[{"embeddable":true,"href":"https:\/\/lasentinelle.dz\/index.php\/wp-json\/wp\/v2\/users\/2"}],"replies":[{"embeddable":true,"href":"https:\/\/lasentinelle.dz\/index.php\/wp-json\/wp\/v2\/comments?post=13911"}],"version-history":[{"count":1,"href":"https:\/\/lasentinelle.dz\/index.php\/wp-json\/wp\/v2\/posts\/13911\/revisions"}],"predecessor-version":[{"id":13918,"href":"https:\/\/lasentinelle.dz\/index.php\/wp-json\/wp\/v2\/posts\/13911\/revisions\/13918"}],"wp:featuredmedia":[{"embeddable":true,"href":"https:\/\/lasentinelle.dz\/index.php\/wp-json\/wp\/v2\/media\/13912"}],"wp:attachment":[{"href":"https:\/\/lasentinelle.dz\/index.php\/wp-json\/wp\/v2\/media?parent=13911"}],"wp:term":[{"taxonomy":"category","embeddable":true,"href":"https:\/\/lasentinelle.dz\/index.php\/wp-json\/wp\/v2\/categories?post=13911"},{"taxonomy":"post_tag","embeddable":true,"href":"https:\/\/lasentinelle.dz\/index.php\/wp-json\/wp\/v2\/tags?post=13911"}],"curies":[{"name":"wp","href":"https:\/\/api.w.org\/{rel}","templated":true}]}}