{"id":13932,"date":"2021-11-24T00:05:00","date_gmt":"2021-11-23T23:05:00","guid":{"rendered":"https:\/\/lasentinelle.dz\/?p=13932"},"modified":"2021-11-23T23:16:56","modified_gmt":"2021-11-23T22:16:56","slug":"elle-a-atteint-des-niveaux-intolerables-haro-sur-levasion-fiscale","status":"publish","type":"post","link":"https:\/\/lasentinelle.dz\/index.php\/2021\/11\/24\/elle-a-atteint-des-niveaux-intolerables-haro-sur-levasion-fiscale\/","title":{"rendered":"Elle a atteint des niveaux \u00ab intol\u00e9rables \u00bb : Haro sur l\u2019\u00e9vasion fiscale !"},"content":{"rendered":"\n<p>Le Premier ministre, ministre des Finances, A\u00efmene Benabderrahmane a affirm\u00e9 hier \u00e0 Alger que la fraude et l&rsquo;\u00e9vasion fiscale ont atteint des niveaux \u00ab\u00a0intol\u00e9rables\u00a0\u00bb et a ainsi assur\u00e9 de la d\u00e9termination de l&rsquo;Etat \u00e0 am\u00e9liorer le recouvrement fiscal. Le&nbsp;Premier ministre qui r\u00e9pondait qui aux questions des membres du Conseil de la&nbsp;Nation au sujet du&nbsp;projet&nbsp;de loi de finances 2022 a en effet estim\u00e9 que&nbsp;\u00ab&nbsp;la&nbsp;fraude et l&rsquo;\u00e9vasion fiscales ont atteint des niveaux intol\u00e9rables, notamment face aux besoins de financement pour la prise en charge des exigences du budget de l&rsquo;Etat&nbsp;\u00bb.<\/p>\n\n\n\n<p>Aussi, M. Benabderrahmane&nbsp;&nbsp;qui assure&nbsp;que&nbsp;el&rsquo;Etat est d\u00e9termin\u00e9 \u00e0 r\u00e9habiliter et \u00e0 moderniser l&rsquo;administration fiscale mais aussi \u00e0 mobiliser&nbsp;ses ressources mat\u00e9rielles et humaine&nbsp;\u00bb, a not\u00e9 que la modernisation de l&rsquo;administration fiscale \u00e9tait au centre du processus de r\u00e9forme et de d\u00e9veloppement de l&rsquo;\u00e9conomie nationale. Une modernisation qui passe, ajoute-t-il, n\u00e9cessairement par le r\u00e9tablissement de la confiance entre le citoyen et l&rsquo;administration.&nbsp;Le paiement de l&rsquo;imp\u00f4t&nbsp;\u00ab&nbsp;constitue l&rsquo;un des \u00e9l\u00e9ments essentiels de la citoyennet\u00e9&nbsp;\u00bb,&nbsp;a&nbsp;rappel\u00e9&nbsp;le&nbsp;Premier ministre qui a ainsi indiqu\u00e9 que le volet relatif \u00e0 la r\u00e9forme fiscale globale dans le Plan d&rsquo;action du gouvernement,&nbsp;\u00ab&nbsp;s&rsquo;inscrit dans le cadre de la d\u00e9marche globale visant \u00e0 appuyer la nouvelle vision \u00e9conomique de l&rsquo;Etat alg\u00e9rien et \u00e0 faire face aux exigences des \u00e9quilibres financiers, tout en pr\u00e9servant le caract\u00e8re social des politiques publiques&nbsp;\u00bb. Et d\u2019ajouter \u00e0 cet&nbsp;effet que&nbsp;\u00ab&nbsp;le Gouvernement a d\u00e9cid\u00e9 de mettre en place un programme d&rsquo;action afin d&rsquo;am\u00e9liorer le recouvrement fiscal, \u00e0 travers une refonte r\u00e9gime fiscal national en vue de corriger les dysfonctionnements et les pertes importantes qui touchent l&rsquo;\u00e9conomie nationale&nbsp;\u00bb.&nbsp;<\/p>\n\n\n\n<p><strong>L\u2019alternative de la finance islamique<\/strong><\/p>\n\n\n\n<p>Le&nbsp;Premier ministre qui a \u00e9galement relev\u00e9 que la finance islamique a \u00e9t\u00e9 l\u2019une des demandes des alg\u00e9riens depuis l\u2019ind\u00e9pendance a&nbsp;&nbsp;annonc\u00e9 la cr\u00e9ation d\u2019assurances avant la fin de l\u2019ann\u00e9e. Un proc\u00e9d\u00e9 qui permettra, explique-t-il, de r\u00e9orienter la masse mon\u00e9taire circulant dans le secteur parall\u00e8le vers les cr\u00e9neaux d\u2019investissements l\u00e9gaux.<\/p>\n\n\n\n<p>A propos d\u2019\u00e9quilibres budg\u00e9taires justement, A\u00efmene Abderrahmane a attribu\u00e9 \u00ab&nbsp;le&nbsp;d\u00e9ficit budg\u00e9taire \u00e9norme que nous enregistrons actuellement&nbsp;\u00bb,&nbsp;en partie au&nbsp;lancement de projets d&rsquo;\u00e9quipements publics&nbsp;\u00ab&nbsp;sans \u00e9tude ni maturation&nbsp;\u00bb, soulignant que \u00ab\u00a0les niveaux de r\u00e9\u00e9valuation des projets publics pour la p\u00e9riode 2005-2019 s&rsquo;\u00e9levait \u00e0 plus de 8.700 milliards de DA\u00a0\u00bb.&nbsp;Il a ajout\u00e9 que tous ces projets avaient \u00e9t\u00e9 inscrits\u00a0\u00bbsans \u00e9tude approfondie\u00a0\u00bb, d&rsquo;o\u00f9 la r\u00e9\u00e9valuation r\u00e9p\u00e9t\u00e9e, faisant ainsi \u00ab\u00a0de fortes pressions sur le budget de l&rsquo;Etat\u00a0\u00bb.<\/p>\n\n\n\n<p>Il a \u00e9galement \u00e9voqu\u00e9&nbsp;le d\u00e9gel progressif des projets d&rsquo;infrastructure r\u00e9alis\u00e9s \u00e0 plus de 50% se poursuivait, en tenant compte des capacit\u00e9s financi\u00e8res de l&rsquo;Etat et de la faisabilit\u00e9 des projets.&nbsp;Il&nbsp;a expliqu\u00e9&nbsp;dans ce sens&nbsp;que \u00ab\u00a0le gel repr\u00e9sente l&rsquo;une des mesures prises par les pouvoirs publics afin de ma\u00eetriser les d\u00e9penses d&rsquo;\u00e9quipement et faire face aux restrictions financi\u00e8res qui se sont impos\u00e9es \u00e0 partir de 2014. Ce gel concerne principalement les projets dont les travaux n&rsquo;ont pas encore \u00e9t\u00e9 entam\u00e9s et ceux qui ne sont pas prioritaires\u00a0\u00bb.&nbsp;Il a soulign\u00e9 \u00e0 cet \u00e9gard qu'\u00a0\u00bben fonction du d\u00e9veloppement des capacit\u00e9s financi\u00e8res de l&rsquo;Etat, nous proc\u00e9derons graduellement au d\u00e9gel des projets prioritaires, sectoriels ou r\u00e9gionaux\u00a0\u00bb, ajoutant que \u00ab\u00a0l&rsquo;op\u00e9ration se poursuivra pour les projets d&rsquo;infrastructures r\u00e9alis\u00e9s \u00e0 plis de 50%, en tenant compte de la situation du Tr\u00e9sor public et de la faisabilit\u00e9 du projet en question et ce, sur d\u00e9cision des pouvoirs publics\u00a0\u00bb.&nbsp;<\/p>\n\n\n\n<p>Lors de son intervention, le&nbsp;Premier ministre a par ailleurs annonc\u00e9 la cr\u00e9ation d\u2019un programme de d\u00e9veloppement des zones frontali\u00e8res ainsi que l\u2019int\u00e9gration du Fond destin\u00e9 au d\u00e9veloppement du Sud vers les comptes sp\u00e9ciaux de l\u2019investissement public. M. Benabderrahmane a pr\u00e9cis\u00e9 que les financements des projets en cours dans le cadre de ce fonds destin\u00e9 au d\u00e9veloppement du Sud sont maintenus afin de permettre d\u2019aller au bout de leur r\u00e9alisation d\u2019ici la fin de l\u2019ann\u00e9e en cours.<\/p>\n\n\n\n<p>\u00ab\u00a0Nous devons faire ce recensement afin de d\u00e9finir les capacit\u00e9s de r\u00e9alisation par l&rsquo;Etat pour que les d\u00e9penses d&rsquo;investissement public soient r\u00e9orient\u00e9es dans le bon sens en vue de d\u00e9velopper les r\u00e9gions ayant vraiment besoins de projets de d\u00e9veloppement\u00a0\u00bb, pr\u00e9cise-t-il.<\/p>\n\n\n\n<p>Les \u00ab\u00a0derni\u00e8res retouches\u00a0\u00bb sont en cours pour r\u00e9cup\u00e9rer le foncier industriel, agricole et touristique inexploit\u00e9 en vue de sa redistribution aux \u00ab\u00a0v\u00e9ritables\u00a0\u00bb investisseurs, a fait savoir le premier ministre qui affirmait \u00e0 propos de la gestion du foncier \u00e0 commencer par les zones industrielles existantes,&nbsp;&nbsp;a soulign\u00e9 l\u2019existence de \u00a0\u00bb centaines voire des milliers d&rsquo;hectares disponibles actuellement non distribu\u00e9s ou distribu\u00e9s et non exploit\u00e9s ou exploit\u00e9s par des proc\u00e9d\u00e9s non soumis \u00e0 une approche juridique efficace\u00a0\u00bb. Benabderrahmane a d\u00e9plor\u00e9 le retard accus\u00e9 par le programme de r\u00e9habilitation de 52 zones industrielles depuis 2018 d\u00fb notamment, expliquait-il, \u00e0 \u00ab\u00a0l&rsquo;absence de bureaux d&rsquo;\u00e9tudes et de suivi, le manque de coordination entre les diff\u00e9rentes parties prenantes, un manque de proc\u00e9dures ex\u00e9cutives, traduit en exp\u00e9riences inappropri\u00e9es aux chantiers de r\u00e9alisation et en activit\u00e9s inadapt\u00e9es, outre l&rsquo;\u00e9loignement des r\u00e9seaux d&rsquo;eau et d&rsquo;\u00e9nergie\u00a0\u00bb.<\/p>\n\n\n\n<p>Enfin, A\u00efmene Benabderrahmane a r\u00e9affirm\u00e9 que le PLF 2022 consacrait la pr\u00e9servation du caract\u00e8re sociale de l&rsquo;Etat, notamment \u00e0 travers la rationalisation de l&rsquo;appui en ciblant exclusivement les cat\u00e9gories d\u00e9munies, pr\u00e9cisant que le texte port\u00e9 sur \u00ab&nbsp;le maintien de l&rsquo;appui aux cat\u00e9gories d\u00e9munies et la rationalisation de cet appui d&rsquo;une mani\u00e8re permettant de garantir la pr\u00e9servation du caract\u00e8re social de l&rsquo;Etat \u00e9nonc\u00e9 dans la Proclamation du 1e novembre que nous devons tous mettre en \u0153uvre et respecter&nbsp;\u00bb.<\/p>\n\n\n\n<p><strong>Kamel Nait Ameur<\/strong><\/p>\n","protected":false},"excerpt":{"rendered":"<p>Le Premier ministre, ministre des Finances, A\u00efmene Benabderrahmane a affirm\u00e9 hier \u00e0 Alger que la fraude et l&rsquo;\u00e9vasion fiscale ont<\/p>\n","protected":false},"author":3,"featured_media":13933,"comment_status":"open","ping_status":"closed","sticky":false,"template":"","format":"standard","meta":{"colormag_page_container_layout":"default_layout","colormag_page_sidebar_layout":"default_layout","om_disable_all_campaigns":false,"_monsterinsights_skip_tracking":false,"_monsterinsights_sitenote_active":false,"_monsterinsights_sitenote_note":"","_monsterinsights_sitenote_category":0,"footnotes":"","_wpscppro_dont_share_socialmedia":false,"_wpscppro_custom_social_share_image":0,"_facebook_share_type":"","_twitter_share_type":"","_linkedin_share_type":"","_pinterest_share_type":"","_linkedin_share_type_page":"","_instagram_share_type":"","_medium_share_type":"","_threads_share_type":"","_google_business_share_type":"","_selected_social_profile":[],"_wpsp_enable_custom_social_template":false,"_wpsp_social_scheduling":{"enabled":false,"datetime":null,"platforms":[],"status":"template_only","dateOption":"today","timeOption":"now","customDays":"","customHours":"","customDate":"","customTime":"","schedulingType":"absolute"},"_wpsp_active_default_template":true},"categories":[52,27],"tags":[],"class_list":["post-13932","post","type-post","status-publish","format-standard","has-post-thumbnail","hentry","category-a-la-une","category-actualite"],"aioseo_notices":[],"yoast_head":"<!-- This site is optimized with the Yoast SEO plugin v27.5 - https:\/\/yoast.com\/product\/yoast-seo-wordpress\/ -->\n<title>Elle a atteint des niveaux \u00ab intol\u00e9rables \u00bb : Haro sur l\u2019\u00e9vasion fiscale ! - La Sentinelle<\/title>\n<meta name=\"robots\" content=\"index, follow, max-snippet:-1, max-image-preview:large, max-video-preview:-1\" \/>\n<link rel=\"canonical\" href=\"https:\/\/lasentinelle.dz\/index.php\/2021\/11\/24\/elle-a-atteint-des-niveaux-intolerables-haro-sur-levasion-fiscale\/\" \/>\n<meta property=\"og:locale\" content=\"fr_FR\" \/>\n<meta property=\"og:type\" content=\"article\" \/>\n<meta property=\"og:title\" content=\"Elle a atteint des niveaux \u00ab intol\u00e9rables \u00bb : Haro sur l\u2019\u00e9vasion fiscale ! - La Sentinelle\" \/>\n<meta property=\"og:description\" content=\"Le Premier ministre, ministre des Finances, A\u00efmene Benabderrahmane a affirm\u00e9 hier \u00e0 Alger que la fraude et l&rsquo;\u00e9vasion fiscale ont\" \/>\n<meta property=\"og:url\" content=\"https:\/\/lasentinelle.dz\/index.php\/2021\/11\/24\/elle-a-atteint-des-niveaux-intolerables-haro-sur-levasion-fiscale\/\" \/>\n<meta property=\"og:site_name\" content=\"La Sentinelle\" \/>\n<meta property=\"article:publisher\" content=\"https:\/\/www.facebook.com\/La-Sentinelle-104059864394773\" \/>\n<meta property=\"article:published_time\" content=\"2021-11-23T23:05:00+00:00\" \/>\n<meta property=\"og:image\" content=\"https:\/\/lasentinelle.dz\/wp-content\/uploads\/2021\/11\/fisc-2.png\" \/>\n\t<meta property=\"og:image:width\" content=\"1065\" \/>\n\t<meta property=\"og:image:height\" content=\"900\" \/>\n\t<meta property=\"og:image:type\" content=\"image\/png\" \/>\n<meta name=\"author\" content=\"La Sentinelle\" \/>\n<meta name=\"twitter:card\" content=\"summary_large_image\" \/>\n<meta name=\"twitter:label1\" content=\"\u00c9crit par\" \/>\n\t<meta name=\"twitter:data1\" content=\"La Sentinelle\" \/>\n\t<meta name=\"twitter:label2\" content=\"Dur\u00e9e de lecture estim\u00e9e\" \/>\n\t<meta name=\"twitter:data2\" content=\"4 minutes\" \/>\n<script type=\"application\/ld+json\" class=\"yoast-schema-graph\">{\"@context\":\"https:\\\/\\\/schema.org\",\"@graph\":[{\"@type\":\"Article\",\"@id\":\"https:\\\/\\\/lasentinelle.dz\\\/index.php\\\/2021\\\/11\\\/24\\\/elle-a-atteint-des-niveaux-intolerables-haro-sur-levasion-fiscale\\\/#article\",\"isPartOf\":{\"@id\":\"https:\\\/\\\/lasentinelle.dz\\\/index.php\\\/2021\\\/11\\\/24\\\/elle-a-atteint-des-niveaux-intolerables-haro-sur-levasion-fiscale\\\/\"},\"author\":{\"name\":\"La Sentinelle\",\"@id\":\"https:\\\/\\\/lasentinelle.dz\\\/#\\\/schema\\\/person\\\/d865044e22e70a75174ce8bcad3acfb3\"},\"headline\":\"Elle a atteint des niveaux \u00ab intol\u00e9rables \u00bb : Haro sur l\u2019\u00e9vasion fiscale !\",\"datePublished\":\"2021-11-23T23:05:00+00:00\",\"mainEntityOfPage\":{\"@id\":\"https:\\\/\\\/lasentinelle.dz\\\/index.php\\\/2021\\\/11\\\/24\\\/elle-a-atteint-des-niveaux-intolerables-haro-sur-levasion-fiscale\\\/\"},\"wordCount\":1105,\"commentCount\":0,\"publisher\":{\"@id\":\"https:\\\/\\\/lasentinelle.dz\\\/#organization\"},\"image\":{\"@id\":\"https:\\\/\\\/lasentinelle.dz\\\/index.php\\\/2021\\\/11\\\/24\\\/elle-a-atteint-des-niveaux-intolerables-haro-sur-levasion-fiscale\\\/#primaryimage\"},\"thumbnailUrl\":\"https:\\\/\\\/lasentinelle.dz\\\/wp-content\\\/uploads\\\/2021\\\/11\\\/fisc-2.png\",\"articleSection\":[\"\u00c0 la Une\",\"Actualit\u00e9\"],\"inLanguage\":\"fr-FR\",\"potentialAction\":[{\"@type\":\"CommentAction\",\"name\":\"Comment\",\"target\":[\"https:\\\/\\\/lasentinelle.dz\\\/index.php\\\/2021\\\/11\\\/24\\\/elle-a-atteint-des-niveaux-intolerables-haro-sur-levasion-fiscale\\\/#respond\"]}]},{\"@type\":\"WebPage\",\"@id\":\"https:\\\/\\\/lasentinelle.dz\\\/index.php\\\/2021\\\/11\\\/24\\\/elle-a-atteint-des-niveaux-intolerables-haro-sur-levasion-fiscale\\\/\",\"url\":\"https:\\\/\\\/lasentinelle.dz\\\/index.php\\\/2021\\\/11\\\/24\\\/elle-a-atteint-des-niveaux-intolerables-haro-sur-levasion-fiscale\\\/\",\"name\":\"Elle a atteint des niveaux \u00ab intol\u00e9rables \u00bb : Haro sur l\u2019\u00e9vasion fiscale ! - La Sentinelle\",\"isPartOf\":{\"@id\":\"https:\\\/\\\/lasentinelle.dz\\\/#website\"},\"primaryImageOfPage\":{\"@id\":\"https:\\\/\\\/lasentinelle.dz\\\/index.php\\\/2021\\\/11\\\/24\\\/elle-a-atteint-des-niveaux-intolerables-haro-sur-levasion-fiscale\\\/#primaryimage\"},\"image\":{\"@id\":\"https:\\\/\\\/lasentinelle.dz\\\/index.php\\\/2021\\\/11\\\/24\\\/elle-a-atteint-des-niveaux-intolerables-haro-sur-levasion-fiscale\\\/#primaryimage\"},\"thumbnailUrl\":\"https:\\\/\\\/lasentinelle.dz\\\/wp-content\\\/uploads\\\/2021\\\/11\\\/fisc-2.png\",\"datePublished\":\"2021-11-23T23:05:00+00:00\",\"breadcrumb\":{\"@id\":\"https:\\\/\\\/lasentinelle.dz\\\/index.php\\\/2021\\\/11\\\/24\\\/elle-a-atteint-des-niveaux-intolerables-haro-sur-levasion-fiscale\\\/#breadcrumb\"},\"inLanguage\":\"fr-FR\",\"potentialAction\":[{\"@type\":\"ReadAction\",\"target\":[\"https:\\\/\\\/lasentinelle.dz\\\/index.php\\\/2021\\\/11\\\/24\\\/elle-a-atteint-des-niveaux-intolerables-haro-sur-levasion-fiscale\\\/\"]}]},{\"@type\":\"ImageObject\",\"inLanguage\":\"fr-FR\",\"@id\":\"https:\\\/\\\/lasentinelle.dz\\\/index.php\\\/2021\\\/11\\\/24\\\/elle-a-atteint-des-niveaux-intolerables-haro-sur-levasion-fiscale\\\/#primaryimage\",\"url\":\"https:\\\/\\\/lasentinelle.dz\\\/wp-content\\\/uploads\\\/2021\\\/11\\\/fisc-2.png\",\"contentUrl\":\"https:\\\/\\\/lasentinelle.dz\\\/wp-content\\\/uploads\\\/2021\\\/11\\\/fisc-2.png\",\"width\":1065,\"height\":900},{\"@type\":\"BreadcrumbList\",\"@id\":\"https:\\\/\\\/lasentinelle.dz\\\/index.php\\\/2021\\\/11\\\/24\\\/elle-a-atteint-des-niveaux-intolerables-haro-sur-levasion-fiscale\\\/#breadcrumb\",\"itemListElement\":[{\"@type\":\"ListItem\",\"position\":1,\"name\":\"Accueil\",\"item\":\"https:\\\/\\\/lasentinelle.dz\\\/\"},{\"@type\":\"ListItem\",\"position\":2,\"name\":\"Elle a atteint des niveaux \u00ab intol\u00e9rables \u00bb : Haro sur l\u2019\u00e9vasion fiscale !\"}]},{\"@type\":\"WebSite\",\"@id\":\"https:\\\/\\\/lasentinelle.dz\\\/#website\",\"url\":\"https:\\\/\\\/lasentinelle.dz\\\/\",\"name\":\"La Sentinelle\",\"description\":\"Quotidien national d&#039;information\",\"publisher\":{\"@id\":\"https:\\\/\\\/lasentinelle.dz\\\/#organization\"},\"potentialAction\":[{\"@type\":\"SearchAction\",\"target\":{\"@type\":\"EntryPoint\",\"urlTemplate\":\"https:\\\/\\\/lasentinelle.dz\\\/?s={search_term_string}\"},\"query-input\":{\"@type\":\"PropertyValueSpecification\",\"valueRequired\":true,\"valueName\":\"search_term_string\"}}],\"inLanguage\":\"fr-FR\"},{\"@type\":\"Organization\",\"@id\":\"https:\\\/\\\/lasentinelle.dz\\\/#organization\",\"name\":\"Quotidien La Sentinelle\",\"url\":\"https:\\\/\\\/lasentinelle.dz\\\/\",\"logo\":{\"@type\":\"ImageObject\",\"inLanguage\":\"fr-FR\",\"@id\":\"https:\\\/\\\/lasentinelle.dz\\\/#\\\/schema\\\/logo\\\/image\\\/\",\"url\":\"https:\\\/\\\/lasentinelle.dz\\\/wp-content\\\/uploads\\\/2021\\\/09\\\/logo-sentinelleSLOGAN-1.png\",\"contentUrl\":\"https:\\\/\\\/lasentinelle.dz\\\/wp-content\\\/uploads\\\/2021\\\/09\\\/logo-sentinelleSLOGAN-1.png\",\"width\":615,\"height\":142,\"caption\":\"Quotidien La Sentinelle\"},\"image\":{\"@id\":\"https:\\\/\\\/lasentinelle.dz\\\/#\\\/schema\\\/logo\\\/image\\\/\"},\"sameAs\":[\"https:\\\/\\\/www.facebook.com\\\/La-Sentinelle-104059864394773\"]},{\"@type\":\"Person\",\"@id\":\"https:\\\/\\\/lasentinelle.dz\\\/#\\\/schema\\\/person\\\/d865044e22e70a75174ce8bcad3acfb3\",\"name\":\"La Sentinelle\",\"image\":{\"@type\":\"ImageObject\",\"inLanguage\":\"fr-FR\",\"@id\":\"https:\\\/\\\/secure.gravatar.com\\\/avatar\\\/57de8e5d4b15d43fb361a71fbb36338450fe67865b528a43dd10ef7c51a20392?s=96&d=mm&r=g\",\"url\":\"https:\\\/\\\/secure.gravatar.com\\\/avatar\\\/57de8e5d4b15d43fb361a71fbb36338450fe67865b528a43dd10ef7c51a20392?s=96&d=mm&r=g\",\"contentUrl\":\"https:\\\/\\\/secure.gravatar.com\\\/avatar\\\/57de8e5d4b15d43fb361a71fbb36338450fe67865b528a43dd10ef7c51a20392?s=96&d=mm&r=g\",\"caption\":\"La Sentinelle\"},\"sameAs\":[\"http:\\\/\\\/www.lasentinelle.dz\"],\"url\":\"https:\\\/\\\/lasentinelle.dz\\\/author\\\/redaction\\\/\"}]}<\/script>\n<!-- \/ Yoast SEO plugin. -->","yoast_head_json":{"title":"Elle a atteint des niveaux \u00ab intol\u00e9rables \u00bb : Haro sur l\u2019\u00e9vasion fiscale ! - La Sentinelle","robots":{"index":"index","follow":"follow","max-snippet":"max-snippet:-1","max-image-preview":"max-image-preview:large","max-video-preview":"max-video-preview:-1"},"canonical":"https:\/\/lasentinelle.dz\/index.php\/2021\/11\/24\/elle-a-atteint-des-niveaux-intolerables-haro-sur-levasion-fiscale\/","og_locale":"fr_FR","og_type":"article","og_title":"Elle a atteint des niveaux \u00ab intol\u00e9rables \u00bb : Haro sur l\u2019\u00e9vasion fiscale ! - La Sentinelle","og_description":"Le Premier ministre, ministre des Finances, A\u00efmene Benabderrahmane a affirm\u00e9 hier \u00e0 Alger que la fraude et l&rsquo;\u00e9vasion fiscale ont","og_url":"https:\/\/lasentinelle.dz\/index.php\/2021\/11\/24\/elle-a-atteint-des-niveaux-intolerables-haro-sur-levasion-fiscale\/","og_site_name":"La Sentinelle","article_publisher":"https:\/\/www.facebook.com\/La-Sentinelle-104059864394773","article_published_time":"2021-11-23T23:05:00+00:00","og_image":[{"width":1065,"height":900,"url":"https:\/\/lasentinelle.dz\/wp-content\/uploads\/2021\/11\/fisc-2.png","type":"image\/png"}],"author":"La Sentinelle","twitter_card":"summary_large_image","twitter_misc":{"\u00c9crit par":"La Sentinelle","Dur\u00e9e de lecture estim\u00e9e":"4 minutes"},"schema":{"@context":"https:\/\/schema.org","@graph":[{"@type":"Article","@id":"https:\/\/lasentinelle.dz\/index.php\/2021\/11\/24\/elle-a-atteint-des-niveaux-intolerables-haro-sur-levasion-fiscale\/#article","isPartOf":{"@id":"https:\/\/lasentinelle.dz\/index.php\/2021\/11\/24\/elle-a-atteint-des-niveaux-intolerables-haro-sur-levasion-fiscale\/"},"author":{"name":"La Sentinelle","@id":"https:\/\/lasentinelle.dz\/#\/schema\/person\/d865044e22e70a75174ce8bcad3acfb3"},"headline":"Elle a atteint des niveaux \u00ab intol\u00e9rables \u00bb : Haro sur l\u2019\u00e9vasion fiscale !","datePublished":"2021-11-23T23:05:00+00:00","mainEntityOfPage":{"@id":"https:\/\/lasentinelle.dz\/index.php\/2021\/11\/24\/elle-a-atteint-des-niveaux-intolerables-haro-sur-levasion-fiscale\/"},"wordCount":1105,"commentCount":0,"publisher":{"@id":"https:\/\/lasentinelle.dz\/#organization"},"image":{"@id":"https:\/\/lasentinelle.dz\/index.php\/2021\/11\/24\/elle-a-atteint-des-niveaux-intolerables-haro-sur-levasion-fiscale\/#primaryimage"},"thumbnailUrl":"https:\/\/lasentinelle.dz\/wp-content\/uploads\/2021\/11\/fisc-2.png","articleSection":["\u00c0 la Une","Actualit\u00e9"],"inLanguage":"fr-FR","potentialAction":[{"@type":"CommentAction","name":"Comment","target":["https:\/\/lasentinelle.dz\/index.php\/2021\/11\/24\/elle-a-atteint-des-niveaux-intolerables-haro-sur-levasion-fiscale\/#respond"]}]},{"@type":"WebPage","@id":"https:\/\/lasentinelle.dz\/index.php\/2021\/11\/24\/elle-a-atteint-des-niveaux-intolerables-haro-sur-levasion-fiscale\/","url":"https:\/\/lasentinelle.dz\/index.php\/2021\/11\/24\/elle-a-atteint-des-niveaux-intolerables-haro-sur-levasion-fiscale\/","name":"Elle a atteint des niveaux \u00ab intol\u00e9rables \u00bb : Haro sur l\u2019\u00e9vasion fiscale ! - La Sentinelle","isPartOf":{"@id":"https:\/\/lasentinelle.dz\/#website"},"primaryImageOfPage":{"@id":"https:\/\/lasentinelle.dz\/index.php\/2021\/11\/24\/elle-a-atteint-des-niveaux-intolerables-haro-sur-levasion-fiscale\/#primaryimage"},"image":{"@id":"https:\/\/lasentinelle.dz\/index.php\/2021\/11\/24\/elle-a-atteint-des-niveaux-intolerables-haro-sur-levasion-fiscale\/#primaryimage"},"thumbnailUrl":"https:\/\/lasentinelle.dz\/wp-content\/uploads\/2021\/11\/fisc-2.png","datePublished":"2021-11-23T23:05:00+00:00","breadcrumb":{"@id":"https:\/\/lasentinelle.dz\/index.php\/2021\/11\/24\/elle-a-atteint-des-niveaux-intolerables-haro-sur-levasion-fiscale\/#breadcrumb"},"inLanguage":"fr-FR","potentialAction":[{"@type":"ReadAction","target":["https:\/\/lasentinelle.dz\/index.php\/2021\/11\/24\/elle-a-atteint-des-niveaux-intolerables-haro-sur-levasion-fiscale\/"]}]},{"@type":"ImageObject","inLanguage":"fr-FR","@id":"https:\/\/lasentinelle.dz\/index.php\/2021\/11\/24\/elle-a-atteint-des-niveaux-intolerables-haro-sur-levasion-fiscale\/#primaryimage","url":"https:\/\/lasentinelle.dz\/wp-content\/uploads\/2021\/11\/fisc-2.png","contentUrl":"https:\/\/lasentinelle.dz\/wp-content\/uploads\/2021\/11\/fisc-2.png","width":1065,"height":900},{"@type":"BreadcrumbList","@id":"https:\/\/lasentinelle.dz\/index.php\/2021\/11\/24\/elle-a-atteint-des-niveaux-intolerables-haro-sur-levasion-fiscale\/#breadcrumb","itemListElement":[{"@type":"ListItem","position":1,"name":"Accueil","item":"https:\/\/lasentinelle.dz\/"},{"@type":"ListItem","position":2,"name":"Elle a atteint des niveaux \u00ab intol\u00e9rables \u00bb : Haro sur l\u2019\u00e9vasion fiscale !"}]},{"@type":"WebSite","@id":"https:\/\/lasentinelle.dz\/#website","url":"https:\/\/lasentinelle.dz\/","name":"La Sentinelle","description":"Quotidien national d&#039;information","publisher":{"@id":"https:\/\/lasentinelle.dz\/#organization"},"potentialAction":[{"@type":"SearchAction","target":{"@type":"EntryPoint","urlTemplate":"https:\/\/lasentinelle.dz\/?s={search_term_string}"},"query-input":{"@type":"PropertyValueSpecification","valueRequired":true,"valueName":"search_term_string"}}],"inLanguage":"fr-FR"},{"@type":"Organization","@id":"https:\/\/lasentinelle.dz\/#organization","name":"Quotidien La Sentinelle","url":"https:\/\/lasentinelle.dz\/","logo":{"@type":"ImageObject","inLanguage":"fr-FR","@id":"https:\/\/lasentinelle.dz\/#\/schema\/logo\/image\/","url":"https:\/\/lasentinelle.dz\/wp-content\/uploads\/2021\/09\/logo-sentinelleSLOGAN-1.png","contentUrl":"https:\/\/lasentinelle.dz\/wp-content\/uploads\/2021\/09\/logo-sentinelleSLOGAN-1.png","width":615,"height":142,"caption":"Quotidien La Sentinelle"},"image":{"@id":"https:\/\/lasentinelle.dz\/#\/schema\/logo\/image\/"},"sameAs":["https:\/\/www.facebook.com\/La-Sentinelle-104059864394773"]},{"@type":"Person","@id":"https:\/\/lasentinelle.dz\/#\/schema\/person\/d865044e22e70a75174ce8bcad3acfb3","name":"La Sentinelle","image":{"@type":"ImageObject","inLanguage":"fr-FR","@id":"https:\/\/secure.gravatar.com\/avatar\/57de8e5d4b15d43fb361a71fbb36338450fe67865b528a43dd10ef7c51a20392?s=96&d=mm&r=g","url":"https:\/\/secure.gravatar.com\/avatar\/57de8e5d4b15d43fb361a71fbb36338450fe67865b528a43dd10ef7c51a20392?s=96&d=mm&r=g","contentUrl":"https:\/\/secure.gravatar.com\/avatar\/57de8e5d4b15d43fb361a71fbb36338450fe67865b528a43dd10ef7c51a20392?s=96&d=mm&r=g","caption":"La Sentinelle"},"sameAs":["http:\/\/www.lasentinelle.dz"],"url":"https:\/\/lasentinelle.dz\/author\/redaction\/"}]}},"_links":{"self":[{"href":"https:\/\/lasentinelle.dz\/index.php\/wp-json\/wp\/v2\/posts\/13932","targetHints":{"allow":["GET"]}}],"collection":[{"href":"https:\/\/lasentinelle.dz\/index.php\/wp-json\/wp\/v2\/posts"}],"about":[{"href":"https:\/\/lasentinelle.dz\/index.php\/wp-json\/wp\/v2\/types\/post"}],"author":[{"embeddable":true,"href":"https:\/\/lasentinelle.dz\/index.php\/wp-json\/wp\/v2\/users\/3"}],"replies":[{"embeddable":true,"href":"https:\/\/lasentinelle.dz\/index.php\/wp-json\/wp\/v2\/comments?post=13932"}],"version-history":[{"count":1,"href":"https:\/\/lasentinelle.dz\/index.php\/wp-json\/wp\/v2\/posts\/13932\/revisions"}],"predecessor-version":[{"id":13934,"href":"https:\/\/lasentinelle.dz\/index.php\/wp-json\/wp\/v2\/posts\/13932\/revisions\/13934"}],"wp:featuredmedia":[{"embeddable":true,"href":"https:\/\/lasentinelle.dz\/index.php\/wp-json\/wp\/v2\/media\/13933"}],"wp:attachment":[{"href":"https:\/\/lasentinelle.dz\/index.php\/wp-json\/wp\/v2\/media?parent=13932"}],"wp:term":[{"taxonomy":"category","embeddable":true,"href":"https:\/\/lasentinelle.dz\/index.php\/wp-json\/wp\/v2\/categories?post=13932"},{"taxonomy":"post_tag","embeddable":true,"href":"https:\/\/lasentinelle.dz\/index.php\/wp-json\/wp\/v2\/tags?post=13932"}],"curies":[{"name":"wp","href":"https:\/\/api.w.org\/{rel}","templated":true}]}}