{"id":14022,"date":"2021-11-27T00:01:00","date_gmt":"2021-11-26T23:01:00","guid":{"rendered":"https:\/\/lasentinelle.dz\/?p=14022"},"modified":"2021-11-26T19:32:52","modified_gmt":"2021-11-26T18:32:52","slug":"annaba-le-telepherique-operationnel-avant-lete","status":"publish","type":"post","link":"https:\/\/lasentinelle.dz\/index.php\/2021\/11\/27\/annaba-le-telepherique-operationnel-avant-lete\/","title":{"rendered":"Annaba : Le t\u00e9l\u00e9ph\u00e9rique op\u00e9rationnel avant l\u2019\u00e9t\u00e9"},"content":{"rendered":"\n<p>\u00c0 l\u2019arr\u00eat depuis la fin janvier 2019, le t\u00e9l\u00e9ph\u00e9rique Annaba-Seraidi, sera remis en service avant la saison estivale.<\/p>\n\n\n\n<p>Lors de sa visite d&rsquo;inspection, ce jeudi, \u00e0 la station du t\u00e9l\u00e9ph\u00e9rique sis Bouhdid, le wali d\u2019Annaba,&nbsp;Djamal Eddine Berrimi, s\u2019est montr\u00e9 ferme quant \u00e0 la r\u00e9ception de ce moyen de de transport,&nbsp;dans les d\u00e9lais les plus brefs. Lanc\u00e9s il y\u2019a plus de six mois, les travaux de r\u00e9paration du t\u00e9l\u00e9ph\u00e9rique reliant la commune d&rsquo;Annaba \u00e0 S\u00e9raidi, affichent une cadence satisfaisante. Un constat qualifi\u00e9 de positif par le wali qui ne s\u2019est pas emp\u00each\u00e9 de souligner que&nbsp;l\u2019arr\u00eat de ce moyen de transport n\u2019a que trop dur\u00e9&nbsp;.&nbsp;\u00ab&nbsp;Le temps n\u2019est plus aux estimations mais, aux actes concrets&nbsp;\u00bb, a lanc\u00e9 le wali \u00e0 l\u2019intention de l\u2019entreprise charg\u00e9e&nbsp;de l\u2019op\u00e9ration de r\u00e9paration. Le premier responsable de la wilaya d\u2019Annaba a expliqu\u00e9&nbsp;qu\u2019\u00ab&nbsp;il s\u2019agit d\u2019une op\u00e9ration de r\u00e9paration pour la remise en service du ce projet d\u00e9j\u00e0 existant\u2026&nbsp;\u00bb. \u00c0 croire les instructions du commis de l\u2019\u00c9tat, il est pr\u00e9vu que ce moyen de transport et de tourisme red\u00e9marre,&nbsp;si tout va bien, au cours de l&rsquo;\u00e9t\u00e9 prochain, apr\u00e8s l&rsquo;ach\u00e8vement des travaux de r\u00e9paration. Une enveloppe financi\u00e8re de 30 milliards de cts a \u00e9t\u00e9 allou\u00e9e pour la remise en \u00e9tat de marche de ce moyen de transport, dont les travaux ont \u00e9t\u00e9 confi\u00e9s \u00e0 l&rsquo;Entreprise de transport alg\u00e9rien par c\u00e2bles (Etac). Signalons que la d\u00e9cision de la r\u00e9habilitation&nbsp;du t\u00e9l\u00e9ph\u00e9rique&nbsp;fait suite aux instructions du minist\u00e8re des Transports de remettre en \u00e9tat de marche tous les t\u00e9l\u00e9ph\u00e9riques de plusieurs wilayas et qui sont en panne depuis plusieurs ann\u00e9es, y compris celui d\u2019Annaba. La nouvelle a \u00e9t\u00e9 accueillie avec un grand soulagement par la population de Sera\u00efdi notamment. En effet, au bonheur des 8.000 habitants de cette station baln\u00e9aire, nich\u00e9e \u00e0 900 m\u00e8tres sur les hauteurs du mont Edough, le t\u00e9l\u00e9ph\u00e9rique sera \u00e0 nouveau op\u00e9rationnel dans les prochains mois. Par ailleurs, il est \u00e0 noter qu&rsquo;avec 2.500 usagers de ce moyen de locomotion, qui assure la liaison entre Annaba-S\u00e9raidi&nbsp;sur un lin\u00e9aire de 4 km,&nbsp;sera d&rsquo;un apport financier consid\u00e9rable pour les deux communes et, par cons\u00e9quent, au Tr\u00e9sor public. Surtout que l&rsquo;APC de S\u00e9raidi, encore plus qu&rsquo;Annaba, n&rsquo;a pratiquement pas de rentes financi\u00e8res, faute de d\u00e9termination du patrimoine immobilier entre autres, pouvant g\u00e9n\u00e9rer des recettes financi\u00e8res devant contribuer, un tant soit peu, au financement de projets relevant du d\u00e9veloppement local.<\/p>\n\n\n\n<p><strong>Sofia Chahine<\/strong><\/p>\n","protected":false},"excerpt":{"rendered":"<p>\u00c0 l\u2019arr\u00eat depuis la fin janvier 2019, le t\u00e9l\u00e9ph\u00e9rique Annaba-Seraidi, sera remis en service avant la saison estivale. Lors de<\/p>\n","protected":false},"author":3,"featured_media":14026,"comment_status":"open","ping_status":"closed","sticky":false,"template":"","format":"standard","meta":{"colormag_page_container_layout":"default_layout","colormag_page_sidebar_layout":"default_layout","om_disable_all_campaigns":false,"_monsterinsights_skip_tracking":false,"_monsterinsights_sitenote_active":false,"_monsterinsights_sitenote_note":"","_monsterinsights_sitenote_category":0,"footnotes":"","_wpscppro_dont_share_socialmedia":false,"_wpscppro_custom_social_share_image":0,"_facebook_share_type":"","_twitter_share_type":"","_linkedin_share_type":"","_pinterest_share_type":"","_linkedin_share_type_page":"","_instagram_share_type":"","_medium_share_type":"","_threads_share_type":"","_google_business_share_type":"","_selected_social_profile":[],"_wpsp_enable_custom_social_template":false,"_wpsp_social_scheduling":{"enabled":false,"datetime":null,"platforms":[],"status":"template_only","dateOption":"today","timeOption":"now","customDays":"","customHours":"","customDate":"","customTime":"","schedulingType":"absolute"},"_wpsp_active_default_template":true},"categories":[31],"tags":[],"class_list":["post-14022","post","type-post","status-publish","format-standard","has-post-thumbnail","hentry","category-regions"],"aioseo_notices":[],"yoast_head":"<!-- This site is optimized with the Yoast SEO plugin v27.5 - https:\/\/yoast.com\/product\/yoast-seo-wordpress\/ -->\n<title>Annaba : Le t\u00e9l\u00e9ph\u00e9rique op\u00e9rationnel avant l\u2019\u00e9t\u00e9 - La Sentinelle<\/title>\n<meta name=\"robots\" content=\"index, follow, max-snippet:-1, max-image-preview:large, max-video-preview:-1\" \/>\n<link rel=\"canonical\" href=\"https:\/\/lasentinelle.dz\/index.php\/2021\/11\/27\/annaba-le-telepherique-operationnel-avant-lete\/\" \/>\n<meta property=\"og:locale\" content=\"fr_FR\" \/>\n<meta property=\"og:type\" content=\"article\" \/>\n<meta property=\"og:title\" content=\"Annaba : Le t\u00e9l\u00e9ph\u00e9rique op\u00e9rationnel avant l\u2019\u00e9t\u00e9 - La Sentinelle\" \/>\n<meta property=\"og:description\" content=\"\u00c0 l\u2019arr\u00eat depuis la fin janvier 2019, le t\u00e9l\u00e9ph\u00e9rique Annaba-Seraidi, sera remis en service avant la saison estivale. Lors de\" \/>\n<meta property=\"og:url\" content=\"https:\/\/lasentinelle.dz\/index.php\/2021\/11\/27\/annaba-le-telepherique-operationnel-avant-lete\/\" \/>\n<meta property=\"og:site_name\" content=\"La Sentinelle\" \/>\n<meta property=\"article:publisher\" content=\"https:\/\/www.facebook.com\/La-Sentinelle-104059864394773\" \/>\n<meta property=\"article:published_time\" content=\"2021-11-26T23:01:00+00:00\" \/>\n<meta property=\"og:image\" content=\"https:\/\/lasentinelle.dz\/wp-content\/uploads\/2021\/11\/telepherique.jpg\" \/>\n\t<meta property=\"og:image:width\" content=\"600\" \/>\n\t<meta property=\"og:image:height\" content=\"339\" \/>\n\t<meta property=\"og:image:type\" content=\"image\/jpeg\" \/>\n<meta name=\"author\" content=\"La Sentinelle\" \/>\n<meta name=\"twitter:card\" content=\"summary_large_image\" \/>\n<meta name=\"twitter:label1\" content=\"\u00c9crit par\" \/>\n\t<meta name=\"twitter:data1\" content=\"La Sentinelle\" \/>\n\t<meta name=\"twitter:label2\" content=\"Dur\u00e9e de lecture estim\u00e9e\" \/>\n\t<meta name=\"twitter:data2\" content=\"2 minutes\" \/>\n<script type=\"application\/ld+json\" class=\"yoast-schema-graph\">{\"@context\":\"https:\\\/\\\/schema.org\",\"@graph\":[{\"@type\":\"Article\",\"@id\":\"https:\\\/\\\/lasentinelle.dz\\\/index.php\\\/2021\\\/11\\\/27\\\/annaba-le-telepherique-operationnel-avant-lete\\\/#article\",\"isPartOf\":{\"@id\":\"https:\\\/\\\/lasentinelle.dz\\\/index.php\\\/2021\\\/11\\\/27\\\/annaba-le-telepherique-operationnel-avant-lete\\\/\"},\"author\":{\"name\":\"La Sentinelle\",\"@id\":\"https:\\\/\\\/lasentinelle.dz\\\/#\\\/schema\\\/person\\\/d865044e22e70a75174ce8bcad3acfb3\"},\"headline\":\"Annaba : Le t\u00e9l\u00e9ph\u00e9rique op\u00e9rationnel avant l\u2019\u00e9t\u00e9\",\"datePublished\":\"2021-11-26T23:01:00+00:00\",\"mainEntityOfPage\":{\"@id\":\"https:\\\/\\\/lasentinelle.dz\\\/index.php\\\/2021\\\/11\\\/27\\\/annaba-le-telepherique-operationnel-avant-lete\\\/\"},\"wordCount\":498,\"commentCount\":0,\"publisher\":{\"@id\":\"https:\\\/\\\/lasentinelle.dz\\\/#organization\"},\"image\":{\"@id\":\"https:\\\/\\\/lasentinelle.dz\\\/index.php\\\/2021\\\/11\\\/27\\\/annaba-le-telepherique-operationnel-avant-lete\\\/#primaryimage\"},\"thumbnailUrl\":\"https:\\\/\\\/lasentinelle.dz\\\/wp-content\\\/uploads\\\/2021\\\/11\\\/telepherique.jpg\",\"articleSection\":[\"R\u00e9gions\"],\"inLanguage\":\"fr-FR\",\"potentialAction\":[{\"@type\":\"CommentAction\",\"name\":\"Comment\",\"target\":[\"https:\\\/\\\/lasentinelle.dz\\\/index.php\\\/2021\\\/11\\\/27\\\/annaba-le-telepherique-operationnel-avant-lete\\\/#respond\"]}]},{\"@type\":\"WebPage\",\"@id\":\"https:\\\/\\\/lasentinelle.dz\\\/index.php\\\/2021\\\/11\\\/27\\\/annaba-le-telepherique-operationnel-avant-lete\\\/\",\"url\":\"https:\\\/\\\/lasentinelle.dz\\\/index.php\\\/2021\\\/11\\\/27\\\/annaba-le-telepherique-operationnel-avant-lete\\\/\",\"name\":\"Annaba : Le t\u00e9l\u00e9ph\u00e9rique op\u00e9rationnel avant l\u2019\u00e9t\u00e9 - La Sentinelle\",\"isPartOf\":{\"@id\":\"https:\\\/\\\/lasentinelle.dz\\\/#website\"},\"primaryImageOfPage\":{\"@id\":\"https:\\\/\\\/lasentinelle.dz\\\/index.php\\\/2021\\\/11\\\/27\\\/annaba-le-telepherique-operationnel-avant-lete\\\/#primaryimage\"},\"image\":{\"@id\":\"https:\\\/\\\/lasentinelle.dz\\\/index.php\\\/2021\\\/11\\\/27\\\/annaba-le-telepherique-operationnel-avant-lete\\\/#primaryimage\"},\"thumbnailUrl\":\"https:\\\/\\\/lasentinelle.dz\\\/wp-content\\\/uploads\\\/2021\\\/11\\\/telepherique.jpg\",\"datePublished\":\"2021-11-26T23:01:00+00:00\",\"breadcrumb\":{\"@id\":\"https:\\\/\\\/lasentinelle.dz\\\/index.php\\\/2021\\\/11\\\/27\\\/annaba-le-telepherique-operationnel-avant-lete\\\/#breadcrumb\"},\"inLanguage\":\"fr-FR\",\"potentialAction\":[{\"@type\":\"ReadAction\",\"target\":[\"https:\\\/\\\/lasentinelle.dz\\\/index.php\\\/2021\\\/11\\\/27\\\/annaba-le-telepherique-operationnel-avant-lete\\\/\"]}]},{\"@type\":\"ImageObject\",\"inLanguage\":\"fr-FR\",\"@id\":\"https:\\\/\\\/lasentinelle.dz\\\/index.php\\\/2021\\\/11\\\/27\\\/annaba-le-telepherique-operationnel-avant-lete\\\/#primaryimage\",\"url\":\"https:\\\/\\\/lasentinelle.dz\\\/wp-content\\\/uploads\\\/2021\\\/11\\\/telepherique.jpg\",\"contentUrl\":\"https:\\\/\\\/lasentinelle.dz\\\/wp-content\\\/uploads\\\/2021\\\/11\\\/telepherique.jpg\",\"width\":600,\"height\":339},{\"@type\":\"BreadcrumbList\",\"@id\":\"https:\\\/\\\/lasentinelle.dz\\\/index.php\\\/2021\\\/11\\\/27\\\/annaba-le-telepherique-operationnel-avant-lete\\\/#breadcrumb\",\"itemListElement\":[{\"@type\":\"ListItem\",\"position\":1,\"name\":\"Accueil\",\"item\":\"https:\\\/\\\/lasentinelle.dz\\\/\"},{\"@type\":\"ListItem\",\"position\":2,\"name\":\"Annaba : Le t\u00e9l\u00e9ph\u00e9rique op\u00e9rationnel avant l\u2019\u00e9t\u00e9\"}]},{\"@type\":\"WebSite\",\"@id\":\"https:\\\/\\\/lasentinelle.dz\\\/#website\",\"url\":\"https:\\\/\\\/lasentinelle.dz\\\/\",\"name\":\"La Sentinelle\",\"description\":\"Quotidien national d&#039;information\",\"publisher\":{\"@id\":\"https:\\\/\\\/lasentinelle.dz\\\/#organization\"},\"potentialAction\":[{\"@type\":\"SearchAction\",\"target\":{\"@type\":\"EntryPoint\",\"urlTemplate\":\"https:\\\/\\\/lasentinelle.dz\\\/?s={search_term_string}\"},\"query-input\":{\"@type\":\"PropertyValueSpecification\",\"valueRequired\":true,\"valueName\":\"search_term_string\"}}],\"inLanguage\":\"fr-FR\"},{\"@type\":\"Organization\",\"@id\":\"https:\\\/\\\/lasentinelle.dz\\\/#organization\",\"name\":\"Quotidien La Sentinelle\",\"url\":\"https:\\\/\\\/lasentinelle.dz\\\/\",\"logo\":{\"@type\":\"ImageObject\",\"inLanguage\":\"fr-FR\",\"@id\":\"https:\\\/\\\/lasentinelle.dz\\\/#\\\/schema\\\/logo\\\/image\\\/\",\"url\":\"https:\\\/\\\/lasentinelle.dz\\\/wp-content\\\/uploads\\\/2021\\\/09\\\/logo-sentinelleSLOGAN-1.png\",\"contentUrl\":\"https:\\\/\\\/lasentinelle.dz\\\/wp-content\\\/uploads\\\/2021\\\/09\\\/logo-sentinelleSLOGAN-1.png\",\"width\":615,\"height\":142,\"caption\":\"Quotidien La Sentinelle\"},\"image\":{\"@id\":\"https:\\\/\\\/lasentinelle.dz\\\/#\\\/schema\\\/logo\\\/image\\\/\"},\"sameAs\":[\"https:\\\/\\\/www.facebook.com\\\/La-Sentinelle-104059864394773\"]},{\"@type\":\"Person\",\"@id\":\"https:\\\/\\\/lasentinelle.dz\\\/#\\\/schema\\\/person\\\/d865044e22e70a75174ce8bcad3acfb3\",\"name\":\"La Sentinelle\",\"image\":{\"@type\":\"ImageObject\",\"inLanguage\":\"fr-FR\",\"@id\":\"https:\\\/\\\/secure.gravatar.com\\\/avatar\\\/57de8e5d4b15d43fb361a71fbb36338450fe67865b528a43dd10ef7c51a20392?s=96&d=mm&r=g\",\"url\":\"https:\\\/\\\/secure.gravatar.com\\\/avatar\\\/57de8e5d4b15d43fb361a71fbb36338450fe67865b528a43dd10ef7c51a20392?s=96&d=mm&r=g\",\"contentUrl\":\"https:\\\/\\\/secure.gravatar.com\\\/avatar\\\/57de8e5d4b15d43fb361a71fbb36338450fe67865b528a43dd10ef7c51a20392?s=96&d=mm&r=g\",\"caption\":\"La Sentinelle\"},\"sameAs\":[\"http:\\\/\\\/www.lasentinelle.dz\"],\"url\":\"https:\\\/\\\/lasentinelle.dz\\\/author\\\/redaction\\\/\"}]}<\/script>\n<!-- \/ Yoast SEO plugin. -->","yoast_head_json":{"title":"Annaba : Le t\u00e9l\u00e9ph\u00e9rique op\u00e9rationnel avant l\u2019\u00e9t\u00e9 - La Sentinelle","robots":{"index":"index","follow":"follow","max-snippet":"max-snippet:-1","max-image-preview":"max-image-preview:large","max-video-preview":"max-video-preview:-1"},"canonical":"https:\/\/lasentinelle.dz\/index.php\/2021\/11\/27\/annaba-le-telepherique-operationnel-avant-lete\/","og_locale":"fr_FR","og_type":"article","og_title":"Annaba : Le t\u00e9l\u00e9ph\u00e9rique op\u00e9rationnel avant l\u2019\u00e9t\u00e9 - La Sentinelle","og_description":"\u00c0 l\u2019arr\u00eat depuis la fin janvier 2019, le t\u00e9l\u00e9ph\u00e9rique Annaba-Seraidi, sera remis en service avant la saison estivale. Lors de","og_url":"https:\/\/lasentinelle.dz\/index.php\/2021\/11\/27\/annaba-le-telepherique-operationnel-avant-lete\/","og_site_name":"La Sentinelle","article_publisher":"https:\/\/www.facebook.com\/La-Sentinelle-104059864394773","article_published_time":"2021-11-26T23:01:00+00:00","og_image":[{"width":600,"height":339,"url":"https:\/\/lasentinelle.dz\/wp-content\/uploads\/2021\/11\/telepherique.jpg","type":"image\/jpeg"}],"author":"La Sentinelle","twitter_card":"summary_large_image","twitter_misc":{"\u00c9crit par":"La Sentinelle","Dur\u00e9e de lecture estim\u00e9e":"2 minutes"},"schema":{"@context":"https:\/\/schema.org","@graph":[{"@type":"Article","@id":"https:\/\/lasentinelle.dz\/index.php\/2021\/11\/27\/annaba-le-telepherique-operationnel-avant-lete\/#article","isPartOf":{"@id":"https:\/\/lasentinelle.dz\/index.php\/2021\/11\/27\/annaba-le-telepherique-operationnel-avant-lete\/"},"author":{"name":"La Sentinelle","@id":"https:\/\/lasentinelle.dz\/#\/schema\/person\/d865044e22e70a75174ce8bcad3acfb3"},"headline":"Annaba : Le t\u00e9l\u00e9ph\u00e9rique op\u00e9rationnel avant l\u2019\u00e9t\u00e9","datePublished":"2021-11-26T23:01:00+00:00","mainEntityOfPage":{"@id":"https:\/\/lasentinelle.dz\/index.php\/2021\/11\/27\/annaba-le-telepherique-operationnel-avant-lete\/"},"wordCount":498,"commentCount":0,"publisher":{"@id":"https:\/\/lasentinelle.dz\/#organization"},"image":{"@id":"https:\/\/lasentinelle.dz\/index.php\/2021\/11\/27\/annaba-le-telepherique-operationnel-avant-lete\/#primaryimage"},"thumbnailUrl":"https:\/\/lasentinelle.dz\/wp-content\/uploads\/2021\/11\/telepherique.jpg","articleSection":["R\u00e9gions"],"inLanguage":"fr-FR","potentialAction":[{"@type":"CommentAction","name":"Comment","target":["https:\/\/lasentinelle.dz\/index.php\/2021\/11\/27\/annaba-le-telepherique-operationnel-avant-lete\/#respond"]}]},{"@type":"WebPage","@id":"https:\/\/lasentinelle.dz\/index.php\/2021\/11\/27\/annaba-le-telepherique-operationnel-avant-lete\/","url":"https:\/\/lasentinelle.dz\/index.php\/2021\/11\/27\/annaba-le-telepherique-operationnel-avant-lete\/","name":"Annaba : Le t\u00e9l\u00e9ph\u00e9rique op\u00e9rationnel avant l\u2019\u00e9t\u00e9 - La Sentinelle","isPartOf":{"@id":"https:\/\/lasentinelle.dz\/#website"},"primaryImageOfPage":{"@id":"https:\/\/lasentinelle.dz\/index.php\/2021\/11\/27\/annaba-le-telepherique-operationnel-avant-lete\/#primaryimage"},"image":{"@id":"https:\/\/lasentinelle.dz\/index.php\/2021\/11\/27\/annaba-le-telepherique-operationnel-avant-lete\/#primaryimage"},"thumbnailUrl":"https:\/\/lasentinelle.dz\/wp-content\/uploads\/2021\/11\/telepherique.jpg","datePublished":"2021-11-26T23:01:00+00:00","breadcrumb":{"@id":"https:\/\/lasentinelle.dz\/index.php\/2021\/11\/27\/annaba-le-telepherique-operationnel-avant-lete\/#breadcrumb"},"inLanguage":"fr-FR","potentialAction":[{"@type":"ReadAction","target":["https:\/\/lasentinelle.dz\/index.php\/2021\/11\/27\/annaba-le-telepherique-operationnel-avant-lete\/"]}]},{"@type":"ImageObject","inLanguage":"fr-FR","@id":"https:\/\/lasentinelle.dz\/index.php\/2021\/11\/27\/annaba-le-telepherique-operationnel-avant-lete\/#primaryimage","url":"https:\/\/lasentinelle.dz\/wp-content\/uploads\/2021\/11\/telepherique.jpg","contentUrl":"https:\/\/lasentinelle.dz\/wp-content\/uploads\/2021\/11\/telepherique.jpg","width":600,"height":339},{"@type":"BreadcrumbList","@id":"https:\/\/lasentinelle.dz\/index.php\/2021\/11\/27\/annaba-le-telepherique-operationnel-avant-lete\/#breadcrumb","itemListElement":[{"@type":"ListItem","position":1,"name":"Accueil","item":"https:\/\/lasentinelle.dz\/"},{"@type":"ListItem","position":2,"name":"Annaba : Le t\u00e9l\u00e9ph\u00e9rique op\u00e9rationnel avant l\u2019\u00e9t\u00e9"}]},{"@type":"WebSite","@id":"https:\/\/lasentinelle.dz\/#website","url":"https:\/\/lasentinelle.dz\/","name":"La Sentinelle","description":"Quotidien national d&#039;information","publisher":{"@id":"https:\/\/lasentinelle.dz\/#organization"},"potentialAction":[{"@type":"SearchAction","target":{"@type":"EntryPoint","urlTemplate":"https:\/\/lasentinelle.dz\/?s={search_term_string}"},"query-input":{"@type":"PropertyValueSpecification","valueRequired":true,"valueName":"search_term_string"}}],"inLanguage":"fr-FR"},{"@type":"Organization","@id":"https:\/\/lasentinelle.dz\/#organization","name":"Quotidien La Sentinelle","url":"https:\/\/lasentinelle.dz\/","logo":{"@type":"ImageObject","inLanguage":"fr-FR","@id":"https:\/\/lasentinelle.dz\/#\/schema\/logo\/image\/","url":"https:\/\/lasentinelle.dz\/wp-content\/uploads\/2021\/09\/logo-sentinelleSLOGAN-1.png","contentUrl":"https:\/\/lasentinelle.dz\/wp-content\/uploads\/2021\/09\/logo-sentinelleSLOGAN-1.png","width":615,"height":142,"caption":"Quotidien La Sentinelle"},"image":{"@id":"https:\/\/lasentinelle.dz\/#\/schema\/logo\/image\/"},"sameAs":["https:\/\/www.facebook.com\/La-Sentinelle-104059864394773"]},{"@type":"Person","@id":"https:\/\/lasentinelle.dz\/#\/schema\/person\/d865044e22e70a75174ce8bcad3acfb3","name":"La Sentinelle","image":{"@type":"ImageObject","inLanguage":"fr-FR","@id":"https:\/\/secure.gravatar.com\/avatar\/57de8e5d4b15d43fb361a71fbb36338450fe67865b528a43dd10ef7c51a20392?s=96&d=mm&r=g","url":"https:\/\/secure.gravatar.com\/avatar\/57de8e5d4b15d43fb361a71fbb36338450fe67865b528a43dd10ef7c51a20392?s=96&d=mm&r=g","contentUrl":"https:\/\/secure.gravatar.com\/avatar\/57de8e5d4b15d43fb361a71fbb36338450fe67865b528a43dd10ef7c51a20392?s=96&d=mm&r=g","caption":"La Sentinelle"},"sameAs":["http:\/\/www.lasentinelle.dz"],"url":"https:\/\/lasentinelle.dz\/author\/redaction\/"}]}},"_links":{"self":[{"href":"https:\/\/lasentinelle.dz\/index.php\/wp-json\/wp\/v2\/posts\/14022","targetHints":{"allow":["GET"]}}],"collection":[{"href":"https:\/\/lasentinelle.dz\/index.php\/wp-json\/wp\/v2\/posts"}],"about":[{"href":"https:\/\/lasentinelle.dz\/index.php\/wp-json\/wp\/v2\/types\/post"}],"author":[{"embeddable":true,"href":"https:\/\/lasentinelle.dz\/index.php\/wp-json\/wp\/v2\/users\/3"}],"replies":[{"embeddable":true,"href":"https:\/\/lasentinelle.dz\/index.php\/wp-json\/wp\/v2\/comments?post=14022"}],"version-history":[{"count":1,"href":"https:\/\/lasentinelle.dz\/index.php\/wp-json\/wp\/v2\/posts\/14022\/revisions"}],"predecessor-version":[{"id":14027,"href":"https:\/\/lasentinelle.dz\/index.php\/wp-json\/wp\/v2\/posts\/14022\/revisions\/14027"}],"wp:featuredmedia":[{"embeddable":true,"href":"https:\/\/lasentinelle.dz\/index.php\/wp-json\/wp\/v2\/media\/14026"}],"wp:attachment":[{"href":"https:\/\/lasentinelle.dz\/index.php\/wp-json\/wp\/v2\/media?parent=14022"}],"wp:term":[{"taxonomy":"category","embeddable":true,"href":"https:\/\/lasentinelle.dz\/index.php\/wp-json\/wp\/v2\/categories?post=14022"},{"taxonomy":"post_tag","embeddable":true,"href":"https:\/\/lasentinelle.dz\/index.php\/wp-json\/wp\/v2\/tags?post=14022"}],"curies":[{"name":"wp","href":"https:\/\/api.w.org\/{rel}","templated":true}]}}