{"id":14063,"date":"2021-11-27T00:05:00","date_gmt":"2021-11-26T23:05:00","guid":{"rendered":"https:\/\/lasentinelle.dz\/?p=14063"},"modified":"2021-11-26T19:32:32","modified_gmt":"2021-11-26T18:32:32","slug":"une-inspection-generale-sera-creee-a-la-presidence-de-la-republique-laction-des-institutions-sous-la-loupe","status":"publish","type":"post","link":"https:\/\/lasentinelle.dz\/index.php\/2021\/11\/27\/une-inspection-generale-sera-creee-a-la-presidence-de-la-republique-laction-des-institutions-sous-la-loupe\/","title":{"rendered":"Une Inspection g\u00e9n\u00e9rale sera cr\u00e9\u00e9e \u00e0 la pr\u00e9sidence de la R\u00e9publique : L\u2019action des institutions sous la loupe"},"content":{"rendered":"\n<p><\/p>\n\n\n\n<p>Le pr\u00e9sident de la R\u00e9publique, Abdelmadjid Tebboune, a indiqu\u00e9 hier soir que les nouvelles assembl\u00e9es locales, qui seront \u00e9lues aujourd\u2019hui, auront de plus larges pr\u00e9rogatives. C\u2019est lors de la rencontre traditionnelle avec les repr\u00e9sentants de la presse nationale que le Pr\u00e9sident Tebboune a annonc\u00e9 un changement radical dans le Code des communes et le Code de wilaya. Il a ainsi expliqu\u00e9 que le nouveau texte attribuera de plus larges pr\u00e9rogatives aux \u00e9lus. Le pr\u00e9sident de la R\u00e9publique estime, cependant, qu\u2019il ne sert \u00e0 rien aux \u00e9lus de disposer de plus larges pr\u00e9rogatives si les assembl\u00e9es locales ne disposent pas des ressources suffisantes pour le financement des programmes de d\u00e9veloppement. C\u2019est en ce sens qu\u2019il a \u00e9galement annonc\u00e9 une refonte de la fiscalit\u00e9 locale \u00e0 travers la r\u00e9vision de la l\u00e9gislation relatives aux imp\u00f4ts.\u00a0 Abdelmadjid Tebboune reviendra \u00e9galement sur l\u2019adoption de la loi de finances 2022, notamment sur la question de la r\u00e9vision du syst\u00e8me des subventions, affirmant que le caract\u00e8re social de l\u2019\u00c9tat alg\u00e9rien est pr\u00e9serv\u00e9 et est immuable. Il \u00e9voquera \u00e9galement les attaques et les tentatives de d\u00e9stabilisation qui ciblent l\u2019Alg\u00e9rie en affirmant que certains acteurs internes ont d\u00e9di\u00e9 leurs sites \u00e9lectroniques \u00e0 cette d\u00e9stabilisation. Enfin sur un autre registre, le Pr\u00e9sident Tebboune a annonc\u00e9 la cr\u00e9ation d\u2019une Inspection g\u00e9n\u00e9rale au sein de la Pr\u00e9sidence de la R\u00e9publique qui aura la charge de contr\u00f4ler l\u2019action des institutions de la R\u00e9publique et de leurs responsables. Il indiquera dans ce sens que cette action de contr\u00f4le a toujours \u00e9t\u00e9 au centre de ses pr\u00e9occupations. Il rappellera avoir cr\u00e9\u00e9 une structure similaire au Premier minist\u00e8re, et que c\u2019est cela m\u00eame qui a conduit \u00e0 son \u00e9viction du poste de Premier ministre en 2017.<\/p>\n\n\n\n<p><strong>Chokri Hafed<\/strong><\/p>\n","protected":false},"excerpt":{"rendered":"<p>Le pr\u00e9sident de la R\u00e9publique, Abdelmadjid Tebboune, a indiqu\u00e9 hier soir que les nouvelles assembl\u00e9es locales, qui seront \u00e9lues aujourd\u2019hui,<\/p>\n","protected":false},"author":3,"featured_media":14064,"comment_status":"open","ping_status":"closed","sticky":false,"template":"","format":"standard","meta":{"colormag_page_container_layout":"default_layout","colormag_page_sidebar_layout":"default_layout","om_disable_all_campaigns":false,"_monsterinsights_skip_tracking":false,"_monsterinsights_sitenote_active":false,"_monsterinsights_sitenote_note":"","_monsterinsights_sitenote_category":0,"footnotes":"","_wpscppro_dont_share_socialmedia":false,"_wpscppro_custom_social_share_image":0,"_facebook_share_type":"","_twitter_share_type":"","_linkedin_share_type":"","_pinterest_share_type":"","_linkedin_share_type_page":"","_instagram_share_type":"","_medium_share_type":"","_threads_share_type":"","_google_business_share_type":"","_selected_social_profile":[],"_wpsp_enable_custom_social_template":false,"_wpsp_social_scheduling":{"enabled":false,"datetime":null,"platforms":[],"status":"template_only","dateOption":"today","timeOption":"now","customDays":"","customHours":"","customDate":"","customTime":"","schedulingType":"absolute"},"_wpsp_active_default_template":true},"categories":[52,27],"tags":[],"class_list":["post-14063","post","type-post","status-publish","format-standard","has-post-thumbnail","hentry","category-a-la-une","category-actualite"],"aioseo_notices":[],"yoast_head":"<!-- This site is optimized with the Yoast SEO plugin v27.5 - https:\/\/yoast.com\/product\/yoast-seo-wordpress\/ -->\n<title>Une Inspection g\u00e9n\u00e9rale sera cr\u00e9\u00e9e \u00e0 la pr\u00e9sidence de la R\u00e9publique : L\u2019action des institutions sous la loupe - La Sentinelle<\/title>\n<meta name=\"robots\" content=\"index, follow, max-snippet:-1, max-image-preview:large, max-video-preview:-1\" \/>\n<link rel=\"canonical\" href=\"https:\/\/lasentinelle.dz\/index.php\/2021\/11\/27\/une-inspection-generale-sera-creee-a-la-presidence-de-la-republique-laction-des-institutions-sous-la-loupe\/\" \/>\n<meta property=\"og:locale\" content=\"fr_FR\" \/>\n<meta property=\"og:type\" content=\"article\" \/>\n<meta property=\"og:title\" content=\"Une Inspection g\u00e9n\u00e9rale sera cr\u00e9\u00e9e \u00e0 la pr\u00e9sidence de la R\u00e9publique : L\u2019action des institutions sous la loupe - La Sentinelle\" \/>\n<meta property=\"og:description\" content=\"Le pr\u00e9sident de la R\u00e9publique, Abdelmadjid Tebboune, a indiqu\u00e9 hier soir que les nouvelles assembl\u00e9es locales, qui seront \u00e9lues aujourd\u2019hui,\" \/>\n<meta property=\"og:url\" content=\"https:\/\/lasentinelle.dz\/index.php\/2021\/11\/27\/une-inspection-generale-sera-creee-a-la-presidence-de-la-republique-laction-des-institutions-sous-la-loupe\/\" \/>\n<meta property=\"og:site_name\" content=\"La Sentinelle\" \/>\n<meta property=\"article:publisher\" content=\"https:\/\/www.facebook.com\/La-Sentinelle-104059864394773\" \/>\n<meta property=\"article:published_time\" content=\"2021-11-26T23:05:00+00:00\" \/>\n<meta property=\"og:image\" content=\"https:\/\/lasentinelle.dz\/wp-content\/uploads\/2021\/11\/presidence-republique-alger-1024x557.png\" \/>\n\t<meta property=\"og:image:width\" content=\"1024\" \/>\n\t<meta property=\"og:image:height\" content=\"557\" \/>\n\t<meta property=\"og:image:type\" content=\"image\/png\" \/>\n<meta name=\"author\" content=\"La Sentinelle\" \/>\n<meta name=\"twitter:card\" content=\"summary_large_image\" \/>\n<meta name=\"twitter:label1\" content=\"\u00c9crit par\" \/>\n\t<meta name=\"twitter:data1\" content=\"La Sentinelle\" \/>\n\t<meta name=\"twitter:label2\" content=\"Dur\u00e9e de lecture estim\u00e9e\" \/>\n\t<meta name=\"twitter:data2\" content=\"2 minutes\" \/>\n<script type=\"application\/ld+json\" class=\"yoast-schema-graph\">{\"@context\":\"https:\\\/\\\/schema.org\",\"@graph\":[{\"@type\":\"Article\",\"@id\":\"https:\\\/\\\/lasentinelle.dz\\\/index.php\\\/2021\\\/11\\\/27\\\/une-inspection-generale-sera-creee-a-la-presidence-de-la-republique-laction-des-institutions-sous-la-loupe\\\/#article\",\"isPartOf\":{\"@id\":\"https:\\\/\\\/lasentinelle.dz\\\/index.php\\\/2021\\\/11\\\/27\\\/une-inspection-generale-sera-creee-a-la-presidence-de-la-republique-laction-des-institutions-sous-la-loupe\\\/\"},\"author\":{\"name\":\"La Sentinelle\",\"@id\":\"https:\\\/\\\/lasentinelle.dz\\\/#\\\/schema\\\/person\\\/d865044e22e70a75174ce8bcad3acfb3\"},\"headline\":\"Une Inspection g\u00e9n\u00e9rale sera cr\u00e9\u00e9e \u00e0 la pr\u00e9sidence de la R\u00e9publique : L\u2019action des institutions sous la loupe\",\"datePublished\":\"2021-11-26T23:05:00+00:00\",\"mainEntityOfPage\":{\"@id\":\"https:\\\/\\\/lasentinelle.dz\\\/index.php\\\/2021\\\/11\\\/27\\\/une-inspection-generale-sera-creee-a-la-presidence-de-la-republique-laction-des-institutions-sous-la-loupe\\\/\"},\"wordCount\":346,\"commentCount\":0,\"publisher\":{\"@id\":\"https:\\\/\\\/lasentinelle.dz\\\/#organization\"},\"image\":{\"@id\":\"https:\\\/\\\/lasentinelle.dz\\\/index.php\\\/2021\\\/11\\\/27\\\/une-inspection-generale-sera-creee-a-la-presidence-de-la-republique-laction-des-institutions-sous-la-loupe\\\/#primaryimage\"},\"thumbnailUrl\":\"https:\\\/\\\/lasentinelle.dz\\\/wp-content\\\/uploads\\\/2021\\\/11\\\/presidence-republique-alger.png\",\"articleSection\":[\"\u00c0 la Une\",\"Actualit\u00e9\"],\"inLanguage\":\"fr-FR\",\"potentialAction\":[{\"@type\":\"CommentAction\",\"name\":\"Comment\",\"target\":[\"https:\\\/\\\/lasentinelle.dz\\\/index.php\\\/2021\\\/11\\\/27\\\/une-inspection-generale-sera-creee-a-la-presidence-de-la-republique-laction-des-institutions-sous-la-loupe\\\/#respond\"]}]},{\"@type\":\"WebPage\",\"@id\":\"https:\\\/\\\/lasentinelle.dz\\\/index.php\\\/2021\\\/11\\\/27\\\/une-inspection-generale-sera-creee-a-la-presidence-de-la-republique-laction-des-institutions-sous-la-loupe\\\/\",\"url\":\"https:\\\/\\\/lasentinelle.dz\\\/index.php\\\/2021\\\/11\\\/27\\\/une-inspection-generale-sera-creee-a-la-presidence-de-la-republique-laction-des-institutions-sous-la-loupe\\\/\",\"name\":\"Une Inspection g\u00e9n\u00e9rale sera cr\u00e9\u00e9e \u00e0 la pr\u00e9sidence de la R\u00e9publique : L\u2019action des institutions sous la loupe - La Sentinelle\",\"isPartOf\":{\"@id\":\"https:\\\/\\\/lasentinelle.dz\\\/#website\"},\"primaryImageOfPage\":{\"@id\":\"https:\\\/\\\/lasentinelle.dz\\\/index.php\\\/2021\\\/11\\\/27\\\/une-inspection-generale-sera-creee-a-la-presidence-de-la-republique-laction-des-institutions-sous-la-loupe\\\/#primaryimage\"},\"image\":{\"@id\":\"https:\\\/\\\/lasentinelle.dz\\\/index.php\\\/2021\\\/11\\\/27\\\/une-inspection-generale-sera-creee-a-la-presidence-de-la-republique-laction-des-institutions-sous-la-loupe\\\/#primaryimage\"},\"thumbnailUrl\":\"https:\\\/\\\/lasentinelle.dz\\\/wp-content\\\/uploads\\\/2021\\\/11\\\/presidence-republique-alger.png\",\"datePublished\":\"2021-11-26T23:05:00+00:00\",\"breadcrumb\":{\"@id\":\"https:\\\/\\\/lasentinelle.dz\\\/index.php\\\/2021\\\/11\\\/27\\\/une-inspection-generale-sera-creee-a-la-presidence-de-la-republique-laction-des-institutions-sous-la-loupe\\\/#breadcrumb\"},\"inLanguage\":\"fr-FR\",\"potentialAction\":[{\"@type\":\"ReadAction\",\"target\":[\"https:\\\/\\\/lasentinelle.dz\\\/index.php\\\/2021\\\/11\\\/27\\\/une-inspection-generale-sera-creee-a-la-presidence-de-la-republique-laction-des-institutions-sous-la-loupe\\\/\"]}]},{\"@type\":\"ImageObject\",\"inLanguage\":\"fr-FR\",\"@id\":\"https:\\\/\\\/lasentinelle.dz\\\/index.php\\\/2021\\\/11\\\/27\\\/une-inspection-generale-sera-creee-a-la-presidence-de-la-republique-laction-des-institutions-sous-la-loupe\\\/#primaryimage\",\"url\":\"https:\\\/\\\/lasentinelle.dz\\\/wp-content\\\/uploads\\\/2021\\\/11\\\/presidence-republique-alger.png\",\"contentUrl\":\"https:\\\/\\\/lasentinelle.dz\\\/wp-content\\\/uploads\\\/2021\\\/11\\\/presidence-republique-alger.png\",\"width\":1656,\"height\":900},{\"@type\":\"BreadcrumbList\",\"@id\":\"https:\\\/\\\/lasentinelle.dz\\\/index.php\\\/2021\\\/11\\\/27\\\/une-inspection-generale-sera-creee-a-la-presidence-de-la-republique-laction-des-institutions-sous-la-loupe\\\/#breadcrumb\",\"itemListElement\":[{\"@type\":\"ListItem\",\"position\":1,\"name\":\"Accueil\",\"item\":\"https:\\\/\\\/lasentinelle.dz\\\/\"},{\"@type\":\"ListItem\",\"position\":2,\"name\":\"Une Inspection g\u00e9n\u00e9rale sera cr\u00e9\u00e9e \u00e0 la pr\u00e9sidence de la R\u00e9publique : L\u2019action des institutions sous la loupe\"}]},{\"@type\":\"WebSite\",\"@id\":\"https:\\\/\\\/lasentinelle.dz\\\/#website\",\"url\":\"https:\\\/\\\/lasentinelle.dz\\\/\",\"name\":\"La Sentinelle\",\"description\":\"Quotidien national d&#039;information\",\"publisher\":{\"@id\":\"https:\\\/\\\/lasentinelle.dz\\\/#organization\"},\"potentialAction\":[{\"@type\":\"SearchAction\",\"target\":{\"@type\":\"EntryPoint\",\"urlTemplate\":\"https:\\\/\\\/lasentinelle.dz\\\/?s={search_term_string}\"},\"query-input\":{\"@type\":\"PropertyValueSpecification\",\"valueRequired\":true,\"valueName\":\"search_term_string\"}}],\"inLanguage\":\"fr-FR\"},{\"@type\":\"Organization\",\"@id\":\"https:\\\/\\\/lasentinelle.dz\\\/#organization\",\"name\":\"Quotidien La Sentinelle\",\"url\":\"https:\\\/\\\/lasentinelle.dz\\\/\",\"logo\":{\"@type\":\"ImageObject\",\"inLanguage\":\"fr-FR\",\"@id\":\"https:\\\/\\\/lasentinelle.dz\\\/#\\\/schema\\\/logo\\\/image\\\/\",\"url\":\"https:\\\/\\\/lasentinelle.dz\\\/wp-content\\\/uploads\\\/2021\\\/09\\\/logo-sentinelleSLOGAN-1.png\",\"contentUrl\":\"https:\\\/\\\/lasentinelle.dz\\\/wp-content\\\/uploads\\\/2021\\\/09\\\/logo-sentinelleSLOGAN-1.png\",\"width\":615,\"height\":142,\"caption\":\"Quotidien La Sentinelle\"},\"image\":{\"@id\":\"https:\\\/\\\/lasentinelle.dz\\\/#\\\/schema\\\/logo\\\/image\\\/\"},\"sameAs\":[\"https:\\\/\\\/www.facebook.com\\\/La-Sentinelle-104059864394773\"]},{\"@type\":\"Person\",\"@id\":\"https:\\\/\\\/lasentinelle.dz\\\/#\\\/schema\\\/person\\\/d865044e22e70a75174ce8bcad3acfb3\",\"name\":\"La Sentinelle\",\"image\":{\"@type\":\"ImageObject\",\"inLanguage\":\"fr-FR\",\"@id\":\"https:\\\/\\\/secure.gravatar.com\\\/avatar\\\/57de8e5d4b15d43fb361a71fbb36338450fe67865b528a43dd10ef7c51a20392?s=96&d=mm&r=g\",\"url\":\"https:\\\/\\\/secure.gravatar.com\\\/avatar\\\/57de8e5d4b15d43fb361a71fbb36338450fe67865b528a43dd10ef7c51a20392?s=96&d=mm&r=g\",\"contentUrl\":\"https:\\\/\\\/secure.gravatar.com\\\/avatar\\\/57de8e5d4b15d43fb361a71fbb36338450fe67865b528a43dd10ef7c51a20392?s=96&d=mm&r=g\",\"caption\":\"La Sentinelle\"},\"sameAs\":[\"http:\\\/\\\/www.lasentinelle.dz\"],\"url\":\"https:\\\/\\\/lasentinelle.dz\\\/author\\\/redaction\\\/\"}]}<\/script>\n<!-- \/ Yoast SEO plugin. -->","yoast_head_json":{"title":"Une Inspection g\u00e9n\u00e9rale sera cr\u00e9\u00e9e \u00e0 la pr\u00e9sidence de la R\u00e9publique : L\u2019action des institutions sous la loupe - La Sentinelle","robots":{"index":"index","follow":"follow","max-snippet":"max-snippet:-1","max-image-preview":"max-image-preview:large","max-video-preview":"max-video-preview:-1"},"canonical":"https:\/\/lasentinelle.dz\/index.php\/2021\/11\/27\/une-inspection-generale-sera-creee-a-la-presidence-de-la-republique-laction-des-institutions-sous-la-loupe\/","og_locale":"fr_FR","og_type":"article","og_title":"Une Inspection g\u00e9n\u00e9rale sera cr\u00e9\u00e9e \u00e0 la pr\u00e9sidence de la R\u00e9publique : L\u2019action des institutions sous la loupe - La Sentinelle","og_description":"Le pr\u00e9sident de la R\u00e9publique, Abdelmadjid Tebboune, a indiqu\u00e9 hier soir que les nouvelles assembl\u00e9es locales, qui seront \u00e9lues aujourd\u2019hui,","og_url":"https:\/\/lasentinelle.dz\/index.php\/2021\/11\/27\/une-inspection-generale-sera-creee-a-la-presidence-de-la-republique-laction-des-institutions-sous-la-loupe\/","og_site_name":"La Sentinelle","article_publisher":"https:\/\/www.facebook.com\/La-Sentinelle-104059864394773","article_published_time":"2021-11-26T23:05:00+00:00","og_image":[{"width":1024,"height":557,"url":"https:\/\/lasentinelle.dz\/wp-content\/uploads\/2021\/11\/presidence-republique-alger-1024x557.png","type":"image\/png"}],"author":"La Sentinelle","twitter_card":"summary_large_image","twitter_misc":{"\u00c9crit par":"La Sentinelle","Dur\u00e9e de lecture estim\u00e9e":"2 minutes"},"schema":{"@context":"https:\/\/schema.org","@graph":[{"@type":"Article","@id":"https:\/\/lasentinelle.dz\/index.php\/2021\/11\/27\/une-inspection-generale-sera-creee-a-la-presidence-de-la-republique-laction-des-institutions-sous-la-loupe\/#article","isPartOf":{"@id":"https:\/\/lasentinelle.dz\/index.php\/2021\/11\/27\/une-inspection-generale-sera-creee-a-la-presidence-de-la-republique-laction-des-institutions-sous-la-loupe\/"},"author":{"name":"La Sentinelle","@id":"https:\/\/lasentinelle.dz\/#\/schema\/person\/d865044e22e70a75174ce8bcad3acfb3"},"headline":"Une Inspection g\u00e9n\u00e9rale sera cr\u00e9\u00e9e \u00e0 la pr\u00e9sidence de la R\u00e9publique : L\u2019action des institutions sous la loupe","datePublished":"2021-11-26T23:05:00+00:00","mainEntityOfPage":{"@id":"https:\/\/lasentinelle.dz\/index.php\/2021\/11\/27\/une-inspection-generale-sera-creee-a-la-presidence-de-la-republique-laction-des-institutions-sous-la-loupe\/"},"wordCount":346,"commentCount":0,"publisher":{"@id":"https:\/\/lasentinelle.dz\/#organization"},"image":{"@id":"https:\/\/lasentinelle.dz\/index.php\/2021\/11\/27\/une-inspection-generale-sera-creee-a-la-presidence-de-la-republique-laction-des-institutions-sous-la-loupe\/#primaryimage"},"thumbnailUrl":"https:\/\/lasentinelle.dz\/wp-content\/uploads\/2021\/11\/presidence-republique-alger.png","articleSection":["\u00c0 la Une","Actualit\u00e9"],"inLanguage":"fr-FR","potentialAction":[{"@type":"CommentAction","name":"Comment","target":["https:\/\/lasentinelle.dz\/index.php\/2021\/11\/27\/une-inspection-generale-sera-creee-a-la-presidence-de-la-republique-laction-des-institutions-sous-la-loupe\/#respond"]}]},{"@type":"WebPage","@id":"https:\/\/lasentinelle.dz\/index.php\/2021\/11\/27\/une-inspection-generale-sera-creee-a-la-presidence-de-la-republique-laction-des-institutions-sous-la-loupe\/","url":"https:\/\/lasentinelle.dz\/index.php\/2021\/11\/27\/une-inspection-generale-sera-creee-a-la-presidence-de-la-republique-laction-des-institutions-sous-la-loupe\/","name":"Une Inspection g\u00e9n\u00e9rale sera cr\u00e9\u00e9e \u00e0 la pr\u00e9sidence de la R\u00e9publique : L\u2019action des institutions sous la loupe - La Sentinelle","isPartOf":{"@id":"https:\/\/lasentinelle.dz\/#website"},"primaryImageOfPage":{"@id":"https:\/\/lasentinelle.dz\/index.php\/2021\/11\/27\/une-inspection-generale-sera-creee-a-la-presidence-de-la-republique-laction-des-institutions-sous-la-loupe\/#primaryimage"},"image":{"@id":"https:\/\/lasentinelle.dz\/index.php\/2021\/11\/27\/une-inspection-generale-sera-creee-a-la-presidence-de-la-republique-laction-des-institutions-sous-la-loupe\/#primaryimage"},"thumbnailUrl":"https:\/\/lasentinelle.dz\/wp-content\/uploads\/2021\/11\/presidence-republique-alger.png","datePublished":"2021-11-26T23:05:00+00:00","breadcrumb":{"@id":"https:\/\/lasentinelle.dz\/index.php\/2021\/11\/27\/une-inspection-generale-sera-creee-a-la-presidence-de-la-republique-laction-des-institutions-sous-la-loupe\/#breadcrumb"},"inLanguage":"fr-FR","potentialAction":[{"@type":"ReadAction","target":["https:\/\/lasentinelle.dz\/index.php\/2021\/11\/27\/une-inspection-generale-sera-creee-a-la-presidence-de-la-republique-laction-des-institutions-sous-la-loupe\/"]}]},{"@type":"ImageObject","inLanguage":"fr-FR","@id":"https:\/\/lasentinelle.dz\/index.php\/2021\/11\/27\/une-inspection-generale-sera-creee-a-la-presidence-de-la-republique-laction-des-institutions-sous-la-loupe\/#primaryimage","url":"https:\/\/lasentinelle.dz\/wp-content\/uploads\/2021\/11\/presidence-republique-alger.png","contentUrl":"https:\/\/lasentinelle.dz\/wp-content\/uploads\/2021\/11\/presidence-republique-alger.png","width":1656,"height":900},{"@type":"BreadcrumbList","@id":"https:\/\/lasentinelle.dz\/index.php\/2021\/11\/27\/une-inspection-generale-sera-creee-a-la-presidence-de-la-republique-laction-des-institutions-sous-la-loupe\/#breadcrumb","itemListElement":[{"@type":"ListItem","position":1,"name":"Accueil","item":"https:\/\/lasentinelle.dz\/"},{"@type":"ListItem","position":2,"name":"Une Inspection g\u00e9n\u00e9rale sera cr\u00e9\u00e9e \u00e0 la pr\u00e9sidence de la R\u00e9publique : L\u2019action des institutions sous la loupe"}]},{"@type":"WebSite","@id":"https:\/\/lasentinelle.dz\/#website","url":"https:\/\/lasentinelle.dz\/","name":"La Sentinelle","description":"Quotidien national d&#039;information","publisher":{"@id":"https:\/\/lasentinelle.dz\/#organization"},"potentialAction":[{"@type":"SearchAction","target":{"@type":"EntryPoint","urlTemplate":"https:\/\/lasentinelle.dz\/?s={search_term_string}"},"query-input":{"@type":"PropertyValueSpecification","valueRequired":true,"valueName":"search_term_string"}}],"inLanguage":"fr-FR"},{"@type":"Organization","@id":"https:\/\/lasentinelle.dz\/#organization","name":"Quotidien La Sentinelle","url":"https:\/\/lasentinelle.dz\/","logo":{"@type":"ImageObject","inLanguage":"fr-FR","@id":"https:\/\/lasentinelle.dz\/#\/schema\/logo\/image\/","url":"https:\/\/lasentinelle.dz\/wp-content\/uploads\/2021\/09\/logo-sentinelleSLOGAN-1.png","contentUrl":"https:\/\/lasentinelle.dz\/wp-content\/uploads\/2021\/09\/logo-sentinelleSLOGAN-1.png","width":615,"height":142,"caption":"Quotidien La Sentinelle"},"image":{"@id":"https:\/\/lasentinelle.dz\/#\/schema\/logo\/image\/"},"sameAs":["https:\/\/www.facebook.com\/La-Sentinelle-104059864394773"]},{"@type":"Person","@id":"https:\/\/lasentinelle.dz\/#\/schema\/person\/d865044e22e70a75174ce8bcad3acfb3","name":"La Sentinelle","image":{"@type":"ImageObject","inLanguage":"fr-FR","@id":"https:\/\/secure.gravatar.com\/avatar\/57de8e5d4b15d43fb361a71fbb36338450fe67865b528a43dd10ef7c51a20392?s=96&d=mm&r=g","url":"https:\/\/secure.gravatar.com\/avatar\/57de8e5d4b15d43fb361a71fbb36338450fe67865b528a43dd10ef7c51a20392?s=96&d=mm&r=g","contentUrl":"https:\/\/secure.gravatar.com\/avatar\/57de8e5d4b15d43fb361a71fbb36338450fe67865b528a43dd10ef7c51a20392?s=96&d=mm&r=g","caption":"La Sentinelle"},"sameAs":["http:\/\/www.lasentinelle.dz"],"url":"https:\/\/lasentinelle.dz\/author\/redaction\/"}]}},"_links":{"self":[{"href":"https:\/\/lasentinelle.dz\/index.php\/wp-json\/wp\/v2\/posts\/14063","targetHints":{"allow":["GET"]}}],"collection":[{"href":"https:\/\/lasentinelle.dz\/index.php\/wp-json\/wp\/v2\/posts"}],"about":[{"href":"https:\/\/lasentinelle.dz\/index.php\/wp-json\/wp\/v2\/types\/post"}],"author":[{"embeddable":true,"href":"https:\/\/lasentinelle.dz\/index.php\/wp-json\/wp\/v2\/users\/3"}],"replies":[{"embeddable":true,"href":"https:\/\/lasentinelle.dz\/index.php\/wp-json\/wp\/v2\/comments?post=14063"}],"version-history":[{"count":1,"href":"https:\/\/lasentinelle.dz\/index.php\/wp-json\/wp\/v2\/posts\/14063\/revisions"}],"predecessor-version":[{"id":14065,"href":"https:\/\/lasentinelle.dz\/index.php\/wp-json\/wp\/v2\/posts\/14063\/revisions\/14065"}],"wp:featuredmedia":[{"embeddable":true,"href":"https:\/\/lasentinelle.dz\/index.php\/wp-json\/wp\/v2\/media\/14064"}],"wp:attachment":[{"href":"https:\/\/lasentinelle.dz\/index.php\/wp-json\/wp\/v2\/media?parent=14063"}],"wp:term":[{"taxonomy":"category","embeddable":true,"href":"https:\/\/lasentinelle.dz\/index.php\/wp-json\/wp\/v2\/categories?post=14063"},{"taxonomy":"post_tag","embeddable":true,"href":"https:\/\/lasentinelle.dz\/index.php\/wp-json\/wp\/v2\/tags?post=14063"}],"curies":[{"name":"wp","href":"https:\/\/api.w.org\/{rel}","templated":true}]}}