{"id":14082,"date":"2021-11-28T00:05:00","date_gmt":"2021-11-27T23:05:00","guid":{"rendered":"https:\/\/lasentinelle.dz\/?p=14082"},"modified":"2021-11-27T20:35:08","modified_gmt":"2021-11-27T19:35:08","slug":"variant-omicron-linstitut-pasteur-dalgerie-appelle-a-une-vaccination-massive","status":"publish","type":"post","link":"https:\/\/lasentinelle.dz\/index.php\/2021\/11\/28\/variant-omicron-linstitut-pasteur-dalgerie-appelle-a-une-vaccination-massive\/","title":{"rendered":"Variant Omicron : L\u2019institut Pasteur d\u2019Alg\u00e9rie appelle \u00e0 une vaccination massive"},"content":{"rendered":"\n<p>L\u2019apparition d\u2019un nouveau variant du coronavirus en Afrique du Sud suscite de s\u00e9rieuses inqui\u00e9tudes dans les milieux scientifiques. L\u2019Organisation mondiale de la sant\u00e9 qui s\u2019est pench\u00e9e sur les caract\u00e9ristiques de ce nouveau variant a d\u00e9cid\u00e9 de le baptiser Omicron. L\u2019Institut Pasteur d\u2019Alg\u00e9rie qui a publi\u00e9 vendredi soir une note explicative sur ce nouveau variant appelle les Alg\u00e9riens \u00e0 se faire vacciner en masse afin d\u2019\u00e9viter les complications inh\u00e9rentes au variant Delta en circulation en Alg\u00e9rie, et les autres variants du coronavirus, Omicon en t\u00eate. En effet dans un communiqu\u00e9 publi\u00e9 sur sa page Facebook officielle, l\u2019IPA explique que le variant B.1.1.529 a \u00e9t\u00e9 signal\u00e9 pour la premi\u00e8re fois \u00e0 l&rsquo;OMS par l&rsquo;Afrique du Sud le 24 novembre 2021.&nbsp;&nbsp;La situation \u00e9pid\u00e9miologique en Afrique du Sud s&rsquo;est caract\u00e9ris\u00e9e par trois pics distincts de cas signal\u00e9s, dont le dernier concernait principalement le variant Delta. Ces derni\u00e8res semaines, les infections ont connu une forte augmentation, co\u00efncidant avec la d\u00e9tection du variant B.1.1.529.&nbsp;&nbsp;\u00ab&nbsp;Ce variant pr\u00e9sente un grand nombre de mutations, dont certaines sont pr\u00e9occupantes (plus de 30 mutations concomitantes) dont certaines affectant des sites de liaisons au r\u00e9cepteur ACE2&nbsp;\u00bb, pr\u00e9cise l\u2019IPA qui ajoute que les donn\u00e9es pr\u00e9liminaires sugg\u00e8rent un risque accru de r\u00e9infection avec ce variant, par rapport aux autres variants pr\u00e9occupants.&nbsp;&nbsp;Le nombre de cas semble augmenter dans presque toutes les provinces d&rsquo;Afrique du Sud. Les diagnostics PCR actuels du SRAS-CoV-2 continuent de d\u00e9tecter cette variante. Plusieurs laboratoires ont indiqu\u00e9 que pour un test PCR largement utilis\u00e9, l&rsquo;un des trois g\u00e8nes cibles n&rsquo;est pas d\u00e9tect\u00e9 (appel\u00e9 S gene dropout ou S gene target failure) et ce test peut donc \u00eatre utilis\u00e9 comme marqueur de cette variante, en attendant la confirmation par s\u00e9quen\u00e7age.&nbsp;&nbsp;Il a \u00e9t\u00e9 d\u00e9tect\u00e9 \u00e9galement au Malawi, au Botswana, en Belgique et \u00e0 Hong Kong.&nbsp;&nbsp;Sur la base des preuves pr\u00e9sent\u00e9es indiquant un changement pr\u00e9judiciable dans l&rsquo;\u00e9pid\u00e9miologie du COVID-19, l&rsquo;OMS a proc\u00e9d\u00e9 \u00e0 la d\u00e9signation de ce nouveau variant B.1.1.529&nbsp;&nbsp;&nbsp;comme pr\u00e9occupant (V.O.C) et nomm\u00e9 Omicron.&nbsp;L\u2019Institut Pasteur d\u2019Alg\u00e9rie rappelle encore une fois, l\u2019urgence de l\u2019adh\u00e9sion \u00e0 la vaccination afin de contr\u00f4ler la circulation des virus et par l\u00e0 les variants ; plus le virus circule, plus la probabilit\u00e9 d\u2019apparition de variants est \u00e9lev\u00e9e.&nbsp;&nbsp;Les mesures barri\u00e8res (Port de masques de protection, distanciation physique et lavage fr\u00e9quent des mains)&nbsp;&nbsp;gardent toute leur importance face \u00e0 cette pand\u00e9mie.&nbsp;Notons que le&nbsp;scientifique britannique&nbsp;&nbsp;Andrew Pollard, directeur de l&rsquo;Oxford Vaccine Group, a estim\u00e9&nbsp;&nbsp;\u00ab\u00a0extr\u00eamement improbable\u00a0\u00bb que ce nouveau variant se propage fortement au sein de la population vaccin\u00e9e, \u00ab\u00a0comme nous l&rsquo;avons vu l&rsquo;ann\u00e9e derni\u00e8re\u00a0\u00bb avec le variant Delta.&nbsp;&nbsp;Il estime cependant que les vaccins actuels devraient fonctionner contre la nouvelle souche jug\u00e9e \u00ab\u00a0pr\u00e9occupante\u00a0\u00bb par l&rsquo;OMS, mais que cela ne serait certain que dans les semaines \u00e0 venir.&nbsp;<\/p>\n\n\n\n<p><strong>Chokri Hafed<\/strong><\/p>\n","protected":false},"excerpt":{"rendered":"<p>L\u2019apparition d\u2019un nouveau variant du coronavirus en Afrique du Sud suscite de s\u00e9rieuses inqui\u00e9tudes dans les milieux scientifiques. L\u2019Organisation mondiale<\/p>\n","protected":false},"author":3,"featured_media":14139,"comment_status":"open","ping_status":"closed","sticky":false,"template":"","format":"standard","meta":{"colormag_page_container_layout":"default_layout","colormag_page_sidebar_layout":"default_layout","om_disable_all_campaigns":false,"_monsterinsights_skip_tracking":false,"_monsterinsights_sitenote_active":false,"_monsterinsights_sitenote_note":"","_monsterinsights_sitenote_category":0,"footnotes":"","_wpscppro_dont_share_socialmedia":false,"_wpscppro_custom_social_share_image":0,"_facebook_share_type":"","_twitter_share_type":"","_linkedin_share_type":"","_pinterest_share_type":"","_linkedin_share_type_page":"","_instagram_share_type":"","_medium_share_type":"","_threads_share_type":"","_google_business_share_type":"","_selected_social_profile":[],"_wpsp_enable_custom_social_template":false,"_wpsp_social_scheduling":{"enabled":false,"datetime":null,"platforms":[],"status":"template_only","dateOption":"today","timeOption":"now","customDays":"","customHours":"","customDate":"","customTime":"","schedulingType":"absolute"},"_wpsp_active_default_template":true},"categories":[52,27],"tags":[],"class_list":["post-14082","post","type-post","status-publish","format-standard","has-post-thumbnail","hentry","category-a-la-une","category-actualite"],"aioseo_notices":[],"yoast_head":"<!-- This site is optimized with the Yoast SEO plugin v27.5 - https:\/\/yoast.com\/product\/yoast-seo-wordpress\/ -->\n<title>Variant Omicron : L\u2019institut Pasteur d\u2019Alg\u00e9rie appelle \u00e0 une vaccination massive - La Sentinelle<\/title>\n<meta name=\"robots\" content=\"index, follow, max-snippet:-1, max-image-preview:large, max-video-preview:-1\" \/>\n<link rel=\"canonical\" href=\"https:\/\/lasentinelle.dz\/index.php\/2021\/11\/28\/variant-omicron-linstitut-pasteur-dalgerie-appelle-a-une-vaccination-massive\/\" \/>\n<meta property=\"og:locale\" content=\"fr_FR\" \/>\n<meta property=\"og:type\" content=\"article\" \/>\n<meta property=\"og:title\" content=\"Variant Omicron : L\u2019institut Pasteur d\u2019Alg\u00e9rie appelle \u00e0 une vaccination massive - La Sentinelle\" \/>\n<meta property=\"og:description\" content=\"L\u2019apparition d\u2019un nouveau variant du coronavirus en Afrique du Sud suscite de s\u00e9rieuses inqui\u00e9tudes dans les milieux scientifiques. L\u2019Organisation mondiale\" \/>\n<meta property=\"og:url\" content=\"https:\/\/lasentinelle.dz\/index.php\/2021\/11\/28\/variant-omicron-linstitut-pasteur-dalgerie-appelle-a-une-vaccination-massive\/\" \/>\n<meta property=\"og:site_name\" content=\"La Sentinelle\" \/>\n<meta property=\"article:publisher\" content=\"https:\/\/www.facebook.com\/La-Sentinelle-104059864394773\" \/>\n<meta property=\"article:published_time\" content=\"2021-11-27T23:05:00+00:00\" \/>\n<meta property=\"og:image\" content=\"https:\/\/lasentinelle.dz\/wp-content\/uploads\/2021\/11\/DelyBrahimfront-1024x428.png\" \/>\n\t<meta property=\"og:image:width\" content=\"1024\" \/>\n\t<meta property=\"og:image:height\" content=\"428\" \/>\n\t<meta property=\"og:image:type\" content=\"image\/png\" \/>\n<meta name=\"author\" content=\"La Sentinelle\" \/>\n<meta name=\"twitter:card\" content=\"summary_large_image\" \/>\n<meta name=\"twitter:label1\" content=\"\u00c9crit par\" \/>\n\t<meta name=\"twitter:data1\" content=\"La Sentinelle\" \/>\n\t<meta name=\"twitter:label2\" content=\"Dur\u00e9e de lecture estim\u00e9e\" \/>\n\t<meta name=\"twitter:data2\" content=\"2 minutes\" \/>\n<script type=\"application\/ld+json\" class=\"yoast-schema-graph\">{\"@context\":\"https:\\\/\\\/schema.org\",\"@graph\":[{\"@type\":\"Article\",\"@id\":\"https:\\\/\\\/lasentinelle.dz\\\/index.php\\\/2021\\\/11\\\/28\\\/variant-omicron-linstitut-pasteur-dalgerie-appelle-a-une-vaccination-massive\\\/#article\",\"isPartOf\":{\"@id\":\"https:\\\/\\\/lasentinelle.dz\\\/index.php\\\/2021\\\/11\\\/28\\\/variant-omicron-linstitut-pasteur-dalgerie-appelle-a-une-vaccination-massive\\\/\"},\"author\":{\"name\":\"La Sentinelle\",\"@id\":\"https:\\\/\\\/lasentinelle.dz\\\/#\\\/schema\\\/person\\\/d865044e22e70a75174ce8bcad3acfb3\"},\"headline\":\"Variant Omicron : L\u2019institut Pasteur d\u2019Alg\u00e9rie appelle \u00e0 une vaccination massive\",\"datePublished\":\"2021-11-27T23:05:00+00:00\",\"mainEntityOfPage\":{\"@id\":\"https:\\\/\\\/lasentinelle.dz\\\/index.php\\\/2021\\\/11\\\/28\\\/variant-omicron-linstitut-pasteur-dalgerie-appelle-a-une-vaccination-massive\\\/\"},\"wordCount\":568,\"commentCount\":0,\"publisher\":{\"@id\":\"https:\\\/\\\/lasentinelle.dz\\\/#organization\"},\"image\":{\"@id\":\"https:\\\/\\\/lasentinelle.dz\\\/index.php\\\/2021\\\/11\\\/28\\\/variant-omicron-linstitut-pasteur-dalgerie-appelle-a-une-vaccination-massive\\\/#primaryimage\"},\"thumbnailUrl\":\"https:\\\/\\\/lasentinelle.dz\\\/wp-content\\\/uploads\\\/2021\\\/11\\\/DelyBrahimfront.png\",\"articleSection\":[\"\u00c0 la Une\",\"Actualit\u00e9\"],\"inLanguage\":\"fr-FR\",\"potentialAction\":[{\"@type\":\"CommentAction\",\"name\":\"Comment\",\"target\":[\"https:\\\/\\\/lasentinelle.dz\\\/index.php\\\/2021\\\/11\\\/28\\\/variant-omicron-linstitut-pasteur-dalgerie-appelle-a-une-vaccination-massive\\\/#respond\"]}]},{\"@type\":\"WebPage\",\"@id\":\"https:\\\/\\\/lasentinelle.dz\\\/index.php\\\/2021\\\/11\\\/28\\\/variant-omicron-linstitut-pasteur-dalgerie-appelle-a-une-vaccination-massive\\\/\",\"url\":\"https:\\\/\\\/lasentinelle.dz\\\/index.php\\\/2021\\\/11\\\/28\\\/variant-omicron-linstitut-pasteur-dalgerie-appelle-a-une-vaccination-massive\\\/\",\"name\":\"Variant Omicron : L\u2019institut Pasteur d\u2019Alg\u00e9rie appelle \u00e0 une vaccination massive - La Sentinelle\",\"isPartOf\":{\"@id\":\"https:\\\/\\\/lasentinelle.dz\\\/#website\"},\"primaryImageOfPage\":{\"@id\":\"https:\\\/\\\/lasentinelle.dz\\\/index.php\\\/2021\\\/11\\\/28\\\/variant-omicron-linstitut-pasteur-dalgerie-appelle-a-une-vaccination-massive\\\/#primaryimage\"},\"image\":{\"@id\":\"https:\\\/\\\/lasentinelle.dz\\\/index.php\\\/2021\\\/11\\\/28\\\/variant-omicron-linstitut-pasteur-dalgerie-appelle-a-une-vaccination-massive\\\/#primaryimage\"},\"thumbnailUrl\":\"https:\\\/\\\/lasentinelle.dz\\\/wp-content\\\/uploads\\\/2021\\\/11\\\/DelyBrahimfront.png\",\"datePublished\":\"2021-11-27T23:05:00+00:00\",\"breadcrumb\":{\"@id\":\"https:\\\/\\\/lasentinelle.dz\\\/index.php\\\/2021\\\/11\\\/28\\\/variant-omicron-linstitut-pasteur-dalgerie-appelle-a-une-vaccination-massive\\\/#breadcrumb\"},\"inLanguage\":\"fr-FR\",\"potentialAction\":[{\"@type\":\"ReadAction\",\"target\":[\"https:\\\/\\\/lasentinelle.dz\\\/index.php\\\/2021\\\/11\\\/28\\\/variant-omicron-linstitut-pasteur-dalgerie-appelle-a-une-vaccination-massive\\\/\"]}]},{\"@type\":\"ImageObject\",\"inLanguage\":\"fr-FR\",\"@id\":\"https:\\\/\\\/lasentinelle.dz\\\/index.php\\\/2021\\\/11\\\/28\\\/variant-omicron-linstitut-pasteur-dalgerie-appelle-a-une-vaccination-massive\\\/#primaryimage\",\"url\":\"https:\\\/\\\/lasentinelle.dz\\\/wp-content\\\/uploads\\\/2021\\\/11\\\/DelyBrahimfront.png\",\"contentUrl\":\"https:\\\/\\\/lasentinelle.dz\\\/wp-content\\\/uploads\\\/2021\\\/11\\\/DelyBrahimfront.png\",\"width\":2152,\"height\":900},{\"@type\":\"BreadcrumbList\",\"@id\":\"https:\\\/\\\/lasentinelle.dz\\\/index.php\\\/2021\\\/11\\\/28\\\/variant-omicron-linstitut-pasteur-dalgerie-appelle-a-une-vaccination-massive\\\/#breadcrumb\",\"itemListElement\":[{\"@type\":\"ListItem\",\"position\":1,\"name\":\"Accueil\",\"item\":\"https:\\\/\\\/lasentinelle.dz\\\/\"},{\"@type\":\"ListItem\",\"position\":2,\"name\":\"Variant Omicron : L\u2019institut Pasteur d\u2019Alg\u00e9rie appelle \u00e0 une vaccination massive\"}]},{\"@type\":\"WebSite\",\"@id\":\"https:\\\/\\\/lasentinelle.dz\\\/#website\",\"url\":\"https:\\\/\\\/lasentinelle.dz\\\/\",\"name\":\"La Sentinelle\",\"description\":\"Quotidien national d&#039;information\",\"publisher\":{\"@id\":\"https:\\\/\\\/lasentinelle.dz\\\/#organization\"},\"potentialAction\":[{\"@type\":\"SearchAction\",\"target\":{\"@type\":\"EntryPoint\",\"urlTemplate\":\"https:\\\/\\\/lasentinelle.dz\\\/?s={search_term_string}\"},\"query-input\":{\"@type\":\"PropertyValueSpecification\",\"valueRequired\":true,\"valueName\":\"search_term_string\"}}],\"inLanguage\":\"fr-FR\"},{\"@type\":\"Organization\",\"@id\":\"https:\\\/\\\/lasentinelle.dz\\\/#organization\",\"name\":\"Quotidien La Sentinelle\",\"url\":\"https:\\\/\\\/lasentinelle.dz\\\/\",\"logo\":{\"@type\":\"ImageObject\",\"inLanguage\":\"fr-FR\",\"@id\":\"https:\\\/\\\/lasentinelle.dz\\\/#\\\/schema\\\/logo\\\/image\\\/\",\"url\":\"https:\\\/\\\/lasentinelle.dz\\\/wp-content\\\/uploads\\\/2021\\\/09\\\/logo-sentinelleSLOGAN-1.png\",\"contentUrl\":\"https:\\\/\\\/lasentinelle.dz\\\/wp-content\\\/uploads\\\/2021\\\/09\\\/logo-sentinelleSLOGAN-1.png\",\"width\":615,\"height\":142,\"caption\":\"Quotidien La Sentinelle\"},\"image\":{\"@id\":\"https:\\\/\\\/lasentinelle.dz\\\/#\\\/schema\\\/logo\\\/image\\\/\"},\"sameAs\":[\"https:\\\/\\\/www.facebook.com\\\/La-Sentinelle-104059864394773\"]},{\"@type\":\"Person\",\"@id\":\"https:\\\/\\\/lasentinelle.dz\\\/#\\\/schema\\\/person\\\/d865044e22e70a75174ce8bcad3acfb3\",\"name\":\"La Sentinelle\",\"image\":{\"@type\":\"ImageObject\",\"inLanguage\":\"fr-FR\",\"@id\":\"https:\\\/\\\/secure.gravatar.com\\\/avatar\\\/57de8e5d4b15d43fb361a71fbb36338450fe67865b528a43dd10ef7c51a20392?s=96&d=mm&r=g\",\"url\":\"https:\\\/\\\/secure.gravatar.com\\\/avatar\\\/57de8e5d4b15d43fb361a71fbb36338450fe67865b528a43dd10ef7c51a20392?s=96&d=mm&r=g\",\"contentUrl\":\"https:\\\/\\\/secure.gravatar.com\\\/avatar\\\/57de8e5d4b15d43fb361a71fbb36338450fe67865b528a43dd10ef7c51a20392?s=96&d=mm&r=g\",\"caption\":\"La Sentinelle\"},\"sameAs\":[\"http:\\\/\\\/www.lasentinelle.dz\"],\"url\":\"https:\\\/\\\/lasentinelle.dz\\\/author\\\/redaction\\\/\"}]}<\/script>\n<!-- \/ Yoast SEO plugin. -->","yoast_head_json":{"title":"Variant Omicron : L\u2019institut Pasteur d\u2019Alg\u00e9rie appelle \u00e0 une vaccination massive - La Sentinelle","robots":{"index":"index","follow":"follow","max-snippet":"max-snippet:-1","max-image-preview":"max-image-preview:large","max-video-preview":"max-video-preview:-1"},"canonical":"https:\/\/lasentinelle.dz\/index.php\/2021\/11\/28\/variant-omicron-linstitut-pasteur-dalgerie-appelle-a-une-vaccination-massive\/","og_locale":"fr_FR","og_type":"article","og_title":"Variant Omicron : L\u2019institut Pasteur d\u2019Alg\u00e9rie appelle \u00e0 une vaccination massive - La Sentinelle","og_description":"L\u2019apparition d\u2019un nouveau variant du coronavirus en Afrique du Sud suscite de s\u00e9rieuses inqui\u00e9tudes dans les milieux scientifiques. L\u2019Organisation mondiale","og_url":"https:\/\/lasentinelle.dz\/index.php\/2021\/11\/28\/variant-omicron-linstitut-pasteur-dalgerie-appelle-a-une-vaccination-massive\/","og_site_name":"La Sentinelle","article_publisher":"https:\/\/www.facebook.com\/La-Sentinelle-104059864394773","article_published_time":"2021-11-27T23:05:00+00:00","og_image":[{"width":1024,"height":428,"url":"https:\/\/lasentinelle.dz\/wp-content\/uploads\/2021\/11\/DelyBrahimfront-1024x428.png","type":"image\/png"}],"author":"La Sentinelle","twitter_card":"summary_large_image","twitter_misc":{"\u00c9crit par":"La Sentinelle","Dur\u00e9e de lecture estim\u00e9e":"2 minutes"},"schema":{"@context":"https:\/\/schema.org","@graph":[{"@type":"Article","@id":"https:\/\/lasentinelle.dz\/index.php\/2021\/11\/28\/variant-omicron-linstitut-pasteur-dalgerie-appelle-a-une-vaccination-massive\/#article","isPartOf":{"@id":"https:\/\/lasentinelle.dz\/index.php\/2021\/11\/28\/variant-omicron-linstitut-pasteur-dalgerie-appelle-a-une-vaccination-massive\/"},"author":{"name":"La Sentinelle","@id":"https:\/\/lasentinelle.dz\/#\/schema\/person\/d865044e22e70a75174ce8bcad3acfb3"},"headline":"Variant Omicron : L\u2019institut Pasteur d\u2019Alg\u00e9rie appelle \u00e0 une vaccination massive","datePublished":"2021-11-27T23:05:00+00:00","mainEntityOfPage":{"@id":"https:\/\/lasentinelle.dz\/index.php\/2021\/11\/28\/variant-omicron-linstitut-pasteur-dalgerie-appelle-a-une-vaccination-massive\/"},"wordCount":568,"commentCount":0,"publisher":{"@id":"https:\/\/lasentinelle.dz\/#organization"},"image":{"@id":"https:\/\/lasentinelle.dz\/index.php\/2021\/11\/28\/variant-omicron-linstitut-pasteur-dalgerie-appelle-a-une-vaccination-massive\/#primaryimage"},"thumbnailUrl":"https:\/\/lasentinelle.dz\/wp-content\/uploads\/2021\/11\/DelyBrahimfront.png","articleSection":["\u00c0 la Une","Actualit\u00e9"],"inLanguage":"fr-FR","potentialAction":[{"@type":"CommentAction","name":"Comment","target":["https:\/\/lasentinelle.dz\/index.php\/2021\/11\/28\/variant-omicron-linstitut-pasteur-dalgerie-appelle-a-une-vaccination-massive\/#respond"]}]},{"@type":"WebPage","@id":"https:\/\/lasentinelle.dz\/index.php\/2021\/11\/28\/variant-omicron-linstitut-pasteur-dalgerie-appelle-a-une-vaccination-massive\/","url":"https:\/\/lasentinelle.dz\/index.php\/2021\/11\/28\/variant-omicron-linstitut-pasteur-dalgerie-appelle-a-une-vaccination-massive\/","name":"Variant Omicron : L\u2019institut Pasteur d\u2019Alg\u00e9rie appelle \u00e0 une vaccination massive - La Sentinelle","isPartOf":{"@id":"https:\/\/lasentinelle.dz\/#website"},"primaryImageOfPage":{"@id":"https:\/\/lasentinelle.dz\/index.php\/2021\/11\/28\/variant-omicron-linstitut-pasteur-dalgerie-appelle-a-une-vaccination-massive\/#primaryimage"},"image":{"@id":"https:\/\/lasentinelle.dz\/index.php\/2021\/11\/28\/variant-omicron-linstitut-pasteur-dalgerie-appelle-a-une-vaccination-massive\/#primaryimage"},"thumbnailUrl":"https:\/\/lasentinelle.dz\/wp-content\/uploads\/2021\/11\/DelyBrahimfront.png","datePublished":"2021-11-27T23:05:00+00:00","breadcrumb":{"@id":"https:\/\/lasentinelle.dz\/index.php\/2021\/11\/28\/variant-omicron-linstitut-pasteur-dalgerie-appelle-a-une-vaccination-massive\/#breadcrumb"},"inLanguage":"fr-FR","potentialAction":[{"@type":"ReadAction","target":["https:\/\/lasentinelle.dz\/index.php\/2021\/11\/28\/variant-omicron-linstitut-pasteur-dalgerie-appelle-a-une-vaccination-massive\/"]}]},{"@type":"ImageObject","inLanguage":"fr-FR","@id":"https:\/\/lasentinelle.dz\/index.php\/2021\/11\/28\/variant-omicron-linstitut-pasteur-dalgerie-appelle-a-une-vaccination-massive\/#primaryimage","url":"https:\/\/lasentinelle.dz\/wp-content\/uploads\/2021\/11\/DelyBrahimfront.png","contentUrl":"https:\/\/lasentinelle.dz\/wp-content\/uploads\/2021\/11\/DelyBrahimfront.png","width":2152,"height":900},{"@type":"BreadcrumbList","@id":"https:\/\/lasentinelle.dz\/index.php\/2021\/11\/28\/variant-omicron-linstitut-pasteur-dalgerie-appelle-a-une-vaccination-massive\/#breadcrumb","itemListElement":[{"@type":"ListItem","position":1,"name":"Accueil","item":"https:\/\/lasentinelle.dz\/"},{"@type":"ListItem","position":2,"name":"Variant Omicron : L\u2019institut Pasteur d\u2019Alg\u00e9rie appelle \u00e0 une vaccination massive"}]},{"@type":"WebSite","@id":"https:\/\/lasentinelle.dz\/#website","url":"https:\/\/lasentinelle.dz\/","name":"La Sentinelle","description":"Quotidien national d&#039;information","publisher":{"@id":"https:\/\/lasentinelle.dz\/#organization"},"potentialAction":[{"@type":"SearchAction","target":{"@type":"EntryPoint","urlTemplate":"https:\/\/lasentinelle.dz\/?s={search_term_string}"},"query-input":{"@type":"PropertyValueSpecification","valueRequired":true,"valueName":"search_term_string"}}],"inLanguage":"fr-FR"},{"@type":"Organization","@id":"https:\/\/lasentinelle.dz\/#organization","name":"Quotidien La Sentinelle","url":"https:\/\/lasentinelle.dz\/","logo":{"@type":"ImageObject","inLanguage":"fr-FR","@id":"https:\/\/lasentinelle.dz\/#\/schema\/logo\/image\/","url":"https:\/\/lasentinelle.dz\/wp-content\/uploads\/2021\/09\/logo-sentinelleSLOGAN-1.png","contentUrl":"https:\/\/lasentinelle.dz\/wp-content\/uploads\/2021\/09\/logo-sentinelleSLOGAN-1.png","width":615,"height":142,"caption":"Quotidien La Sentinelle"},"image":{"@id":"https:\/\/lasentinelle.dz\/#\/schema\/logo\/image\/"},"sameAs":["https:\/\/www.facebook.com\/La-Sentinelle-104059864394773"]},{"@type":"Person","@id":"https:\/\/lasentinelle.dz\/#\/schema\/person\/d865044e22e70a75174ce8bcad3acfb3","name":"La Sentinelle","image":{"@type":"ImageObject","inLanguage":"fr-FR","@id":"https:\/\/secure.gravatar.com\/avatar\/57de8e5d4b15d43fb361a71fbb36338450fe67865b528a43dd10ef7c51a20392?s=96&d=mm&r=g","url":"https:\/\/secure.gravatar.com\/avatar\/57de8e5d4b15d43fb361a71fbb36338450fe67865b528a43dd10ef7c51a20392?s=96&d=mm&r=g","contentUrl":"https:\/\/secure.gravatar.com\/avatar\/57de8e5d4b15d43fb361a71fbb36338450fe67865b528a43dd10ef7c51a20392?s=96&d=mm&r=g","caption":"La Sentinelle"},"sameAs":["http:\/\/www.lasentinelle.dz"],"url":"https:\/\/lasentinelle.dz\/author\/redaction\/"}]}},"_links":{"self":[{"href":"https:\/\/lasentinelle.dz\/index.php\/wp-json\/wp\/v2\/posts\/14082","targetHints":{"allow":["GET"]}}],"collection":[{"href":"https:\/\/lasentinelle.dz\/index.php\/wp-json\/wp\/v2\/posts"}],"about":[{"href":"https:\/\/lasentinelle.dz\/index.php\/wp-json\/wp\/v2\/types\/post"}],"author":[{"embeddable":true,"href":"https:\/\/lasentinelle.dz\/index.php\/wp-json\/wp\/v2\/users\/3"}],"replies":[{"embeddable":true,"href":"https:\/\/lasentinelle.dz\/index.php\/wp-json\/wp\/v2\/comments?post=14082"}],"version-history":[{"count":1,"href":"https:\/\/lasentinelle.dz\/index.php\/wp-json\/wp\/v2\/posts\/14082\/revisions"}],"predecessor-version":[{"id":14084,"href":"https:\/\/lasentinelle.dz\/index.php\/wp-json\/wp\/v2\/posts\/14082\/revisions\/14084"}],"wp:featuredmedia":[{"embeddable":true,"href":"https:\/\/lasentinelle.dz\/index.php\/wp-json\/wp\/v2\/media\/14139"}],"wp:attachment":[{"href":"https:\/\/lasentinelle.dz\/index.php\/wp-json\/wp\/v2\/media?parent=14082"}],"wp:term":[{"taxonomy":"category","embeddable":true,"href":"https:\/\/lasentinelle.dz\/index.php\/wp-json\/wp\/v2\/categories?post=14082"},{"taxonomy":"post_tag","embeddable":true,"href":"https:\/\/lasentinelle.dz\/index.php\/wp-json\/wp\/v2\/tags?post=14082"}],"curies":[{"name":"wp","href":"https:\/\/api.w.org\/{rel}","templated":true}]}}