{"id":1411,"date":"2021-07-17T00:01:31","date_gmt":"2021-07-16T23:01:31","guid":{"rendered":"https:\/\/lasentinelle.dz\/?p=1411"},"modified":"2021-07-16T19:27:22","modified_gmt":"2021-07-16T18:27:22","slug":"cinema-cannes-dans-la-derniere-ligne-droite-avant-le-verdict-aujourdhui","status":"publish","type":"post","link":"https:\/\/lasentinelle.dz\/index.php\/2021\/07\/17\/cinema-cannes-dans-la-derniere-ligne-droite-avant-le-verdict-aujourdhui\/","title":{"rendered":"Cin\u00e9ma : Cannes dans la derni\u00e8re ligne droite, avant le verdict aujourd\u2019hui"},"content":{"rendered":"\n<p>Derni\u00e8re ligne droite au Festival de Cannes : la comp\u00e9tition s&rsquo;ach\u00e8ve avec la projection des deux derniers films en lice, un manifeste pour le contr\u00f4le des armes et un drame sur la bipolarit\u00e9, avant que le jury ne se retire pour d\u00e9lib\u00e9rer.Sur la Croisette, il faut se m\u00e9fier jusqu&rsquo;au bout des bonnes surprises : en 2019, la comp\u00e9tition avait \u00e9t\u00e9 compl\u00e8tement rebattue dans ses derniers jours, \u00ab\u00a0Parasite\u00a0\u00bb, du Sud-Cor\u00e9en BongJoon-ho s&rsquo;imposant imm\u00e9diatement comme un chef d\u2019\u0153uvre. Le film avait logiquement re\u00e7u la Palme d&rsquo;or.<\/p>\n\n\n\n<p>Hier, deux derniers films devaient \u00eatre projet\u00e9s, au terme d&rsquo;un festival marquant les grandes retrouvailles du cin\u00e9ma mondial, et qui s&rsquo;est d\u00e9roul\u00e9 sans encombre malgr\u00e9 la crise sanitaire. De Sharon Stone \u00e0 Tilda Swinton en passant par Matt Damon, des stars internationales auront mont\u00e9 les marches, et des films du monde entier, du Maghreb \u00e0 la Chine ont pu \u00eatre projet\u00e9s.<\/p>\n\n\n\n<p>Le dernier film en comp\u00e9tition est un projet tr\u00e8s personnel du cin\u00e9aste belge Joachim Lafosse, \u00ab\u00a0Les Intranquilles\u00a0\u00bb. Inspir\u00e9 de sa propre exp\u00e9rience, il s&rsquo;attaque au drame de la bipolarit\u00e9, \u00e0 travers le portrait d&rsquo;une famille rong\u00e9e par la maladie du p\u00e8re (Damien Bonnard) avec laquelle la m\u00e8re (Le\u00efla Bekhti) tente de composer, pour prot\u00e9ger leur jeune fils.<\/p>\n\n\n\n<p>Ces films renverseront-ils la table ? Pour l&rsquo;heure, un film se d\u00e9tache pour la critique internationale, selon le recensement \u00e9tabli par Screen International : \u00ab\u00a0Drive my car\u00a0\u00bb, du Japonais RyusukeHamaguchi. Ce film-fleuve \u00e0 l\u2019esth\u00e9tisme \u00e9blouissant, adapt\u00e9 d&rsquo;une nouvelle de Haruki Murakami, met en sc\u00e8ne deux \u00eatres hant\u00e9s par le pass\u00e9.Il raconte l&rsquo;histoire de YusukeKafuku un acteur et metteur en sc\u00e8ne de th\u00e9\u00e2tre hant\u00e9 par la mort de son \u00e9pouse, qui va se d\u00e9voiler aupr\u00e8s d&rsquo;une jeune femme effac\u00e9e qu&rsquo;on lui assigne comme chauffeur. Tous deux se r\u00e9signent \u00e0 faire face, ensemble, \u00e0 leur pass\u00e9.<\/p>\n\n\n\n<p>Dans d&rsquo;autres genres, les films marquants n&rsquo;ont pas manqu\u00e9 cette ann\u00e9e, que ce soit le film d&rsquo;ouverture \u00ab\u00a0Annette\u00a0\u00bb, op\u00e9ra-rock de LeosCarax, \u00ab\u00a0Red Rocket\u00a0\u00bb, de l&rsquo;Am\u00e9ricain Sean Baker, sur le retour dans sa ville natale du Texas d&rsquo;une pornstar d\u00e9chue ou \u00ab\u00a0Julie (en 12 chapitres)\u00a0\u00bb, fine observation des m\u0153urs amoureuses de la jeunesse d&rsquo;aujourd&rsquo;hui, par le Norv\u00e9gien Joachim Trier.A moins que la Palme d&rsquo;Or ne revienne \u00e0 une r\u00e9alisatrice, pour la deuxi\u00e8me fois seulement de l&rsquo;histoire du festival. Boud\u00e9e par les critiques, la benjamine de la comp\u00e9tition Julia Ducournau a n\u00e9anmoins marqu\u00e9 la Croisette avec \u00ab\u00a0Titane\u00a0\u00bb, un film ultra-violent qu&rsquo;on aime ou qu&rsquo;on d\u00e9teste, tandis que la Hongroise IldikoEnyedi ne doit pas \u00eatre oubli\u00e9e avec \u00ab\u00a0L&rsquo;histoire de ma femme\u00a0\u00bb, l&rsquo;un des films les plus l\u00e9ch\u00e9s visuellement de la comp\u00e9tition, somptueuse histoire d&rsquo;amour et de marin avec L\u00e9a Seydoux.<\/p>\n\n\n\n<p>Mais les pronostics restent une science hautement inexacte, et rien ne permet de pr\u00e9sumer ce que donnera l&rsquo;alchimie du jury, pr\u00e9sid\u00e9 cette ann\u00e9e par Spike Lee, premier artiste noir \u00e0 ce poste, et qui compte des personnalit\u00e9s aussi diverses que le r\u00e9alisateur br\u00e9silien Kleber Mendon\u00e7a ou la chanteuse Myl\u00e8ne Farmer.Au sein du jury, \u00ab\u00a0on n&rsquo;aime pas tous les m\u00eames chansons ni les m\u00eames \u00e9missions t\u00e9l\u00e9vis\u00e9es et \u00e0 la fin, les neuf membres votent\u00a0\u00bb a expliqu\u00e9 Spike Lee aux premiers jours du festival. \u00ab\u00a0J&rsquo;ai promis aux gens du jury que je ne serai pas un dictateur, que je serai d\u00e9mocratique&#8230; mais jusqu&rsquo;\u00e0 un certain point, puisque si le jury est partag\u00e9 \u00e0 quatre contre quatre, c&rsquo;est moi qui d\u00e9cide! On va se marrer!\u00a0\u00bb, avait-il ajout\u00e9. Verdict ce soir.<\/p>\n\n\n\n<p>AFP<\/p>\n","protected":false},"excerpt":{"rendered":"<p>Derni\u00e8re ligne droite au Festival de Cannes : la comp\u00e9tition s&rsquo;ach\u00e8ve avec la projection des deux derniers films en lice,<\/p>\n","protected":false},"author":3,"featured_media":0,"comment_status":"open","ping_status":"closed","sticky":false,"template":"","format":"standard","meta":{"colormag_page_container_layout":"default_layout","colormag_page_sidebar_layout":"default_layout","om_disable_all_campaigns":false,"_monsterinsights_skip_tracking":false,"_monsterinsights_sitenote_active":false,"_monsterinsights_sitenote_note":"","_monsterinsights_sitenote_category":0,"footnotes":"","_wpscppro_dont_share_socialmedia":false,"_wpscppro_custom_social_share_image":0,"_facebook_share_type":"","_twitter_share_type":"","_linkedin_share_type":"","_pinterest_share_type":"","_linkedin_share_type_page":"","_instagram_share_type":"","_medium_share_type":"","_threads_share_type":"","_google_business_share_type":"","_selected_social_profile":[],"_wpsp_enable_custom_social_template":false,"_wpsp_social_scheduling":{"enabled":false,"datetime":null,"platforms":[],"status":"template_only","dateOption":"today","timeOption":"now","customDays":"","customHours":"","customDate":"","customTime":"","schedulingType":"absolute"},"_wpsp_active_default_template":true},"categories":[36],"tags":[],"class_list":["post-1411","post","type-post","status-publish","format-standard","hentry","category-culture"],"aioseo_notices":[],"yoast_head":"<!-- This site is optimized with the Yoast SEO plugin v27.5 - https:\/\/yoast.com\/product\/yoast-seo-wordpress\/ -->\n<title>Cin\u00e9ma : Cannes dans la derni\u00e8re ligne droite, avant le verdict aujourd\u2019hui - La Sentinelle<\/title>\n<meta name=\"robots\" content=\"index, follow, max-snippet:-1, max-image-preview:large, max-video-preview:-1\" \/>\n<link rel=\"canonical\" href=\"https:\/\/lasentinelle.dz\/index.php\/2021\/07\/17\/cinema-cannes-dans-la-derniere-ligne-droite-avant-le-verdict-aujourdhui\/\" \/>\n<meta property=\"og:locale\" content=\"fr_FR\" \/>\n<meta property=\"og:type\" content=\"article\" \/>\n<meta property=\"og:title\" content=\"Cin\u00e9ma : Cannes dans la derni\u00e8re ligne droite, avant le verdict aujourd\u2019hui - La Sentinelle\" \/>\n<meta property=\"og:description\" content=\"Derni\u00e8re ligne droite au Festival de Cannes : la comp\u00e9tition s&rsquo;ach\u00e8ve avec la projection des deux derniers films en lice,\" \/>\n<meta property=\"og:url\" content=\"https:\/\/lasentinelle.dz\/index.php\/2021\/07\/17\/cinema-cannes-dans-la-derniere-ligne-droite-avant-le-verdict-aujourdhui\/\" \/>\n<meta property=\"og:site_name\" content=\"La Sentinelle\" \/>\n<meta property=\"article:publisher\" content=\"https:\/\/www.facebook.com\/La-Sentinelle-104059864394773\" \/>\n<meta property=\"article:published_time\" content=\"2021-07-16T23:01:31+00:00\" \/>\n<meta name=\"author\" content=\"La Sentinelle\" \/>\n<meta name=\"twitter:card\" content=\"summary_large_image\" \/>\n<meta name=\"twitter:label1\" content=\"\u00c9crit par\" \/>\n\t<meta name=\"twitter:data1\" content=\"La Sentinelle\" \/>\n\t<meta name=\"twitter:label2\" content=\"Dur\u00e9e de lecture estim\u00e9e\" \/>\n\t<meta name=\"twitter:data2\" content=\"3 minutes\" \/>\n<script type=\"application\/ld+json\" class=\"yoast-schema-graph\">{\"@context\":\"https:\\\/\\\/schema.org\",\"@graph\":[{\"@type\":\"Article\",\"@id\":\"https:\\\/\\\/lasentinelle.dz\\\/index.php\\\/2021\\\/07\\\/17\\\/cinema-cannes-dans-la-derniere-ligne-droite-avant-le-verdict-aujourdhui\\\/#article\",\"isPartOf\":{\"@id\":\"https:\\\/\\\/lasentinelle.dz\\\/index.php\\\/2021\\\/07\\\/17\\\/cinema-cannes-dans-la-derniere-ligne-droite-avant-le-verdict-aujourdhui\\\/\"},\"author\":{\"name\":\"La Sentinelle\",\"@id\":\"https:\\\/\\\/lasentinelle.dz\\\/#\\\/schema\\\/person\\\/d865044e22e70a75174ce8bcad3acfb3\"},\"headline\":\"Cin\u00e9ma : Cannes dans la derni\u00e8re ligne droite, avant le verdict aujourd\u2019hui\",\"datePublished\":\"2021-07-16T23:01:31+00:00\",\"mainEntityOfPage\":{\"@id\":\"https:\\\/\\\/lasentinelle.dz\\\/index.php\\\/2021\\\/07\\\/17\\\/cinema-cannes-dans-la-derniere-ligne-droite-avant-le-verdict-aujourdhui\\\/\"},\"wordCount\":663,\"commentCount\":0,\"publisher\":{\"@id\":\"https:\\\/\\\/lasentinelle.dz\\\/#organization\"},\"articleSection\":[\"Culture\"],\"inLanguage\":\"fr-FR\",\"potentialAction\":[{\"@type\":\"CommentAction\",\"name\":\"Comment\",\"target\":[\"https:\\\/\\\/lasentinelle.dz\\\/index.php\\\/2021\\\/07\\\/17\\\/cinema-cannes-dans-la-derniere-ligne-droite-avant-le-verdict-aujourdhui\\\/#respond\"]}]},{\"@type\":\"WebPage\",\"@id\":\"https:\\\/\\\/lasentinelle.dz\\\/index.php\\\/2021\\\/07\\\/17\\\/cinema-cannes-dans-la-derniere-ligne-droite-avant-le-verdict-aujourdhui\\\/\",\"url\":\"https:\\\/\\\/lasentinelle.dz\\\/index.php\\\/2021\\\/07\\\/17\\\/cinema-cannes-dans-la-derniere-ligne-droite-avant-le-verdict-aujourdhui\\\/\",\"name\":\"Cin\u00e9ma : Cannes dans la derni\u00e8re ligne droite, avant le verdict aujourd\u2019hui - La Sentinelle\",\"isPartOf\":{\"@id\":\"https:\\\/\\\/lasentinelle.dz\\\/#website\"},\"datePublished\":\"2021-07-16T23:01:31+00:00\",\"breadcrumb\":{\"@id\":\"https:\\\/\\\/lasentinelle.dz\\\/index.php\\\/2021\\\/07\\\/17\\\/cinema-cannes-dans-la-derniere-ligne-droite-avant-le-verdict-aujourdhui\\\/#breadcrumb\"},\"inLanguage\":\"fr-FR\",\"potentialAction\":[{\"@type\":\"ReadAction\",\"target\":[\"https:\\\/\\\/lasentinelle.dz\\\/index.php\\\/2021\\\/07\\\/17\\\/cinema-cannes-dans-la-derniere-ligne-droite-avant-le-verdict-aujourdhui\\\/\"]}]},{\"@type\":\"BreadcrumbList\",\"@id\":\"https:\\\/\\\/lasentinelle.dz\\\/index.php\\\/2021\\\/07\\\/17\\\/cinema-cannes-dans-la-derniere-ligne-droite-avant-le-verdict-aujourdhui\\\/#breadcrumb\",\"itemListElement\":[{\"@type\":\"ListItem\",\"position\":1,\"name\":\"Accueil\",\"item\":\"https:\\\/\\\/lasentinelle.dz\\\/\"},{\"@type\":\"ListItem\",\"position\":2,\"name\":\"Cin\u00e9ma : Cannes dans la derni\u00e8re ligne droite, avant le verdict aujourd\u2019hui\"}]},{\"@type\":\"WebSite\",\"@id\":\"https:\\\/\\\/lasentinelle.dz\\\/#website\",\"url\":\"https:\\\/\\\/lasentinelle.dz\\\/\",\"name\":\"La Sentinelle\",\"description\":\"Quotidien national d&#039;information\",\"publisher\":{\"@id\":\"https:\\\/\\\/lasentinelle.dz\\\/#organization\"},\"potentialAction\":[{\"@type\":\"SearchAction\",\"target\":{\"@type\":\"EntryPoint\",\"urlTemplate\":\"https:\\\/\\\/lasentinelle.dz\\\/?s={search_term_string}\"},\"query-input\":{\"@type\":\"PropertyValueSpecification\",\"valueRequired\":true,\"valueName\":\"search_term_string\"}}],\"inLanguage\":\"fr-FR\"},{\"@type\":\"Organization\",\"@id\":\"https:\\\/\\\/lasentinelle.dz\\\/#organization\",\"name\":\"Quotidien La Sentinelle\",\"url\":\"https:\\\/\\\/lasentinelle.dz\\\/\",\"logo\":{\"@type\":\"ImageObject\",\"inLanguage\":\"fr-FR\",\"@id\":\"https:\\\/\\\/lasentinelle.dz\\\/#\\\/schema\\\/logo\\\/image\\\/\",\"url\":\"https:\\\/\\\/lasentinelle.dz\\\/wp-content\\\/uploads\\\/2021\\\/09\\\/logo-sentinelleSLOGAN-1.png\",\"contentUrl\":\"https:\\\/\\\/lasentinelle.dz\\\/wp-content\\\/uploads\\\/2021\\\/09\\\/logo-sentinelleSLOGAN-1.png\",\"width\":615,\"height\":142,\"caption\":\"Quotidien La Sentinelle\"},\"image\":{\"@id\":\"https:\\\/\\\/lasentinelle.dz\\\/#\\\/schema\\\/logo\\\/image\\\/\"},\"sameAs\":[\"https:\\\/\\\/www.facebook.com\\\/La-Sentinelle-104059864394773\"]},{\"@type\":\"Person\",\"@id\":\"https:\\\/\\\/lasentinelle.dz\\\/#\\\/schema\\\/person\\\/d865044e22e70a75174ce8bcad3acfb3\",\"name\":\"La Sentinelle\",\"image\":{\"@type\":\"ImageObject\",\"inLanguage\":\"fr-FR\",\"@id\":\"https:\\\/\\\/secure.gravatar.com\\\/avatar\\\/57de8e5d4b15d43fb361a71fbb36338450fe67865b528a43dd10ef7c51a20392?s=96&d=mm&r=g\",\"url\":\"https:\\\/\\\/secure.gravatar.com\\\/avatar\\\/57de8e5d4b15d43fb361a71fbb36338450fe67865b528a43dd10ef7c51a20392?s=96&d=mm&r=g\",\"contentUrl\":\"https:\\\/\\\/secure.gravatar.com\\\/avatar\\\/57de8e5d4b15d43fb361a71fbb36338450fe67865b528a43dd10ef7c51a20392?s=96&d=mm&r=g\",\"caption\":\"La Sentinelle\"},\"sameAs\":[\"http:\\\/\\\/www.lasentinelle.dz\"],\"url\":\"https:\\\/\\\/lasentinelle.dz\\\/author\\\/redaction\\\/\"}]}<\/script>\n<!-- \/ Yoast SEO plugin. -->","yoast_head_json":{"title":"Cin\u00e9ma : Cannes dans la derni\u00e8re ligne droite, avant le verdict aujourd\u2019hui - La Sentinelle","robots":{"index":"index","follow":"follow","max-snippet":"max-snippet:-1","max-image-preview":"max-image-preview:large","max-video-preview":"max-video-preview:-1"},"canonical":"https:\/\/lasentinelle.dz\/index.php\/2021\/07\/17\/cinema-cannes-dans-la-derniere-ligne-droite-avant-le-verdict-aujourdhui\/","og_locale":"fr_FR","og_type":"article","og_title":"Cin\u00e9ma : Cannes dans la derni\u00e8re ligne droite, avant le verdict aujourd\u2019hui - La Sentinelle","og_description":"Derni\u00e8re ligne droite au Festival de Cannes : la comp\u00e9tition s&rsquo;ach\u00e8ve avec la projection des deux derniers films en lice,","og_url":"https:\/\/lasentinelle.dz\/index.php\/2021\/07\/17\/cinema-cannes-dans-la-derniere-ligne-droite-avant-le-verdict-aujourdhui\/","og_site_name":"La Sentinelle","article_publisher":"https:\/\/www.facebook.com\/La-Sentinelle-104059864394773","article_published_time":"2021-07-16T23:01:31+00:00","author":"La Sentinelle","twitter_card":"summary_large_image","twitter_misc":{"\u00c9crit par":"La Sentinelle","Dur\u00e9e de lecture estim\u00e9e":"3 minutes"},"schema":{"@context":"https:\/\/schema.org","@graph":[{"@type":"Article","@id":"https:\/\/lasentinelle.dz\/index.php\/2021\/07\/17\/cinema-cannes-dans-la-derniere-ligne-droite-avant-le-verdict-aujourdhui\/#article","isPartOf":{"@id":"https:\/\/lasentinelle.dz\/index.php\/2021\/07\/17\/cinema-cannes-dans-la-derniere-ligne-droite-avant-le-verdict-aujourdhui\/"},"author":{"name":"La Sentinelle","@id":"https:\/\/lasentinelle.dz\/#\/schema\/person\/d865044e22e70a75174ce8bcad3acfb3"},"headline":"Cin\u00e9ma : Cannes dans la derni\u00e8re ligne droite, avant le verdict aujourd\u2019hui","datePublished":"2021-07-16T23:01:31+00:00","mainEntityOfPage":{"@id":"https:\/\/lasentinelle.dz\/index.php\/2021\/07\/17\/cinema-cannes-dans-la-derniere-ligne-droite-avant-le-verdict-aujourdhui\/"},"wordCount":663,"commentCount":0,"publisher":{"@id":"https:\/\/lasentinelle.dz\/#organization"},"articleSection":["Culture"],"inLanguage":"fr-FR","potentialAction":[{"@type":"CommentAction","name":"Comment","target":["https:\/\/lasentinelle.dz\/index.php\/2021\/07\/17\/cinema-cannes-dans-la-derniere-ligne-droite-avant-le-verdict-aujourdhui\/#respond"]}]},{"@type":"WebPage","@id":"https:\/\/lasentinelle.dz\/index.php\/2021\/07\/17\/cinema-cannes-dans-la-derniere-ligne-droite-avant-le-verdict-aujourdhui\/","url":"https:\/\/lasentinelle.dz\/index.php\/2021\/07\/17\/cinema-cannes-dans-la-derniere-ligne-droite-avant-le-verdict-aujourdhui\/","name":"Cin\u00e9ma : Cannes dans la derni\u00e8re ligne droite, avant le verdict aujourd\u2019hui - La Sentinelle","isPartOf":{"@id":"https:\/\/lasentinelle.dz\/#website"},"datePublished":"2021-07-16T23:01:31+00:00","breadcrumb":{"@id":"https:\/\/lasentinelle.dz\/index.php\/2021\/07\/17\/cinema-cannes-dans-la-derniere-ligne-droite-avant-le-verdict-aujourdhui\/#breadcrumb"},"inLanguage":"fr-FR","potentialAction":[{"@type":"ReadAction","target":["https:\/\/lasentinelle.dz\/index.php\/2021\/07\/17\/cinema-cannes-dans-la-derniere-ligne-droite-avant-le-verdict-aujourdhui\/"]}]},{"@type":"BreadcrumbList","@id":"https:\/\/lasentinelle.dz\/index.php\/2021\/07\/17\/cinema-cannes-dans-la-derniere-ligne-droite-avant-le-verdict-aujourdhui\/#breadcrumb","itemListElement":[{"@type":"ListItem","position":1,"name":"Accueil","item":"https:\/\/lasentinelle.dz\/"},{"@type":"ListItem","position":2,"name":"Cin\u00e9ma : Cannes dans la derni\u00e8re ligne droite, avant le verdict aujourd\u2019hui"}]},{"@type":"WebSite","@id":"https:\/\/lasentinelle.dz\/#website","url":"https:\/\/lasentinelle.dz\/","name":"La Sentinelle","description":"Quotidien national d&#039;information","publisher":{"@id":"https:\/\/lasentinelle.dz\/#organization"},"potentialAction":[{"@type":"SearchAction","target":{"@type":"EntryPoint","urlTemplate":"https:\/\/lasentinelle.dz\/?s={search_term_string}"},"query-input":{"@type":"PropertyValueSpecification","valueRequired":true,"valueName":"search_term_string"}}],"inLanguage":"fr-FR"},{"@type":"Organization","@id":"https:\/\/lasentinelle.dz\/#organization","name":"Quotidien La Sentinelle","url":"https:\/\/lasentinelle.dz\/","logo":{"@type":"ImageObject","inLanguage":"fr-FR","@id":"https:\/\/lasentinelle.dz\/#\/schema\/logo\/image\/","url":"https:\/\/lasentinelle.dz\/wp-content\/uploads\/2021\/09\/logo-sentinelleSLOGAN-1.png","contentUrl":"https:\/\/lasentinelle.dz\/wp-content\/uploads\/2021\/09\/logo-sentinelleSLOGAN-1.png","width":615,"height":142,"caption":"Quotidien La Sentinelle"},"image":{"@id":"https:\/\/lasentinelle.dz\/#\/schema\/logo\/image\/"},"sameAs":["https:\/\/www.facebook.com\/La-Sentinelle-104059864394773"]},{"@type":"Person","@id":"https:\/\/lasentinelle.dz\/#\/schema\/person\/d865044e22e70a75174ce8bcad3acfb3","name":"La Sentinelle","image":{"@type":"ImageObject","inLanguage":"fr-FR","@id":"https:\/\/secure.gravatar.com\/avatar\/57de8e5d4b15d43fb361a71fbb36338450fe67865b528a43dd10ef7c51a20392?s=96&d=mm&r=g","url":"https:\/\/secure.gravatar.com\/avatar\/57de8e5d4b15d43fb361a71fbb36338450fe67865b528a43dd10ef7c51a20392?s=96&d=mm&r=g","contentUrl":"https:\/\/secure.gravatar.com\/avatar\/57de8e5d4b15d43fb361a71fbb36338450fe67865b528a43dd10ef7c51a20392?s=96&d=mm&r=g","caption":"La Sentinelle"},"sameAs":["http:\/\/www.lasentinelle.dz"],"url":"https:\/\/lasentinelle.dz\/author\/redaction\/"}]}},"_links":{"self":[{"href":"https:\/\/lasentinelle.dz\/index.php\/wp-json\/wp\/v2\/posts\/1411","targetHints":{"allow":["GET"]}}],"collection":[{"href":"https:\/\/lasentinelle.dz\/index.php\/wp-json\/wp\/v2\/posts"}],"about":[{"href":"https:\/\/lasentinelle.dz\/index.php\/wp-json\/wp\/v2\/types\/post"}],"author":[{"embeddable":true,"href":"https:\/\/lasentinelle.dz\/index.php\/wp-json\/wp\/v2\/users\/3"}],"replies":[{"embeddable":true,"href":"https:\/\/lasentinelle.dz\/index.php\/wp-json\/wp\/v2\/comments?post=1411"}],"version-history":[{"count":1,"href":"https:\/\/lasentinelle.dz\/index.php\/wp-json\/wp\/v2\/posts\/1411\/revisions"}],"predecessor-version":[{"id":1451,"href":"https:\/\/lasentinelle.dz\/index.php\/wp-json\/wp\/v2\/posts\/1411\/revisions\/1451"}],"wp:attachment":[{"href":"https:\/\/lasentinelle.dz\/index.php\/wp-json\/wp\/v2\/media?parent=1411"}],"wp:term":[{"taxonomy":"category","embeddable":true,"href":"https:\/\/lasentinelle.dz\/index.php\/wp-json\/wp\/v2\/categories?post=1411"},{"taxonomy":"post_tag","embeddable":true,"href":"https:\/\/lasentinelle.dz\/index.php\/wp-json\/wp\/v2\/tags?post=1411"}],"curies":[{"name":"wp","href":"https:\/\/api.w.org\/{rel}","templated":true}]}}