{"id":14114,"date":"2021-11-28T00:01:00","date_gmt":"2021-11-27T23:01:00","guid":{"rendered":"https:\/\/lasentinelle.dz\/?p=14114"},"modified":"2021-11-27T19:19:57","modified_gmt":"2021-11-27T18:19:57","slug":"de-nouvelles-missions-assignees-a-la-diplomatie-algerienne-gagner-la-guerre-de-limage","status":"publish","type":"post","link":"https:\/\/lasentinelle.dz\/index.php\/2021\/11\/28\/de-nouvelles-missions-assignees-a-la-diplomatie-algerienne-gagner-la-guerre-de-limage\/","title":{"rendered":"De nouvelles missions assign\u00e9es \u00e0 la diplomatie alg\u00e9rienne : Gagner la guerre de l\u2019image"},"content":{"rendered":"\n<p>Lors de sa rencontre p\u00e9riodique avec les m\u00e9dias, le pr\u00e9sident de la R\u00e9publique, Abdelmadjid Tebboune, revenu sur les nouvelles missions de l\u2019appareil diplomatique \u00e0 la suite du vaste mouvement qu\u2019il a op\u00e9r\u00e9 au sein des missions diplomatiques et consulaires, ainsi que des structures centrales du minist\u00e8re des Affaires \u00e9trang\u00e8res. Le chef de l\u2019\u00c9tat&nbsp;a affirm\u00e9 que la diplomatie&nbsp;alg\u00e9rienne sera \u00ab une vitrine \u00bb refl\u00e9tant l\u2019image de l\u2019Alg\u00e9rie et les efforts d\u00e9ploy\u00e9s \u00e0 tous les niveaux.&nbsp;Il a pr\u00e9cis\u00e9 qu\u2019 \u00ab aujourd\u2019hui beaucoup de gens ignorent la r\u00e9alit\u00e9 en Alg\u00e9rie, que ce soit \u00e0 l\u2019int\u00e9rieur ou \u00e0 l\u2019\u00e9tranger \u00bb, relevant que \u00ab les m\u00e9dias notamment occidentaux, ne v\u00e9hiculent pas les points positifs que connait l\u2019Alg\u00e9rie mais se focalisent sur le n\u00e9gatif \u00bb.&nbsp;\u00ab De nombreuses parties, \u00e0 l\u2019int\u00e9rieur et \u00e0 l\u2019ext\u00e9rieur ignorent que l\u2019Alg\u00e9rie a un immense r\u00e9seau routier et plus de 75 barrages construits ainsi que d\u2019autres en cours de r\u00e9alisation. Beaucoup ignorent que 12 millions d\u2019\u00e9l\u00e8ves poursuivent leurs \u00e9tudes, pris en charge par le budget de l\u2019Etat et que nous avons plus de 100centres universitaires et quelques 12 \u00e9coles sup\u00e9rieures \u00bb, rappelle le chef de l\u2019Etat et d\u2019ajouter&nbsp;que&nbsp;\u00ab l\u2019on ne rapporte que le n\u00e9gatif \u00e0 l\u2019instar des informations sur l\u2019arrestation ou l\u2019emprisonnement de certaines personnes \u00bb.&nbsp;Le pr\u00e9sident de la R\u00e9publique tient&nbsp;\u00e0 assurer que \u00ab compar\u00e9e aux autres pays de la r\u00e9gion, l\u2019Alg\u00e9rie a r\u00e9alis\u00e9 des acquis importants \u00bb, soulignant que \u00ab les victoires r\u00e9alis\u00e9es par le peuple et les cadres d\u2019Etat dans plusieurs domaines, notamment sanitaire, n\u2019ont pas \u00e9t\u00e9 mis en \u00e9vidence \u00bb.&nbsp;Le&nbsp;Pr\u00e9sident Tebboune cite \u00e0 ce propos \u00ab les cadres de l\u2019Etat qui ont r\u00e9ussi \u00e0 contenir le Covid 19 et faire reculer le nombre de contamination au moment o\u00f9&nbsp;les grandes puissances enregistrent chaque jour des milliers de cas \u00bb relevant l\u2019existence d\u2019 \u00ab un black out m\u00e9diatique concernant l\u2019\u00e9volution positive qu\u2019a connue l\u2019Alg\u00e9rie \u00bb.&nbsp;&nbsp;Et de souligner&nbsp;que \u00ab les m\u00e9dias occidentaux n\u2019\u00e9voquent nullement les exp\u00e9riences r\u00e9ussies de l\u2019Alg\u00e9rie dans&nbsp;de&nbsp;nombreux&nbsp;domaines et braquent les projecteurs sur les points n\u00e9gatifs seulement \u00bb.&nbsp;\u00ab Cela intervient au moment o\u00f9&nbsp;les m\u00eames m\u00e9dias passent sous silence des d\u00e9veloppements dans d\u2019autres pays o\u00f9&nbsp;les peuples souffrent d\u2019oppression et de famine et n\u2019\u00e9voquent en aucun cas, leurs affaires internes, ce qui confirme l\u2019existence d\u2019un plan pour mettre l\u2019Alg\u00e9rie \u00e0 genoux \u00bb, fait-il observer.<\/p>\n\n\n\n<p><strong>Boubekeur Amrani<\/strong><\/p>\n","protected":false},"excerpt":{"rendered":"<p>Lors de sa rencontre p\u00e9riodique avec les m\u00e9dias, le pr\u00e9sident de la R\u00e9publique, Abdelmadjid Tebboune, revenu sur les nouvelles missions<\/p>\n","protected":false},"author":3,"featured_media":14115,"comment_status":"open","ping_status":"closed","sticky":false,"template":"","format":"standard","meta":{"colormag_page_container_layout":"default_layout","colormag_page_sidebar_layout":"default_layout","om_disable_all_campaigns":false,"_monsterinsights_skip_tracking":false,"_monsterinsights_sitenote_active":false,"_monsterinsights_sitenote_note":"","_monsterinsights_sitenote_category":0,"footnotes":"","_wpscppro_dont_share_socialmedia":false,"_wpscppro_custom_social_share_image":0,"_facebook_share_type":"","_twitter_share_type":"","_linkedin_share_type":"","_pinterest_share_type":"","_linkedin_share_type_page":"","_instagram_share_type":"","_medium_share_type":"","_threads_share_type":"","_google_business_share_type":"","_selected_social_profile":[],"_wpsp_enable_custom_social_template":false,"_wpsp_social_scheduling":{"enabled":false,"datetime":null,"platforms":[],"status":"template_only","dateOption":"today","timeOption":"now","customDays":"","customHours":"","customDate":"","customTime":"","schedulingType":"absolute"},"_wpsp_active_default_template":true},"categories":[27],"tags":[],"class_list":["post-14114","post","type-post","status-publish","format-standard","has-post-thumbnail","hentry","category-actualite"],"aioseo_notices":[],"yoast_head":"<!-- This site is optimized with the Yoast SEO plugin v27.5 - https:\/\/yoast.com\/product\/yoast-seo-wordpress\/ -->\n<title>De nouvelles missions assign\u00e9es \u00e0 la diplomatie alg\u00e9rienne : Gagner la guerre de l\u2019image - La Sentinelle<\/title>\n<meta name=\"robots\" content=\"index, follow, max-snippet:-1, max-image-preview:large, max-video-preview:-1\" \/>\n<link rel=\"canonical\" href=\"https:\/\/lasentinelle.dz\/index.php\/2021\/11\/28\/de-nouvelles-missions-assignees-a-la-diplomatie-algerienne-gagner-la-guerre-de-limage\/\" \/>\n<meta property=\"og:locale\" content=\"fr_FR\" \/>\n<meta property=\"og:type\" content=\"article\" \/>\n<meta property=\"og:title\" content=\"De nouvelles missions assign\u00e9es \u00e0 la diplomatie alg\u00e9rienne : Gagner la guerre de l\u2019image - La Sentinelle\" \/>\n<meta property=\"og:description\" content=\"Lors de sa rencontre p\u00e9riodique avec les m\u00e9dias, le pr\u00e9sident de la R\u00e9publique, Abdelmadjid Tebboune, revenu sur les nouvelles missions\" \/>\n<meta property=\"og:url\" content=\"https:\/\/lasentinelle.dz\/index.php\/2021\/11\/28\/de-nouvelles-missions-assignees-a-la-diplomatie-algerienne-gagner-la-guerre-de-limage\/\" \/>\n<meta property=\"og:site_name\" content=\"La Sentinelle\" \/>\n<meta property=\"article:publisher\" content=\"https:\/\/www.facebook.com\/La-Sentinelle-104059864394773\" \/>\n<meta property=\"article:published_time\" content=\"2021-11-27T23:01:00+00:00\" \/>\n<meta property=\"og:image\" content=\"https:\/\/lasentinelle.dz\/wp-content\/uploads\/2021\/11\/vers-lannulation-de-linstruction-du-mae-df741.jpg\" \/>\n\t<meta property=\"og:image:width\" content=\"620\" \/>\n\t<meta property=\"og:image:height\" content=\"406\" \/>\n\t<meta property=\"og:image:type\" content=\"image\/jpeg\" \/>\n<meta name=\"author\" content=\"La Sentinelle\" \/>\n<meta name=\"twitter:card\" content=\"summary_large_image\" \/>\n<meta name=\"twitter:label1\" content=\"\u00c9crit par\" \/>\n\t<meta name=\"twitter:data1\" content=\"La Sentinelle\" \/>\n\t<meta name=\"twitter:label2\" content=\"Dur\u00e9e de lecture estim\u00e9e\" \/>\n\t<meta name=\"twitter:data2\" content=\"2 minutes\" \/>\n<script type=\"application\/ld+json\" class=\"yoast-schema-graph\">{\"@context\":\"https:\\\/\\\/schema.org\",\"@graph\":[{\"@type\":\"Article\",\"@id\":\"https:\\\/\\\/lasentinelle.dz\\\/index.php\\\/2021\\\/11\\\/28\\\/de-nouvelles-missions-assignees-a-la-diplomatie-algerienne-gagner-la-guerre-de-limage\\\/#article\",\"isPartOf\":{\"@id\":\"https:\\\/\\\/lasentinelle.dz\\\/index.php\\\/2021\\\/11\\\/28\\\/de-nouvelles-missions-assignees-a-la-diplomatie-algerienne-gagner-la-guerre-de-limage\\\/\"},\"author\":{\"name\":\"La Sentinelle\",\"@id\":\"https:\\\/\\\/lasentinelle.dz\\\/#\\\/schema\\\/person\\\/d865044e22e70a75174ce8bcad3acfb3\"},\"headline\":\"De nouvelles missions assign\u00e9es \u00e0 la diplomatie alg\u00e9rienne : Gagner la guerre de l\u2019image\",\"datePublished\":\"2021-11-27T23:01:00+00:00\",\"mainEntityOfPage\":{\"@id\":\"https:\\\/\\\/lasentinelle.dz\\\/index.php\\\/2021\\\/11\\\/28\\\/de-nouvelles-missions-assignees-a-la-diplomatie-algerienne-gagner-la-guerre-de-limage\\\/\"},\"wordCount\":477,\"commentCount\":0,\"publisher\":{\"@id\":\"https:\\\/\\\/lasentinelle.dz\\\/#organization\"},\"image\":{\"@id\":\"https:\\\/\\\/lasentinelle.dz\\\/index.php\\\/2021\\\/11\\\/28\\\/de-nouvelles-missions-assignees-a-la-diplomatie-algerienne-gagner-la-guerre-de-limage\\\/#primaryimage\"},\"thumbnailUrl\":\"https:\\\/\\\/lasentinelle.dz\\\/wp-content\\\/uploads\\\/2021\\\/11\\\/vers-lannulation-de-linstruction-du-mae-df741.jpg\",\"articleSection\":[\"Actualit\u00e9\"],\"inLanguage\":\"fr-FR\",\"potentialAction\":[{\"@type\":\"CommentAction\",\"name\":\"Comment\",\"target\":[\"https:\\\/\\\/lasentinelle.dz\\\/index.php\\\/2021\\\/11\\\/28\\\/de-nouvelles-missions-assignees-a-la-diplomatie-algerienne-gagner-la-guerre-de-limage\\\/#respond\"]}]},{\"@type\":\"WebPage\",\"@id\":\"https:\\\/\\\/lasentinelle.dz\\\/index.php\\\/2021\\\/11\\\/28\\\/de-nouvelles-missions-assignees-a-la-diplomatie-algerienne-gagner-la-guerre-de-limage\\\/\",\"url\":\"https:\\\/\\\/lasentinelle.dz\\\/index.php\\\/2021\\\/11\\\/28\\\/de-nouvelles-missions-assignees-a-la-diplomatie-algerienne-gagner-la-guerre-de-limage\\\/\",\"name\":\"De nouvelles missions assign\u00e9es \u00e0 la diplomatie alg\u00e9rienne : Gagner la guerre de l\u2019image - La Sentinelle\",\"isPartOf\":{\"@id\":\"https:\\\/\\\/lasentinelle.dz\\\/#website\"},\"primaryImageOfPage\":{\"@id\":\"https:\\\/\\\/lasentinelle.dz\\\/index.php\\\/2021\\\/11\\\/28\\\/de-nouvelles-missions-assignees-a-la-diplomatie-algerienne-gagner-la-guerre-de-limage\\\/#primaryimage\"},\"image\":{\"@id\":\"https:\\\/\\\/lasentinelle.dz\\\/index.php\\\/2021\\\/11\\\/28\\\/de-nouvelles-missions-assignees-a-la-diplomatie-algerienne-gagner-la-guerre-de-limage\\\/#primaryimage\"},\"thumbnailUrl\":\"https:\\\/\\\/lasentinelle.dz\\\/wp-content\\\/uploads\\\/2021\\\/11\\\/vers-lannulation-de-linstruction-du-mae-df741.jpg\",\"datePublished\":\"2021-11-27T23:01:00+00:00\",\"breadcrumb\":{\"@id\":\"https:\\\/\\\/lasentinelle.dz\\\/index.php\\\/2021\\\/11\\\/28\\\/de-nouvelles-missions-assignees-a-la-diplomatie-algerienne-gagner-la-guerre-de-limage\\\/#breadcrumb\"},\"inLanguage\":\"fr-FR\",\"potentialAction\":[{\"@type\":\"ReadAction\",\"target\":[\"https:\\\/\\\/lasentinelle.dz\\\/index.php\\\/2021\\\/11\\\/28\\\/de-nouvelles-missions-assignees-a-la-diplomatie-algerienne-gagner-la-guerre-de-limage\\\/\"]}]},{\"@type\":\"ImageObject\",\"inLanguage\":\"fr-FR\",\"@id\":\"https:\\\/\\\/lasentinelle.dz\\\/index.php\\\/2021\\\/11\\\/28\\\/de-nouvelles-missions-assignees-a-la-diplomatie-algerienne-gagner-la-guerre-de-limage\\\/#primaryimage\",\"url\":\"https:\\\/\\\/lasentinelle.dz\\\/wp-content\\\/uploads\\\/2021\\\/11\\\/vers-lannulation-de-linstruction-du-mae-df741.jpg\",\"contentUrl\":\"https:\\\/\\\/lasentinelle.dz\\\/wp-content\\\/uploads\\\/2021\\\/11\\\/vers-lannulation-de-linstruction-du-mae-df741.jpg\",\"width\":620,\"height\":406},{\"@type\":\"BreadcrumbList\",\"@id\":\"https:\\\/\\\/lasentinelle.dz\\\/index.php\\\/2021\\\/11\\\/28\\\/de-nouvelles-missions-assignees-a-la-diplomatie-algerienne-gagner-la-guerre-de-limage\\\/#breadcrumb\",\"itemListElement\":[{\"@type\":\"ListItem\",\"position\":1,\"name\":\"Accueil\",\"item\":\"https:\\\/\\\/lasentinelle.dz\\\/\"},{\"@type\":\"ListItem\",\"position\":2,\"name\":\"De nouvelles missions assign\u00e9es \u00e0 la diplomatie alg\u00e9rienne : Gagner la guerre de l\u2019image\"}]},{\"@type\":\"WebSite\",\"@id\":\"https:\\\/\\\/lasentinelle.dz\\\/#website\",\"url\":\"https:\\\/\\\/lasentinelle.dz\\\/\",\"name\":\"La Sentinelle\",\"description\":\"Quotidien national d&#039;information\",\"publisher\":{\"@id\":\"https:\\\/\\\/lasentinelle.dz\\\/#organization\"},\"potentialAction\":[{\"@type\":\"SearchAction\",\"target\":{\"@type\":\"EntryPoint\",\"urlTemplate\":\"https:\\\/\\\/lasentinelle.dz\\\/?s={search_term_string}\"},\"query-input\":{\"@type\":\"PropertyValueSpecification\",\"valueRequired\":true,\"valueName\":\"search_term_string\"}}],\"inLanguage\":\"fr-FR\"},{\"@type\":\"Organization\",\"@id\":\"https:\\\/\\\/lasentinelle.dz\\\/#organization\",\"name\":\"Quotidien La Sentinelle\",\"url\":\"https:\\\/\\\/lasentinelle.dz\\\/\",\"logo\":{\"@type\":\"ImageObject\",\"inLanguage\":\"fr-FR\",\"@id\":\"https:\\\/\\\/lasentinelle.dz\\\/#\\\/schema\\\/logo\\\/image\\\/\",\"url\":\"https:\\\/\\\/lasentinelle.dz\\\/wp-content\\\/uploads\\\/2021\\\/09\\\/logo-sentinelleSLOGAN-1.png\",\"contentUrl\":\"https:\\\/\\\/lasentinelle.dz\\\/wp-content\\\/uploads\\\/2021\\\/09\\\/logo-sentinelleSLOGAN-1.png\",\"width\":615,\"height\":142,\"caption\":\"Quotidien La Sentinelle\"},\"image\":{\"@id\":\"https:\\\/\\\/lasentinelle.dz\\\/#\\\/schema\\\/logo\\\/image\\\/\"},\"sameAs\":[\"https:\\\/\\\/www.facebook.com\\\/La-Sentinelle-104059864394773\"]},{\"@type\":\"Person\",\"@id\":\"https:\\\/\\\/lasentinelle.dz\\\/#\\\/schema\\\/person\\\/d865044e22e70a75174ce8bcad3acfb3\",\"name\":\"La Sentinelle\",\"image\":{\"@type\":\"ImageObject\",\"inLanguage\":\"fr-FR\",\"@id\":\"https:\\\/\\\/secure.gravatar.com\\\/avatar\\\/57de8e5d4b15d43fb361a71fbb36338450fe67865b528a43dd10ef7c51a20392?s=96&d=mm&r=g\",\"url\":\"https:\\\/\\\/secure.gravatar.com\\\/avatar\\\/57de8e5d4b15d43fb361a71fbb36338450fe67865b528a43dd10ef7c51a20392?s=96&d=mm&r=g\",\"contentUrl\":\"https:\\\/\\\/secure.gravatar.com\\\/avatar\\\/57de8e5d4b15d43fb361a71fbb36338450fe67865b528a43dd10ef7c51a20392?s=96&d=mm&r=g\",\"caption\":\"La Sentinelle\"},\"sameAs\":[\"http:\\\/\\\/www.lasentinelle.dz\"],\"url\":\"https:\\\/\\\/lasentinelle.dz\\\/author\\\/redaction\\\/\"}]}<\/script>\n<!-- \/ Yoast SEO plugin. -->","yoast_head_json":{"title":"De nouvelles missions assign\u00e9es \u00e0 la diplomatie alg\u00e9rienne : Gagner la guerre de l\u2019image - La Sentinelle","robots":{"index":"index","follow":"follow","max-snippet":"max-snippet:-1","max-image-preview":"max-image-preview:large","max-video-preview":"max-video-preview:-1"},"canonical":"https:\/\/lasentinelle.dz\/index.php\/2021\/11\/28\/de-nouvelles-missions-assignees-a-la-diplomatie-algerienne-gagner-la-guerre-de-limage\/","og_locale":"fr_FR","og_type":"article","og_title":"De nouvelles missions assign\u00e9es \u00e0 la diplomatie alg\u00e9rienne : Gagner la guerre de l\u2019image - La Sentinelle","og_description":"Lors de sa rencontre p\u00e9riodique avec les m\u00e9dias, le pr\u00e9sident de la R\u00e9publique, Abdelmadjid Tebboune, revenu sur les nouvelles missions","og_url":"https:\/\/lasentinelle.dz\/index.php\/2021\/11\/28\/de-nouvelles-missions-assignees-a-la-diplomatie-algerienne-gagner-la-guerre-de-limage\/","og_site_name":"La Sentinelle","article_publisher":"https:\/\/www.facebook.com\/La-Sentinelle-104059864394773","article_published_time":"2021-11-27T23:01:00+00:00","og_image":[{"width":620,"height":406,"url":"https:\/\/lasentinelle.dz\/wp-content\/uploads\/2021\/11\/vers-lannulation-de-linstruction-du-mae-df741.jpg","type":"image\/jpeg"}],"author":"La Sentinelle","twitter_card":"summary_large_image","twitter_misc":{"\u00c9crit par":"La Sentinelle","Dur\u00e9e de lecture estim\u00e9e":"2 minutes"},"schema":{"@context":"https:\/\/schema.org","@graph":[{"@type":"Article","@id":"https:\/\/lasentinelle.dz\/index.php\/2021\/11\/28\/de-nouvelles-missions-assignees-a-la-diplomatie-algerienne-gagner-la-guerre-de-limage\/#article","isPartOf":{"@id":"https:\/\/lasentinelle.dz\/index.php\/2021\/11\/28\/de-nouvelles-missions-assignees-a-la-diplomatie-algerienne-gagner-la-guerre-de-limage\/"},"author":{"name":"La Sentinelle","@id":"https:\/\/lasentinelle.dz\/#\/schema\/person\/d865044e22e70a75174ce8bcad3acfb3"},"headline":"De nouvelles missions assign\u00e9es \u00e0 la diplomatie alg\u00e9rienne : Gagner la guerre de l\u2019image","datePublished":"2021-11-27T23:01:00+00:00","mainEntityOfPage":{"@id":"https:\/\/lasentinelle.dz\/index.php\/2021\/11\/28\/de-nouvelles-missions-assignees-a-la-diplomatie-algerienne-gagner-la-guerre-de-limage\/"},"wordCount":477,"commentCount":0,"publisher":{"@id":"https:\/\/lasentinelle.dz\/#organization"},"image":{"@id":"https:\/\/lasentinelle.dz\/index.php\/2021\/11\/28\/de-nouvelles-missions-assignees-a-la-diplomatie-algerienne-gagner-la-guerre-de-limage\/#primaryimage"},"thumbnailUrl":"https:\/\/lasentinelle.dz\/wp-content\/uploads\/2021\/11\/vers-lannulation-de-linstruction-du-mae-df741.jpg","articleSection":["Actualit\u00e9"],"inLanguage":"fr-FR","potentialAction":[{"@type":"CommentAction","name":"Comment","target":["https:\/\/lasentinelle.dz\/index.php\/2021\/11\/28\/de-nouvelles-missions-assignees-a-la-diplomatie-algerienne-gagner-la-guerre-de-limage\/#respond"]}]},{"@type":"WebPage","@id":"https:\/\/lasentinelle.dz\/index.php\/2021\/11\/28\/de-nouvelles-missions-assignees-a-la-diplomatie-algerienne-gagner-la-guerre-de-limage\/","url":"https:\/\/lasentinelle.dz\/index.php\/2021\/11\/28\/de-nouvelles-missions-assignees-a-la-diplomatie-algerienne-gagner-la-guerre-de-limage\/","name":"De nouvelles missions assign\u00e9es \u00e0 la diplomatie alg\u00e9rienne : Gagner la guerre de l\u2019image - La Sentinelle","isPartOf":{"@id":"https:\/\/lasentinelle.dz\/#website"},"primaryImageOfPage":{"@id":"https:\/\/lasentinelle.dz\/index.php\/2021\/11\/28\/de-nouvelles-missions-assignees-a-la-diplomatie-algerienne-gagner-la-guerre-de-limage\/#primaryimage"},"image":{"@id":"https:\/\/lasentinelle.dz\/index.php\/2021\/11\/28\/de-nouvelles-missions-assignees-a-la-diplomatie-algerienne-gagner-la-guerre-de-limage\/#primaryimage"},"thumbnailUrl":"https:\/\/lasentinelle.dz\/wp-content\/uploads\/2021\/11\/vers-lannulation-de-linstruction-du-mae-df741.jpg","datePublished":"2021-11-27T23:01:00+00:00","breadcrumb":{"@id":"https:\/\/lasentinelle.dz\/index.php\/2021\/11\/28\/de-nouvelles-missions-assignees-a-la-diplomatie-algerienne-gagner-la-guerre-de-limage\/#breadcrumb"},"inLanguage":"fr-FR","potentialAction":[{"@type":"ReadAction","target":["https:\/\/lasentinelle.dz\/index.php\/2021\/11\/28\/de-nouvelles-missions-assignees-a-la-diplomatie-algerienne-gagner-la-guerre-de-limage\/"]}]},{"@type":"ImageObject","inLanguage":"fr-FR","@id":"https:\/\/lasentinelle.dz\/index.php\/2021\/11\/28\/de-nouvelles-missions-assignees-a-la-diplomatie-algerienne-gagner-la-guerre-de-limage\/#primaryimage","url":"https:\/\/lasentinelle.dz\/wp-content\/uploads\/2021\/11\/vers-lannulation-de-linstruction-du-mae-df741.jpg","contentUrl":"https:\/\/lasentinelle.dz\/wp-content\/uploads\/2021\/11\/vers-lannulation-de-linstruction-du-mae-df741.jpg","width":620,"height":406},{"@type":"BreadcrumbList","@id":"https:\/\/lasentinelle.dz\/index.php\/2021\/11\/28\/de-nouvelles-missions-assignees-a-la-diplomatie-algerienne-gagner-la-guerre-de-limage\/#breadcrumb","itemListElement":[{"@type":"ListItem","position":1,"name":"Accueil","item":"https:\/\/lasentinelle.dz\/"},{"@type":"ListItem","position":2,"name":"De nouvelles missions assign\u00e9es \u00e0 la diplomatie alg\u00e9rienne : Gagner la guerre de l\u2019image"}]},{"@type":"WebSite","@id":"https:\/\/lasentinelle.dz\/#website","url":"https:\/\/lasentinelle.dz\/","name":"La Sentinelle","description":"Quotidien national d&#039;information","publisher":{"@id":"https:\/\/lasentinelle.dz\/#organization"},"potentialAction":[{"@type":"SearchAction","target":{"@type":"EntryPoint","urlTemplate":"https:\/\/lasentinelle.dz\/?s={search_term_string}"},"query-input":{"@type":"PropertyValueSpecification","valueRequired":true,"valueName":"search_term_string"}}],"inLanguage":"fr-FR"},{"@type":"Organization","@id":"https:\/\/lasentinelle.dz\/#organization","name":"Quotidien La Sentinelle","url":"https:\/\/lasentinelle.dz\/","logo":{"@type":"ImageObject","inLanguage":"fr-FR","@id":"https:\/\/lasentinelle.dz\/#\/schema\/logo\/image\/","url":"https:\/\/lasentinelle.dz\/wp-content\/uploads\/2021\/09\/logo-sentinelleSLOGAN-1.png","contentUrl":"https:\/\/lasentinelle.dz\/wp-content\/uploads\/2021\/09\/logo-sentinelleSLOGAN-1.png","width":615,"height":142,"caption":"Quotidien La Sentinelle"},"image":{"@id":"https:\/\/lasentinelle.dz\/#\/schema\/logo\/image\/"},"sameAs":["https:\/\/www.facebook.com\/La-Sentinelle-104059864394773"]},{"@type":"Person","@id":"https:\/\/lasentinelle.dz\/#\/schema\/person\/d865044e22e70a75174ce8bcad3acfb3","name":"La Sentinelle","image":{"@type":"ImageObject","inLanguage":"fr-FR","@id":"https:\/\/secure.gravatar.com\/avatar\/57de8e5d4b15d43fb361a71fbb36338450fe67865b528a43dd10ef7c51a20392?s=96&d=mm&r=g","url":"https:\/\/secure.gravatar.com\/avatar\/57de8e5d4b15d43fb361a71fbb36338450fe67865b528a43dd10ef7c51a20392?s=96&d=mm&r=g","contentUrl":"https:\/\/secure.gravatar.com\/avatar\/57de8e5d4b15d43fb361a71fbb36338450fe67865b528a43dd10ef7c51a20392?s=96&d=mm&r=g","caption":"La Sentinelle"},"sameAs":["http:\/\/www.lasentinelle.dz"],"url":"https:\/\/lasentinelle.dz\/author\/redaction\/"}]}},"_links":{"self":[{"href":"https:\/\/lasentinelle.dz\/index.php\/wp-json\/wp\/v2\/posts\/14114","targetHints":{"allow":["GET"]}}],"collection":[{"href":"https:\/\/lasentinelle.dz\/index.php\/wp-json\/wp\/v2\/posts"}],"about":[{"href":"https:\/\/lasentinelle.dz\/index.php\/wp-json\/wp\/v2\/types\/post"}],"author":[{"embeddable":true,"href":"https:\/\/lasentinelle.dz\/index.php\/wp-json\/wp\/v2\/users\/3"}],"replies":[{"embeddable":true,"href":"https:\/\/lasentinelle.dz\/index.php\/wp-json\/wp\/v2\/comments?post=14114"}],"version-history":[{"count":1,"href":"https:\/\/lasentinelle.dz\/index.php\/wp-json\/wp\/v2\/posts\/14114\/revisions"}],"predecessor-version":[{"id":14116,"href":"https:\/\/lasentinelle.dz\/index.php\/wp-json\/wp\/v2\/posts\/14114\/revisions\/14116"}],"wp:featuredmedia":[{"embeddable":true,"href":"https:\/\/lasentinelle.dz\/index.php\/wp-json\/wp\/v2\/media\/14115"}],"wp:attachment":[{"href":"https:\/\/lasentinelle.dz\/index.php\/wp-json\/wp\/v2\/media?parent=14114"}],"wp:term":[{"taxonomy":"category","embeddable":true,"href":"https:\/\/lasentinelle.dz\/index.php\/wp-json\/wp\/v2\/categories?post=14114"},{"taxonomy":"post_tag","embeddable":true,"href":"https:\/\/lasentinelle.dz\/index.php\/wp-json\/wp\/v2\/tags?post=14114"}],"curies":[{"name":"wp","href":"https:\/\/api.w.org\/{rel}","templated":true}]}}