{"id":14117,"date":"2021-11-28T00:01:00","date_gmt":"2021-11-27T23:01:00","guid":{"rendered":"https:\/\/lasentinelle.dz\/?p=14117"},"modified":"2021-11-27T19:21:32","modified_gmt":"2021-11-27T18:21:32","slug":"menaces-maroco-sionistes-contre-lalgerie-une-attitude-infame-et-deshonorante","status":"publish","type":"post","link":"https:\/\/lasentinelle.dz\/index.php\/2021\/11\/28\/menaces-maroco-sionistes-contre-lalgerie-une-attitude-infame-et-deshonorante\/","title":{"rendered":"Menaces maroco-sionistes contre l\u2019Alg\u00e9rie : Une attitude \u00ab inf\u00e2me et d\u00e9shonorante \u00bb"},"content":{"rendered":"\n<p>La politique \u00e9trang\u00e8re a \u00e9t\u00e9 au c\u0153ur de l\u2019intervention du pr\u00e9sident de la R\u00e9publique, Abdelmadjid Tebboune, vendredi soir, d\u2019autant que le contexte r\u00e9gional actuel interpelle \u00e0 plus d\u2019un titre.&nbsp;<\/p>\n\n\n\n<p>La visite du minist\u00e8re de la d\u00e9fense de l\u2019entit\u00e9 sioniste au Maroc a confirm\u00e9 l\u2019hostilit\u00e9 et les menaces que font peser le Makhzen et son alli\u00e9 sioniste sur l\u2019Alg\u00e9rie.<\/p>\n\n\n\n<p>C\u2019est dans ce contexte, que le pr\u00e9sident de la R\u00e9publique, a \u00e9t\u00e9 interpell\u00e9 sur la question lors que sa rencontre traditionnelle avec les repr\u00e9sentants de la presse nationale. L\u2019occasion pour le Pr\u00e9sident Tebboune de rappeler l\u2019attitude belliqueuse et \u00e9hont\u00e9e du r\u00e9gime marocain pr\u00eat \u00e0 toutes les concussions pour porter atteinte \u00e0 l\u2019Alg\u00e9rie. Il a ainsi rappel\u00e9&nbsp;la visite&nbsp;pr\u00e9c\u00e9dente&nbsp;du ministre des affaires \u00e9trang\u00e8res de l\u2019entit\u00e9 sioniste en ao\u00fbt&nbsp;dernier&nbsp;au Maroc \u00e0 partir d\u2019o\u00f9 il avait prof\u00e9r\u00e9 des menaces \u00e0 l\u2019encontre de l\u2019Alg\u00e9rie.&nbsp;Le pr\u00e9sident de la R\u00e9publique&nbsp;s\u2019est dit \u00ab triste qu\u2019un ministre de l\u2019entit\u00e9 sioniste menace un pays arabe (l\u2019Alg\u00e9rie) \u00e0 partir d\u2019un autre pays arabe (le Maroc) qualifiant cet acte \u00ab d\u2019inf\u00e2me et d\u00e9shonorant \u00bb.&nbsp;\u00ab C\u2019est la premi\u00e8re fois depuis 1948 qu\u2019un ministre de cette entit\u00e9 visite un pays arabe et y prof\u00e8re des menaces \u00e0 l\u2019encontre d\u2019un autre pays arabe \u00bb, expliquant qu\u2019 \u00ab tel acte entache d\u2019opprobre le pays h\u00f4te \u00bb. Il a \u00e9galement qualifi\u00e9 le r\u00f4le du&nbsp;Maroc&nbsp;de&nbsp;\u00ab pr\u00e9occupant pour la r\u00e9gion \u00bb.&nbsp;\u00ab Cet aventurisme dangereux du ministre de l\u2019entit\u00e9 sioniste, bat en br\u00e8che le slogan de la pr\u00e9tendue main tendue que la propagande marocaine continue de r\u00e9pandre abusivement et vainement \u00bb, avait r\u00e9torqu\u00e9 \u00e0 cette \u00e9poque la diplomatie&nbsp;alg\u00e9rienne.<\/p>\n\n\n\n<p>Concernant la tenue du sommet&nbsp;arabe en Alg\u00e9rie, le pr\u00e9sident de la R\u00e9publique a affirm\u00e9 que \u00ab l\u2019Alg\u00e9rie est un Etat qui rassemble les bellig\u00e9rants \u00bb faisant allusion \u00e0 la participation de la Syrie au prochain sommet arabe pr\u00e9vu pour le 22 mars 2022 \u00e0 Alger.&nbsp;Le chef de l\u2019Etat a indiqu\u00e9 \u00e0 ce propos que \u00ab lorsque nous organisons un sommet arabe, il faut qu\u2019il soit rassembleur, la Syrie est cens\u00e9e y participer \u00bb, souhaitant que \u00ab ce sommet puisse constituer un nouveau d\u00e9part pour un monde arabe d\u00e9chir\u00e9 \u00bb.&nbsp;\u00ab L\u2019Alg\u00e9rie n\u2019applaudit pas la discorde et la division entre les pays arabes, c\u2019est un Etat qui f\u00e9d\u00e8re les bellig\u00e9rants, en Afrique, dans le monde arabe et m\u00eame en Europe et dans les Balkans \u00bb, a mis en avant le&nbsp;Pr\u00e9sident Abdelmadjid Tebboune.&nbsp;Concernant la r\u00e9forme de la Ligue Arabe, le pr\u00e9sident de la R\u00e9publique, a fait savoir \u00e0 ce sujet que \u00ab cette derni\u00e8re n\u2019a pas chang\u00e9 depuis 1948, toutes les organisations ont chang\u00e9 sauf la ligue Arabe \u00bb.&nbsp;Il rappellera en ce sens l\u2019Organisation des Nations Unies,&nbsp;&nbsp;appel\u00e9e auparavant la Soci\u00e9t\u00e9 des Nations et l\u2019ex Organisation de l\u2019Union Africaine, r\u00e9gies actuellement par des r\u00e8glements int\u00e9rieurs efficients.<\/p>\n\n\n\n<p><strong>\u00ab&nbsp;Nous n\u2019acceptons aucun diktat&nbsp;\u00bb<\/strong><\/p>\n\n\n\n<p>\u00ab Nos relations sont d\u2019abord m\u00e9diterran\u00e9ennes, Maghr\u00e9bines et arabes, nous entretenons de bonnes relations avec l\u2019ensemble des pays musulmans, hormis ceux qui nous sont hostiles, l\u2019Alg\u00e9rie n\u2019a de haine pour aucun pays \u00bb, tenait \u00e0 pr\u00e9ciser le chef de l\u2019Etat.<\/p>\n\n\n\n<p>\u00c0 propos des relations alg\u00e9ro-fran\u00e7aises, le pr\u00e9sident de la R\u00e9publique a, une nouvelle fois, r\u00e9affirm\u00e9 les pr\u00e9alables \u00e0 tout retour \u00e0 la normalit\u00e9 et lequel devra se faire&nbsp;sur la base d&rsquo;un traitement d'\u00a0\u00bb\u00e9gal \u00e0 \u00e9gal\u00a0\u00bb.&nbsp;\u00ab\u00a0Le retour \u00e0 la normale des relations alg\u00e9ro-fran\u00e7aises est in\u00e9luctable, mais \u00e0 des conditions. L&rsquo;autre partie doit comprendre que le traitement d&rsquo;\u00e9gal \u00e0 \u00e9gal n&rsquo;est nullement une provocation, mais plut\u00f4t un garant de la souverainet\u00e9 d&rsquo;un pays, arrach\u00e9e au prix de 5.630.000 de martyrs tomb\u00e9s au champs d&rsquo;honneur entre 1830 et 1962\u00a0\u00bb, a indiqu\u00e9&nbsp;Abdelmadjid Tebboune. Celui-ci souligne d\u2019ailleurs que \u00ab&nbsp;les relations entre les deux pays doivent d\u00e9sormais ob\u00e9ir \u00e0 un traitement d&rsquo;\u00e9gal \u00e0 \u00e9gal&#8230;L&rsquo;Alg\u00e9rie ne tol\u00e9rera aucun diktat&nbsp;\u00bb. Et de rappeler que le \u00ab&nbsp;r\u00e9tablissement de relations avec la France ne sera pas synonyme de placement sous sa tutelle&nbsp;\u00bb.<\/p>\n\n\n\n<p><strong>Idir Yaghmoracen<\/strong><\/p>\n","protected":false},"excerpt":{"rendered":"<p>La politique \u00e9trang\u00e8re a \u00e9t\u00e9 au c\u0153ur de l\u2019intervention du pr\u00e9sident de la R\u00e9publique, Abdelmadjid Tebboune, vendredi soir, d\u2019autant que<\/p>\n","protected":false},"author":3,"featured_media":14118,"comment_status":"open","ping_status":"closed","sticky":false,"template":"","format":"standard","meta":{"colormag_page_container_layout":"default_layout","colormag_page_sidebar_layout":"default_layout","om_disable_all_campaigns":false,"_monsterinsights_skip_tracking":false,"_monsterinsights_sitenote_active":false,"_monsterinsights_sitenote_note":"","_monsterinsights_sitenote_category":0,"footnotes":"","_wpscppro_dont_share_socialmedia":false,"_wpscppro_custom_social_share_image":0,"_facebook_share_type":"","_twitter_share_type":"","_linkedin_share_type":"","_pinterest_share_type":"","_linkedin_share_type_page":"","_instagram_share_type":"","_medium_share_type":"","_threads_share_type":"","_google_business_share_type":"","_selected_social_profile":[],"_wpsp_enable_custom_social_template":false,"_wpsp_social_scheduling":{"enabled":false,"datetime":null,"platforms":[],"status":"template_only","dateOption":"today","timeOption":"now","customDays":"","customHours":"","customDate":"","customTime":"","schedulingType":"absolute"},"_wpsp_active_default_template":true},"categories":[27],"tags":[],"class_list":["post-14117","post","type-post","status-publish","format-standard","has-post-thumbnail","hentry","category-actualite"],"aioseo_notices":[],"yoast_head":"<!-- This site is optimized with the Yoast SEO plugin v27.5 - https:\/\/yoast.com\/product\/yoast-seo-wordpress\/ -->\n<title>Menaces maroco-sionistes contre l\u2019Alg\u00e9rie : Une attitude \u00ab inf\u00e2me et d\u00e9shonorante \u00bb - La Sentinelle<\/title>\n<meta name=\"robots\" content=\"index, follow, max-snippet:-1, max-image-preview:large, max-video-preview:-1\" \/>\n<link rel=\"canonical\" href=\"https:\/\/lasentinelle.dz\/index.php\/2021\/11\/28\/menaces-maroco-sionistes-contre-lalgerie-une-attitude-infame-et-deshonorante\/\" \/>\n<meta property=\"og:locale\" content=\"fr_FR\" \/>\n<meta property=\"og:type\" content=\"article\" \/>\n<meta property=\"og:title\" content=\"Menaces maroco-sionistes contre l\u2019Alg\u00e9rie : Une attitude \u00ab inf\u00e2me et d\u00e9shonorante \u00bb - La Sentinelle\" \/>\n<meta property=\"og:description\" content=\"La politique \u00e9trang\u00e8re a \u00e9t\u00e9 au c\u0153ur de l\u2019intervention du pr\u00e9sident de la R\u00e9publique, Abdelmadjid Tebboune, vendredi soir, d\u2019autant que\" \/>\n<meta property=\"og:url\" content=\"https:\/\/lasentinelle.dz\/index.php\/2021\/11\/28\/menaces-maroco-sionistes-contre-lalgerie-une-attitude-infame-et-deshonorante\/\" \/>\n<meta property=\"og:site_name\" content=\"La Sentinelle\" \/>\n<meta property=\"article:publisher\" content=\"https:\/\/www.facebook.com\/La-Sentinelle-104059864394773\" \/>\n<meta property=\"article:published_time\" content=\"2021-11-27T23:01:00+00:00\" \/>\n<meta property=\"og:image\" content=\"https:\/\/lasentinelle.dz\/wp-content\/uploads\/2021\/11\/tebboune-medias.png\" \/>\n\t<meta property=\"og:image:width\" content=\"1351\" \/>\n\t<meta property=\"og:image:height\" content=\"900\" \/>\n\t<meta property=\"og:image:type\" content=\"image\/png\" \/>\n<meta name=\"author\" content=\"La Sentinelle\" \/>\n<meta name=\"twitter:card\" content=\"summary_large_image\" \/>\n<meta name=\"twitter:label1\" content=\"\u00c9crit par\" \/>\n\t<meta name=\"twitter:data1\" content=\"La Sentinelle\" \/>\n\t<meta name=\"twitter:label2\" content=\"Dur\u00e9e de lecture estim\u00e9e\" \/>\n\t<meta name=\"twitter:data2\" content=\"3 minutes\" \/>\n<script type=\"application\/ld+json\" class=\"yoast-schema-graph\">{\"@context\":\"https:\\\/\\\/schema.org\",\"@graph\":[{\"@type\":\"Article\",\"@id\":\"https:\\\/\\\/lasentinelle.dz\\\/index.php\\\/2021\\\/11\\\/28\\\/menaces-maroco-sionistes-contre-lalgerie-une-attitude-infame-et-deshonorante\\\/#article\",\"isPartOf\":{\"@id\":\"https:\\\/\\\/lasentinelle.dz\\\/index.php\\\/2021\\\/11\\\/28\\\/menaces-maroco-sionistes-contre-lalgerie-une-attitude-infame-et-deshonorante\\\/\"},\"author\":{\"name\":\"La Sentinelle\",\"@id\":\"https:\\\/\\\/lasentinelle.dz\\\/#\\\/schema\\\/person\\\/d865044e22e70a75174ce8bcad3acfb3\"},\"headline\":\"Menaces maroco-sionistes contre l\u2019Alg\u00e9rie : Une attitude \u00ab inf\u00e2me et d\u00e9shonorante \u00bb\",\"datePublished\":\"2021-11-27T23:01:00+00:00\",\"mainEntityOfPage\":{\"@id\":\"https:\\\/\\\/lasentinelle.dz\\\/index.php\\\/2021\\\/11\\\/28\\\/menaces-maroco-sionistes-contre-lalgerie-une-attitude-infame-et-deshonorante\\\/\"},\"wordCount\":778,\"commentCount\":0,\"publisher\":{\"@id\":\"https:\\\/\\\/lasentinelle.dz\\\/#organization\"},\"image\":{\"@id\":\"https:\\\/\\\/lasentinelle.dz\\\/index.php\\\/2021\\\/11\\\/28\\\/menaces-maroco-sionistes-contre-lalgerie-une-attitude-infame-et-deshonorante\\\/#primaryimage\"},\"thumbnailUrl\":\"https:\\\/\\\/lasentinelle.dz\\\/wp-content\\\/uploads\\\/2021\\\/11\\\/tebboune-medias.png\",\"articleSection\":[\"Actualit\u00e9\"],\"inLanguage\":\"fr-FR\",\"potentialAction\":[{\"@type\":\"CommentAction\",\"name\":\"Comment\",\"target\":[\"https:\\\/\\\/lasentinelle.dz\\\/index.php\\\/2021\\\/11\\\/28\\\/menaces-maroco-sionistes-contre-lalgerie-une-attitude-infame-et-deshonorante\\\/#respond\"]}]},{\"@type\":\"WebPage\",\"@id\":\"https:\\\/\\\/lasentinelle.dz\\\/index.php\\\/2021\\\/11\\\/28\\\/menaces-maroco-sionistes-contre-lalgerie-une-attitude-infame-et-deshonorante\\\/\",\"url\":\"https:\\\/\\\/lasentinelle.dz\\\/index.php\\\/2021\\\/11\\\/28\\\/menaces-maroco-sionistes-contre-lalgerie-une-attitude-infame-et-deshonorante\\\/\",\"name\":\"Menaces maroco-sionistes contre l\u2019Alg\u00e9rie : Une attitude \u00ab inf\u00e2me et d\u00e9shonorante \u00bb - La Sentinelle\",\"isPartOf\":{\"@id\":\"https:\\\/\\\/lasentinelle.dz\\\/#website\"},\"primaryImageOfPage\":{\"@id\":\"https:\\\/\\\/lasentinelle.dz\\\/index.php\\\/2021\\\/11\\\/28\\\/menaces-maroco-sionistes-contre-lalgerie-une-attitude-infame-et-deshonorante\\\/#primaryimage\"},\"image\":{\"@id\":\"https:\\\/\\\/lasentinelle.dz\\\/index.php\\\/2021\\\/11\\\/28\\\/menaces-maroco-sionistes-contre-lalgerie-une-attitude-infame-et-deshonorante\\\/#primaryimage\"},\"thumbnailUrl\":\"https:\\\/\\\/lasentinelle.dz\\\/wp-content\\\/uploads\\\/2021\\\/11\\\/tebboune-medias.png\",\"datePublished\":\"2021-11-27T23:01:00+00:00\",\"breadcrumb\":{\"@id\":\"https:\\\/\\\/lasentinelle.dz\\\/index.php\\\/2021\\\/11\\\/28\\\/menaces-maroco-sionistes-contre-lalgerie-une-attitude-infame-et-deshonorante\\\/#breadcrumb\"},\"inLanguage\":\"fr-FR\",\"potentialAction\":[{\"@type\":\"ReadAction\",\"target\":[\"https:\\\/\\\/lasentinelle.dz\\\/index.php\\\/2021\\\/11\\\/28\\\/menaces-maroco-sionistes-contre-lalgerie-une-attitude-infame-et-deshonorante\\\/\"]}]},{\"@type\":\"ImageObject\",\"inLanguage\":\"fr-FR\",\"@id\":\"https:\\\/\\\/lasentinelle.dz\\\/index.php\\\/2021\\\/11\\\/28\\\/menaces-maroco-sionistes-contre-lalgerie-une-attitude-infame-et-deshonorante\\\/#primaryimage\",\"url\":\"https:\\\/\\\/lasentinelle.dz\\\/wp-content\\\/uploads\\\/2021\\\/11\\\/tebboune-medias.png\",\"contentUrl\":\"https:\\\/\\\/lasentinelle.dz\\\/wp-content\\\/uploads\\\/2021\\\/11\\\/tebboune-medias.png\",\"width\":1351,\"height\":900},{\"@type\":\"BreadcrumbList\",\"@id\":\"https:\\\/\\\/lasentinelle.dz\\\/index.php\\\/2021\\\/11\\\/28\\\/menaces-maroco-sionistes-contre-lalgerie-une-attitude-infame-et-deshonorante\\\/#breadcrumb\",\"itemListElement\":[{\"@type\":\"ListItem\",\"position\":1,\"name\":\"Accueil\",\"item\":\"https:\\\/\\\/lasentinelle.dz\\\/\"},{\"@type\":\"ListItem\",\"position\":2,\"name\":\"Menaces maroco-sionistes contre l\u2019Alg\u00e9rie : Une attitude \u00ab inf\u00e2me et d\u00e9shonorante \u00bb\"}]},{\"@type\":\"WebSite\",\"@id\":\"https:\\\/\\\/lasentinelle.dz\\\/#website\",\"url\":\"https:\\\/\\\/lasentinelle.dz\\\/\",\"name\":\"La Sentinelle\",\"description\":\"Quotidien national d&#039;information\",\"publisher\":{\"@id\":\"https:\\\/\\\/lasentinelle.dz\\\/#organization\"},\"potentialAction\":[{\"@type\":\"SearchAction\",\"target\":{\"@type\":\"EntryPoint\",\"urlTemplate\":\"https:\\\/\\\/lasentinelle.dz\\\/?s={search_term_string}\"},\"query-input\":{\"@type\":\"PropertyValueSpecification\",\"valueRequired\":true,\"valueName\":\"search_term_string\"}}],\"inLanguage\":\"fr-FR\"},{\"@type\":\"Organization\",\"@id\":\"https:\\\/\\\/lasentinelle.dz\\\/#organization\",\"name\":\"Quotidien La Sentinelle\",\"url\":\"https:\\\/\\\/lasentinelle.dz\\\/\",\"logo\":{\"@type\":\"ImageObject\",\"inLanguage\":\"fr-FR\",\"@id\":\"https:\\\/\\\/lasentinelle.dz\\\/#\\\/schema\\\/logo\\\/image\\\/\",\"url\":\"https:\\\/\\\/lasentinelle.dz\\\/wp-content\\\/uploads\\\/2021\\\/09\\\/logo-sentinelleSLOGAN-1.png\",\"contentUrl\":\"https:\\\/\\\/lasentinelle.dz\\\/wp-content\\\/uploads\\\/2021\\\/09\\\/logo-sentinelleSLOGAN-1.png\",\"width\":615,\"height\":142,\"caption\":\"Quotidien La Sentinelle\"},\"image\":{\"@id\":\"https:\\\/\\\/lasentinelle.dz\\\/#\\\/schema\\\/logo\\\/image\\\/\"},\"sameAs\":[\"https:\\\/\\\/www.facebook.com\\\/La-Sentinelle-104059864394773\"]},{\"@type\":\"Person\",\"@id\":\"https:\\\/\\\/lasentinelle.dz\\\/#\\\/schema\\\/person\\\/d865044e22e70a75174ce8bcad3acfb3\",\"name\":\"La Sentinelle\",\"image\":{\"@type\":\"ImageObject\",\"inLanguage\":\"fr-FR\",\"@id\":\"https:\\\/\\\/secure.gravatar.com\\\/avatar\\\/57de8e5d4b15d43fb361a71fbb36338450fe67865b528a43dd10ef7c51a20392?s=96&d=mm&r=g\",\"url\":\"https:\\\/\\\/secure.gravatar.com\\\/avatar\\\/57de8e5d4b15d43fb361a71fbb36338450fe67865b528a43dd10ef7c51a20392?s=96&d=mm&r=g\",\"contentUrl\":\"https:\\\/\\\/secure.gravatar.com\\\/avatar\\\/57de8e5d4b15d43fb361a71fbb36338450fe67865b528a43dd10ef7c51a20392?s=96&d=mm&r=g\",\"caption\":\"La Sentinelle\"},\"sameAs\":[\"http:\\\/\\\/www.lasentinelle.dz\"],\"url\":\"https:\\\/\\\/lasentinelle.dz\\\/author\\\/redaction\\\/\"}]}<\/script>\n<!-- \/ Yoast SEO plugin. -->","yoast_head_json":{"title":"Menaces maroco-sionistes contre l\u2019Alg\u00e9rie : Une attitude \u00ab inf\u00e2me et d\u00e9shonorante \u00bb - La Sentinelle","robots":{"index":"index","follow":"follow","max-snippet":"max-snippet:-1","max-image-preview":"max-image-preview:large","max-video-preview":"max-video-preview:-1"},"canonical":"https:\/\/lasentinelle.dz\/index.php\/2021\/11\/28\/menaces-maroco-sionistes-contre-lalgerie-une-attitude-infame-et-deshonorante\/","og_locale":"fr_FR","og_type":"article","og_title":"Menaces maroco-sionistes contre l\u2019Alg\u00e9rie : Une attitude \u00ab inf\u00e2me et d\u00e9shonorante \u00bb - La Sentinelle","og_description":"La politique \u00e9trang\u00e8re a \u00e9t\u00e9 au c\u0153ur de l\u2019intervention du pr\u00e9sident de la R\u00e9publique, Abdelmadjid Tebboune, vendredi soir, d\u2019autant que","og_url":"https:\/\/lasentinelle.dz\/index.php\/2021\/11\/28\/menaces-maroco-sionistes-contre-lalgerie-une-attitude-infame-et-deshonorante\/","og_site_name":"La Sentinelle","article_publisher":"https:\/\/www.facebook.com\/La-Sentinelle-104059864394773","article_published_time":"2021-11-27T23:01:00+00:00","og_image":[{"width":1351,"height":900,"url":"https:\/\/lasentinelle.dz\/wp-content\/uploads\/2021\/11\/tebboune-medias.png","type":"image\/png"}],"author":"La Sentinelle","twitter_card":"summary_large_image","twitter_misc":{"\u00c9crit par":"La Sentinelle","Dur\u00e9e de lecture estim\u00e9e":"3 minutes"},"schema":{"@context":"https:\/\/schema.org","@graph":[{"@type":"Article","@id":"https:\/\/lasentinelle.dz\/index.php\/2021\/11\/28\/menaces-maroco-sionistes-contre-lalgerie-une-attitude-infame-et-deshonorante\/#article","isPartOf":{"@id":"https:\/\/lasentinelle.dz\/index.php\/2021\/11\/28\/menaces-maroco-sionistes-contre-lalgerie-une-attitude-infame-et-deshonorante\/"},"author":{"name":"La Sentinelle","@id":"https:\/\/lasentinelle.dz\/#\/schema\/person\/d865044e22e70a75174ce8bcad3acfb3"},"headline":"Menaces maroco-sionistes contre l\u2019Alg\u00e9rie : Une attitude \u00ab inf\u00e2me et d\u00e9shonorante \u00bb","datePublished":"2021-11-27T23:01:00+00:00","mainEntityOfPage":{"@id":"https:\/\/lasentinelle.dz\/index.php\/2021\/11\/28\/menaces-maroco-sionistes-contre-lalgerie-une-attitude-infame-et-deshonorante\/"},"wordCount":778,"commentCount":0,"publisher":{"@id":"https:\/\/lasentinelle.dz\/#organization"},"image":{"@id":"https:\/\/lasentinelle.dz\/index.php\/2021\/11\/28\/menaces-maroco-sionistes-contre-lalgerie-une-attitude-infame-et-deshonorante\/#primaryimage"},"thumbnailUrl":"https:\/\/lasentinelle.dz\/wp-content\/uploads\/2021\/11\/tebboune-medias.png","articleSection":["Actualit\u00e9"],"inLanguage":"fr-FR","potentialAction":[{"@type":"CommentAction","name":"Comment","target":["https:\/\/lasentinelle.dz\/index.php\/2021\/11\/28\/menaces-maroco-sionistes-contre-lalgerie-une-attitude-infame-et-deshonorante\/#respond"]}]},{"@type":"WebPage","@id":"https:\/\/lasentinelle.dz\/index.php\/2021\/11\/28\/menaces-maroco-sionistes-contre-lalgerie-une-attitude-infame-et-deshonorante\/","url":"https:\/\/lasentinelle.dz\/index.php\/2021\/11\/28\/menaces-maroco-sionistes-contre-lalgerie-une-attitude-infame-et-deshonorante\/","name":"Menaces maroco-sionistes contre l\u2019Alg\u00e9rie : Une attitude \u00ab inf\u00e2me et d\u00e9shonorante \u00bb - La Sentinelle","isPartOf":{"@id":"https:\/\/lasentinelle.dz\/#website"},"primaryImageOfPage":{"@id":"https:\/\/lasentinelle.dz\/index.php\/2021\/11\/28\/menaces-maroco-sionistes-contre-lalgerie-une-attitude-infame-et-deshonorante\/#primaryimage"},"image":{"@id":"https:\/\/lasentinelle.dz\/index.php\/2021\/11\/28\/menaces-maroco-sionistes-contre-lalgerie-une-attitude-infame-et-deshonorante\/#primaryimage"},"thumbnailUrl":"https:\/\/lasentinelle.dz\/wp-content\/uploads\/2021\/11\/tebboune-medias.png","datePublished":"2021-11-27T23:01:00+00:00","breadcrumb":{"@id":"https:\/\/lasentinelle.dz\/index.php\/2021\/11\/28\/menaces-maroco-sionistes-contre-lalgerie-une-attitude-infame-et-deshonorante\/#breadcrumb"},"inLanguage":"fr-FR","potentialAction":[{"@type":"ReadAction","target":["https:\/\/lasentinelle.dz\/index.php\/2021\/11\/28\/menaces-maroco-sionistes-contre-lalgerie-une-attitude-infame-et-deshonorante\/"]}]},{"@type":"ImageObject","inLanguage":"fr-FR","@id":"https:\/\/lasentinelle.dz\/index.php\/2021\/11\/28\/menaces-maroco-sionistes-contre-lalgerie-une-attitude-infame-et-deshonorante\/#primaryimage","url":"https:\/\/lasentinelle.dz\/wp-content\/uploads\/2021\/11\/tebboune-medias.png","contentUrl":"https:\/\/lasentinelle.dz\/wp-content\/uploads\/2021\/11\/tebboune-medias.png","width":1351,"height":900},{"@type":"BreadcrumbList","@id":"https:\/\/lasentinelle.dz\/index.php\/2021\/11\/28\/menaces-maroco-sionistes-contre-lalgerie-une-attitude-infame-et-deshonorante\/#breadcrumb","itemListElement":[{"@type":"ListItem","position":1,"name":"Accueil","item":"https:\/\/lasentinelle.dz\/"},{"@type":"ListItem","position":2,"name":"Menaces maroco-sionistes contre l\u2019Alg\u00e9rie : Une attitude \u00ab inf\u00e2me et d\u00e9shonorante \u00bb"}]},{"@type":"WebSite","@id":"https:\/\/lasentinelle.dz\/#website","url":"https:\/\/lasentinelle.dz\/","name":"La Sentinelle","description":"Quotidien national d&#039;information","publisher":{"@id":"https:\/\/lasentinelle.dz\/#organization"},"potentialAction":[{"@type":"SearchAction","target":{"@type":"EntryPoint","urlTemplate":"https:\/\/lasentinelle.dz\/?s={search_term_string}"},"query-input":{"@type":"PropertyValueSpecification","valueRequired":true,"valueName":"search_term_string"}}],"inLanguage":"fr-FR"},{"@type":"Organization","@id":"https:\/\/lasentinelle.dz\/#organization","name":"Quotidien La Sentinelle","url":"https:\/\/lasentinelle.dz\/","logo":{"@type":"ImageObject","inLanguage":"fr-FR","@id":"https:\/\/lasentinelle.dz\/#\/schema\/logo\/image\/","url":"https:\/\/lasentinelle.dz\/wp-content\/uploads\/2021\/09\/logo-sentinelleSLOGAN-1.png","contentUrl":"https:\/\/lasentinelle.dz\/wp-content\/uploads\/2021\/09\/logo-sentinelleSLOGAN-1.png","width":615,"height":142,"caption":"Quotidien La Sentinelle"},"image":{"@id":"https:\/\/lasentinelle.dz\/#\/schema\/logo\/image\/"},"sameAs":["https:\/\/www.facebook.com\/La-Sentinelle-104059864394773"]},{"@type":"Person","@id":"https:\/\/lasentinelle.dz\/#\/schema\/person\/d865044e22e70a75174ce8bcad3acfb3","name":"La Sentinelle","image":{"@type":"ImageObject","inLanguage":"fr-FR","@id":"https:\/\/secure.gravatar.com\/avatar\/57de8e5d4b15d43fb361a71fbb36338450fe67865b528a43dd10ef7c51a20392?s=96&d=mm&r=g","url":"https:\/\/secure.gravatar.com\/avatar\/57de8e5d4b15d43fb361a71fbb36338450fe67865b528a43dd10ef7c51a20392?s=96&d=mm&r=g","contentUrl":"https:\/\/secure.gravatar.com\/avatar\/57de8e5d4b15d43fb361a71fbb36338450fe67865b528a43dd10ef7c51a20392?s=96&d=mm&r=g","caption":"La Sentinelle"},"sameAs":["http:\/\/www.lasentinelle.dz"],"url":"https:\/\/lasentinelle.dz\/author\/redaction\/"}]}},"_links":{"self":[{"href":"https:\/\/lasentinelle.dz\/index.php\/wp-json\/wp\/v2\/posts\/14117","targetHints":{"allow":["GET"]}}],"collection":[{"href":"https:\/\/lasentinelle.dz\/index.php\/wp-json\/wp\/v2\/posts"}],"about":[{"href":"https:\/\/lasentinelle.dz\/index.php\/wp-json\/wp\/v2\/types\/post"}],"author":[{"embeddable":true,"href":"https:\/\/lasentinelle.dz\/index.php\/wp-json\/wp\/v2\/users\/3"}],"replies":[{"embeddable":true,"href":"https:\/\/lasentinelle.dz\/index.php\/wp-json\/wp\/v2\/comments?post=14117"}],"version-history":[{"count":1,"href":"https:\/\/lasentinelle.dz\/index.php\/wp-json\/wp\/v2\/posts\/14117\/revisions"}],"predecessor-version":[{"id":14119,"href":"https:\/\/lasentinelle.dz\/index.php\/wp-json\/wp\/v2\/posts\/14117\/revisions\/14119"}],"wp:featuredmedia":[{"embeddable":true,"href":"https:\/\/lasentinelle.dz\/index.php\/wp-json\/wp\/v2\/media\/14118"}],"wp:attachment":[{"href":"https:\/\/lasentinelle.dz\/index.php\/wp-json\/wp\/v2\/media?parent=14117"}],"wp:term":[{"taxonomy":"category","embeddable":true,"href":"https:\/\/lasentinelle.dz\/index.php\/wp-json\/wp\/v2\/categories?post=14117"},{"taxonomy":"post_tag","embeddable":true,"href":"https:\/\/lasentinelle.dz\/index.php\/wp-json\/wp\/v2\/tags?post=14117"}],"curies":[{"name":"wp","href":"https:\/\/api.w.org\/{rel}","templated":true}]}}