{"id":14153,"date":"2021-11-28T00:01:00","date_gmt":"2021-11-27T23:01:00","guid":{"rendered":"https:\/\/lasentinelle.dz\/?p=14153"},"modified":"2021-11-27T21:19:19","modified_gmt":"2021-11-27T20:19:19","slug":"aimene-benabderrahmane-ces-elections-sont-le-dernier-jalon-dans-ledification-des-institutions-democratiques","status":"publish","type":"post","link":"https:\/\/lasentinelle.dz\/index.php\/2021\/11\/28\/aimene-benabderrahmane-ces-elections-sont-le-dernier-jalon-dans-ledification-des-institutions-democratiques\/","title":{"rendered":"A\u00efmene Benabderrahmane : Ces \u00e9lections sont \u00ab le dernier jalon dans l&rsquo;\u00e9dification des institutions d\u00e9mocratiques \u00bb"},"content":{"rendered":"\n<p>Le Premier ministre, ministre des Finances, A\u00efmene Benabderrahmane a soulign\u00e9,&nbsp;hier\u00e0 Alger, que les locales du 27 novembre constituaient le dernier jalon dans l&rsquo;\u00e9dification des institutions d\u00e9mocratiques du pays, souhaitant que cette \u00e9ch\u00e9ance permette d&rsquo;\u00e9lire des \u00e9lus capables de donner un nouveau souffle \u00e0 la gestion des collectivit\u00e9s locales.Aujourd&rsquo;hui, \u00ab\u00a0nous assistons \u00e0 la mise en place de l&rsquo;ultime jalon de l&rsquo;\u00e9difice institutionnel, tel que promis par le Pr\u00e9sident de la R\u00e9publique, M. Abdelmadjid Tebboune et conform\u00e9ment \u00e0 la Constitution de 2020\u00a0\u00bb, a d\u00e9clar\u00e9 M. Benabderrahmane \u00e0 la presse, au terme de l&rsquo;accomplissement de son devoir \u00e9lectoral \u00e0 l&rsquo;\u00e9cole Mohamed Aftouche de Birkhadem dans le cadre des \u00e9lections communales et de wilayas (APC-APW).&nbsp;&nbsp;Cela \u00ab\u00a0constitue un acquis pour tous les Alg\u00e9riens\u00a0\u00bb, a ajout\u00e9 M. Benabderrahmane, souhaitant que ces \u00e9lections permettent d&rsquo;\u00e9lire les personnes capables de donner un nouveau souffle \u00e0 la gestion des collectivit\u00e9s locales et d&rsquo;atteindre des niveaux de croissance escompt\u00e9s par tous, en vue de rompre avec \u00ab\u00a0la gestion irrationnelle qui \u00e9tait r\u00e9pandue par le pass\u00e9\u00a0\u00bb.<\/p>\n\n\n\n<p>Pour sa part,&nbsp;le ministre de la Communication, Mohamed Bouslimani a soulign\u00e9,&nbsp;dans&nbsp;une d\u00e9claration \u00e0 la presse au terme de l&rsquo;accomplissement de son devoir \u00e9lectoral au groupe scolaire 2 \u00e0 la cit\u00e9 Sebala d&rsquo;El Achour (Alger ouest), que ce changement \u00ab\u00a0est amorc\u00e9 au niveau de la cit\u00e9 que g\u00e8re la commune, que chaque citoyen doit prendre conscience qu&rsquo;un tel changement est op\u00e9r\u00e9 \u00e0 partir de la commune et qu&rsquo;il est de son devoir d&rsquo;assumer ses responsabilit\u00e9s et de voter en faveur de la personne en qui il a confiance\u00a0\u00bb.&nbsp;&nbsp;&nbsp;&nbsp;&nbsp;&nbsp;&nbsp;&nbsp;&nbsp;&nbsp;M.Bouslimani a r\u00e9affirm\u00e9 que la commune est \u00ab\u00a0la base de tout changement pour l&rsquo;\u00e9dification d&rsquo;une Alg\u00e9rie nouvelle\u00a0\u00bb.<\/p>\n\n\n\n<p>Enfin, le&nbsp;pr\u00e9sident de l\u2019Assembl\u00e9e populaire nationale (APN), Brahim Boughali,&nbsp;qui&nbsp;a accompli son devoir \u00e9lectoral au bureau de vote de l\u2019\u00e9cole \u00ab\u00a0Abi-Ishak Brahim Tfy\u00e8che\u00a0\u00bb, \u00e0 B\u00e9ni-Isguen, dans la wilaya de Gharda\u00efa a mis soulign\u00e9 que \u00ab&nbsp;ces \u00e9lections locales constituent l\u2019un des 54 engagements du Pr\u00e9sident de la R\u00e9publique Abdelmadjid Tebboune, et le parach\u00e8vement de la construction de l\u2019\u00e9difice institutionnel du pays, tel que pr\u00e9vu dans le cadre de la construction de l\u2019Alg\u00e9rie nouvelle&nbsp;\u00bb.&nbsp;\u00ab&nbsp;Nous apportons \u00e9galement \u00e0 travers ces \u00e9lections une r\u00e9ponse \u00e0 tous ceux qui ont dout\u00e9 de leur tenue et de leur organisation dans de bonnes conditions&nbsp;\u00bb, a&nbsp;indiqu\u00e9&nbsp;M. Boughali.<\/p>\n\n\n\n<p>R.N.<\/p>\n","protected":false},"excerpt":{"rendered":"<p>Le Premier ministre, ministre des Finances, A\u00efmene Benabderrahmane a soulign\u00e9,&nbsp;hier\u00e0 Alger, que les locales du 27 novembre constituaient le dernier<\/p>\n","protected":false},"author":3,"featured_media":14154,"comment_status":"open","ping_status":"closed","sticky":false,"template":"","format":"standard","meta":{"colormag_page_container_layout":"default_layout","colormag_page_sidebar_layout":"default_layout","om_disable_all_campaigns":false,"_monsterinsights_skip_tracking":false,"_monsterinsights_sitenote_active":false,"_monsterinsights_sitenote_note":"","_monsterinsights_sitenote_category":0,"footnotes":"","_wpscppro_dont_share_socialmedia":false,"_wpscppro_custom_social_share_image":0,"_facebook_share_type":"","_twitter_share_type":"","_linkedin_share_type":"","_pinterest_share_type":"","_linkedin_share_type_page":"","_instagram_share_type":"","_medium_share_type":"","_threads_share_type":"","_google_business_share_type":"","_selected_social_profile":[],"_wpsp_enable_custom_social_template":false,"_wpsp_social_scheduling":{"enabled":false,"datetime":null,"platforms":[],"status":"template_only","dateOption":"today","timeOption":"now","customDays":"","customHours":"","customDate":"","customTime":"","schedulingType":"absolute"},"_wpsp_active_default_template":true},"categories":[27],"tags":[],"class_list":["post-14153","post","type-post","status-publish","format-standard","has-post-thumbnail","hentry","category-actualite"],"aioseo_notices":[],"yoast_head":"<!-- This site is optimized with the Yoast SEO plugin v27.5 - https:\/\/yoast.com\/product\/yoast-seo-wordpress\/ -->\n<title>A\u00efmene Benabderrahmane : Ces \u00e9lections sont \u00ab le dernier jalon dans l&#039;\u00e9dification des institutions d\u00e9mocratiques \u00bb - La Sentinelle<\/title>\n<meta name=\"robots\" content=\"index, follow, max-snippet:-1, max-image-preview:large, max-video-preview:-1\" \/>\n<link rel=\"canonical\" href=\"https:\/\/lasentinelle.dz\/index.php\/2021\/11\/28\/aimene-benabderrahmane-ces-elections-sont-le-dernier-jalon-dans-ledification-des-institutions-democratiques\/\" \/>\n<meta property=\"og:locale\" content=\"fr_FR\" \/>\n<meta property=\"og:type\" content=\"article\" \/>\n<meta property=\"og:title\" content=\"A\u00efmene Benabderrahmane : Ces \u00e9lections sont \u00ab le dernier jalon dans l&#039;\u00e9dification des institutions d\u00e9mocratiques \u00bb - La Sentinelle\" \/>\n<meta property=\"og:description\" content=\"Le Premier ministre, ministre des Finances, A\u00efmene Benabderrahmane a soulign\u00e9,&nbsp;hier\u00e0 Alger, que les locales du 27 novembre constituaient le dernier\" \/>\n<meta property=\"og:url\" content=\"https:\/\/lasentinelle.dz\/index.php\/2021\/11\/28\/aimene-benabderrahmane-ces-elections-sont-le-dernier-jalon-dans-ledification-des-institutions-democratiques\/\" \/>\n<meta property=\"og:site_name\" content=\"La Sentinelle\" \/>\n<meta property=\"article:publisher\" content=\"https:\/\/www.facebook.com\/La-Sentinelle-104059864394773\" \/>\n<meta property=\"article:published_time\" content=\"2021-11-27T23:01:00+00:00\" \/>\n<meta property=\"og:image\" content=\"https:\/\/lasentinelle.dz\/wp-content\/uploads\/2021\/11\/ben-2.jpg\" \/>\n\t<meta property=\"og:image:width\" content=\"960\" \/>\n\t<meta property=\"og:image:height\" content=\"678\" \/>\n\t<meta property=\"og:image:type\" content=\"image\/jpeg\" \/>\n<meta name=\"author\" content=\"La Sentinelle\" \/>\n<meta name=\"twitter:card\" content=\"summary_large_image\" \/>\n<meta name=\"twitter:label1\" content=\"\u00c9crit par\" \/>\n\t<meta name=\"twitter:data1\" content=\"La Sentinelle\" \/>\n\t<meta name=\"twitter:label2\" content=\"Dur\u00e9e de lecture estim\u00e9e\" \/>\n\t<meta name=\"twitter:data2\" content=\"2 minutes\" \/>\n<script type=\"application\/ld+json\" class=\"yoast-schema-graph\">{\"@context\":\"https:\\\/\\\/schema.org\",\"@graph\":[{\"@type\":\"Article\",\"@id\":\"https:\\\/\\\/lasentinelle.dz\\\/index.php\\\/2021\\\/11\\\/28\\\/aimene-benabderrahmane-ces-elections-sont-le-dernier-jalon-dans-ledification-des-institutions-democratiques\\\/#article\",\"isPartOf\":{\"@id\":\"https:\\\/\\\/lasentinelle.dz\\\/index.php\\\/2021\\\/11\\\/28\\\/aimene-benabderrahmane-ces-elections-sont-le-dernier-jalon-dans-ledification-des-institutions-democratiques\\\/\"},\"author\":{\"name\":\"La Sentinelle\",\"@id\":\"https:\\\/\\\/lasentinelle.dz\\\/#\\\/schema\\\/person\\\/d865044e22e70a75174ce8bcad3acfb3\"},\"headline\":\"A\u00efmene Benabderrahmane : Ces \u00e9lections sont \u00ab le dernier jalon dans l&rsquo;\u00e9dification des institutions d\u00e9mocratiques \u00bb\",\"datePublished\":\"2021-11-27T23:01:00+00:00\",\"mainEntityOfPage\":{\"@id\":\"https:\\\/\\\/lasentinelle.dz\\\/index.php\\\/2021\\\/11\\\/28\\\/aimene-benabderrahmane-ces-elections-sont-le-dernier-jalon-dans-ledification-des-institutions-democratiques\\\/\"},\"wordCount\":458,\"commentCount\":0,\"publisher\":{\"@id\":\"https:\\\/\\\/lasentinelle.dz\\\/#organization\"},\"image\":{\"@id\":\"https:\\\/\\\/lasentinelle.dz\\\/index.php\\\/2021\\\/11\\\/28\\\/aimene-benabderrahmane-ces-elections-sont-le-dernier-jalon-dans-ledification-des-institutions-democratiques\\\/#primaryimage\"},\"thumbnailUrl\":\"https:\\\/\\\/lasentinelle.dz\\\/wp-content\\\/uploads\\\/2021\\\/11\\\/ben-2.jpg\",\"articleSection\":[\"Actualit\u00e9\"],\"inLanguage\":\"fr-FR\",\"potentialAction\":[{\"@type\":\"CommentAction\",\"name\":\"Comment\",\"target\":[\"https:\\\/\\\/lasentinelle.dz\\\/index.php\\\/2021\\\/11\\\/28\\\/aimene-benabderrahmane-ces-elections-sont-le-dernier-jalon-dans-ledification-des-institutions-democratiques\\\/#respond\"]}]},{\"@type\":\"WebPage\",\"@id\":\"https:\\\/\\\/lasentinelle.dz\\\/index.php\\\/2021\\\/11\\\/28\\\/aimene-benabderrahmane-ces-elections-sont-le-dernier-jalon-dans-ledification-des-institutions-democratiques\\\/\",\"url\":\"https:\\\/\\\/lasentinelle.dz\\\/index.php\\\/2021\\\/11\\\/28\\\/aimene-benabderrahmane-ces-elections-sont-le-dernier-jalon-dans-ledification-des-institutions-democratiques\\\/\",\"name\":\"A\u00efmene Benabderrahmane : Ces \u00e9lections sont \u00ab le dernier jalon dans l'\u00e9dification des institutions d\u00e9mocratiques \u00bb - La Sentinelle\",\"isPartOf\":{\"@id\":\"https:\\\/\\\/lasentinelle.dz\\\/#website\"},\"primaryImageOfPage\":{\"@id\":\"https:\\\/\\\/lasentinelle.dz\\\/index.php\\\/2021\\\/11\\\/28\\\/aimene-benabderrahmane-ces-elections-sont-le-dernier-jalon-dans-ledification-des-institutions-democratiques\\\/#primaryimage\"},\"image\":{\"@id\":\"https:\\\/\\\/lasentinelle.dz\\\/index.php\\\/2021\\\/11\\\/28\\\/aimene-benabderrahmane-ces-elections-sont-le-dernier-jalon-dans-ledification-des-institutions-democratiques\\\/#primaryimage\"},\"thumbnailUrl\":\"https:\\\/\\\/lasentinelle.dz\\\/wp-content\\\/uploads\\\/2021\\\/11\\\/ben-2.jpg\",\"datePublished\":\"2021-11-27T23:01:00+00:00\",\"breadcrumb\":{\"@id\":\"https:\\\/\\\/lasentinelle.dz\\\/index.php\\\/2021\\\/11\\\/28\\\/aimene-benabderrahmane-ces-elections-sont-le-dernier-jalon-dans-ledification-des-institutions-democratiques\\\/#breadcrumb\"},\"inLanguage\":\"fr-FR\",\"potentialAction\":[{\"@type\":\"ReadAction\",\"target\":[\"https:\\\/\\\/lasentinelle.dz\\\/index.php\\\/2021\\\/11\\\/28\\\/aimene-benabderrahmane-ces-elections-sont-le-dernier-jalon-dans-ledification-des-institutions-democratiques\\\/\"]}]},{\"@type\":\"ImageObject\",\"inLanguage\":\"fr-FR\",\"@id\":\"https:\\\/\\\/lasentinelle.dz\\\/index.php\\\/2021\\\/11\\\/28\\\/aimene-benabderrahmane-ces-elections-sont-le-dernier-jalon-dans-ledification-des-institutions-democratiques\\\/#primaryimage\",\"url\":\"https:\\\/\\\/lasentinelle.dz\\\/wp-content\\\/uploads\\\/2021\\\/11\\\/ben-2.jpg\",\"contentUrl\":\"https:\\\/\\\/lasentinelle.dz\\\/wp-content\\\/uploads\\\/2021\\\/11\\\/ben-2.jpg\",\"width\":960,\"height\":678},{\"@type\":\"BreadcrumbList\",\"@id\":\"https:\\\/\\\/lasentinelle.dz\\\/index.php\\\/2021\\\/11\\\/28\\\/aimene-benabderrahmane-ces-elections-sont-le-dernier-jalon-dans-ledification-des-institutions-democratiques\\\/#breadcrumb\",\"itemListElement\":[{\"@type\":\"ListItem\",\"position\":1,\"name\":\"Accueil\",\"item\":\"https:\\\/\\\/lasentinelle.dz\\\/\"},{\"@type\":\"ListItem\",\"position\":2,\"name\":\"A\u00efmene Benabderrahmane : Ces \u00e9lections sont \u00ab le dernier jalon dans l&rsquo;\u00e9dification des institutions d\u00e9mocratiques \u00bb\"}]},{\"@type\":\"WebSite\",\"@id\":\"https:\\\/\\\/lasentinelle.dz\\\/#website\",\"url\":\"https:\\\/\\\/lasentinelle.dz\\\/\",\"name\":\"La Sentinelle\",\"description\":\"Quotidien national d&#039;information\",\"publisher\":{\"@id\":\"https:\\\/\\\/lasentinelle.dz\\\/#organization\"},\"potentialAction\":[{\"@type\":\"SearchAction\",\"target\":{\"@type\":\"EntryPoint\",\"urlTemplate\":\"https:\\\/\\\/lasentinelle.dz\\\/?s={search_term_string}\"},\"query-input\":{\"@type\":\"PropertyValueSpecification\",\"valueRequired\":true,\"valueName\":\"search_term_string\"}}],\"inLanguage\":\"fr-FR\"},{\"@type\":\"Organization\",\"@id\":\"https:\\\/\\\/lasentinelle.dz\\\/#organization\",\"name\":\"Quotidien La Sentinelle\",\"url\":\"https:\\\/\\\/lasentinelle.dz\\\/\",\"logo\":{\"@type\":\"ImageObject\",\"inLanguage\":\"fr-FR\",\"@id\":\"https:\\\/\\\/lasentinelle.dz\\\/#\\\/schema\\\/logo\\\/image\\\/\",\"url\":\"https:\\\/\\\/lasentinelle.dz\\\/wp-content\\\/uploads\\\/2021\\\/09\\\/logo-sentinelleSLOGAN-1.png\",\"contentUrl\":\"https:\\\/\\\/lasentinelle.dz\\\/wp-content\\\/uploads\\\/2021\\\/09\\\/logo-sentinelleSLOGAN-1.png\",\"width\":615,\"height\":142,\"caption\":\"Quotidien La Sentinelle\"},\"image\":{\"@id\":\"https:\\\/\\\/lasentinelle.dz\\\/#\\\/schema\\\/logo\\\/image\\\/\"},\"sameAs\":[\"https:\\\/\\\/www.facebook.com\\\/La-Sentinelle-104059864394773\"]},{\"@type\":\"Person\",\"@id\":\"https:\\\/\\\/lasentinelle.dz\\\/#\\\/schema\\\/person\\\/d865044e22e70a75174ce8bcad3acfb3\",\"name\":\"La Sentinelle\",\"image\":{\"@type\":\"ImageObject\",\"inLanguage\":\"fr-FR\",\"@id\":\"https:\\\/\\\/secure.gravatar.com\\\/avatar\\\/57de8e5d4b15d43fb361a71fbb36338450fe67865b528a43dd10ef7c51a20392?s=96&d=mm&r=g\",\"url\":\"https:\\\/\\\/secure.gravatar.com\\\/avatar\\\/57de8e5d4b15d43fb361a71fbb36338450fe67865b528a43dd10ef7c51a20392?s=96&d=mm&r=g\",\"contentUrl\":\"https:\\\/\\\/secure.gravatar.com\\\/avatar\\\/57de8e5d4b15d43fb361a71fbb36338450fe67865b528a43dd10ef7c51a20392?s=96&d=mm&r=g\",\"caption\":\"La Sentinelle\"},\"sameAs\":[\"http:\\\/\\\/www.lasentinelle.dz\"],\"url\":\"https:\\\/\\\/lasentinelle.dz\\\/author\\\/redaction\\\/\"}]}<\/script>\n<!-- \/ Yoast SEO plugin. -->","yoast_head_json":{"title":"A\u00efmene Benabderrahmane : Ces \u00e9lections sont \u00ab le dernier jalon dans l'\u00e9dification des institutions d\u00e9mocratiques \u00bb - La Sentinelle","robots":{"index":"index","follow":"follow","max-snippet":"max-snippet:-1","max-image-preview":"max-image-preview:large","max-video-preview":"max-video-preview:-1"},"canonical":"https:\/\/lasentinelle.dz\/index.php\/2021\/11\/28\/aimene-benabderrahmane-ces-elections-sont-le-dernier-jalon-dans-ledification-des-institutions-democratiques\/","og_locale":"fr_FR","og_type":"article","og_title":"A\u00efmene Benabderrahmane : Ces \u00e9lections sont \u00ab le dernier jalon dans l'\u00e9dification des institutions d\u00e9mocratiques \u00bb - La Sentinelle","og_description":"Le Premier ministre, ministre des Finances, A\u00efmene Benabderrahmane a soulign\u00e9,&nbsp;hier\u00e0 Alger, que les locales du 27 novembre constituaient le dernier","og_url":"https:\/\/lasentinelle.dz\/index.php\/2021\/11\/28\/aimene-benabderrahmane-ces-elections-sont-le-dernier-jalon-dans-ledification-des-institutions-democratiques\/","og_site_name":"La Sentinelle","article_publisher":"https:\/\/www.facebook.com\/La-Sentinelle-104059864394773","article_published_time":"2021-11-27T23:01:00+00:00","og_image":[{"width":960,"height":678,"url":"https:\/\/lasentinelle.dz\/wp-content\/uploads\/2021\/11\/ben-2.jpg","type":"image\/jpeg"}],"author":"La Sentinelle","twitter_card":"summary_large_image","twitter_misc":{"\u00c9crit par":"La Sentinelle","Dur\u00e9e de lecture estim\u00e9e":"2 minutes"},"schema":{"@context":"https:\/\/schema.org","@graph":[{"@type":"Article","@id":"https:\/\/lasentinelle.dz\/index.php\/2021\/11\/28\/aimene-benabderrahmane-ces-elections-sont-le-dernier-jalon-dans-ledification-des-institutions-democratiques\/#article","isPartOf":{"@id":"https:\/\/lasentinelle.dz\/index.php\/2021\/11\/28\/aimene-benabderrahmane-ces-elections-sont-le-dernier-jalon-dans-ledification-des-institutions-democratiques\/"},"author":{"name":"La Sentinelle","@id":"https:\/\/lasentinelle.dz\/#\/schema\/person\/d865044e22e70a75174ce8bcad3acfb3"},"headline":"A\u00efmene Benabderrahmane : Ces \u00e9lections sont \u00ab le dernier jalon dans l&rsquo;\u00e9dification des institutions d\u00e9mocratiques \u00bb","datePublished":"2021-11-27T23:01:00+00:00","mainEntityOfPage":{"@id":"https:\/\/lasentinelle.dz\/index.php\/2021\/11\/28\/aimene-benabderrahmane-ces-elections-sont-le-dernier-jalon-dans-ledification-des-institutions-democratiques\/"},"wordCount":458,"commentCount":0,"publisher":{"@id":"https:\/\/lasentinelle.dz\/#organization"},"image":{"@id":"https:\/\/lasentinelle.dz\/index.php\/2021\/11\/28\/aimene-benabderrahmane-ces-elections-sont-le-dernier-jalon-dans-ledification-des-institutions-democratiques\/#primaryimage"},"thumbnailUrl":"https:\/\/lasentinelle.dz\/wp-content\/uploads\/2021\/11\/ben-2.jpg","articleSection":["Actualit\u00e9"],"inLanguage":"fr-FR","potentialAction":[{"@type":"CommentAction","name":"Comment","target":["https:\/\/lasentinelle.dz\/index.php\/2021\/11\/28\/aimene-benabderrahmane-ces-elections-sont-le-dernier-jalon-dans-ledification-des-institutions-democratiques\/#respond"]}]},{"@type":"WebPage","@id":"https:\/\/lasentinelle.dz\/index.php\/2021\/11\/28\/aimene-benabderrahmane-ces-elections-sont-le-dernier-jalon-dans-ledification-des-institutions-democratiques\/","url":"https:\/\/lasentinelle.dz\/index.php\/2021\/11\/28\/aimene-benabderrahmane-ces-elections-sont-le-dernier-jalon-dans-ledification-des-institutions-democratiques\/","name":"A\u00efmene Benabderrahmane : Ces \u00e9lections sont \u00ab le dernier jalon dans l'\u00e9dification des institutions d\u00e9mocratiques \u00bb - La Sentinelle","isPartOf":{"@id":"https:\/\/lasentinelle.dz\/#website"},"primaryImageOfPage":{"@id":"https:\/\/lasentinelle.dz\/index.php\/2021\/11\/28\/aimene-benabderrahmane-ces-elections-sont-le-dernier-jalon-dans-ledification-des-institutions-democratiques\/#primaryimage"},"image":{"@id":"https:\/\/lasentinelle.dz\/index.php\/2021\/11\/28\/aimene-benabderrahmane-ces-elections-sont-le-dernier-jalon-dans-ledification-des-institutions-democratiques\/#primaryimage"},"thumbnailUrl":"https:\/\/lasentinelle.dz\/wp-content\/uploads\/2021\/11\/ben-2.jpg","datePublished":"2021-11-27T23:01:00+00:00","breadcrumb":{"@id":"https:\/\/lasentinelle.dz\/index.php\/2021\/11\/28\/aimene-benabderrahmane-ces-elections-sont-le-dernier-jalon-dans-ledification-des-institutions-democratiques\/#breadcrumb"},"inLanguage":"fr-FR","potentialAction":[{"@type":"ReadAction","target":["https:\/\/lasentinelle.dz\/index.php\/2021\/11\/28\/aimene-benabderrahmane-ces-elections-sont-le-dernier-jalon-dans-ledification-des-institutions-democratiques\/"]}]},{"@type":"ImageObject","inLanguage":"fr-FR","@id":"https:\/\/lasentinelle.dz\/index.php\/2021\/11\/28\/aimene-benabderrahmane-ces-elections-sont-le-dernier-jalon-dans-ledification-des-institutions-democratiques\/#primaryimage","url":"https:\/\/lasentinelle.dz\/wp-content\/uploads\/2021\/11\/ben-2.jpg","contentUrl":"https:\/\/lasentinelle.dz\/wp-content\/uploads\/2021\/11\/ben-2.jpg","width":960,"height":678},{"@type":"BreadcrumbList","@id":"https:\/\/lasentinelle.dz\/index.php\/2021\/11\/28\/aimene-benabderrahmane-ces-elections-sont-le-dernier-jalon-dans-ledification-des-institutions-democratiques\/#breadcrumb","itemListElement":[{"@type":"ListItem","position":1,"name":"Accueil","item":"https:\/\/lasentinelle.dz\/"},{"@type":"ListItem","position":2,"name":"A\u00efmene Benabderrahmane : Ces \u00e9lections sont \u00ab le dernier jalon dans l&rsquo;\u00e9dification des institutions d\u00e9mocratiques \u00bb"}]},{"@type":"WebSite","@id":"https:\/\/lasentinelle.dz\/#website","url":"https:\/\/lasentinelle.dz\/","name":"La Sentinelle","description":"Quotidien national d&#039;information","publisher":{"@id":"https:\/\/lasentinelle.dz\/#organization"},"potentialAction":[{"@type":"SearchAction","target":{"@type":"EntryPoint","urlTemplate":"https:\/\/lasentinelle.dz\/?s={search_term_string}"},"query-input":{"@type":"PropertyValueSpecification","valueRequired":true,"valueName":"search_term_string"}}],"inLanguage":"fr-FR"},{"@type":"Organization","@id":"https:\/\/lasentinelle.dz\/#organization","name":"Quotidien La Sentinelle","url":"https:\/\/lasentinelle.dz\/","logo":{"@type":"ImageObject","inLanguage":"fr-FR","@id":"https:\/\/lasentinelle.dz\/#\/schema\/logo\/image\/","url":"https:\/\/lasentinelle.dz\/wp-content\/uploads\/2021\/09\/logo-sentinelleSLOGAN-1.png","contentUrl":"https:\/\/lasentinelle.dz\/wp-content\/uploads\/2021\/09\/logo-sentinelleSLOGAN-1.png","width":615,"height":142,"caption":"Quotidien La Sentinelle"},"image":{"@id":"https:\/\/lasentinelle.dz\/#\/schema\/logo\/image\/"},"sameAs":["https:\/\/www.facebook.com\/La-Sentinelle-104059864394773"]},{"@type":"Person","@id":"https:\/\/lasentinelle.dz\/#\/schema\/person\/d865044e22e70a75174ce8bcad3acfb3","name":"La Sentinelle","image":{"@type":"ImageObject","inLanguage":"fr-FR","@id":"https:\/\/secure.gravatar.com\/avatar\/57de8e5d4b15d43fb361a71fbb36338450fe67865b528a43dd10ef7c51a20392?s=96&d=mm&r=g","url":"https:\/\/secure.gravatar.com\/avatar\/57de8e5d4b15d43fb361a71fbb36338450fe67865b528a43dd10ef7c51a20392?s=96&d=mm&r=g","contentUrl":"https:\/\/secure.gravatar.com\/avatar\/57de8e5d4b15d43fb361a71fbb36338450fe67865b528a43dd10ef7c51a20392?s=96&d=mm&r=g","caption":"La Sentinelle"},"sameAs":["http:\/\/www.lasentinelle.dz"],"url":"https:\/\/lasentinelle.dz\/author\/redaction\/"}]}},"_links":{"self":[{"href":"https:\/\/lasentinelle.dz\/index.php\/wp-json\/wp\/v2\/posts\/14153","targetHints":{"allow":["GET"]}}],"collection":[{"href":"https:\/\/lasentinelle.dz\/index.php\/wp-json\/wp\/v2\/posts"}],"about":[{"href":"https:\/\/lasentinelle.dz\/index.php\/wp-json\/wp\/v2\/types\/post"}],"author":[{"embeddable":true,"href":"https:\/\/lasentinelle.dz\/index.php\/wp-json\/wp\/v2\/users\/3"}],"replies":[{"embeddable":true,"href":"https:\/\/lasentinelle.dz\/index.php\/wp-json\/wp\/v2\/comments?post=14153"}],"version-history":[{"count":1,"href":"https:\/\/lasentinelle.dz\/index.php\/wp-json\/wp\/v2\/posts\/14153\/revisions"}],"predecessor-version":[{"id":14155,"href":"https:\/\/lasentinelle.dz\/index.php\/wp-json\/wp\/v2\/posts\/14153\/revisions\/14155"}],"wp:featuredmedia":[{"embeddable":true,"href":"https:\/\/lasentinelle.dz\/index.php\/wp-json\/wp\/v2\/media\/14154"}],"wp:attachment":[{"href":"https:\/\/lasentinelle.dz\/index.php\/wp-json\/wp\/v2\/media?parent=14153"}],"wp:term":[{"taxonomy":"category","embeddable":true,"href":"https:\/\/lasentinelle.dz\/index.php\/wp-json\/wp\/v2\/categories?post=14153"},{"taxonomy":"post_tag","embeddable":true,"href":"https:\/\/lasentinelle.dz\/index.php\/wp-json\/wp\/v2\/tags?post=14153"}],"curies":[{"name":"wp","href":"https:\/\/api.w.org\/{rel}","templated":true}]}}