{"id":14172,"date":"2021-11-29T00:01:00","date_gmt":"2021-11-28T23:01:00","guid":{"rendered":"https:\/\/lasentinelle.dz\/?p=14172"},"modified":"2021-11-28T16:55:04","modified_gmt":"2021-11-28T15:55:04","slug":"mc-oran-bouakkaz-entame-ses-fonctions","status":"publish","type":"post","link":"https:\/\/lasentinelle.dz\/index.php\/2021\/11\/29\/mc-oran-bouakkaz-entame-ses-fonctions\/","title":{"rendered":"MC Oran : Bouakkaz entame ses fonctions"},"content":{"rendered":"\n<p>Le technicien tunisien aura comme mission de redresser la barre , suite au d\u00e9part rat\u00e9 des gars d\u2019El Bahia en championnat.&nbsp;&nbsp;<\/p>\n\n\n\n<p>L\u2019entraineur tunisien Mouaz Bouakkaz, a d\u00e9but\u00e9 hier sa mission \u00e0 la t\u00eate de la barre technique du MC Oran en dirigeantsa premi\u00e8re s\u00e9ance d\u2019entrainement avec ce club de Ligue 1 de football. Bouakkaz, dont ce sera son deuxi\u00e8me passage sur le banc des Hamraoua, est arriv\u00e9 samedi soir \u00e0 Oran en provenance de Tunis, et ce, quelques jours apr\u00e8s avoir r\u00e9sili\u00e9 son contrat avec son \u00e9quipe tunisienne, l\u2019Etoile El Metlaoui, a indiqu\u00e9 Chemseddine Bensenouci, membre du Conseil d\u2019administration du MCO et pr\u00e9sident du Club sportif amateur. L\u2019ancien-nouveau coach des Rouge et Blanc devrait \u00eatre \u00e9paul\u00e9 par l\u2019ancien international du MCO et du MC Alger, Bachir Mecheri, a pr\u00e9cis\u00e9 la m\u00eame source, rappelant que les deux techniciens avaient d\u00e9j\u00e0 travaill\u00e9 ensemble lors de la premi\u00e8re exp\u00e9rience de l\u2019entraineur tunisien avec la formation oranaise au cours de l\u2019exercice 2017-2018. Bouakkaz, qui succ\u00e8de \u00e0 Ait Djoudi apr\u00e8s la d\u00e9mission de ce dernier au bout seulement de trois journ\u00e9es de championnat, aura comme mission de \u00ab redresser la barre \u00bb, suite au d\u00e9part rat\u00e9 des gars d\u2019El-Bahia, souligne-t-on de m\u00eame source. Apr\u00e8s cinq journ\u00e9es, le MCO occupe la 12e place avec 4 points, d\u2019une victoire ramen\u00e9e du terrain du CS Constantine lors de la lev\u00e9e de rideau du championnat. Depuis, l\u2019\u00e9quipe a conc\u00e9d\u00e9 trois d\u00e9faites et un nul. Avant l\u2019arriv\u00e9e de Bouakkez, plusieurs autres entra\u00eeneurs \u00e9taient pressentis, mais le pr\u00e9sident, Tayeb Mehiaoui, faisait du Tunisien sa priorit\u00e9. L\u2019on peut citer Abdelkader Amrani, Sofiane Nechma, Foued Bouali, ainsi que le Tunisien Chokri El Khatoui. Mais Mehiaoui a vu en Bouakkaz l\u2019homme de la situation, en engageant des pourparlers avec lui, et quin\u2019ont pas dur\u00e9 longtemps. Celui qui est pass\u00e9 par le RC Relizane, l\u2019USM Bel Abb\u00e8s et la JSM B\u00e9ja\u00efa, d\u00e9butera sa mission en match officiel, ce samedi, lorsque son \u00e9quipe recevra au stade Ahmed-Zabana le nouveau promu, le RC Arba\u00e2, dans le cadre de la 5e journ\u00e9e du championnat de Ligue 1. Sur le papier, la mission s\u2019annonce relativement ais\u00e9e pour les Hamraoua, face \u00e0 un adversaire en, pleine crise. Seulement, et selon Bouakkaz, la vigilance est de mise, face \u00e0 une \u00e9quipe capable du meilleur comme du pire.&nbsp;<\/p>\n\n\n\n<p><strong>Abderrahim Mahious \/ R. S.&nbsp;&nbsp;<\/strong><\/p>\n","protected":false},"excerpt":{"rendered":"<p>Le technicien tunisien aura comme mission de redresser la barre , suite au d\u00e9part rat\u00e9 des gars d\u2019El Bahia en<\/p>\n","protected":false},"author":3,"featured_media":14173,"comment_status":"open","ping_status":"closed","sticky":false,"template":"","format":"standard","meta":{"colormag_page_container_layout":"default_layout","colormag_page_sidebar_layout":"default_layout","om_disable_all_campaigns":false,"_monsterinsights_skip_tracking":false,"_monsterinsights_sitenote_active":false,"_monsterinsights_sitenote_note":"","_monsterinsights_sitenote_category":0,"footnotes":"","_wpscppro_dont_share_socialmedia":false,"_wpscppro_custom_social_share_image":0,"_facebook_share_type":"","_twitter_share_type":"","_linkedin_share_type":"","_pinterest_share_type":"","_linkedin_share_type_page":"","_instagram_share_type":"","_medium_share_type":"","_threads_share_type":"","_google_business_share_type":"","_selected_social_profile":[],"_wpsp_enable_custom_social_template":false,"_wpsp_social_scheduling":{"enabled":false,"datetime":null,"platforms":[],"status":"template_only","dateOption":"today","timeOption":"now","customDays":"","customHours":"","customDate":"","customTime":"","schedulingType":"absolute"},"_wpsp_active_default_template":true},"categories":[33],"tags":[],"class_list":["post-14172","post","type-post","status-publish","format-standard","has-post-thumbnail","hentry","category-sports"],"aioseo_notices":[],"yoast_head":"<!-- This site is optimized with the Yoast SEO plugin v27.5 - https:\/\/yoast.com\/product\/yoast-seo-wordpress\/ -->\n<title>MC Oran : Bouakkaz entame ses fonctions - La Sentinelle<\/title>\n<meta name=\"robots\" content=\"index, follow, max-snippet:-1, max-image-preview:large, max-video-preview:-1\" \/>\n<link rel=\"canonical\" href=\"https:\/\/lasentinelle.dz\/index.php\/2021\/11\/29\/mc-oran-bouakkaz-entame-ses-fonctions\/\" \/>\n<meta property=\"og:locale\" content=\"fr_FR\" \/>\n<meta property=\"og:type\" content=\"article\" \/>\n<meta property=\"og:title\" content=\"MC Oran : Bouakkaz entame ses fonctions - La Sentinelle\" \/>\n<meta property=\"og:description\" content=\"Le technicien tunisien aura comme mission de redresser la barre , suite au d\u00e9part rat\u00e9 des gars d\u2019El Bahia en\" \/>\n<meta property=\"og:url\" content=\"https:\/\/lasentinelle.dz\/index.php\/2021\/11\/29\/mc-oran-bouakkaz-entame-ses-fonctions\/\" \/>\n<meta property=\"og:site_name\" content=\"La Sentinelle\" \/>\n<meta property=\"article:publisher\" content=\"https:\/\/www.facebook.com\/La-Sentinelle-104059864394773\" \/>\n<meta property=\"article:published_time\" content=\"2021-11-28T23:01:00+00:00\" \/>\n<meta property=\"og:image\" content=\"https:\/\/lasentinelle.dz\/wp-content\/uploads\/2021\/11\/Bouakaz.jpg\" \/>\n\t<meta property=\"og:image:width\" content=\"960\" \/>\n\t<meta property=\"og:image:height\" content=\"640\" \/>\n\t<meta property=\"og:image:type\" content=\"image\/jpeg\" \/>\n<meta name=\"author\" content=\"La Sentinelle\" \/>\n<meta name=\"twitter:card\" content=\"summary_large_image\" \/>\n<meta name=\"twitter:label1\" content=\"\u00c9crit par\" \/>\n\t<meta name=\"twitter:data1\" content=\"La Sentinelle\" \/>\n\t<meta name=\"twitter:label2\" content=\"Dur\u00e9e de lecture estim\u00e9e\" \/>\n\t<meta name=\"twitter:data2\" content=\"2 minutes\" \/>\n<script type=\"application\/ld+json\" class=\"yoast-schema-graph\">{\"@context\":\"https:\\\/\\\/schema.org\",\"@graph\":[{\"@type\":\"Article\",\"@id\":\"https:\\\/\\\/lasentinelle.dz\\\/index.php\\\/2021\\\/11\\\/29\\\/mc-oran-bouakkaz-entame-ses-fonctions\\\/#article\",\"isPartOf\":{\"@id\":\"https:\\\/\\\/lasentinelle.dz\\\/index.php\\\/2021\\\/11\\\/29\\\/mc-oran-bouakkaz-entame-ses-fonctions\\\/\"},\"author\":{\"name\":\"La Sentinelle\",\"@id\":\"https:\\\/\\\/lasentinelle.dz\\\/#\\\/schema\\\/person\\\/d865044e22e70a75174ce8bcad3acfb3\"},\"headline\":\"MC Oran : Bouakkaz entame ses fonctions\",\"datePublished\":\"2021-11-28T23:01:00+00:00\",\"mainEntityOfPage\":{\"@id\":\"https:\\\/\\\/lasentinelle.dz\\\/index.php\\\/2021\\\/11\\\/29\\\/mc-oran-bouakkaz-entame-ses-fonctions\\\/\"},\"wordCount\":433,\"commentCount\":0,\"publisher\":{\"@id\":\"https:\\\/\\\/lasentinelle.dz\\\/#organization\"},\"image\":{\"@id\":\"https:\\\/\\\/lasentinelle.dz\\\/index.php\\\/2021\\\/11\\\/29\\\/mc-oran-bouakkaz-entame-ses-fonctions\\\/#primaryimage\"},\"thumbnailUrl\":\"https:\\\/\\\/lasentinelle.dz\\\/wp-content\\\/uploads\\\/2021\\\/11\\\/Bouakaz.jpg\",\"articleSection\":[\"Sports\"],\"inLanguage\":\"fr-FR\",\"potentialAction\":[{\"@type\":\"CommentAction\",\"name\":\"Comment\",\"target\":[\"https:\\\/\\\/lasentinelle.dz\\\/index.php\\\/2021\\\/11\\\/29\\\/mc-oran-bouakkaz-entame-ses-fonctions\\\/#respond\"]}]},{\"@type\":\"WebPage\",\"@id\":\"https:\\\/\\\/lasentinelle.dz\\\/index.php\\\/2021\\\/11\\\/29\\\/mc-oran-bouakkaz-entame-ses-fonctions\\\/\",\"url\":\"https:\\\/\\\/lasentinelle.dz\\\/index.php\\\/2021\\\/11\\\/29\\\/mc-oran-bouakkaz-entame-ses-fonctions\\\/\",\"name\":\"MC Oran : Bouakkaz entame ses fonctions - La Sentinelle\",\"isPartOf\":{\"@id\":\"https:\\\/\\\/lasentinelle.dz\\\/#website\"},\"primaryImageOfPage\":{\"@id\":\"https:\\\/\\\/lasentinelle.dz\\\/index.php\\\/2021\\\/11\\\/29\\\/mc-oran-bouakkaz-entame-ses-fonctions\\\/#primaryimage\"},\"image\":{\"@id\":\"https:\\\/\\\/lasentinelle.dz\\\/index.php\\\/2021\\\/11\\\/29\\\/mc-oran-bouakkaz-entame-ses-fonctions\\\/#primaryimage\"},\"thumbnailUrl\":\"https:\\\/\\\/lasentinelle.dz\\\/wp-content\\\/uploads\\\/2021\\\/11\\\/Bouakaz.jpg\",\"datePublished\":\"2021-11-28T23:01:00+00:00\",\"breadcrumb\":{\"@id\":\"https:\\\/\\\/lasentinelle.dz\\\/index.php\\\/2021\\\/11\\\/29\\\/mc-oran-bouakkaz-entame-ses-fonctions\\\/#breadcrumb\"},\"inLanguage\":\"fr-FR\",\"potentialAction\":[{\"@type\":\"ReadAction\",\"target\":[\"https:\\\/\\\/lasentinelle.dz\\\/index.php\\\/2021\\\/11\\\/29\\\/mc-oran-bouakkaz-entame-ses-fonctions\\\/\"]}]},{\"@type\":\"ImageObject\",\"inLanguage\":\"fr-FR\",\"@id\":\"https:\\\/\\\/lasentinelle.dz\\\/index.php\\\/2021\\\/11\\\/29\\\/mc-oran-bouakkaz-entame-ses-fonctions\\\/#primaryimage\",\"url\":\"https:\\\/\\\/lasentinelle.dz\\\/wp-content\\\/uploads\\\/2021\\\/11\\\/Bouakaz.jpg\",\"contentUrl\":\"https:\\\/\\\/lasentinelle.dz\\\/wp-content\\\/uploads\\\/2021\\\/11\\\/Bouakaz.jpg\",\"width\":960,\"height\":640},{\"@type\":\"BreadcrumbList\",\"@id\":\"https:\\\/\\\/lasentinelle.dz\\\/index.php\\\/2021\\\/11\\\/29\\\/mc-oran-bouakkaz-entame-ses-fonctions\\\/#breadcrumb\",\"itemListElement\":[{\"@type\":\"ListItem\",\"position\":1,\"name\":\"Accueil\",\"item\":\"https:\\\/\\\/lasentinelle.dz\\\/\"},{\"@type\":\"ListItem\",\"position\":2,\"name\":\"MC Oran : Bouakkaz entame ses fonctions\"}]},{\"@type\":\"WebSite\",\"@id\":\"https:\\\/\\\/lasentinelle.dz\\\/#website\",\"url\":\"https:\\\/\\\/lasentinelle.dz\\\/\",\"name\":\"La Sentinelle\",\"description\":\"Quotidien national d&#039;information\",\"publisher\":{\"@id\":\"https:\\\/\\\/lasentinelle.dz\\\/#organization\"},\"potentialAction\":[{\"@type\":\"SearchAction\",\"target\":{\"@type\":\"EntryPoint\",\"urlTemplate\":\"https:\\\/\\\/lasentinelle.dz\\\/?s={search_term_string}\"},\"query-input\":{\"@type\":\"PropertyValueSpecification\",\"valueRequired\":true,\"valueName\":\"search_term_string\"}}],\"inLanguage\":\"fr-FR\"},{\"@type\":\"Organization\",\"@id\":\"https:\\\/\\\/lasentinelle.dz\\\/#organization\",\"name\":\"Quotidien La Sentinelle\",\"url\":\"https:\\\/\\\/lasentinelle.dz\\\/\",\"logo\":{\"@type\":\"ImageObject\",\"inLanguage\":\"fr-FR\",\"@id\":\"https:\\\/\\\/lasentinelle.dz\\\/#\\\/schema\\\/logo\\\/image\\\/\",\"url\":\"https:\\\/\\\/lasentinelle.dz\\\/wp-content\\\/uploads\\\/2021\\\/09\\\/logo-sentinelleSLOGAN-1.png\",\"contentUrl\":\"https:\\\/\\\/lasentinelle.dz\\\/wp-content\\\/uploads\\\/2021\\\/09\\\/logo-sentinelleSLOGAN-1.png\",\"width\":615,\"height\":142,\"caption\":\"Quotidien La Sentinelle\"},\"image\":{\"@id\":\"https:\\\/\\\/lasentinelle.dz\\\/#\\\/schema\\\/logo\\\/image\\\/\"},\"sameAs\":[\"https:\\\/\\\/www.facebook.com\\\/La-Sentinelle-104059864394773\"]},{\"@type\":\"Person\",\"@id\":\"https:\\\/\\\/lasentinelle.dz\\\/#\\\/schema\\\/person\\\/d865044e22e70a75174ce8bcad3acfb3\",\"name\":\"La Sentinelle\",\"image\":{\"@type\":\"ImageObject\",\"inLanguage\":\"fr-FR\",\"@id\":\"https:\\\/\\\/secure.gravatar.com\\\/avatar\\\/57de8e5d4b15d43fb361a71fbb36338450fe67865b528a43dd10ef7c51a20392?s=96&d=mm&r=g\",\"url\":\"https:\\\/\\\/secure.gravatar.com\\\/avatar\\\/57de8e5d4b15d43fb361a71fbb36338450fe67865b528a43dd10ef7c51a20392?s=96&d=mm&r=g\",\"contentUrl\":\"https:\\\/\\\/secure.gravatar.com\\\/avatar\\\/57de8e5d4b15d43fb361a71fbb36338450fe67865b528a43dd10ef7c51a20392?s=96&d=mm&r=g\",\"caption\":\"La Sentinelle\"},\"sameAs\":[\"http:\\\/\\\/www.lasentinelle.dz\"],\"url\":\"https:\\\/\\\/lasentinelle.dz\\\/author\\\/redaction\\\/\"}]}<\/script>\n<!-- \/ Yoast SEO plugin. -->","yoast_head_json":{"title":"MC Oran : Bouakkaz entame ses fonctions - La Sentinelle","robots":{"index":"index","follow":"follow","max-snippet":"max-snippet:-1","max-image-preview":"max-image-preview:large","max-video-preview":"max-video-preview:-1"},"canonical":"https:\/\/lasentinelle.dz\/index.php\/2021\/11\/29\/mc-oran-bouakkaz-entame-ses-fonctions\/","og_locale":"fr_FR","og_type":"article","og_title":"MC Oran : Bouakkaz entame ses fonctions - La Sentinelle","og_description":"Le technicien tunisien aura comme mission de redresser la barre , suite au d\u00e9part rat\u00e9 des gars d\u2019El Bahia en","og_url":"https:\/\/lasentinelle.dz\/index.php\/2021\/11\/29\/mc-oran-bouakkaz-entame-ses-fonctions\/","og_site_name":"La Sentinelle","article_publisher":"https:\/\/www.facebook.com\/La-Sentinelle-104059864394773","article_published_time":"2021-11-28T23:01:00+00:00","og_image":[{"width":960,"height":640,"url":"https:\/\/lasentinelle.dz\/wp-content\/uploads\/2021\/11\/Bouakaz.jpg","type":"image\/jpeg"}],"author":"La Sentinelle","twitter_card":"summary_large_image","twitter_misc":{"\u00c9crit par":"La Sentinelle","Dur\u00e9e de lecture estim\u00e9e":"2 minutes"},"schema":{"@context":"https:\/\/schema.org","@graph":[{"@type":"Article","@id":"https:\/\/lasentinelle.dz\/index.php\/2021\/11\/29\/mc-oran-bouakkaz-entame-ses-fonctions\/#article","isPartOf":{"@id":"https:\/\/lasentinelle.dz\/index.php\/2021\/11\/29\/mc-oran-bouakkaz-entame-ses-fonctions\/"},"author":{"name":"La Sentinelle","@id":"https:\/\/lasentinelle.dz\/#\/schema\/person\/d865044e22e70a75174ce8bcad3acfb3"},"headline":"MC Oran : Bouakkaz entame ses fonctions","datePublished":"2021-11-28T23:01:00+00:00","mainEntityOfPage":{"@id":"https:\/\/lasentinelle.dz\/index.php\/2021\/11\/29\/mc-oran-bouakkaz-entame-ses-fonctions\/"},"wordCount":433,"commentCount":0,"publisher":{"@id":"https:\/\/lasentinelle.dz\/#organization"},"image":{"@id":"https:\/\/lasentinelle.dz\/index.php\/2021\/11\/29\/mc-oran-bouakkaz-entame-ses-fonctions\/#primaryimage"},"thumbnailUrl":"https:\/\/lasentinelle.dz\/wp-content\/uploads\/2021\/11\/Bouakaz.jpg","articleSection":["Sports"],"inLanguage":"fr-FR","potentialAction":[{"@type":"CommentAction","name":"Comment","target":["https:\/\/lasentinelle.dz\/index.php\/2021\/11\/29\/mc-oran-bouakkaz-entame-ses-fonctions\/#respond"]}]},{"@type":"WebPage","@id":"https:\/\/lasentinelle.dz\/index.php\/2021\/11\/29\/mc-oran-bouakkaz-entame-ses-fonctions\/","url":"https:\/\/lasentinelle.dz\/index.php\/2021\/11\/29\/mc-oran-bouakkaz-entame-ses-fonctions\/","name":"MC Oran : Bouakkaz entame ses fonctions - La Sentinelle","isPartOf":{"@id":"https:\/\/lasentinelle.dz\/#website"},"primaryImageOfPage":{"@id":"https:\/\/lasentinelle.dz\/index.php\/2021\/11\/29\/mc-oran-bouakkaz-entame-ses-fonctions\/#primaryimage"},"image":{"@id":"https:\/\/lasentinelle.dz\/index.php\/2021\/11\/29\/mc-oran-bouakkaz-entame-ses-fonctions\/#primaryimage"},"thumbnailUrl":"https:\/\/lasentinelle.dz\/wp-content\/uploads\/2021\/11\/Bouakaz.jpg","datePublished":"2021-11-28T23:01:00+00:00","breadcrumb":{"@id":"https:\/\/lasentinelle.dz\/index.php\/2021\/11\/29\/mc-oran-bouakkaz-entame-ses-fonctions\/#breadcrumb"},"inLanguage":"fr-FR","potentialAction":[{"@type":"ReadAction","target":["https:\/\/lasentinelle.dz\/index.php\/2021\/11\/29\/mc-oran-bouakkaz-entame-ses-fonctions\/"]}]},{"@type":"ImageObject","inLanguage":"fr-FR","@id":"https:\/\/lasentinelle.dz\/index.php\/2021\/11\/29\/mc-oran-bouakkaz-entame-ses-fonctions\/#primaryimage","url":"https:\/\/lasentinelle.dz\/wp-content\/uploads\/2021\/11\/Bouakaz.jpg","contentUrl":"https:\/\/lasentinelle.dz\/wp-content\/uploads\/2021\/11\/Bouakaz.jpg","width":960,"height":640},{"@type":"BreadcrumbList","@id":"https:\/\/lasentinelle.dz\/index.php\/2021\/11\/29\/mc-oran-bouakkaz-entame-ses-fonctions\/#breadcrumb","itemListElement":[{"@type":"ListItem","position":1,"name":"Accueil","item":"https:\/\/lasentinelle.dz\/"},{"@type":"ListItem","position":2,"name":"MC Oran : Bouakkaz entame ses fonctions"}]},{"@type":"WebSite","@id":"https:\/\/lasentinelle.dz\/#website","url":"https:\/\/lasentinelle.dz\/","name":"La Sentinelle","description":"Quotidien national d&#039;information","publisher":{"@id":"https:\/\/lasentinelle.dz\/#organization"},"potentialAction":[{"@type":"SearchAction","target":{"@type":"EntryPoint","urlTemplate":"https:\/\/lasentinelle.dz\/?s={search_term_string}"},"query-input":{"@type":"PropertyValueSpecification","valueRequired":true,"valueName":"search_term_string"}}],"inLanguage":"fr-FR"},{"@type":"Organization","@id":"https:\/\/lasentinelle.dz\/#organization","name":"Quotidien La Sentinelle","url":"https:\/\/lasentinelle.dz\/","logo":{"@type":"ImageObject","inLanguage":"fr-FR","@id":"https:\/\/lasentinelle.dz\/#\/schema\/logo\/image\/","url":"https:\/\/lasentinelle.dz\/wp-content\/uploads\/2021\/09\/logo-sentinelleSLOGAN-1.png","contentUrl":"https:\/\/lasentinelle.dz\/wp-content\/uploads\/2021\/09\/logo-sentinelleSLOGAN-1.png","width":615,"height":142,"caption":"Quotidien La Sentinelle"},"image":{"@id":"https:\/\/lasentinelle.dz\/#\/schema\/logo\/image\/"},"sameAs":["https:\/\/www.facebook.com\/La-Sentinelle-104059864394773"]},{"@type":"Person","@id":"https:\/\/lasentinelle.dz\/#\/schema\/person\/d865044e22e70a75174ce8bcad3acfb3","name":"La Sentinelle","image":{"@type":"ImageObject","inLanguage":"fr-FR","@id":"https:\/\/secure.gravatar.com\/avatar\/57de8e5d4b15d43fb361a71fbb36338450fe67865b528a43dd10ef7c51a20392?s=96&d=mm&r=g","url":"https:\/\/secure.gravatar.com\/avatar\/57de8e5d4b15d43fb361a71fbb36338450fe67865b528a43dd10ef7c51a20392?s=96&d=mm&r=g","contentUrl":"https:\/\/secure.gravatar.com\/avatar\/57de8e5d4b15d43fb361a71fbb36338450fe67865b528a43dd10ef7c51a20392?s=96&d=mm&r=g","caption":"La Sentinelle"},"sameAs":["http:\/\/www.lasentinelle.dz"],"url":"https:\/\/lasentinelle.dz\/author\/redaction\/"}]}},"_links":{"self":[{"href":"https:\/\/lasentinelle.dz\/index.php\/wp-json\/wp\/v2\/posts\/14172","targetHints":{"allow":["GET"]}}],"collection":[{"href":"https:\/\/lasentinelle.dz\/index.php\/wp-json\/wp\/v2\/posts"}],"about":[{"href":"https:\/\/lasentinelle.dz\/index.php\/wp-json\/wp\/v2\/types\/post"}],"author":[{"embeddable":true,"href":"https:\/\/lasentinelle.dz\/index.php\/wp-json\/wp\/v2\/users\/3"}],"replies":[{"embeddable":true,"href":"https:\/\/lasentinelle.dz\/index.php\/wp-json\/wp\/v2\/comments?post=14172"}],"version-history":[{"count":1,"href":"https:\/\/lasentinelle.dz\/index.php\/wp-json\/wp\/v2\/posts\/14172\/revisions"}],"predecessor-version":[{"id":14174,"href":"https:\/\/lasentinelle.dz\/index.php\/wp-json\/wp\/v2\/posts\/14172\/revisions\/14174"}],"wp:featuredmedia":[{"embeddable":true,"href":"https:\/\/lasentinelle.dz\/index.php\/wp-json\/wp\/v2\/media\/14173"}],"wp:attachment":[{"href":"https:\/\/lasentinelle.dz\/index.php\/wp-json\/wp\/v2\/media?parent=14172"}],"wp:term":[{"taxonomy":"category","embeddable":true,"href":"https:\/\/lasentinelle.dz\/index.php\/wp-json\/wp\/v2\/categories?post=14172"},{"taxonomy":"post_tag","embeddable":true,"href":"https:\/\/lasentinelle.dz\/index.php\/wp-json\/wp\/v2\/tags?post=14172"}],"curies":[{"name":"wp","href":"https:\/\/api.w.org\/{rel}","templated":true}]}}