{"id":14178,"date":"2021-11-29T00:01:00","date_gmt":"2021-11-28T23:01:00","guid":{"rendered":"https:\/\/lasentinelle.dz\/?p=14178"},"modified":"2021-11-28T17:20:24","modified_gmt":"2021-11-28T16:20:24","slug":"annaba-le-nouveau-siege-de-la-cour-de-justice-bientot-acheve","status":"publish","type":"post","link":"https:\/\/lasentinelle.dz\/index.php\/2021\/11\/29\/annaba-le-nouveau-siege-de-la-cour-de-justice-bientot-acheve\/","title":{"rendered":"Annaba : Le nouveau si\u00e8ge de la Cour de justice bient\u00f4t achev\u00e9"},"content":{"rendered":"\n<p>Bien que contest\u00e9 par des \u00e9lus de la wilaya et les habitants de la zone, le projet de&nbsp;r\u00e9alisation d\u2019un nouveau si\u00e8ge pour lacour de justice enregistre un taux d\u2019avancement&nbsp;appr\u00e9ciable.<\/p>\n\n\n\n<p>Le projet implant\u00e9 sur les hauteurs des&nbsp;Cr\u00eates, un site compos\u00e9 de plusieurs quartiers r\u00e9sidentiels,&nbsp;pr\u00e9voit d\u2019abriter&nbsp;un tribunal et&nbsp;la&nbsp;Cour de justice dans la m\u00eame enceinte. Le wali&nbsp;en poste \u00e0 l\u2019\u00e9poque du lancement du projet&nbsp;avait donn\u00e9 l\u2019aval de la r\u00e9alisation du projet sur cette assiette fonci\u00e8re&nbsp;pour une enveloppe financi\u00e8re d\u00e9passant les 90 milliards de centimes. Lanc\u00e9 entre 2010 et 2012, seul le&nbsp;si\u00e8ge&nbsp;du tribunal a \u00e9t\u00e9 achev\u00e9 et mis en service en 2018, alors que les travaux de la nouvelle cour de justice sonttoujours&nbsp;&nbsp;en cours de r\u00e9alisation. Si le design du si\u00e8ge du tribunal pr\u00e9sente un aspect urbanistique&nbsp;ordinaire, celui de la cour, lui, a une architecture imposante avec une fa\u00e7ade arabo mauresque, avec une touche moderne, dont une tour de plusieurs \u00e9tages.&nbsp;&nbsp;Ce qui lui a valu le statut de la plus grande structure de justice au niveau national, selon le rapport des experts et ing\u00e9nieurs en la mati\u00e8re. C\u2019est ce qui a \u00e9t\u00e9 r\u00e9v\u00e9l\u00e9 en fin de semaine, lors, de la visite du chef de l\u2019ex\u00e9cutif&nbsp;local, Djamel Eddine Berrimi, sur le site. Une visite d\u2019inspection qui a \u00e9t\u00e9 caract\u00e9ris\u00e9e par des instructions fermes portant l\u2019acc\u00e9l\u00e9ration de la cadence des travaux. Il est vrai que le rythme des travaux avance au ralenti, tant\u00f4t pour des&nbsp;&nbsp;conditions climatiques et tant\u00f4t en raison de la hausse des prix des mat\u00e9riaux de construction. Situation \u00e0 l\u2019origine de plusieurs avenants, puisque le montant initial pour la r\u00e9alisation de ce projet \u00e9tait de 90 milliards&nbsp;&nbsp;de&nbsp;centimes. Aujourd\u2019hui, l\u2019enveloppe allou\u00e9e a d\u00e9pass\u00e9 les 100 milliards et le projet n\u2019est pas pr\u00eat de voir le jour. Le wali d\u2019Annaba&nbsp;&nbsp;estime qu\u2019\u00ab&nbsp;il&nbsp;&nbsp;est inconcevable qu\u2019un tel projet qui a \u00e0 son actif plusieurs avenants, n\u2019aitpas \u00e9t\u00e9 achev\u00e9 \u00e0 ce jour ?&nbsp;\u00bb, s\u2019est interrog\u00e9 le responsable qui, convient-il de le souligner,&nbsp;a estim\u00e9 que&nbsp;\u00ab&nbsp;ce retard dans la r\u00e9alisation d\u2019un tel projet va apporter un plus au secteur de la justice \u00e0 Annaba et \u00e0 son statut en tant que l\u2019une des plus grandes et plus importantes villes du pays&nbsp;\u00bb. Le commis de l\u2019\u00c9tat a pour cela insist\u00e9 sur le renforcement du chantier en mati\u00e8re de main d\u2019\u0153uvre afin d\u2019acc\u00e9l\u00e9rer le rythme des travaux et livrer la structure dans les meilleurs d\u00e9lais. Le wali d\u2019Annaba a \u00e9galement expliqu\u00e9 que le projet de cette nouvelle cour de justice, repr\u00e9sente un acquis pour le secteur de la justice dans la wilaya d\u2019Annaba. Initi\u00e9 dans le cadre de la r\u00e9forme de la justice comme axe prioritaire de l\u2019Etat, le secteur a connu un d\u00e9veloppement remarquable \u00e0 Annaba, en mati\u00e8re d\u2019infrastructures, qui s\u2019est traduit par la mise en place d\u2019importants moyens financiers pour la r\u00e9alisation du nouveau tribunal et la cour de justice \u00e0 Annaba. Ce qui a d\u00e9j\u00e0 permis avec, l\u2019entr\u00e9e en service du nouveau tribunal, la prise&nbsp;&nbsp;en charge des affaires des justiciables, et surtout am\u00e9liorer les conditions de travail pour les membres du corps magistral et du barreau \u00e0 Annaba.&nbsp;&nbsp;Une am\u00e9lioration qui sera plus efficace, avec la r\u00e9ception du si\u00e8ge de la nouvelle cour, qui sera dot\u00e9 d&rsquo;\u00e9quipements et de mat\u00e9riel neuf et moderne.<\/p>\n\n\n\n<p><strong>Sofia Chahine<\/strong><\/p>\n","protected":false},"excerpt":{"rendered":"<p>Bien que contest\u00e9 par des \u00e9lus de la wilaya et les habitants de la zone, le projet de&nbsp;r\u00e9alisation d\u2019un nouveau<\/p>\n","protected":false},"author":3,"featured_media":14179,"comment_status":"open","ping_status":"closed","sticky":false,"template":"","format":"standard","meta":{"colormag_page_container_layout":"default_layout","colormag_page_sidebar_layout":"default_layout","om_disable_all_campaigns":false,"_monsterinsights_skip_tracking":false,"_monsterinsights_sitenote_active":false,"_monsterinsights_sitenote_note":"","_monsterinsights_sitenote_category":0,"footnotes":"","_wpscppro_dont_share_socialmedia":false,"_wpscppro_custom_social_share_image":0,"_facebook_share_type":"","_twitter_share_type":"","_linkedin_share_type":"","_pinterest_share_type":"","_linkedin_share_type_page":"","_instagram_share_type":"","_medium_share_type":"","_threads_share_type":"","_google_business_share_type":"","_selected_social_profile":[],"_wpsp_enable_custom_social_template":false,"_wpsp_social_scheduling":{"enabled":false,"datetime":null,"platforms":[],"status":"template_only","dateOption":"today","timeOption":"now","customDays":"","customHours":"","customDate":"","customTime":"","schedulingType":"absolute"},"_wpsp_active_default_template":true},"categories":[31],"tags":[],"class_list":["post-14178","post","type-post","status-publish","format-standard","has-post-thumbnail","hentry","category-regions"],"aioseo_notices":[],"yoast_head":"<!-- This site is optimized with the Yoast SEO plugin v27.5 - https:\/\/yoast.com\/product\/yoast-seo-wordpress\/ -->\n<title>Annaba : Le nouveau si\u00e8ge de la Cour de justice bient\u00f4t achev\u00e9 - La Sentinelle<\/title>\n<meta name=\"robots\" content=\"index, follow, max-snippet:-1, max-image-preview:large, max-video-preview:-1\" \/>\n<link rel=\"canonical\" href=\"https:\/\/lasentinelle.dz\/index.php\/2021\/11\/29\/annaba-le-nouveau-siege-de-la-cour-de-justice-bientot-acheve\/\" \/>\n<meta property=\"og:locale\" content=\"fr_FR\" \/>\n<meta property=\"og:type\" content=\"article\" \/>\n<meta property=\"og:title\" content=\"Annaba : Le nouveau si\u00e8ge de la Cour de justice bient\u00f4t achev\u00e9 - La Sentinelle\" \/>\n<meta property=\"og:description\" content=\"Bien que contest\u00e9 par des \u00e9lus de la wilaya et les habitants de la zone, le projet de&nbsp;r\u00e9alisation d\u2019un nouveau\" \/>\n<meta property=\"og:url\" content=\"https:\/\/lasentinelle.dz\/index.php\/2021\/11\/29\/annaba-le-nouveau-siege-de-la-cour-de-justice-bientot-acheve\/\" \/>\n<meta property=\"og:site_name\" content=\"La Sentinelle\" \/>\n<meta property=\"article:publisher\" content=\"https:\/\/www.facebook.com\/La-Sentinelle-104059864394773\" \/>\n<meta property=\"article:published_time\" content=\"2021-11-28T23:01:00+00:00\" \/>\n<meta property=\"og:image\" content=\"https:\/\/lasentinelle.dz\/wp-content\/uploads\/2021\/11\/oran3.jpg\" \/>\n\t<meta property=\"og:image:width\" content=\"512\" \/>\n\t<meta property=\"og:image:height\" content=\"335\" \/>\n\t<meta property=\"og:image:type\" content=\"image\/jpeg\" \/>\n<meta name=\"author\" content=\"La Sentinelle\" \/>\n<meta name=\"twitter:card\" content=\"summary_large_image\" \/>\n<meta name=\"twitter:label1\" content=\"\u00c9crit par\" \/>\n\t<meta name=\"twitter:data1\" content=\"La Sentinelle\" \/>\n\t<meta name=\"twitter:label2\" content=\"Dur\u00e9e de lecture estim\u00e9e\" \/>\n\t<meta name=\"twitter:data2\" content=\"3 minutes\" \/>\n<script type=\"application\/ld+json\" class=\"yoast-schema-graph\">{\"@context\":\"https:\\\/\\\/schema.org\",\"@graph\":[{\"@type\":\"Article\",\"@id\":\"https:\\\/\\\/lasentinelle.dz\\\/index.php\\\/2021\\\/11\\\/29\\\/annaba-le-nouveau-siege-de-la-cour-de-justice-bientot-acheve\\\/#article\",\"isPartOf\":{\"@id\":\"https:\\\/\\\/lasentinelle.dz\\\/index.php\\\/2021\\\/11\\\/29\\\/annaba-le-nouveau-siege-de-la-cour-de-justice-bientot-acheve\\\/\"},\"author\":{\"name\":\"La Sentinelle\",\"@id\":\"https:\\\/\\\/lasentinelle.dz\\\/#\\\/schema\\\/person\\\/d865044e22e70a75174ce8bcad3acfb3\"},\"headline\":\"Annaba : Le nouveau si\u00e8ge de la Cour de justice bient\u00f4t achev\u00e9\",\"datePublished\":\"2021-11-28T23:01:00+00:00\",\"mainEntityOfPage\":{\"@id\":\"https:\\\/\\\/lasentinelle.dz\\\/index.php\\\/2021\\\/11\\\/29\\\/annaba-le-nouveau-siege-de-la-cour-de-justice-bientot-acheve\\\/\"},\"wordCount\":662,\"commentCount\":0,\"publisher\":{\"@id\":\"https:\\\/\\\/lasentinelle.dz\\\/#organization\"},\"image\":{\"@id\":\"https:\\\/\\\/lasentinelle.dz\\\/index.php\\\/2021\\\/11\\\/29\\\/annaba-le-nouveau-siege-de-la-cour-de-justice-bientot-acheve\\\/#primaryimage\"},\"thumbnailUrl\":\"https:\\\/\\\/lasentinelle.dz\\\/wp-content\\\/uploads\\\/2021\\\/11\\\/oran3.jpg\",\"articleSection\":[\"R\u00e9gions\"],\"inLanguage\":\"fr-FR\",\"potentialAction\":[{\"@type\":\"CommentAction\",\"name\":\"Comment\",\"target\":[\"https:\\\/\\\/lasentinelle.dz\\\/index.php\\\/2021\\\/11\\\/29\\\/annaba-le-nouveau-siege-de-la-cour-de-justice-bientot-acheve\\\/#respond\"]}]},{\"@type\":\"WebPage\",\"@id\":\"https:\\\/\\\/lasentinelle.dz\\\/index.php\\\/2021\\\/11\\\/29\\\/annaba-le-nouveau-siege-de-la-cour-de-justice-bientot-acheve\\\/\",\"url\":\"https:\\\/\\\/lasentinelle.dz\\\/index.php\\\/2021\\\/11\\\/29\\\/annaba-le-nouveau-siege-de-la-cour-de-justice-bientot-acheve\\\/\",\"name\":\"Annaba : Le nouveau si\u00e8ge de la Cour de justice bient\u00f4t achev\u00e9 - La Sentinelle\",\"isPartOf\":{\"@id\":\"https:\\\/\\\/lasentinelle.dz\\\/#website\"},\"primaryImageOfPage\":{\"@id\":\"https:\\\/\\\/lasentinelle.dz\\\/index.php\\\/2021\\\/11\\\/29\\\/annaba-le-nouveau-siege-de-la-cour-de-justice-bientot-acheve\\\/#primaryimage\"},\"image\":{\"@id\":\"https:\\\/\\\/lasentinelle.dz\\\/index.php\\\/2021\\\/11\\\/29\\\/annaba-le-nouveau-siege-de-la-cour-de-justice-bientot-acheve\\\/#primaryimage\"},\"thumbnailUrl\":\"https:\\\/\\\/lasentinelle.dz\\\/wp-content\\\/uploads\\\/2021\\\/11\\\/oran3.jpg\",\"datePublished\":\"2021-11-28T23:01:00+00:00\",\"breadcrumb\":{\"@id\":\"https:\\\/\\\/lasentinelle.dz\\\/index.php\\\/2021\\\/11\\\/29\\\/annaba-le-nouveau-siege-de-la-cour-de-justice-bientot-acheve\\\/#breadcrumb\"},\"inLanguage\":\"fr-FR\",\"potentialAction\":[{\"@type\":\"ReadAction\",\"target\":[\"https:\\\/\\\/lasentinelle.dz\\\/index.php\\\/2021\\\/11\\\/29\\\/annaba-le-nouveau-siege-de-la-cour-de-justice-bientot-acheve\\\/\"]}]},{\"@type\":\"ImageObject\",\"inLanguage\":\"fr-FR\",\"@id\":\"https:\\\/\\\/lasentinelle.dz\\\/index.php\\\/2021\\\/11\\\/29\\\/annaba-le-nouveau-siege-de-la-cour-de-justice-bientot-acheve\\\/#primaryimage\",\"url\":\"https:\\\/\\\/lasentinelle.dz\\\/wp-content\\\/uploads\\\/2021\\\/11\\\/oran3.jpg\",\"contentUrl\":\"https:\\\/\\\/lasentinelle.dz\\\/wp-content\\\/uploads\\\/2021\\\/11\\\/oran3.jpg\",\"width\":512,\"height\":335},{\"@type\":\"BreadcrumbList\",\"@id\":\"https:\\\/\\\/lasentinelle.dz\\\/index.php\\\/2021\\\/11\\\/29\\\/annaba-le-nouveau-siege-de-la-cour-de-justice-bientot-acheve\\\/#breadcrumb\",\"itemListElement\":[{\"@type\":\"ListItem\",\"position\":1,\"name\":\"Accueil\",\"item\":\"https:\\\/\\\/lasentinelle.dz\\\/\"},{\"@type\":\"ListItem\",\"position\":2,\"name\":\"Annaba : Le nouveau si\u00e8ge de la Cour de justice bient\u00f4t achev\u00e9\"}]},{\"@type\":\"WebSite\",\"@id\":\"https:\\\/\\\/lasentinelle.dz\\\/#website\",\"url\":\"https:\\\/\\\/lasentinelle.dz\\\/\",\"name\":\"La Sentinelle\",\"description\":\"Quotidien national d&#039;information\",\"publisher\":{\"@id\":\"https:\\\/\\\/lasentinelle.dz\\\/#organization\"},\"potentialAction\":[{\"@type\":\"SearchAction\",\"target\":{\"@type\":\"EntryPoint\",\"urlTemplate\":\"https:\\\/\\\/lasentinelle.dz\\\/?s={search_term_string}\"},\"query-input\":{\"@type\":\"PropertyValueSpecification\",\"valueRequired\":true,\"valueName\":\"search_term_string\"}}],\"inLanguage\":\"fr-FR\"},{\"@type\":\"Organization\",\"@id\":\"https:\\\/\\\/lasentinelle.dz\\\/#organization\",\"name\":\"Quotidien La Sentinelle\",\"url\":\"https:\\\/\\\/lasentinelle.dz\\\/\",\"logo\":{\"@type\":\"ImageObject\",\"inLanguage\":\"fr-FR\",\"@id\":\"https:\\\/\\\/lasentinelle.dz\\\/#\\\/schema\\\/logo\\\/image\\\/\",\"url\":\"https:\\\/\\\/lasentinelle.dz\\\/wp-content\\\/uploads\\\/2021\\\/09\\\/logo-sentinelleSLOGAN-1.png\",\"contentUrl\":\"https:\\\/\\\/lasentinelle.dz\\\/wp-content\\\/uploads\\\/2021\\\/09\\\/logo-sentinelleSLOGAN-1.png\",\"width\":615,\"height\":142,\"caption\":\"Quotidien La Sentinelle\"},\"image\":{\"@id\":\"https:\\\/\\\/lasentinelle.dz\\\/#\\\/schema\\\/logo\\\/image\\\/\"},\"sameAs\":[\"https:\\\/\\\/www.facebook.com\\\/La-Sentinelle-104059864394773\"]},{\"@type\":\"Person\",\"@id\":\"https:\\\/\\\/lasentinelle.dz\\\/#\\\/schema\\\/person\\\/d865044e22e70a75174ce8bcad3acfb3\",\"name\":\"La Sentinelle\",\"image\":{\"@type\":\"ImageObject\",\"inLanguage\":\"fr-FR\",\"@id\":\"https:\\\/\\\/secure.gravatar.com\\\/avatar\\\/57de8e5d4b15d43fb361a71fbb36338450fe67865b528a43dd10ef7c51a20392?s=96&d=mm&r=g\",\"url\":\"https:\\\/\\\/secure.gravatar.com\\\/avatar\\\/57de8e5d4b15d43fb361a71fbb36338450fe67865b528a43dd10ef7c51a20392?s=96&d=mm&r=g\",\"contentUrl\":\"https:\\\/\\\/secure.gravatar.com\\\/avatar\\\/57de8e5d4b15d43fb361a71fbb36338450fe67865b528a43dd10ef7c51a20392?s=96&d=mm&r=g\",\"caption\":\"La Sentinelle\"},\"sameAs\":[\"http:\\\/\\\/www.lasentinelle.dz\"],\"url\":\"https:\\\/\\\/lasentinelle.dz\\\/author\\\/redaction\\\/\"}]}<\/script>\n<!-- \/ Yoast SEO plugin. -->","yoast_head_json":{"title":"Annaba : Le nouveau si\u00e8ge de la Cour de justice bient\u00f4t achev\u00e9 - La Sentinelle","robots":{"index":"index","follow":"follow","max-snippet":"max-snippet:-1","max-image-preview":"max-image-preview:large","max-video-preview":"max-video-preview:-1"},"canonical":"https:\/\/lasentinelle.dz\/index.php\/2021\/11\/29\/annaba-le-nouveau-siege-de-la-cour-de-justice-bientot-acheve\/","og_locale":"fr_FR","og_type":"article","og_title":"Annaba : Le nouveau si\u00e8ge de la Cour de justice bient\u00f4t achev\u00e9 - La Sentinelle","og_description":"Bien que contest\u00e9 par des \u00e9lus de la wilaya et les habitants de la zone, le projet de&nbsp;r\u00e9alisation d\u2019un nouveau","og_url":"https:\/\/lasentinelle.dz\/index.php\/2021\/11\/29\/annaba-le-nouveau-siege-de-la-cour-de-justice-bientot-acheve\/","og_site_name":"La Sentinelle","article_publisher":"https:\/\/www.facebook.com\/La-Sentinelle-104059864394773","article_published_time":"2021-11-28T23:01:00+00:00","og_image":[{"width":512,"height":335,"url":"https:\/\/lasentinelle.dz\/wp-content\/uploads\/2021\/11\/oran3.jpg","type":"image\/jpeg"}],"author":"La Sentinelle","twitter_card":"summary_large_image","twitter_misc":{"\u00c9crit par":"La Sentinelle","Dur\u00e9e de lecture estim\u00e9e":"3 minutes"},"schema":{"@context":"https:\/\/schema.org","@graph":[{"@type":"Article","@id":"https:\/\/lasentinelle.dz\/index.php\/2021\/11\/29\/annaba-le-nouveau-siege-de-la-cour-de-justice-bientot-acheve\/#article","isPartOf":{"@id":"https:\/\/lasentinelle.dz\/index.php\/2021\/11\/29\/annaba-le-nouveau-siege-de-la-cour-de-justice-bientot-acheve\/"},"author":{"name":"La Sentinelle","@id":"https:\/\/lasentinelle.dz\/#\/schema\/person\/d865044e22e70a75174ce8bcad3acfb3"},"headline":"Annaba : Le nouveau si\u00e8ge de la Cour de justice bient\u00f4t achev\u00e9","datePublished":"2021-11-28T23:01:00+00:00","mainEntityOfPage":{"@id":"https:\/\/lasentinelle.dz\/index.php\/2021\/11\/29\/annaba-le-nouveau-siege-de-la-cour-de-justice-bientot-acheve\/"},"wordCount":662,"commentCount":0,"publisher":{"@id":"https:\/\/lasentinelle.dz\/#organization"},"image":{"@id":"https:\/\/lasentinelle.dz\/index.php\/2021\/11\/29\/annaba-le-nouveau-siege-de-la-cour-de-justice-bientot-acheve\/#primaryimage"},"thumbnailUrl":"https:\/\/lasentinelle.dz\/wp-content\/uploads\/2021\/11\/oran3.jpg","articleSection":["R\u00e9gions"],"inLanguage":"fr-FR","potentialAction":[{"@type":"CommentAction","name":"Comment","target":["https:\/\/lasentinelle.dz\/index.php\/2021\/11\/29\/annaba-le-nouveau-siege-de-la-cour-de-justice-bientot-acheve\/#respond"]}]},{"@type":"WebPage","@id":"https:\/\/lasentinelle.dz\/index.php\/2021\/11\/29\/annaba-le-nouveau-siege-de-la-cour-de-justice-bientot-acheve\/","url":"https:\/\/lasentinelle.dz\/index.php\/2021\/11\/29\/annaba-le-nouveau-siege-de-la-cour-de-justice-bientot-acheve\/","name":"Annaba : Le nouveau si\u00e8ge de la Cour de justice bient\u00f4t achev\u00e9 - La Sentinelle","isPartOf":{"@id":"https:\/\/lasentinelle.dz\/#website"},"primaryImageOfPage":{"@id":"https:\/\/lasentinelle.dz\/index.php\/2021\/11\/29\/annaba-le-nouveau-siege-de-la-cour-de-justice-bientot-acheve\/#primaryimage"},"image":{"@id":"https:\/\/lasentinelle.dz\/index.php\/2021\/11\/29\/annaba-le-nouveau-siege-de-la-cour-de-justice-bientot-acheve\/#primaryimage"},"thumbnailUrl":"https:\/\/lasentinelle.dz\/wp-content\/uploads\/2021\/11\/oran3.jpg","datePublished":"2021-11-28T23:01:00+00:00","breadcrumb":{"@id":"https:\/\/lasentinelle.dz\/index.php\/2021\/11\/29\/annaba-le-nouveau-siege-de-la-cour-de-justice-bientot-acheve\/#breadcrumb"},"inLanguage":"fr-FR","potentialAction":[{"@type":"ReadAction","target":["https:\/\/lasentinelle.dz\/index.php\/2021\/11\/29\/annaba-le-nouveau-siege-de-la-cour-de-justice-bientot-acheve\/"]}]},{"@type":"ImageObject","inLanguage":"fr-FR","@id":"https:\/\/lasentinelle.dz\/index.php\/2021\/11\/29\/annaba-le-nouveau-siege-de-la-cour-de-justice-bientot-acheve\/#primaryimage","url":"https:\/\/lasentinelle.dz\/wp-content\/uploads\/2021\/11\/oran3.jpg","contentUrl":"https:\/\/lasentinelle.dz\/wp-content\/uploads\/2021\/11\/oran3.jpg","width":512,"height":335},{"@type":"BreadcrumbList","@id":"https:\/\/lasentinelle.dz\/index.php\/2021\/11\/29\/annaba-le-nouveau-siege-de-la-cour-de-justice-bientot-acheve\/#breadcrumb","itemListElement":[{"@type":"ListItem","position":1,"name":"Accueil","item":"https:\/\/lasentinelle.dz\/"},{"@type":"ListItem","position":2,"name":"Annaba : Le nouveau si\u00e8ge de la Cour de justice bient\u00f4t achev\u00e9"}]},{"@type":"WebSite","@id":"https:\/\/lasentinelle.dz\/#website","url":"https:\/\/lasentinelle.dz\/","name":"La Sentinelle","description":"Quotidien national d&#039;information","publisher":{"@id":"https:\/\/lasentinelle.dz\/#organization"},"potentialAction":[{"@type":"SearchAction","target":{"@type":"EntryPoint","urlTemplate":"https:\/\/lasentinelle.dz\/?s={search_term_string}"},"query-input":{"@type":"PropertyValueSpecification","valueRequired":true,"valueName":"search_term_string"}}],"inLanguage":"fr-FR"},{"@type":"Organization","@id":"https:\/\/lasentinelle.dz\/#organization","name":"Quotidien La Sentinelle","url":"https:\/\/lasentinelle.dz\/","logo":{"@type":"ImageObject","inLanguage":"fr-FR","@id":"https:\/\/lasentinelle.dz\/#\/schema\/logo\/image\/","url":"https:\/\/lasentinelle.dz\/wp-content\/uploads\/2021\/09\/logo-sentinelleSLOGAN-1.png","contentUrl":"https:\/\/lasentinelle.dz\/wp-content\/uploads\/2021\/09\/logo-sentinelleSLOGAN-1.png","width":615,"height":142,"caption":"Quotidien La Sentinelle"},"image":{"@id":"https:\/\/lasentinelle.dz\/#\/schema\/logo\/image\/"},"sameAs":["https:\/\/www.facebook.com\/La-Sentinelle-104059864394773"]},{"@type":"Person","@id":"https:\/\/lasentinelle.dz\/#\/schema\/person\/d865044e22e70a75174ce8bcad3acfb3","name":"La Sentinelle","image":{"@type":"ImageObject","inLanguage":"fr-FR","@id":"https:\/\/secure.gravatar.com\/avatar\/57de8e5d4b15d43fb361a71fbb36338450fe67865b528a43dd10ef7c51a20392?s=96&d=mm&r=g","url":"https:\/\/secure.gravatar.com\/avatar\/57de8e5d4b15d43fb361a71fbb36338450fe67865b528a43dd10ef7c51a20392?s=96&d=mm&r=g","contentUrl":"https:\/\/secure.gravatar.com\/avatar\/57de8e5d4b15d43fb361a71fbb36338450fe67865b528a43dd10ef7c51a20392?s=96&d=mm&r=g","caption":"La Sentinelle"},"sameAs":["http:\/\/www.lasentinelle.dz"],"url":"https:\/\/lasentinelle.dz\/author\/redaction\/"}]}},"_links":{"self":[{"href":"https:\/\/lasentinelle.dz\/index.php\/wp-json\/wp\/v2\/posts\/14178","targetHints":{"allow":["GET"]}}],"collection":[{"href":"https:\/\/lasentinelle.dz\/index.php\/wp-json\/wp\/v2\/posts"}],"about":[{"href":"https:\/\/lasentinelle.dz\/index.php\/wp-json\/wp\/v2\/types\/post"}],"author":[{"embeddable":true,"href":"https:\/\/lasentinelle.dz\/index.php\/wp-json\/wp\/v2\/users\/3"}],"replies":[{"embeddable":true,"href":"https:\/\/lasentinelle.dz\/index.php\/wp-json\/wp\/v2\/comments?post=14178"}],"version-history":[{"count":1,"href":"https:\/\/lasentinelle.dz\/index.php\/wp-json\/wp\/v2\/posts\/14178\/revisions"}],"predecessor-version":[{"id":14180,"href":"https:\/\/lasentinelle.dz\/index.php\/wp-json\/wp\/v2\/posts\/14178\/revisions\/14180"}],"wp:featuredmedia":[{"embeddable":true,"href":"https:\/\/lasentinelle.dz\/index.php\/wp-json\/wp\/v2\/media\/14179"}],"wp:attachment":[{"href":"https:\/\/lasentinelle.dz\/index.php\/wp-json\/wp\/v2\/media?parent=14178"}],"wp:term":[{"taxonomy":"category","embeddable":true,"href":"https:\/\/lasentinelle.dz\/index.php\/wp-json\/wp\/v2\/categories?post=14178"},{"taxonomy":"post_tag","embeddable":true,"href":"https:\/\/lasentinelle.dz\/index.php\/wp-json\/wp\/v2\/tags?post=14178"}],"curies":[{"name":"wp","href":"https:\/\/api.w.org\/{rel}","templated":true}]}}