{"id":14211,"date":"2021-11-29T00:01:00","date_gmt":"2021-11-28T23:01:00","guid":{"rendered":"https:\/\/lasentinelle.dz\/?p=14211"},"modified":"2021-11-28T20:10:27","modified_gmt":"2021-11-28T19:10:27","slug":"abdelkader-soufi-analyste-politique-les-collectivites-locales-seront-confiees-a-une-nouvelle-generation","status":"publish","type":"post","link":"https:\/\/lasentinelle.dz\/index.php\/2021\/11\/29\/abdelkader-soufi-analyste-politique-les-collectivites-locales-seront-confiees-a-une-nouvelle-generation\/","title":{"rendered":"Abdelkader Soufi, analyste politique : \u00ab Les collectivit\u00e9s locales seront confi\u00e9es \u00e0 une nouvelle g\u00e9n\u00e9ration"},"content":{"rendered":"\n<p>Les \u00e9lections locales pour les assembl\u00e9es populaires communales et les assembl\u00e9es populaires des wilayas qui se sont tenues&nbsp;samedi&nbsp;repr\u00e9sentent un point de d\u00e9part vers une r\u00e9elle d\u00e9mocratie participative et repr\u00e9sentent la derni\u00e8re pi\u00e8ce entrant dans le cadre de la construction de l&rsquo;\u00e9difice institutionnel national, a affirm\u00e9 hier l&rsquo;analyste politique,&nbsp;&nbsp;Abdelkader Soufi&nbsp;.&nbsp;<\/p>\n\n\n\n<p>Invit\u00e9 \u00e0 s\u2019exprimer sur les ondes de la Radio alg\u00e9rienne, celui-ci&nbsp;a rappel\u00e9 que \u00ab\u00a0ce scrutin repr\u00e9sente aussi la concr\u00e9tisation finale de l&rsquo;un des cinquante-quatre engagements du pr\u00e9sident de la&nbsp;R\u00e9publique,&nbsp;M.&nbsp;Abdelmadjid Tebboune qui avait pris sur lui de b\u00e2tir une nouvelle Alg\u00e9rie reposant sr des institutions cr\u00e9dibles, transparentes et r\u00e9ellement \u00e9manant de la volont\u00e9 populaire\u00a0\u00bb.&nbsp;&nbsp;&nbsp;Ces \u00e9lections sont, ajoute-t-il, le point de s\u00e9paration avec un mode de gouvernance reposant sur les \u00e9quilibres via la politique des quotas \u00e0 une gouvernance dont le choix des hommes et des femmes sont de la responsabilit\u00e9 des citoyens qui ont tous les m\u00e9canismes dont notamment le syst\u00e8me des listes ouvertes leur permettant de porter aux commandes des comp\u00e9tences universitaires et surtout cr\u00e9dibles ou tout simplement une bonne repr\u00e9sentation. Abdelkader Soufi fera ainsi remarquer que \u00ab\u00a0ces \u00e9lections&nbsp;sont&nbsp;un indicateur que les r\u00e9sultats&nbsp;pr\u00e9sentent les chiffres&nbsp;r\u00e9els&nbsp;qui ont longtemps manqu\u00e9 par le pass\u00e9\u00a0\u00bb. Et d\u2019ajouter&nbsp;\u00e0 ce sujet justement que \u00ab\u00a0les \u00e9lections locales repr\u00e9sentent aussi un point de rencontre entre le gouvernant et le gouvern\u00e9 \u00e9tant destin\u00e9es \u00e0 porter aux commandes des personnes qui auront \u00e0 charge la gestion des collectivit\u00e9s locales\u00a0\u00bb.\u00a0\u00bbCette forme de d\u00e9mocratie participative est un moyen d&rsquo;assurer la s\u00e9curit\u00e9 avec l&rsquo;implication des citoyens.&nbsp;Le front interne s&rsquo;en trouve ainsi s\u00e9curis\u00e9 contre les menaces internes et externes\u00a0\u00bb explique-t-il, pr\u00e9cisant que \u00ab\u00a0ces \u00e9ch\u00e9ances repr\u00e9sentent r\u00e9ellement la r\u00e9alit\u00e9 de la volont\u00e9 populaire via le taux de participation de 35,3% tr\u00e8s acceptable\u00a0\u00bb. L&rsquo;analyste politique pr\u00e9conisera par ailleurs de \u00ab\u00a0lancer des \u00e9tudes pour comprendre le comportement des&nbsp;Alg\u00e9riens face aux \u00e9lections car les chiffres du pass\u00e9 ne repr\u00e9sentent pas une r\u00e9f\u00e9rence \u00e9tant donn\u00e9 qu&rsquo;ils ne sont pas r\u00e9els\u00a0\u00bb.&nbsp;L\u2019expert&nbsp;a enfin mis en exergue l&rsquo;importance de la transparence dans les \u00e9lections.&nbsp;Une transparence, explique-t-il, qui leur conf\u00e8re une cr\u00e9dibilit\u00e9 \u00e0 m\u00eame d&rsquo;attirer le citoyen dans&nbsp;l&rsquo;effort collectif visant le d\u00e9veloppement local et le d\u00e9veloppement en g\u00e9n\u00e9ral. L&rsquo;\u00e9lu, ajoute-t-il,&nbsp;\u00ab&nbsp;est l&rsquo;\u00e9l\u00e9ment important dans la concr\u00e9tisation des politiques nationales sur le terrain \u00e9tant le plus proche de la base citoyenne dont notamment les organisations de la soci\u00e9t\u00e9 civile&nbsp;\u00bb.&nbsp;&nbsp;M.&nbsp;Soufi rel\u00e8vera aussi que les collectivit\u00e9s locales sont d\u00e9sormais entre les mains d&rsquo;une nouvelle g\u00e9n\u00e9ration qui aura pour mission de porter le d\u00e9veloppement \u00e0 son plus haut niveau mais aussi \u00e0 am\u00e9liorer les conditions de vie de leurs&nbsp;concitoyens&nbsp;par une meilleure gestion des collectivit\u00e9s locales.&nbsp;<\/p>\n\n\n\n<p><strong>Akli Amor<\/strong><\/p>\n","protected":false},"excerpt":{"rendered":"<p>Les \u00e9lections locales pour les assembl\u00e9es populaires communales et les assembl\u00e9es populaires des wilayas qui se sont tenues&nbsp;samedi&nbsp;repr\u00e9sentent un point<\/p>\n","protected":false},"author":3,"featured_media":14212,"comment_status":"open","ping_status":"closed","sticky":false,"template":"","format":"standard","meta":{"colormag_page_container_layout":"default_layout","colormag_page_sidebar_layout":"default_layout","om_disable_all_campaigns":false,"_monsterinsights_skip_tracking":false,"_monsterinsights_sitenote_active":false,"_monsterinsights_sitenote_note":"","_monsterinsights_sitenote_category":0,"footnotes":"","_wpscppro_dont_share_socialmedia":false,"_wpscppro_custom_social_share_image":0,"_facebook_share_type":"","_twitter_share_type":"","_linkedin_share_type":"","_pinterest_share_type":"","_linkedin_share_type_page":"","_instagram_share_type":"","_medium_share_type":"","_threads_share_type":"","_google_business_share_type":"","_selected_social_profile":[],"_wpsp_enable_custom_social_template":false,"_wpsp_social_scheduling":{"enabled":false,"datetime":null,"platforms":[],"status":"template_only","dateOption":"today","timeOption":"now","customDays":"","customHours":"","customDate":"","customTime":"","schedulingType":"absolute"},"_wpsp_active_default_template":true},"categories":[27],"tags":[],"class_list":["post-14211","post","type-post","status-publish","format-standard","has-post-thumbnail","hentry","category-actualite"],"aioseo_notices":[],"yoast_head":"<!-- This site is optimized with the Yoast SEO plugin v27.5 - https:\/\/yoast.com\/product\/yoast-seo-wordpress\/ -->\n<title>Abdelkader Soufi, analyste politique : \u00ab Les collectivit\u00e9s locales seront confi\u00e9es \u00e0 une nouvelle g\u00e9n\u00e9ration - La Sentinelle<\/title>\n<meta name=\"robots\" content=\"index, follow, max-snippet:-1, max-image-preview:large, max-video-preview:-1\" \/>\n<link rel=\"canonical\" href=\"https:\/\/lasentinelle.dz\/index.php\/2021\/11\/29\/abdelkader-soufi-analyste-politique-les-collectivites-locales-seront-confiees-a-une-nouvelle-generation\/\" \/>\n<meta property=\"og:locale\" content=\"fr_FR\" \/>\n<meta property=\"og:type\" content=\"article\" \/>\n<meta property=\"og:title\" content=\"Abdelkader Soufi, analyste politique : \u00ab Les collectivit\u00e9s locales seront confi\u00e9es \u00e0 une nouvelle g\u00e9n\u00e9ration - La Sentinelle\" \/>\n<meta property=\"og:description\" content=\"Les \u00e9lections locales pour les assembl\u00e9es populaires communales et les assembl\u00e9es populaires des wilayas qui se sont tenues&nbsp;samedi&nbsp;repr\u00e9sentent un point\" \/>\n<meta property=\"og:url\" content=\"https:\/\/lasentinelle.dz\/index.php\/2021\/11\/29\/abdelkader-soufi-analyste-politique-les-collectivites-locales-seront-confiees-a-une-nouvelle-generation\/\" \/>\n<meta property=\"og:site_name\" content=\"La Sentinelle\" \/>\n<meta property=\"article:publisher\" content=\"https:\/\/www.facebook.com\/La-Sentinelle-104059864394773\" \/>\n<meta property=\"article:published_time\" content=\"2021-11-28T23:01:00+00:00\" \/>\n<meta property=\"og:image\" content=\"https:\/\/lasentinelle.dz\/wp-content\/uploads\/2021\/11\/Unknown2.jpg\" \/>\n\t<meta property=\"og:image:width\" content=\"283\" \/>\n\t<meta property=\"og:image:height\" content=\"178\" \/>\n\t<meta property=\"og:image:type\" content=\"image\/jpeg\" \/>\n<meta name=\"author\" content=\"La Sentinelle\" \/>\n<meta name=\"twitter:card\" content=\"summary_large_image\" \/>\n<meta name=\"twitter:label1\" content=\"\u00c9crit par\" \/>\n\t<meta name=\"twitter:data1\" content=\"La Sentinelle\" \/>\n\t<meta name=\"twitter:label2\" content=\"Dur\u00e9e de lecture estim\u00e9e\" \/>\n\t<meta name=\"twitter:data2\" content=\"2 minutes\" \/>\n<script type=\"application\/ld+json\" class=\"yoast-schema-graph\">{\"@context\":\"https:\\\/\\\/schema.org\",\"@graph\":[{\"@type\":\"Article\",\"@id\":\"https:\\\/\\\/lasentinelle.dz\\\/index.php\\\/2021\\\/11\\\/29\\\/abdelkader-soufi-analyste-politique-les-collectivites-locales-seront-confiees-a-une-nouvelle-generation\\\/#article\",\"isPartOf\":{\"@id\":\"https:\\\/\\\/lasentinelle.dz\\\/index.php\\\/2021\\\/11\\\/29\\\/abdelkader-soufi-analyste-politique-les-collectivites-locales-seront-confiees-a-une-nouvelle-generation\\\/\"},\"author\":{\"name\":\"La Sentinelle\",\"@id\":\"https:\\\/\\\/lasentinelle.dz\\\/#\\\/schema\\\/person\\\/d865044e22e70a75174ce8bcad3acfb3\"},\"headline\":\"Abdelkader Soufi, analyste politique : \u00ab Les collectivit\u00e9s locales seront confi\u00e9es \u00e0 une nouvelle g\u00e9n\u00e9ration\",\"datePublished\":\"2021-11-28T23:01:00+00:00\",\"mainEntityOfPage\":{\"@id\":\"https:\\\/\\\/lasentinelle.dz\\\/index.php\\\/2021\\\/11\\\/29\\\/abdelkader-soufi-analyste-politique-les-collectivites-locales-seront-confiees-a-une-nouvelle-generation\\\/\"},\"wordCount\":565,\"commentCount\":0,\"publisher\":{\"@id\":\"https:\\\/\\\/lasentinelle.dz\\\/#organization\"},\"image\":{\"@id\":\"https:\\\/\\\/lasentinelle.dz\\\/index.php\\\/2021\\\/11\\\/29\\\/abdelkader-soufi-analyste-politique-les-collectivites-locales-seront-confiees-a-une-nouvelle-generation\\\/#primaryimage\"},\"thumbnailUrl\":\"https:\\\/\\\/lasentinelle.dz\\\/wp-content\\\/uploads\\\/2021\\\/11\\\/Unknown2.jpg\",\"articleSection\":[\"Actualit\u00e9\"],\"inLanguage\":\"fr-FR\",\"potentialAction\":[{\"@type\":\"CommentAction\",\"name\":\"Comment\",\"target\":[\"https:\\\/\\\/lasentinelle.dz\\\/index.php\\\/2021\\\/11\\\/29\\\/abdelkader-soufi-analyste-politique-les-collectivites-locales-seront-confiees-a-une-nouvelle-generation\\\/#respond\"]}]},{\"@type\":\"WebPage\",\"@id\":\"https:\\\/\\\/lasentinelle.dz\\\/index.php\\\/2021\\\/11\\\/29\\\/abdelkader-soufi-analyste-politique-les-collectivites-locales-seront-confiees-a-une-nouvelle-generation\\\/\",\"url\":\"https:\\\/\\\/lasentinelle.dz\\\/index.php\\\/2021\\\/11\\\/29\\\/abdelkader-soufi-analyste-politique-les-collectivites-locales-seront-confiees-a-une-nouvelle-generation\\\/\",\"name\":\"Abdelkader Soufi, analyste politique : \u00ab Les collectivit\u00e9s locales seront confi\u00e9es \u00e0 une nouvelle g\u00e9n\u00e9ration - La Sentinelle\",\"isPartOf\":{\"@id\":\"https:\\\/\\\/lasentinelle.dz\\\/#website\"},\"primaryImageOfPage\":{\"@id\":\"https:\\\/\\\/lasentinelle.dz\\\/index.php\\\/2021\\\/11\\\/29\\\/abdelkader-soufi-analyste-politique-les-collectivites-locales-seront-confiees-a-une-nouvelle-generation\\\/#primaryimage\"},\"image\":{\"@id\":\"https:\\\/\\\/lasentinelle.dz\\\/index.php\\\/2021\\\/11\\\/29\\\/abdelkader-soufi-analyste-politique-les-collectivites-locales-seront-confiees-a-une-nouvelle-generation\\\/#primaryimage\"},\"thumbnailUrl\":\"https:\\\/\\\/lasentinelle.dz\\\/wp-content\\\/uploads\\\/2021\\\/11\\\/Unknown2.jpg\",\"datePublished\":\"2021-11-28T23:01:00+00:00\",\"breadcrumb\":{\"@id\":\"https:\\\/\\\/lasentinelle.dz\\\/index.php\\\/2021\\\/11\\\/29\\\/abdelkader-soufi-analyste-politique-les-collectivites-locales-seront-confiees-a-une-nouvelle-generation\\\/#breadcrumb\"},\"inLanguage\":\"fr-FR\",\"potentialAction\":[{\"@type\":\"ReadAction\",\"target\":[\"https:\\\/\\\/lasentinelle.dz\\\/index.php\\\/2021\\\/11\\\/29\\\/abdelkader-soufi-analyste-politique-les-collectivites-locales-seront-confiees-a-une-nouvelle-generation\\\/\"]}]},{\"@type\":\"ImageObject\",\"inLanguage\":\"fr-FR\",\"@id\":\"https:\\\/\\\/lasentinelle.dz\\\/index.php\\\/2021\\\/11\\\/29\\\/abdelkader-soufi-analyste-politique-les-collectivites-locales-seront-confiees-a-une-nouvelle-generation\\\/#primaryimage\",\"url\":\"https:\\\/\\\/lasentinelle.dz\\\/wp-content\\\/uploads\\\/2021\\\/11\\\/Unknown2.jpg\",\"contentUrl\":\"https:\\\/\\\/lasentinelle.dz\\\/wp-content\\\/uploads\\\/2021\\\/11\\\/Unknown2.jpg\",\"width\":283,\"height\":178},{\"@type\":\"BreadcrumbList\",\"@id\":\"https:\\\/\\\/lasentinelle.dz\\\/index.php\\\/2021\\\/11\\\/29\\\/abdelkader-soufi-analyste-politique-les-collectivites-locales-seront-confiees-a-une-nouvelle-generation\\\/#breadcrumb\",\"itemListElement\":[{\"@type\":\"ListItem\",\"position\":1,\"name\":\"Accueil\",\"item\":\"https:\\\/\\\/lasentinelle.dz\\\/\"},{\"@type\":\"ListItem\",\"position\":2,\"name\":\"Abdelkader Soufi, analyste politique : \u00ab Les collectivit\u00e9s locales seront confi\u00e9es \u00e0 une nouvelle g\u00e9n\u00e9ration\"}]},{\"@type\":\"WebSite\",\"@id\":\"https:\\\/\\\/lasentinelle.dz\\\/#website\",\"url\":\"https:\\\/\\\/lasentinelle.dz\\\/\",\"name\":\"La Sentinelle\",\"description\":\"Quotidien national d&#039;information\",\"publisher\":{\"@id\":\"https:\\\/\\\/lasentinelle.dz\\\/#organization\"},\"potentialAction\":[{\"@type\":\"SearchAction\",\"target\":{\"@type\":\"EntryPoint\",\"urlTemplate\":\"https:\\\/\\\/lasentinelle.dz\\\/?s={search_term_string}\"},\"query-input\":{\"@type\":\"PropertyValueSpecification\",\"valueRequired\":true,\"valueName\":\"search_term_string\"}}],\"inLanguage\":\"fr-FR\"},{\"@type\":\"Organization\",\"@id\":\"https:\\\/\\\/lasentinelle.dz\\\/#organization\",\"name\":\"Quotidien La Sentinelle\",\"url\":\"https:\\\/\\\/lasentinelle.dz\\\/\",\"logo\":{\"@type\":\"ImageObject\",\"inLanguage\":\"fr-FR\",\"@id\":\"https:\\\/\\\/lasentinelle.dz\\\/#\\\/schema\\\/logo\\\/image\\\/\",\"url\":\"https:\\\/\\\/lasentinelle.dz\\\/wp-content\\\/uploads\\\/2021\\\/09\\\/logo-sentinelleSLOGAN-1.png\",\"contentUrl\":\"https:\\\/\\\/lasentinelle.dz\\\/wp-content\\\/uploads\\\/2021\\\/09\\\/logo-sentinelleSLOGAN-1.png\",\"width\":615,\"height\":142,\"caption\":\"Quotidien La Sentinelle\"},\"image\":{\"@id\":\"https:\\\/\\\/lasentinelle.dz\\\/#\\\/schema\\\/logo\\\/image\\\/\"},\"sameAs\":[\"https:\\\/\\\/www.facebook.com\\\/La-Sentinelle-104059864394773\"]},{\"@type\":\"Person\",\"@id\":\"https:\\\/\\\/lasentinelle.dz\\\/#\\\/schema\\\/person\\\/d865044e22e70a75174ce8bcad3acfb3\",\"name\":\"La Sentinelle\",\"image\":{\"@type\":\"ImageObject\",\"inLanguage\":\"fr-FR\",\"@id\":\"https:\\\/\\\/secure.gravatar.com\\\/avatar\\\/57de8e5d4b15d43fb361a71fbb36338450fe67865b528a43dd10ef7c51a20392?s=96&d=mm&r=g\",\"url\":\"https:\\\/\\\/secure.gravatar.com\\\/avatar\\\/57de8e5d4b15d43fb361a71fbb36338450fe67865b528a43dd10ef7c51a20392?s=96&d=mm&r=g\",\"contentUrl\":\"https:\\\/\\\/secure.gravatar.com\\\/avatar\\\/57de8e5d4b15d43fb361a71fbb36338450fe67865b528a43dd10ef7c51a20392?s=96&d=mm&r=g\",\"caption\":\"La Sentinelle\"},\"sameAs\":[\"http:\\\/\\\/www.lasentinelle.dz\"],\"url\":\"https:\\\/\\\/lasentinelle.dz\\\/author\\\/redaction\\\/\"}]}<\/script>\n<!-- \/ Yoast SEO plugin. -->","yoast_head_json":{"title":"Abdelkader Soufi, analyste politique : \u00ab Les collectivit\u00e9s locales seront confi\u00e9es \u00e0 une nouvelle g\u00e9n\u00e9ration - La Sentinelle","robots":{"index":"index","follow":"follow","max-snippet":"max-snippet:-1","max-image-preview":"max-image-preview:large","max-video-preview":"max-video-preview:-1"},"canonical":"https:\/\/lasentinelle.dz\/index.php\/2021\/11\/29\/abdelkader-soufi-analyste-politique-les-collectivites-locales-seront-confiees-a-une-nouvelle-generation\/","og_locale":"fr_FR","og_type":"article","og_title":"Abdelkader Soufi, analyste politique : \u00ab Les collectivit\u00e9s locales seront confi\u00e9es \u00e0 une nouvelle g\u00e9n\u00e9ration - La Sentinelle","og_description":"Les \u00e9lections locales pour les assembl\u00e9es populaires communales et les assembl\u00e9es populaires des wilayas qui se sont tenues&nbsp;samedi&nbsp;repr\u00e9sentent un point","og_url":"https:\/\/lasentinelle.dz\/index.php\/2021\/11\/29\/abdelkader-soufi-analyste-politique-les-collectivites-locales-seront-confiees-a-une-nouvelle-generation\/","og_site_name":"La Sentinelle","article_publisher":"https:\/\/www.facebook.com\/La-Sentinelle-104059864394773","article_published_time":"2021-11-28T23:01:00+00:00","og_image":[{"width":283,"height":178,"url":"https:\/\/lasentinelle.dz\/wp-content\/uploads\/2021\/11\/Unknown2.jpg","type":"image\/jpeg"}],"author":"La Sentinelle","twitter_card":"summary_large_image","twitter_misc":{"\u00c9crit par":"La Sentinelle","Dur\u00e9e de lecture estim\u00e9e":"2 minutes"},"schema":{"@context":"https:\/\/schema.org","@graph":[{"@type":"Article","@id":"https:\/\/lasentinelle.dz\/index.php\/2021\/11\/29\/abdelkader-soufi-analyste-politique-les-collectivites-locales-seront-confiees-a-une-nouvelle-generation\/#article","isPartOf":{"@id":"https:\/\/lasentinelle.dz\/index.php\/2021\/11\/29\/abdelkader-soufi-analyste-politique-les-collectivites-locales-seront-confiees-a-une-nouvelle-generation\/"},"author":{"name":"La Sentinelle","@id":"https:\/\/lasentinelle.dz\/#\/schema\/person\/d865044e22e70a75174ce8bcad3acfb3"},"headline":"Abdelkader Soufi, analyste politique : \u00ab Les collectivit\u00e9s locales seront confi\u00e9es \u00e0 une nouvelle g\u00e9n\u00e9ration","datePublished":"2021-11-28T23:01:00+00:00","mainEntityOfPage":{"@id":"https:\/\/lasentinelle.dz\/index.php\/2021\/11\/29\/abdelkader-soufi-analyste-politique-les-collectivites-locales-seront-confiees-a-une-nouvelle-generation\/"},"wordCount":565,"commentCount":0,"publisher":{"@id":"https:\/\/lasentinelle.dz\/#organization"},"image":{"@id":"https:\/\/lasentinelle.dz\/index.php\/2021\/11\/29\/abdelkader-soufi-analyste-politique-les-collectivites-locales-seront-confiees-a-une-nouvelle-generation\/#primaryimage"},"thumbnailUrl":"https:\/\/lasentinelle.dz\/wp-content\/uploads\/2021\/11\/Unknown2.jpg","articleSection":["Actualit\u00e9"],"inLanguage":"fr-FR","potentialAction":[{"@type":"CommentAction","name":"Comment","target":["https:\/\/lasentinelle.dz\/index.php\/2021\/11\/29\/abdelkader-soufi-analyste-politique-les-collectivites-locales-seront-confiees-a-une-nouvelle-generation\/#respond"]}]},{"@type":"WebPage","@id":"https:\/\/lasentinelle.dz\/index.php\/2021\/11\/29\/abdelkader-soufi-analyste-politique-les-collectivites-locales-seront-confiees-a-une-nouvelle-generation\/","url":"https:\/\/lasentinelle.dz\/index.php\/2021\/11\/29\/abdelkader-soufi-analyste-politique-les-collectivites-locales-seront-confiees-a-une-nouvelle-generation\/","name":"Abdelkader Soufi, analyste politique : \u00ab Les collectivit\u00e9s locales seront confi\u00e9es \u00e0 une nouvelle g\u00e9n\u00e9ration - La Sentinelle","isPartOf":{"@id":"https:\/\/lasentinelle.dz\/#website"},"primaryImageOfPage":{"@id":"https:\/\/lasentinelle.dz\/index.php\/2021\/11\/29\/abdelkader-soufi-analyste-politique-les-collectivites-locales-seront-confiees-a-une-nouvelle-generation\/#primaryimage"},"image":{"@id":"https:\/\/lasentinelle.dz\/index.php\/2021\/11\/29\/abdelkader-soufi-analyste-politique-les-collectivites-locales-seront-confiees-a-une-nouvelle-generation\/#primaryimage"},"thumbnailUrl":"https:\/\/lasentinelle.dz\/wp-content\/uploads\/2021\/11\/Unknown2.jpg","datePublished":"2021-11-28T23:01:00+00:00","breadcrumb":{"@id":"https:\/\/lasentinelle.dz\/index.php\/2021\/11\/29\/abdelkader-soufi-analyste-politique-les-collectivites-locales-seront-confiees-a-une-nouvelle-generation\/#breadcrumb"},"inLanguage":"fr-FR","potentialAction":[{"@type":"ReadAction","target":["https:\/\/lasentinelle.dz\/index.php\/2021\/11\/29\/abdelkader-soufi-analyste-politique-les-collectivites-locales-seront-confiees-a-une-nouvelle-generation\/"]}]},{"@type":"ImageObject","inLanguage":"fr-FR","@id":"https:\/\/lasentinelle.dz\/index.php\/2021\/11\/29\/abdelkader-soufi-analyste-politique-les-collectivites-locales-seront-confiees-a-une-nouvelle-generation\/#primaryimage","url":"https:\/\/lasentinelle.dz\/wp-content\/uploads\/2021\/11\/Unknown2.jpg","contentUrl":"https:\/\/lasentinelle.dz\/wp-content\/uploads\/2021\/11\/Unknown2.jpg","width":283,"height":178},{"@type":"BreadcrumbList","@id":"https:\/\/lasentinelle.dz\/index.php\/2021\/11\/29\/abdelkader-soufi-analyste-politique-les-collectivites-locales-seront-confiees-a-une-nouvelle-generation\/#breadcrumb","itemListElement":[{"@type":"ListItem","position":1,"name":"Accueil","item":"https:\/\/lasentinelle.dz\/"},{"@type":"ListItem","position":2,"name":"Abdelkader Soufi, analyste politique : \u00ab Les collectivit\u00e9s locales seront confi\u00e9es \u00e0 une nouvelle g\u00e9n\u00e9ration"}]},{"@type":"WebSite","@id":"https:\/\/lasentinelle.dz\/#website","url":"https:\/\/lasentinelle.dz\/","name":"La Sentinelle","description":"Quotidien national d&#039;information","publisher":{"@id":"https:\/\/lasentinelle.dz\/#organization"},"potentialAction":[{"@type":"SearchAction","target":{"@type":"EntryPoint","urlTemplate":"https:\/\/lasentinelle.dz\/?s={search_term_string}"},"query-input":{"@type":"PropertyValueSpecification","valueRequired":true,"valueName":"search_term_string"}}],"inLanguage":"fr-FR"},{"@type":"Organization","@id":"https:\/\/lasentinelle.dz\/#organization","name":"Quotidien La Sentinelle","url":"https:\/\/lasentinelle.dz\/","logo":{"@type":"ImageObject","inLanguage":"fr-FR","@id":"https:\/\/lasentinelle.dz\/#\/schema\/logo\/image\/","url":"https:\/\/lasentinelle.dz\/wp-content\/uploads\/2021\/09\/logo-sentinelleSLOGAN-1.png","contentUrl":"https:\/\/lasentinelle.dz\/wp-content\/uploads\/2021\/09\/logo-sentinelleSLOGAN-1.png","width":615,"height":142,"caption":"Quotidien La Sentinelle"},"image":{"@id":"https:\/\/lasentinelle.dz\/#\/schema\/logo\/image\/"},"sameAs":["https:\/\/www.facebook.com\/La-Sentinelle-104059864394773"]},{"@type":"Person","@id":"https:\/\/lasentinelle.dz\/#\/schema\/person\/d865044e22e70a75174ce8bcad3acfb3","name":"La Sentinelle","image":{"@type":"ImageObject","inLanguage":"fr-FR","@id":"https:\/\/secure.gravatar.com\/avatar\/57de8e5d4b15d43fb361a71fbb36338450fe67865b528a43dd10ef7c51a20392?s=96&d=mm&r=g","url":"https:\/\/secure.gravatar.com\/avatar\/57de8e5d4b15d43fb361a71fbb36338450fe67865b528a43dd10ef7c51a20392?s=96&d=mm&r=g","contentUrl":"https:\/\/secure.gravatar.com\/avatar\/57de8e5d4b15d43fb361a71fbb36338450fe67865b528a43dd10ef7c51a20392?s=96&d=mm&r=g","caption":"La Sentinelle"},"sameAs":["http:\/\/www.lasentinelle.dz"],"url":"https:\/\/lasentinelle.dz\/author\/redaction\/"}]}},"_links":{"self":[{"href":"https:\/\/lasentinelle.dz\/index.php\/wp-json\/wp\/v2\/posts\/14211","targetHints":{"allow":["GET"]}}],"collection":[{"href":"https:\/\/lasentinelle.dz\/index.php\/wp-json\/wp\/v2\/posts"}],"about":[{"href":"https:\/\/lasentinelle.dz\/index.php\/wp-json\/wp\/v2\/types\/post"}],"author":[{"embeddable":true,"href":"https:\/\/lasentinelle.dz\/index.php\/wp-json\/wp\/v2\/users\/3"}],"replies":[{"embeddable":true,"href":"https:\/\/lasentinelle.dz\/index.php\/wp-json\/wp\/v2\/comments?post=14211"}],"version-history":[{"count":1,"href":"https:\/\/lasentinelle.dz\/index.php\/wp-json\/wp\/v2\/posts\/14211\/revisions"}],"predecessor-version":[{"id":14213,"href":"https:\/\/lasentinelle.dz\/index.php\/wp-json\/wp\/v2\/posts\/14211\/revisions\/14213"}],"wp:featuredmedia":[{"embeddable":true,"href":"https:\/\/lasentinelle.dz\/index.php\/wp-json\/wp\/v2\/media\/14212"}],"wp:attachment":[{"href":"https:\/\/lasentinelle.dz\/index.php\/wp-json\/wp\/v2\/media?parent=14211"}],"wp:term":[{"taxonomy":"category","embeddable":true,"href":"https:\/\/lasentinelle.dz\/index.php\/wp-json\/wp\/v2\/categories?post=14211"},{"taxonomy":"post_tag","embeddable":true,"href":"https:\/\/lasentinelle.dz\/index.php\/wp-json\/wp\/v2\/tags?post=14211"}],"curies":[{"name":"wp","href":"https:\/\/api.w.org\/{rel}","templated":true}]}}