{"id":14220,"date":"2021-11-29T00:01:00","date_gmt":"2021-11-28T23:01:00","guid":{"rendered":"https:\/\/lasentinelle.dz\/?p=14220"},"modified":"2021-11-28T20:14:09","modified_gmt":"2021-11-28T19:14:09","slug":"premiers-resultats-des-elections-locales-les-cartes-redistribuees","status":"publish","type":"post","link":"https:\/\/lasentinelle.dz\/index.php\/2021\/11\/29\/premiers-resultats-des-elections-locales-les-cartes-redistribuees\/","title":{"rendered":"Premiers r\u00e9sultats des \u00e9lections locales : Les cartes redistribu\u00e9es"},"content":{"rendered":"\n<p>L\u2019Autorit\u00e9 nationale des \u00e9lections devrait annoncer les r\u00e9sultats provisoires des \u00e9lections devrait au cours de la semaine. Une attendant le jugement d\u00e9finit des urnes, les premiers \u00e9l\u00e9ments en pr\u00e9sence font ressortir une redistribution des cartes politiques au niveau local, avec le d\u00e9samour affich\u00e9 \u00e0 certaines formations politiques, l\u2019incursion des candidats ind\u00e9pendants, mais aussi et surtout la pr\u00e9dominance des jeunes dans la repr\u00e9sentation locale.<\/p>\n\n\n\n<p>Tizi-Ouzou s&rsquo;est r\u00e9veill\u00e9 hier avec une toute nouvelle cartographie politique. Les \u00e9lections d&rsquo;avant-hier pour les assembl\u00e9es locales ont donn\u00e9 une autre configuration qui tranche diam\u00e9tralement avec la traditionnelle concurrence entre le FFS et le RCD. Le boycott choisi par ce dernier a ainsi permis aux ind\u00e9pendants de prendre place en toute largesse.&nbsp;L&rsquo;on notait aussi la perc\u00e9e des partis comme le Front de lib\u00e9ration national et le Rassemblement&nbsp;national d\u00e9mocratique.&nbsp;Les \u00e9lections de ce samedi auront \u00e9galement apport\u00e9 une autre cartographie \u00e9lectorale que les candidats devront prochainement prendre en compte.&nbsp;&nbsp;Il \u00e9tait en effet visible que les candidats avaient plus de voix dans leurs patelins respectifs.&nbsp;<\/p>\n\n\n\n<p>En fait, les \u00e9lections locales se sont d\u00e9roul\u00e9es dans de tr\u00e8s bonnes conditions.&nbsp;La difficult\u00e9&nbsp;est&nbsp;plut\u00f4t apparue&nbsp;apr\u00e8s les \u00e9lections avec des autorit\u00e9s non enclines \u00e0 la communication ainsi que des candidats rest\u00e9s muets&nbsp;&nbsp;toute la journ\u00e9e d&rsquo;hier. Pour certains, les r\u00e9sultats \u00e9taient logiques. Le FFS qui domine avec une majorit\u00e9 relative devra recourir aux alliances. M\u00eame si jusqu&rsquo;\u00e0 hier dans l&rsquo;apr\u00e8s-midi, aucune information ne circulait sur ce sujet, il n&rsquo;en demeure pas moins que c&rsquo;est l\u00e0 une obligation pour ce dernier qui devra choisir entre les ind\u00e9pendants et les listes partisanes dans de nombreuses communes. Dans certaines communes, des listes ind\u00e9pendantes ont rafl\u00e9 la mise mettant ainsi en \u00e9chec les partis.&nbsp;<\/p>\n\n\n\n<p>A noter aussi que si la cartographie politique a chang\u00e9 avec l&rsquo;\u00e9mergence des listes&nbsp;&nbsp;ind\u00e9pendantes&nbsp;de toute chapelle partisane, il \u00e9tait aussi visible qu&rsquo;en mati\u00e8re humaine, les listes sont toutes marqu\u00e9es par de majorit\u00e9s de jeunes essentiellement des universitaires qui ont d\u00e9cid\u00e9 de se jeter dans l&rsquo;ar\u00e8ne politique. Cette nouvelle g\u00e9n\u00e9ration qui arrive, selon toute vraisemblance, a constitu\u00e9 un grand argument pour faire revenir vers les urnes beaucoup d&rsquo;\u00e9lecteurs qui n&rsquo;ont pas vot\u00e9 depuis bien longtemps.&nbsp;&nbsp;Des jeunes fortement pr\u00e9sents dans les listes ind\u00e9pendantes mais qui se sont vue concurrenc\u00e9e par la vieille garde au sein des listes partisanes. Ce qui a vraisemblablement fait perdre des voix aux partis via un transfert de celles-ci vers les candidats ind\u00e9pendants.&nbsp;<\/p>\n\n\n\n<p>Ainsi, dans toute cette nouvelle configuration, le parti qui se trouve gagnant est incontestablement le FFS. Il est d\u00e9sormais le seul parti dominant dans la wilaya m\u00eame si de sa domination il devra c\u00e9der une partie aux ind\u00e9pendants. Cette configuration, pour beaucoup de citoyens, devra permettre une gestion plus rationnelle lib\u00e9r\u00e9e de toute les lourdeurs engendr\u00e9 par les enjeux politiciens qui ont dans certains cas engendr\u00e9 des blocages dans de nombreuses assembl\u00e9es.&nbsp;Des blocages qui ont nuit gravement au quotidien des citoyens. Aussi, pour d&rsquo;aucun, les alliances devront \u00eatre b\u00e2ties sur la concordance des programmes et non sur des affinit\u00e9s politiques.&nbsp;Une autre nouveaut\u00e9 apport\u00e9e \u00e0 la wilaya de Tizi-Ouzou par les \u00e9lections de ce samedi.&nbsp;<\/p>\n\n\n\n<p><strong>Kamel Nait Ameur<\/strong><\/p>\n","protected":false},"excerpt":{"rendered":"<p>L\u2019Autorit\u00e9 nationale des \u00e9lections devrait annoncer les r\u00e9sultats provisoires des \u00e9lections devrait au cours de la semaine. Une attendant le<\/p>\n","protected":false},"author":3,"featured_media":14221,"comment_status":"open","ping_status":"closed","sticky":false,"template":"","format":"standard","meta":{"colormag_page_container_layout":"default_layout","colormag_page_sidebar_layout":"default_layout","om_disable_all_campaigns":false,"_monsterinsights_skip_tracking":false,"_monsterinsights_sitenote_active":false,"_monsterinsights_sitenote_note":"","_monsterinsights_sitenote_category":0,"footnotes":"","_wpscppro_dont_share_socialmedia":false,"_wpscppro_custom_social_share_image":0,"_facebook_share_type":"","_twitter_share_type":"","_linkedin_share_type":"","_pinterest_share_type":"","_linkedin_share_type_page":"","_instagram_share_type":"","_medium_share_type":"","_threads_share_type":"","_google_business_share_type":"","_selected_social_profile":[],"_wpsp_enable_custom_social_template":false,"_wpsp_social_scheduling":{"enabled":false,"datetime":null,"platforms":[],"status":"template_only","dateOption":"today","timeOption":"now","customDays":"","customHours":"","customDate":"","customTime":"","schedulingType":"absolute"},"_wpsp_active_default_template":true},"categories":[27],"tags":[],"class_list":["post-14220","post","type-post","status-publish","format-standard","has-post-thumbnail","hentry","category-actualite"],"aioseo_notices":[],"yoast_head":"<!-- This site is optimized with the Yoast SEO plugin v27.5 - https:\/\/yoast.com\/product\/yoast-seo-wordpress\/ -->\n<title>Premiers r\u00e9sultats des \u00e9lections locales : Les cartes redistribu\u00e9es - La Sentinelle<\/title>\n<meta name=\"robots\" content=\"index, follow, max-snippet:-1, max-image-preview:large, max-video-preview:-1\" \/>\n<link rel=\"canonical\" href=\"https:\/\/lasentinelle.dz\/index.php\/2021\/11\/29\/premiers-resultats-des-elections-locales-les-cartes-redistribuees\/\" \/>\n<meta property=\"og:locale\" content=\"fr_FR\" \/>\n<meta property=\"og:type\" content=\"article\" \/>\n<meta property=\"og:title\" content=\"Premiers r\u00e9sultats des \u00e9lections locales : Les cartes redistribu\u00e9es - La Sentinelle\" \/>\n<meta property=\"og:description\" content=\"L\u2019Autorit\u00e9 nationale des \u00e9lections devrait annoncer les r\u00e9sultats provisoires des \u00e9lections devrait au cours de la semaine. Une attendant le\" \/>\n<meta property=\"og:url\" content=\"https:\/\/lasentinelle.dz\/index.php\/2021\/11\/29\/premiers-resultats-des-elections-locales-les-cartes-redistribuees\/\" \/>\n<meta property=\"og:site_name\" content=\"La Sentinelle\" \/>\n<meta property=\"article:publisher\" content=\"https:\/\/www.facebook.com\/La-Sentinelle-104059864394773\" \/>\n<meta property=\"article:published_time\" content=\"2021-11-28T23:01:00+00:00\" \/>\n<meta property=\"og:image\" content=\"https:\/\/lasentinelle.dz\/wp-content\/uploads\/2021\/11\/depouillement.png\" \/>\n\t<meta property=\"og:image:width\" content=\"1800\" \/>\n\t<meta property=\"og:image:height\" content=\"900\" \/>\n\t<meta property=\"og:image:type\" content=\"image\/png\" \/>\n<meta name=\"author\" content=\"La Sentinelle\" \/>\n<meta name=\"twitter:card\" content=\"summary_large_image\" \/>\n<meta name=\"twitter:label1\" content=\"\u00c9crit par\" \/>\n\t<meta name=\"twitter:data1\" content=\"La Sentinelle\" \/>\n\t<meta name=\"twitter:label2\" content=\"Dur\u00e9e de lecture estim\u00e9e\" \/>\n\t<meta name=\"twitter:data2\" content=\"3 minutes\" \/>\n<script type=\"application\/ld+json\" class=\"yoast-schema-graph\">{\"@context\":\"https:\\\/\\\/schema.org\",\"@graph\":[{\"@type\":\"Article\",\"@id\":\"https:\\\/\\\/lasentinelle.dz\\\/index.php\\\/2021\\\/11\\\/29\\\/premiers-resultats-des-elections-locales-les-cartes-redistribuees\\\/#article\",\"isPartOf\":{\"@id\":\"https:\\\/\\\/lasentinelle.dz\\\/index.php\\\/2021\\\/11\\\/29\\\/premiers-resultats-des-elections-locales-les-cartes-redistribuees\\\/\"},\"author\":{\"name\":\"La Sentinelle\",\"@id\":\"https:\\\/\\\/lasentinelle.dz\\\/#\\\/schema\\\/person\\\/d865044e22e70a75174ce8bcad3acfb3\"},\"headline\":\"Premiers r\u00e9sultats des \u00e9lections locales : Les cartes redistribu\u00e9es\",\"datePublished\":\"2021-11-28T23:01:00+00:00\",\"mainEntityOfPage\":{\"@id\":\"https:\\\/\\\/lasentinelle.dz\\\/index.php\\\/2021\\\/11\\\/29\\\/premiers-resultats-des-elections-locales-les-cartes-redistribuees\\\/\"},\"wordCount\":613,\"commentCount\":0,\"publisher\":{\"@id\":\"https:\\\/\\\/lasentinelle.dz\\\/#organization\"},\"image\":{\"@id\":\"https:\\\/\\\/lasentinelle.dz\\\/index.php\\\/2021\\\/11\\\/29\\\/premiers-resultats-des-elections-locales-les-cartes-redistribuees\\\/#primaryimage\"},\"thumbnailUrl\":\"https:\\\/\\\/lasentinelle.dz\\\/wp-content\\\/uploads\\\/2021\\\/11\\\/depouillement.png\",\"articleSection\":[\"Actualit\u00e9\"],\"inLanguage\":\"fr-FR\",\"potentialAction\":[{\"@type\":\"CommentAction\",\"name\":\"Comment\",\"target\":[\"https:\\\/\\\/lasentinelle.dz\\\/index.php\\\/2021\\\/11\\\/29\\\/premiers-resultats-des-elections-locales-les-cartes-redistribuees\\\/#respond\"]}]},{\"@type\":\"WebPage\",\"@id\":\"https:\\\/\\\/lasentinelle.dz\\\/index.php\\\/2021\\\/11\\\/29\\\/premiers-resultats-des-elections-locales-les-cartes-redistribuees\\\/\",\"url\":\"https:\\\/\\\/lasentinelle.dz\\\/index.php\\\/2021\\\/11\\\/29\\\/premiers-resultats-des-elections-locales-les-cartes-redistribuees\\\/\",\"name\":\"Premiers r\u00e9sultats des \u00e9lections locales : Les cartes redistribu\u00e9es - La Sentinelle\",\"isPartOf\":{\"@id\":\"https:\\\/\\\/lasentinelle.dz\\\/#website\"},\"primaryImageOfPage\":{\"@id\":\"https:\\\/\\\/lasentinelle.dz\\\/index.php\\\/2021\\\/11\\\/29\\\/premiers-resultats-des-elections-locales-les-cartes-redistribuees\\\/#primaryimage\"},\"image\":{\"@id\":\"https:\\\/\\\/lasentinelle.dz\\\/index.php\\\/2021\\\/11\\\/29\\\/premiers-resultats-des-elections-locales-les-cartes-redistribuees\\\/#primaryimage\"},\"thumbnailUrl\":\"https:\\\/\\\/lasentinelle.dz\\\/wp-content\\\/uploads\\\/2021\\\/11\\\/depouillement.png\",\"datePublished\":\"2021-11-28T23:01:00+00:00\",\"breadcrumb\":{\"@id\":\"https:\\\/\\\/lasentinelle.dz\\\/index.php\\\/2021\\\/11\\\/29\\\/premiers-resultats-des-elections-locales-les-cartes-redistribuees\\\/#breadcrumb\"},\"inLanguage\":\"fr-FR\",\"potentialAction\":[{\"@type\":\"ReadAction\",\"target\":[\"https:\\\/\\\/lasentinelle.dz\\\/index.php\\\/2021\\\/11\\\/29\\\/premiers-resultats-des-elections-locales-les-cartes-redistribuees\\\/\"]}]},{\"@type\":\"ImageObject\",\"inLanguage\":\"fr-FR\",\"@id\":\"https:\\\/\\\/lasentinelle.dz\\\/index.php\\\/2021\\\/11\\\/29\\\/premiers-resultats-des-elections-locales-les-cartes-redistribuees\\\/#primaryimage\",\"url\":\"https:\\\/\\\/lasentinelle.dz\\\/wp-content\\\/uploads\\\/2021\\\/11\\\/depouillement.png\",\"contentUrl\":\"https:\\\/\\\/lasentinelle.dz\\\/wp-content\\\/uploads\\\/2021\\\/11\\\/depouillement.png\",\"width\":1800,\"height\":900},{\"@type\":\"BreadcrumbList\",\"@id\":\"https:\\\/\\\/lasentinelle.dz\\\/index.php\\\/2021\\\/11\\\/29\\\/premiers-resultats-des-elections-locales-les-cartes-redistribuees\\\/#breadcrumb\",\"itemListElement\":[{\"@type\":\"ListItem\",\"position\":1,\"name\":\"Accueil\",\"item\":\"https:\\\/\\\/lasentinelle.dz\\\/\"},{\"@type\":\"ListItem\",\"position\":2,\"name\":\"Premiers r\u00e9sultats des \u00e9lections locales : Les cartes redistribu\u00e9es\"}]},{\"@type\":\"WebSite\",\"@id\":\"https:\\\/\\\/lasentinelle.dz\\\/#website\",\"url\":\"https:\\\/\\\/lasentinelle.dz\\\/\",\"name\":\"La Sentinelle\",\"description\":\"Quotidien national d&#039;information\",\"publisher\":{\"@id\":\"https:\\\/\\\/lasentinelle.dz\\\/#organization\"},\"potentialAction\":[{\"@type\":\"SearchAction\",\"target\":{\"@type\":\"EntryPoint\",\"urlTemplate\":\"https:\\\/\\\/lasentinelle.dz\\\/?s={search_term_string}\"},\"query-input\":{\"@type\":\"PropertyValueSpecification\",\"valueRequired\":true,\"valueName\":\"search_term_string\"}}],\"inLanguage\":\"fr-FR\"},{\"@type\":\"Organization\",\"@id\":\"https:\\\/\\\/lasentinelle.dz\\\/#organization\",\"name\":\"Quotidien La Sentinelle\",\"url\":\"https:\\\/\\\/lasentinelle.dz\\\/\",\"logo\":{\"@type\":\"ImageObject\",\"inLanguage\":\"fr-FR\",\"@id\":\"https:\\\/\\\/lasentinelle.dz\\\/#\\\/schema\\\/logo\\\/image\\\/\",\"url\":\"https:\\\/\\\/lasentinelle.dz\\\/wp-content\\\/uploads\\\/2021\\\/09\\\/logo-sentinelleSLOGAN-1.png\",\"contentUrl\":\"https:\\\/\\\/lasentinelle.dz\\\/wp-content\\\/uploads\\\/2021\\\/09\\\/logo-sentinelleSLOGAN-1.png\",\"width\":615,\"height\":142,\"caption\":\"Quotidien La Sentinelle\"},\"image\":{\"@id\":\"https:\\\/\\\/lasentinelle.dz\\\/#\\\/schema\\\/logo\\\/image\\\/\"},\"sameAs\":[\"https:\\\/\\\/www.facebook.com\\\/La-Sentinelle-104059864394773\"]},{\"@type\":\"Person\",\"@id\":\"https:\\\/\\\/lasentinelle.dz\\\/#\\\/schema\\\/person\\\/d865044e22e70a75174ce8bcad3acfb3\",\"name\":\"La Sentinelle\",\"image\":{\"@type\":\"ImageObject\",\"inLanguage\":\"fr-FR\",\"@id\":\"https:\\\/\\\/secure.gravatar.com\\\/avatar\\\/57de8e5d4b15d43fb361a71fbb36338450fe67865b528a43dd10ef7c51a20392?s=96&d=mm&r=g\",\"url\":\"https:\\\/\\\/secure.gravatar.com\\\/avatar\\\/57de8e5d4b15d43fb361a71fbb36338450fe67865b528a43dd10ef7c51a20392?s=96&d=mm&r=g\",\"contentUrl\":\"https:\\\/\\\/secure.gravatar.com\\\/avatar\\\/57de8e5d4b15d43fb361a71fbb36338450fe67865b528a43dd10ef7c51a20392?s=96&d=mm&r=g\",\"caption\":\"La Sentinelle\"},\"sameAs\":[\"http:\\\/\\\/www.lasentinelle.dz\"],\"url\":\"https:\\\/\\\/lasentinelle.dz\\\/author\\\/redaction\\\/\"}]}<\/script>\n<!-- \/ Yoast SEO plugin. -->","yoast_head_json":{"title":"Premiers r\u00e9sultats des \u00e9lections locales : Les cartes redistribu\u00e9es - La Sentinelle","robots":{"index":"index","follow":"follow","max-snippet":"max-snippet:-1","max-image-preview":"max-image-preview:large","max-video-preview":"max-video-preview:-1"},"canonical":"https:\/\/lasentinelle.dz\/index.php\/2021\/11\/29\/premiers-resultats-des-elections-locales-les-cartes-redistribuees\/","og_locale":"fr_FR","og_type":"article","og_title":"Premiers r\u00e9sultats des \u00e9lections locales : Les cartes redistribu\u00e9es - La Sentinelle","og_description":"L\u2019Autorit\u00e9 nationale des \u00e9lections devrait annoncer les r\u00e9sultats provisoires des \u00e9lections devrait au cours de la semaine. Une attendant le","og_url":"https:\/\/lasentinelle.dz\/index.php\/2021\/11\/29\/premiers-resultats-des-elections-locales-les-cartes-redistribuees\/","og_site_name":"La Sentinelle","article_publisher":"https:\/\/www.facebook.com\/La-Sentinelle-104059864394773","article_published_time":"2021-11-28T23:01:00+00:00","og_image":[{"width":1800,"height":900,"url":"https:\/\/lasentinelle.dz\/wp-content\/uploads\/2021\/11\/depouillement.png","type":"image\/png"}],"author":"La Sentinelle","twitter_card":"summary_large_image","twitter_misc":{"\u00c9crit par":"La Sentinelle","Dur\u00e9e de lecture estim\u00e9e":"3 minutes"},"schema":{"@context":"https:\/\/schema.org","@graph":[{"@type":"Article","@id":"https:\/\/lasentinelle.dz\/index.php\/2021\/11\/29\/premiers-resultats-des-elections-locales-les-cartes-redistribuees\/#article","isPartOf":{"@id":"https:\/\/lasentinelle.dz\/index.php\/2021\/11\/29\/premiers-resultats-des-elections-locales-les-cartes-redistribuees\/"},"author":{"name":"La Sentinelle","@id":"https:\/\/lasentinelle.dz\/#\/schema\/person\/d865044e22e70a75174ce8bcad3acfb3"},"headline":"Premiers r\u00e9sultats des \u00e9lections locales : Les cartes redistribu\u00e9es","datePublished":"2021-11-28T23:01:00+00:00","mainEntityOfPage":{"@id":"https:\/\/lasentinelle.dz\/index.php\/2021\/11\/29\/premiers-resultats-des-elections-locales-les-cartes-redistribuees\/"},"wordCount":613,"commentCount":0,"publisher":{"@id":"https:\/\/lasentinelle.dz\/#organization"},"image":{"@id":"https:\/\/lasentinelle.dz\/index.php\/2021\/11\/29\/premiers-resultats-des-elections-locales-les-cartes-redistribuees\/#primaryimage"},"thumbnailUrl":"https:\/\/lasentinelle.dz\/wp-content\/uploads\/2021\/11\/depouillement.png","articleSection":["Actualit\u00e9"],"inLanguage":"fr-FR","potentialAction":[{"@type":"CommentAction","name":"Comment","target":["https:\/\/lasentinelle.dz\/index.php\/2021\/11\/29\/premiers-resultats-des-elections-locales-les-cartes-redistribuees\/#respond"]}]},{"@type":"WebPage","@id":"https:\/\/lasentinelle.dz\/index.php\/2021\/11\/29\/premiers-resultats-des-elections-locales-les-cartes-redistribuees\/","url":"https:\/\/lasentinelle.dz\/index.php\/2021\/11\/29\/premiers-resultats-des-elections-locales-les-cartes-redistribuees\/","name":"Premiers r\u00e9sultats des \u00e9lections locales : Les cartes redistribu\u00e9es - La Sentinelle","isPartOf":{"@id":"https:\/\/lasentinelle.dz\/#website"},"primaryImageOfPage":{"@id":"https:\/\/lasentinelle.dz\/index.php\/2021\/11\/29\/premiers-resultats-des-elections-locales-les-cartes-redistribuees\/#primaryimage"},"image":{"@id":"https:\/\/lasentinelle.dz\/index.php\/2021\/11\/29\/premiers-resultats-des-elections-locales-les-cartes-redistribuees\/#primaryimage"},"thumbnailUrl":"https:\/\/lasentinelle.dz\/wp-content\/uploads\/2021\/11\/depouillement.png","datePublished":"2021-11-28T23:01:00+00:00","breadcrumb":{"@id":"https:\/\/lasentinelle.dz\/index.php\/2021\/11\/29\/premiers-resultats-des-elections-locales-les-cartes-redistribuees\/#breadcrumb"},"inLanguage":"fr-FR","potentialAction":[{"@type":"ReadAction","target":["https:\/\/lasentinelle.dz\/index.php\/2021\/11\/29\/premiers-resultats-des-elections-locales-les-cartes-redistribuees\/"]}]},{"@type":"ImageObject","inLanguage":"fr-FR","@id":"https:\/\/lasentinelle.dz\/index.php\/2021\/11\/29\/premiers-resultats-des-elections-locales-les-cartes-redistribuees\/#primaryimage","url":"https:\/\/lasentinelle.dz\/wp-content\/uploads\/2021\/11\/depouillement.png","contentUrl":"https:\/\/lasentinelle.dz\/wp-content\/uploads\/2021\/11\/depouillement.png","width":1800,"height":900},{"@type":"BreadcrumbList","@id":"https:\/\/lasentinelle.dz\/index.php\/2021\/11\/29\/premiers-resultats-des-elections-locales-les-cartes-redistribuees\/#breadcrumb","itemListElement":[{"@type":"ListItem","position":1,"name":"Accueil","item":"https:\/\/lasentinelle.dz\/"},{"@type":"ListItem","position":2,"name":"Premiers r\u00e9sultats des \u00e9lections locales : Les cartes redistribu\u00e9es"}]},{"@type":"WebSite","@id":"https:\/\/lasentinelle.dz\/#website","url":"https:\/\/lasentinelle.dz\/","name":"La Sentinelle","description":"Quotidien national d&#039;information","publisher":{"@id":"https:\/\/lasentinelle.dz\/#organization"},"potentialAction":[{"@type":"SearchAction","target":{"@type":"EntryPoint","urlTemplate":"https:\/\/lasentinelle.dz\/?s={search_term_string}"},"query-input":{"@type":"PropertyValueSpecification","valueRequired":true,"valueName":"search_term_string"}}],"inLanguage":"fr-FR"},{"@type":"Organization","@id":"https:\/\/lasentinelle.dz\/#organization","name":"Quotidien La Sentinelle","url":"https:\/\/lasentinelle.dz\/","logo":{"@type":"ImageObject","inLanguage":"fr-FR","@id":"https:\/\/lasentinelle.dz\/#\/schema\/logo\/image\/","url":"https:\/\/lasentinelle.dz\/wp-content\/uploads\/2021\/09\/logo-sentinelleSLOGAN-1.png","contentUrl":"https:\/\/lasentinelle.dz\/wp-content\/uploads\/2021\/09\/logo-sentinelleSLOGAN-1.png","width":615,"height":142,"caption":"Quotidien La Sentinelle"},"image":{"@id":"https:\/\/lasentinelle.dz\/#\/schema\/logo\/image\/"},"sameAs":["https:\/\/www.facebook.com\/La-Sentinelle-104059864394773"]},{"@type":"Person","@id":"https:\/\/lasentinelle.dz\/#\/schema\/person\/d865044e22e70a75174ce8bcad3acfb3","name":"La Sentinelle","image":{"@type":"ImageObject","inLanguage":"fr-FR","@id":"https:\/\/secure.gravatar.com\/avatar\/57de8e5d4b15d43fb361a71fbb36338450fe67865b528a43dd10ef7c51a20392?s=96&d=mm&r=g","url":"https:\/\/secure.gravatar.com\/avatar\/57de8e5d4b15d43fb361a71fbb36338450fe67865b528a43dd10ef7c51a20392?s=96&d=mm&r=g","contentUrl":"https:\/\/secure.gravatar.com\/avatar\/57de8e5d4b15d43fb361a71fbb36338450fe67865b528a43dd10ef7c51a20392?s=96&d=mm&r=g","caption":"La Sentinelle"},"sameAs":["http:\/\/www.lasentinelle.dz"],"url":"https:\/\/lasentinelle.dz\/author\/redaction\/"}]}},"_links":{"self":[{"href":"https:\/\/lasentinelle.dz\/index.php\/wp-json\/wp\/v2\/posts\/14220","targetHints":{"allow":["GET"]}}],"collection":[{"href":"https:\/\/lasentinelle.dz\/index.php\/wp-json\/wp\/v2\/posts"}],"about":[{"href":"https:\/\/lasentinelle.dz\/index.php\/wp-json\/wp\/v2\/types\/post"}],"author":[{"embeddable":true,"href":"https:\/\/lasentinelle.dz\/index.php\/wp-json\/wp\/v2\/users\/3"}],"replies":[{"embeddable":true,"href":"https:\/\/lasentinelle.dz\/index.php\/wp-json\/wp\/v2\/comments?post=14220"}],"version-history":[{"count":1,"href":"https:\/\/lasentinelle.dz\/index.php\/wp-json\/wp\/v2\/posts\/14220\/revisions"}],"predecessor-version":[{"id":14222,"href":"https:\/\/lasentinelle.dz\/index.php\/wp-json\/wp\/v2\/posts\/14220\/revisions\/14222"}],"wp:featuredmedia":[{"embeddable":true,"href":"https:\/\/lasentinelle.dz\/index.php\/wp-json\/wp\/v2\/media\/14221"}],"wp:attachment":[{"href":"https:\/\/lasentinelle.dz\/index.php\/wp-json\/wp\/v2\/media?parent=14220"}],"wp:term":[{"taxonomy":"category","embeddable":true,"href":"https:\/\/lasentinelle.dz\/index.php\/wp-json\/wp\/v2\/categories?post=14220"},{"taxonomy":"post_tag","embeddable":true,"href":"https:\/\/lasentinelle.dz\/index.php\/wp-json\/wp\/v2\/tags?post=14220"}],"curies":[{"name":"wp","href":"https:\/\/api.w.org\/{rel}","templated":true}]}}