{"id":14223,"date":"2021-11-29T00:01:00","date_gmt":"2021-11-28T23:01:00","guid":{"rendered":"https:\/\/lasentinelle.dz\/?p=14223"},"modified":"2021-11-28T20:48:44","modified_gmt":"2021-11-28T19:48:44","slug":"mustapha-haddam-la-transparence-des-elections-a-ete-demontree","status":"publish","type":"post","link":"https:\/\/lasentinelle.dz\/index.php\/2021\/11\/29\/mustapha-haddam-la-transparence-des-elections-a-ete-demontree\/","title":{"rendered":"Mustapha Haddam : \u00ab La transparence des \u00e9lections a \u00e9t\u00e9 d\u00e9montr\u00e9e \u00bb"},"content":{"rendered":"\n<p>Les \u00e9lections locales qui se sont d\u00e9roul\u00e9es samedi pass\u00e9, viennent parachever le processus d\u2019\u00e9dification des institutions de l\u2019Etat et \u00e0 ce sujet, l\u2019analyste politique&nbsp;&nbsp;Mustapha Haddam,&nbsp;explique&nbsp;qu\u2019 \u00ab il fallait d\u2019abord l\u00e9gitimer les institutions \u00bb pr\u00e9cisant que \u00ab le processus de l\u00e9gitimation des institutions passent par des \u00e9lections transparentes \u00bb.&nbsp;Il affirme&nbsp;dans un entretien \u00e0 la Radio alg\u00e9rienne&nbsp;que \u00ab ces \u00e9lections sont transparentes et les faits sont \u00e9tablis et les chiffres sont r\u00e9els \u00bb, indiquant toutefois qu\u2019 \u00ab il existera des gens qui tenteront de remettre en cause ces \u00e9lections \u00bb.<\/p>\n\n\n\n<p>\u00ab Nous sommes pass\u00e9s des chiffres gonfl\u00e9s et tritur\u00e9s \u00e0 des chiffres qui expriment la r\u00e9alit\u00e9 \u00bb, explique encore&nbsp;l\u2019analyste politique indiquant que \u00ab la transparence des \u00e9lections est le premier jalon pour l\u2019\u00e9dification d\u2019institutions l\u00e9gitimes qui&nbsp;sont&nbsp;la pierre angulaire du r\u00e9tablissement de la confiance entre les institutions et les citoyens \u00bb.&nbsp;Il rappellera \u00e9galement les engagements pris par le pr\u00e9sident de la R\u00e9publique, Abdelmadjid Tebboune, soulignant que&nbsp;&nbsp;\u00ab ces engagements sont entrain de se r\u00e9aliser m\u00eame si les d\u00e9lais ont \u00e9t\u00e9&nbsp;allong\u00e9s&nbsp;\u00e0 cause de la pand\u00e9mie du Covid19 \u00bb.<\/p>\n\n\n\n<p>Concernant la participation \u00e0 ces \u00e9lections locales&nbsp;&nbsp;du FFS, Mustapha Haddam&nbsp;estime que \u00ab le FFS est le deuxi\u00e8me grand parti dans notre pays, apr\u00e8s le FLN \u00bb, rappelant la dimension nationale du parti fond\u00e9 par le d\u00e9funt Hocine Ait Ahmed,&nbsp;\u00ab mais il se trouve que pour des raisons historiques li\u00e9es \u00e0 son ancrage, il est pr\u00e9sent dans une r\u00e9gion qui est tr\u00e8s ch\u00e8re au c\u0153ur de tous les Alg\u00e9riens \u00bb.<\/p>\n\n\n\n<p>\u00ab Le FFS a certes boost\u00e9 ces \u00e9lections&nbsp;&nbsp;mais il a aussi apport\u00e9 la preuve que c\u2019est un parti politique qui a un ancrage, un programme, un projet de soci\u00e9t\u00e9, un programme \u00e9conomique et un programme de gouvernance \u00bb.&nbsp;S\u2019agissant des revendications exprim\u00e9es par les partis politiques, r\u00e9clamant plus de pr\u00e9rogatives des assembl\u00e9es locales (APC\/APW) Mustapha Haddam, indique que \u00ab la r\u00e9forme des codes communal et de wilaya, a un imp\u00e9ratif, celui de&nbsp;&nbsp;permettre aux collectivit\u00e9s locales&nbsp;d\u2019exercer&nbsp;leurs missions \u00bb. Il estime cependant que les modes de gouvernance doivent changer.&nbsp;\u00ab&nbsp;Nous ne pouvons plus gouverner notre pays en sa basant sur la d\u00e9pense mais sur la cr\u00e9ation de la richesse \u00bb&nbsp;&nbsp;laquelle richesse dit-il \u00ab requiert plus de pr\u00e9rogatives \u00bb&nbsp;Seulement, cet analyste politique, rel\u00e8ve outre la n\u00e9cessit\u00e9 de r\u00e9former les codes,&nbsp;&nbsp;communal et de wilaya, le crit\u00e8re relatif au niveau&nbsp;manag\u00e9rial&nbsp;des \u00e9lus.&nbsp;Il expliquera \u00e0 ce propos, que \u00ab&nbsp;&nbsp;par m\u00e9connaissance, l\u2019actuel code n\u2019est pas totalement exploit\u00e9 par les \u00e9lus \u00bb, appelant les partis \u00e0 initier des formations politiques au profit de leurs \u00e9lus, soulevant aussi le probl\u00e8me des communes pauvres port\u00e9es par le Tr\u00e9sor public, rappelant le chiffre avanc\u00e9 par le pr\u00e9sident Abdelmadjid Tebboune qui a parl\u00e9 de plus de 900communes pauvres.<\/p>\n\n\n\n<p>Mustapha Haddam, explique dans le m\u00eame contexte que \u00ab les m\u00e9canismes de solidarit\u00e9s actuels, ne sont plus efficaces \u00bb, citant le fond commun des collectivit\u00e9s locales (FCCL), qui permet,&nbsp;ajoute t-il,&nbsp;\u00ab de r\u00e9cup\u00e9rer un peu d\u2019argent des communes riches pour le distribuer aux communes pauvres \u00bb.&nbsp;Haddam, sugg\u00e8re \u00ab une refonte de notre politique fiscale \u00bb, expliquant qu\u2019 \u00ab il ya des niches fiscales au niveau des communes qui ne sont pas exploit\u00e9es&nbsp;\u00bb.&nbsp;\u00ab&nbsp;Il faut \u00e9largir l\u2019assiette fiscale qui est l\u2019une des sources du financement des communes \u00bb, ajoute-il.<\/p>\n\n\n\n<p>Il indique dans le m\u00eame sillage que \u00ab la cr\u00e9ation de la richesse passe d\u2019abord par le g\u00e9nie manag\u00e9riale des P\/APC \u00bb,&nbsp;indiquant que&nbsp;de l\u2019Etat doit se&nbsp;limiter \u00e0&nbsp;des investissements lourds, comme les routes, les voies ferroviaires\u2026pour d\u00e9senclaver les communes.<\/p>\n\n\n\n<p><strong>Idir Y.<\/strong><\/p>\n","protected":false},"excerpt":{"rendered":"<p>Les \u00e9lections locales qui se sont d\u00e9roul\u00e9es samedi pass\u00e9, viennent parachever le processus d\u2019\u00e9dification des institutions de l\u2019Etat et \u00e0<\/p>\n","protected":false},"author":3,"featured_media":14225,"comment_status":"open","ping_status":"closed","sticky":false,"template":"","format":"standard","meta":{"colormag_page_container_layout":"default_layout","colormag_page_sidebar_layout":"default_layout","om_disable_all_campaigns":false,"_monsterinsights_skip_tracking":false,"_monsterinsights_sitenote_active":false,"_monsterinsights_sitenote_note":"","_monsterinsights_sitenote_category":0,"footnotes":"","_wpscppro_dont_share_socialmedia":false,"_wpscppro_custom_social_share_image":0,"_facebook_share_type":"","_twitter_share_type":"","_linkedin_share_type":"","_pinterest_share_type":"","_linkedin_share_type_page":"","_instagram_share_type":"","_medium_share_type":"","_threads_share_type":"","_google_business_share_type":"","_selected_social_profile":[],"_wpsp_enable_custom_social_template":false,"_wpsp_social_scheduling":{"enabled":false,"datetime":null,"platforms":[],"status":"template_only","dateOption":"today","timeOption":"now","customDays":"","customHours":"","customDate":"","customTime":"","schedulingType":"absolute"},"_wpsp_active_default_template":true},"categories":[27],"tags":[],"class_list":["post-14223","post","type-post","status-publish","format-standard","has-post-thumbnail","hentry","category-actualite"],"aioseo_notices":[],"yoast_head":"<!-- This site is optimized with the Yoast SEO plugin v27.5 - https:\/\/yoast.com\/product\/yoast-seo-wordpress\/ -->\n<title>Mustapha Haddam : \u00ab La transparence des \u00e9lections a \u00e9t\u00e9 d\u00e9montr\u00e9e \u00bb - La Sentinelle<\/title>\n<meta name=\"robots\" content=\"index, follow, max-snippet:-1, max-image-preview:large, max-video-preview:-1\" \/>\n<link rel=\"canonical\" href=\"https:\/\/lasentinelle.dz\/index.php\/2021\/11\/29\/mustapha-haddam-la-transparence-des-elections-a-ete-demontree\/\" \/>\n<meta property=\"og:locale\" content=\"fr_FR\" \/>\n<meta property=\"og:type\" content=\"article\" \/>\n<meta property=\"og:title\" content=\"Mustapha Haddam : \u00ab La transparence des \u00e9lections a \u00e9t\u00e9 d\u00e9montr\u00e9e \u00bb - La Sentinelle\" \/>\n<meta property=\"og:description\" content=\"Les \u00e9lections locales qui se sont d\u00e9roul\u00e9es samedi pass\u00e9, viennent parachever le processus d\u2019\u00e9dification des institutions de l\u2019Etat et \u00e0\" \/>\n<meta property=\"og:url\" content=\"https:\/\/lasentinelle.dz\/index.php\/2021\/11\/29\/mustapha-haddam-la-transparence-des-elections-a-ete-demontree\/\" \/>\n<meta property=\"og:site_name\" content=\"La Sentinelle\" \/>\n<meta property=\"article:publisher\" content=\"https:\/\/www.facebook.com\/La-Sentinelle-104059864394773\" \/>\n<meta property=\"article:published_time\" content=\"2021-11-28T23:01:00+00:00\" \/>\n<meta property=\"og:image\" content=\"https:\/\/lasentinelle.dz\/wp-content\/uploads\/2021\/11\/Unknown8.jpg\" \/>\n\t<meta property=\"og:image:width\" content=\"294\" \/>\n\t<meta property=\"og:image:height\" content=\"171\" \/>\n\t<meta property=\"og:image:type\" content=\"image\/jpeg\" \/>\n<meta name=\"author\" content=\"La Sentinelle\" \/>\n<meta name=\"twitter:card\" content=\"summary_large_image\" \/>\n<meta name=\"twitter:label1\" content=\"\u00c9crit par\" \/>\n\t<meta name=\"twitter:data1\" content=\"La Sentinelle\" \/>\n\t<meta name=\"twitter:label2\" content=\"Dur\u00e9e de lecture estim\u00e9e\" \/>\n\t<meta name=\"twitter:data2\" content=\"3 minutes\" \/>\n<script type=\"application\/ld+json\" class=\"yoast-schema-graph\">{\"@context\":\"https:\\\/\\\/schema.org\",\"@graph\":[{\"@type\":\"Article\",\"@id\":\"https:\\\/\\\/lasentinelle.dz\\\/index.php\\\/2021\\\/11\\\/29\\\/mustapha-haddam-la-transparence-des-elections-a-ete-demontree\\\/#article\",\"isPartOf\":{\"@id\":\"https:\\\/\\\/lasentinelle.dz\\\/index.php\\\/2021\\\/11\\\/29\\\/mustapha-haddam-la-transparence-des-elections-a-ete-demontree\\\/\"},\"author\":{\"name\":\"La Sentinelle\",\"@id\":\"https:\\\/\\\/lasentinelle.dz\\\/#\\\/schema\\\/person\\\/d865044e22e70a75174ce8bcad3acfb3\"},\"headline\":\"Mustapha Haddam : \u00ab La transparence des \u00e9lections a \u00e9t\u00e9 d\u00e9montr\u00e9e \u00bb\",\"datePublished\":\"2021-11-28T23:01:00+00:00\",\"mainEntityOfPage\":{\"@id\":\"https:\\\/\\\/lasentinelle.dz\\\/index.php\\\/2021\\\/11\\\/29\\\/mustapha-haddam-la-transparence-des-elections-a-ete-demontree\\\/\"},\"wordCount\":695,\"commentCount\":0,\"publisher\":{\"@id\":\"https:\\\/\\\/lasentinelle.dz\\\/#organization\"},\"image\":{\"@id\":\"https:\\\/\\\/lasentinelle.dz\\\/index.php\\\/2021\\\/11\\\/29\\\/mustapha-haddam-la-transparence-des-elections-a-ete-demontree\\\/#primaryimage\"},\"thumbnailUrl\":\"https:\\\/\\\/lasentinelle.dz\\\/wp-content\\\/uploads\\\/2021\\\/11\\\/Unknown8.jpg\",\"articleSection\":[\"Actualit\u00e9\"],\"inLanguage\":\"fr-FR\",\"potentialAction\":[{\"@type\":\"CommentAction\",\"name\":\"Comment\",\"target\":[\"https:\\\/\\\/lasentinelle.dz\\\/index.php\\\/2021\\\/11\\\/29\\\/mustapha-haddam-la-transparence-des-elections-a-ete-demontree\\\/#respond\"]}]},{\"@type\":\"WebPage\",\"@id\":\"https:\\\/\\\/lasentinelle.dz\\\/index.php\\\/2021\\\/11\\\/29\\\/mustapha-haddam-la-transparence-des-elections-a-ete-demontree\\\/\",\"url\":\"https:\\\/\\\/lasentinelle.dz\\\/index.php\\\/2021\\\/11\\\/29\\\/mustapha-haddam-la-transparence-des-elections-a-ete-demontree\\\/\",\"name\":\"Mustapha Haddam : \u00ab La transparence des \u00e9lections a \u00e9t\u00e9 d\u00e9montr\u00e9e \u00bb - La Sentinelle\",\"isPartOf\":{\"@id\":\"https:\\\/\\\/lasentinelle.dz\\\/#website\"},\"primaryImageOfPage\":{\"@id\":\"https:\\\/\\\/lasentinelle.dz\\\/index.php\\\/2021\\\/11\\\/29\\\/mustapha-haddam-la-transparence-des-elections-a-ete-demontree\\\/#primaryimage\"},\"image\":{\"@id\":\"https:\\\/\\\/lasentinelle.dz\\\/index.php\\\/2021\\\/11\\\/29\\\/mustapha-haddam-la-transparence-des-elections-a-ete-demontree\\\/#primaryimage\"},\"thumbnailUrl\":\"https:\\\/\\\/lasentinelle.dz\\\/wp-content\\\/uploads\\\/2021\\\/11\\\/Unknown8.jpg\",\"datePublished\":\"2021-11-28T23:01:00+00:00\",\"breadcrumb\":{\"@id\":\"https:\\\/\\\/lasentinelle.dz\\\/index.php\\\/2021\\\/11\\\/29\\\/mustapha-haddam-la-transparence-des-elections-a-ete-demontree\\\/#breadcrumb\"},\"inLanguage\":\"fr-FR\",\"potentialAction\":[{\"@type\":\"ReadAction\",\"target\":[\"https:\\\/\\\/lasentinelle.dz\\\/index.php\\\/2021\\\/11\\\/29\\\/mustapha-haddam-la-transparence-des-elections-a-ete-demontree\\\/\"]}]},{\"@type\":\"ImageObject\",\"inLanguage\":\"fr-FR\",\"@id\":\"https:\\\/\\\/lasentinelle.dz\\\/index.php\\\/2021\\\/11\\\/29\\\/mustapha-haddam-la-transparence-des-elections-a-ete-demontree\\\/#primaryimage\",\"url\":\"https:\\\/\\\/lasentinelle.dz\\\/wp-content\\\/uploads\\\/2021\\\/11\\\/Unknown8.jpg\",\"contentUrl\":\"https:\\\/\\\/lasentinelle.dz\\\/wp-content\\\/uploads\\\/2021\\\/11\\\/Unknown8.jpg\",\"width\":294,\"height\":171},{\"@type\":\"BreadcrumbList\",\"@id\":\"https:\\\/\\\/lasentinelle.dz\\\/index.php\\\/2021\\\/11\\\/29\\\/mustapha-haddam-la-transparence-des-elections-a-ete-demontree\\\/#breadcrumb\",\"itemListElement\":[{\"@type\":\"ListItem\",\"position\":1,\"name\":\"Accueil\",\"item\":\"https:\\\/\\\/lasentinelle.dz\\\/\"},{\"@type\":\"ListItem\",\"position\":2,\"name\":\"Mustapha Haddam : \u00ab La transparence des \u00e9lections a \u00e9t\u00e9 d\u00e9montr\u00e9e \u00bb\"}]},{\"@type\":\"WebSite\",\"@id\":\"https:\\\/\\\/lasentinelle.dz\\\/#website\",\"url\":\"https:\\\/\\\/lasentinelle.dz\\\/\",\"name\":\"La Sentinelle\",\"description\":\"Quotidien national d&#039;information\",\"publisher\":{\"@id\":\"https:\\\/\\\/lasentinelle.dz\\\/#organization\"},\"potentialAction\":[{\"@type\":\"SearchAction\",\"target\":{\"@type\":\"EntryPoint\",\"urlTemplate\":\"https:\\\/\\\/lasentinelle.dz\\\/?s={search_term_string}\"},\"query-input\":{\"@type\":\"PropertyValueSpecification\",\"valueRequired\":true,\"valueName\":\"search_term_string\"}}],\"inLanguage\":\"fr-FR\"},{\"@type\":\"Organization\",\"@id\":\"https:\\\/\\\/lasentinelle.dz\\\/#organization\",\"name\":\"Quotidien La Sentinelle\",\"url\":\"https:\\\/\\\/lasentinelle.dz\\\/\",\"logo\":{\"@type\":\"ImageObject\",\"inLanguage\":\"fr-FR\",\"@id\":\"https:\\\/\\\/lasentinelle.dz\\\/#\\\/schema\\\/logo\\\/image\\\/\",\"url\":\"https:\\\/\\\/lasentinelle.dz\\\/wp-content\\\/uploads\\\/2021\\\/09\\\/logo-sentinelleSLOGAN-1.png\",\"contentUrl\":\"https:\\\/\\\/lasentinelle.dz\\\/wp-content\\\/uploads\\\/2021\\\/09\\\/logo-sentinelleSLOGAN-1.png\",\"width\":615,\"height\":142,\"caption\":\"Quotidien La Sentinelle\"},\"image\":{\"@id\":\"https:\\\/\\\/lasentinelle.dz\\\/#\\\/schema\\\/logo\\\/image\\\/\"},\"sameAs\":[\"https:\\\/\\\/www.facebook.com\\\/La-Sentinelle-104059864394773\"]},{\"@type\":\"Person\",\"@id\":\"https:\\\/\\\/lasentinelle.dz\\\/#\\\/schema\\\/person\\\/d865044e22e70a75174ce8bcad3acfb3\",\"name\":\"La Sentinelle\",\"image\":{\"@type\":\"ImageObject\",\"inLanguage\":\"fr-FR\",\"@id\":\"https:\\\/\\\/secure.gravatar.com\\\/avatar\\\/57de8e5d4b15d43fb361a71fbb36338450fe67865b528a43dd10ef7c51a20392?s=96&d=mm&r=g\",\"url\":\"https:\\\/\\\/secure.gravatar.com\\\/avatar\\\/57de8e5d4b15d43fb361a71fbb36338450fe67865b528a43dd10ef7c51a20392?s=96&d=mm&r=g\",\"contentUrl\":\"https:\\\/\\\/secure.gravatar.com\\\/avatar\\\/57de8e5d4b15d43fb361a71fbb36338450fe67865b528a43dd10ef7c51a20392?s=96&d=mm&r=g\",\"caption\":\"La Sentinelle\"},\"sameAs\":[\"http:\\\/\\\/www.lasentinelle.dz\"],\"url\":\"https:\\\/\\\/lasentinelle.dz\\\/author\\\/redaction\\\/\"}]}<\/script>\n<!-- \/ Yoast SEO plugin. -->","yoast_head_json":{"title":"Mustapha Haddam : \u00ab La transparence des \u00e9lections a \u00e9t\u00e9 d\u00e9montr\u00e9e \u00bb - La Sentinelle","robots":{"index":"index","follow":"follow","max-snippet":"max-snippet:-1","max-image-preview":"max-image-preview:large","max-video-preview":"max-video-preview:-1"},"canonical":"https:\/\/lasentinelle.dz\/index.php\/2021\/11\/29\/mustapha-haddam-la-transparence-des-elections-a-ete-demontree\/","og_locale":"fr_FR","og_type":"article","og_title":"Mustapha Haddam : \u00ab La transparence des \u00e9lections a \u00e9t\u00e9 d\u00e9montr\u00e9e \u00bb - La Sentinelle","og_description":"Les \u00e9lections locales qui se sont d\u00e9roul\u00e9es samedi pass\u00e9, viennent parachever le processus d\u2019\u00e9dification des institutions de l\u2019Etat et \u00e0","og_url":"https:\/\/lasentinelle.dz\/index.php\/2021\/11\/29\/mustapha-haddam-la-transparence-des-elections-a-ete-demontree\/","og_site_name":"La Sentinelle","article_publisher":"https:\/\/www.facebook.com\/La-Sentinelle-104059864394773","article_published_time":"2021-11-28T23:01:00+00:00","og_image":[{"width":294,"height":171,"url":"https:\/\/lasentinelle.dz\/wp-content\/uploads\/2021\/11\/Unknown8.jpg","type":"image\/jpeg"}],"author":"La Sentinelle","twitter_card":"summary_large_image","twitter_misc":{"\u00c9crit par":"La Sentinelle","Dur\u00e9e de lecture estim\u00e9e":"3 minutes"},"schema":{"@context":"https:\/\/schema.org","@graph":[{"@type":"Article","@id":"https:\/\/lasentinelle.dz\/index.php\/2021\/11\/29\/mustapha-haddam-la-transparence-des-elections-a-ete-demontree\/#article","isPartOf":{"@id":"https:\/\/lasentinelle.dz\/index.php\/2021\/11\/29\/mustapha-haddam-la-transparence-des-elections-a-ete-demontree\/"},"author":{"name":"La Sentinelle","@id":"https:\/\/lasentinelle.dz\/#\/schema\/person\/d865044e22e70a75174ce8bcad3acfb3"},"headline":"Mustapha Haddam : \u00ab La transparence des \u00e9lections a \u00e9t\u00e9 d\u00e9montr\u00e9e \u00bb","datePublished":"2021-11-28T23:01:00+00:00","mainEntityOfPage":{"@id":"https:\/\/lasentinelle.dz\/index.php\/2021\/11\/29\/mustapha-haddam-la-transparence-des-elections-a-ete-demontree\/"},"wordCount":695,"commentCount":0,"publisher":{"@id":"https:\/\/lasentinelle.dz\/#organization"},"image":{"@id":"https:\/\/lasentinelle.dz\/index.php\/2021\/11\/29\/mustapha-haddam-la-transparence-des-elections-a-ete-demontree\/#primaryimage"},"thumbnailUrl":"https:\/\/lasentinelle.dz\/wp-content\/uploads\/2021\/11\/Unknown8.jpg","articleSection":["Actualit\u00e9"],"inLanguage":"fr-FR","potentialAction":[{"@type":"CommentAction","name":"Comment","target":["https:\/\/lasentinelle.dz\/index.php\/2021\/11\/29\/mustapha-haddam-la-transparence-des-elections-a-ete-demontree\/#respond"]}]},{"@type":"WebPage","@id":"https:\/\/lasentinelle.dz\/index.php\/2021\/11\/29\/mustapha-haddam-la-transparence-des-elections-a-ete-demontree\/","url":"https:\/\/lasentinelle.dz\/index.php\/2021\/11\/29\/mustapha-haddam-la-transparence-des-elections-a-ete-demontree\/","name":"Mustapha Haddam : \u00ab La transparence des \u00e9lections a \u00e9t\u00e9 d\u00e9montr\u00e9e \u00bb - La Sentinelle","isPartOf":{"@id":"https:\/\/lasentinelle.dz\/#website"},"primaryImageOfPage":{"@id":"https:\/\/lasentinelle.dz\/index.php\/2021\/11\/29\/mustapha-haddam-la-transparence-des-elections-a-ete-demontree\/#primaryimage"},"image":{"@id":"https:\/\/lasentinelle.dz\/index.php\/2021\/11\/29\/mustapha-haddam-la-transparence-des-elections-a-ete-demontree\/#primaryimage"},"thumbnailUrl":"https:\/\/lasentinelle.dz\/wp-content\/uploads\/2021\/11\/Unknown8.jpg","datePublished":"2021-11-28T23:01:00+00:00","breadcrumb":{"@id":"https:\/\/lasentinelle.dz\/index.php\/2021\/11\/29\/mustapha-haddam-la-transparence-des-elections-a-ete-demontree\/#breadcrumb"},"inLanguage":"fr-FR","potentialAction":[{"@type":"ReadAction","target":["https:\/\/lasentinelle.dz\/index.php\/2021\/11\/29\/mustapha-haddam-la-transparence-des-elections-a-ete-demontree\/"]}]},{"@type":"ImageObject","inLanguage":"fr-FR","@id":"https:\/\/lasentinelle.dz\/index.php\/2021\/11\/29\/mustapha-haddam-la-transparence-des-elections-a-ete-demontree\/#primaryimage","url":"https:\/\/lasentinelle.dz\/wp-content\/uploads\/2021\/11\/Unknown8.jpg","contentUrl":"https:\/\/lasentinelle.dz\/wp-content\/uploads\/2021\/11\/Unknown8.jpg","width":294,"height":171},{"@type":"BreadcrumbList","@id":"https:\/\/lasentinelle.dz\/index.php\/2021\/11\/29\/mustapha-haddam-la-transparence-des-elections-a-ete-demontree\/#breadcrumb","itemListElement":[{"@type":"ListItem","position":1,"name":"Accueil","item":"https:\/\/lasentinelle.dz\/"},{"@type":"ListItem","position":2,"name":"Mustapha Haddam : \u00ab La transparence des \u00e9lections a \u00e9t\u00e9 d\u00e9montr\u00e9e \u00bb"}]},{"@type":"WebSite","@id":"https:\/\/lasentinelle.dz\/#website","url":"https:\/\/lasentinelle.dz\/","name":"La Sentinelle","description":"Quotidien national d&#039;information","publisher":{"@id":"https:\/\/lasentinelle.dz\/#organization"},"potentialAction":[{"@type":"SearchAction","target":{"@type":"EntryPoint","urlTemplate":"https:\/\/lasentinelle.dz\/?s={search_term_string}"},"query-input":{"@type":"PropertyValueSpecification","valueRequired":true,"valueName":"search_term_string"}}],"inLanguage":"fr-FR"},{"@type":"Organization","@id":"https:\/\/lasentinelle.dz\/#organization","name":"Quotidien La Sentinelle","url":"https:\/\/lasentinelle.dz\/","logo":{"@type":"ImageObject","inLanguage":"fr-FR","@id":"https:\/\/lasentinelle.dz\/#\/schema\/logo\/image\/","url":"https:\/\/lasentinelle.dz\/wp-content\/uploads\/2021\/09\/logo-sentinelleSLOGAN-1.png","contentUrl":"https:\/\/lasentinelle.dz\/wp-content\/uploads\/2021\/09\/logo-sentinelleSLOGAN-1.png","width":615,"height":142,"caption":"Quotidien La Sentinelle"},"image":{"@id":"https:\/\/lasentinelle.dz\/#\/schema\/logo\/image\/"},"sameAs":["https:\/\/www.facebook.com\/La-Sentinelle-104059864394773"]},{"@type":"Person","@id":"https:\/\/lasentinelle.dz\/#\/schema\/person\/d865044e22e70a75174ce8bcad3acfb3","name":"La Sentinelle","image":{"@type":"ImageObject","inLanguage":"fr-FR","@id":"https:\/\/secure.gravatar.com\/avatar\/57de8e5d4b15d43fb361a71fbb36338450fe67865b528a43dd10ef7c51a20392?s=96&d=mm&r=g","url":"https:\/\/secure.gravatar.com\/avatar\/57de8e5d4b15d43fb361a71fbb36338450fe67865b528a43dd10ef7c51a20392?s=96&d=mm&r=g","contentUrl":"https:\/\/secure.gravatar.com\/avatar\/57de8e5d4b15d43fb361a71fbb36338450fe67865b528a43dd10ef7c51a20392?s=96&d=mm&r=g","caption":"La Sentinelle"},"sameAs":["http:\/\/www.lasentinelle.dz"],"url":"https:\/\/lasentinelle.dz\/author\/redaction\/"}]}},"_links":{"self":[{"href":"https:\/\/lasentinelle.dz\/index.php\/wp-json\/wp\/v2\/posts\/14223","targetHints":{"allow":["GET"]}}],"collection":[{"href":"https:\/\/lasentinelle.dz\/index.php\/wp-json\/wp\/v2\/posts"}],"about":[{"href":"https:\/\/lasentinelle.dz\/index.php\/wp-json\/wp\/v2\/types\/post"}],"author":[{"embeddable":true,"href":"https:\/\/lasentinelle.dz\/index.php\/wp-json\/wp\/v2\/users\/3"}],"replies":[{"embeddable":true,"href":"https:\/\/lasentinelle.dz\/index.php\/wp-json\/wp\/v2\/comments?post=14223"}],"version-history":[{"count":1,"href":"https:\/\/lasentinelle.dz\/index.php\/wp-json\/wp\/v2\/posts\/14223\/revisions"}],"predecessor-version":[{"id":14224,"href":"https:\/\/lasentinelle.dz\/index.php\/wp-json\/wp\/v2\/posts\/14223\/revisions\/14224"}],"wp:featuredmedia":[{"embeddable":true,"href":"https:\/\/lasentinelle.dz\/index.php\/wp-json\/wp\/v2\/media\/14225"}],"wp:attachment":[{"href":"https:\/\/lasentinelle.dz\/index.php\/wp-json\/wp\/v2\/media?parent=14223"}],"wp:term":[{"taxonomy":"category","embeddable":true,"href":"https:\/\/lasentinelle.dz\/index.php\/wp-json\/wp\/v2\/categories?post=14223"},{"taxonomy":"post_tag","embeddable":true,"href":"https:\/\/lasentinelle.dz\/index.php\/wp-json\/wp\/v2\/tags?post=14223"}],"curies":[{"name":"wp","href":"https:\/\/api.w.org\/{rel}","templated":true}]}}