{"id":14252,"date":"2021-11-30T00:01:00","date_gmt":"2021-11-29T23:01:00","guid":{"rendered":"https:\/\/lasentinelle.dz\/?p=14252"},"modified":"2021-11-29T16:30:51","modified_gmt":"2021-11-29T15:30:51","slug":"verts-deurope-mahrez-sur-un-nuage","status":"publish","type":"post","link":"https:\/\/lasentinelle.dz\/index.php\/2021\/11\/30\/verts-deurope-mahrez-sur-un-nuage\/","title":{"rendered":"Verts d\u2019Europe : Mahrez sur un nuage"},"content":{"rendered":"\n<p>Reprenant confiance, le capitaine de l\u2019\u00c9quipe nationale alg\u00e9rienne \u00e9clabousse partenaires et adversaires par son talent.&nbsp;Insolent&nbsp;!<\/p>\n\n\n\n<p>Riyad Mahrez a \u00e9t\u00e9 l\u2019Alg\u00e9rien le plus en vue ce week-end \u00e0 l\u2019\u00e9tranger. Sa prestation de haut niveau avec Manchester City contre West Ham United a mis sous l\u2019\u00e9teignoir son compatriote Sa\u00efd Benrahma, pas au mieux de sa forme. Les Mancuniens l\u2019ont emport\u00e9 sur le score de (2-1) avec un Mahrez des grands jours. Toujours en Europe, Islam Slimani a \u00e9t\u00e9 lui aussi d\u00e9cisif avec l\u2019Olympique Lyonnais. Son tir repouss\u00e9 par la barre a \u00e9t\u00e9 exploit\u00e9 par Lucas Paqueta, qui a marqu\u00e9 le but de la victoire de l\u2019OL. Riyad Boudebouz s\u2019est bien illustr\u00e9 avec l\u2019AS Saint-Etienne contre le Paris Saint-Germain. Il a eu droit \u00e0 une standing ovation en quittant le terrain malgr\u00e9 la d\u00e9faite des St\u00e9phanois (1-3). Ilan Kebbal a jou\u00e9 une mi-temps avec le Stade de Reims, vainqueur de Clermont-Foot (1-0). Match plein pour Harris Belkebla avec Brest, qui est all\u00e9 gagner (2-1) \u00e0 Bordeaux. En Super League Suisse, Mohamed Amine Amoura a encore jou\u00e9 d\u2019entr\u00e9e. Il a contribu\u00e9 \u00e0 la nouvelle victoire de Lugano, qui s\u2019installe sur le podium. En Italie, Ismael Bennacer n\u2019a pas brill\u00e9 avec le Milan AC, battu at home par Sassuolo (1-3). Faouzi Ghoulam a de nouveau jou\u00e9 avec Naples durant les cinq derni\u00e8res minutes du match largement remport\u00e9 par les Napolitains face \u00e0 la Lazio (4-0). En Bundesliga, Ramy Bensebaini et le Borussia M\u00f6nchengladbach ont pris l\u2019eau de toutes parts a Cologne (4-1). Ishak Belfodil \u00e9tait \u00e0 la pointe de l\u2019attaque du Hertha Berlin, qui a \u00e9t\u00e9 accroch\u00e9 par Augsburg (1-1). Aux Pays-Bas, Ramiz Zerrouki (Twente) et Ahmed Touba (Waaljwik) ont jou\u00e9 d\u2019entr\u00e9e et fourni des prestations honorables, alors que Oussama Darfalou ne figurait pas sur la feuille de match de Vitesse Arnheim. Adem Zorgane est toujours titulaire avec Charleroi, en Belgique, tout comme Abdelkahar Kadri, qui a sign\u00e9 une nouvelle passe d\u00e9cisive avec Courtrai contre Anderlecht cette fois-ci. Toujours pas de Bilal Messaoudi sur la feuille de match de Courtrai, alors que Mohamed R\u00e9da Helaimia conserve sa place de lat\u00e9ral droit avec Beershot, bon dernier de la Jupiler League. En Turquie, Sofiane Feghouli est entr\u00e9 en seconde p\u00e9riode dans un match o\u00f9 Galatasaray s\u2019est content\u00e9 du nul contre Maltayaspor (0-0). Nauffrage de Besiktas et Rachid Ghezzal, qui ont \u00e9t\u00e9 malmen\u00e9s sur leur terrain par Giresunspor. A noter le doubl\u00e9 de Hilal Soudani avec son club saoudien de Damac FC, avant de rejoindre la s\u00e9lection alg\u00e9rienne A\u2019 pour participer \u00e0 la coupe arabe.<\/p>\n\n\n\n<p>R. S.<\/p>\n","protected":false},"excerpt":{"rendered":"<p>Reprenant confiance, le capitaine de l\u2019\u00c9quipe nationale alg\u00e9rienne \u00e9clabousse partenaires et adversaires par son talent.&nbsp;Insolent&nbsp;! Riyad Mahrez a \u00e9t\u00e9 l\u2019Alg\u00e9rien<\/p>\n","protected":false},"author":3,"featured_media":14253,"comment_status":"open","ping_status":"closed","sticky":false,"template":"","format":"standard","meta":{"colormag_page_container_layout":"default_layout","colormag_page_sidebar_layout":"default_layout","om_disable_all_campaigns":false,"_monsterinsights_skip_tracking":false,"_monsterinsights_sitenote_active":false,"_monsterinsights_sitenote_note":"","_monsterinsights_sitenote_category":0,"footnotes":"","_wpscppro_dont_share_socialmedia":false,"_wpscppro_custom_social_share_image":0,"_facebook_share_type":"","_twitter_share_type":"","_linkedin_share_type":"","_pinterest_share_type":"","_linkedin_share_type_page":"","_instagram_share_type":"","_medium_share_type":"","_threads_share_type":"","_google_business_share_type":"","_selected_social_profile":[],"_wpsp_enable_custom_social_template":false,"_wpsp_social_scheduling":{"enabled":false,"datetime":null,"platforms":[],"status":"template_only","dateOption":"today","timeOption":"now","customDays":"","customHours":"","customDate":"","customTime":"","schedulingType":"absolute"},"_wpsp_active_default_template":true},"categories":[33],"tags":[],"class_list":["post-14252","post","type-post","status-publish","format-standard","has-post-thumbnail","hentry","category-sports"],"aioseo_notices":[],"yoast_head":"<!-- This site is optimized with the Yoast SEO plugin v27.5 - https:\/\/yoast.com\/product\/yoast-seo-wordpress\/ -->\n<title>Verts d\u2019Europe : Mahrez sur un nuage - La Sentinelle<\/title>\n<meta name=\"robots\" content=\"index, follow, max-snippet:-1, max-image-preview:large, max-video-preview:-1\" \/>\n<link rel=\"canonical\" href=\"https:\/\/lasentinelle.dz\/index.php\/2021\/11\/30\/verts-deurope-mahrez-sur-un-nuage\/\" \/>\n<meta property=\"og:locale\" content=\"fr_FR\" \/>\n<meta property=\"og:type\" content=\"article\" \/>\n<meta property=\"og:title\" content=\"Verts d\u2019Europe : Mahrez sur un nuage - La Sentinelle\" \/>\n<meta property=\"og:description\" content=\"Reprenant confiance, le capitaine de l\u2019\u00c9quipe nationale alg\u00e9rienne \u00e9clabousse partenaires et adversaires par son talent.&nbsp;Insolent&nbsp;! Riyad Mahrez a \u00e9t\u00e9 l\u2019Alg\u00e9rien\" \/>\n<meta property=\"og:url\" content=\"https:\/\/lasentinelle.dz\/index.php\/2021\/11\/30\/verts-deurope-mahrez-sur-un-nuage\/\" \/>\n<meta property=\"og:site_name\" content=\"La Sentinelle\" \/>\n<meta property=\"article:publisher\" content=\"https:\/\/www.facebook.com\/La-Sentinelle-104059864394773\" \/>\n<meta property=\"article:published_time\" content=\"2021-11-29T23:01:00+00:00\" \/>\n<meta property=\"og:image\" content=\"https:\/\/lasentinelle.dz\/wp-content\/uploads\/2021\/11\/mahrez.jpg\" \/>\n\t<meta property=\"og:image:width\" content=\"1000\" \/>\n\t<meta property=\"og:image:height\" content=\"740\" \/>\n\t<meta property=\"og:image:type\" content=\"image\/jpeg\" \/>\n<meta name=\"author\" content=\"La Sentinelle\" \/>\n<meta name=\"twitter:card\" content=\"summary_large_image\" \/>\n<meta name=\"twitter:label1\" content=\"\u00c9crit par\" \/>\n\t<meta name=\"twitter:data1\" content=\"La Sentinelle\" \/>\n\t<meta name=\"twitter:label2\" content=\"Dur\u00e9e de lecture estim\u00e9e\" \/>\n\t<meta name=\"twitter:data2\" content=\"2 minutes\" \/>\n<script type=\"application\/ld+json\" class=\"yoast-schema-graph\">{\"@context\":\"https:\\\/\\\/schema.org\",\"@graph\":[{\"@type\":\"Article\",\"@id\":\"https:\\\/\\\/lasentinelle.dz\\\/index.php\\\/2021\\\/11\\\/30\\\/verts-deurope-mahrez-sur-un-nuage\\\/#article\",\"isPartOf\":{\"@id\":\"https:\\\/\\\/lasentinelle.dz\\\/index.php\\\/2021\\\/11\\\/30\\\/verts-deurope-mahrez-sur-un-nuage\\\/\"},\"author\":{\"name\":\"La Sentinelle\",\"@id\":\"https:\\\/\\\/lasentinelle.dz\\\/#\\\/schema\\\/person\\\/d865044e22e70a75174ce8bcad3acfb3\"},\"headline\":\"Verts d\u2019Europe : Mahrez sur un nuage\",\"datePublished\":\"2021-11-29T23:01:00+00:00\",\"mainEntityOfPage\":{\"@id\":\"https:\\\/\\\/lasentinelle.dz\\\/index.php\\\/2021\\\/11\\\/30\\\/verts-deurope-mahrez-sur-un-nuage\\\/\"},\"wordCount\":455,\"commentCount\":0,\"publisher\":{\"@id\":\"https:\\\/\\\/lasentinelle.dz\\\/#organization\"},\"image\":{\"@id\":\"https:\\\/\\\/lasentinelle.dz\\\/index.php\\\/2021\\\/11\\\/30\\\/verts-deurope-mahrez-sur-un-nuage\\\/#primaryimage\"},\"thumbnailUrl\":\"https:\\\/\\\/lasentinelle.dz\\\/wp-content\\\/uploads\\\/2021\\\/11\\\/mahrez.jpg\",\"articleSection\":[\"Sports\"],\"inLanguage\":\"fr-FR\",\"potentialAction\":[{\"@type\":\"CommentAction\",\"name\":\"Comment\",\"target\":[\"https:\\\/\\\/lasentinelle.dz\\\/index.php\\\/2021\\\/11\\\/30\\\/verts-deurope-mahrez-sur-un-nuage\\\/#respond\"]}]},{\"@type\":\"WebPage\",\"@id\":\"https:\\\/\\\/lasentinelle.dz\\\/index.php\\\/2021\\\/11\\\/30\\\/verts-deurope-mahrez-sur-un-nuage\\\/\",\"url\":\"https:\\\/\\\/lasentinelle.dz\\\/index.php\\\/2021\\\/11\\\/30\\\/verts-deurope-mahrez-sur-un-nuage\\\/\",\"name\":\"Verts d\u2019Europe : Mahrez sur un nuage - La Sentinelle\",\"isPartOf\":{\"@id\":\"https:\\\/\\\/lasentinelle.dz\\\/#website\"},\"primaryImageOfPage\":{\"@id\":\"https:\\\/\\\/lasentinelle.dz\\\/index.php\\\/2021\\\/11\\\/30\\\/verts-deurope-mahrez-sur-un-nuage\\\/#primaryimage\"},\"image\":{\"@id\":\"https:\\\/\\\/lasentinelle.dz\\\/index.php\\\/2021\\\/11\\\/30\\\/verts-deurope-mahrez-sur-un-nuage\\\/#primaryimage\"},\"thumbnailUrl\":\"https:\\\/\\\/lasentinelle.dz\\\/wp-content\\\/uploads\\\/2021\\\/11\\\/mahrez.jpg\",\"datePublished\":\"2021-11-29T23:01:00+00:00\",\"breadcrumb\":{\"@id\":\"https:\\\/\\\/lasentinelle.dz\\\/index.php\\\/2021\\\/11\\\/30\\\/verts-deurope-mahrez-sur-un-nuage\\\/#breadcrumb\"},\"inLanguage\":\"fr-FR\",\"potentialAction\":[{\"@type\":\"ReadAction\",\"target\":[\"https:\\\/\\\/lasentinelle.dz\\\/index.php\\\/2021\\\/11\\\/30\\\/verts-deurope-mahrez-sur-un-nuage\\\/\"]}]},{\"@type\":\"ImageObject\",\"inLanguage\":\"fr-FR\",\"@id\":\"https:\\\/\\\/lasentinelle.dz\\\/index.php\\\/2021\\\/11\\\/30\\\/verts-deurope-mahrez-sur-un-nuage\\\/#primaryimage\",\"url\":\"https:\\\/\\\/lasentinelle.dz\\\/wp-content\\\/uploads\\\/2021\\\/11\\\/mahrez.jpg\",\"contentUrl\":\"https:\\\/\\\/lasentinelle.dz\\\/wp-content\\\/uploads\\\/2021\\\/11\\\/mahrez.jpg\",\"width\":1000,\"height\":740},{\"@type\":\"BreadcrumbList\",\"@id\":\"https:\\\/\\\/lasentinelle.dz\\\/index.php\\\/2021\\\/11\\\/30\\\/verts-deurope-mahrez-sur-un-nuage\\\/#breadcrumb\",\"itemListElement\":[{\"@type\":\"ListItem\",\"position\":1,\"name\":\"Accueil\",\"item\":\"https:\\\/\\\/lasentinelle.dz\\\/\"},{\"@type\":\"ListItem\",\"position\":2,\"name\":\"Verts d\u2019Europe : Mahrez sur un nuage\"}]},{\"@type\":\"WebSite\",\"@id\":\"https:\\\/\\\/lasentinelle.dz\\\/#website\",\"url\":\"https:\\\/\\\/lasentinelle.dz\\\/\",\"name\":\"La Sentinelle\",\"description\":\"Quotidien national d&#039;information\",\"publisher\":{\"@id\":\"https:\\\/\\\/lasentinelle.dz\\\/#organization\"},\"potentialAction\":[{\"@type\":\"SearchAction\",\"target\":{\"@type\":\"EntryPoint\",\"urlTemplate\":\"https:\\\/\\\/lasentinelle.dz\\\/?s={search_term_string}\"},\"query-input\":{\"@type\":\"PropertyValueSpecification\",\"valueRequired\":true,\"valueName\":\"search_term_string\"}}],\"inLanguage\":\"fr-FR\"},{\"@type\":\"Organization\",\"@id\":\"https:\\\/\\\/lasentinelle.dz\\\/#organization\",\"name\":\"Quotidien La Sentinelle\",\"url\":\"https:\\\/\\\/lasentinelle.dz\\\/\",\"logo\":{\"@type\":\"ImageObject\",\"inLanguage\":\"fr-FR\",\"@id\":\"https:\\\/\\\/lasentinelle.dz\\\/#\\\/schema\\\/logo\\\/image\\\/\",\"url\":\"https:\\\/\\\/lasentinelle.dz\\\/wp-content\\\/uploads\\\/2021\\\/09\\\/logo-sentinelleSLOGAN-1.png\",\"contentUrl\":\"https:\\\/\\\/lasentinelle.dz\\\/wp-content\\\/uploads\\\/2021\\\/09\\\/logo-sentinelleSLOGAN-1.png\",\"width\":615,\"height\":142,\"caption\":\"Quotidien La Sentinelle\"},\"image\":{\"@id\":\"https:\\\/\\\/lasentinelle.dz\\\/#\\\/schema\\\/logo\\\/image\\\/\"},\"sameAs\":[\"https:\\\/\\\/www.facebook.com\\\/La-Sentinelle-104059864394773\"]},{\"@type\":\"Person\",\"@id\":\"https:\\\/\\\/lasentinelle.dz\\\/#\\\/schema\\\/person\\\/d865044e22e70a75174ce8bcad3acfb3\",\"name\":\"La Sentinelle\",\"image\":{\"@type\":\"ImageObject\",\"inLanguage\":\"fr-FR\",\"@id\":\"https:\\\/\\\/secure.gravatar.com\\\/avatar\\\/57de8e5d4b15d43fb361a71fbb36338450fe67865b528a43dd10ef7c51a20392?s=96&d=mm&r=g\",\"url\":\"https:\\\/\\\/secure.gravatar.com\\\/avatar\\\/57de8e5d4b15d43fb361a71fbb36338450fe67865b528a43dd10ef7c51a20392?s=96&d=mm&r=g\",\"contentUrl\":\"https:\\\/\\\/secure.gravatar.com\\\/avatar\\\/57de8e5d4b15d43fb361a71fbb36338450fe67865b528a43dd10ef7c51a20392?s=96&d=mm&r=g\",\"caption\":\"La Sentinelle\"},\"sameAs\":[\"http:\\\/\\\/www.lasentinelle.dz\"],\"url\":\"https:\\\/\\\/lasentinelle.dz\\\/author\\\/redaction\\\/\"}]}<\/script>\n<!-- \/ Yoast SEO plugin. -->","yoast_head_json":{"title":"Verts d\u2019Europe : Mahrez sur un nuage - La Sentinelle","robots":{"index":"index","follow":"follow","max-snippet":"max-snippet:-1","max-image-preview":"max-image-preview:large","max-video-preview":"max-video-preview:-1"},"canonical":"https:\/\/lasentinelle.dz\/index.php\/2021\/11\/30\/verts-deurope-mahrez-sur-un-nuage\/","og_locale":"fr_FR","og_type":"article","og_title":"Verts d\u2019Europe : Mahrez sur un nuage - La Sentinelle","og_description":"Reprenant confiance, le capitaine de l\u2019\u00c9quipe nationale alg\u00e9rienne \u00e9clabousse partenaires et adversaires par son talent.&nbsp;Insolent&nbsp;! Riyad Mahrez a \u00e9t\u00e9 l\u2019Alg\u00e9rien","og_url":"https:\/\/lasentinelle.dz\/index.php\/2021\/11\/30\/verts-deurope-mahrez-sur-un-nuage\/","og_site_name":"La Sentinelle","article_publisher":"https:\/\/www.facebook.com\/La-Sentinelle-104059864394773","article_published_time":"2021-11-29T23:01:00+00:00","og_image":[{"width":1000,"height":740,"url":"https:\/\/lasentinelle.dz\/wp-content\/uploads\/2021\/11\/mahrez.jpg","type":"image\/jpeg"}],"author":"La Sentinelle","twitter_card":"summary_large_image","twitter_misc":{"\u00c9crit par":"La Sentinelle","Dur\u00e9e de lecture estim\u00e9e":"2 minutes"},"schema":{"@context":"https:\/\/schema.org","@graph":[{"@type":"Article","@id":"https:\/\/lasentinelle.dz\/index.php\/2021\/11\/30\/verts-deurope-mahrez-sur-un-nuage\/#article","isPartOf":{"@id":"https:\/\/lasentinelle.dz\/index.php\/2021\/11\/30\/verts-deurope-mahrez-sur-un-nuage\/"},"author":{"name":"La Sentinelle","@id":"https:\/\/lasentinelle.dz\/#\/schema\/person\/d865044e22e70a75174ce8bcad3acfb3"},"headline":"Verts d\u2019Europe : Mahrez sur un nuage","datePublished":"2021-11-29T23:01:00+00:00","mainEntityOfPage":{"@id":"https:\/\/lasentinelle.dz\/index.php\/2021\/11\/30\/verts-deurope-mahrez-sur-un-nuage\/"},"wordCount":455,"commentCount":0,"publisher":{"@id":"https:\/\/lasentinelle.dz\/#organization"},"image":{"@id":"https:\/\/lasentinelle.dz\/index.php\/2021\/11\/30\/verts-deurope-mahrez-sur-un-nuage\/#primaryimage"},"thumbnailUrl":"https:\/\/lasentinelle.dz\/wp-content\/uploads\/2021\/11\/mahrez.jpg","articleSection":["Sports"],"inLanguage":"fr-FR","potentialAction":[{"@type":"CommentAction","name":"Comment","target":["https:\/\/lasentinelle.dz\/index.php\/2021\/11\/30\/verts-deurope-mahrez-sur-un-nuage\/#respond"]}]},{"@type":"WebPage","@id":"https:\/\/lasentinelle.dz\/index.php\/2021\/11\/30\/verts-deurope-mahrez-sur-un-nuage\/","url":"https:\/\/lasentinelle.dz\/index.php\/2021\/11\/30\/verts-deurope-mahrez-sur-un-nuage\/","name":"Verts d\u2019Europe : Mahrez sur un nuage - La Sentinelle","isPartOf":{"@id":"https:\/\/lasentinelle.dz\/#website"},"primaryImageOfPage":{"@id":"https:\/\/lasentinelle.dz\/index.php\/2021\/11\/30\/verts-deurope-mahrez-sur-un-nuage\/#primaryimage"},"image":{"@id":"https:\/\/lasentinelle.dz\/index.php\/2021\/11\/30\/verts-deurope-mahrez-sur-un-nuage\/#primaryimage"},"thumbnailUrl":"https:\/\/lasentinelle.dz\/wp-content\/uploads\/2021\/11\/mahrez.jpg","datePublished":"2021-11-29T23:01:00+00:00","breadcrumb":{"@id":"https:\/\/lasentinelle.dz\/index.php\/2021\/11\/30\/verts-deurope-mahrez-sur-un-nuage\/#breadcrumb"},"inLanguage":"fr-FR","potentialAction":[{"@type":"ReadAction","target":["https:\/\/lasentinelle.dz\/index.php\/2021\/11\/30\/verts-deurope-mahrez-sur-un-nuage\/"]}]},{"@type":"ImageObject","inLanguage":"fr-FR","@id":"https:\/\/lasentinelle.dz\/index.php\/2021\/11\/30\/verts-deurope-mahrez-sur-un-nuage\/#primaryimage","url":"https:\/\/lasentinelle.dz\/wp-content\/uploads\/2021\/11\/mahrez.jpg","contentUrl":"https:\/\/lasentinelle.dz\/wp-content\/uploads\/2021\/11\/mahrez.jpg","width":1000,"height":740},{"@type":"BreadcrumbList","@id":"https:\/\/lasentinelle.dz\/index.php\/2021\/11\/30\/verts-deurope-mahrez-sur-un-nuage\/#breadcrumb","itemListElement":[{"@type":"ListItem","position":1,"name":"Accueil","item":"https:\/\/lasentinelle.dz\/"},{"@type":"ListItem","position":2,"name":"Verts d\u2019Europe : Mahrez sur un nuage"}]},{"@type":"WebSite","@id":"https:\/\/lasentinelle.dz\/#website","url":"https:\/\/lasentinelle.dz\/","name":"La Sentinelle","description":"Quotidien national d&#039;information","publisher":{"@id":"https:\/\/lasentinelle.dz\/#organization"},"potentialAction":[{"@type":"SearchAction","target":{"@type":"EntryPoint","urlTemplate":"https:\/\/lasentinelle.dz\/?s={search_term_string}"},"query-input":{"@type":"PropertyValueSpecification","valueRequired":true,"valueName":"search_term_string"}}],"inLanguage":"fr-FR"},{"@type":"Organization","@id":"https:\/\/lasentinelle.dz\/#organization","name":"Quotidien La Sentinelle","url":"https:\/\/lasentinelle.dz\/","logo":{"@type":"ImageObject","inLanguage":"fr-FR","@id":"https:\/\/lasentinelle.dz\/#\/schema\/logo\/image\/","url":"https:\/\/lasentinelle.dz\/wp-content\/uploads\/2021\/09\/logo-sentinelleSLOGAN-1.png","contentUrl":"https:\/\/lasentinelle.dz\/wp-content\/uploads\/2021\/09\/logo-sentinelleSLOGAN-1.png","width":615,"height":142,"caption":"Quotidien La Sentinelle"},"image":{"@id":"https:\/\/lasentinelle.dz\/#\/schema\/logo\/image\/"},"sameAs":["https:\/\/www.facebook.com\/La-Sentinelle-104059864394773"]},{"@type":"Person","@id":"https:\/\/lasentinelle.dz\/#\/schema\/person\/d865044e22e70a75174ce8bcad3acfb3","name":"La Sentinelle","image":{"@type":"ImageObject","inLanguage":"fr-FR","@id":"https:\/\/secure.gravatar.com\/avatar\/57de8e5d4b15d43fb361a71fbb36338450fe67865b528a43dd10ef7c51a20392?s=96&d=mm&r=g","url":"https:\/\/secure.gravatar.com\/avatar\/57de8e5d4b15d43fb361a71fbb36338450fe67865b528a43dd10ef7c51a20392?s=96&d=mm&r=g","contentUrl":"https:\/\/secure.gravatar.com\/avatar\/57de8e5d4b15d43fb361a71fbb36338450fe67865b528a43dd10ef7c51a20392?s=96&d=mm&r=g","caption":"La Sentinelle"},"sameAs":["http:\/\/www.lasentinelle.dz"],"url":"https:\/\/lasentinelle.dz\/author\/redaction\/"}]}},"_links":{"self":[{"href":"https:\/\/lasentinelle.dz\/index.php\/wp-json\/wp\/v2\/posts\/14252","targetHints":{"allow":["GET"]}}],"collection":[{"href":"https:\/\/lasentinelle.dz\/index.php\/wp-json\/wp\/v2\/posts"}],"about":[{"href":"https:\/\/lasentinelle.dz\/index.php\/wp-json\/wp\/v2\/types\/post"}],"author":[{"embeddable":true,"href":"https:\/\/lasentinelle.dz\/index.php\/wp-json\/wp\/v2\/users\/3"}],"replies":[{"embeddable":true,"href":"https:\/\/lasentinelle.dz\/index.php\/wp-json\/wp\/v2\/comments?post=14252"}],"version-history":[{"count":1,"href":"https:\/\/lasentinelle.dz\/index.php\/wp-json\/wp\/v2\/posts\/14252\/revisions"}],"predecessor-version":[{"id":14254,"href":"https:\/\/lasentinelle.dz\/index.php\/wp-json\/wp\/v2\/posts\/14252\/revisions\/14254"}],"wp:featuredmedia":[{"embeddable":true,"href":"https:\/\/lasentinelle.dz\/index.php\/wp-json\/wp\/v2\/media\/14253"}],"wp:attachment":[{"href":"https:\/\/lasentinelle.dz\/index.php\/wp-json\/wp\/v2\/media?parent=14252"}],"wp:term":[{"taxonomy":"category","embeddable":true,"href":"https:\/\/lasentinelle.dz\/index.php\/wp-json\/wp\/v2\/categories?post=14252"},{"taxonomy":"post_tag","embeddable":true,"href":"https:\/\/lasentinelle.dz\/index.php\/wp-json\/wp\/v2\/tags?post=14252"}],"curies":[{"name":"wp","href":"https:\/\/api.w.org\/{rel}","templated":true}]}}