{"id":14261,"date":"2021-11-30T00:01:00","date_gmt":"2021-11-29T23:01:00","guid":{"rendered":"https:\/\/lasentinelle.dz\/?p=14261"},"modified":"2021-11-29T16:36:17","modified_gmt":"2021-11-29T15:36:17","slug":"yacine-benhamza-vice-president-de-la-faf-nous-avons-une-reputation-a-defendre","status":"publish","type":"post","link":"https:\/\/lasentinelle.dz\/index.php\/2021\/11\/30\/yacine-benhamza-vice-president-de-la-faf-nous-avons-une-reputation-a-defendre\/","title":{"rendered":"Yacine Benhamza, vice-pr\u00e9sident de la FAF : \u00ab Nous avons une r\u00e9putation \u00e0 d\u00e9fendre \u00bb"},"content":{"rendered":"\n<p>\u00ab Nous avons de r\u00e9elles chances dans cette comp\u00e9tition (Coupe arabe, Ndlr), en attendant la v\u00e9rit\u00e9 du terrain \u00bb, estime le chef de la D\u00e9l\u00e9gation alg\u00e9rienne au Qatar.&nbsp;<\/p>\n\n\n\n<p>Le vice-pr\u00e9sident de la F\u00e9d\u00e9ration alg\u00e9rienne de football (FAF), Yacine Benhamza, a d\u00e9clar\u00e9 que l&rsquo;Equipe nationale A&rsquo; abordera la Coupe arabe de la FIFA \u00e0 Doha (30 novembre &#8211; 18 d\u00e9cembre), avec l&rsquo;intention d&rsquo;aller jusqu&rsquo;au bout, estimant qu&rsquo;il y aura \u00ab une r\u00e9putation \u00e0 d\u00e9fendre \u00bb, deux ans et demi apr\u00e8s le troph\u00e9e africain remport\u00e9 par les Verts en Egypte. \u00ab Nous avons une grande ambition pour aller jusqu&rsquo;au bout. L&rsquo;Alg\u00e9rie est championne d&rsquo;Afrique. Cette \u00e9quipe A&rsquo; est constitu\u00e9e notamment de joueurs de l&rsquo;\u00e9quipe A, c&rsquo;est une tr\u00e8s bonne chose. Nous avons une r\u00e9putation \u00e0 d\u00e9fendre \u00bb, a affirm\u00e9 \u00e0 l&rsquo;APS le chef de la d\u00e9l\u00e9gation alg\u00e9rienne \u00e0 Doha. \u00ab Tout le monde avance que nous sommes les favoris pour remporter le troph\u00e9e. Ce ne sera pas facile au vu de la concurrence, mais notre objectif est de remporter le titre \u00bb, a-t-il ajout\u00e9. Membre du bureau f\u00e9d\u00e9ral et pr\u00e9sident de la commission du football professionnel, Benhamza a soulign\u00e9 l&rsquo;importance de \u00ab repr\u00e9senter dignement \u00bb les couleurs du pays au Qatar. \u00ab L&rsquo;Equipe nationale se trouve dans d&rsquo;excellentes conditions. Nous avons de r\u00e9elles chances dans cette comp\u00e9tition, en attendant la v\u00e9rit\u00e9 du terrain. Le plus important est de repr\u00e9senter dignement notre pays. J&rsquo;estime que nous sommes bien plac\u00e9s que beaucoup d&rsquo;autres \u00e9quipes \u00bb, a-t-il conclu. Lors du rendez-vous arabe, l&rsquo;Alg\u00e9rie \u00e9voluera dans le groupe D, en compagnie de l&rsquo;Egypte, du Soudan et du Liban. Les Alg\u00e9riens entameront le tournoi demain face au Soudan, au stade Ahmed-Ben Ali \u00e0 Doha (11h alg\u00e9rienne), avant d&rsquo;affronter le Liban, le samedi 4 d\u00e9cembre au stade Al-Janoub (14h), puis l&rsquo;Egypte, le mardi 7 d\u00e9cembre, toujours au stade Al-Janoub (20h). Par ailleurs, son Excellence l\u2019ambassadeur d\u2019Alg\u00e9rie \u00e0 Doha, Mustapha Boutora, a rendu visite dans la soir\u00e9e du dimanche \u00e0 l\u2019h\u00f4tel o\u00f9 r\u00e9side la d\u00e9l\u00e9gation alg\u00e9rienne.&nbsp;&nbsp;Boutora, qui \u00e9tait accompagn\u00e9 par le Pr\u00e9sident de la F\u00e9d\u00e9ration alg\u00e9rienne de football, Charaf-Eddine Amara, et Yacine BENHAMZA, a salu\u00e9 les joueurs et les membres des diff\u00e9rents staffs leur souhaitant une grande r\u00e9ussite lors de cette Coupe arabe et pourquoi pas d\u00e9crocher le titre compte tenu du potentiel dont rec\u00e8le la s\u00e9lection nationale.<\/p>\n\n\n\n<p>R. S.&nbsp;<\/p>\n","protected":false},"excerpt":{"rendered":"<p>\u00ab Nous avons de r\u00e9elles chances dans cette comp\u00e9tition (Coupe arabe, Ndlr), en attendant la v\u00e9rit\u00e9 du terrain \u00bb, estime<\/p>\n","protected":false},"author":3,"featured_media":14262,"comment_status":"open","ping_status":"closed","sticky":false,"template":"","format":"standard","meta":{"colormag_page_container_layout":"default_layout","colormag_page_sidebar_layout":"default_layout","om_disable_all_campaigns":false,"_monsterinsights_skip_tracking":false,"_monsterinsights_sitenote_active":false,"_monsterinsights_sitenote_note":"","_monsterinsights_sitenote_category":0,"footnotes":"","_wpscppro_dont_share_socialmedia":false,"_wpscppro_custom_social_share_image":0,"_facebook_share_type":"","_twitter_share_type":"","_linkedin_share_type":"","_pinterest_share_type":"","_linkedin_share_type_page":"","_instagram_share_type":"","_medium_share_type":"","_threads_share_type":"","_google_business_share_type":"","_selected_social_profile":[],"_wpsp_enable_custom_social_template":false,"_wpsp_social_scheduling":{"enabled":false,"datetime":null,"platforms":[],"status":"template_only","dateOption":"today","timeOption":"now","customDays":"","customHours":"","customDate":"","customTime":"","schedulingType":"absolute"},"_wpsp_active_default_template":true},"categories":[33],"tags":[],"class_list":["post-14261","post","type-post","status-publish","format-standard","has-post-thumbnail","hentry","category-sports"],"aioseo_notices":[],"yoast_head":"<!-- This site is optimized with the Yoast SEO plugin v27.5 - https:\/\/yoast.com\/product\/yoast-seo-wordpress\/ -->\n<title>Yacine Benhamza, vice-pr\u00e9sident de la FAF : \u00ab Nous avons une r\u00e9putation \u00e0 d\u00e9fendre \u00bb - La Sentinelle<\/title>\n<meta name=\"robots\" content=\"index, follow, max-snippet:-1, max-image-preview:large, max-video-preview:-1\" \/>\n<link rel=\"canonical\" href=\"https:\/\/lasentinelle.dz\/index.php\/2021\/11\/30\/yacine-benhamza-vice-president-de-la-faf-nous-avons-une-reputation-a-defendre\/\" \/>\n<meta property=\"og:locale\" content=\"fr_FR\" \/>\n<meta property=\"og:type\" content=\"article\" \/>\n<meta property=\"og:title\" content=\"Yacine Benhamza, vice-pr\u00e9sident de la FAF : \u00ab Nous avons une r\u00e9putation \u00e0 d\u00e9fendre \u00bb - La Sentinelle\" \/>\n<meta property=\"og:description\" content=\"\u00ab Nous avons de r\u00e9elles chances dans cette comp\u00e9tition (Coupe arabe, Ndlr), en attendant la v\u00e9rit\u00e9 du terrain \u00bb, estime\" \/>\n<meta property=\"og:url\" content=\"https:\/\/lasentinelle.dz\/index.php\/2021\/11\/30\/yacine-benhamza-vice-president-de-la-faf-nous-avons-une-reputation-a-defendre\/\" \/>\n<meta property=\"og:site_name\" content=\"La Sentinelle\" \/>\n<meta property=\"article:publisher\" content=\"https:\/\/www.facebook.com\/La-Sentinelle-104059864394773\" \/>\n<meta property=\"article:published_time\" content=\"2021-11-29T23:01:00+00:00\" \/>\n<meta property=\"og:image\" content=\"https:\/\/lasentinelle.dz\/wp-content\/uploads\/2021\/11\/Visite.jpg\" \/>\n\t<meta property=\"og:image:width\" content=\"2000\" \/>\n\t<meta property=\"og:image:height\" content=\"1333\" \/>\n\t<meta property=\"og:image:type\" content=\"image\/jpeg\" \/>\n<meta name=\"author\" content=\"La Sentinelle\" \/>\n<meta name=\"twitter:card\" content=\"summary_large_image\" \/>\n<meta name=\"twitter:label1\" content=\"\u00c9crit par\" \/>\n\t<meta name=\"twitter:data1\" content=\"La Sentinelle\" \/>\n\t<meta name=\"twitter:label2\" content=\"Dur\u00e9e de lecture estim\u00e9e\" \/>\n\t<meta name=\"twitter:data2\" content=\"2 minutes\" \/>\n<script type=\"application\/ld+json\" class=\"yoast-schema-graph\">{\"@context\":\"https:\\\/\\\/schema.org\",\"@graph\":[{\"@type\":\"Article\",\"@id\":\"https:\\\/\\\/lasentinelle.dz\\\/index.php\\\/2021\\\/11\\\/30\\\/yacine-benhamza-vice-president-de-la-faf-nous-avons-une-reputation-a-defendre\\\/#article\",\"isPartOf\":{\"@id\":\"https:\\\/\\\/lasentinelle.dz\\\/index.php\\\/2021\\\/11\\\/30\\\/yacine-benhamza-vice-president-de-la-faf-nous-avons-une-reputation-a-defendre\\\/\"},\"author\":{\"name\":\"La Sentinelle\",\"@id\":\"https:\\\/\\\/lasentinelle.dz\\\/#\\\/schema\\\/person\\\/d865044e22e70a75174ce8bcad3acfb3\"},\"headline\":\"Yacine Benhamza, vice-pr\u00e9sident de la FAF : \u00ab Nous avons une r\u00e9putation \u00e0 d\u00e9fendre \u00bb\",\"datePublished\":\"2021-11-29T23:01:00+00:00\",\"mainEntityOfPage\":{\"@id\":\"https:\\\/\\\/lasentinelle.dz\\\/index.php\\\/2021\\\/11\\\/30\\\/yacine-benhamza-vice-president-de-la-faf-nous-avons-une-reputation-a-defendre\\\/\"},\"wordCount\":454,\"commentCount\":0,\"publisher\":{\"@id\":\"https:\\\/\\\/lasentinelle.dz\\\/#organization\"},\"image\":{\"@id\":\"https:\\\/\\\/lasentinelle.dz\\\/index.php\\\/2021\\\/11\\\/30\\\/yacine-benhamza-vice-president-de-la-faf-nous-avons-une-reputation-a-defendre\\\/#primaryimage\"},\"thumbnailUrl\":\"https:\\\/\\\/lasentinelle.dz\\\/wp-content\\\/uploads\\\/2021\\\/11\\\/Visite.jpg\",\"articleSection\":[\"Sports\"],\"inLanguage\":\"fr-FR\",\"potentialAction\":[{\"@type\":\"CommentAction\",\"name\":\"Comment\",\"target\":[\"https:\\\/\\\/lasentinelle.dz\\\/index.php\\\/2021\\\/11\\\/30\\\/yacine-benhamza-vice-president-de-la-faf-nous-avons-une-reputation-a-defendre\\\/#respond\"]}]},{\"@type\":\"WebPage\",\"@id\":\"https:\\\/\\\/lasentinelle.dz\\\/index.php\\\/2021\\\/11\\\/30\\\/yacine-benhamza-vice-president-de-la-faf-nous-avons-une-reputation-a-defendre\\\/\",\"url\":\"https:\\\/\\\/lasentinelle.dz\\\/index.php\\\/2021\\\/11\\\/30\\\/yacine-benhamza-vice-president-de-la-faf-nous-avons-une-reputation-a-defendre\\\/\",\"name\":\"Yacine Benhamza, vice-pr\u00e9sident de la FAF : \u00ab Nous avons une r\u00e9putation \u00e0 d\u00e9fendre \u00bb - La Sentinelle\",\"isPartOf\":{\"@id\":\"https:\\\/\\\/lasentinelle.dz\\\/#website\"},\"primaryImageOfPage\":{\"@id\":\"https:\\\/\\\/lasentinelle.dz\\\/index.php\\\/2021\\\/11\\\/30\\\/yacine-benhamza-vice-president-de-la-faf-nous-avons-une-reputation-a-defendre\\\/#primaryimage\"},\"image\":{\"@id\":\"https:\\\/\\\/lasentinelle.dz\\\/index.php\\\/2021\\\/11\\\/30\\\/yacine-benhamza-vice-president-de-la-faf-nous-avons-une-reputation-a-defendre\\\/#primaryimage\"},\"thumbnailUrl\":\"https:\\\/\\\/lasentinelle.dz\\\/wp-content\\\/uploads\\\/2021\\\/11\\\/Visite.jpg\",\"datePublished\":\"2021-11-29T23:01:00+00:00\",\"breadcrumb\":{\"@id\":\"https:\\\/\\\/lasentinelle.dz\\\/index.php\\\/2021\\\/11\\\/30\\\/yacine-benhamza-vice-president-de-la-faf-nous-avons-une-reputation-a-defendre\\\/#breadcrumb\"},\"inLanguage\":\"fr-FR\",\"potentialAction\":[{\"@type\":\"ReadAction\",\"target\":[\"https:\\\/\\\/lasentinelle.dz\\\/index.php\\\/2021\\\/11\\\/30\\\/yacine-benhamza-vice-president-de-la-faf-nous-avons-une-reputation-a-defendre\\\/\"]}]},{\"@type\":\"ImageObject\",\"inLanguage\":\"fr-FR\",\"@id\":\"https:\\\/\\\/lasentinelle.dz\\\/index.php\\\/2021\\\/11\\\/30\\\/yacine-benhamza-vice-president-de-la-faf-nous-avons-une-reputation-a-defendre\\\/#primaryimage\",\"url\":\"https:\\\/\\\/lasentinelle.dz\\\/wp-content\\\/uploads\\\/2021\\\/11\\\/Visite.jpg\",\"contentUrl\":\"https:\\\/\\\/lasentinelle.dz\\\/wp-content\\\/uploads\\\/2021\\\/11\\\/Visite.jpg\",\"width\":2000,\"height\":1333},{\"@type\":\"BreadcrumbList\",\"@id\":\"https:\\\/\\\/lasentinelle.dz\\\/index.php\\\/2021\\\/11\\\/30\\\/yacine-benhamza-vice-president-de-la-faf-nous-avons-une-reputation-a-defendre\\\/#breadcrumb\",\"itemListElement\":[{\"@type\":\"ListItem\",\"position\":1,\"name\":\"Accueil\",\"item\":\"https:\\\/\\\/lasentinelle.dz\\\/\"},{\"@type\":\"ListItem\",\"position\":2,\"name\":\"Yacine Benhamza, vice-pr\u00e9sident de la FAF : \u00ab Nous avons une r\u00e9putation \u00e0 d\u00e9fendre \u00bb\"}]},{\"@type\":\"WebSite\",\"@id\":\"https:\\\/\\\/lasentinelle.dz\\\/#website\",\"url\":\"https:\\\/\\\/lasentinelle.dz\\\/\",\"name\":\"La Sentinelle\",\"description\":\"Quotidien national d&#039;information\",\"publisher\":{\"@id\":\"https:\\\/\\\/lasentinelle.dz\\\/#organization\"},\"potentialAction\":[{\"@type\":\"SearchAction\",\"target\":{\"@type\":\"EntryPoint\",\"urlTemplate\":\"https:\\\/\\\/lasentinelle.dz\\\/?s={search_term_string}\"},\"query-input\":{\"@type\":\"PropertyValueSpecification\",\"valueRequired\":true,\"valueName\":\"search_term_string\"}}],\"inLanguage\":\"fr-FR\"},{\"@type\":\"Organization\",\"@id\":\"https:\\\/\\\/lasentinelle.dz\\\/#organization\",\"name\":\"Quotidien La Sentinelle\",\"url\":\"https:\\\/\\\/lasentinelle.dz\\\/\",\"logo\":{\"@type\":\"ImageObject\",\"inLanguage\":\"fr-FR\",\"@id\":\"https:\\\/\\\/lasentinelle.dz\\\/#\\\/schema\\\/logo\\\/image\\\/\",\"url\":\"https:\\\/\\\/lasentinelle.dz\\\/wp-content\\\/uploads\\\/2021\\\/09\\\/logo-sentinelleSLOGAN-1.png\",\"contentUrl\":\"https:\\\/\\\/lasentinelle.dz\\\/wp-content\\\/uploads\\\/2021\\\/09\\\/logo-sentinelleSLOGAN-1.png\",\"width\":615,\"height\":142,\"caption\":\"Quotidien La Sentinelle\"},\"image\":{\"@id\":\"https:\\\/\\\/lasentinelle.dz\\\/#\\\/schema\\\/logo\\\/image\\\/\"},\"sameAs\":[\"https:\\\/\\\/www.facebook.com\\\/La-Sentinelle-104059864394773\"]},{\"@type\":\"Person\",\"@id\":\"https:\\\/\\\/lasentinelle.dz\\\/#\\\/schema\\\/person\\\/d865044e22e70a75174ce8bcad3acfb3\",\"name\":\"La Sentinelle\",\"image\":{\"@type\":\"ImageObject\",\"inLanguage\":\"fr-FR\",\"@id\":\"https:\\\/\\\/secure.gravatar.com\\\/avatar\\\/57de8e5d4b15d43fb361a71fbb36338450fe67865b528a43dd10ef7c51a20392?s=96&d=mm&r=g\",\"url\":\"https:\\\/\\\/secure.gravatar.com\\\/avatar\\\/57de8e5d4b15d43fb361a71fbb36338450fe67865b528a43dd10ef7c51a20392?s=96&d=mm&r=g\",\"contentUrl\":\"https:\\\/\\\/secure.gravatar.com\\\/avatar\\\/57de8e5d4b15d43fb361a71fbb36338450fe67865b528a43dd10ef7c51a20392?s=96&d=mm&r=g\",\"caption\":\"La Sentinelle\"},\"sameAs\":[\"http:\\\/\\\/www.lasentinelle.dz\"],\"url\":\"https:\\\/\\\/lasentinelle.dz\\\/author\\\/redaction\\\/\"}]}<\/script>\n<!-- \/ Yoast SEO plugin. -->","yoast_head_json":{"title":"Yacine Benhamza, vice-pr\u00e9sident de la FAF : \u00ab Nous avons une r\u00e9putation \u00e0 d\u00e9fendre \u00bb - La Sentinelle","robots":{"index":"index","follow":"follow","max-snippet":"max-snippet:-1","max-image-preview":"max-image-preview:large","max-video-preview":"max-video-preview:-1"},"canonical":"https:\/\/lasentinelle.dz\/index.php\/2021\/11\/30\/yacine-benhamza-vice-president-de-la-faf-nous-avons-une-reputation-a-defendre\/","og_locale":"fr_FR","og_type":"article","og_title":"Yacine Benhamza, vice-pr\u00e9sident de la FAF : \u00ab Nous avons une r\u00e9putation \u00e0 d\u00e9fendre \u00bb - La Sentinelle","og_description":"\u00ab Nous avons de r\u00e9elles chances dans cette comp\u00e9tition (Coupe arabe, Ndlr), en attendant la v\u00e9rit\u00e9 du terrain \u00bb, estime","og_url":"https:\/\/lasentinelle.dz\/index.php\/2021\/11\/30\/yacine-benhamza-vice-president-de-la-faf-nous-avons-une-reputation-a-defendre\/","og_site_name":"La Sentinelle","article_publisher":"https:\/\/www.facebook.com\/La-Sentinelle-104059864394773","article_published_time":"2021-11-29T23:01:00+00:00","og_image":[{"width":2000,"height":1333,"url":"https:\/\/lasentinelle.dz\/wp-content\/uploads\/2021\/11\/Visite.jpg","type":"image\/jpeg"}],"author":"La Sentinelle","twitter_card":"summary_large_image","twitter_misc":{"\u00c9crit par":"La Sentinelle","Dur\u00e9e de lecture estim\u00e9e":"2 minutes"},"schema":{"@context":"https:\/\/schema.org","@graph":[{"@type":"Article","@id":"https:\/\/lasentinelle.dz\/index.php\/2021\/11\/30\/yacine-benhamza-vice-president-de-la-faf-nous-avons-une-reputation-a-defendre\/#article","isPartOf":{"@id":"https:\/\/lasentinelle.dz\/index.php\/2021\/11\/30\/yacine-benhamza-vice-president-de-la-faf-nous-avons-une-reputation-a-defendre\/"},"author":{"name":"La Sentinelle","@id":"https:\/\/lasentinelle.dz\/#\/schema\/person\/d865044e22e70a75174ce8bcad3acfb3"},"headline":"Yacine Benhamza, vice-pr\u00e9sident de la FAF : \u00ab Nous avons une r\u00e9putation \u00e0 d\u00e9fendre \u00bb","datePublished":"2021-11-29T23:01:00+00:00","mainEntityOfPage":{"@id":"https:\/\/lasentinelle.dz\/index.php\/2021\/11\/30\/yacine-benhamza-vice-president-de-la-faf-nous-avons-une-reputation-a-defendre\/"},"wordCount":454,"commentCount":0,"publisher":{"@id":"https:\/\/lasentinelle.dz\/#organization"},"image":{"@id":"https:\/\/lasentinelle.dz\/index.php\/2021\/11\/30\/yacine-benhamza-vice-president-de-la-faf-nous-avons-une-reputation-a-defendre\/#primaryimage"},"thumbnailUrl":"https:\/\/lasentinelle.dz\/wp-content\/uploads\/2021\/11\/Visite.jpg","articleSection":["Sports"],"inLanguage":"fr-FR","potentialAction":[{"@type":"CommentAction","name":"Comment","target":["https:\/\/lasentinelle.dz\/index.php\/2021\/11\/30\/yacine-benhamza-vice-president-de-la-faf-nous-avons-une-reputation-a-defendre\/#respond"]}]},{"@type":"WebPage","@id":"https:\/\/lasentinelle.dz\/index.php\/2021\/11\/30\/yacine-benhamza-vice-president-de-la-faf-nous-avons-une-reputation-a-defendre\/","url":"https:\/\/lasentinelle.dz\/index.php\/2021\/11\/30\/yacine-benhamza-vice-president-de-la-faf-nous-avons-une-reputation-a-defendre\/","name":"Yacine Benhamza, vice-pr\u00e9sident de la FAF : \u00ab Nous avons une r\u00e9putation \u00e0 d\u00e9fendre \u00bb - La Sentinelle","isPartOf":{"@id":"https:\/\/lasentinelle.dz\/#website"},"primaryImageOfPage":{"@id":"https:\/\/lasentinelle.dz\/index.php\/2021\/11\/30\/yacine-benhamza-vice-president-de-la-faf-nous-avons-une-reputation-a-defendre\/#primaryimage"},"image":{"@id":"https:\/\/lasentinelle.dz\/index.php\/2021\/11\/30\/yacine-benhamza-vice-president-de-la-faf-nous-avons-une-reputation-a-defendre\/#primaryimage"},"thumbnailUrl":"https:\/\/lasentinelle.dz\/wp-content\/uploads\/2021\/11\/Visite.jpg","datePublished":"2021-11-29T23:01:00+00:00","breadcrumb":{"@id":"https:\/\/lasentinelle.dz\/index.php\/2021\/11\/30\/yacine-benhamza-vice-president-de-la-faf-nous-avons-une-reputation-a-defendre\/#breadcrumb"},"inLanguage":"fr-FR","potentialAction":[{"@type":"ReadAction","target":["https:\/\/lasentinelle.dz\/index.php\/2021\/11\/30\/yacine-benhamza-vice-president-de-la-faf-nous-avons-une-reputation-a-defendre\/"]}]},{"@type":"ImageObject","inLanguage":"fr-FR","@id":"https:\/\/lasentinelle.dz\/index.php\/2021\/11\/30\/yacine-benhamza-vice-president-de-la-faf-nous-avons-une-reputation-a-defendre\/#primaryimage","url":"https:\/\/lasentinelle.dz\/wp-content\/uploads\/2021\/11\/Visite.jpg","contentUrl":"https:\/\/lasentinelle.dz\/wp-content\/uploads\/2021\/11\/Visite.jpg","width":2000,"height":1333},{"@type":"BreadcrumbList","@id":"https:\/\/lasentinelle.dz\/index.php\/2021\/11\/30\/yacine-benhamza-vice-president-de-la-faf-nous-avons-une-reputation-a-defendre\/#breadcrumb","itemListElement":[{"@type":"ListItem","position":1,"name":"Accueil","item":"https:\/\/lasentinelle.dz\/"},{"@type":"ListItem","position":2,"name":"Yacine Benhamza, vice-pr\u00e9sident de la FAF : \u00ab Nous avons une r\u00e9putation \u00e0 d\u00e9fendre \u00bb"}]},{"@type":"WebSite","@id":"https:\/\/lasentinelle.dz\/#website","url":"https:\/\/lasentinelle.dz\/","name":"La Sentinelle","description":"Quotidien national d&#039;information","publisher":{"@id":"https:\/\/lasentinelle.dz\/#organization"},"potentialAction":[{"@type":"SearchAction","target":{"@type":"EntryPoint","urlTemplate":"https:\/\/lasentinelle.dz\/?s={search_term_string}"},"query-input":{"@type":"PropertyValueSpecification","valueRequired":true,"valueName":"search_term_string"}}],"inLanguage":"fr-FR"},{"@type":"Organization","@id":"https:\/\/lasentinelle.dz\/#organization","name":"Quotidien La Sentinelle","url":"https:\/\/lasentinelle.dz\/","logo":{"@type":"ImageObject","inLanguage":"fr-FR","@id":"https:\/\/lasentinelle.dz\/#\/schema\/logo\/image\/","url":"https:\/\/lasentinelle.dz\/wp-content\/uploads\/2021\/09\/logo-sentinelleSLOGAN-1.png","contentUrl":"https:\/\/lasentinelle.dz\/wp-content\/uploads\/2021\/09\/logo-sentinelleSLOGAN-1.png","width":615,"height":142,"caption":"Quotidien La Sentinelle"},"image":{"@id":"https:\/\/lasentinelle.dz\/#\/schema\/logo\/image\/"},"sameAs":["https:\/\/www.facebook.com\/La-Sentinelle-104059864394773"]},{"@type":"Person","@id":"https:\/\/lasentinelle.dz\/#\/schema\/person\/d865044e22e70a75174ce8bcad3acfb3","name":"La Sentinelle","image":{"@type":"ImageObject","inLanguage":"fr-FR","@id":"https:\/\/secure.gravatar.com\/avatar\/57de8e5d4b15d43fb361a71fbb36338450fe67865b528a43dd10ef7c51a20392?s=96&d=mm&r=g","url":"https:\/\/secure.gravatar.com\/avatar\/57de8e5d4b15d43fb361a71fbb36338450fe67865b528a43dd10ef7c51a20392?s=96&d=mm&r=g","contentUrl":"https:\/\/secure.gravatar.com\/avatar\/57de8e5d4b15d43fb361a71fbb36338450fe67865b528a43dd10ef7c51a20392?s=96&d=mm&r=g","caption":"La Sentinelle"},"sameAs":["http:\/\/www.lasentinelle.dz"],"url":"https:\/\/lasentinelle.dz\/author\/redaction\/"}]}},"_links":{"self":[{"href":"https:\/\/lasentinelle.dz\/index.php\/wp-json\/wp\/v2\/posts\/14261","targetHints":{"allow":["GET"]}}],"collection":[{"href":"https:\/\/lasentinelle.dz\/index.php\/wp-json\/wp\/v2\/posts"}],"about":[{"href":"https:\/\/lasentinelle.dz\/index.php\/wp-json\/wp\/v2\/types\/post"}],"author":[{"embeddable":true,"href":"https:\/\/lasentinelle.dz\/index.php\/wp-json\/wp\/v2\/users\/3"}],"replies":[{"embeddable":true,"href":"https:\/\/lasentinelle.dz\/index.php\/wp-json\/wp\/v2\/comments?post=14261"}],"version-history":[{"count":1,"href":"https:\/\/lasentinelle.dz\/index.php\/wp-json\/wp\/v2\/posts\/14261\/revisions"}],"predecessor-version":[{"id":14263,"href":"https:\/\/lasentinelle.dz\/index.php\/wp-json\/wp\/v2\/posts\/14261\/revisions\/14263"}],"wp:featuredmedia":[{"embeddable":true,"href":"https:\/\/lasentinelle.dz\/index.php\/wp-json\/wp\/v2\/media\/14262"}],"wp:attachment":[{"href":"https:\/\/lasentinelle.dz\/index.php\/wp-json\/wp\/v2\/media?parent=14261"}],"wp:term":[{"taxonomy":"category","embeddable":true,"href":"https:\/\/lasentinelle.dz\/index.php\/wp-json\/wp\/v2\/categories?post=14261"},{"taxonomy":"post_tag","embeddable":true,"href":"https:\/\/lasentinelle.dz\/index.php\/wp-json\/wp\/v2\/tags?post=14261"}],"curies":[{"name":"wp","href":"https:\/\/api.w.org\/{rel}","templated":true}]}}