{"id":14304,"date":"2021-11-30T00:05:00","date_gmt":"2021-11-29T23:05:00","guid":{"rendered":"https:\/\/lasentinelle.dz\/?p=14304"},"modified":"2021-11-29T20:15:51","modified_gmt":"2021-11-29T19:15:51","slug":"campagne-nationale-de-vaccination-contre-la-grippe-2-millions-de-doses-mobilisees","status":"publish","type":"post","link":"https:\/\/lasentinelle.dz\/index.php\/2021\/11\/30\/campagne-nationale-de-vaccination-contre-la-grippe-2-millions-de-doses-mobilisees\/","title":{"rendered":"Campagne nationale de vaccination contre la grippe : 2 millions de doses mobilis\u00e9es"},"content":{"rendered":"\n<p>La campagne nationale de vaccination contre la grippe saisonni\u00e8re a \u00e9t\u00e9 lanc\u00e9e hier par le minist\u00e8re de la Sant\u00e9 a lanc\u00e9 lundi en coordination avec l&rsquo;Institut Pasteur-Alg\u00e9rie.&nbsp;<\/p>\n\n\n\n<p>S\u2019\u00e9talant sur les deux saisons automne et hiver, cette campagne sera marqu\u00e9e, selon&nbsp;la directrice de la pr\u00e9vention au minist\u00e8re de la Sant\u00e9, Samia Hammadi,&nbsp;&nbsp;par \u00ab\u00a0la mobilisation de 2 millions de doses de vaccin, qui peuvent atteindre 2,5 millions doses, si n\u00e9cessaire\u00a0\u00bb. Intervenant lors d&rsquo;une conf\u00e9rence de presse au si\u00e8ge du minist\u00e8re, la m\u00eame responsable a pr\u00e9cis\u00e9&nbsp;que \u00ab le minist\u00e8re de tutelle avait donn\u00e9 des instructions la semaine \u00e9coul\u00e9e \u00e0 tous les directeurs du secteur \u00e0 travers le pays afin de r\u00e9ceptionner les quotas r\u00e9serv\u00e9s aux wilayas pour pouvoir lancer,&nbsp;effectivement,&nbsp;l&rsquo;op\u00e9ration de vaccination, qui se d\u00e9roulera comme d&rsquo;habitude au niveau des \u00e9tablissements de sant\u00e9 publique et hospitaliers, en plus des pharmacies priv\u00e9es agr\u00e9\u00e9es \u00e0 administrer le vaccin contre le Coronavirus&nbsp;\u00bb.<\/p>\n\n\n\n<p>Samia Hammadi a ainsi expliqu\u00e9 que les cat\u00e9gories concern\u00e9es par la vaccination contre la grippe saisonni\u00e8re sont&nbsp;\u00ab&nbsp;les personnes \u00e2g\u00e9es, les personnes pr\u00e9sentant une pathologie chronique et les femmes enceintes&nbsp;\u00bb, ajoutant \u00e0 cet effet que la r\u00e9ception du vaccin anti-coronavirus et le vaccin contre la grippe saisonni\u00e8re&nbsp;\u00ab&nbsp;ne pr\u00e9sente aucun risque&nbsp;\u00bb, selon les recommandations de l&rsquo;Organisation mondiale de la sant\u00e9 (OMS). La m\u00eame responsable, se basant sur des donn\u00e9es \u00e9manant de l\u2019OMS, dira qu\u2019il est possible d\u2019administrer \u00ab&nbsp;les deux vaccins le m\u00eame jour, mais le vaccin contre la grippe ne prot\u00e9gera pas la personne du Coronavirus et vice versa\u00a0\u00bb, notant par l\u00e0 m\u00eame que la vaccination demeure la \u00ab\u00a0solution la plus efficace\u00a0\u00bb pour pr\u00e9venir les complications de la grippe et du Coronavirus.<\/p>\n\n\n\n<p>Par ailleurs, faisant remarquer que les mesures de pr\u00e9ventions sont les m\u00eames qui sont observ\u00e9s dans la pand\u00e9mie du Covid 19,&nbsp;&nbsp;la directrice de la pr\u00e9vention au minist\u00e8re de la Sant\u00e9 a&nbsp;soulign\u00e9 \u00ab\u00a0l&rsquo;importance de respecter les mesures de pr\u00e9vention, notamment le lavage r\u00e9gulier des mains \u00e0 l&rsquo;eau et au savon, l&rsquo;utilisation d&rsquo;une solution hydro- alcoolique, le port du masque de protection, et la distanciation physique\u00a0\u00bb, faisant remarquer au passage que \u00ab\u00a0le respect, l&rsquo;ann\u00e9e derni\u00e8re, du protocole sanitaire a donn\u00e9 lieu \u00e0 un recul notable en termes de personnes infect\u00e9es par la grippe saisonni\u00e8re, dont les enfants\u00a0\u00bb, expliquant, par ailleurs, le \u00ab\u00a0rel\u00e2chement et le non respect des gestes barri\u00e8res, cette ann\u00e9e, a provoqu\u00e9 une recrudescence des cas affect\u00e9s par ce virus\u00a0\u00bb.&nbsp;Mme Samia Hammadi a enfin rappel\u00e9 que la vaccination est gratuite dans tous les \u00e9tablissements hospitaliers publics y compris les polycliniques, , relevant la possibilit\u00e9 de l&rsquo;acqu\u00e9rir au niveau des officines, d&rsquo;autant qu&rsquo;il est remboursable par la Caisse nationale des assurance sociales (CNAS) pour les personnes assur\u00e9es.&nbsp;<\/p>\n\n\n\n<p><strong>Akli Amor<\/strong><\/p>\n","protected":false},"excerpt":{"rendered":"<p>La campagne nationale de vaccination contre la grippe saisonni\u00e8re a \u00e9t\u00e9 lanc\u00e9e hier par le minist\u00e8re de la Sant\u00e9 a<\/p>\n","protected":false},"author":3,"featured_media":14305,"comment_status":"open","ping_status":"closed","sticky":false,"template":"","format":"standard","meta":{"colormag_page_container_layout":"default_layout","colormag_page_sidebar_layout":"default_layout","om_disable_all_campaigns":false,"_monsterinsights_skip_tracking":false,"_monsterinsights_sitenote_active":false,"_monsterinsights_sitenote_note":"","_monsterinsights_sitenote_category":0,"footnotes":"","_wpscppro_dont_share_socialmedia":false,"_wpscppro_custom_social_share_image":0,"_facebook_share_type":"","_twitter_share_type":"","_linkedin_share_type":"","_pinterest_share_type":"","_linkedin_share_type_page":"","_instagram_share_type":"","_medium_share_type":"","_threads_share_type":"","_google_business_share_type":"","_selected_social_profile":[],"_wpsp_enable_custom_social_template":false,"_wpsp_social_scheduling":{"enabled":false,"datetime":null,"platforms":[],"status":"template_only","dateOption":"today","timeOption":"now","customDays":"","customHours":"","customDate":"","customTime":"","schedulingType":"absolute"},"_wpsp_active_default_template":true},"categories":[52,27],"tags":[],"class_list":["post-14304","post","type-post","status-publish","format-standard","has-post-thumbnail","hentry","category-a-la-une","category-actualite"],"aioseo_notices":[],"yoast_head":"<!-- This site is optimized with the Yoast SEO plugin v27.5 - https:\/\/yoast.com\/product\/yoast-seo-wordpress\/ -->\n<title>Campagne nationale de vaccination contre la grippe : 2 millions de doses mobilis\u00e9es - La Sentinelle<\/title>\n<meta name=\"robots\" content=\"index, follow, max-snippet:-1, max-image-preview:large, max-video-preview:-1\" \/>\n<link rel=\"canonical\" href=\"https:\/\/lasentinelle.dz\/index.php\/2021\/11\/30\/campagne-nationale-de-vaccination-contre-la-grippe-2-millions-de-doses-mobilisees\/\" \/>\n<meta property=\"og:locale\" content=\"fr_FR\" \/>\n<meta property=\"og:type\" content=\"article\" \/>\n<meta property=\"og:title\" content=\"Campagne nationale de vaccination contre la grippe : 2 millions de doses mobilis\u00e9es - La Sentinelle\" \/>\n<meta property=\"og:description\" content=\"La campagne nationale de vaccination contre la grippe saisonni\u00e8re a \u00e9t\u00e9 lanc\u00e9e hier par le minist\u00e8re de la Sant\u00e9 a\" \/>\n<meta property=\"og:url\" content=\"https:\/\/lasentinelle.dz\/index.php\/2021\/11\/30\/campagne-nationale-de-vaccination-contre-la-grippe-2-millions-de-doses-mobilisees\/\" \/>\n<meta property=\"og:site_name\" content=\"La Sentinelle\" \/>\n<meta property=\"article:publisher\" content=\"https:\/\/www.facebook.com\/La-Sentinelle-104059864394773\" \/>\n<meta property=\"article:published_time\" content=\"2021-11-29T23:05:00+00:00\" \/>\n<meta property=\"og:image\" content=\"https:\/\/lasentinelle.dz\/wp-content\/uploads\/2021\/11\/vaccination.png\" \/>\n\t<meta property=\"og:image:width\" content=\"1593\" \/>\n\t<meta property=\"og:image:height\" content=\"900\" \/>\n\t<meta property=\"og:image:type\" content=\"image\/png\" \/>\n<meta name=\"author\" content=\"La Sentinelle\" \/>\n<meta name=\"twitter:card\" content=\"summary_large_image\" \/>\n<meta name=\"twitter:label1\" content=\"\u00c9crit par\" \/>\n\t<meta name=\"twitter:data1\" content=\"La Sentinelle\" \/>\n\t<meta name=\"twitter:label2\" content=\"Dur\u00e9e de lecture estim\u00e9e\" \/>\n\t<meta name=\"twitter:data2\" content=\"2 minutes\" \/>\n<script type=\"application\/ld+json\" class=\"yoast-schema-graph\">{\"@context\":\"https:\\\/\\\/schema.org\",\"@graph\":[{\"@type\":\"Article\",\"@id\":\"https:\\\/\\\/lasentinelle.dz\\\/index.php\\\/2021\\\/11\\\/30\\\/campagne-nationale-de-vaccination-contre-la-grippe-2-millions-de-doses-mobilisees\\\/#article\",\"isPartOf\":{\"@id\":\"https:\\\/\\\/lasentinelle.dz\\\/index.php\\\/2021\\\/11\\\/30\\\/campagne-nationale-de-vaccination-contre-la-grippe-2-millions-de-doses-mobilisees\\\/\"},\"author\":{\"name\":\"La Sentinelle\",\"@id\":\"https:\\\/\\\/lasentinelle.dz\\\/#\\\/schema\\\/person\\\/d865044e22e70a75174ce8bcad3acfb3\"},\"headline\":\"Campagne nationale de vaccination contre la grippe : 2 millions de doses mobilis\u00e9es\",\"datePublished\":\"2021-11-29T23:05:00+00:00\",\"mainEntityOfPage\":{\"@id\":\"https:\\\/\\\/lasentinelle.dz\\\/index.php\\\/2021\\\/11\\\/30\\\/campagne-nationale-de-vaccination-contre-la-grippe-2-millions-de-doses-mobilisees\\\/\"},\"wordCount\":534,\"commentCount\":0,\"publisher\":{\"@id\":\"https:\\\/\\\/lasentinelle.dz\\\/#organization\"},\"image\":{\"@id\":\"https:\\\/\\\/lasentinelle.dz\\\/index.php\\\/2021\\\/11\\\/30\\\/campagne-nationale-de-vaccination-contre-la-grippe-2-millions-de-doses-mobilisees\\\/#primaryimage\"},\"thumbnailUrl\":\"https:\\\/\\\/lasentinelle.dz\\\/wp-content\\\/uploads\\\/2021\\\/11\\\/vaccination.png\",\"articleSection\":[\"\u00c0 la Une\",\"Actualit\u00e9\"],\"inLanguage\":\"fr-FR\",\"potentialAction\":[{\"@type\":\"CommentAction\",\"name\":\"Comment\",\"target\":[\"https:\\\/\\\/lasentinelle.dz\\\/index.php\\\/2021\\\/11\\\/30\\\/campagne-nationale-de-vaccination-contre-la-grippe-2-millions-de-doses-mobilisees\\\/#respond\"]}]},{\"@type\":\"WebPage\",\"@id\":\"https:\\\/\\\/lasentinelle.dz\\\/index.php\\\/2021\\\/11\\\/30\\\/campagne-nationale-de-vaccination-contre-la-grippe-2-millions-de-doses-mobilisees\\\/\",\"url\":\"https:\\\/\\\/lasentinelle.dz\\\/index.php\\\/2021\\\/11\\\/30\\\/campagne-nationale-de-vaccination-contre-la-grippe-2-millions-de-doses-mobilisees\\\/\",\"name\":\"Campagne nationale de vaccination contre la grippe : 2 millions de doses mobilis\u00e9es - La Sentinelle\",\"isPartOf\":{\"@id\":\"https:\\\/\\\/lasentinelle.dz\\\/#website\"},\"primaryImageOfPage\":{\"@id\":\"https:\\\/\\\/lasentinelle.dz\\\/index.php\\\/2021\\\/11\\\/30\\\/campagne-nationale-de-vaccination-contre-la-grippe-2-millions-de-doses-mobilisees\\\/#primaryimage\"},\"image\":{\"@id\":\"https:\\\/\\\/lasentinelle.dz\\\/index.php\\\/2021\\\/11\\\/30\\\/campagne-nationale-de-vaccination-contre-la-grippe-2-millions-de-doses-mobilisees\\\/#primaryimage\"},\"thumbnailUrl\":\"https:\\\/\\\/lasentinelle.dz\\\/wp-content\\\/uploads\\\/2021\\\/11\\\/vaccination.png\",\"datePublished\":\"2021-11-29T23:05:00+00:00\",\"breadcrumb\":{\"@id\":\"https:\\\/\\\/lasentinelle.dz\\\/index.php\\\/2021\\\/11\\\/30\\\/campagne-nationale-de-vaccination-contre-la-grippe-2-millions-de-doses-mobilisees\\\/#breadcrumb\"},\"inLanguage\":\"fr-FR\",\"potentialAction\":[{\"@type\":\"ReadAction\",\"target\":[\"https:\\\/\\\/lasentinelle.dz\\\/index.php\\\/2021\\\/11\\\/30\\\/campagne-nationale-de-vaccination-contre-la-grippe-2-millions-de-doses-mobilisees\\\/\"]}]},{\"@type\":\"ImageObject\",\"inLanguage\":\"fr-FR\",\"@id\":\"https:\\\/\\\/lasentinelle.dz\\\/index.php\\\/2021\\\/11\\\/30\\\/campagne-nationale-de-vaccination-contre-la-grippe-2-millions-de-doses-mobilisees\\\/#primaryimage\",\"url\":\"https:\\\/\\\/lasentinelle.dz\\\/wp-content\\\/uploads\\\/2021\\\/11\\\/vaccination.png\",\"contentUrl\":\"https:\\\/\\\/lasentinelle.dz\\\/wp-content\\\/uploads\\\/2021\\\/11\\\/vaccination.png\",\"width\":1593,\"height\":900},{\"@type\":\"BreadcrumbList\",\"@id\":\"https:\\\/\\\/lasentinelle.dz\\\/index.php\\\/2021\\\/11\\\/30\\\/campagne-nationale-de-vaccination-contre-la-grippe-2-millions-de-doses-mobilisees\\\/#breadcrumb\",\"itemListElement\":[{\"@type\":\"ListItem\",\"position\":1,\"name\":\"Accueil\",\"item\":\"https:\\\/\\\/lasentinelle.dz\\\/\"},{\"@type\":\"ListItem\",\"position\":2,\"name\":\"Campagne nationale de vaccination contre la grippe : 2 millions de doses mobilis\u00e9es\"}]},{\"@type\":\"WebSite\",\"@id\":\"https:\\\/\\\/lasentinelle.dz\\\/#website\",\"url\":\"https:\\\/\\\/lasentinelle.dz\\\/\",\"name\":\"La Sentinelle\",\"description\":\"Quotidien national d&#039;information\",\"publisher\":{\"@id\":\"https:\\\/\\\/lasentinelle.dz\\\/#organization\"},\"potentialAction\":[{\"@type\":\"SearchAction\",\"target\":{\"@type\":\"EntryPoint\",\"urlTemplate\":\"https:\\\/\\\/lasentinelle.dz\\\/?s={search_term_string}\"},\"query-input\":{\"@type\":\"PropertyValueSpecification\",\"valueRequired\":true,\"valueName\":\"search_term_string\"}}],\"inLanguage\":\"fr-FR\"},{\"@type\":\"Organization\",\"@id\":\"https:\\\/\\\/lasentinelle.dz\\\/#organization\",\"name\":\"Quotidien La Sentinelle\",\"url\":\"https:\\\/\\\/lasentinelle.dz\\\/\",\"logo\":{\"@type\":\"ImageObject\",\"inLanguage\":\"fr-FR\",\"@id\":\"https:\\\/\\\/lasentinelle.dz\\\/#\\\/schema\\\/logo\\\/image\\\/\",\"url\":\"https:\\\/\\\/lasentinelle.dz\\\/wp-content\\\/uploads\\\/2021\\\/09\\\/logo-sentinelleSLOGAN-1.png\",\"contentUrl\":\"https:\\\/\\\/lasentinelle.dz\\\/wp-content\\\/uploads\\\/2021\\\/09\\\/logo-sentinelleSLOGAN-1.png\",\"width\":615,\"height\":142,\"caption\":\"Quotidien La Sentinelle\"},\"image\":{\"@id\":\"https:\\\/\\\/lasentinelle.dz\\\/#\\\/schema\\\/logo\\\/image\\\/\"},\"sameAs\":[\"https:\\\/\\\/www.facebook.com\\\/La-Sentinelle-104059864394773\"]},{\"@type\":\"Person\",\"@id\":\"https:\\\/\\\/lasentinelle.dz\\\/#\\\/schema\\\/person\\\/d865044e22e70a75174ce8bcad3acfb3\",\"name\":\"La Sentinelle\",\"image\":{\"@type\":\"ImageObject\",\"inLanguage\":\"fr-FR\",\"@id\":\"https:\\\/\\\/secure.gravatar.com\\\/avatar\\\/57de8e5d4b15d43fb361a71fbb36338450fe67865b528a43dd10ef7c51a20392?s=96&d=mm&r=g\",\"url\":\"https:\\\/\\\/secure.gravatar.com\\\/avatar\\\/57de8e5d4b15d43fb361a71fbb36338450fe67865b528a43dd10ef7c51a20392?s=96&d=mm&r=g\",\"contentUrl\":\"https:\\\/\\\/secure.gravatar.com\\\/avatar\\\/57de8e5d4b15d43fb361a71fbb36338450fe67865b528a43dd10ef7c51a20392?s=96&d=mm&r=g\",\"caption\":\"La Sentinelle\"},\"sameAs\":[\"http:\\\/\\\/www.lasentinelle.dz\"],\"url\":\"https:\\\/\\\/lasentinelle.dz\\\/author\\\/redaction\\\/\"}]}<\/script>\n<!-- \/ Yoast SEO plugin. -->","yoast_head_json":{"title":"Campagne nationale de vaccination contre la grippe : 2 millions de doses mobilis\u00e9es - La Sentinelle","robots":{"index":"index","follow":"follow","max-snippet":"max-snippet:-1","max-image-preview":"max-image-preview:large","max-video-preview":"max-video-preview:-1"},"canonical":"https:\/\/lasentinelle.dz\/index.php\/2021\/11\/30\/campagne-nationale-de-vaccination-contre-la-grippe-2-millions-de-doses-mobilisees\/","og_locale":"fr_FR","og_type":"article","og_title":"Campagne nationale de vaccination contre la grippe : 2 millions de doses mobilis\u00e9es - La Sentinelle","og_description":"La campagne nationale de vaccination contre la grippe saisonni\u00e8re a \u00e9t\u00e9 lanc\u00e9e hier par le minist\u00e8re de la Sant\u00e9 a","og_url":"https:\/\/lasentinelle.dz\/index.php\/2021\/11\/30\/campagne-nationale-de-vaccination-contre-la-grippe-2-millions-de-doses-mobilisees\/","og_site_name":"La Sentinelle","article_publisher":"https:\/\/www.facebook.com\/La-Sentinelle-104059864394773","article_published_time":"2021-11-29T23:05:00+00:00","og_image":[{"width":1593,"height":900,"url":"https:\/\/lasentinelle.dz\/wp-content\/uploads\/2021\/11\/vaccination.png","type":"image\/png"}],"author":"La Sentinelle","twitter_card":"summary_large_image","twitter_misc":{"\u00c9crit par":"La Sentinelle","Dur\u00e9e de lecture estim\u00e9e":"2 minutes"},"schema":{"@context":"https:\/\/schema.org","@graph":[{"@type":"Article","@id":"https:\/\/lasentinelle.dz\/index.php\/2021\/11\/30\/campagne-nationale-de-vaccination-contre-la-grippe-2-millions-de-doses-mobilisees\/#article","isPartOf":{"@id":"https:\/\/lasentinelle.dz\/index.php\/2021\/11\/30\/campagne-nationale-de-vaccination-contre-la-grippe-2-millions-de-doses-mobilisees\/"},"author":{"name":"La Sentinelle","@id":"https:\/\/lasentinelle.dz\/#\/schema\/person\/d865044e22e70a75174ce8bcad3acfb3"},"headline":"Campagne nationale de vaccination contre la grippe : 2 millions de doses mobilis\u00e9es","datePublished":"2021-11-29T23:05:00+00:00","mainEntityOfPage":{"@id":"https:\/\/lasentinelle.dz\/index.php\/2021\/11\/30\/campagne-nationale-de-vaccination-contre-la-grippe-2-millions-de-doses-mobilisees\/"},"wordCount":534,"commentCount":0,"publisher":{"@id":"https:\/\/lasentinelle.dz\/#organization"},"image":{"@id":"https:\/\/lasentinelle.dz\/index.php\/2021\/11\/30\/campagne-nationale-de-vaccination-contre-la-grippe-2-millions-de-doses-mobilisees\/#primaryimage"},"thumbnailUrl":"https:\/\/lasentinelle.dz\/wp-content\/uploads\/2021\/11\/vaccination.png","articleSection":["\u00c0 la Une","Actualit\u00e9"],"inLanguage":"fr-FR","potentialAction":[{"@type":"CommentAction","name":"Comment","target":["https:\/\/lasentinelle.dz\/index.php\/2021\/11\/30\/campagne-nationale-de-vaccination-contre-la-grippe-2-millions-de-doses-mobilisees\/#respond"]}]},{"@type":"WebPage","@id":"https:\/\/lasentinelle.dz\/index.php\/2021\/11\/30\/campagne-nationale-de-vaccination-contre-la-grippe-2-millions-de-doses-mobilisees\/","url":"https:\/\/lasentinelle.dz\/index.php\/2021\/11\/30\/campagne-nationale-de-vaccination-contre-la-grippe-2-millions-de-doses-mobilisees\/","name":"Campagne nationale de vaccination contre la grippe : 2 millions de doses mobilis\u00e9es - La Sentinelle","isPartOf":{"@id":"https:\/\/lasentinelle.dz\/#website"},"primaryImageOfPage":{"@id":"https:\/\/lasentinelle.dz\/index.php\/2021\/11\/30\/campagne-nationale-de-vaccination-contre-la-grippe-2-millions-de-doses-mobilisees\/#primaryimage"},"image":{"@id":"https:\/\/lasentinelle.dz\/index.php\/2021\/11\/30\/campagne-nationale-de-vaccination-contre-la-grippe-2-millions-de-doses-mobilisees\/#primaryimage"},"thumbnailUrl":"https:\/\/lasentinelle.dz\/wp-content\/uploads\/2021\/11\/vaccination.png","datePublished":"2021-11-29T23:05:00+00:00","breadcrumb":{"@id":"https:\/\/lasentinelle.dz\/index.php\/2021\/11\/30\/campagne-nationale-de-vaccination-contre-la-grippe-2-millions-de-doses-mobilisees\/#breadcrumb"},"inLanguage":"fr-FR","potentialAction":[{"@type":"ReadAction","target":["https:\/\/lasentinelle.dz\/index.php\/2021\/11\/30\/campagne-nationale-de-vaccination-contre-la-grippe-2-millions-de-doses-mobilisees\/"]}]},{"@type":"ImageObject","inLanguage":"fr-FR","@id":"https:\/\/lasentinelle.dz\/index.php\/2021\/11\/30\/campagne-nationale-de-vaccination-contre-la-grippe-2-millions-de-doses-mobilisees\/#primaryimage","url":"https:\/\/lasentinelle.dz\/wp-content\/uploads\/2021\/11\/vaccination.png","contentUrl":"https:\/\/lasentinelle.dz\/wp-content\/uploads\/2021\/11\/vaccination.png","width":1593,"height":900},{"@type":"BreadcrumbList","@id":"https:\/\/lasentinelle.dz\/index.php\/2021\/11\/30\/campagne-nationale-de-vaccination-contre-la-grippe-2-millions-de-doses-mobilisees\/#breadcrumb","itemListElement":[{"@type":"ListItem","position":1,"name":"Accueil","item":"https:\/\/lasentinelle.dz\/"},{"@type":"ListItem","position":2,"name":"Campagne nationale de vaccination contre la grippe : 2 millions de doses mobilis\u00e9es"}]},{"@type":"WebSite","@id":"https:\/\/lasentinelle.dz\/#website","url":"https:\/\/lasentinelle.dz\/","name":"La Sentinelle","description":"Quotidien national d&#039;information","publisher":{"@id":"https:\/\/lasentinelle.dz\/#organization"},"potentialAction":[{"@type":"SearchAction","target":{"@type":"EntryPoint","urlTemplate":"https:\/\/lasentinelle.dz\/?s={search_term_string}"},"query-input":{"@type":"PropertyValueSpecification","valueRequired":true,"valueName":"search_term_string"}}],"inLanguage":"fr-FR"},{"@type":"Organization","@id":"https:\/\/lasentinelle.dz\/#organization","name":"Quotidien La Sentinelle","url":"https:\/\/lasentinelle.dz\/","logo":{"@type":"ImageObject","inLanguage":"fr-FR","@id":"https:\/\/lasentinelle.dz\/#\/schema\/logo\/image\/","url":"https:\/\/lasentinelle.dz\/wp-content\/uploads\/2021\/09\/logo-sentinelleSLOGAN-1.png","contentUrl":"https:\/\/lasentinelle.dz\/wp-content\/uploads\/2021\/09\/logo-sentinelleSLOGAN-1.png","width":615,"height":142,"caption":"Quotidien La Sentinelle"},"image":{"@id":"https:\/\/lasentinelle.dz\/#\/schema\/logo\/image\/"},"sameAs":["https:\/\/www.facebook.com\/La-Sentinelle-104059864394773"]},{"@type":"Person","@id":"https:\/\/lasentinelle.dz\/#\/schema\/person\/d865044e22e70a75174ce8bcad3acfb3","name":"La Sentinelle","image":{"@type":"ImageObject","inLanguage":"fr-FR","@id":"https:\/\/secure.gravatar.com\/avatar\/57de8e5d4b15d43fb361a71fbb36338450fe67865b528a43dd10ef7c51a20392?s=96&d=mm&r=g","url":"https:\/\/secure.gravatar.com\/avatar\/57de8e5d4b15d43fb361a71fbb36338450fe67865b528a43dd10ef7c51a20392?s=96&d=mm&r=g","contentUrl":"https:\/\/secure.gravatar.com\/avatar\/57de8e5d4b15d43fb361a71fbb36338450fe67865b528a43dd10ef7c51a20392?s=96&d=mm&r=g","caption":"La Sentinelle"},"sameAs":["http:\/\/www.lasentinelle.dz"],"url":"https:\/\/lasentinelle.dz\/author\/redaction\/"}]}},"_links":{"self":[{"href":"https:\/\/lasentinelle.dz\/index.php\/wp-json\/wp\/v2\/posts\/14304","targetHints":{"allow":["GET"]}}],"collection":[{"href":"https:\/\/lasentinelle.dz\/index.php\/wp-json\/wp\/v2\/posts"}],"about":[{"href":"https:\/\/lasentinelle.dz\/index.php\/wp-json\/wp\/v2\/types\/post"}],"author":[{"embeddable":true,"href":"https:\/\/lasentinelle.dz\/index.php\/wp-json\/wp\/v2\/users\/3"}],"replies":[{"embeddable":true,"href":"https:\/\/lasentinelle.dz\/index.php\/wp-json\/wp\/v2\/comments?post=14304"}],"version-history":[{"count":1,"href":"https:\/\/lasentinelle.dz\/index.php\/wp-json\/wp\/v2\/posts\/14304\/revisions"}],"predecessor-version":[{"id":14306,"href":"https:\/\/lasentinelle.dz\/index.php\/wp-json\/wp\/v2\/posts\/14304\/revisions\/14306"}],"wp:featuredmedia":[{"embeddable":true,"href":"https:\/\/lasentinelle.dz\/index.php\/wp-json\/wp\/v2\/media\/14305"}],"wp:attachment":[{"href":"https:\/\/lasentinelle.dz\/index.php\/wp-json\/wp\/v2\/media?parent=14304"}],"wp:term":[{"taxonomy":"category","embeddable":true,"href":"https:\/\/lasentinelle.dz\/index.php\/wp-json\/wp\/v2\/categories?post=14304"},{"taxonomy":"post_tag","embeddable":true,"href":"https:\/\/lasentinelle.dz\/index.php\/wp-json\/wp\/v2\/tags?post=14304"}],"curies":[{"name":"wp","href":"https:\/\/api.w.org\/{rel}","templated":true}]}}