{"id":14310,"date":"2021-11-30T00:01:00","date_gmt":"2021-11-29T23:01:00","guid":{"rendered":"https:\/\/lasentinelle.dz\/?p=14310"},"modified":"2021-11-29T20:02:17","modified_gmt":"2021-11-29T19:02:17","slug":"des-manifestations-dans-36-villes-du-royaume-les-marocains-disent-non-a-la-normalisation","status":"publish","type":"post","link":"https:\/\/lasentinelle.dz\/index.php\/2021\/11\/30\/des-manifestations-dans-36-villes-du-royaume-les-marocains-disent-non-a-la-normalisation\/","title":{"rendered":"Des manifestations dans 36 villes du royaume : Les Marocains disent non \u00e0 la normalisation"},"content":{"rendered":"\n<p>Les Marocains sont descendus dans la rue hier dans 36 villes du pays pour exprimer leur soutien aux Palestiniens \u00e0 l\u2019occasion de la Journ\u00e9e internationale de solidarit\u00e9 avec la Palestine. Des manifestations qui ont \u00e9t\u00e9 violemment r\u00e9prim\u00e9s par le r\u00e9gime du Makhzen, tout comme les manifestations qui se tiennent chaque soir depuis une semaine dans les diff\u00e9rentes villes du Maroc.&nbsp;La visite&nbsp;&nbsp;le mercredi pass\u00e9 du ministre de la d\u00e9fense de l\u2019entit\u00e9 sioniste au Maroc, a mis le feu&nbsp;&nbsp;aux poudres&nbsp;&nbsp;dans pratiquement toutes les villes du royaume o\u00f9&nbsp;les citoyens cessent d\u2019investir les rues, exprimant \u00e0 la fois, leur refus de toute sorte de normalisation avec l\u2019entit\u00e9 sioniste mais aussi le rejet de l\u2019installation d\u2019une base militaire Isra\u00e9lienne dans la r\u00e9gion de Nador o\u00f9&nbsp;les manifestations \u00e9taient d\u2019une grande ampleur.&nbsp;Les Marocains rejettent l\u2019id\u00e9e de voir le Maroc s\u2019offrir pour devenir une base arri\u00e8re de l\u2019entit\u00e9 sioniste en Afrique.&nbsp;&nbsp;Le Front&nbsp;marocain de soutien \u00e0 la cause&nbsp;palestinienne et oppos\u00e9 \u00e0 la politique de normalisation avec l\u2019entit\u00e9 sioniste, a annonc\u00e9 la tenue de rassemblements de protestations pour la journ\u00e9e d\u2019hier \u00e0 travers 36 villes du royaume, pour d\u00e9noncer la visite mercredi pass\u00e9, du ministre de la d\u00e9fense de l\u2019entit\u00e9 sioniste Benny Gantz,&nbsp;&nbsp;au Maroc et le rejet de cette politique de normalisation avec Isra\u00ebl men\u00e9e par le Makhzen.<\/p>\n\n\n\n<p>Dans une d\u00e9claration&nbsp;&nbsp;&nbsp;le Front&nbsp;marocain pour la Palestine a indiqu\u00e9 que \u00ab les rassemblements de protestations auxquels ont appel\u00e9s les diff\u00e9rentes sections de l\u2019organisation, seront tenus \u00e0 des heures diff\u00e9rentes, selon les villes soit \u00e0 16h soit \u00e019h et ce \u00e0 l\u2019occasion de la journ\u00e9e internationale de solidarit\u00e9 avec la Palestine&nbsp;&nbsp;qui co\u00efncide avec le 29 novembre de chaque ann\u00e9e \u00bb.<\/p>\n\n\n\n<p>Cette Organisation, a d\u00e9cid\u00e9 de la tenue d\u2019un autre rassemblement devant le Parlement sis dans la capitale Rabat malgr\u00e9 la r\u00e9pression qui s\u2019\u00e9tait abattue contre les citoyens qui se sont rassembl\u00e9s devant cette institution.<\/p>\n\n\n\n<p>Parmi les villes choisies pour l\u2019organisation, l\u2019on retient Rabat, Marrakech, Meknes, Casablanca, F\u00e8s, Agadir, Taroudant, Beni Mellal, Taza, T\u00e9touan,&nbsp;Oujda, Tanger, Mohamedia, Khenfira, Sidi Kacem et Khemissat.&nbsp;Cette organisation a tenu \u00e0 r\u00e9it\u00e9rer le soutien du peuple&nbsp;marocain \u00e0 la cause&nbsp;palestinienne promettant de \u00ab ne jamais accepter la normalisation \u00bb.Il est indiqu\u00e9 dans ce document que \u00ab l\u2019objectif de tous ces rassemblements, \u00e0 travers l\u2019ensemble du territoire national, c\u2019est d\u2019exprimer le soutien du peuple Marocain au peuple Palestinien et la d\u00e9nonciation du feuilleton&nbsp;&nbsp;de normalisation&nbsp;&nbsp;avec les sionistes \u00bb, ajoutant que \u00ab nous \u00e9valuons&nbsp;&nbsp;en ce moment les difficult\u00e9s dont fait face le peuple Palestinien que ce soit \u00e0 l\u2019\u00e9chelle internationale ou au niveau arabe, dans un contexte marqu\u00e9 par des alliances entre sionistes et les imp\u00e9rialistes appuy\u00e9s par ses collaborateurs locaux en vue de faire taire cette cause via des contrats d\u00e9voil\u00e9s apr\u00e8s avoir \u00e9t\u00e9 cach\u00e9s des d\u00e9cennies durant \u00bb.&nbsp;Cette col\u00e8re ne se limite cependant pas aux seuls rejets contre la normalisation et la visite de Benny Gantz au Maroc, mais elle d\u00e9borde sur des questions d\u2019ordres politiques, ayant trait au respect des droits de l\u2019homme et des libert\u00e9s dans le royaume.<\/p>\n\n\n\n<p><strong>La situation des droits de l\u2019Homme critiqu\u00e9e<\/strong><\/p>\n\n\n\n<p>C\u2019est ce qui ressort en effet, de la d\u00e9claration de la pr\u00e9sidente de l\u2019association&nbsp;marocaine \u00ab Adala \u00bb, Djamila Sayouri,&nbsp;&nbsp;qui a critiqu\u00e9 la situation des droits de l\u2019homme dans son pays d\u00e9non\u00e7ant la r\u00e9pression qui s\u2019est abattue sur les manifestants comme a \u00e9t\u00e9 rapport\u00e9 par les m\u00e9dias locaux.&nbsp;Dans son nouveau rapport, la pr\u00e9sident de l\u2019association \u00ab Adala \u00bb pour le droit \u00e0 un proc\u00e8s \u00e9quitable&nbsp;a indiqu\u00e9 qu\u2019 \u00ab il&nbsp;&nbsp;a \u00e9t\u00e9 constat\u00e9 que depuis 2017, le Maroc n\u2019a pas progress\u00e9 dans les libert\u00e9s \u00bb,&nbsp;d\u00e9non\u00e7ant la mani\u00e8re avec laquelle les manifestations ont \u00e9t\u00e9 r\u00e9prim\u00e9es et l\u2019usage excessif de la force pour disperser les manifestants dans un certain nombre de villes.&nbsp;Outre l\u2019usage excessif de la force, Mme Djamila Sayouri a \u00e9galement d\u00e9plor\u00e9 les difficult\u00e9s&nbsp;&nbsp;que rencontrent les associations&nbsp;&nbsp;dans leurs d\u00e9marches juridiques pour obtenir des agr\u00e9ments et autorisations d\u00e9finitives ou temporaires, leur permettant d\u2019exercer leurs activit\u00e9s dans la l\u00e9galit\u00e9.&nbsp;Elle ajoute dans le m\u00eame sillage qu\u2019 \u00ab il n\u2019ya aucun progr\u00e8s dans l\u2019\u00e9tablissement d\u2019un cadre l\u00e9gislatif global qui garantit les libert\u00e9s et les droits \u00bb, et d\u2019ajouter \u00ab il n\u2019ya rien de nouveau dans l\u2019avancement des libert\u00e9s \u00bb.&nbsp;Des vid\u00e9os ont \u00e9galement circul\u00e9s hier, montrant des citoyens se rassembl\u00e9s \u00e0 travers les villes du Maroc, d\u00e9non\u00e7ant la normalisation et la signature d\u2019accords sign\u00e9 entre le r\u00e9gime Marocain et l\u2019entit\u00e9 sioniste.&nbsp;Dans la ville de F\u00e8s, des images qui ont circul\u00e9 en fin d\u2019apr\u00e8s midi d\u2019hier, montrent des manifestants scander des mots d\u2019ordre hostiles \u00e0 cette normalisation scandant \u00e0 tue t\u00eate&nbsp;&nbsp;\u00ab Pouvoir Marocain l\u00e2che, nous sommes contre la normalisation avec Isra\u00ebl \u00bb.&nbsp;Dans une autre ville du royaume, ce sont des \u00e9coliers qui ont investi les rues, d\u00e9non\u00e7ant la tenue d\u2019examen commun d\u00e9cid\u00e9 par les responsables de l\u2019\u00e9ducation.&nbsp;Plusieurs autres vid\u00e9os circulent \u00e9galement sur les r\u00e9seaux sociaux, pour montrant toutes, la col\u00e8re des citoyens oppos\u00e9s \u00e0 la normalisation mais aussi d\u00e9non\u00e7ant les descentes punitives lanc\u00e9es contre des manifestants pacifiques.&nbsp;Dans la soir\u00e9e de&nbsp;&nbsp;dimanche pass\u00e9, les forces de s\u00e9curit\u00e9s du r\u00e9gime&nbsp;marocain, ont proc\u00e9d\u00e9 \u00e0 l\u2019emp\u00eachement d\u2019un sit-in populaire qui devait se tenir devant le si\u00e8ge du Parlement Marocain dans la capitale Rabat, auquel avait appel\u00e9 le groupe d\u2019Action pour la Palestine en solidarit\u00e9 avec le peuple Palestinien \u00e0 l\u2019occasion de la journ\u00e9e internationale de solidarit\u00e9 avec le peuple Palestinien.&nbsp;C\u2019est ce qu\u2019a r\u00e9v\u00e9l\u00e9 le pr\u00e9sident de l\u2019Observatoire Marocain contre la normalisation avec l\u2019entit\u00e9 sioniste, Ahmed Ouihmane, indiquant que \u00ab les forces de l\u2019ordre marocaines, ont emp\u00each\u00e9 par la force, ce sit-in populaire de solidarit\u00e9 avec la Palestine, sous le slogan \u2018avec la r\u00e9sistance\u2026.contre la normalisation avec les sionistes\u2019 \u00bb.&nbsp;&nbsp;&nbsp;Les membres du groupe Action pour la Palestine, devaient animer hier une conf\u00e9rence de presse \u00e0 travers laquelle ils comptent d\u00e9voiler les raisons de cette interdiction dont a fait l\u2019objet ce sit-in du dimanche soir en plus des dangers que repr\u00e9sente la normalisation avec l\u2019entit\u00e9 sioniste notamment apr\u00e8s la signature d\u2019accords s\u00e9curitaires entre Rabat et l\u2019entit\u00e9 sioniste en r\u00e9affirmant au cours de cette rencontre avec les m\u00e9dias, le soutien du peuple Marocain \u00e0 la cause Palestinienne.&nbsp;Dans tous les cas, les cris de col\u00e8re d\u00e9non\u00e7ant \u00e0 la fois la politique du Makhzen envers l\u2019entit\u00e9 sioniste \u00e0 laquelle se greffe les d\u00e9nonciations d\u2019atteintes aux droits humains et de la tentative de l\u2019instauration du pass sanitaire obligatoire ainsi que d\u2019autres revendications socio professionnelles comme celles des enseignants contractuels qui demandent un statut de fonctionnaire, l\u2019on pourra dire que le r\u00e9gime marocain est d\u00e9sormais sur une v\u00e9ritable poudri\u00e8re.<\/p>\n\n\n\n<p><strong>Boubekeu<\/strong><strong>r&nbsp;Amrani<\/strong><\/p>\n","protected":false},"excerpt":{"rendered":"<p>Les Marocains sont descendus dans la rue hier dans 36 villes du pays pour exprimer leur soutien aux Palestiniens \u00e0<\/p>\n","protected":false},"author":3,"featured_media":14311,"comment_status":"open","ping_status":"closed","sticky":false,"template":"","format":"standard","meta":{"colormag_page_container_layout":"default_layout","colormag_page_sidebar_layout":"default_layout","om_disable_all_campaigns":false,"_monsterinsights_skip_tracking":false,"_monsterinsights_sitenote_active":false,"_monsterinsights_sitenote_note":"","_monsterinsights_sitenote_category":0,"footnotes":"","_wpscppro_dont_share_socialmedia":false,"_wpscppro_custom_social_share_image":0,"_facebook_share_type":"","_twitter_share_type":"","_linkedin_share_type":"","_pinterest_share_type":"","_linkedin_share_type_page":"","_instagram_share_type":"","_medium_share_type":"","_threads_share_type":"","_google_business_share_type":"","_selected_social_profile":[],"_wpsp_enable_custom_social_template":false,"_wpsp_social_scheduling":{"enabled":false,"datetime":null,"platforms":[],"status":"template_only","dateOption":"today","timeOption":"now","customDays":"","customHours":"","customDate":"","customTime":"","schedulingType":"absolute"},"_wpsp_active_default_template":true},"categories":[27],"tags":[],"class_list":["post-14310","post","type-post","status-publish","format-standard","has-post-thumbnail","hentry","category-actualite"],"aioseo_notices":[],"yoast_head":"<!-- This site is optimized with the Yoast SEO plugin v27.5 - https:\/\/yoast.com\/product\/yoast-seo-wordpress\/ -->\n<title>Des manifestations dans 36 villes du royaume : Les Marocains disent non \u00e0 la normalisation - La Sentinelle<\/title>\n<meta name=\"robots\" content=\"index, follow, max-snippet:-1, max-image-preview:large, max-video-preview:-1\" \/>\n<link rel=\"canonical\" href=\"https:\/\/lasentinelle.dz\/index.php\/2021\/11\/30\/des-manifestations-dans-36-villes-du-royaume-les-marocains-disent-non-a-la-normalisation\/\" \/>\n<meta property=\"og:locale\" content=\"fr_FR\" \/>\n<meta property=\"og:type\" content=\"article\" \/>\n<meta property=\"og:title\" content=\"Des manifestations dans 36 villes du royaume : Les Marocains disent non \u00e0 la normalisation - La Sentinelle\" \/>\n<meta property=\"og:description\" content=\"Les Marocains sont descendus dans la rue hier dans 36 villes du pays pour exprimer leur soutien aux Palestiniens \u00e0\" \/>\n<meta property=\"og:url\" content=\"https:\/\/lasentinelle.dz\/index.php\/2021\/11\/30\/des-manifestations-dans-36-villes-du-royaume-les-marocains-disent-non-a-la-normalisation\/\" \/>\n<meta property=\"og:site_name\" content=\"La Sentinelle\" \/>\n<meta property=\"article:publisher\" content=\"https:\/\/www.facebook.com\/La-Sentinelle-104059864394773\" \/>\n<meta property=\"article:published_time\" content=\"2021-11-29T23:01:00+00:00\" \/>\n<meta property=\"og:image\" content=\"https:\/\/lasentinelle.dz\/wp-content\/uploads\/2021\/11\/54-1.jpg\" \/>\n\t<meta property=\"og:image:width\" content=\"1200\" \/>\n\t<meta property=\"og:image:height\" content=\"700\" \/>\n\t<meta property=\"og:image:type\" content=\"image\/jpeg\" \/>\n<meta name=\"author\" content=\"La Sentinelle\" \/>\n<meta name=\"twitter:card\" content=\"summary_large_image\" \/>\n<meta name=\"twitter:label1\" content=\"\u00c9crit par\" \/>\n\t<meta name=\"twitter:data1\" content=\"La Sentinelle\" \/>\n\t<meta name=\"twitter:label2\" content=\"Dur\u00e9e de lecture estim\u00e9e\" \/>\n\t<meta name=\"twitter:data2\" content=\"5 minutes\" \/>\n<script type=\"application\/ld+json\" class=\"yoast-schema-graph\">{\"@context\":\"https:\\\/\\\/schema.org\",\"@graph\":[{\"@type\":\"Article\",\"@id\":\"https:\\\/\\\/lasentinelle.dz\\\/index.php\\\/2021\\\/11\\\/30\\\/des-manifestations-dans-36-villes-du-royaume-les-marocains-disent-non-a-la-normalisation\\\/#article\",\"isPartOf\":{\"@id\":\"https:\\\/\\\/lasentinelle.dz\\\/index.php\\\/2021\\\/11\\\/30\\\/des-manifestations-dans-36-villes-du-royaume-les-marocains-disent-non-a-la-normalisation\\\/\"},\"author\":{\"name\":\"La Sentinelle\",\"@id\":\"https:\\\/\\\/lasentinelle.dz\\\/#\\\/schema\\\/person\\\/d865044e22e70a75174ce8bcad3acfb3\"},\"headline\":\"Des manifestations dans 36 villes du royaume : Les Marocains disent non \u00e0 la normalisation\",\"datePublished\":\"2021-11-29T23:01:00+00:00\",\"mainEntityOfPage\":{\"@id\":\"https:\\\/\\\/lasentinelle.dz\\\/index.php\\\/2021\\\/11\\\/30\\\/des-manifestations-dans-36-villes-du-royaume-les-marocains-disent-non-a-la-normalisation\\\/\"},\"wordCount\":1310,\"commentCount\":0,\"publisher\":{\"@id\":\"https:\\\/\\\/lasentinelle.dz\\\/#organization\"},\"image\":{\"@id\":\"https:\\\/\\\/lasentinelle.dz\\\/index.php\\\/2021\\\/11\\\/30\\\/des-manifestations-dans-36-villes-du-royaume-les-marocains-disent-non-a-la-normalisation\\\/#primaryimage\"},\"thumbnailUrl\":\"https:\\\/\\\/lasentinelle.dz\\\/wp-content\\\/uploads\\\/2021\\\/11\\\/54-1.jpg\",\"articleSection\":[\"Actualit\u00e9\"],\"inLanguage\":\"fr-FR\",\"potentialAction\":[{\"@type\":\"CommentAction\",\"name\":\"Comment\",\"target\":[\"https:\\\/\\\/lasentinelle.dz\\\/index.php\\\/2021\\\/11\\\/30\\\/des-manifestations-dans-36-villes-du-royaume-les-marocains-disent-non-a-la-normalisation\\\/#respond\"]}]},{\"@type\":\"WebPage\",\"@id\":\"https:\\\/\\\/lasentinelle.dz\\\/index.php\\\/2021\\\/11\\\/30\\\/des-manifestations-dans-36-villes-du-royaume-les-marocains-disent-non-a-la-normalisation\\\/\",\"url\":\"https:\\\/\\\/lasentinelle.dz\\\/index.php\\\/2021\\\/11\\\/30\\\/des-manifestations-dans-36-villes-du-royaume-les-marocains-disent-non-a-la-normalisation\\\/\",\"name\":\"Des manifestations dans 36 villes du royaume : Les Marocains disent non \u00e0 la normalisation - La Sentinelle\",\"isPartOf\":{\"@id\":\"https:\\\/\\\/lasentinelle.dz\\\/#website\"},\"primaryImageOfPage\":{\"@id\":\"https:\\\/\\\/lasentinelle.dz\\\/index.php\\\/2021\\\/11\\\/30\\\/des-manifestations-dans-36-villes-du-royaume-les-marocains-disent-non-a-la-normalisation\\\/#primaryimage\"},\"image\":{\"@id\":\"https:\\\/\\\/lasentinelle.dz\\\/index.php\\\/2021\\\/11\\\/30\\\/des-manifestations-dans-36-villes-du-royaume-les-marocains-disent-non-a-la-normalisation\\\/#primaryimage\"},\"thumbnailUrl\":\"https:\\\/\\\/lasentinelle.dz\\\/wp-content\\\/uploads\\\/2021\\\/11\\\/54-1.jpg\",\"datePublished\":\"2021-11-29T23:01:00+00:00\",\"breadcrumb\":{\"@id\":\"https:\\\/\\\/lasentinelle.dz\\\/index.php\\\/2021\\\/11\\\/30\\\/des-manifestations-dans-36-villes-du-royaume-les-marocains-disent-non-a-la-normalisation\\\/#breadcrumb\"},\"inLanguage\":\"fr-FR\",\"potentialAction\":[{\"@type\":\"ReadAction\",\"target\":[\"https:\\\/\\\/lasentinelle.dz\\\/index.php\\\/2021\\\/11\\\/30\\\/des-manifestations-dans-36-villes-du-royaume-les-marocains-disent-non-a-la-normalisation\\\/\"]}]},{\"@type\":\"ImageObject\",\"inLanguage\":\"fr-FR\",\"@id\":\"https:\\\/\\\/lasentinelle.dz\\\/index.php\\\/2021\\\/11\\\/30\\\/des-manifestations-dans-36-villes-du-royaume-les-marocains-disent-non-a-la-normalisation\\\/#primaryimage\",\"url\":\"https:\\\/\\\/lasentinelle.dz\\\/wp-content\\\/uploads\\\/2021\\\/11\\\/54-1.jpg\",\"contentUrl\":\"https:\\\/\\\/lasentinelle.dz\\\/wp-content\\\/uploads\\\/2021\\\/11\\\/54-1.jpg\",\"width\":1200,\"height\":700},{\"@type\":\"BreadcrumbList\",\"@id\":\"https:\\\/\\\/lasentinelle.dz\\\/index.php\\\/2021\\\/11\\\/30\\\/des-manifestations-dans-36-villes-du-royaume-les-marocains-disent-non-a-la-normalisation\\\/#breadcrumb\",\"itemListElement\":[{\"@type\":\"ListItem\",\"position\":1,\"name\":\"Accueil\",\"item\":\"https:\\\/\\\/lasentinelle.dz\\\/\"},{\"@type\":\"ListItem\",\"position\":2,\"name\":\"Des manifestations dans 36 villes du royaume : Les Marocains disent non \u00e0 la normalisation\"}]},{\"@type\":\"WebSite\",\"@id\":\"https:\\\/\\\/lasentinelle.dz\\\/#website\",\"url\":\"https:\\\/\\\/lasentinelle.dz\\\/\",\"name\":\"La Sentinelle\",\"description\":\"Quotidien national d&#039;information\",\"publisher\":{\"@id\":\"https:\\\/\\\/lasentinelle.dz\\\/#organization\"},\"potentialAction\":[{\"@type\":\"SearchAction\",\"target\":{\"@type\":\"EntryPoint\",\"urlTemplate\":\"https:\\\/\\\/lasentinelle.dz\\\/?s={search_term_string}\"},\"query-input\":{\"@type\":\"PropertyValueSpecification\",\"valueRequired\":true,\"valueName\":\"search_term_string\"}}],\"inLanguage\":\"fr-FR\"},{\"@type\":\"Organization\",\"@id\":\"https:\\\/\\\/lasentinelle.dz\\\/#organization\",\"name\":\"Quotidien La Sentinelle\",\"url\":\"https:\\\/\\\/lasentinelle.dz\\\/\",\"logo\":{\"@type\":\"ImageObject\",\"inLanguage\":\"fr-FR\",\"@id\":\"https:\\\/\\\/lasentinelle.dz\\\/#\\\/schema\\\/logo\\\/image\\\/\",\"url\":\"https:\\\/\\\/lasentinelle.dz\\\/wp-content\\\/uploads\\\/2021\\\/09\\\/logo-sentinelleSLOGAN-1.png\",\"contentUrl\":\"https:\\\/\\\/lasentinelle.dz\\\/wp-content\\\/uploads\\\/2021\\\/09\\\/logo-sentinelleSLOGAN-1.png\",\"width\":615,\"height\":142,\"caption\":\"Quotidien La Sentinelle\"},\"image\":{\"@id\":\"https:\\\/\\\/lasentinelle.dz\\\/#\\\/schema\\\/logo\\\/image\\\/\"},\"sameAs\":[\"https:\\\/\\\/www.facebook.com\\\/La-Sentinelle-104059864394773\"]},{\"@type\":\"Person\",\"@id\":\"https:\\\/\\\/lasentinelle.dz\\\/#\\\/schema\\\/person\\\/d865044e22e70a75174ce8bcad3acfb3\",\"name\":\"La Sentinelle\",\"image\":{\"@type\":\"ImageObject\",\"inLanguage\":\"fr-FR\",\"@id\":\"https:\\\/\\\/secure.gravatar.com\\\/avatar\\\/57de8e5d4b15d43fb361a71fbb36338450fe67865b528a43dd10ef7c51a20392?s=96&d=mm&r=g\",\"url\":\"https:\\\/\\\/secure.gravatar.com\\\/avatar\\\/57de8e5d4b15d43fb361a71fbb36338450fe67865b528a43dd10ef7c51a20392?s=96&d=mm&r=g\",\"contentUrl\":\"https:\\\/\\\/secure.gravatar.com\\\/avatar\\\/57de8e5d4b15d43fb361a71fbb36338450fe67865b528a43dd10ef7c51a20392?s=96&d=mm&r=g\",\"caption\":\"La Sentinelle\"},\"sameAs\":[\"http:\\\/\\\/www.lasentinelle.dz\"],\"url\":\"https:\\\/\\\/lasentinelle.dz\\\/author\\\/redaction\\\/\"}]}<\/script>\n<!-- \/ Yoast SEO plugin. -->","yoast_head_json":{"title":"Des manifestations dans 36 villes du royaume : Les Marocains disent non \u00e0 la normalisation - La Sentinelle","robots":{"index":"index","follow":"follow","max-snippet":"max-snippet:-1","max-image-preview":"max-image-preview:large","max-video-preview":"max-video-preview:-1"},"canonical":"https:\/\/lasentinelle.dz\/index.php\/2021\/11\/30\/des-manifestations-dans-36-villes-du-royaume-les-marocains-disent-non-a-la-normalisation\/","og_locale":"fr_FR","og_type":"article","og_title":"Des manifestations dans 36 villes du royaume : Les Marocains disent non \u00e0 la normalisation - La Sentinelle","og_description":"Les Marocains sont descendus dans la rue hier dans 36 villes du pays pour exprimer leur soutien aux Palestiniens \u00e0","og_url":"https:\/\/lasentinelle.dz\/index.php\/2021\/11\/30\/des-manifestations-dans-36-villes-du-royaume-les-marocains-disent-non-a-la-normalisation\/","og_site_name":"La Sentinelle","article_publisher":"https:\/\/www.facebook.com\/La-Sentinelle-104059864394773","article_published_time":"2021-11-29T23:01:00+00:00","og_image":[{"width":1200,"height":700,"url":"https:\/\/lasentinelle.dz\/wp-content\/uploads\/2021\/11\/54-1.jpg","type":"image\/jpeg"}],"author":"La Sentinelle","twitter_card":"summary_large_image","twitter_misc":{"\u00c9crit par":"La Sentinelle","Dur\u00e9e de lecture estim\u00e9e":"5 minutes"},"schema":{"@context":"https:\/\/schema.org","@graph":[{"@type":"Article","@id":"https:\/\/lasentinelle.dz\/index.php\/2021\/11\/30\/des-manifestations-dans-36-villes-du-royaume-les-marocains-disent-non-a-la-normalisation\/#article","isPartOf":{"@id":"https:\/\/lasentinelle.dz\/index.php\/2021\/11\/30\/des-manifestations-dans-36-villes-du-royaume-les-marocains-disent-non-a-la-normalisation\/"},"author":{"name":"La Sentinelle","@id":"https:\/\/lasentinelle.dz\/#\/schema\/person\/d865044e22e70a75174ce8bcad3acfb3"},"headline":"Des manifestations dans 36 villes du royaume : Les Marocains disent non \u00e0 la normalisation","datePublished":"2021-11-29T23:01:00+00:00","mainEntityOfPage":{"@id":"https:\/\/lasentinelle.dz\/index.php\/2021\/11\/30\/des-manifestations-dans-36-villes-du-royaume-les-marocains-disent-non-a-la-normalisation\/"},"wordCount":1310,"commentCount":0,"publisher":{"@id":"https:\/\/lasentinelle.dz\/#organization"},"image":{"@id":"https:\/\/lasentinelle.dz\/index.php\/2021\/11\/30\/des-manifestations-dans-36-villes-du-royaume-les-marocains-disent-non-a-la-normalisation\/#primaryimage"},"thumbnailUrl":"https:\/\/lasentinelle.dz\/wp-content\/uploads\/2021\/11\/54-1.jpg","articleSection":["Actualit\u00e9"],"inLanguage":"fr-FR","potentialAction":[{"@type":"CommentAction","name":"Comment","target":["https:\/\/lasentinelle.dz\/index.php\/2021\/11\/30\/des-manifestations-dans-36-villes-du-royaume-les-marocains-disent-non-a-la-normalisation\/#respond"]}]},{"@type":"WebPage","@id":"https:\/\/lasentinelle.dz\/index.php\/2021\/11\/30\/des-manifestations-dans-36-villes-du-royaume-les-marocains-disent-non-a-la-normalisation\/","url":"https:\/\/lasentinelle.dz\/index.php\/2021\/11\/30\/des-manifestations-dans-36-villes-du-royaume-les-marocains-disent-non-a-la-normalisation\/","name":"Des manifestations dans 36 villes du royaume : Les Marocains disent non \u00e0 la normalisation - La Sentinelle","isPartOf":{"@id":"https:\/\/lasentinelle.dz\/#website"},"primaryImageOfPage":{"@id":"https:\/\/lasentinelle.dz\/index.php\/2021\/11\/30\/des-manifestations-dans-36-villes-du-royaume-les-marocains-disent-non-a-la-normalisation\/#primaryimage"},"image":{"@id":"https:\/\/lasentinelle.dz\/index.php\/2021\/11\/30\/des-manifestations-dans-36-villes-du-royaume-les-marocains-disent-non-a-la-normalisation\/#primaryimage"},"thumbnailUrl":"https:\/\/lasentinelle.dz\/wp-content\/uploads\/2021\/11\/54-1.jpg","datePublished":"2021-11-29T23:01:00+00:00","breadcrumb":{"@id":"https:\/\/lasentinelle.dz\/index.php\/2021\/11\/30\/des-manifestations-dans-36-villes-du-royaume-les-marocains-disent-non-a-la-normalisation\/#breadcrumb"},"inLanguage":"fr-FR","potentialAction":[{"@type":"ReadAction","target":["https:\/\/lasentinelle.dz\/index.php\/2021\/11\/30\/des-manifestations-dans-36-villes-du-royaume-les-marocains-disent-non-a-la-normalisation\/"]}]},{"@type":"ImageObject","inLanguage":"fr-FR","@id":"https:\/\/lasentinelle.dz\/index.php\/2021\/11\/30\/des-manifestations-dans-36-villes-du-royaume-les-marocains-disent-non-a-la-normalisation\/#primaryimage","url":"https:\/\/lasentinelle.dz\/wp-content\/uploads\/2021\/11\/54-1.jpg","contentUrl":"https:\/\/lasentinelle.dz\/wp-content\/uploads\/2021\/11\/54-1.jpg","width":1200,"height":700},{"@type":"BreadcrumbList","@id":"https:\/\/lasentinelle.dz\/index.php\/2021\/11\/30\/des-manifestations-dans-36-villes-du-royaume-les-marocains-disent-non-a-la-normalisation\/#breadcrumb","itemListElement":[{"@type":"ListItem","position":1,"name":"Accueil","item":"https:\/\/lasentinelle.dz\/"},{"@type":"ListItem","position":2,"name":"Des manifestations dans 36 villes du royaume : Les Marocains disent non \u00e0 la normalisation"}]},{"@type":"WebSite","@id":"https:\/\/lasentinelle.dz\/#website","url":"https:\/\/lasentinelle.dz\/","name":"La Sentinelle","description":"Quotidien national d&#039;information","publisher":{"@id":"https:\/\/lasentinelle.dz\/#organization"},"potentialAction":[{"@type":"SearchAction","target":{"@type":"EntryPoint","urlTemplate":"https:\/\/lasentinelle.dz\/?s={search_term_string}"},"query-input":{"@type":"PropertyValueSpecification","valueRequired":true,"valueName":"search_term_string"}}],"inLanguage":"fr-FR"},{"@type":"Organization","@id":"https:\/\/lasentinelle.dz\/#organization","name":"Quotidien La Sentinelle","url":"https:\/\/lasentinelle.dz\/","logo":{"@type":"ImageObject","inLanguage":"fr-FR","@id":"https:\/\/lasentinelle.dz\/#\/schema\/logo\/image\/","url":"https:\/\/lasentinelle.dz\/wp-content\/uploads\/2021\/09\/logo-sentinelleSLOGAN-1.png","contentUrl":"https:\/\/lasentinelle.dz\/wp-content\/uploads\/2021\/09\/logo-sentinelleSLOGAN-1.png","width":615,"height":142,"caption":"Quotidien La Sentinelle"},"image":{"@id":"https:\/\/lasentinelle.dz\/#\/schema\/logo\/image\/"},"sameAs":["https:\/\/www.facebook.com\/La-Sentinelle-104059864394773"]},{"@type":"Person","@id":"https:\/\/lasentinelle.dz\/#\/schema\/person\/d865044e22e70a75174ce8bcad3acfb3","name":"La Sentinelle","image":{"@type":"ImageObject","inLanguage":"fr-FR","@id":"https:\/\/secure.gravatar.com\/avatar\/57de8e5d4b15d43fb361a71fbb36338450fe67865b528a43dd10ef7c51a20392?s=96&d=mm&r=g","url":"https:\/\/secure.gravatar.com\/avatar\/57de8e5d4b15d43fb361a71fbb36338450fe67865b528a43dd10ef7c51a20392?s=96&d=mm&r=g","contentUrl":"https:\/\/secure.gravatar.com\/avatar\/57de8e5d4b15d43fb361a71fbb36338450fe67865b528a43dd10ef7c51a20392?s=96&d=mm&r=g","caption":"La Sentinelle"},"sameAs":["http:\/\/www.lasentinelle.dz"],"url":"https:\/\/lasentinelle.dz\/author\/redaction\/"}]}},"_links":{"self":[{"href":"https:\/\/lasentinelle.dz\/index.php\/wp-json\/wp\/v2\/posts\/14310","targetHints":{"allow":["GET"]}}],"collection":[{"href":"https:\/\/lasentinelle.dz\/index.php\/wp-json\/wp\/v2\/posts"}],"about":[{"href":"https:\/\/lasentinelle.dz\/index.php\/wp-json\/wp\/v2\/types\/post"}],"author":[{"embeddable":true,"href":"https:\/\/lasentinelle.dz\/index.php\/wp-json\/wp\/v2\/users\/3"}],"replies":[{"embeddable":true,"href":"https:\/\/lasentinelle.dz\/index.php\/wp-json\/wp\/v2\/comments?post=14310"}],"version-history":[{"count":1,"href":"https:\/\/lasentinelle.dz\/index.php\/wp-json\/wp\/v2\/posts\/14310\/revisions"}],"predecessor-version":[{"id":14312,"href":"https:\/\/lasentinelle.dz\/index.php\/wp-json\/wp\/v2\/posts\/14310\/revisions\/14312"}],"wp:featuredmedia":[{"embeddable":true,"href":"https:\/\/lasentinelle.dz\/index.php\/wp-json\/wp\/v2\/media\/14311"}],"wp:attachment":[{"href":"https:\/\/lasentinelle.dz\/index.php\/wp-json\/wp\/v2\/media?parent=14310"}],"wp:term":[{"taxonomy":"category","embeddable":true,"href":"https:\/\/lasentinelle.dz\/index.php\/wp-json\/wp\/v2\/categories?post=14310"},{"taxonomy":"post_tag","embeddable":true,"href":"https:\/\/lasentinelle.dz\/index.php\/wp-json\/wp\/v2\/tags?post=14310"}],"curies":[{"name":"wp","href":"https:\/\/api.w.org\/{rel}","templated":true}]}}