{"id":14325,"date":"2021-11-30T00:05:00","date_gmt":"2021-11-29T23:05:00","guid":{"rendered":"https:\/\/lasentinelle.dz\/?p=14325"},"modified":"2021-11-29T20:32:54","modified_gmt":"2021-11-29T19:32:54","slug":"journee-internationale-de-la-solidarite-avec-le-peuple-palestinien-tebboune-la-communaute-internationale-doit-assumer-ses-responsabilites","status":"publish","type":"post","link":"https:\/\/lasentinelle.dz\/index.php\/2021\/11\/30\/journee-internationale-de-la-solidarite-avec-le-peuple-palestinien-tebboune-la-communaute-internationale-doit-assumer-ses-responsabilites\/","title":{"rendered":"Journ\u00e9e internationale de la solidarit\u00e9 avec le peuple palestinien : Tebboune : \u00ab La communaut\u00e9 internationale doit assumer ses responsabilit\u00e9s \u00bb"},"content":{"rendered":"\n<p>Dans un message \u00e0 l\u2019occasion de la&nbsp;Journ\u00e9e internationale de la solidarit\u00e9 avec le peuple palestinien, le pr\u00e9sident de la&nbsp;R\u00e9publique,&nbsp;Abdelmadjid Tebboune,&nbsp;a r\u00e9it\u00e9r\u00e9&nbsp;&nbsp;la position de principe&nbsp;&nbsp;de l\u2019Alg\u00e9rie qui soutien la lutte du peuple palestinien pour&nbsp;\u00ab&nbsp;le recouvrement de tous ses droits spoli\u00e9s&nbsp;\u00bb.&nbsp;<\/p>\n\n\n\n<p>A cette occasion,&nbsp;le pr\u00e9sident de la R\u00e9publique&nbsp;a lanc\u00e9 un appel \u00e0 la communaut\u00e9 internationale \u00e0&nbsp;\u00ab&nbsp;assumer ses responsabilit\u00e9s historiques envers la violation par l&rsquo;occupation sioniste de la l\u00e9galit\u00e9 internationale et ses man\u0153uvres visant \u00e0 imposer la politique du statu quo, \u00e0 se soustraire de ses engagements et \u00e0 priver d&rsquo;effet les conventions en vue de saper le projet d&rsquo;\u00e9dification de l&rsquo;Etat palestinien souverain&nbsp;\u00bb.<\/p>\n\n\n\n<p>Intervenant \u00e0 cette occasion,&nbsp;marquant&nbsp;\u00ab&nbsp;une reconnaissance d&rsquo;une injustice historique dont souffre le vaillant peuple palestinien dans sa lutte l\u00e9gitime pour le recouvrement de ses droits spoli\u00e9s&nbsp;\u00bb, le&nbsp;Pr\u00e9sident Abdelmadjid Tebboune&nbsp;n\u2019a pas manqu\u00e9 de noter que le statut de la cause palestinienne au regard des crimes perp\u00e9tr\u00e9s par les forces d&rsquo;occupation sioniste&nbsp;\u00ab&nbsp;interpelle la communaut\u00e9 internationale \u00e0 consentir davantage d&rsquo;efforts afin d&rsquo;amener l&rsquo;ONU, notamment son Conseil de s\u00e9curit\u00e9, \u00e0 honorer ses engagements en mati\u00e8re de d\u00e9fense du droit et de l&rsquo;ordre internationaux, \u00e0 \u0153uvrer \u00e0 demander des comptes \u00e0 l&rsquo;occupation sioniste sur les d\u00e9passements et les violations commises contre le peuple palestinien et \u00e0 assurer la protection internationale pour ce peuple&nbsp;\u00bb.<\/p>\n\n\n\n<p>Par ailleurs tout en expliquant l\u2019approche alg\u00e9rienne reposant sur le principe stipulant qu&rsquo;\u00ab&nbsp;aucune solution ne saurait \u00eatre envisag\u00e9e sans l&rsquo;association des Palestiniens&nbsp;\u00bb,&nbsp;le Pr\u00e9sident&nbsp;Tebboune a r\u00e9it\u00e9r\u00e9 l&rsquo;attachement de l&rsquo;Alg\u00e9rie \u00e0 l&rsquo;Initiative de paix arabe adopt\u00e9e \u00e0 Beyrouth lors du sommet de la Ligue arabe.&nbsp;Une initiative bas\u00e9e sur&nbsp;\u00ab&nbsp;le principe du retrait total de l&rsquo;ensemble des territoires arabes occup\u00e9s en contrepartie d&rsquo;une paix dans le cadre de la l\u00e9galit\u00e9 internationale et des r\u00e9solutions pertinentes du Conseil de s\u00e9curit\u00e9, notamment les r\u00e9solutions 242 et 338&nbsp;\u00bb.<\/p>\n\n\n\n<p>Aussi, ajoute-t-il, la communaut\u00e9 internationale&nbsp;\u00ab&nbsp;est appel\u00e9e \u00e0 rem\u00e9dier \u00e0 cette situation en renon\u00e7ant \u00e0 la politique de deux poids deux mesures et \u00e0 assumer ses responsabilit\u00e9s historiques et juridiques&nbsp;\u00bb,&nbsp;en faisant pression notamment&nbsp;\u00ab&nbsp;sur l&rsquo;occupant isra\u00e9lien pour l&rsquo;amener \u00e0 se conformer totalement \u00e0 la l\u00e9galit\u00e9 internationale, afin d&rsquo;\u00e9viter les cons\u00e9quences de la situation actuelle et ses retomb\u00e9es directes sur l&rsquo;instauration de la paix et la s\u00e9curit\u00e9 au double plan r\u00e9gional et international&nbsp;\u00bb.&nbsp;&nbsp;&nbsp;&nbsp;&nbsp;<\/p>\n\n\n\n<p>Enfin, tout en exprimant son souhait de voir la situation humanitaire dans les territoires occup\u00e9s constituer un motif et un signal d&rsquo;alarme \u00e0 l&rsquo;ONU pour&nbsp;\u00ab&nbsp;assumer ses responsabilit\u00e9s afin de permettre au peuple palestinien de jouir de son droit l\u00e9gitime \u00e0 r\u00e9cup\u00e9rer ses terres et \u00e0 \u00e9tablir son Etat ind\u00e9pendant souverain sur les fronti\u00e8res du 4 juin 1967 avec El Qods pour capitale&nbsp;\u00bb, le pr\u00e9sident&nbsp;de la R\u00e9publique&nbsp;a affirm\u00e9 que l\u2019Alg\u00e9rie,&nbsp;\u00ab&nbsp;fid\u00e8le \u00e0 ses principes appelant \u00e0 redoubler d&rsquo;efforts pour prot\u00e9ger le peuple palestinien des violations \u00bb, r\u00e9it\u00e8re,&nbsp;aujourd&rsquo;hui \u00e0 l&rsquo;occasion de la Journ\u00e9e internationale de solidarit\u00e9 avec le peuple palestinien,&nbsp;eson soutien aux initiatives sinc\u00e8res et aux d\u00e9marches s\u00e9rieuses visant \u00e0 instaurer la paix au Moyen-Orient sur la base de la l\u00e9galit\u00e9 internationale&nbsp;\u00bb.&nbsp;<\/p>\n\n\n\n<p><strong>Akli Amor<\/strong><\/p>\n","protected":false},"excerpt":{"rendered":"<p>Dans un message \u00e0 l\u2019occasion de la&nbsp;Journ\u00e9e internationale de la solidarit\u00e9 avec le peuple palestinien, le pr\u00e9sident de la&nbsp;R\u00e9publique,&nbsp;Abdelmadjid Tebboune,&nbsp;a<\/p>\n","protected":false},"author":3,"featured_media":14326,"comment_status":"open","ping_status":"closed","sticky":false,"template":"","format":"standard","meta":{"colormag_page_container_layout":"default_layout","colormag_page_sidebar_layout":"default_layout","om_disable_all_campaigns":false,"_monsterinsights_skip_tracking":false,"_monsterinsights_sitenote_active":false,"_monsterinsights_sitenote_note":"","_monsterinsights_sitenote_category":0,"footnotes":"","_wpscppro_dont_share_socialmedia":false,"_wpscppro_custom_social_share_image":0,"_facebook_share_type":"","_twitter_share_type":"","_linkedin_share_type":"","_pinterest_share_type":"","_linkedin_share_type_page":"","_instagram_share_type":"","_medium_share_type":"","_threads_share_type":"","_google_business_share_type":"","_selected_social_profile":[],"_wpsp_enable_custom_social_template":false,"_wpsp_social_scheduling":{"enabled":false,"datetime":null,"platforms":[],"status":"template_only","dateOption":"today","timeOption":"now","customDays":"","customHours":"","customDate":"","customTime":"","schedulingType":"absolute"},"_wpsp_active_default_template":true},"categories":[52,27],"tags":[],"class_list":["post-14325","post","type-post","status-publish","format-standard","has-post-thumbnail","hentry","category-a-la-une","category-actualite"],"aioseo_notices":[],"yoast_head":"<!-- This site is optimized with the Yoast SEO plugin v27.5 - https:\/\/yoast.com\/product\/yoast-seo-wordpress\/ -->\n<title>Journ\u00e9e internationale de la solidarit\u00e9 avec le peuple palestinien : Tebboune : \u00ab La communaut\u00e9 internationale doit assumer ses responsabilit\u00e9s \u00bb - La Sentinelle<\/title>\n<meta name=\"robots\" content=\"index, follow, max-snippet:-1, max-image-preview:large, max-video-preview:-1\" \/>\n<link rel=\"canonical\" href=\"https:\/\/lasentinelle.dz\/index.php\/2021\/11\/30\/journee-internationale-de-la-solidarite-avec-le-peuple-palestinien-tebboune-la-communaute-internationale-doit-assumer-ses-responsabilites\/\" \/>\n<meta property=\"og:locale\" content=\"fr_FR\" \/>\n<meta property=\"og:type\" content=\"article\" \/>\n<meta property=\"og:title\" content=\"Journ\u00e9e internationale de la solidarit\u00e9 avec le peuple palestinien : Tebboune : \u00ab La communaut\u00e9 internationale doit assumer ses responsabilit\u00e9s \u00bb - La Sentinelle\" \/>\n<meta property=\"og:description\" content=\"Dans un message \u00e0 l\u2019occasion de la&nbsp;Journ\u00e9e internationale de la solidarit\u00e9 avec le peuple palestinien, le pr\u00e9sident de la&nbsp;R\u00e9publique,&nbsp;Abdelmadjid Tebboune,&nbsp;a\" \/>\n<meta property=\"og:url\" content=\"https:\/\/lasentinelle.dz\/index.php\/2021\/11\/30\/journee-internationale-de-la-solidarite-avec-le-peuple-palestinien-tebboune-la-communaute-internationale-doit-assumer-ses-responsabilites\/\" \/>\n<meta property=\"og:site_name\" content=\"La Sentinelle\" \/>\n<meta property=\"article:publisher\" content=\"https:\/\/www.facebook.com\/La-Sentinelle-104059864394773\" \/>\n<meta property=\"article:published_time\" content=\"2021-11-29T23:05:00+00:00\" \/>\n<meta property=\"og:image\" content=\"https:\/\/lasentinelle.dz\/wp-content\/uploads\/2021\/11\/tebboune-palestine-835x430-1.jpg\" \/>\n\t<meta property=\"og:image:width\" content=\"835\" \/>\n\t<meta property=\"og:image:height\" content=\"430\" \/>\n\t<meta property=\"og:image:type\" content=\"image\/jpeg\" \/>\n<meta name=\"author\" content=\"La Sentinelle\" \/>\n<meta name=\"twitter:card\" content=\"summary_large_image\" \/>\n<meta name=\"twitter:label1\" content=\"\u00c9crit par\" \/>\n\t<meta name=\"twitter:data1\" content=\"La Sentinelle\" \/>\n\t<meta name=\"twitter:label2\" content=\"Dur\u00e9e de lecture estim\u00e9e\" \/>\n\t<meta name=\"twitter:data2\" content=\"3 minutes\" \/>\n<script type=\"application\/ld+json\" class=\"yoast-schema-graph\">{\"@context\":\"https:\\\/\\\/schema.org\",\"@graph\":[{\"@type\":\"Article\",\"@id\":\"https:\\\/\\\/lasentinelle.dz\\\/index.php\\\/2021\\\/11\\\/30\\\/journee-internationale-de-la-solidarite-avec-le-peuple-palestinien-tebboune-la-communaute-internationale-doit-assumer-ses-responsabilites\\\/#article\",\"isPartOf\":{\"@id\":\"https:\\\/\\\/lasentinelle.dz\\\/index.php\\\/2021\\\/11\\\/30\\\/journee-internationale-de-la-solidarite-avec-le-peuple-palestinien-tebboune-la-communaute-internationale-doit-assumer-ses-responsabilites\\\/\"},\"author\":{\"name\":\"La Sentinelle\",\"@id\":\"https:\\\/\\\/lasentinelle.dz\\\/#\\\/schema\\\/person\\\/d865044e22e70a75174ce8bcad3acfb3\"},\"headline\":\"Journ\u00e9e internationale de la solidarit\u00e9 avec le peuple palestinien : Tebboune : \u00ab La communaut\u00e9 internationale doit assumer ses responsabilit\u00e9s \u00bb\",\"datePublished\":\"2021-11-29T23:05:00+00:00\",\"mainEntityOfPage\":{\"@id\":\"https:\\\/\\\/lasentinelle.dz\\\/index.php\\\/2021\\\/11\\\/30\\\/journee-internationale-de-la-solidarite-avec-le-peuple-palestinien-tebboune-la-communaute-internationale-doit-assumer-ses-responsabilites\\\/\"},\"wordCount\":646,\"commentCount\":0,\"publisher\":{\"@id\":\"https:\\\/\\\/lasentinelle.dz\\\/#organization\"},\"image\":{\"@id\":\"https:\\\/\\\/lasentinelle.dz\\\/index.php\\\/2021\\\/11\\\/30\\\/journee-internationale-de-la-solidarite-avec-le-peuple-palestinien-tebboune-la-communaute-internationale-doit-assumer-ses-responsabilites\\\/#primaryimage\"},\"thumbnailUrl\":\"https:\\\/\\\/lasentinelle.dz\\\/wp-content\\\/uploads\\\/2021\\\/11\\\/tebboune-palestine-835x430-1.jpg\",\"articleSection\":[\"\u00c0 la Une\",\"Actualit\u00e9\"],\"inLanguage\":\"fr-FR\",\"potentialAction\":[{\"@type\":\"CommentAction\",\"name\":\"Comment\",\"target\":[\"https:\\\/\\\/lasentinelle.dz\\\/index.php\\\/2021\\\/11\\\/30\\\/journee-internationale-de-la-solidarite-avec-le-peuple-palestinien-tebboune-la-communaute-internationale-doit-assumer-ses-responsabilites\\\/#respond\"]}]},{\"@type\":\"WebPage\",\"@id\":\"https:\\\/\\\/lasentinelle.dz\\\/index.php\\\/2021\\\/11\\\/30\\\/journee-internationale-de-la-solidarite-avec-le-peuple-palestinien-tebboune-la-communaute-internationale-doit-assumer-ses-responsabilites\\\/\",\"url\":\"https:\\\/\\\/lasentinelle.dz\\\/index.php\\\/2021\\\/11\\\/30\\\/journee-internationale-de-la-solidarite-avec-le-peuple-palestinien-tebboune-la-communaute-internationale-doit-assumer-ses-responsabilites\\\/\",\"name\":\"Journ\u00e9e internationale de la solidarit\u00e9 avec le peuple palestinien : Tebboune : \u00ab La communaut\u00e9 internationale doit assumer ses responsabilit\u00e9s \u00bb - La Sentinelle\",\"isPartOf\":{\"@id\":\"https:\\\/\\\/lasentinelle.dz\\\/#website\"},\"primaryImageOfPage\":{\"@id\":\"https:\\\/\\\/lasentinelle.dz\\\/index.php\\\/2021\\\/11\\\/30\\\/journee-internationale-de-la-solidarite-avec-le-peuple-palestinien-tebboune-la-communaute-internationale-doit-assumer-ses-responsabilites\\\/#primaryimage\"},\"image\":{\"@id\":\"https:\\\/\\\/lasentinelle.dz\\\/index.php\\\/2021\\\/11\\\/30\\\/journee-internationale-de-la-solidarite-avec-le-peuple-palestinien-tebboune-la-communaute-internationale-doit-assumer-ses-responsabilites\\\/#primaryimage\"},\"thumbnailUrl\":\"https:\\\/\\\/lasentinelle.dz\\\/wp-content\\\/uploads\\\/2021\\\/11\\\/tebboune-palestine-835x430-1.jpg\",\"datePublished\":\"2021-11-29T23:05:00+00:00\",\"breadcrumb\":{\"@id\":\"https:\\\/\\\/lasentinelle.dz\\\/index.php\\\/2021\\\/11\\\/30\\\/journee-internationale-de-la-solidarite-avec-le-peuple-palestinien-tebboune-la-communaute-internationale-doit-assumer-ses-responsabilites\\\/#breadcrumb\"},\"inLanguage\":\"fr-FR\",\"potentialAction\":[{\"@type\":\"ReadAction\",\"target\":[\"https:\\\/\\\/lasentinelle.dz\\\/index.php\\\/2021\\\/11\\\/30\\\/journee-internationale-de-la-solidarite-avec-le-peuple-palestinien-tebboune-la-communaute-internationale-doit-assumer-ses-responsabilites\\\/\"]}]},{\"@type\":\"ImageObject\",\"inLanguage\":\"fr-FR\",\"@id\":\"https:\\\/\\\/lasentinelle.dz\\\/index.php\\\/2021\\\/11\\\/30\\\/journee-internationale-de-la-solidarite-avec-le-peuple-palestinien-tebboune-la-communaute-internationale-doit-assumer-ses-responsabilites\\\/#primaryimage\",\"url\":\"https:\\\/\\\/lasentinelle.dz\\\/wp-content\\\/uploads\\\/2021\\\/11\\\/tebboune-palestine-835x430-1.jpg\",\"contentUrl\":\"https:\\\/\\\/lasentinelle.dz\\\/wp-content\\\/uploads\\\/2021\\\/11\\\/tebboune-palestine-835x430-1.jpg\",\"width\":835,\"height\":430},{\"@type\":\"BreadcrumbList\",\"@id\":\"https:\\\/\\\/lasentinelle.dz\\\/index.php\\\/2021\\\/11\\\/30\\\/journee-internationale-de-la-solidarite-avec-le-peuple-palestinien-tebboune-la-communaute-internationale-doit-assumer-ses-responsabilites\\\/#breadcrumb\",\"itemListElement\":[{\"@type\":\"ListItem\",\"position\":1,\"name\":\"Accueil\",\"item\":\"https:\\\/\\\/lasentinelle.dz\\\/\"},{\"@type\":\"ListItem\",\"position\":2,\"name\":\"Journ\u00e9e internationale de la solidarit\u00e9 avec le peuple palestinien : Tebboune : \u00ab La communaut\u00e9 internationale doit assumer ses responsabilit\u00e9s \u00bb\"}]},{\"@type\":\"WebSite\",\"@id\":\"https:\\\/\\\/lasentinelle.dz\\\/#website\",\"url\":\"https:\\\/\\\/lasentinelle.dz\\\/\",\"name\":\"La Sentinelle\",\"description\":\"Quotidien national d&#039;information\",\"publisher\":{\"@id\":\"https:\\\/\\\/lasentinelle.dz\\\/#organization\"},\"potentialAction\":[{\"@type\":\"SearchAction\",\"target\":{\"@type\":\"EntryPoint\",\"urlTemplate\":\"https:\\\/\\\/lasentinelle.dz\\\/?s={search_term_string}\"},\"query-input\":{\"@type\":\"PropertyValueSpecification\",\"valueRequired\":true,\"valueName\":\"search_term_string\"}}],\"inLanguage\":\"fr-FR\"},{\"@type\":\"Organization\",\"@id\":\"https:\\\/\\\/lasentinelle.dz\\\/#organization\",\"name\":\"Quotidien La Sentinelle\",\"url\":\"https:\\\/\\\/lasentinelle.dz\\\/\",\"logo\":{\"@type\":\"ImageObject\",\"inLanguage\":\"fr-FR\",\"@id\":\"https:\\\/\\\/lasentinelle.dz\\\/#\\\/schema\\\/logo\\\/image\\\/\",\"url\":\"https:\\\/\\\/lasentinelle.dz\\\/wp-content\\\/uploads\\\/2021\\\/09\\\/logo-sentinelleSLOGAN-1.png\",\"contentUrl\":\"https:\\\/\\\/lasentinelle.dz\\\/wp-content\\\/uploads\\\/2021\\\/09\\\/logo-sentinelleSLOGAN-1.png\",\"width\":615,\"height\":142,\"caption\":\"Quotidien La Sentinelle\"},\"image\":{\"@id\":\"https:\\\/\\\/lasentinelle.dz\\\/#\\\/schema\\\/logo\\\/image\\\/\"},\"sameAs\":[\"https:\\\/\\\/www.facebook.com\\\/La-Sentinelle-104059864394773\"]},{\"@type\":\"Person\",\"@id\":\"https:\\\/\\\/lasentinelle.dz\\\/#\\\/schema\\\/person\\\/d865044e22e70a75174ce8bcad3acfb3\",\"name\":\"La Sentinelle\",\"image\":{\"@type\":\"ImageObject\",\"inLanguage\":\"fr-FR\",\"@id\":\"https:\\\/\\\/secure.gravatar.com\\\/avatar\\\/57de8e5d4b15d43fb361a71fbb36338450fe67865b528a43dd10ef7c51a20392?s=96&d=mm&r=g\",\"url\":\"https:\\\/\\\/secure.gravatar.com\\\/avatar\\\/57de8e5d4b15d43fb361a71fbb36338450fe67865b528a43dd10ef7c51a20392?s=96&d=mm&r=g\",\"contentUrl\":\"https:\\\/\\\/secure.gravatar.com\\\/avatar\\\/57de8e5d4b15d43fb361a71fbb36338450fe67865b528a43dd10ef7c51a20392?s=96&d=mm&r=g\",\"caption\":\"La Sentinelle\"},\"sameAs\":[\"http:\\\/\\\/www.lasentinelle.dz\"],\"url\":\"https:\\\/\\\/lasentinelle.dz\\\/author\\\/redaction\\\/\"}]}<\/script>\n<!-- \/ Yoast SEO plugin. -->","yoast_head_json":{"title":"Journ\u00e9e internationale de la solidarit\u00e9 avec le peuple palestinien : Tebboune : \u00ab La communaut\u00e9 internationale doit assumer ses responsabilit\u00e9s \u00bb - La Sentinelle","robots":{"index":"index","follow":"follow","max-snippet":"max-snippet:-1","max-image-preview":"max-image-preview:large","max-video-preview":"max-video-preview:-1"},"canonical":"https:\/\/lasentinelle.dz\/index.php\/2021\/11\/30\/journee-internationale-de-la-solidarite-avec-le-peuple-palestinien-tebboune-la-communaute-internationale-doit-assumer-ses-responsabilites\/","og_locale":"fr_FR","og_type":"article","og_title":"Journ\u00e9e internationale de la solidarit\u00e9 avec le peuple palestinien : Tebboune : \u00ab La communaut\u00e9 internationale doit assumer ses responsabilit\u00e9s \u00bb - La Sentinelle","og_description":"Dans un message \u00e0 l\u2019occasion de la&nbsp;Journ\u00e9e internationale de la solidarit\u00e9 avec le peuple palestinien, le pr\u00e9sident de la&nbsp;R\u00e9publique,&nbsp;Abdelmadjid Tebboune,&nbsp;a","og_url":"https:\/\/lasentinelle.dz\/index.php\/2021\/11\/30\/journee-internationale-de-la-solidarite-avec-le-peuple-palestinien-tebboune-la-communaute-internationale-doit-assumer-ses-responsabilites\/","og_site_name":"La Sentinelle","article_publisher":"https:\/\/www.facebook.com\/La-Sentinelle-104059864394773","article_published_time":"2021-11-29T23:05:00+00:00","og_image":[{"width":835,"height":430,"url":"https:\/\/lasentinelle.dz\/wp-content\/uploads\/2021\/11\/tebboune-palestine-835x430-1.jpg","type":"image\/jpeg"}],"author":"La Sentinelle","twitter_card":"summary_large_image","twitter_misc":{"\u00c9crit par":"La Sentinelle","Dur\u00e9e de lecture estim\u00e9e":"3 minutes"},"schema":{"@context":"https:\/\/schema.org","@graph":[{"@type":"Article","@id":"https:\/\/lasentinelle.dz\/index.php\/2021\/11\/30\/journee-internationale-de-la-solidarite-avec-le-peuple-palestinien-tebboune-la-communaute-internationale-doit-assumer-ses-responsabilites\/#article","isPartOf":{"@id":"https:\/\/lasentinelle.dz\/index.php\/2021\/11\/30\/journee-internationale-de-la-solidarite-avec-le-peuple-palestinien-tebboune-la-communaute-internationale-doit-assumer-ses-responsabilites\/"},"author":{"name":"La Sentinelle","@id":"https:\/\/lasentinelle.dz\/#\/schema\/person\/d865044e22e70a75174ce8bcad3acfb3"},"headline":"Journ\u00e9e internationale de la solidarit\u00e9 avec le peuple palestinien : Tebboune : \u00ab La communaut\u00e9 internationale doit assumer ses responsabilit\u00e9s \u00bb","datePublished":"2021-11-29T23:05:00+00:00","mainEntityOfPage":{"@id":"https:\/\/lasentinelle.dz\/index.php\/2021\/11\/30\/journee-internationale-de-la-solidarite-avec-le-peuple-palestinien-tebboune-la-communaute-internationale-doit-assumer-ses-responsabilites\/"},"wordCount":646,"commentCount":0,"publisher":{"@id":"https:\/\/lasentinelle.dz\/#organization"},"image":{"@id":"https:\/\/lasentinelle.dz\/index.php\/2021\/11\/30\/journee-internationale-de-la-solidarite-avec-le-peuple-palestinien-tebboune-la-communaute-internationale-doit-assumer-ses-responsabilites\/#primaryimage"},"thumbnailUrl":"https:\/\/lasentinelle.dz\/wp-content\/uploads\/2021\/11\/tebboune-palestine-835x430-1.jpg","articleSection":["\u00c0 la Une","Actualit\u00e9"],"inLanguage":"fr-FR","potentialAction":[{"@type":"CommentAction","name":"Comment","target":["https:\/\/lasentinelle.dz\/index.php\/2021\/11\/30\/journee-internationale-de-la-solidarite-avec-le-peuple-palestinien-tebboune-la-communaute-internationale-doit-assumer-ses-responsabilites\/#respond"]}]},{"@type":"WebPage","@id":"https:\/\/lasentinelle.dz\/index.php\/2021\/11\/30\/journee-internationale-de-la-solidarite-avec-le-peuple-palestinien-tebboune-la-communaute-internationale-doit-assumer-ses-responsabilites\/","url":"https:\/\/lasentinelle.dz\/index.php\/2021\/11\/30\/journee-internationale-de-la-solidarite-avec-le-peuple-palestinien-tebboune-la-communaute-internationale-doit-assumer-ses-responsabilites\/","name":"Journ\u00e9e internationale de la solidarit\u00e9 avec le peuple palestinien : Tebboune : \u00ab La communaut\u00e9 internationale doit assumer ses responsabilit\u00e9s \u00bb - La Sentinelle","isPartOf":{"@id":"https:\/\/lasentinelle.dz\/#website"},"primaryImageOfPage":{"@id":"https:\/\/lasentinelle.dz\/index.php\/2021\/11\/30\/journee-internationale-de-la-solidarite-avec-le-peuple-palestinien-tebboune-la-communaute-internationale-doit-assumer-ses-responsabilites\/#primaryimage"},"image":{"@id":"https:\/\/lasentinelle.dz\/index.php\/2021\/11\/30\/journee-internationale-de-la-solidarite-avec-le-peuple-palestinien-tebboune-la-communaute-internationale-doit-assumer-ses-responsabilites\/#primaryimage"},"thumbnailUrl":"https:\/\/lasentinelle.dz\/wp-content\/uploads\/2021\/11\/tebboune-palestine-835x430-1.jpg","datePublished":"2021-11-29T23:05:00+00:00","breadcrumb":{"@id":"https:\/\/lasentinelle.dz\/index.php\/2021\/11\/30\/journee-internationale-de-la-solidarite-avec-le-peuple-palestinien-tebboune-la-communaute-internationale-doit-assumer-ses-responsabilites\/#breadcrumb"},"inLanguage":"fr-FR","potentialAction":[{"@type":"ReadAction","target":["https:\/\/lasentinelle.dz\/index.php\/2021\/11\/30\/journee-internationale-de-la-solidarite-avec-le-peuple-palestinien-tebboune-la-communaute-internationale-doit-assumer-ses-responsabilites\/"]}]},{"@type":"ImageObject","inLanguage":"fr-FR","@id":"https:\/\/lasentinelle.dz\/index.php\/2021\/11\/30\/journee-internationale-de-la-solidarite-avec-le-peuple-palestinien-tebboune-la-communaute-internationale-doit-assumer-ses-responsabilites\/#primaryimage","url":"https:\/\/lasentinelle.dz\/wp-content\/uploads\/2021\/11\/tebboune-palestine-835x430-1.jpg","contentUrl":"https:\/\/lasentinelle.dz\/wp-content\/uploads\/2021\/11\/tebboune-palestine-835x430-1.jpg","width":835,"height":430},{"@type":"BreadcrumbList","@id":"https:\/\/lasentinelle.dz\/index.php\/2021\/11\/30\/journee-internationale-de-la-solidarite-avec-le-peuple-palestinien-tebboune-la-communaute-internationale-doit-assumer-ses-responsabilites\/#breadcrumb","itemListElement":[{"@type":"ListItem","position":1,"name":"Accueil","item":"https:\/\/lasentinelle.dz\/"},{"@type":"ListItem","position":2,"name":"Journ\u00e9e internationale de la solidarit\u00e9 avec le peuple palestinien : Tebboune : \u00ab La communaut\u00e9 internationale doit assumer ses responsabilit\u00e9s \u00bb"}]},{"@type":"WebSite","@id":"https:\/\/lasentinelle.dz\/#website","url":"https:\/\/lasentinelle.dz\/","name":"La Sentinelle","description":"Quotidien national d&#039;information","publisher":{"@id":"https:\/\/lasentinelle.dz\/#organization"},"potentialAction":[{"@type":"SearchAction","target":{"@type":"EntryPoint","urlTemplate":"https:\/\/lasentinelle.dz\/?s={search_term_string}"},"query-input":{"@type":"PropertyValueSpecification","valueRequired":true,"valueName":"search_term_string"}}],"inLanguage":"fr-FR"},{"@type":"Organization","@id":"https:\/\/lasentinelle.dz\/#organization","name":"Quotidien La Sentinelle","url":"https:\/\/lasentinelle.dz\/","logo":{"@type":"ImageObject","inLanguage":"fr-FR","@id":"https:\/\/lasentinelle.dz\/#\/schema\/logo\/image\/","url":"https:\/\/lasentinelle.dz\/wp-content\/uploads\/2021\/09\/logo-sentinelleSLOGAN-1.png","contentUrl":"https:\/\/lasentinelle.dz\/wp-content\/uploads\/2021\/09\/logo-sentinelleSLOGAN-1.png","width":615,"height":142,"caption":"Quotidien La Sentinelle"},"image":{"@id":"https:\/\/lasentinelle.dz\/#\/schema\/logo\/image\/"},"sameAs":["https:\/\/www.facebook.com\/La-Sentinelle-104059864394773"]},{"@type":"Person","@id":"https:\/\/lasentinelle.dz\/#\/schema\/person\/d865044e22e70a75174ce8bcad3acfb3","name":"La Sentinelle","image":{"@type":"ImageObject","inLanguage":"fr-FR","@id":"https:\/\/secure.gravatar.com\/avatar\/57de8e5d4b15d43fb361a71fbb36338450fe67865b528a43dd10ef7c51a20392?s=96&d=mm&r=g","url":"https:\/\/secure.gravatar.com\/avatar\/57de8e5d4b15d43fb361a71fbb36338450fe67865b528a43dd10ef7c51a20392?s=96&d=mm&r=g","contentUrl":"https:\/\/secure.gravatar.com\/avatar\/57de8e5d4b15d43fb361a71fbb36338450fe67865b528a43dd10ef7c51a20392?s=96&d=mm&r=g","caption":"La Sentinelle"},"sameAs":["http:\/\/www.lasentinelle.dz"],"url":"https:\/\/lasentinelle.dz\/author\/redaction\/"}]}},"_links":{"self":[{"href":"https:\/\/lasentinelle.dz\/index.php\/wp-json\/wp\/v2\/posts\/14325","targetHints":{"allow":["GET"]}}],"collection":[{"href":"https:\/\/lasentinelle.dz\/index.php\/wp-json\/wp\/v2\/posts"}],"about":[{"href":"https:\/\/lasentinelle.dz\/index.php\/wp-json\/wp\/v2\/types\/post"}],"author":[{"embeddable":true,"href":"https:\/\/lasentinelle.dz\/index.php\/wp-json\/wp\/v2\/users\/3"}],"replies":[{"embeddable":true,"href":"https:\/\/lasentinelle.dz\/index.php\/wp-json\/wp\/v2\/comments?post=14325"}],"version-history":[{"count":1,"href":"https:\/\/lasentinelle.dz\/index.php\/wp-json\/wp\/v2\/posts\/14325\/revisions"}],"predecessor-version":[{"id":14327,"href":"https:\/\/lasentinelle.dz\/index.php\/wp-json\/wp\/v2\/posts\/14325\/revisions\/14327"}],"wp:featuredmedia":[{"embeddable":true,"href":"https:\/\/lasentinelle.dz\/index.php\/wp-json\/wp\/v2\/media\/14326"}],"wp:attachment":[{"href":"https:\/\/lasentinelle.dz\/index.php\/wp-json\/wp\/v2\/media?parent=14325"}],"wp:term":[{"taxonomy":"category","embeddable":true,"href":"https:\/\/lasentinelle.dz\/index.php\/wp-json\/wp\/v2\/categories?post=14325"},{"taxonomy":"post_tag","embeddable":true,"href":"https:\/\/lasentinelle.dz\/index.php\/wp-json\/wp\/v2\/tags?post=14325"}],"curies":[{"name":"wp","href":"https:\/\/api.w.org\/{rel}","templated":true}]}}