{"id":14355,"date":"2021-12-01T00:01:00","date_gmt":"2021-11-30T23:01:00","guid":{"rendered":"https:\/\/lasentinelle.dz\/?p=14355"},"modified":"2021-11-30T19:01:41","modified_gmt":"2021-11-30T18:01:41","slug":"elle-se-tiendra-du-4-au-6-decembre-une-conference-nationale-sur-la-relance-industrielle","status":"publish","type":"post","link":"https:\/\/lasentinelle.dz\/index.php\/2021\/12\/01\/elle-se-tiendra-du-4-au-6-decembre-une-conference-nationale-sur-la-relance-industrielle\/","title":{"rendered":"Elle se tiendra du 4 au 6 d\u00e9cembre : Une conf\u00e9rence nationale sur la relance industrielle"},"content":{"rendered":"\n<p>Organis\u00e9e par le minist\u00e8re de l&rsquo;Industrie sous le haut patronage du pr\u00e9sident de la R\u00e9publique, Abdelmadjid Tebboune, une conf\u00e9rence nationale sur la relance industrielle se tiendra du 4 au 6 d\u00e9cembre 2021 au Centre international des conf\u00e9rences (Alger), sous le th\u00e8me \u00ab\u00a0ensemble pour relever le d\u00e9fi\u00a0\u00bb. Plusieurs objectifs sont assign\u00e9s \u00e0 cette manifestation&nbsp;dont notamment l&rsquo;\u00e9laboration d&rsquo;une vision strat\u00e9gique du secteur industriel et \u00e0 mobiliser les acteurs autour des objectifs de la relance \u00e9conomique, ajoute la m\u00eame source ainsi que l&rsquo;examen des m\u00e9canismes de la relance \u00e9conomique avec l&rsquo;ensemble des acteurs du secteur (soci\u00e9t\u00e9s industrielles), les porteurs de projets (y compris les startups), les instances activant dans le march\u00e9 des marchandises industrielles, les entreprises concern\u00e9es par l&rsquo;aide et l&rsquo;encadrement dans le domaine industriel, les centres d&rsquo;\u00e9tudes ou de recherches orient\u00e9es et les experts.<\/p>\n\n\n\n<p>Selon un document de la tutelle dont l&rsquo;APS d\u00e9tient une copie, la conf\u00e9rence vise \u00e0 appeler les entreprises industrielles \u00e0 dialoguer avec leurs partenaires dans d&rsquo;autres secteurs (agriculture, hydrocarbures, commerce, finances, innovation et recherche scientifique) afin de tirer profit de tous les aspects de la coop\u00e9ration, mobiliser les comp\u00e9tences nationales locales et \u00e9trang\u00e8res pour b\u00e9n\u00e9ficier de leurs exp\u00e9riences et associer tous les acteurs autour des objectifs et du plan du minist\u00e8re de l&rsquo;Industrie et dans la mise en \u0153uvre du plan d&rsquo;action.<\/p>\n\n\n\n<p>A noter par ailleurs que le minist\u00e8re de l&rsquo;Industrie a estim\u00e9 que la construction d&rsquo;un mod\u00e8le \u00e9conomique reposant sur la diversification de la croissance et l&rsquo;\u00e9conomie de la connaissance est l&rsquo;un des principaux engagements figurant dans le programme du pr\u00e9sident de la R\u00e9publique et le plan d&rsquo;action du gouvernement comptant sur la relance \u00e9conomique bas\u00e9e sur la participation forte du secteur industriel pour optimiser l&rsquo;efficacit\u00e9 \u00e9conomique et valoriser les ressources \u00e0 travers leur transformation et la production des marchandises devant contribuer au soutien des autres secteurs et aider \u00e0 couvrir les besoins croissants de la population\u00a0\u00bb. Cr\u00e9er une meilleure synergie entre les acteurs, ajoute-t-il, vise \u00e0 booster la croissance industrielle et partant, l&rsquo;\u00e9conomie nationale enti\u00e8re\u00a0\u00bb via notamment une strat\u00e9gie qui s&rsquo;appuie sur la r\u00e9alisation de deux objectifs, \u00e0 savoir la substitution des importations et le d\u00e9veloppement de l&rsquo;exportation des marchandises industrielles au sein des branches industrielles. Des objectifs \u00e0 atteindre via notamment un plan d&rsquo;action ambitieux, op\u00e9rationnel et r\u00e9aliste sera pr\u00e9sent\u00e9 lors de cette conf\u00e9rence pour enrichissement et d\u00e9bat.&nbsp;A rappeler enfin que, dans son document, le minist\u00e8re affirme que lors de cette manifestation,&nbsp;&nbsp;des espaces de d\u00e9bat seront organis\u00e9s sous forme d&rsquo;ateliers pour adapter les solutions avec la situation actuelle du pays et tirer profit des le\u00e7ons et des exp\u00e9riences. Quatre th\u00e8mes ont \u00e9t\u00e9 retenus \u00e0 savoir le soutien aux entreprises, la promotion de la production nationale et les exportations, l&rsquo;am\u00e9lioration de l&rsquo;environnement de l&rsquo;investissement, la mise \u00e0 disposition du foncier, la gouvernance des entreprises publiques \u00e9conomiques, le r\u00f4le de l&rsquo;Etat en tant que contributeur, l&rsquo;int\u00e9gration, la diversification et la promotion de la comp\u00e9titivit\u00e9.&nbsp;<\/p>\n\n\n\n<p>Kamel Nait Ameur<\/p>\n","protected":false},"excerpt":{"rendered":"<p>Organis\u00e9e par le minist\u00e8re de l&rsquo;Industrie sous le haut patronage du pr\u00e9sident de la R\u00e9publique, Abdelmadjid Tebboune, une conf\u00e9rence nationale<\/p>\n","protected":false},"author":3,"featured_media":14356,"comment_status":"open","ping_status":"closed","sticky":false,"template":"","format":"standard","meta":{"colormag_page_container_layout":"default_layout","colormag_page_sidebar_layout":"default_layout","om_disable_all_campaigns":false,"_monsterinsights_skip_tracking":false,"_monsterinsights_sitenote_active":false,"_monsterinsights_sitenote_note":"","_monsterinsights_sitenote_category":0,"footnotes":"","_wpscppro_dont_share_socialmedia":false,"_wpscppro_custom_social_share_image":0,"_facebook_share_type":"","_twitter_share_type":"","_linkedin_share_type":"","_pinterest_share_type":"","_linkedin_share_type_page":"","_instagram_share_type":"","_medium_share_type":"","_threads_share_type":"","_google_business_share_type":"","_selected_social_profile":[],"_wpsp_enable_custom_social_template":false,"_wpsp_social_scheduling":{"enabled":false,"datetime":null,"platforms":[],"status":"template_only","dateOption":"today","timeOption":"now","customDays":"","customHours":"","customDate":"","customTime":"","schedulingType":"absolute"},"_wpsp_active_default_template":true},"categories":[29],"tags":[],"class_list":["post-14355","post","type-post","status-publish","format-standard","has-post-thumbnail","hentry","category-economie"],"aioseo_notices":[],"yoast_head":"<!-- This site is optimized with the Yoast SEO plugin v27.5 - https:\/\/yoast.com\/product\/yoast-seo-wordpress\/ -->\n<title>Elle se tiendra du 4 au 6 d\u00e9cembre : Une conf\u00e9rence nationale sur la relance industrielle - La Sentinelle<\/title>\n<meta name=\"robots\" content=\"index, follow, max-snippet:-1, max-image-preview:large, max-video-preview:-1\" \/>\n<link rel=\"canonical\" href=\"https:\/\/lasentinelle.dz\/index.php\/2021\/12\/01\/elle-se-tiendra-du-4-au-6-decembre-une-conference-nationale-sur-la-relance-industrielle\/\" \/>\n<meta property=\"og:locale\" content=\"fr_FR\" \/>\n<meta property=\"og:type\" content=\"article\" \/>\n<meta property=\"og:title\" content=\"Elle se tiendra du 4 au 6 d\u00e9cembre : Une conf\u00e9rence nationale sur la relance industrielle - La Sentinelle\" \/>\n<meta property=\"og:description\" content=\"Organis\u00e9e par le minist\u00e8re de l&rsquo;Industrie sous le haut patronage du pr\u00e9sident de la R\u00e9publique, Abdelmadjid Tebboune, une conf\u00e9rence nationale\" \/>\n<meta property=\"og:url\" content=\"https:\/\/lasentinelle.dz\/index.php\/2021\/12\/01\/elle-se-tiendra-du-4-au-6-decembre-une-conference-nationale-sur-la-relance-industrielle\/\" \/>\n<meta property=\"og:site_name\" content=\"La Sentinelle\" \/>\n<meta property=\"article:publisher\" content=\"https:\/\/www.facebook.com\/La-Sentinelle-104059864394773\" \/>\n<meta property=\"article:published_time\" content=\"2021-11-30T23:01:00+00:00\" \/>\n<meta property=\"og:image\" content=\"https:\/\/lasentinelle.dz\/wp-content\/uploads\/2021\/11\/FB_IMG_1638270593817.jpg\" \/>\n\t<meta property=\"og:image:width\" content=\"1080\" \/>\n\t<meta property=\"og:image:height\" content=\"1513\" \/>\n\t<meta property=\"og:image:type\" content=\"image\/jpeg\" \/>\n<meta name=\"author\" content=\"La Sentinelle\" \/>\n<meta name=\"twitter:card\" content=\"summary_large_image\" \/>\n<meta name=\"twitter:label1\" content=\"\u00c9crit par\" \/>\n\t<meta name=\"twitter:data1\" content=\"La Sentinelle\" \/>\n\t<meta name=\"twitter:label2\" content=\"Dur\u00e9e de lecture estim\u00e9e\" \/>\n\t<meta name=\"twitter:data2\" content=\"3 minutes\" \/>\n<script type=\"application\/ld+json\" class=\"yoast-schema-graph\">{\"@context\":\"https:\\\/\\\/schema.org\",\"@graph\":[{\"@type\":\"Article\",\"@id\":\"https:\\\/\\\/lasentinelle.dz\\\/index.php\\\/2021\\\/12\\\/01\\\/elle-se-tiendra-du-4-au-6-decembre-une-conference-nationale-sur-la-relance-industrielle\\\/#article\",\"isPartOf\":{\"@id\":\"https:\\\/\\\/lasentinelle.dz\\\/index.php\\\/2021\\\/12\\\/01\\\/elle-se-tiendra-du-4-au-6-decembre-une-conference-nationale-sur-la-relance-industrielle\\\/\"},\"author\":{\"name\":\"La Sentinelle\",\"@id\":\"https:\\\/\\\/lasentinelle.dz\\\/#\\\/schema\\\/person\\\/d865044e22e70a75174ce8bcad3acfb3\"},\"headline\":\"Elle se tiendra du 4 au 6 d\u00e9cembre : Une conf\u00e9rence nationale sur la relance industrielle\",\"datePublished\":\"2021-11-30T23:01:00+00:00\",\"mainEntityOfPage\":{\"@id\":\"https:\\\/\\\/lasentinelle.dz\\\/index.php\\\/2021\\\/12\\\/01\\\/elle-se-tiendra-du-4-au-6-decembre-une-conference-nationale-sur-la-relance-industrielle\\\/\"},\"wordCount\":568,\"commentCount\":0,\"publisher\":{\"@id\":\"https:\\\/\\\/lasentinelle.dz\\\/#organization\"},\"image\":{\"@id\":\"https:\\\/\\\/lasentinelle.dz\\\/index.php\\\/2021\\\/12\\\/01\\\/elle-se-tiendra-du-4-au-6-decembre-une-conference-nationale-sur-la-relance-industrielle\\\/#primaryimage\"},\"thumbnailUrl\":\"https:\\\/\\\/lasentinelle.dz\\\/wp-content\\\/uploads\\\/2021\\\/11\\\/FB_IMG_1638270593817.jpg\",\"articleSection\":[\"\u00c9conomie\"],\"inLanguage\":\"fr-FR\",\"potentialAction\":[{\"@type\":\"CommentAction\",\"name\":\"Comment\",\"target\":[\"https:\\\/\\\/lasentinelle.dz\\\/index.php\\\/2021\\\/12\\\/01\\\/elle-se-tiendra-du-4-au-6-decembre-une-conference-nationale-sur-la-relance-industrielle\\\/#respond\"]}]},{\"@type\":\"WebPage\",\"@id\":\"https:\\\/\\\/lasentinelle.dz\\\/index.php\\\/2021\\\/12\\\/01\\\/elle-se-tiendra-du-4-au-6-decembre-une-conference-nationale-sur-la-relance-industrielle\\\/\",\"url\":\"https:\\\/\\\/lasentinelle.dz\\\/index.php\\\/2021\\\/12\\\/01\\\/elle-se-tiendra-du-4-au-6-decembre-une-conference-nationale-sur-la-relance-industrielle\\\/\",\"name\":\"Elle se tiendra du 4 au 6 d\u00e9cembre : Une conf\u00e9rence nationale sur la relance industrielle - La Sentinelle\",\"isPartOf\":{\"@id\":\"https:\\\/\\\/lasentinelle.dz\\\/#website\"},\"primaryImageOfPage\":{\"@id\":\"https:\\\/\\\/lasentinelle.dz\\\/index.php\\\/2021\\\/12\\\/01\\\/elle-se-tiendra-du-4-au-6-decembre-une-conference-nationale-sur-la-relance-industrielle\\\/#primaryimage\"},\"image\":{\"@id\":\"https:\\\/\\\/lasentinelle.dz\\\/index.php\\\/2021\\\/12\\\/01\\\/elle-se-tiendra-du-4-au-6-decembre-une-conference-nationale-sur-la-relance-industrielle\\\/#primaryimage\"},\"thumbnailUrl\":\"https:\\\/\\\/lasentinelle.dz\\\/wp-content\\\/uploads\\\/2021\\\/11\\\/FB_IMG_1638270593817.jpg\",\"datePublished\":\"2021-11-30T23:01:00+00:00\",\"breadcrumb\":{\"@id\":\"https:\\\/\\\/lasentinelle.dz\\\/index.php\\\/2021\\\/12\\\/01\\\/elle-se-tiendra-du-4-au-6-decembre-une-conference-nationale-sur-la-relance-industrielle\\\/#breadcrumb\"},\"inLanguage\":\"fr-FR\",\"potentialAction\":[{\"@type\":\"ReadAction\",\"target\":[\"https:\\\/\\\/lasentinelle.dz\\\/index.php\\\/2021\\\/12\\\/01\\\/elle-se-tiendra-du-4-au-6-decembre-une-conference-nationale-sur-la-relance-industrielle\\\/\"]}]},{\"@type\":\"ImageObject\",\"inLanguage\":\"fr-FR\",\"@id\":\"https:\\\/\\\/lasentinelle.dz\\\/index.php\\\/2021\\\/12\\\/01\\\/elle-se-tiendra-du-4-au-6-decembre-une-conference-nationale-sur-la-relance-industrielle\\\/#primaryimage\",\"url\":\"https:\\\/\\\/lasentinelle.dz\\\/wp-content\\\/uploads\\\/2021\\\/11\\\/FB_IMG_1638270593817.jpg\",\"contentUrl\":\"https:\\\/\\\/lasentinelle.dz\\\/wp-content\\\/uploads\\\/2021\\\/11\\\/FB_IMG_1638270593817.jpg\",\"width\":1080,\"height\":1513},{\"@type\":\"BreadcrumbList\",\"@id\":\"https:\\\/\\\/lasentinelle.dz\\\/index.php\\\/2021\\\/12\\\/01\\\/elle-se-tiendra-du-4-au-6-decembre-une-conference-nationale-sur-la-relance-industrielle\\\/#breadcrumb\",\"itemListElement\":[{\"@type\":\"ListItem\",\"position\":1,\"name\":\"Accueil\",\"item\":\"https:\\\/\\\/lasentinelle.dz\\\/\"},{\"@type\":\"ListItem\",\"position\":2,\"name\":\"Elle se tiendra du 4 au 6 d\u00e9cembre : Une conf\u00e9rence nationale sur la relance industrielle\"}]},{\"@type\":\"WebSite\",\"@id\":\"https:\\\/\\\/lasentinelle.dz\\\/#website\",\"url\":\"https:\\\/\\\/lasentinelle.dz\\\/\",\"name\":\"La Sentinelle\",\"description\":\"Quotidien national d&#039;information\",\"publisher\":{\"@id\":\"https:\\\/\\\/lasentinelle.dz\\\/#organization\"},\"potentialAction\":[{\"@type\":\"SearchAction\",\"target\":{\"@type\":\"EntryPoint\",\"urlTemplate\":\"https:\\\/\\\/lasentinelle.dz\\\/?s={search_term_string}\"},\"query-input\":{\"@type\":\"PropertyValueSpecification\",\"valueRequired\":true,\"valueName\":\"search_term_string\"}}],\"inLanguage\":\"fr-FR\"},{\"@type\":\"Organization\",\"@id\":\"https:\\\/\\\/lasentinelle.dz\\\/#organization\",\"name\":\"Quotidien La Sentinelle\",\"url\":\"https:\\\/\\\/lasentinelle.dz\\\/\",\"logo\":{\"@type\":\"ImageObject\",\"inLanguage\":\"fr-FR\",\"@id\":\"https:\\\/\\\/lasentinelle.dz\\\/#\\\/schema\\\/logo\\\/image\\\/\",\"url\":\"https:\\\/\\\/lasentinelle.dz\\\/wp-content\\\/uploads\\\/2021\\\/09\\\/logo-sentinelleSLOGAN-1.png\",\"contentUrl\":\"https:\\\/\\\/lasentinelle.dz\\\/wp-content\\\/uploads\\\/2021\\\/09\\\/logo-sentinelleSLOGAN-1.png\",\"width\":615,\"height\":142,\"caption\":\"Quotidien La Sentinelle\"},\"image\":{\"@id\":\"https:\\\/\\\/lasentinelle.dz\\\/#\\\/schema\\\/logo\\\/image\\\/\"},\"sameAs\":[\"https:\\\/\\\/www.facebook.com\\\/La-Sentinelle-104059864394773\"]},{\"@type\":\"Person\",\"@id\":\"https:\\\/\\\/lasentinelle.dz\\\/#\\\/schema\\\/person\\\/d865044e22e70a75174ce8bcad3acfb3\",\"name\":\"La Sentinelle\",\"image\":{\"@type\":\"ImageObject\",\"inLanguage\":\"fr-FR\",\"@id\":\"https:\\\/\\\/secure.gravatar.com\\\/avatar\\\/57de8e5d4b15d43fb361a71fbb36338450fe67865b528a43dd10ef7c51a20392?s=96&d=mm&r=g\",\"url\":\"https:\\\/\\\/secure.gravatar.com\\\/avatar\\\/57de8e5d4b15d43fb361a71fbb36338450fe67865b528a43dd10ef7c51a20392?s=96&d=mm&r=g\",\"contentUrl\":\"https:\\\/\\\/secure.gravatar.com\\\/avatar\\\/57de8e5d4b15d43fb361a71fbb36338450fe67865b528a43dd10ef7c51a20392?s=96&d=mm&r=g\",\"caption\":\"La Sentinelle\"},\"sameAs\":[\"http:\\\/\\\/www.lasentinelle.dz\"],\"url\":\"https:\\\/\\\/lasentinelle.dz\\\/author\\\/redaction\\\/\"}]}<\/script>\n<!-- \/ Yoast SEO plugin. -->","yoast_head_json":{"title":"Elle se tiendra du 4 au 6 d\u00e9cembre : Une conf\u00e9rence nationale sur la relance industrielle - La Sentinelle","robots":{"index":"index","follow":"follow","max-snippet":"max-snippet:-1","max-image-preview":"max-image-preview:large","max-video-preview":"max-video-preview:-1"},"canonical":"https:\/\/lasentinelle.dz\/index.php\/2021\/12\/01\/elle-se-tiendra-du-4-au-6-decembre-une-conference-nationale-sur-la-relance-industrielle\/","og_locale":"fr_FR","og_type":"article","og_title":"Elle se tiendra du 4 au 6 d\u00e9cembre : Une conf\u00e9rence nationale sur la relance industrielle - La Sentinelle","og_description":"Organis\u00e9e par le minist\u00e8re de l&rsquo;Industrie sous le haut patronage du pr\u00e9sident de la R\u00e9publique, Abdelmadjid Tebboune, une conf\u00e9rence nationale","og_url":"https:\/\/lasentinelle.dz\/index.php\/2021\/12\/01\/elle-se-tiendra-du-4-au-6-decembre-une-conference-nationale-sur-la-relance-industrielle\/","og_site_name":"La Sentinelle","article_publisher":"https:\/\/www.facebook.com\/La-Sentinelle-104059864394773","article_published_time":"2021-11-30T23:01:00+00:00","og_image":[{"width":1080,"height":1513,"url":"https:\/\/lasentinelle.dz\/wp-content\/uploads\/2021\/11\/FB_IMG_1638270593817.jpg","type":"image\/jpeg"}],"author":"La Sentinelle","twitter_card":"summary_large_image","twitter_misc":{"\u00c9crit par":"La Sentinelle","Dur\u00e9e de lecture estim\u00e9e":"3 minutes"},"schema":{"@context":"https:\/\/schema.org","@graph":[{"@type":"Article","@id":"https:\/\/lasentinelle.dz\/index.php\/2021\/12\/01\/elle-se-tiendra-du-4-au-6-decembre-une-conference-nationale-sur-la-relance-industrielle\/#article","isPartOf":{"@id":"https:\/\/lasentinelle.dz\/index.php\/2021\/12\/01\/elle-se-tiendra-du-4-au-6-decembre-une-conference-nationale-sur-la-relance-industrielle\/"},"author":{"name":"La Sentinelle","@id":"https:\/\/lasentinelle.dz\/#\/schema\/person\/d865044e22e70a75174ce8bcad3acfb3"},"headline":"Elle se tiendra du 4 au 6 d\u00e9cembre : Une conf\u00e9rence nationale sur la relance industrielle","datePublished":"2021-11-30T23:01:00+00:00","mainEntityOfPage":{"@id":"https:\/\/lasentinelle.dz\/index.php\/2021\/12\/01\/elle-se-tiendra-du-4-au-6-decembre-une-conference-nationale-sur-la-relance-industrielle\/"},"wordCount":568,"commentCount":0,"publisher":{"@id":"https:\/\/lasentinelle.dz\/#organization"},"image":{"@id":"https:\/\/lasentinelle.dz\/index.php\/2021\/12\/01\/elle-se-tiendra-du-4-au-6-decembre-une-conference-nationale-sur-la-relance-industrielle\/#primaryimage"},"thumbnailUrl":"https:\/\/lasentinelle.dz\/wp-content\/uploads\/2021\/11\/FB_IMG_1638270593817.jpg","articleSection":["\u00c9conomie"],"inLanguage":"fr-FR","potentialAction":[{"@type":"CommentAction","name":"Comment","target":["https:\/\/lasentinelle.dz\/index.php\/2021\/12\/01\/elle-se-tiendra-du-4-au-6-decembre-une-conference-nationale-sur-la-relance-industrielle\/#respond"]}]},{"@type":"WebPage","@id":"https:\/\/lasentinelle.dz\/index.php\/2021\/12\/01\/elle-se-tiendra-du-4-au-6-decembre-une-conference-nationale-sur-la-relance-industrielle\/","url":"https:\/\/lasentinelle.dz\/index.php\/2021\/12\/01\/elle-se-tiendra-du-4-au-6-decembre-une-conference-nationale-sur-la-relance-industrielle\/","name":"Elle se tiendra du 4 au 6 d\u00e9cembre : Une conf\u00e9rence nationale sur la relance industrielle - La Sentinelle","isPartOf":{"@id":"https:\/\/lasentinelle.dz\/#website"},"primaryImageOfPage":{"@id":"https:\/\/lasentinelle.dz\/index.php\/2021\/12\/01\/elle-se-tiendra-du-4-au-6-decembre-une-conference-nationale-sur-la-relance-industrielle\/#primaryimage"},"image":{"@id":"https:\/\/lasentinelle.dz\/index.php\/2021\/12\/01\/elle-se-tiendra-du-4-au-6-decembre-une-conference-nationale-sur-la-relance-industrielle\/#primaryimage"},"thumbnailUrl":"https:\/\/lasentinelle.dz\/wp-content\/uploads\/2021\/11\/FB_IMG_1638270593817.jpg","datePublished":"2021-11-30T23:01:00+00:00","breadcrumb":{"@id":"https:\/\/lasentinelle.dz\/index.php\/2021\/12\/01\/elle-se-tiendra-du-4-au-6-decembre-une-conference-nationale-sur-la-relance-industrielle\/#breadcrumb"},"inLanguage":"fr-FR","potentialAction":[{"@type":"ReadAction","target":["https:\/\/lasentinelle.dz\/index.php\/2021\/12\/01\/elle-se-tiendra-du-4-au-6-decembre-une-conference-nationale-sur-la-relance-industrielle\/"]}]},{"@type":"ImageObject","inLanguage":"fr-FR","@id":"https:\/\/lasentinelle.dz\/index.php\/2021\/12\/01\/elle-se-tiendra-du-4-au-6-decembre-une-conference-nationale-sur-la-relance-industrielle\/#primaryimage","url":"https:\/\/lasentinelle.dz\/wp-content\/uploads\/2021\/11\/FB_IMG_1638270593817.jpg","contentUrl":"https:\/\/lasentinelle.dz\/wp-content\/uploads\/2021\/11\/FB_IMG_1638270593817.jpg","width":1080,"height":1513},{"@type":"BreadcrumbList","@id":"https:\/\/lasentinelle.dz\/index.php\/2021\/12\/01\/elle-se-tiendra-du-4-au-6-decembre-une-conference-nationale-sur-la-relance-industrielle\/#breadcrumb","itemListElement":[{"@type":"ListItem","position":1,"name":"Accueil","item":"https:\/\/lasentinelle.dz\/"},{"@type":"ListItem","position":2,"name":"Elle se tiendra du 4 au 6 d\u00e9cembre : Une conf\u00e9rence nationale sur la relance industrielle"}]},{"@type":"WebSite","@id":"https:\/\/lasentinelle.dz\/#website","url":"https:\/\/lasentinelle.dz\/","name":"La Sentinelle","description":"Quotidien national d&#039;information","publisher":{"@id":"https:\/\/lasentinelle.dz\/#organization"},"potentialAction":[{"@type":"SearchAction","target":{"@type":"EntryPoint","urlTemplate":"https:\/\/lasentinelle.dz\/?s={search_term_string}"},"query-input":{"@type":"PropertyValueSpecification","valueRequired":true,"valueName":"search_term_string"}}],"inLanguage":"fr-FR"},{"@type":"Organization","@id":"https:\/\/lasentinelle.dz\/#organization","name":"Quotidien La Sentinelle","url":"https:\/\/lasentinelle.dz\/","logo":{"@type":"ImageObject","inLanguage":"fr-FR","@id":"https:\/\/lasentinelle.dz\/#\/schema\/logo\/image\/","url":"https:\/\/lasentinelle.dz\/wp-content\/uploads\/2021\/09\/logo-sentinelleSLOGAN-1.png","contentUrl":"https:\/\/lasentinelle.dz\/wp-content\/uploads\/2021\/09\/logo-sentinelleSLOGAN-1.png","width":615,"height":142,"caption":"Quotidien La Sentinelle"},"image":{"@id":"https:\/\/lasentinelle.dz\/#\/schema\/logo\/image\/"},"sameAs":["https:\/\/www.facebook.com\/La-Sentinelle-104059864394773"]},{"@type":"Person","@id":"https:\/\/lasentinelle.dz\/#\/schema\/person\/d865044e22e70a75174ce8bcad3acfb3","name":"La Sentinelle","image":{"@type":"ImageObject","inLanguage":"fr-FR","@id":"https:\/\/secure.gravatar.com\/avatar\/57de8e5d4b15d43fb361a71fbb36338450fe67865b528a43dd10ef7c51a20392?s=96&d=mm&r=g","url":"https:\/\/secure.gravatar.com\/avatar\/57de8e5d4b15d43fb361a71fbb36338450fe67865b528a43dd10ef7c51a20392?s=96&d=mm&r=g","contentUrl":"https:\/\/secure.gravatar.com\/avatar\/57de8e5d4b15d43fb361a71fbb36338450fe67865b528a43dd10ef7c51a20392?s=96&d=mm&r=g","caption":"La Sentinelle"},"sameAs":["http:\/\/www.lasentinelle.dz"],"url":"https:\/\/lasentinelle.dz\/author\/redaction\/"}]}},"_links":{"self":[{"href":"https:\/\/lasentinelle.dz\/index.php\/wp-json\/wp\/v2\/posts\/14355","targetHints":{"allow":["GET"]}}],"collection":[{"href":"https:\/\/lasentinelle.dz\/index.php\/wp-json\/wp\/v2\/posts"}],"about":[{"href":"https:\/\/lasentinelle.dz\/index.php\/wp-json\/wp\/v2\/types\/post"}],"author":[{"embeddable":true,"href":"https:\/\/lasentinelle.dz\/index.php\/wp-json\/wp\/v2\/users\/3"}],"replies":[{"embeddable":true,"href":"https:\/\/lasentinelle.dz\/index.php\/wp-json\/wp\/v2\/comments?post=14355"}],"version-history":[{"count":1,"href":"https:\/\/lasentinelle.dz\/index.php\/wp-json\/wp\/v2\/posts\/14355\/revisions"}],"predecessor-version":[{"id":14357,"href":"https:\/\/lasentinelle.dz\/index.php\/wp-json\/wp\/v2\/posts\/14355\/revisions\/14357"}],"wp:featuredmedia":[{"embeddable":true,"href":"https:\/\/lasentinelle.dz\/index.php\/wp-json\/wp\/v2\/media\/14356"}],"wp:attachment":[{"href":"https:\/\/lasentinelle.dz\/index.php\/wp-json\/wp\/v2\/media?parent=14355"}],"wp:term":[{"taxonomy":"category","embeddable":true,"href":"https:\/\/lasentinelle.dz\/index.php\/wp-json\/wp\/v2\/categories?post=14355"},{"taxonomy":"post_tag","embeddable":true,"href":"https:\/\/lasentinelle.dz\/index.php\/wp-json\/wp\/v2\/tags?post=14355"}],"curies":[{"name":"wp","href":"https:\/\/api.w.org\/{rel}","templated":true}]}}