{"id":14374,"date":"2021-12-01T00:01:00","date_gmt":"2021-11-30T23:01:00","guid":{"rendered":"https:\/\/lasentinelle.dz\/?p=14374"},"modified":"2021-11-30T20:14:39","modified_gmt":"2021-11-30T19:14:39","slug":"crise-au-mali-laccord-dalger-seule-voie-pour-le-reglement","status":"publish","type":"post","link":"https:\/\/lasentinelle.dz\/index.php\/2021\/12\/01\/crise-au-mali-laccord-dalger-seule-voie-pour-le-reglement\/","title":{"rendered":"Crise au Mali : L\u2019Accord d\u2019Alger, seule voie pour le r\u00e8glement"},"content":{"rendered":"\n<p>L\u2019Accord d\u2019Alger s\u2019impose comme le seul r\u00e9f\u00e9rent pour le r\u00e8glement de la crise au Mali.<br><\/p>\n\n\n\n<p>C\u2019est dans ce sens que la m\u00e9diation internationale&nbsp;a plaid\u00e9&nbsp;pour l\u2019acc\u00e9l\u00e9ration de la mise en \u0153uvre de l\u2019accord d\u2019Alger. Un communiqu\u00e9 a \u00e9 \u00e9t\u00e9 rendu public, \u00e0&nbsp;l\u2019issue d\u2019une conf\u00e9rence virtuelle tenue le 25 novembre pass\u00e9, par la m\u00e9diation internationale, sous la pr\u00e9sidence de l\u2019envoy\u00e9 sp\u00e9cial&nbsp;alg\u00e9rien pour le Sahel, l\u2019ambassadeur Boudjem\u00e2a Delimi,&nbsp;souligne que&nbsp;les membres de cette m\u00e9diation ont r\u00e9affirm\u00e9 \u00ab l\u2019importance cruciale que rev\u00eat l\u2019acc\u00e9l\u00e9ration de la mise en \u0153uvre de l\u2019accord de paix et la r\u00e9conciliation, issu du processus d\u2019Alger, pour la stabilisation durable du Mali \u00bb.<\/p>\n\n\n\n<p>Ils ont \u00e9galement r\u00e9it\u00e9r\u00e9 \u00ab leur d\u00e9termination \u00e0 jouer pleinement leur r\u00f4le, y compris le cas \u00e9ch\u00e9ant, l\u2019exercice du pouvoir d\u2019arbitrage d\u00e9volu \u00e0 la m\u00e9diation internationale \u00bb, est-il indiqu\u00e9 dans ce communiqu\u00e9, rappelant que \u00ab les membres de la m\u00e9diation internationale se sont r\u00e9jouis de l\u2019initiative prise par l\u2019Alg\u00e9rie d\u2019accueillir, du 22 au 24 octobre dernier, un d\u00e9l\u00e9gation Malienne compos\u00e9e du ministre de la r\u00e9conciliation nationale et de la coh\u00e9sion sociale ainsi que de repr\u00e9sentants des Mouvements signataires de l\u2019accord de paix \u00bb.<\/p>\n\n\n\n<p>Les membres de cette Commission internationale ont \u00e0 cet effet rappel\u00e9 qu\u2019 \u00ab \u00e0 l\u2019occasion de la&nbsp;&nbsp;45e r\u00e9union du Comit\u00e9 de suivi de l\u2019accord (CSA), tenue \u00e0 Bamako le 5 octobre 2021, et outre l\u2019offre, concr\u00e8te et tr\u00e8s encourageante, faite par le gouvernement, notamment en ce qui concerne les quotas des ex-combattants des Mouvements concern\u00e9s par le DDR (d\u00e9sarmement, d\u00e9mobilisation et r\u00e9insertion), le ministre de la r\u00e9conciliation et de la coh\u00e9sion sociale avait annonc\u00e9 la tenue, dans les quinze jours, suivant la r\u00e9union du CSA, d\u2019une r\u00e9union au niveau d\u00e9cisionnel pour discuter de l\u2019ensemble des questions devant aider \u00e0 lever les entraves et aller de l\u2019avant dans la mise en \u0153uvre de l\u2019Accord \u00bb.<\/p>\n\n\n\n<p>\u00ab Ils ont form\u00e9 l\u2019espoir que cette r\u00e9union se tienne aussi rapidement que possible, pour convenir de la marche \u00e0 suivre pour la r\u00e9alisation du DDR global et ont encourag\u00e9 les parties \u00e0 s\u2019engager dans ces discussions de mani\u00e8re constructive et sinc\u00e8re sur la base de l\u2019offre concr\u00e8te faite par le gouvernement en vue de l\u2019int\u00e9gration de 13000 ex-combattants en 2021et de 13000 autres dans les deux \u00e0 trois ann\u00e9es \u00e0 venir \u00bb souligne la m\u00eame source.<\/p>\n\n\n\n<p>Les membres de la m\u00e9diation internationale ont soulign\u00e9 \u00ab l\u2019imp\u00e9ratif du parach\u00e8vement du DDR acc\u00e9l\u00e9r\u00e9, ayant en vue&nbsp;&nbsp;les prises de position du Conseil de s\u00e9curit\u00e9 des Nations Unies (ONU) sur cette question \u00bb,&nbsp;tout en&nbsp;&nbsp;appelant \u00e0 \u00ab des avanc\u00e9es rapides sur les autres aspects du processus de paix, y compris les r\u00e9formes institutionnelles que requiert la mise en \u0153uvre compl\u00e8te et \u00e9quilibr\u00e9e des quatre piliers de l\u2019Accord de paix \u00bb.<\/p>\n\n\n\n<p>En plus, les membres de ladite Commission,&nbsp;&nbsp;ont convenu, dans le prolongement de la r\u00e9union virtuelle, d\u2019 \u00ab entreprendre des d\u00e9marches aupr\u00e8s des parties&nbsp;maliennes pour les encourager \u00e0&nbsp;&nbsp;imprimer une dynamique renforc\u00e9e et de bonne foi \u00e0 la mise en \u0153uvre de l\u2019Accord et marquer la disponibilit\u00e9 de la m\u00e9diation \u00e0 les accompagner et \u00e0 les appuyer de toutes mani\u00e8res possibles \u00bb.&nbsp;Le communiqu\u00e9 a \u00e9galement indiqu\u00e9 que les membres de cette Commission \u00ab se sont f\u00e9licit\u00e9s de la tenue \u00e0 Bamako \u00e0 la mi d\u00e9cembre prochain, \u00e0 l\u2019initiative du Gouvernement et de l\u2019Observateur ind\u00e9pendant d\u2019un s\u00e9minaire sur l\u2019appropriation des parties&nbsp;maliennes, des rapports et recommandations de l\u2019Observateur ind\u00e9pendant \u00bb.<\/p>\n\n\n\n<p>A noter que l\u2019Alg\u00e9rie, en sa qualit\u00e9 de chef de file de la m\u00e9diation internationale, un r\u00f4le qui lui est d\u00e9volu au titre des dispositions, pertinentes de l\u2019Accord pour la paix et la r\u00e9conciliation au Mali, issu du processus d\u2019Alger (chapitre 17 articles 52 et 53),&nbsp;&nbsp;a organis\u00e9 par visioconf\u00e9rence, une r\u00e9union de la m\u00e9diation internationale, dans le cadre de la poursuite des efforts qu\u2019elle d\u00e9ploie pour assurer les conditions idoines \u00e0 m\u00eame de faciliter le retour de la paix et de la stabilit\u00e9 au Mali.&nbsp;Cette r\u00e9union tenue sous la pr\u00e9sidence de l\u2019ambassadeur Boudjem\u00e2a Delmi, \u00e9galement pr\u00e9sident du CSA, pour la paix avait pour objectif d\u2019examiner la situation s\u00e9curitaire pr\u00e9valant au Mali, les obstacles persistants et et explorer les voies et moyens \u00e0 m\u00eame d\u2019aider \u00e0 acc\u00e9l\u00e9rer la mise en \u0153uvre des actions pr\u00e9vues dans l\u2019Accord pour la paix afin d\u2019assurer le retour de la paix et de la stabilit\u00e9 au Mali.<\/p>\n\n\n\n<p><strong>Boubekeur Amrani<\/strong><\/p>\n","protected":false},"excerpt":{"rendered":"<p>L\u2019Accord d\u2019Alger s\u2019impose comme le seul r\u00e9f\u00e9rent pour le r\u00e8glement de la crise au Mali. C\u2019est dans ce sens que<\/p>\n","protected":false},"author":3,"featured_media":14375,"comment_status":"open","ping_status":"closed","sticky":false,"template":"","format":"standard","meta":{"colormag_page_container_layout":"default_layout","colormag_page_sidebar_layout":"default_layout","om_disable_all_campaigns":false,"_monsterinsights_skip_tracking":false,"_monsterinsights_sitenote_active":false,"_monsterinsights_sitenote_note":"","_monsterinsights_sitenote_category":0,"footnotes":"","_wpscppro_dont_share_socialmedia":false,"_wpscppro_custom_social_share_image":0,"_facebook_share_type":"","_twitter_share_type":"","_linkedin_share_type":"","_pinterest_share_type":"","_linkedin_share_type_page":"","_instagram_share_type":"","_medium_share_type":"","_threads_share_type":"","_google_business_share_type":"","_selected_social_profile":[],"_wpsp_enable_custom_social_template":false,"_wpsp_social_scheduling":{"enabled":false,"datetime":null,"platforms":[],"status":"template_only","dateOption":"today","timeOption":"now","customDays":"","customHours":"","customDate":"","customTime":"","schedulingType":"absolute"},"_wpsp_active_default_template":true},"categories":[27],"tags":[],"class_list":["post-14374","post","type-post","status-publish","format-standard","has-post-thumbnail","hentry","category-actualite"],"aioseo_notices":[],"yoast_head":"<!-- This site is optimized with the Yoast SEO plugin v27.5 - https:\/\/yoast.com\/product\/yoast-seo-wordpress\/ -->\n<title>Crise au Mali : L\u2019Accord d\u2019Alger, seule voie pour le r\u00e8glement - La Sentinelle<\/title>\n<meta name=\"robots\" content=\"index, follow, max-snippet:-1, max-image-preview:large, max-video-preview:-1\" \/>\n<link rel=\"canonical\" href=\"https:\/\/lasentinelle.dz\/index.php\/2021\/12\/01\/crise-au-mali-laccord-dalger-seule-voie-pour-le-reglement\/\" \/>\n<meta property=\"og:locale\" content=\"fr_FR\" \/>\n<meta property=\"og:type\" content=\"article\" \/>\n<meta property=\"og:title\" content=\"Crise au Mali : L\u2019Accord d\u2019Alger, seule voie pour le r\u00e8glement - La Sentinelle\" \/>\n<meta property=\"og:description\" content=\"L\u2019Accord d\u2019Alger s\u2019impose comme le seul r\u00e9f\u00e9rent pour le r\u00e8glement de la crise au Mali. C\u2019est dans ce sens que\" \/>\n<meta property=\"og:url\" content=\"https:\/\/lasentinelle.dz\/index.php\/2021\/12\/01\/crise-au-mali-laccord-dalger-seule-voie-pour-le-reglement\/\" \/>\n<meta property=\"og:site_name\" content=\"La Sentinelle\" \/>\n<meta property=\"article:publisher\" content=\"https:\/\/www.facebook.com\/La-Sentinelle-104059864394773\" \/>\n<meta property=\"article:published_time\" content=\"2021-11-30T23:01:00+00:00\" \/>\n<meta property=\"og:image\" content=\"https:\/\/lasentinelle.dz\/wp-content\/uploads\/2021\/11\/mali.jpg\" \/>\n\t<meta property=\"og:image:width\" content=\"620\" \/>\n\t<meta property=\"og:image:height\" content=\"413\" \/>\n\t<meta property=\"og:image:type\" content=\"image\/jpeg\" \/>\n<meta name=\"author\" content=\"La Sentinelle\" \/>\n<meta name=\"twitter:card\" content=\"summary_large_image\" \/>\n<meta name=\"twitter:label1\" content=\"\u00c9crit par\" \/>\n\t<meta name=\"twitter:data1\" content=\"La Sentinelle\" \/>\n\t<meta name=\"twitter:label2\" content=\"Dur\u00e9e de lecture estim\u00e9e\" \/>\n\t<meta name=\"twitter:data2\" content=\"4 minutes\" \/>\n<script type=\"application\/ld+json\" class=\"yoast-schema-graph\">{\"@context\":\"https:\\\/\\\/schema.org\",\"@graph\":[{\"@type\":\"Article\",\"@id\":\"https:\\\/\\\/lasentinelle.dz\\\/index.php\\\/2021\\\/12\\\/01\\\/crise-au-mali-laccord-dalger-seule-voie-pour-le-reglement\\\/#article\",\"isPartOf\":{\"@id\":\"https:\\\/\\\/lasentinelle.dz\\\/index.php\\\/2021\\\/12\\\/01\\\/crise-au-mali-laccord-dalger-seule-voie-pour-le-reglement\\\/\"},\"author\":{\"name\":\"La Sentinelle\",\"@id\":\"https:\\\/\\\/lasentinelle.dz\\\/#\\\/schema\\\/person\\\/d865044e22e70a75174ce8bcad3acfb3\"},\"headline\":\"Crise au Mali : L\u2019Accord d\u2019Alger, seule voie pour le r\u00e8glement\",\"datePublished\":\"2021-11-30T23:01:00+00:00\",\"mainEntityOfPage\":{\"@id\":\"https:\\\/\\\/lasentinelle.dz\\\/index.php\\\/2021\\\/12\\\/01\\\/crise-au-mali-laccord-dalger-seule-voie-pour-le-reglement\\\/\"},\"wordCount\":850,\"commentCount\":0,\"publisher\":{\"@id\":\"https:\\\/\\\/lasentinelle.dz\\\/#organization\"},\"image\":{\"@id\":\"https:\\\/\\\/lasentinelle.dz\\\/index.php\\\/2021\\\/12\\\/01\\\/crise-au-mali-laccord-dalger-seule-voie-pour-le-reglement\\\/#primaryimage\"},\"thumbnailUrl\":\"https:\\\/\\\/lasentinelle.dz\\\/wp-content\\\/uploads\\\/2021\\\/11\\\/mali.jpg\",\"articleSection\":[\"Actualit\u00e9\"],\"inLanguage\":\"fr-FR\",\"potentialAction\":[{\"@type\":\"CommentAction\",\"name\":\"Comment\",\"target\":[\"https:\\\/\\\/lasentinelle.dz\\\/index.php\\\/2021\\\/12\\\/01\\\/crise-au-mali-laccord-dalger-seule-voie-pour-le-reglement\\\/#respond\"]}]},{\"@type\":\"WebPage\",\"@id\":\"https:\\\/\\\/lasentinelle.dz\\\/index.php\\\/2021\\\/12\\\/01\\\/crise-au-mali-laccord-dalger-seule-voie-pour-le-reglement\\\/\",\"url\":\"https:\\\/\\\/lasentinelle.dz\\\/index.php\\\/2021\\\/12\\\/01\\\/crise-au-mali-laccord-dalger-seule-voie-pour-le-reglement\\\/\",\"name\":\"Crise au Mali : L\u2019Accord d\u2019Alger, seule voie pour le r\u00e8glement - La Sentinelle\",\"isPartOf\":{\"@id\":\"https:\\\/\\\/lasentinelle.dz\\\/#website\"},\"primaryImageOfPage\":{\"@id\":\"https:\\\/\\\/lasentinelle.dz\\\/index.php\\\/2021\\\/12\\\/01\\\/crise-au-mali-laccord-dalger-seule-voie-pour-le-reglement\\\/#primaryimage\"},\"image\":{\"@id\":\"https:\\\/\\\/lasentinelle.dz\\\/index.php\\\/2021\\\/12\\\/01\\\/crise-au-mali-laccord-dalger-seule-voie-pour-le-reglement\\\/#primaryimage\"},\"thumbnailUrl\":\"https:\\\/\\\/lasentinelle.dz\\\/wp-content\\\/uploads\\\/2021\\\/11\\\/mali.jpg\",\"datePublished\":\"2021-11-30T23:01:00+00:00\",\"breadcrumb\":{\"@id\":\"https:\\\/\\\/lasentinelle.dz\\\/index.php\\\/2021\\\/12\\\/01\\\/crise-au-mali-laccord-dalger-seule-voie-pour-le-reglement\\\/#breadcrumb\"},\"inLanguage\":\"fr-FR\",\"potentialAction\":[{\"@type\":\"ReadAction\",\"target\":[\"https:\\\/\\\/lasentinelle.dz\\\/index.php\\\/2021\\\/12\\\/01\\\/crise-au-mali-laccord-dalger-seule-voie-pour-le-reglement\\\/\"]}]},{\"@type\":\"ImageObject\",\"inLanguage\":\"fr-FR\",\"@id\":\"https:\\\/\\\/lasentinelle.dz\\\/index.php\\\/2021\\\/12\\\/01\\\/crise-au-mali-laccord-dalger-seule-voie-pour-le-reglement\\\/#primaryimage\",\"url\":\"https:\\\/\\\/lasentinelle.dz\\\/wp-content\\\/uploads\\\/2021\\\/11\\\/mali.jpg\",\"contentUrl\":\"https:\\\/\\\/lasentinelle.dz\\\/wp-content\\\/uploads\\\/2021\\\/11\\\/mali.jpg\",\"width\":620,\"height\":413},{\"@type\":\"BreadcrumbList\",\"@id\":\"https:\\\/\\\/lasentinelle.dz\\\/index.php\\\/2021\\\/12\\\/01\\\/crise-au-mali-laccord-dalger-seule-voie-pour-le-reglement\\\/#breadcrumb\",\"itemListElement\":[{\"@type\":\"ListItem\",\"position\":1,\"name\":\"Accueil\",\"item\":\"https:\\\/\\\/lasentinelle.dz\\\/\"},{\"@type\":\"ListItem\",\"position\":2,\"name\":\"Crise au Mali : L\u2019Accord d\u2019Alger, seule voie pour le r\u00e8glement\"}]},{\"@type\":\"WebSite\",\"@id\":\"https:\\\/\\\/lasentinelle.dz\\\/#website\",\"url\":\"https:\\\/\\\/lasentinelle.dz\\\/\",\"name\":\"La Sentinelle\",\"description\":\"Quotidien national d&#039;information\",\"publisher\":{\"@id\":\"https:\\\/\\\/lasentinelle.dz\\\/#organization\"},\"potentialAction\":[{\"@type\":\"SearchAction\",\"target\":{\"@type\":\"EntryPoint\",\"urlTemplate\":\"https:\\\/\\\/lasentinelle.dz\\\/?s={search_term_string}\"},\"query-input\":{\"@type\":\"PropertyValueSpecification\",\"valueRequired\":true,\"valueName\":\"search_term_string\"}}],\"inLanguage\":\"fr-FR\"},{\"@type\":\"Organization\",\"@id\":\"https:\\\/\\\/lasentinelle.dz\\\/#organization\",\"name\":\"Quotidien La Sentinelle\",\"url\":\"https:\\\/\\\/lasentinelle.dz\\\/\",\"logo\":{\"@type\":\"ImageObject\",\"inLanguage\":\"fr-FR\",\"@id\":\"https:\\\/\\\/lasentinelle.dz\\\/#\\\/schema\\\/logo\\\/image\\\/\",\"url\":\"https:\\\/\\\/lasentinelle.dz\\\/wp-content\\\/uploads\\\/2021\\\/09\\\/logo-sentinelleSLOGAN-1.png\",\"contentUrl\":\"https:\\\/\\\/lasentinelle.dz\\\/wp-content\\\/uploads\\\/2021\\\/09\\\/logo-sentinelleSLOGAN-1.png\",\"width\":615,\"height\":142,\"caption\":\"Quotidien La Sentinelle\"},\"image\":{\"@id\":\"https:\\\/\\\/lasentinelle.dz\\\/#\\\/schema\\\/logo\\\/image\\\/\"},\"sameAs\":[\"https:\\\/\\\/www.facebook.com\\\/La-Sentinelle-104059864394773\"]},{\"@type\":\"Person\",\"@id\":\"https:\\\/\\\/lasentinelle.dz\\\/#\\\/schema\\\/person\\\/d865044e22e70a75174ce8bcad3acfb3\",\"name\":\"La Sentinelle\",\"image\":{\"@type\":\"ImageObject\",\"inLanguage\":\"fr-FR\",\"@id\":\"https:\\\/\\\/secure.gravatar.com\\\/avatar\\\/57de8e5d4b15d43fb361a71fbb36338450fe67865b528a43dd10ef7c51a20392?s=96&d=mm&r=g\",\"url\":\"https:\\\/\\\/secure.gravatar.com\\\/avatar\\\/57de8e5d4b15d43fb361a71fbb36338450fe67865b528a43dd10ef7c51a20392?s=96&d=mm&r=g\",\"contentUrl\":\"https:\\\/\\\/secure.gravatar.com\\\/avatar\\\/57de8e5d4b15d43fb361a71fbb36338450fe67865b528a43dd10ef7c51a20392?s=96&d=mm&r=g\",\"caption\":\"La Sentinelle\"},\"sameAs\":[\"http:\\\/\\\/www.lasentinelle.dz\"],\"url\":\"https:\\\/\\\/lasentinelle.dz\\\/author\\\/redaction\\\/\"}]}<\/script>\n<!-- \/ Yoast SEO plugin. -->","yoast_head_json":{"title":"Crise au Mali : L\u2019Accord d\u2019Alger, seule voie pour le r\u00e8glement - La Sentinelle","robots":{"index":"index","follow":"follow","max-snippet":"max-snippet:-1","max-image-preview":"max-image-preview:large","max-video-preview":"max-video-preview:-1"},"canonical":"https:\/\/lasentinelle.dz\/index.php\/2021\/12\/01\/crise-au-mali-laccord-dalger-seule-voie-pour-le-reglement\/","og_locale":"fr_FR","og_type":"article","og_title":"Crise au Mali : L\u2019Accord d\u2019Alger, seule voie pour le r\u00e8glement - La Sentinelle","og_description":"L\u2019Accord d\u2019Alger s\u2019impose comme le seul r\u00e9f\u00e9rent pour le r\u00e8glement de la crise au Mali. C\u2019est dans ce sens que","og_url":"https:\/\/lasentinelle.dz\/index.php\/2021\/12\/01\/crise-au-mali-laccord-dalger-seule-voie-pour-le-reglement\/","og_site_name":"La Sentinelle","article_publisher":"https:\/\/www.facebook.com\/La-Sentinelle-104059864394773","article_published_time":"2021-11-30T23:01:00+00:00","og_image":[{"width":620,"height":413,"url":"https:\/\/lasentinelle.dz\/wp-content\/uploads\/2021\/11\/mali.jpg","type":"image\/jpeg"}],"author":"La Sentinelle","twitter_card":"summary_large_image","twitter_misc":{"\u00c9crit par":"La Sentinelle","Dur\u00e9e de lecture estim\u00e9e":"4 minutes"},"schema":{"@context":"https:\/\/schema.org","@graph":[{"@type":"Article","@id":"https:\/\/lasentinelle.dz\/index.php\/2021\/12\/01\/crise-au-mali-laccord-dalger-seule-voie-pour-le-reglement\/#article","isPartOf":{"@id":"https:\/\/lasentinelle.dz\/index.php\/2021\/12\/01\/crise-au-mali-laccord-dalger-seule-voie-pour-le-reglement\/"},"author":{"name":"La Sentinelle","@id":"https:\/\/lasentinelle.dz\/#\/schema\/person\/d865044e22e70a75174ce8bcad3acfb3"},"headline":"Crise au Mali : L\u2019Accord d\u2019Alger, seule voie pour le r\u00e8glement","datePublished":"2021-11-30T23:01:00+00:00","mainEntityOfPage":{"@id":"https:\/\/lasentinelle.dz\/index.php\/2021\/12\/01\/crise-au-mali-laccord-dalger-seule-voie-pour-le-reglement\/"},"wordCount":850,"commentCount":0,"publisher":{"@id":"https:\/\/lasentinelle.dz\/#organization"},"image":{"@id":"https:\/\/lasentinelle.dz\/index.php\/2021\/12\/01\/crise-au-mali-laccord-dalger-seule-voie-pour-le-reglement\/#primaryimage"},"thumbnailUrl":"https:\/\/lasentinelle.dz\/wp-content\/uploads\/2021\/11\/mali.jpg","articleSection":["Actualit\u00e9"],"inLanguage":"fr-FR","potentialAction":[{"@type":"CommentAction","name":"Comment","target":["https:\/\/lasentinelle.dz\/index.php\/2021\/12\/01\/crise-au-mali-laccord-dalger-seule-voie-pour-le-reglement\/#respond"]}]},{"@type":"WebPage","@id":"https:\/\/lasentinelle.dz\/index.php\/2021\/12\/01\/crise-au-mali-laccord-dalger-seule-voie-pour-le-reglement\/","url":"https:\/\/lasentinelle.dz\/index.php\/2021\/12\/01\/crise-au-mali-laccord-dalger-seule-voie-pour-le-reglement\/","name":"Crise au Mali : L\u2019Accord d\u2019Alger, seule voie pour le r\u00e8glement - La Sentinelle","isPartOf":{"@id":"https:\/\/lasentinelle.dz\/#website"},"primaryImageOfPage":{"@id":"https:\/\/lasentinelle.dz\/index.php\/2021\/12\/01\/crise-au-mali-laccord-dalger-seule-voie-pour-le-reglement\/#primaryimage"},"image":{"@id":"https:\/\/lasentinelle.dz\/index.php\/2021\/12\/01\/crise-au-mali-laccord-dalger-seule-voie-pour-le-reglement\/#primaryimage"},"thumbnailUrl":"https:\/\/lasentinelle.dz\/wp-content\/uploads\/2021\/11\/mali.jpg","datePublished":"2021-11-30T23:01:00+00:00","breadcrumb":{"@id":"https:\/\/lasentinelle.dz\/index.php\/2021\/12\/01\/crise-au-mali-laccord-dalger-seule-voie-pour-le-reglement\/#breadcrumb"},"inLanguage":"fr-FR","potentialAction":[{"@type":"ReadAction","target":["https:\/\/lasentinelle.dz\/index.php\/2021\/12\/01\/crise-au-mali-laccord-dalger-seule-voie-pour-le-reglement\/"]}]},{"@type":"ImageObject","inLanguage":"fr-FR","@id":"https:\/\/lasentinelle.dz\/index.php\/2021\/12\/01\/crise-au-mali-laccord-dalger-seule-voie-pour-le-reglement\/#primaryimage","url":"https:\/\/lasentinelle.dz\/wp-content\/uploads\/2021\/11\/mali.jpg","contentUrl":"https:\/\/lasentinelle.dz\/wp-content\/uploads\/2021\/11\/mali.jpg","width":620,"height":413},{"@type":"BreadcrumbList","@id":"https:\/\/lasentinelle.dz\/index.php\/2021\/12\/01\/crise-au-mali-laccord-dalger-seule-voie-pour-le-reglement\/#breadcrumb","itemListElement":[{"@type":"ListItem","position":1,"name":"Accueil","item":"https:\/\/lasentinelle.dz\/"},{"@type":"ListItem","position":2,"name":"Crise au Mali : L\u2019Accord d\u2019Alger, seule voie pour le r\u00e8glement"}]},{"@type":"WebSite","@id":"https:\/\/lasentinelle.dz\/#website","url":"https:\/\/lasentinelle.dz\/","name":"La Sentinelle","description":"Quotidien national d&#039;information","publisher":{"@id":"https:\/\/lasentinelle.dz\/#organization"},"potentialAction":[{"@type":"SearchAction","target":{"@type":"EntryPoint","urlTemplate":"https:\/\/lasentinelle.dz\/?s={search_term_string}"},"query-input":{"@type":"PropertyValueSpecification","valueRequired":true,"valueName":"search_term_string"}}],"inLanguage":"fr-FR"},{"@type":"Organization","@id":"https:\/\/lasentinelle.dz\/#organization","name":"Quotidien La Sentinelle","url":"https:\/\/lasentinelle.dz\/","logo":{"@type":"ImageObject","inLanguage":"fr-FR","@id":"https:\/\/lasentinelle.dz\/#\/schema\/logo\/image\/","url":"https:\/\/lasentinelle.dz\/wp-content\/uploads\/2021\/09\/logo-sentinelleSLOGAN-1.png","contentUrl":"https:\/\/lasentinelle.dz\/wp-content\/uploads\/2021\/09\/logo-sentinelleSLOGAN-1.png","width":615,"height":142,"caption":"Quotidien La Sentinelle"},"image":{"@id":"https:\/\/lasentinelle.dz\/#\/schema\/logo\/image\/"},"sameAs":["https:\/\/www.facebook.com\/La-Sentinelle-104059864394773"]},{"@type":"Person","@id":"https:\/\/lasentinelle.dz\/#\/schema\/person\/d865044e22e70a75174ce8bcad3acfb3","name":"La Sentinelle","image":{"@type":"ImageObject","inLanguage":"fr-FR","@id":"https:\/\/secure.gravatar.com\/avatar\/57de8e5d4b15d43fb361a71fbb36338450fe67865b528a43dd10ef7c51a20392?s=96&d=mm&r=g","url":"https:\/\/secure.gravatar.com\/avatar\/57de8e5d4b15d43fb361a71fbb36338450fe67865b528a43dd10ef7c51a20392?s=96&d=mm&r=g","contentUrl":"https:\/\/secure.gravatar.com\/avatar\/57de8e5d4b15d43fb361a71fbb36338450fe67865b528a43dd10ef7c51a20392?s=96&d=mm&r=g","caption":"La Sentinelle"},"sameAs":["http:\/\/www.lasentinelle.dz"],"url":"https:\/\/lasentinelle.dz\/author\/redaction\/"}]}},"_links":{"self":[{"href":"https:\/\/lasentinelle.dz\/index.php\/wp-json\/wp\/v2\/posts\/14374","targetHints":{"allow":["GET"]}}],"collection":[{"href":"https:\/\/lasentinelle.dz\/index.php\/wp-json\/wp\/v2\/posts"}],"about":[{"href":"https:\/\/lasentinelle.dz\/index.php\/wp-json\/wp\/v2\/types\/post"}],"author":[{"embeddable":true,"href":"https:\/\/lasentinelle.dz\/index.php\/wp-json\/wp\/v2\/users\/3"}],"replies":[{"embeddable":true,"href":"https:\/\/lasentinelle.dz\/index.php\/wp-json\/wp\/v2\/comments?post=14374"}],"version-history":[{"count":1,"href":"https:\/\/lasentinelle.dz\/index.php\/wp-json\/wp\/v2\/posts\/14374\/revisions"}],"predecessor-version":[{"id":14376,"href":"https:\/\/lasentinelle.dz\/index.php\/wp-json\/wp\/v2\/posts\/14374\/revisions\/14376"}],"wp:featuredmedia":[{"embeddable":true,"href":"https:\/\/lasentinelle.dz\/index.php\/wp-json\/wp\/v2\/media\/14375"}],"wp:attachment":[{"href":"https:\/\/lasentinelle.dz\/index.php\/wp-json\/wp\/v2\/media?parent=14374"}],"wp:term":[{"taxonomy":"category","embeddable":true,"href":"https:\/\/lasentinelle.dz\/index.php\/wp-json\/wp\/v2\/categories?post=14374"},{"taxonomy":"post_tag","embeddable":true,"href":"https:\/\/lasentinelle.dz\/index.php\/wp-json\/wp\/v2\/tags?post=14374"}],"curies":[{"name":"wp","href":"https:\/\/api.w.org\/{rel}","templated":true}]}}