{"id":14417,"date":"2021-12-02T00:01:00","date_gmt":"2021-12-01T23:01:00","guid":{"rendered":"https:\/\/lasentinelle.dz\/?p=14417"},"modified":"2021-12-01T17:35:05","modified_gmt":"2021-12-01T16:35:05","slug":"jeux-mediterraneens-oran-2022-sebgag-repond-au-cijm","status":"publish","type":"post","link":"https:\/\/lasentinelle.dz\/index.php\/2021\/12\/02\/jeux-mediterraneens-oran-2022-sebgag-repond-au-cijm\/","title":{"rendered":"Jeux m\u00e9diterran\u00e9ens Oran-2022 : Sebgag r\u00e9pond au CIJM"},"content":{"rendered":"\n<p>Le Comit\u00e9 international, a soulign\u00e9&nbsp;&nbsp;le MJS, \u00ab aura l&rsquo;occasion de constater par lui-m\u00eame l&rsquo;avancement des pr\u00e9paratifs lors de la visite de ses repr\u00e9sentants \u00e0 Oran les 11 et 12 d\u00e9cembre prochain \u00bb.<\/p>\n\n\n\n<p>Le ministre de la Jeunesse et des Sports, Abderrazak Sebgag, a affirm\u00e9 mardi \u00e0 Oran que l&rsquo;inqui\u00e9tude du Comit\u00e9 international des Jeux m\u00e9diterran\u00e9ens, exprim\u00e9e dans un communiqu\u00e9, par rapport au retard dans les pr\u00e9paratifs de la 19e \u00e9dition des jeux pr\u00e9vus dans la capitale de l\u2019Ouest alg\u00e9rien l&rsquo;\u00e9t\u00e9 2022 \u00ab n\u2019a aucune relation avec la r\u00e9alit\u00e9 \u00bb. En marge de sa visite aux infrastructures sportives concern\u00e9es par cet \u00e9v\u00e9nement, le ministre a soulign\u00e9 que \u00ab le comit\u00e9 international a le droit de donner son avis sur ce sujet, mais la r\u00e9alit\u00e9 est tout autre sur le terrain et diff\u00e8re compl\u00e8tement de ce qui circule \u00e0 cet \u00e9gard, \u00e0 savoir de pr\u00e9tendues all\u00e9gations faites par des partis au service de certains agendas \u00bb. Et d&rsquo;ajouter: \u00ab Il ne faut pas donner plus que ce qui a \u00e9t\u00e9 dit sur les pr\u00e9paratifs des Jeux par le Comit\u00e9 international ni entrer dans la pol\u00e9mique, car la r\u00e9alit\u00e9 du terrain confirme que les travaux des diff\u00e9rentes infrastructures sportives sont entr\u00e9s dans leur phase finale et seront r\u00e9ceptionn\u00e9s dans les prochaines semaines \u00bb. Le Comit\u00e9 international, a soulign\u00e9&nbsp;&nbsp;Sebgag, \u00ab aura l&rsquo;occasion de constater par lui-m\u00eame l&rsquo;avancement des pr\u00e9paratifs lors de la visite de ses repr\u00e9sentants \u00e0 Oran les 11 et 12 d\u00e9cembre prochain \u00bb. Le ministre a exprim\u00e9 sa satisfaction quant au rythme impr\u00e9gn\u00e9 aux travaux au niveau des diff\u00e9rentes infrastructures qu\u2019il a visit\u00e9es, saluant leur qualit\u00e9 et leur volume, soulignant qu&rsquo;\u00ab il n&rsquo;y a pas lieu de les comparer \u00e0 celles de la pr\u00e9c\u00e9dente \u00e9dition des jeux abrit\u00e9e par la ville espagnole de Tarragone\u00a0\u00bb. Sebgag a estim\u00e9 que ce genre de r\u00e9alisations \u00ab\u00a0sera en faveur du comit\u00e9 international des jeux m\u00e9diterran\u00e9ens CIJM vu qu\u2019il pr\u00e9sentera un meilleur visage des jeux et sera en faveur du mouvement sportif national qui pourra en profiter \u00e0 l\u2019avenir \u00bb. \u00ab Il est certain que l&rsquo;Alg\u00e9rie sera fid\u00e8le \u00e0 ses engagements et confirmera qu&rsquo;elle est en mesure d&rsquo;organiser les plus grandes comp\u00e9titions sportives internationales \u00bb, a-t-il affirm\u00e9 \u00e0 ce propos. Pour accorder \u00e0 la prochaine \u00e9dition de cette manifestation m\u00e9diterran\u00e9enne les meilleures chances pour assurer son succ\u00e8s sur tous les plans, le ministre a annonc\u00e9 que les organisateurs ont \u00e9labor\u00e9 \u00ab un riche programme pour la promotion m\u00e9diatique de cet \u00e9v\u00e9nement qui sera lanc\u00e9 au d\u00e9but de l\u2019ann\u00e9e prochaine \u00bb. R\u00e9pondant \u00e0 une question concernant la possibilit\u00e9 pour l&rsquo;\u00e9quipe nationale de football d&rsquo;accueillir ses adversaires dans le nouveau stade d&rsquo;Oran, surtout que ce dernier dispose d\u2019une bonne pelouse, le ministre a soulign\u00e9 que ce stade sera bient\u00f4t r\u00e9habilit\u00e9 apr\u00e8s avoir r\u00e9uni tous les crit\u00e8res fix\u00e9s par les f\u00e9d\u00e9rations internationales et africaines (FIFA et CAF). \u00ab L&rsquo;entra\u00eeneur national sera libre ensuite de prendre la d\u00e9cision qu&rsquo;il juge appropri\u00e9e pour l&rsquo;\u00e9quipe nationale parce qu&rsquo;il est le plus apte \u00bb. Le stade d&rsquo;Oran, dot\u00e9 d&rsquo;une capacit\u00e9 de 40 000 places, a \u00e9t\u00e9 l&rsquo;une des \u00e9tapes de la visite de M. Sebgag, qui a re\u00e7u des explications du directeur de wilaya des \u00e9quipements publics concernant l&rsquo;avancement des travaux de cette infrastructure qui sera livr\u00e9e les prochaines semaines, a affirm\u00e9 le ministre.&nbsp;<\/p>\n\n\n\n<p>R. S.<\/p>\n","protected":false},"excerpt":{"rendered":"<p>Le Comit\u00e9 international, a soulign\u00e9&nbsp;&nbsp;le MJS, \u00ab aura l&rsquo;occasion de constater par lui-m\u00eame l&rsquo;avancement des pr\u00e9paratifs lors de la visite<\/p>\n","protected":false},"author":2,"featured_media":14418,"comment_status":"open","ping_status":"closed","sticky":false,"template":"","format":"standard","meta":{"colormag_page_container_layout":"default_layout","colormag_page_sidebar_layout":"default_layout","om_disable_all_campaigns":false,"_monsterinsights_skip_tracking":false,"_monsterinsights_sitenote_active":false,"_monsterinsights_sitenote_note":"","_monsterinsights_sitenote_category":0,"footnotes":"","_wpscppro_dont_share_socialmedia":false,"_wpscppro_custom_social_share_image":0,"_facebook_share_type":"","_twitter_share_type":"","_linkedin_share_type":"","_pinterest_share_type":"","_linkedin_share_type_page":"","_instagram_share_type":"","_medium_share_type":"","_threads_share_type":"","_google_business_share_type":"","_selected_social_profile":[],"_wpsp_enable_custom_social_template":false,"_wpsp_social_scheduling":{"enabled":false,"datetime":null,"platforms":[],"status":"template_only","dateOption":"today","timeOption":"now","customDays":"","customHours":"","customDate":"","customTime":"","schedulingType":"absolute"},"_wpsp_active_default_template":true},"categories":[33],"tags":[],"class_list":["post-14417","post","type-post","status-publish","format-standard","has-post-thumbnail","hentry","category-sports"],"aioseo_notices":[],"yoast_head":"<!-- This site is optimized with the Yoast SEO plugin v27.5 - https:\/\/yoast.com\/product\/yoast-seo-wordpress\/ -->\n<title>Jeux m\u00e9diterran\u00e9ens Oran-2022 : Sebgag r\u00e9pond au CIJM - La Sentinelle<\/title>\n<meta name=\"robots\" content=\"index, follow, max-snippet:-1, max-image-preview:large, max-video-preview:-1\" \/>\n<link rel=\"canonical\" href=\"https:\/\/lasentinelle.dz\/index.php\/2021\/12\/02\/jeux-mediterraneens-oran-2022-sebgag-repond-au-cijm\/\" \/>\n<meta property=\"og:locale\" content=\"fr_FR\" \/>\n<meta property=\"og:type\" content=\"article\" \/>\n<meta property=\"og:title\" content=\"Jeux m\u00e9diterran\u00e9ens Oran-2022 : Sebgag r\u00e9pond au CIJM - La Sentinelle\" \/>\n<meta property=\"og:description\" content=\"Le Comit\u00e9 international, a soulign\u00e9&nbsp;&nbsp;le MJS, \u00ab aura l&rsquo;occasion de constater par lui-m\u00eame l&rsquo;avancement des pr\u00e9paratifs lors de la visite\" \/>\n<meta property=\"og:url\" content=\"https:\/\/lasentinelle.dz\/index.php\/2021\/12\/02\/jeux-mediterraneens-oran-2022-sebgag-repond-au-cijm\/\" \/>\n<meta property=\"og:site_name\" content=\"La Sentinelle\" \/>\n<meta property=\"article:publisher\" content=\"https:\/\/www.facebook.com\/La-Sentinelle-104059864394773\" \/>\n<meta property=\"article:published_time\" content=\"2021-12-01T23:01:00+00:00\" \/>\n<meta property=\"og:image\" content=\"https:\/\/lasentinelle.dz\/wp-content\/uploads\/2021\/12\/Sebgag.jpg\" \/>\n\t<meta property=\"og:image:width\" content=\"960\" \/>\n\t<meta property=\"og:image:height\" content=\"640\" \/>\n\t<meta property=\"og:image:type\" content=\"image\/jpeg\" \/>\n<meta name=\"author\" content=\"Azzedine Belferag\" \/>\n<meta name=\"twitter:card\" content=\"summary_large_image\" \/>\n<meta name=\"twitter:label1\" content=\"\u00c9crit par\" \/>\n\t<meta name=\"twitter:data1\" content=\"Azzedine Belferag\" \/>\n\t<meta name=\"twitter:label2\" content=\"Dur\u00e9e de lecture estim\u00e9e\" \/>\n\t<meta name=\"twitter:data2\" content=\"3 minutes\" \/>\n<script type=\"application\/ld+json\" class=\"yoast-schema-graph\">{\"@context\":\"https:\\\/\\\/schema.org\",\"@graph\":[{\"@type\":\"Article\",\"@id\":\"https:\\\/\\\/lasentinelle.dz\\\/index.php\\\/2021\\\/12\\\/02\\\/jeux-mediterraneens-oran-2022-sebgag-repond-au-cijm\\\/#article\",\"isPartOf\":{\"@id\":\"https:\\\/\\\/lasentinelle.dz\\\/index.php\\\/2021\\\/12\\\/02\\\/jeux-mediterraneens-oran-2022-sebgag-repond-au-cijm\\\/\"},\"author\":{\"name\":\"Azzedine Belferag\",\"@id\":\"https:\\\/\\\/lasentinelle.dz\\\/#\\\/schema\\\/person\\\/e22c868643946ece5f328ac9d185b29f\"},\"headline\":\"Jeux m\u00e9diterran\u00e9ens Oran-2022 : Sebgag r\u00e9pond au CIJM\",\"datePublished\":\"2021-12-01T23:01:00+00:00\",\"mainEntityOfPage\":{\"@id\":\"https:\\\/\\\/lasentinelle.dz\\\/index.php\\\/2021\\\/12\\\/02\\\/jeux-mediterraneens-oran-2022-sebgag-repond-au-cijm\\\/\"},\"wordCount\":617,\"commentCount\":0,\"publisher\":{\"@id\":\"https:\\\/\\\/lasentinelle.dz\\\/#organization\"},\"image\":{\"@id\":\"https:\\\/\\\/lasentinelle.dz\\\/index.php\\\/2021\\\/12\\\/02\\\/jeux-mediterraneens-oran-2022-sebgag-repond-au-cijm\\\/#primaryimage\"},\"thumbnailUrl\":\"https:\\\/\\\/lasentinelle.dz\\\/wp-content\\\/uploads\\\/2021\\\/12\\\/Sebgag.jpg\",\"articleSection\":[\"Sports\"],\"inLanguage\":\"fr-FR\",\"potentialAction\":[{\"@type\":\"CommentAction\",\"name\":\"Comment\",\"target\":[\"https:\\\/\\\/lasentinelle.dz\\\/index.php\\\/2021\\\/12\\\/02\\\/jeux-mediterraneens-oran-2022-sebgag-repond-au-cijm\\\/#respond\"]}]},{\"@type\":\"WebPage\",\"@id\":\"https:\\\/\\\/lasentinelle.dz\\\/index.php\\\/2021\\\/12\\\/02\\\/jeux-mediterraneens-oran-2022-sebgag-repond-au-cijm\\\/\",\"url\":\"https:\\\/\\\/lasentinelle.dz\\\/index.php\\\/2021\\\/12\\\/02\\\/jeux-mediterraneens-oran-2022-sebgag-repond-au-cijm\\\/\",\"name\":\"Jeux m\u00e9diterran\u00e9ens Oran-2022 : Sebgag r\u00e9pond au CIJM - La Sentinelle\",\"isPartOf\":{\"@id\":\"https:\\\/\\\/lasentinelle.dz\\\/#website\"},\"primaryImageOfPage\":{\"@id\":\"https:\\\/\\\/lasentinelle.dz\\\/index.php\\\/2021\\\/12\\\/02\\\/jeux-mediterraneens-oran-2022-sebgag-repond-au-cijm\\\/#primaryimage\"},\"image\":{\"@id\":\"https:\\\/\\\/lasentinelle.dz\\\/index.php\\\/2021\\\/12\\\/02\\\/jeux-mediterraneens-oran-2022-sebgag-repond-au-cijm\\\/#primaryimage\"},\"thumbnailUrl\":\"https:\\\/\\\/lasentinelle.dz\\\/wp-content\\\/uploads\\\/2021\\\/12\\\/Sebgag.jpg\",\"datePublished\":\"2021-12-01T23:01:00+00:00\",\"breadcrumb\":{\"@id\":\"https:\\\/\\\/lasentinelle.dz\\\/index.php\\\/2021\\\/12\\\/02\\\/jeux-mediterraneens-oran-2022-sebgag-repond-au-cijm\\\/#breadcrumb\"},\"inLanguage\":\"fr-FR\",\"potentialAction\":[{\"@type\":\"ReadAction\",\"target\":[\"https:\\\/\\\/lasentinelle.dz\\\/index.php\\\/2021\\\/12\\\/02\\\/jeux-mediterraneens-oran-2022-sebgag-repond-au-cijm\\\/\"]}]},{\"@type\":\"ImageObject\",\"inLanguage\":\"fr-FR\",\"@id\":\"https:\\\/\\\/lasentinelle.dz\\\/index.php\\\/2021\\\/12\\\/02\\\/jeux-mediterraneens-oran-2022-sebgag-repond-au-cijm\\\/#primaryimage\",\"url\":\"https:\\\/\\\/lasentinelle.dz\\\/wp-content\\\/uploads\\\/2021\\\/12\\\/Sebgag.jpg\",\"contentUrl\":\"https:\\\/\\\/lasentinelle.dz\\\/wp-content\\\/uploads\\\/2021\\\/12\\\/Sebgag.jpg\",\"width\":960,\"height\":640},{\"@type\":\"BreadcrumbList\",\"@id\":\"https:\\\/\\\/lasentinelle.dz\\\/index.php\\\/2021\\\/12\\\/02\\\/jeux-mediterraneens-oran-2022-sebgag-repond-au-cijm\\\/#breadcrumb\",\"itemListElement\":[{\"@type\":\"ListItem\",\"position\":1,\"name\":\"Accueil\",\"item\":\"https:\\\/\\\/lasentinelle.dz\\\/\"},{\"@type\":\"ListItem\",\"position\":2,\"name\":\"Jeux m\u00e9diterran\u00e9ens Oran-2022 : Sebgag r\u00e9pond au CIJM\"}]},{\"@type\":\"WebSite\",\"@id\":\"https:\\\/\\\/lasentinelle.dz\\\/#website\",\"url\":\"https:\\\/\\\/lasentinelle.dz\\\/\",\"name\":\"La Sentinelle\",\"description\":\"Quotidien national d&#039;information\",\"publisher\":{\"@id\":\"https:\\\/\\\/lasentinelle.dz\\\/#organization\"},\"potentialAction\":[{\"@type\":\"SearchAction\",\"target\":{\"@type\":\"EntryPoint\",\"urlTemplate\":\"https:\\\/\\\/lasentinelle.dz\\\/?s={search_term_string}\"},\"query-input\":{\"@type\":\"PropertyValueSpecification\",\"valueRequired\":true,\"valueName\":\"search_term_string\"}}],\"inLanguage\":\"fr-FR\"},{\"@type\":\"Organization\",\"@id\":\"https:\\\/\\\/lasentinelle.dz\\\/#organization\",\"name\":\"Quotidien La Sentinelle\",\"url\":\"https:\\\/\\\/lasentinelle.dz\\\/\",\"logo\":{\"@type\":\"ImageObject\",\"inLanguage\":\"fr-FR\",\"@id\":\"https:\\\/\\\/lasentinelle.dz\\\/#\\\/schema\\\/logo\\\/image\\\/\",\"url\":\"https:\\\/\\\/lasentinelle.dz\\\/wp-content\\\/uploads\\\/2021\\\/09\\\/logo-sentinelleSLOGAN-1.png\",\"contentUrl\":\"https:\\\/\\\/lasentinelle.dz\\\/wp-content\\\/uploads\\\/2021\\\/09\\\/logo-sentinelleSLOGAN-1.png\",\"width\":615,\"height\":142,\"caption\":\"Quotidien La Sentinelle\"},\"image\":{\"@id\":\"https:\\\/\\\/lasentinelle.dz\\\/#\\\/schema\\\/logo\\\/image\\\/\"},\"sameAs\":[\"https:\\\/\\\/www.facebook.com\\\/La-Sentinelle-104059864394773\"]},{\"@type\":\"Person\",\"@id\":\"https:\\\/\\\/lasentinelle.dz\\\/#\\\/schema\\\/person\\\/e22c868643946ece5f328ac9d185b29f\",\"name\":\"Azzedine Belferag\",\"image\":{\"@type\":\"ImageObject\",\"inLanguage\":\"fr-FR\",\"@id\":\"https:\\\/\\\/secure.gravatar.com\\\/avatar\\\/767ecc3bfcf23cd6d0dae1705f124feb13a88fded1daa56498e4fb3aa3fc36a1?s=96&d=mm&r=g\",\"url\":\"https:\\\/\\\/secure.gravatar.com\\\/avatar\\\/767ecc3bfcf23cd6d0dae1705f124feb13a88fded1daa56498e4fb3aa3fc36a1?s=96&d=mm&r=g\",\"contentUrl\":\"https:\\\/\\\/secure.gravatar.com\\\/avatar\\\/767ecc3bfcf23cd6d0dae1705f124feb13a88fded1daa56498e4fb3aa3fc36a1?s=96&d=mm&r=g\",\"caption\":\"Azzedine Belferag\"},\"sameAs\":[\"http:\\\/\\\/www.lasentinelle.dz\"],\"url\":\"https:\\\/\\\/lasentinelle.dz\\\/author\\\/belferag\\\/\"}]}<\/script>\n<!-- \/ Yoast SEO plugin. -->","yoast_head_json":{"title":"Jeux m\u00e9diterran\u00e9ens Oran-2022 : Sebgag r\u00e9pond au CIJM - La Sentinelle","robots":{"index":"index","follow":"follow","max-snippet":"max-snippet:-1","max-image-preview":"max-image-preview:large","max-video-preview":"max-video-preview:-1"},"canonical":"https:\/\/lasentinelle.dz\/index.php\/2021\/12\/02\/jeux-mediterraneens-oran-2022-sebgag-repond-au-cijm\/","og_locale":"fr_FR","og_type":"article","og_title":"Jeux m\u00e9diterran\u00e9ens Oran-2022 : Sebgag r\u00e9pond au CIJM - La Sentinelle","og_description":"Le Comit\u00e9 international, a soulign\u00e9&nbsp;&nbsp;le MJS, \u00ab aura l&rsquo;occasion de constater par lui-m\u00eame l&rsquo;avancement des pr\u00e9paratifs lors de la visite","og_url":"https:\/\/lasentinelle.dz\/index.php\/2021\/12\/02\/jeux-mediterraneens-oran-2022-sebgag-repond-au-cijm\/","og_site_name":"La Sentinelle","article_publisher":"https:\/\/www.facebook.com\/La-Sentinelle-104059864394773","article_published_time":"2021-12-01T23:01:00+00:00","og_image":[{"width":960,"height":640,"url":"https:\/\/lasentinelle.dz\/wp-content\/uploads\/2021\/12\/Sebgag.jpg","type":"image\/jpeg"}],"author":"Azzedine Belferag","twitter_card":"summary_large_image","twitter_misc":{"\u00c9crit par":"Azzedine Belferag","Dur\u00e9e de lecture estim\u00e9e":"3 minutes"},"schema":{"@context":"https:\/\/schema.org","@graph":[{"@type":"Article","@id":"https:\/\/lasentinelle.dz\/index.php\/2021\/12\/02\/jeux-mediterraneens-oran-2022-sebgag-repond-au-cijm\/#article","isPartOf":{"@id":"https:\/\/lasentinelle.dz\/index.php\/2021\/12\/02\/jeux-mediterraneens-oran-2022-sebgag-repond-au-cijm\/"},"author":{"name":"Azzedine Belferag","@id":"https:\/\/lasentinelle.dz\/#\/schema\/person\/e22c868643946ece5f328ac9d185b29f"},"headline":"Jeux m\u00e9diterran\u00e9ens Oran-2022 : Sebgag r\u00e9pond au CIJM","datePublished":"2021-12-01T23:01:00+00:00","mainEntityOfPage":{"@id":"https:\/\/lasentinelle.dz\/index.php\/2021\/12\/02\/jeux-mediterraneens-oran-2022-sebgag-repond-au-cijm\/"},"wordCount":617,"commentCount":0,"publisher":{"@id":"https:\/\/lasentinelle.dz\/#organization"},"image":{"@id":"https:\/\/lasentinelle.dz\/index.php\/2021\/12\/02\/jeux-mediterraneens-oran-2022-sebgag-repond-au-cijm\/#primaryimage"},"thumbnailUrl":"https:\/\/lasentinelle.dz\/wp-content\/uploads\/2021\/12\/Sebgag.jpg","articleSection":["Sports"],"inLanguage":"fr-FR","potentialAction":[{"@type":"CommentAction","name":"Comment","target":["https:\/\/lasentinelle.dz\/index.php\/2021\/12\/02\/jeux-mediterraneens-oran-2022-sebgag-repond-au-cijm\/#respond"]}]},{"@type":"WebPage","@id":"https:\/\/lasentinelle.dz\/index.php\/2021\/12\/02\/jeux-mediterraneens-oran-2022-sebgag-repond-au-cijm\/","url":"https:\/\/lasentinelle.dz\/index.php\/2021\/12\/02\/jeux-mediterraneens-oran-2022-sebgag-repond-au-cijm\/","name":"Jeux m\u00e9diterran\u00e9ens Oran-2022 : Sebgag r\u00e9pond au CIJM - La Sentinelle","isPartOf":{"@id":"https:\/\/lasentinelle.dz\/#website"},"primaryImageOfPage":{"@id":"https:\/\/lasentinelle.dz\/index.php\/2021\/12\/02\/jeux-mediterraneens-oran-2022-sebgag-repond-au-cijm\/#primaryimage"},"image":{"@id":"https:\/\/lasentinelle.dz\/index.php\/2021\/12\/02\/jeux-mediterraneens-oran-2022-sebgag-repond-au-cijm\/#primaryimage"},"thumbnailUrl":"https:\/\/lasentinelle.dz\/wp-content\/uploads\/2021\/12\/Sebgag.jpg","datePublished":"2021-12-01T23:01:00+00:00","breadcrumb":{"@id":"https:\/\/lasentinelle.dz\/index.php\/2021\/12\/02\/jeux-mediterraneens-oran-2022-sebgag-repond-au-cijm\/#breadcrumb"},"inLanguage":"fr-FR","potentialAction":[{"@type":"ReadAction","target":["https:\/\/lasentinelle.dz\/index.php\/2021\/12\/02\/jeux-mediterraneens-oran-2022-sebgag-repond-au-cijm\/"]}]},{"@type":"ImageObject","inLanguage":"fr-FR","@id":"https:\/\/lasentinelle.dz\/index.php\/2021\/12\/02\/jeux-mediterraneens-oran-2022-sebgag-repond-au-cijm\/#primaryimage","url":"https:\/\/lasentinelle.dz\/wp-content\/uploads\/2021\/12\/Sebgag.jpg","contentUrl":"https:\/\/lasentinelle.dz\/wp-content\/uploads\/2021\/12\/Sebgag.jpg","width":960,"height":640},{"@type":"BreadcrumbList","@id":"https:\/\/lasentinelle.dz\/index.php\/2021\/12\/02\/jeux-mediterraneens-oran-2022-sebgag-repond-au-cijm\/#breadcrumb","itemListElement":[{"@type":"ListItem","position":1,"name":"Accueil","item":"https:\/\/lasentinelle.dz\/"},{"@type":"ListItem","position":2,"name":"Jeux m\u00e9diterran\u00e9ens Oran-2022 : Sebgag r\u00e9pond au CIJM"}]},{"@type":"WebSite","@id":"https:\/\/lasentinelle.dz\/#website","url":"https:\/\/lasentinelle.dz\/","name":"La Sentinelle","description":"Quotidien national d&#039;information","publisher":{"@id":"https:\/\/lasentinelle.dz\/#organization"},"potentialAction":[{"@type":"SearchAction","target":{"@type":"EntryPoint","urlTemplate":"https:\/\/lasentinelle.dz\/?s={search_term_string}"},"query-input":{"@type":"PropertyValueSpecification","valueRequired":true,"valueName":"search_term_string"}}],"inLanguage":"fr-FR"},{"@type":"Organization","@id":"https:\/\/lasentinelle.dz\/#organization","name":"Quotidien La Sentinelle","url":"https:\/\/lasentinelle.dz\/","logo":{"@type":"ImageObject","inLanguage":"fr-FR","@id":"https:\/\/lasentinelle.dz\/#\/schema\/logo\/image\/","url":"https:\/\/lasentinelle.dz\/wp-content\/uploads\/2021\/09\/logo-sentinelleSLOGAN-1.png","contentUrl":"https:\/\/lasentinelle.dz\/wp-content\/uploads\/2021\/09\/logo-sentinelleSLOGAN-1.png","width":615,"height":142,"caption":"Quotidien La Sentinelle"},"image":{"@id":"https:\/\/lasentinelle.dz\/#\/schema\/logo\/image\/"},"sameAs":["https:\/\/www.facebook.com\/La-Sentinelle-104059864394773"]},{"@type":"Person","@id":"https:\/\/lasentinelle.dz\/#\/schema\/person\/e22c868643946ece5f328ac9d185b29f","name":"Azzedine Belferag","image":{"@type":"ImageObject","inLanguage":"fr-FR","@id":"https:\/\/secure.gravatar.com\/avatar\/767ecc3bfcf23cd6d0dae1705f124feb13a88fded1daa56498e4fb3aa3fc36a1?s=96&d=mm&r=g","url":"https:\/\/secure.gravatar.com\/avatar\/767ecc3bfcf23cd6d0dae1705f124feb13a88fded1daa56498e4fb3aa3fc36a1?s=96&d=mm&r=g","contentUrl":"https:\/\/secure.gravatar.com\/avatar\/767ecc3bfcf23cd6d0dae1705f124feb13a88fded1daa56498e4fb3aa3fc36a1?s=96&d=mm&r=g","caption":"Azzedine Belferag"},"sameAs":["http:\/\/www.lasentinelle.dz"],"url":"https:\/\/lasentinelle.dz\/author\/belferag\/"}]}},"_links":{"self":[{"href":"https:\/\/lasentinelle.dz\/index.php\/wp-json\/wp\/v2\/posts\/14417","targetHints":{"allow":["GET"]}}],"collection":[{"href":"https:\/\/lasentinelle.dz\/index.php\/wp-json\/wp\/v2\/posts"}],"about":[{"href":"https:\/\/lasentinelle.dz\/index.php\/wp-json\/wp\/v2\/types\/post"}],"author":[{"embeddable":true,"href":"https:\/\/lasentinelle.dz\/index.php\/wp-json\/wp\/v2\/users\/2"}],"replies":[{"embeddable":true,"href":"https:\/\/lasentinelle.dz\/index.php\/wp-json\/wp\/v2\/comments?post=14417"}],"version-history":[{"count":1,"href":"https:\/\/lasentinelle.dz\/index.php\/wp-json\/wp\/v2\/posts\/14417\/revisions"}],"predecessor-version":[{"id":14419,"href":"https:\/\/lasentinelle.dz\/index.php\/wp-json\/wp\/v2\/posts\/14417\/revisions\/14419"}],"wp:featuredmedia":[{"embeddable":true,"href":"https:\/\/lasentinelle.dz\/index.php\/wp-json\/wp\/v2\/media\/14418"}],"wp:attachment":[{"href":"https:\/\/lasentinelle.dz\/index.php\/wp-json\/wp\/v2\/media?parent=14417"}],"wp:term":[{"taxonomy":"category","embeddable":true,"href":"https:\/\/lasentinelle.dz\/index.php\/wp-json\/wp\/v2\/categories?post=14417"},{"taxonomy":"post_tag","embeddable":true,"href":"https:\/\/lasentinelle.dz\/index.php\/wp-json\/wp\/v2\/tags?post=14417"}],"curies":[{"name":"wp","href":"https:\/\/api.w.org\/{rel}","templated":true}]}}