{"id":14433,"date":"2021-12-02T00:01:00","date_gmt":"2021-12-01T23:01:00","guid":{"rendered":"https:\/\/lasentinelle.dz\/?p=14433"},"modified":"2021-12-01T18:34:16","modified_gmt":"2021-12-01T17:34:16","slug":"relance-industrielle-la-depenalisation-de-lacte-de-gestion-liberera-les-initiatives","status":"publish","type":"post","link":"https:\/\/lasentinelle.dz\/index.php\/2021\/12\/02\/relance-industrielle-la-depenalisation-de-lacte-de-gestion-liberera-les-initiatives\/","title":{"rendered":"Relance industrielle : \u00ab La d\u00e9p\u00e9nalisation de l\u2019acte de gestion lib\u00e8rera les initiatives \u00bb"},"content":{"rendered":"\n<p>Le secteur industriel a connu un v\u00e9ritable recul par rapport \u00e0 ce qu&rsquo;il \u00e9tait dans le pass\u00e9 o\u00f9 il participait \u00e0 hauteur de 40% dans le Produit Int\u00e9rieur brut (PIB) alors que ce taux n&rsquo;est h\u00e9las aujourd&rsquo;hui que de 6%.<\/p>\n\n\n\n<p>C\u2019est dans ce contexte que le directeur du d\u00e9veloppement et de la concurrence au minist\u00e8re de l&rsquo;Industrie, Abdelaziz Guenet a assur\u00e9 hier que \u00ab&nbsp;l&rsquo;Etat compte beaucoup sur ce secteur pour assurer le d\u00e9veloppement via une feuille de route visant \u00e0 le remettre dans son r\u00f4le primordial&nbsp;\u00bb. Invit\u00e9 \u00e0 s\u2019exprimer sur les ondes de la Radio alg\u00e9rienne, le responsable du minist\u00e8re de l\u2019Industrie a, dans ce contexte, \u00e9voqu\u00e9 la prochaine conf\u00e9rence nationale sur la relance industrielle qui se tient la semaine prochaine sous le haut patronage du pr\u00e9sident de la R\u00e9publique, M. Abdelmadjid Tebboune. Abdelaziz Guenet a fait savoir que \u00ab&nbsp;cette conf\u00e9rence nationale sera l&rsquo;occasion de pr\u00e9senter la nouvelle strat\u00e9gie du gouvernement visant \u00e0 impulser une nouvelle dynamique \u00e0 l&rsquo;activit\u00e9 et au secteur industriels dans toutes leurs d\u00e9clinaisons&nbsp;\u00bb.&nbsp;&nbsp;Un secteur, ajoute-t-il, sur lequel comptent les pouvoirs publics dans leur travail pour la relance de l&rsquo;\u00e9conomie nationale et la cr\u00e9ation de richesse. Abdelaziz Guenet a ainsi affirm\u00e9 que \u00ab&nbsp;l&rsquo;Alg\u00e9rie qui regorge de richesses diverses a, par le pass\u00e9, vers\u00e9 dans l&rsquo;exploitation non rationalis\u00e9e des ressources notamment dans leur exploitation selon les r\u00e9els besoins&nbsp;\u00bb. \u00ab&nbsp;Le secteur industriel doit aussi passer \u00e0 une \u00e9tape o\u00f9 la gestion des entreprises repose sur la qualit\u00e9 des ressources humaines et leurs capacit\u00e9s \u00e0 faire \u00e9voluer les entit\u00e9s \u00e9conomiques dans un univers fait de concurrence&nbsp;\u00bb, a expliqu\u00e9 M. Guenet qui a not\u00e9 que \u00ab&nbsp;les groupes industriels ont, \u00e0 un moment donn\u00e9, souffert de lenteurs dans la prise de d\u00e9cision et de l\u2019absence des initiatives o\u00f9 plut\u00f4t l&rsquo;inexistence de prise de risque&nbsp;\u00bb.<\/p>\n\n\n\n<p>Des responsables d&rsquo;entreprises ont \u00e9t\u00e9 sanctionn\u00e9s pour expliquer ces r\u00e9ticences constat\u00e9es chez les responsables qui refusent de prendre des d\u00e9cisions de crainte de subir le m\u00eame sort, rappelle-t-il, tout en soulignant l&rsquo;importance de la nouvelle loi pour la d\u00e9p\u00e9nalisation de l&rsquo;acte de gestion qui va sans nul doute lib\u00e9rer les responsables de cette peur qui les paralyse et les emp\u00eache de prendre des initiatives qui appellent objectivement des risques. Aussi, l&rsquo;impact de cette d\u00e9cision importante du pr\u00e9sident de la R\u00e9publique sera prochainement visible au sein du secteur \u00e9conomique en g\u00e9n\u00e9ral et industriel en particulier avec une redynamisation certaine. Une redynamisation, ajoute-t-il, sera \u00e9galement accompagn\u00e9e d&rsquo;une strat\u00e9gie de partenariats entre les groupes alg\u00e9riens et aussi avec les soci\u00e9t\u00e9s \u00e9trang\u00e8res.<\/p>\n\n\n\n<p>Toutefois, cette d\u00e9p\u00e9nalisation de l&rsquo;acte de gestion, affirme le directeur du d\u00e9veloppement et de la concurrence minist\u00e8re de l&rsquo;Industrie, sera accompagn\u00e9e de contrats de performance liant les responsables aux diff\u00e9rentes tutelles afin de permettre l&rsquo;\u00e9valuation des avanc\u00e9es r\u00e9alis\u00e9es et le chemin parcouru vers les objectifs fix\u00e9s. Une m\u00e9thode bas\u00e9e, explique-t-il, sur une entente pr\u00e9alable entre le responsable et la tutelle sur des objectifs \u00e0 r\u00e9aliser dans une dur\u00e9e d\u00e9termin\u00e9e. Le secteur de l&rsquo;\u00e9lectricit\u00e9 via la soci\u00e9t\u00e9 Sonelgaz pourra atteindre la capacit\u00e9 d&rsquo;exportation de trois milliards de dollars, indique-t-il, pour souligner toute l&rsquo;importance de la feuille de route de la relance industrielle qui peut orienter les entreprises alg\u00e9riennes vers les march\u00e9s ext\u00e9rieurs.&nbsp;<\/p>\n\n\n\n<p><strong>Akli Amor<\/strong><\/p>\n","protected":false},"excerpt":{"rendered":"<p>Le secteur industriel a connu un v\u00e9ritable recul par rapport \u00e0 ce qu&rsquo;il \u00e9tait dans le pass\u00e9 o\u00f9 il participait<\/p>\n","protected":false},"author":3,"featured_media":14434,"comment_status":"open","ping_status":"closed","sticky":false,"template":"","format":"standard","meta":{"colormag_page_container_layout":"default_layout","colormag_page_sidebar_layout":"default_layout","om_disable_all_campaigns":false,"_monsterinsights_skip_tracking":false,"_monsterinsights_sitenote_active":false,"_monsterinsights_sitenote_note":"","_monsterinsights_sitenote_category":0,"footnotes":"","_wpscppro_dont_share_socialmedia":false,"_wpscppro_custom_social_share_image":0,"_facebook_share_type":"","_twitter_share_type":"","_linkedin_share_type":"","_pinterest_share_type":"","_linkedin_share_type_page":"","_instagram_share_type":"","_medium_share_type":"","_threads_share_type":"","_google_business_share_type":"","_selected_social_profile":[],"_wpsp_enable_custom_social_template":false,"_wpsp_social_scheduling":{"enabled":false,"datetime":null,"platforms":[],"status":"template_only","dateOption":"today","timeOption":"now","customDays":"","customHours":"","customDate":"","customTime":"","schedulingType":"absolute"},"_wpsp_active_default_template":true},"categories":[29],"tags":[],"class_list":["post-14433","post","type-post","status-publish","format-standard","has-post-thumbnail","hentry","category-economie"],"aioseo_notices":[],"yoast_head":"<!-- This site is optimized with the Yoast SEO plugin v27.4 - https:\/\/yoast.com\/product\/yoast-seo-wordpress\/ -->\n<title>Relance industrielle : \u00ab La d\u00e9p\u00e9nalisation de l\u2019acte de gestion lib\u00e8rera les initiatives \u00bb - La Sentinelle<\/title>\n<meta name=\"robots\" content=\"index, follow, max-snippet:-1, max-image-preview:large, max-video-preview:-1\" \/>\n<link rel=\"canonical\" href=\"https:\/\/lasentinelle.dz\/index.php\/2021\/12\/02\/relance-industrielle-la-depenalisation-de-lacte-de-gestion-liberera-les-initiatives\/\" \/>\n<meta property=\"og:locale\" content=\"fr_FR\" \/>\n<meta property=\"og:type\" content=\"article\" \/>\n<meta property=\"og:title\" content=\"Relance industrielle : \u00ab La d\u00e9p\u00e9nalisation de l\u2019acte de gestion lib\u00e8rera les initiatives \u00bb - La Sentinelle\" \/>\n<meta property=\"og:description\" content=\"Le secteur industriel a connu un v\u00e9ritable recul par rapport \u00e0 ce qu&rsquo;il \u00e9tait dans le pass\u00e9 o\u00f9 il participait\" \/>\n<meta property=\"og:url\" content=\"https:\/\/lasentinelle.dz\/index.php\/2021\/12\/02\/relance-industrielle-la-depenalisation-de-lacte-de-gestion-liberera-les-initiatives\/\" \/>\n<meta property=\"og:site_name\" content=\"La Sentinelle\" \/>\n<meta property=\"article:publisher\" content=\"https:\/\/www.facebook.com\/La-Sentinelle-104059864394773\" \/>\n<meta property=\"article:published_time\" content=\"2021-12-01T23:01:00+00:00\" \/>\n<meta property=\"og:image\" content=\"https:\/\/lasentinelle.dz\/wp-content\/uploads\/2021\/12\/le-ministere-de-lindustrie-faci.png\" \/>\n\t<meta property=\"og:image:width\" content=\"1351\" \/>\n\t<meta property=\"og:image:height\" content=\"900\" \/>\n\t<meta property=\"og:image:type\" content=\"image\/png\" \/>\n<meta name=\"author\" content=\"La Sentinelle\" \/>\n<meta name=\"twitter:card\" content=\"summary_large_image\" \/>\n<meta name=\"twitter:label1\" content=\"\u00c9crit par\" \/>\n\t<meta name=\"twitter:data1\" content=\"La Sentinelle\" \/>\n\t<meta name=\"twitter:label2\" content=\"Dur\u00e9e de lecture estim\u00e9e\" \/>\n\t<meta name=\"twitter:data2\" content=\"3 minutes\" \/>\n<script type=\"application\/ld+json\" class=\"yoast-schema-graph\">{\"@context\":\"https:\\\/\\\/schema.org\",\"@graph\":[{\"@type\":\"Article\",\"@id\":\"https:\\\/\\\/lasentinelle.dz\\\/index.php\\\/2021\\\/12\\\/02\\\/relance-industrielle-la-depenalisation-de-lacte-de-gestion-liberera-les-initiatives\\\/#article\",\"isPartOf\":{\"@id\":\"https:\\\/\\\/lasentinelle.dz\\\/index.php\\\/2021\\\/12\\\/02\\\/relance-industrielle-la-depenalisation-de-lacte-de-gestion-liberera-les-initiatives\\\/\"},\"author\":{\"name\":\"La Sentinelle\",\"@id\":\"https:\\\/\\\/lasentinelle.dz\\\/#\\\/schema\\\/person\\\/d865044e22e70a75174ce8bcad3acfb3\"},\"headline\":\"Relance industrielle : \u00ab La d\u00e9p\u00e9nalisation de l\u2019acte de gestion lib\u00e8rera les initiatives \u00bb\",\"datePublished\":\"2021-12-01T23:01:00+00:00\",\"mainEntityOfPage\":{\"@id\":\"https:\\\/\\\/lasentinelle.dz\\\/index.php\\\/2021\\\/12\\\/02\\\/relance-industrielle-la-depenalisation-de-lacte-de-gestion-liberera-les-initiatives\\\/\"},\"wordCount\":631,\"commentCount\":0,\"publisher\":{\"@id\":\"https:\\\/\\\/lasentinelle.dz\\\/#organization\"},\"image\":{\"@id\":\"https:\\\/\\\/lasentinelle.dz\\\/index.php\\\/2021\\\/12\\\/02\\\/relance-industrielle-la-depenalisation-de-lacte-de-gestion-liberera-les-initiatives\\\/#primaryimage\"},\"thumbnailUrl\":\"https:\\\/\\\/lasentinelle.dz\\\/wp-content\\\/uploads\\\/2021\\\/12\\\/le-ministere-de-lindustrie-faci.png\",\"articleSection\":[\"\u00c9conomie\"],\"inLanguage\":\"fr-FR\",\"potentialAction\":[{\"@type\":\"CommentAction\",\"name\":\"Comment\",\"target\":[\"https:\\\/\\\/lasentinelle.dz\\\/index.php\\\/2021\\\/12\\\/02\\\/relance-industrielle-la-depenalisation-de-lacte-de-gestion-liberera-les-initiatives\\\/#respond\"]}]},{\"@type\":\"WebPage\",\"@id\":\"https:\\\/\\\/lasentinelle.dz\\\/index.php\\\/2021\\\/12\\\/02\\\/relance-industrielle-la-depenalisation-de-lacte-de-gestion-liberera-les-initiatives\\\/\",\"url\":\"https:\\\/\\\/lasentinelle.dz\\\/index.php\\\/2021\\\/12\\\/02\\\/relance-industrielle-la-depenalisation-de-lacte-de-gestion-liberera-les-initiatives\\\/\",\"name\":\"Relance industrielle : \u00ab La d\u00e9p\u00e9nalisation de l\u2019acte de gestion lib\u00e8rera les initiatives \u00bb - La Sentinelle\",\"isPartOf\":{\"@id\":\"https:\\\/\\\/lasentinelle.dz\\\/#website\"},\"primaryImageOfPage\":{\"@id\":\"https:\\\/\\\/lasentinelle.dz\\\/index.php\\\/2021\\\/12\\\/02\\\/relance-industrielle-la-depenalisation-de-lacte-de-gestion-liberera-les-initiatives\\\/#primaryimage\"},\"image\":{\"@id\":\"https:\\\/\\\/lasentinelle.dz\\\/index.php\\\/2021\\\/12\\\/02\\\/relance-industrielle-la-depenalisation-de-lacte-de-gestion-liberera-les-initiatives\\\/#primaryimage\"},\"thumbnailUrl\":\"https:\\\/\\\/lasentinelle.dz\\\/wp-content\\\/uploads\\\/2021\\\/12\\\/le-ministere-de-lindustrie-faci.png\",\"datePublished\":\"2021-12-01T23:01:00+00:00\",\"breadcrumb\":{\"@id\":\"https:\\\/\\\/lasentinelle.dz\\\/index.php\\\/2021\\\/12\\\/02\\\/relance-industrielle-la-depenalisation-de-lacte-de-gestion-liberera-les-initiatives\\\/#breadcrumb\"},\"inLanguage\":\"fr-FR\",\"potentialAction\":[{\"@type\":\"ReadAction\",\"target\":[\"https:\\\/\\\/lasentinelle.dz\\\/index.php\\\/2021\\\/12\\\/02\\\/relance-industrielle-la-depenalisation-de-lacte-de-gestion-liberera-les-initiatives\\\/\"]}]},{\"@type\":\"ImageObject\",\"inLanguage\":\"fr-FR\",\"@id\":\"https:\\\/\\\/lasentinelle.dz\\\/index.php\\\/2021\\\/12\\\/02\\\/relance-industrielle-la-depenalisation-de-lacte-de-gestion-liberera-les-initiatives\\\/#primaryimage\",\"url\":\"https:\\\/\\\/lasentinelle.dz\\\/wp-content\\\/uploads\\\/2021\\\/12\\\/le-ministere-de-lindustrie-faci.png\",\"contentUrl\":\"https:\\\/\\\/lasentinelle.dz\\\/wp-content\\\/uploads\\\/2021\\\/12\\\/le-ministere-de-lindustrie-faci.png\",\"width\":1351,\"height\":900},{\"@type\":\"BreadcrumbList\",\"@id\":\"https:\\\/\\\/lasentinelle.dz\\\/index.php\\\/2021\\\/12\\\/02\\\/relance-industrielle-la-depenalisation-de-lacte-de-gestion-liberera-les-initiatives\\\/#breadcrumb\",\"itemListElement\":[{\"@type\":\"ListItem\",\"position\":1,\"name\":\"Accueil\",\"item\":\"https:\\\/\\\/lasentinelle.dz\\\/\"},{\"@type\":\"ListItem\",\"position\":2,\"name\":\"Relance industrielle : \u00ab La d\u00e9p\u00e9nalisation de l\u2019acte de gestion lib\u00e8rera les initiatives \u00bb\"}]},{\"@type\":\"WebSite\",\"@id\":\"https:\\\/\\\/lasentinelle.dz\\\/#website\",\"url\":\"https:\\\/\\\/lasentinelle.dz\\\/\",\"name\":\"La Sentinelle\",\"description\":\"Quotidien national d&#039;information\",\"publisher\":{\"@id\":\"https:\\\/\\\/lasentinelle.dz\\\/#organization\"},\"potentialAction\":[{\"@type\":\"SearchAction\",\"target\":{\"@type\":\"EntryPoint\",\"urlTemplate\":\"https:\\\/\\\/lasentinelle.dz\\\/?s={search_term_string}\"},\"query-input\":{\"@type\":\"PropertyValueSpecification\",\"valueRequired\":true,\"valueName\":\"search_term_string\"}}],\"inLanguage\":\"fr-FR\"},{\"@type\":\"Organization\",\"@id\":\"https:\\\/\\\/lasentinelle.dz\\\/#organization\",\"name\":\"Quotidien La Sentinelle\",\"url\":\"https:\\\/\\\/lasentinelle.dz\\\/\",\"logo\":{\"@type\":\"ImageObject\",\"inLanguage\":\"fr-FR\",\"@id\":\"https:\\\/\\\/lasentinelle.dz\\\/#\\\/schema\\\/logo\\\/image\\\/\",\"url\":\"https:\\\/\\\/lasentinelle.dz\\\/wp-content\\\/uploads\\\/2021\\\/09\\\/logo-sentinelleSLOGAN-1.png\",\"contentUrl\":\"https:\\\/\\\/lasentinelle.dz\\\/wp-content\\\/uploads\\\/2021\\\/09\\\/logo-sentinelleSLOGAN-1.png\",\"width\":615,\"height\":142,\"caption\":\"Quotidien La Sentinelle\"},\"image\":{\"@id\":\"https:\\\/\\\/lasentinelle.dz\\\/#\\\/schema\\\/logo\\\/image\\\/\"},\"sameAs\":[\"https:\\\/\\\/www.facebook.com\\\/La-Sentinelle-104059864394773\"]},{\"@type\":\"Person\",\"@id\":\"https:\\\/\\\/lasentinelle.dz\\\/#\\\/schema\\\/person\\\/d865044e22e70a75174ce8bcad3acfb3\",\"name\":\"La Sentinelle\",\"image\":{\"@type\":\"ImageObject\",\"inLanguage\":\"fr-FR\",\"@id\":\"https:\\\/\\\/secure.gravatar.com\\\/avatar\\\/57de8e5d4b15d43fb361a71fbb36338450fe67865b528a43dd10ef7c51a20392?s=96&d=mm&r=g\",\"url\":\"https:\\\/\\\/secure.gravatar.com\\\/avatar\\\/57de8e5d4b15d43fb361a71fbb36338450fe67865b528a43dd10ef7c51a20392?s=96&d=mm&r=g\",\"contentUrl\":\"https:\\\/\\\/secure.gravatar.com\\\/avatar\\\/57de8e5d4b15d43fb361a71fbb36338450fe67865b528a43dd10ef7c51a20392?s=96&d=mm&r=g\",\"caption\":\"La Sentinelle\"},\"sameAs\":[\"http:\\\/\\\/www.lasentinelle.dz\"],\"url\":\"https:\\\/\\\/lasentinelle.dz\\\/author\\\/redaction\\\/\"}]}<\/script>\n<!-- \/ Yoast SEO plugin. -->","yoast_head_json":{"title":"Relance industrielle : \u00ab La d\u00e9p\u00e9nalisation de l\u2019acte de gestion lib\u00e8rera les initiatives \u00bb - La Sentinelle","robots":{"index":"index","follow":"follow","max-snippet":"max-snippet:-1","max-image-preview":"max-image-preview:large","max-video-preview":"max-video-preview:-1"},"canonical":"https:\/\/lasentinelle.dz\/index.php\/2021\/12\/02\/relance-industrielle-la-depenalisation-de-lacte-de-gestion-liberera-les-initiatives\/","og_locale":"fr_FR","og_type":"article","og_title":"Relance industrielle : \u00ab La d\u00e9p\u00e9nalisation de l\u2019acte de gestion lib\u00e8rera les initiatives \u00bb - La Sentinelle","og_description":"Le secteur industriel a connu un v\u00e9ritable recul par rapport \u00e0 ce qu&rsquo;il \u00e9tait dans le pass\u00e9 o\u00f9 il participait","og_url":"https:\/\/lasentinelle.dz\/index.php\/2021\/12\/02\/relance-industrielle-la-depenalisation-de-lacte-de-gestion-liberera-les-initiatives\/","og_site_name":"La Sentinelle","article_publisher":"https:\/\/www.facebook.com\/La-Sentinelle-104059864394773","article_published_time":"2021-12-01T23:01:00+00:00","og_image":[{"width":1351,"height":900,"url":"https:\/\/lasentinelle.dz\/wp-content\/uploads\/2021\/12\/le-ministere-de-lindustrie-faci.png","type":"image\/png"}],"author":"La Sentinelle","twitter_card":"summary_large_image","twitter_misc":{"\u00c9crit par":"La Sentinelle","Dur\u00e9e de lecture estim\u00e9e":"3 minutes"},"schema":{"@context":"https:\/\/schema.org","@graph":[{"@type":"Article","@id":"https:\/\/lasentinelle.dz\/index.php\/2021\/12\/02\/relance-industrielle-la-depenalisation-de-lacte-de-gestion-liberera-les-initiatives\/#article","isPartOf":{"@id":"https:\/\/lasentinelle.dz\/index.php\/2021\/12\/02\/relance-industrielle-la-depenalisation-de-lacte-de-gestion-liberera-les-initiatives\/"},"author":{"name":"La Sentinelle","@id":"https:\/\/lasentinelle.dz\/#\/schema\/person\/d865044e22e70a75174ce8bcad3acfb3"},"headline":"Relance industrielle : \u00ab La d\u00e9p\u00e9nalisation de l\u2019acte de gestion lib\u00e8rera les initiatives \u00bb","datePublished":"2021-12-01T23:01:00+00:00","mainEntityOfPage":{"@id":"https:\/\/lasentinelle.dz\/index.php\/2021\/12\/02\/relance-industrielle-la-depenalisation-de-lacte-de-gestion-liberera-les-initiatives\/"},"wordCount":631,"commentCount":0,"publisher":{"@id":"https:\/\/lasentinelle.dz\/#organization"},"image":{"@id":"https:\/\/lasentinelle.dz\/index.php\/2021\/12\/02\/relance-industrielle-la-depenalisation-de-lacte-de-gestion-liberera-les-initiatives\/#primaryimage"},"thumbnailUrl":"https:\/\/lasentinelle.dz\/wp-content\/uploads\/2021\/12\/le-ministere-de-lindustrie-faci.png","articleSection":["\u00c9conomie"],"inLanguage":"fr-FR","potentialAction":[{"@type":"CommentAction","name":"Comment","target":["https:\/\/lasentinelle.dz\/index.php\/2021\/12\/02\/relance-industrielle-la-depenalisation-de-lacte-de-gestion-liberera-les-initiatives\/#respond"]}]},{"@type":"WebPage","@id":"https:\/\/lasentinelle.dz\/index.php\/2021\/12\/02\/relance-industrielle-la-depenalisation-de-lacte-de-gestion-liberera-les-initiatives\/","url":"https:\/\/lasentinelle.dz\/index.php\/2021\/12\/02\/relance-industrielle-la-depenalisation-de-lacte-de-gestion-liberera-les-initiatives\/","name":"Relance industrielle : \u00ab La d\u00e9p\u00e9nalisation de l\u2019acte de gestion lib\u00e8rera les initiatives \u00bb - La Sentinelle","isPartOf":{"@id":"https:\/\/lasentinelle.dz\/#website"},"primaryImageOfPage":{"@id":"https:\/\/lasentinelle.dz\/index.php\/2021\/12\/02\/relance-industrielle-la-depenalisation-de-lacte-de-gestion-liberera-les-initiatives\/#primaryimage"},"image":{"@id":"https:\/\/lasentinelle.dz\/index.php\/2021\/12\/02\/relance-industrielle-la-depenalisation-de-lacte-de-gestion-liberera-les-initiatives\/#primaryimage"},"thumbnailUrl":"https:\/\/lasentinelle.dz\/wp-content\/uploads\/2021\/12\/le-ministere-de-lindustrie-faci.png","datePublished":"2021-12-01T23:01:00+00:00","breadcrumb":{"@id":"https:\/\/lasentinelle.dz\/index.php\/2021\/12\/02\/relance-industrielle-la-depenalisation-de-lacte-de-gestion-liberera-les-initiatives\/#breadcrumb"},"inLanguage":"fr-FR","potentialAction":[{"@type":"ReadAction","target":["https:\/\/lasentinelle.dz\/index.php\/2021\/12\/02\/relance-industrielle-la-depenalisation-de-lacte-de-gestion-liberera-les-initiatives\/"]}]},{"@type":"ImageObject","inLanguage":"fr-FR","@id":"https:\/\/lasentinelle.dz\/index.php\/2021\/12\/02\/relance-industrielle-la-depenalisation-de-lacte-de-gestion-liberera-les-initiatives\/#primaryimage","url":"https:\/\/lasentinelle.dz\/wp-content\/uploads\/2021\/12\/le-ministere-de-lindustrie-faci.png","contentUrl":"https:\/\/lasentinelle.dz\/wp-content\/uploads\/2021\/12\/le-ministere-de-lindustrie-faci.png","width":1351,"height":900},{"@type":"BreadcrumbList","@id":"https:\/\/lasentinelle.dz\/index.php\/2021\/12\/02\/relance-industrielle-la-depenalisation-de-lacte-de-gestion-liberera-les-initiatives\/#breadcrumb","itemListElement":[{"@type":"ListItem","position":1,"name":"Accueil","item":"https:\/\/lasentinelle.dz\/"},{"@type":"ListItem","position":2,"name":"Relance industrielle : \u00ab La d\u00e9p\u00e9nalisation de l\u2019acte de gestion lib\u00e8rera les initiatives \u00bb"}]},{"@type":"WebSite","@id":"https:\/\/lasentinelle.dz\/#website","url":"https:\/\/lasentinelle.dz\/","name":"La Sentinelle","description":"Quotidien national d&#039;information","publisher":{"@id":"https:\/\/lasentinelle.dz\/#organization"},"potentialAction":[{"@type":"SearchAction","target":{"@type":"EntryPoint","urlTemplate":"https:\/\/lasentinelle.dz\/?s={search_term_string}"},"query-input":{"@type":"PropertyValueSpecification","valueRequired":true,"valueName":"search_term_string"}}],"inLanguage":"fr-FR"},{"@type":"Organization","@id":"https:\/\/lasentinelle.dz\/#organization","name":"Quotidien La Sentinelle","url":"https:\/\/lasentinelle.dz\/","logo":{"@type":"ImageObject","inLanguage":"fr-FR","@id":"https:\/\/lasentinelle.dz\/#\/schema\/logo\/image\/","url":"https:\/\/lasentinelle.dz\/wp-content\/uploads\/2021\/09\/logo-sentinelleSLOGAN-1.png","contentUrl":"https:\/\/lasentinelle.dz\/wp-content\/uploads\/2021\/09\/logo-sentinelleSLOGAN-1.png","width":615,"height":142,"caption":"Quotidien La Sentinelle"},"image":{"@id":"https:\/\/lasentinelle.dz\/#\/schema\/logo\/image\/"},"sameAs":["https:\/\/www.facebook.com\/La-Sentinelle-104059864394773"]},{"@type":"Person","@id":"https:\/\/lasentinelle.dz\/#\/schema\/person\/d865044e22e70a75174ce8bcad3acfb3","name":"La Sentinelle","image":{"@type":"ImageObject","inLanguage":"fr-FR","@id":"https:\/\/secure.gravatar.com\/avatar\/57de8e5d4b15d43fb361a71fbb36338450fe67865b528a43dd10ef7c51a20392?s=96&d=mm&r=g","url":"https:\/\/secure.gravatar.com\/avatar\/57de8e5d4b15d43fb361a71fbb36338450fe67865b528a43dd10ef7c51a20392?s=96&d=mm&r=g","contentUrl":"https:\/\/secure.gravatar.com\/avatar\/57de8e5d4b15d43fb361a71fbb36338450fe67865b528a43dd10ef7c51a20392?s=96&d=mm&r=g","caption":"La Sentinelle"},"sameAs":["http:\/\/www.lasentinelle.dz"],"url":"https:\/\/lasentinelle.dz\/author\/redaction\/"}]}},"_links":{"self":[{"href":"https:\/\/lasentinelle.dz\/index.php\/wp-json\/wp\/v2\/posts\/14433","targetHints":{"allow":["GET"]}}],"collection":[{"href":"https:\/\/lasentinelle.dz\/index.php\/wp-json\/wp\/v2\/posts"}],"about":[{"href":"https:\/\/lasentinelle.dz\/index.php\/wp-json\/wp\/v2\/types\/post"}],"author":[{"embeddable":true,"href":"https:\/\/lasentinelle.dz\/index.php\/wp-json\/wp\/v2\/users\/3"}],"replies":[{"embeddable":true,"href":"https:\/\/lasentinelle.dz\/index.php\/wp-json\/wp\/v2\/comments?post=14433"}],"version-history":[{"count":1,"href":"https:\/\/lasentinelle.dz\/index.php\/wp-json\/wp\/v2\/posts\/14433\/revisions"}],"predecessor-version":[{"id":14435,"href":"https:\/\/lasentinelle.dz\/index.php\/wp-json\/wp\/v2\/posts\/14433\/revisions\/14435"}],"wp:featuredmedia":[{"embeddable":true,"href":"https:\/\/lasentinelle.dz\/index.php\/wp-json\/wp\/v2\/media\/14434"}],"wp:attachment":[{"href":"https:\/\/lasentinelle.dz\/index.php\/wp-json\/wp\/v2\/media?parent=14433"}],"wp:term":[{"taxonomy":"category","embeddable":true,"href":"https:\/\/lasentinelle.dz\/index.php\/wp-json\/wp\/v2\/categories?post=14433"},{"taxonomy":"post_tag","embeddable":true,"href":"https:\/\/lasentinelle.dz\/index.php\/wp-json\/wp\/v2\/tags?post=14433"}],"curies":[{"name":"wp","href":"https:\/\/api.w.org\/{rel}","templated":true}]}}