{"id":14454,"date":"2021-12-02T00:05:00","date_gmt":"2021-12-01T23:05:00","guid":{"rendered":"https:\/\/lasentinelle.dz\/?p=14454"},"modified":"2021-12-01T20:31:19","modified_gmt":"2021-12-01T19:31:19","slug":"les-cas-de-contaminations-repartent-a-la-hausse-46-ecoles-fermees","status":"publish","type":"post","link":"https:\/\/lasentinelle.dz\/index.php\/2021\/12\/02\/les-cas-de-contaminations-repartent-a-la-hausse-46-ecoles-fermees\/","title":{"rendered":"Les cas de contaminations repartent \u00e0 la hausse : 46 \u00e9coles ferm\u00e9es"},"content":{"rendered":"\n<p>L\u2019augmentation des cas de contamination au coronavirus commence \u00e0 s\u00e9rieusement inqui\u00e9ter les sp\u00e9cialistes, qui craignent la r\u00e9surgence d\u2019une nouvelle vague de propagation rapide, favoris\u00e9e par le faible taux de vaccination,&nbsp;le non-respect des gestes barri\u00e8res et le froid hivernal. Le principal signal avant-coureur de cette r\u00e9surgence est la propagation du virus au sein des \u00e9coles. Hier ce sont 46 \u00e9tablissements scolaires qui ont \u00e9t\u00e9 ferm\u00e9s \u00e0 Tizi-Ouzou.&nbsp;&nbsp;<\/p>\n\n\n\n<p>Soixante-deux&nbsp;cas de contamination au&nbsp;variant delta du Covid 19&nbsp;ont \u00e9t\u00e9 d\u00e9tect\u00e9s&nbsp;au niveau de 46 \u00e9tablissements scolaires de la wilaya de Tizi-Ouzou. Une information communiqu\u00e9e par la responsable de la pr\u00e9vention \u00e0 la direction de la sant\u00e9 et de la population&nbsp;de Tizi-Ouzou&nbsp;qui a pr\u00e9cis\u00e9 que sur ce nombre d&rsquo;enfants atteints du Covid 19, quelques trente-cinq (35) sont des \u00e9l\u00e8ves et vingt-sept (27) parmi les enseignants et les travailleurs du secteur. En effet, la d\u00e9tection de ce nombre \u00e9lev\u00e9 de cas d&rsquo;atteinte au variant Delta, ajoute la m\u00eame responsable de la pr\u00e9vention \u00e0 la&nbsp;&nbsp;direction de la sant\u00e9, a \u00e9t\u00e9 constat\u00e9e au niveau de quarante-six \u00e9tablissements dont trois \u00e9coles primaires et sept \u00e9tablissements d&rsquo;enseignement moyen tandis que le reste est compos\u00e9 d&rsquo;\u00e9tablissements du palier secondaire.&nbsp;Deux lyc\u00e9es ont en effet \u00e9t\u00e9 ferm\u00e9s \u00e0 savoir celui de la da\u00efra de B\u00e9ni Yenni et celui de la da\u00efra d&rsquo;Ouacifs.&nbsp;&nbsp;En fait, ces cas de Covid 19 d\u00e9tect\u00e9s ne sont pas les premiers \u00e0 \u00eatre signal\u00e9s dans la wilaya de Tizi-Ouzou.&nbsp;Il ya une semaine, les responsables concern\u00e9s ont proc\u00e9d\u00e9 \u00e0 la fermeture d&rsquo;un coll\u00e8ge situ\u00e9 dans la da\u00efra d&rsquo;Azazga o\u00f9 des cas de Covid 19 ont \u00e9t\u00e9 constat\u00e9s parmi les \u00e9l\u00e8ves. L&rsquo;\u00e9tablissement a \u00e9t\u00e9 ferm\u00e9 pour une dur\u00e9e de dix jours. Une fermeture qui a \u00e9galement \u00e9t\u00e9 largement comment\u00e9e par les citoyens de la r\u00e9gion qui ont rappel\u00e9 le rel\u00e2chement observ\u00e9 sur l&rsquo;obligation de respect des protocoles sanitaires et des mesures barri\u00e8res.&nbsp;A cet effet justement, il convient de rappeler que les autorit\u00e9s sanitaires n&rsquo;ont pas cess\u00e9 d&rsquo;alerter sur les cons\u00e9quences du rel\u00e2chement dans le respect des mesures sanitaires de protection et surtout la faible vaccination. Une vaccination qui n&rsquo;a atteint jusqu&rsquo;\u00e0 hier qu&rsquo;un petit taux de 25% au plus selon le directeur de l&rsquo;Institut Pasteur d&rsquo;Alger, Pr Derrar, qui intervenait avant-hier mardi&nbsp;&nbsp;\u00e0 la radio nationale Cha\u00eene Une. Le m\u00eame responsable a not\u00e9 que le faible taux de vaccination et le manque d&rsquo;observance des mesures sanitaires ont \u00e9t\u00e9 des facteurs acc\u00e9l\u00e9rateurs de l&rsquo;arriv\u00e9e de la quatri\u00e8me vague qui s&rsquo;installe d\u00e9sormais dans notre pays.<\/p>\n\n\n\n<p>Enfin, il convient \u00e9galement de rappeler que la vaccination accuse un retard abyssal dans beaucoup de secteur dont h\u00e9las celui de la sant\u00e9 o\u00f9 l&rsquo;op\u00e9ration n&rsquo;a atteint que 25%. Au niveau des universit\u00e9s, la vaccination reste presque insignifiante avec un taux qui ne d\u00e9passe pas 2%. Deux d\u00e9tails qui font que le citoyen ordinaire ne peut pas \u00eatre rendu responsable plus que les cat\u00e9gories professionnelles qui devraient donner l&rsquo;exemple.&nbsp;&nbsp;En tout \u00e9tat de cause, la vaccination, s&rsquo;accordent tous les scientifiques,&nbsp;&nbsp;reste l&rsquo;unique moyen de se pr\u00e9munir contre les cons\u00e9quences graves de la maladie dont le nombre de contamination remonte \u00e0 la hausse annon\u00e7ant l&rsquo;arriv\u00e9e de la quatri\u00e8me vague. une quatri\u00e8me vague qui, doit-t-on enfin le signaler, arrive parall\u00e8lement \u00e0 l&rsquo;apparition dans le monde d&rsquo;un nouveau variant, Omicron qui inqui\u00e8te au plus haut niveau les scientifiques qui soup\u00e7onnent en lui une grande r\u00e9sistance aux vaccins anti covid19 existants.&nbsp;<\/p>\n\n\n\n<p><strong>Kamel Nait Ameur<\/strong><\/p>\n","protected":false},"excerpt":{"rendered":"<p>L\u2019augmentation des cas de contamination au coronavirus commence \u00e0 s\u00e9rieusement inqui\u00e9ter les sp\u00e9cialistes, qui craignent la r\u00e9surgence d\u2019une nouvelle vague<\/p>\n","protected":false},"author":3,"featured_media":14455,"comment_status":"open","ping_status":"closed","sticky":false,"template":"","format":"standard","meta":{"colormag_page_container_layout":"default_layout","colormag_page_sidebar_layout":"default_layout","om_disable_all_campaigns":false,"_monsterinsights_skip_tracking":false,"_monsterinsights_sitenote_active":false,"_monsterinsights_sitenote_note":"","_monsterinsights_sitenote_category":0,"footnotes":"","_wpscppro_dont_share_socialmedia":false,"_wpscppro_custom_social_share_image":0,"_facebook_share_type":"","_twitter_share_type":"","_linkedin_share_type":"","_pinterest_share_type":"","_linkedin_share_type_page":"","_instagram_share_type":"","_medium_share_type":"","_threads_share_type":"","_google_business_share_type":"","_selected_social_profile":[],"_wpsp_enable_custom_social_template":false,"_wpsp_social_scheduling":{"enabled":false,"datetime":null,"platforms":[],"status":"template_only","dateOption":"today","timeOption":"now","customDays":"","customHours":"","customDate":"","customTime":"","schedulingType":"absolute"},"_wpsp_active_default_template":true},"categories":[52,27],"tags":[],"class_list":["post-14454","post","type-post","status-publish","format-standard","has-post-thumbnail","hentry","category-a-la-une","category-actualite"],"aioseo_notices":[],"yoast_head":"<!-- This site is optimized with the Yoast SEO plugin v27.5 - https:\/\/yoast.com\/product\/yoast-seo-wordpress\/ -->\n<title>Les cas de contaminations repartent \u00e0 la hausse : 46 \u00e9coles ferm\u00e9es - La Sentinelle<\/title>\n<meta name=\"robots\" content=\"index, follow, max-snippet:-1, max-image-preview:large, max-video-preview:-1\" \/>\n<link rel=\"canonical\" href=\"https:\/\/lasentinelle.dz\/index.php\/2021\/12\/02\/les-cas-de-contaminations-repartent-a-la-hausse-46-ecoles-fermees\/\" \/>\n<meta property=\"og:locale\" content=\"fr_FR\" \/>\n<meta property=\"og:type\" content=\"article\" \/>\n<meta property=\"og:title\" content=\"Les cas de contaminations repartent \u00e0 la hausse : 46 \u00e9coles ferm\u00e9es - La Sentinelle\" \/>\n<meta property=\"og:description\" content=\"L\u2019augmentation des cas de contamination au coronavirus commence \u00e0 s\u00e9rieusement inqui\u00e9ter les sp\u00e9cialistes, qui craignent la r\u00e9surgence d\u2019une nouvelle vague\" \/>\n<meta property=\"og:url\" content=\"https:\/\/lasentinelle.dz\/index.php\/2021\/12\/02\/les-cas-de-contaminations-repartent-a-la-hausse-46-ecoles-fermees\/\" \/>\n<meta property=\"og:site_name\" content=\"La Sentinelle\" \/>\n<meta property=\"article:publisher\" content=\"https:\/\/www.facebook.com\/La-Sentinelle-104059864394773\" \/>\n<meta property=\"article:published_time\" content=\"2021-12-01T23:05:00+00:00\" \/>\n<meta property=\"og:image\" content=\"https:\/\/lasentinelle.dz\/wp-content\/uploads\/2021\/12\/ecole-corona.png\" \/>\n\t<meta property=\"og:image:width\" content=\"1600\" \/>\n\t<meta property=\"og:image:height\" content=\"900\" \/>\n\t<meta property=\"og:image:type\" content=\"image\/png\" \/>\n<meta name=\"author\" content=\"La Sentinelle\" \/>\n<meta name=\"twitter:card\" content=\"summary_large_image\" \/>\n<meta name=\"twitter:label1\" content=\"\u00c9crit par\" \/>\n\t<meta name=\"twitter:data1\" content=\"La Sentinelle\" \/>\n\t<meta name=\"twitter:label2\" content=\"Dur\u00e9e de lecture estim\u00e9e\" \/>\n\t<meta name=\"twitter:data2\" content=\"3 minutes\" \/>\n<script type=\"application\/ld+json\" class=\"yoast-schema-graph\">{\"@context\":\"https:\\\/\\\/schema.org\",\"@graph\":[{\"@type\":\"Article\",\"@id\":\"https:\\\/\\\/lasentinelle.dz\\\/index.php\\\/2021\\\/12\\\/02\\\/les-cas-de-contaminations-repartent-a-la-hausse-46-ecoles-fermees\\\/#article\",\"isPartOf\":{\"@id\":\"https:\\\/\\\/lasentinelle.dz\\\/index.php\\\/2021\\\/12\\\/02\\\/les-cas-de-contaminations-repartent-a-la-hausse-46-ecoles-fermees\\\/\"},\"author\":{\"name\":\"La Sentinelle\",\"@id\":\"https:\\\/\\\/lasentinelle.dz\\\/#\\\/schema\\\/person\\\/d865044e22e70a75174ce8bcad3acfb3\"},\"headline\":\"Les cas de contaminations repartent \u00e0 la hausse : 46 \u00e9coles ferm\u00e9es\",\"datePublished\":\"2021-12-01T23:05:00+00:00\",\"mainEntityOfPage\":{\"@id\":\"https:\\\/\\\/lasentinelle.dz\\\/index.php\\\/2021\\\/12\\\/02\\\/les-cas-de-contaminations-repartent-a-la-hausse-46-ecoles-fermees\\\/\"},\"wordCount\":665,\"commentCount\":0,\"publisher\":{\"@id\":\"https:\\\/\\\/lasentinelle.dz\\\/#organization\"},\"image\":{\"@id\":\"https:\\\/\\\/lasentinelle.dz\\\/index.php\\\/2021\\\/12\\\/02\\\/les-cas-de-contaminations-repartent-a-la-hausse-46-ecoles-fermees\\\/#primaryimage\"},\"thumbnailUrl\":\"https:\\\/\\\/lasentinelle.dz\\\/wp-content\\\/uploads\\\/2021\\\/12\\\/ecole-corona.png\",\"articleSection\":[\"\u00c0 la Une\",\"Actualit\u00e9\"],\"inLanguage\":\"fr-FR\",\"potentialAction\":[{\"@type\":\"CommentAction\",\"name\":\"Comment\",\"target\":[\"https:\\\/\\\/lasentinelle.dz\\\/index.php\\\/2021\\\/12\\\/02\\\/les-cas-de-contaminations-repartent-a-la-hausse-46-ecoles-fermees\\\/#respond\"]}]},{\"@type\":\"WebPage\",\"@id\":\"https:\\\/\\\/lasentinelle.dz\\\/index.php\\\/2021\\\/12\\\/02\\\/les-cas-de-contaminations-repartent-a-la-hausse-46-ecoles-fermees\\\/\",\"url\":\"https:\\\/\\\/lasentinelle.dz\\\/index.php\\\/2021\\\/12\\\/02\\\/les-cas-de-contaminations-repartent-a-la-hausse-46-ecoles-fermees\\\/\",\"name\":\"Les cas de contaminations repartent \u00e0 la hausse : 46 \u00e9coles ferm\u00e9es - La Sentinelle\",\"isPartOf\":{\"@id\":\"https:\\\/\\\/lasentinelle.dz\\\/#website\"},\"primaryImageOfPage\":{\"@id\":\"https:\\\/\\\/lasentinelle.dz\\\/index.php\\\/2021\\\/12\\\/02\\\/les-cas-de-contaminations-repartent-a-la-hausse-46-ecoles-fermees\\\/#primaryimage\"},\"image\":{\"@id\":\"https:\\\/\\\/lasentinelle.dz\\\/index.php\\\/2021\\\/12\\\/02\\\/les-cas-de-contaminations-repartent-a-la-hausse-46-ecoles-fermees\\\/#primaryimage\"},\"thumbnailUrl\":\"https:\\\/\\\/lasentinelle.dz\\\/wp-content\\\/uploads\\\/2021\\\/12\\\/ecole-corona.png\",\"datePublished\":\"2021-12-01T23:05:00+00:00\",\"breadcrumb\":{\"@id\":\"https:\\\/\\\/lasentinelle.dz\\\/index.php\\\/2021\\\/12\\\/02\\\/les-cas-de-contaminations-repartent-a-la-hausse-46-ecoles-fermees\\\/#breadcrumb\"},\"inLanguage\":\"fr-FR\",\"potentialAction\":[{\"@type\":\"ReadAction\",\"target\":[\"https:\\\/\\\/lasentinelle.dz\\\/index.php\\\/2021\\\/12\\\/02\\\/les-cas-de-contaminations-repartent-a-la-hausse-46-ecoles-fermees\\\/\"]}]},{\"@type\":\"ImageObject\",\"inLanguage\":\"fr-FR\",\"@id\":\"https:\\\/\\\/lasentinelle.dz\\\/index.php\\\/2021\\\/12\\\/02\\\/les-cas-de-contaminations-repartent-a-la-hausse-46-ecoles-fermees\\\/#primaryimage\",\"url\":\"https:\\\/\\\/lasentinelle.dz\\\/wp-content\\\/uploads\\\/2021\\\/12\\\/ecole-corona.png\",\"contentUrl\":\"https:\\\/\\\/lasentinelle.dz\\\/wp-content\\\/uploads\\\/2021\\\/12\\\/ecole-corona.png\",\"width\":1600,\"height\":900},{\"@type\":\"BreadcrumbList\",\"@id\":\"https:\\\/\\\/lasentinelle.dz\\\/index.php\\\/2021\\\/12\\\/02\\\/les-cas-de-contaminations-repartent-a-la-hausse-46-ecoles-fermees\\\/#breadcrumb\",\"itemListElement\":[{\"@type\":\"ListItem\",\"position\":1,\"name\":\"Accueil\",\"item\":\"https:\\\/\\\/lasentinelle.dz\\\/\"},{\"@type\":\"ListItem\",\"position\":2,\"name\":\"Les cas de contaminations repartent \u00e0 la hausse : 46 \u00e9coles ferm\u00e9es\"}]},{\"@type\":\"WebSite\",\"@id\":\"https:\\\/\\\/lasentinelle.dz\\\/#website\",\"url\":\"https:\\\/\\\/lasentinelle.dz\\\/\",\"name\":\"La Sentinelle\",\"description\":\"Quotidien national d&#039;information\",\"publisher\":{\"@id\":\"https:\\\/\\\/lasentinelle.dz\\\/#organization\"},\"potentialAction\":[{\"@type\":\"SearchAction\",\"target\":{\"@type\":\"EntryPoint\",\"urlTemplate\":\"https:\\\/\\\/lasentinelle.dz\\\/?s={search_term_string}\"},\"query-input\":{\"@type\":\"PropertyValueSpecification\",\"valueRequired\":true,\"valueName\":\"search_term_string\"}}],\"inLanguage\":\"fr-FR\"},{\"@type\":\"Organization\",\"@id\":\"https:\\\/\\\/lasentinelle.dz\\\/#organization\",\"name\":\"Quotidien La Sentinelle\",\"url\":\"https:\\\/\\\/lasentinelle.dz\\\/\",\"logo\":{\"@type\":\"ImageObject\",\"inLanguage\":\"fr-FR\",\"@id\":\"https:\\\/\\\/lasentinelle.dz\\\/#\\\/schema\\\/logo\\\/image\\\/\",\"url\":\"https:\\\/\\\/lasentinelle.dz\\\/wp-content\\\/uploads\\\/2021\\\/09\\\/logo-sentinelleSLOGAN-1.png\",\"contentUrl\":\"https:\\\/\\\/lasentinelle.dz\\\/wp-content\\\/uploads\\\/2021\\\/09\\\/logo-sentinelleSLOGAN-1.png\",\"width\":615,\"height\":142,\"caption\":\"Quotidien La Sentinelle\"},\"image\":{\"@id\":\"https:\\\/\\\/lasentinelle.dz\\\/#\\\/schema\\\/logo\\\/image\\\/\"},\"sameAs\":[\"https:\\\/\\\/www.facebook.com\\\/La-Sentinelle-104059864394773\"]},{\"@type\":\"Person\",\"@id\":\"https:\\\/\\\/lasentinelle.dz\\\/#\\\/schema\\\/person\\\/d865044e22e70a75174ce8bcad3acfb3\",\"name\":\"La Sentinelle\",\"image\":{\"@type\":\"ImageObject\",\"inLanguage\":\"fr-FR\",\"@id\":\"https:\\\/\\\/secure.gravatar.com\\\/avatar\\\/57de8e5d4b15d43fb361a71fbb36338450fe67865b528a43dd10ef7c51a20392?s=96&d=mm&r=g\",\"url\":\"https:\\\/\\\/secure.gravatar.com\\\/avatar\\\/57de8e5d4b15d43fb361a71fbb36338450fe67865b528a43dd10ef7c51a20392?s=96&d=mm&r=g\",\"contentUrl\":\"https:\\\/\\\/secure.gravatar.com\\\/avatar\\\/57de8e5d4b15d43fb361a71fbb36338450fe67865b528a43dd10ef7c51a20392?s=96&d=mm&r=g\",\"caption\":\"La Sentinelle\"},\"sameAs\":[\"http:\\\/\\\/www.lasentinelle.dz\"],\"url\":\"https:\\\/\\\/lasentinelle.dz\\\/author\\\/redaction\\\/\"}]}<\/script>\n<!-- \/ Yoast SEO plugin. -->","yoast_head_json":{"title":"Les cas de contaminations repartent \u00e0 la hausse : 46 \u00e9coles ferm\u00e9es - La Sentinelle","robots":{"index":"index","follow":"follow","max-snippet":"max-snippet:-1","max-image-preview":"max-image-preview:large","max-video-preview":"max-video-preview:-1"},"canonical":"https:\/\/lasentinelle.dz\/index.php\/2021\/12\/02\/les-cas-de-contaminations-repartent-a-la-hausse-46-ecoles-fermees\/","og_locale":"fr_FR","og_type":"article","og_title":"Les cas de contaminations repartent \u00e0 la hausse : 46 \u00e9coles ferm\u00e9es - La Sentinelle","og_description":"L\u2019augmentation des cas de contamination au coronavirus commence \u00e0 s\u00e9rieusement inqui\u00e9ter les sp\u00e9cialistes, qui craignent la r\u00e9surgence d\u2019une nouvelle vague","og_url":"https:\/\/lasentinelle.dz\/index.php\/2021\/12\/02\/les-cas-de-contaminations-repartent-a-la-hausse-46-ecoles-fermees\/","og_site_name":"La Sentinelle","article_publisher":"https:\/\/www.facebook.com\/La-Sentinelle-104059864394773","article_published_time":"2021-12-01T23:05:00+00:00","og_image":[{"width":1600,"height":900,"url":"https:\/\/lasentinelle.dz\/wp-content\/uploads\/2021\/12\/ecole-corona.png","type":"image\/png"}],"author":"La Sentinelle","twitter_card":"summary_large_image","twitter_misc":{"\u00c9crit par":"La Sentinelle","Dur\u00e9e de lecture estim\u00e9e":"3 minutes"},"schema":{"@context":"https:\/\/schema.org","@graph":[{"@type":"Article","@id":"https:\/\/lasentinelle.dz\/index.php\/2021\/12\/02\/les-cas-de-contaminations-repartent-a-la-hausse-46-ecoles-fermees\/#article","isPartOf":{"@id":"https:\/\/lasentinelle.dz\/index.php\/2021\/12\/02\/les-cas-de-contaminations-repartent-a-la-hausse-46-ecoles-fermees\/"},"author":{"name":"La Sentinelle","@id":"https:\/\/lasentinelle.dz\/#\/schema\/person\/d865044e22e70a75174ce8bcad3acfb3"},"headline":"Les cas de contaminations repartent \u00e0 la hausse : 46 \u00e9coles ferm\u00e9es","datePublished":"2021-12-01T23:05:00+00:00","mainEntityOfPage":{"@id":"https:\/\/lasentinelle.dz\/index.php\/2021\/12\/02\/les-cas-de-contaminations-repartent-a-la-hausse-46-ecoles-fermees\/"},"wordCount":665,"commentCount":0,"publisher":{"@id":"https:\/\/lasentinelle.dz\/#organization"},"image":{"@id":"https:\/\/lasentinelle.dz\/index.php\/2021\/12\/02\/les-cas-de-contaminations-repartent-a-la-hausse-46-ecoles-fermees\/#primaryimage"},"thumbnailUrl":"https:\/\/lasentinelle.dz\/wp-content\/uploads\/2021\/12\/ecole-corona.png","articleSection":["\u00c0 la Une","Actualit\u00e9"],"inLanguage":"fr-FR","potentialAction":[{"@type":"CommentAction","name":"Comment","target":["https:\/\/lasentinelle.dz\/index.php\/2021\/12\/02\/les-cas-de-contaminations-repartent-a-la-hausse-46-ecoles-fermees\/#respond"]}]},{"@type":"WebPage","@id":"https:\/\/lasentinelle.dz\/index.php\/2021\/12\/02\/les-cas-de-contaminations-repartent-a-la-hausse-46-ecoles-fermees\/","url":"https:\/\/lasentinelle.dz\/index.php\/2021\/12\/02\/les-cas-de-contaminations-repartent-a-la-hausse-46-ecoles-fermees\/","name":"Les cas de contaminations repartent \u00e0 la hausse : 46 \u00e9coles ferm\u00e9es - La Sentinelle","isPartOf":{"@id":"https:\/\/lasentinelle.dz\/#website"},"primaryImageOfPage":{"@id":"https:\/\/lasentinelle.dz\/index.php\/2021\/12\/02\/les-cas-de-contaminations-repartent-a-la-hausse-46-ecoles-fermees\/#primaryimage"},"image":{"@id":"https:\/\/lasentinelle.dz\/index.php\/2021\/12\/02\/les-cas-de-contaminations-repartent-a-la-hausse-46-ecoles-fermees\/#primaryimage"},"thumbnailUrl":"https:\/\/lasentinelle.dz\/wp-content\/uploads\/2021\/12\/ecole-corona.png","datePublished":"2021-12-01T23:05:00+00:00","breadcrumb":{"@id":"https:\/\/lasentinelle.dz\/index.php\/2021\/12\/02\/les-cas-de-contaminations-repartent-a-la-hausse-46-ecoles-fermees\/#breadcrumb"},"inLanguage":"fr-FR","potentialAction":[{"@type":"ReadAction","target":["https:\/\/lasentinelle.dz\/index.php\/2021\/12\/02\/les-cas-de-contaminations-repartent-a-la-hausse-46-ecoles-fermees\/"]}]},{"@type":"ImageObject","inLanguage":"fr-FR","@id":"https:\/\/lasentinelle.dz\/index.php\/2021\/12\/02\/les-cas-de-contaminations-repartent-a-la-hausse-46-ecoles-fermees\/#primaryimage","url":"https:\/\/lasentinelle.dz\/wp-content\/uploads\/2021\/12\/ecole-corona.png","contentUrl":"https:\/\/lasentinelle.dz\/wp-content\/uploads\/2021\/12\/ecole-corona.png","width":1600,"height":900},{"@type":"BreadcrumbList","@id":"https:\/\/lasentinelle.dz\/index.php\/2021\/12\/02\/les-cas-de-contaminations-repartent-a-la-hausse-46-ecoles-fermees\/#breadcrumb","itemListElement":[{"@type":"ListItem","position":1,"name":"Accueil","item":"https:\/\/lasentinelle.dz\/"},{"@type":"ListItem","position":2,"name":"Les cas de contaminations repartent \u00e0 la hausse : 46 \u00e9coles ferm\u00e9es"}]},{"@type":"WebSite","@id":"https:\/\/lasentinelle.dz\/#website","url":"https:\/\/lasentinelle.dz\/","name":"La Sentinelle","description":"Quotidien national d&#039;information","publisher":{"@id":"https:\/\/lasentinelle.dz\/#organization"},"potentialAction":[{"@type":"SearchAction","target":{"@type":"EntryPoint","urlTemplate":"https:\/\/lasentinelle.dz\/?s={search_term_string}"},"query-input":{"@type":"PropertyValueSpecification","valueRequired":true,"valueName":"search_term_string"}}],"inLanguage":"fr-FR"},{"@type":"Organization","@id":"https:\/\/lasentinelle.dz\/#organization","name":"Quotidien La Sentinelle","url":"https:\/\/lasentinelle.dz\/","logo":{"@type":"ImageObject","inLanguage":"fr-FR","@id":"https:\/\/lasentinelle.dz\/#\/schema\/logo\/image\/","url":"https:\/\/lasentinelle.dz\/wp-content\/uploads\/2021\/09\/logo-sentinelleSLOGAN-1.png","contentUrl":"https:\/\/lasentinelle.dz\/wp-content\/uploads\/2021\/09\/logo-sentinelleSLOGAN-1.png","width":615,"height":142,"caption":"Quotidien La Sentinelle"},"image":{"@id":"https:\/\/lasentinelle.dz\/#\/schema\/logo\/image\/"},"sameAs":["https:\/\/www.facebook.com\/La-Sentinelle-104059864394773"]},{"@type":"Person","@id":"https:\/\/lasentinelle.dz\/#\/schema\/person\/d865044e22e70a75174ce8bcad3acfb3","name":"La Sentinelle","image":{"@type":"ImageObject","inLanguage":"fr-FR","@id":"https:\/\/secure.gravatar.com\/avatar\/57de8e5d4b15d43fb361a71fbb36338450fe67865b528a43dd10ef7c51a20392?s=96&d=mm&r=g","url":"https:\/\/secure.gravatar.com\/avatar\/57de8e5d4b15d43fb361a71fbb36338450fe67865b528a43dd10ef7c51a20392?s=96&d=mm&r=g","contentUrl":"https:\/\/secure.gravatar.com\/avatar\/57de8e5d4b15d43fb361a71fbb36338450fe67865b528a43dd10ef7c51a20392?s=96&d=mm&r=g","caption":"La Sentinelle"},"sameAs":["http:\/\/www.lasentinelle.dz"],"url":"https:\/\/lasentinelle.dz\/author\/redaction\/"}]}},"_links":{"self":[{"href":"https:\/\/lasentinelle.dz\/index.php\/wp-json\/wp\/v2\/posts\/14454","targetHints":{"allow":["GET"]}}],"collection":[{"href":"https:\/\/lasentinelle.dz\/index.php\/wp-json\/wp\/v2\/posts"}],"about":[{"href":"https:\/\/lasentinelle.dz\/index.php\/wp-json\/wp\/v2\/types\/post"}],"author":[{"embeddable":true,"href":"https:\/\/lasentinelle.dz\/index.php\/wp-json\/wp\/v2\/users\/3"}],"replies":[{"embeddable":true,"href":"https:\/\/lasentinelle.dz\/index.php\/wp-json\/wp\/v2\/comments?post=14454"}],"version-history":[{"count":1,"href":"https:\/\/lasentinelle.dz\/index.php\/wp-json\/wp\/v2\/posts\/14454\/revisions"}],"predecessor-version":[{"id":14456,"href":"https:\/\/lasentinelle.dz\/index.php\/wp-json\/wp\/v2\/posts\/14454\/revisions\/14456"}],"wp:featuredmedia":[{"embeddable":true,"href":"https:\/\/lasentinelle.dz\/index.php\/wp-json\/wp\/v2\/media\/14455"}],"wp:attachment":[{"href":"https:\/\/lasentinelle.dz\/index.php\/wp-json\/wp\/v2\/media?parent=14454"}],"wp:term":[{"taxonomy":"category","embeddable":true,"href":"https:\/\/lasentinelle.dz\/index.php\/wp-json\/wp\/v2\/categories?post=14454"},{"taxonomy":"post_tag","embeddable":true,"href":"https:\/\/lasentinelle.dz\/index.php\/wp-json\/wp\/v2\/tags?post=14454"}],"curies":[{"name":"wp","href":"https:\/\/api.w.org\/{rel}","templated":true}]}}