{"id":14483,"date":"2021-12-04T00:05:00","date_gmt":"2021-12-03T23:05:00","guid":{"rendered":"https:\/\/lasentinelle.dz\/?p=14483"},"modified":"2021-12-03T16:41:46","modified_gmt":"2021-12-03T15:41:46","slug":"algerie-liban-aujourdhui-a-14h-lheure-de-la-confirmation-et-la-qualification","status":"publish","type":"post","link":"https:\/\/lasentinelle.dz\/index.php\/2021\/12\/04\/algerie-liban-aujourdhui-a-14h-lheure-de-la-confirmation-et-la-qualification\/","title":{"rendered":"Alg\u00e9rie \u2013 Liban, aujourd\u2019hui \u00e0 14h : L\u2019heure de la confirmation et la qualification"},"content":{"rendered":"\n<p>Apr\u00e8s l\u2019avoir emport\u00e9 sur un score fleuve de (4-0) face au Soudan lors de la journ\u00e9e inaugurale de la Coupe arabe des nations FIFA-2021, mercredi dernier, l\u2019Equipe nationale A\u2019 aborde la seconde sortie avec un moral au beau fixe.&nbsp;&nbsp;Ce second rendez-vous aura lieu aujourd\u2019hui \u00e0 partir de 14h au stade Al-Janoub face au Liban.&nbsp;<\/p>\n\n\n\n<p>Les Alg\u00e9riens, driv\u00e9s par Madjid Bougherra, visent une deuxi\u00e8me victoire en autant de rencontres ce qui va leur permettre de valider leur billet pour le prochain tour, avant d\u2019affronter l\u2019Egypte, mardi prochain. Contrairement \u00e0 la premi\u00e8re rencontre, celle d\u2019aujourd\u2019hui ne s\u2019annonce pas ais\u00e9e. Les Libanais ont tenu bon contre les Egyptiens et failli cr\u00e9er la surprise, n\u2019\u00e9tait-ce ce penalty obtenu par leurs adversaires du jour, ce qui a permis \u00e0 ces derniers de l\u2019emporter sur la plus petite des marges. Bougherra et ses troupes sont avertis et affichent une grande concentration avant cette sortie. Aujourd\u2019hui, le coach national pourra compter sur les services de son joueur-vedette, Youcef Belaili, m\u00e9nag\u00e9 face au Soudan en raison d\u2019une blessure contract\u00e9e la veille de la rencontre. Et cette blessure fait, d\u00e9sormais, partie du pass\u00e9 faisant que \u00ab Madjic \u00bb utilisera son arme fatale pour esp\u00e9rer r\u00e9\u00e9diter le m\u00eame coup que lors de la premi\u00e8re journ\u00e9e. Seulement, il faut \u00e9viter le sc\u00e9nario de la seconde mi-temps du match pr\u00e9c\u00e9dent, lorsque les Verts ont jou\u00e9 la facilit\u00e9 et l\u2019\u00e9conomie d\u2019\u00e9nergie, un fait soulev\u00e9 et regrett\u00e9 par le responsable technique de l\u2019EN alg\u00e9rienne. Bougherra ne veut pas revoir cela se reproduire, et il l\u2019a clairement fait savoir \u00e0 ses joueurs. Ces derniers en sont conscients et affirment qu\u2019ils ne m\u00e9nageront aucun effort pour y parvenir. \u00ab Le Liban ne sera pas un adversaire facile. Il fera de son possible pour nous battre, lui qui dispose de bons \u00e9l\u00e9ments et d\u2019une \u00e9quipe homog\u00e8ne \u00bb, a d\u00e9clar\u00e9 entre autres, Hillel Soudani, buteur face au Soudan. Le coach adjoint, Djamel Mesbah, \u00e9tait dans le tribunes pour superviser le match Egypte \u2013 Liban et le staff technique dispose d\u2019une id\u00e9e globale sur ce qui attend son \u00e9quipe, en attendant de voir la r\u00e9actions des co\u00e9quipiers du capitaine M\u2019bolhi sur le rectangle vert.&nbsp;<\/p>\n\n\n\n<p><strong>Abderrahim Mahious<\/strong><\/p>\n","protected":false},"excerpt":{"rendered":"<p>Apr\u00e8s l\u2019avoir emport\u00e9 sur un score fleuve de (4-0) face au Soudan lors de la journ\u00e9e inaugurale de la Coupe<\/p>\n","protected":false},"author":3,"featured_media":14484,"comment_status":"open","ping_status":"closed","sticky":false,"template":"","format":"standard","meta":{"colormag_page_container_layout":"default_layout","colormag_page_sidebar_layout":"default_layout","om_disable_all_campaigns":false,"_monsterinsights_skip_tracking":false,"_monsterinsights_sitenote_active":false,"_monsterinsights_sitenote_note":"","_monsterinsights_sitenote_category":0,"footnotes":"","_wpscppro_dont_share_socialmedia":false,"_wpscppro_custom_social_share_image":0,"_facebook_share_type":"","_twitter_share_type":"","_linkedin_share_type":"","_pinterest_share_type":"","_linkedin_share_type_page":"","_instagram_share_type":"","_medium_share_type":"","_threads_share_type":"","_google_business_share_type":"","_selected_social_profile":[],"_wpsp_enable_custom_social_template":false,"_wpsp_social_scheduling":{"enabled":false,"datetime":null,"platforms":[],"status":"template_only","dateOption":"today","timeOption":"now","customDays":"","customHours":"","customDate":"","customTime":"","schedulingType":"absolute"},"_wpsp_active_default_template":true},"categories":[52,33],"tags":[],"class_list":["post-14483","post","type-post","status-publish","format-standard","has-post-thumbnail","hentry","category-a-la-une","category-sports"],"aioseo_notices":[],"yoast_head":"<!-- This site is optimized with the Yoast SEO plugin v27.5 - https:\/\/yoast.com\/product\/yoast-seo-wordpress\/ -->\n<title>Alg\u00e9rie \u2013 Liban, aujourd\u2019hui \u00e0 14h : L\u2019heure de la confirmation et la qualification - La Sentinelle<\/title>\n<meta name=\"robots\" content=\"index, follow, max-snippet:-1, max-image-preview:large, max-video-preview:-1\" \/>\n<link rel=\"canonical\" href=\"https:\/\/lasentinelle.dz\/index.php\/2021\/12\/04\/algerie-liban-aujourdhui-a-14h-lheure-de-la-confirmation-et-la-qualification\/\" \/>\n<meta property=\"og:locale\" content=\"fr_FR\" \/>\n<meta property=\"og:type\" content=\"article\" \/>\n<meta property=\"og:title\" content=\"Alg\u00e9rie \u2013 Liban, aujourd\u2019hui \u00e0 14h : L\u2019heure de la confirmation et la qualification - La Sentinelle\" \/>\n<meta property=\"og:description\" content=\"Apr\u00e8s l\u2019avoir emport\u00e9 sur un score fleuve de (4-0) face au Soudan lors de la journ\u00e9e inaugurale de la Coupe\" \/>\n<meta property=\"og:url\" content=\"https:\/\/lasentinelle.dz\/index.php\/2021\/12\/04\/algerie-liban-aujourdhui-a-14h-lheure-de-la-confirmation-et-la-qualification\/\" \/>\n<meta property=\"og:site_name\" content=\"La Sentinelle\" \/>\n<meta property=\"article:publisher\" content=\"https:\/\/www.facebook.com\/La-Sentinelle-104059864394773\" \/>\n<meta property=\"article:published_time\" content=\"2021-12-03T23:05:00+00:00\" \/>\n<meta property=\"og:image\" content=\"https:\/\/lasentinelle.dz\/wp-content\/uploads\/2021\/12\/Equipe-nationale.png\" \/>\n\t<meta property=\"og:image:width\" content=\"1350\" \/>\n\t<meta property=\"og:image:height\" content=\"900\" \/>\n\t<meta property=\"og:image:type\" content=\"image\/png\" \/>\n<meta name=\"author\" content=\"La Sentinelle\" \/>\n<meta name=\"twitter:card\" content=\"summary_large_image\" \/>\n<meta name=\"twitter:label1\" content=\"\u00c9crit par\" \/>\n\t<meta name=\"twitter:data1\" content=\"La Sentinelle\" \/>\n\t<meta name=\"twitter:label2\" content=\"Dur\u00e9e de lecture estim\u00e9e\" \/>\n\t<meta name=\"twitter:data2\" content=\"2 minutes\" \/>\n<script type=\"application\/ld+json\" class=\"yoast-schema-graph\">{\"@context\":\"https:\\\/\\\/schema.org\",\"@graph\":[{\"@type\":\"Article\",\"@id\":\"https:\\\/\\\/lasentinelle.dz\\\/index.php\\\/2021\\\/12\\\/04\\\/algerie-liban-aujourdhui-a-14h-lheure-de-la-confirmation-et-la-qualification\\\/#article\",\"isPartOf\":{\"@id\":\"https:\\\/\\\/lasentinelle.dz\\\/index.php\\\/2021\\\/12\\\/04\\\/algerie-liban-aujourdhui-a-14h-lheure-de-la-confirmation-et-la-qualification\\\/\"},\"author\":{\"name\":\"La Sentinelle\",\"@id\":\"https:\\\/\\\/lasentinelle.dz\\\/#\\\/schema\\\/person\\\/d865044e22e70a75174ce8bcad3acfb3\"},\"headline\":\"Alg\u00e9rie \u2013 Liban, aujourd\u2019hui \u00e0 14h : L\u2019heure de la confirmation et la qualification\",\"datePublished\":\"2021-12-03T23:05:00+00:00\",\"mainEntityOfPage\":{\"@id\":\"https:\\\/\\\/lasentinelle.dz\\\/index.php\\\/2021\\\/12\\\/04\\\/algerie-liban-aujourdhui-a-14h-lheure-de-la-confirmation-et-la-qualification\\\/\"},\"wordCount\":414,\"commentCount\":0,\"publisher\":{\"@id\":\"https:\\\/\\\/lasentinelle.dz\\\/#organization\"},\"image\":{\"@id\":\"https:\\\/\\\/lasentinelle.dz\\\/index.php\\\/2021\\\/12\\\/04\\\/algerie-liban-aujourdhui-a-14h-lheure-de-la-confirmation-et-la-qualification\\\/#primaryimage\"},\"thumbnailUrl\":\"https:\\\/\\\/lasentinelle.dz\\\/wp-content\\\/uploads\\\/2021\\\/12\\\/Equipe-nationale.png\",\"articleSection\":[\"\u00c0 la Une\",\"Sports\"],\"inLanguage\":\"fr-FR\",\"potentialAction\":[{\"@type\":\"CommentAction\",\"name\":\"Comment\",\"target\":[\"https:\\\/\\\/lasentinelle.dz\\\/index.php\\\/2021\\\/12\\\/04\\\/algerie-liban-aujourdhui-a-14h-lheure-de-la-confirmation-et-la-qualification\\\/#respond\"]}]},{\"@type\":\"WebPage\",\"@id\":\"https:\\\/\\\/lasentinelle.dz\\\/index.php\\\/2021\\\/12\\\/04\\\/algerie-liban-aujourdhui-a-14h-lheure-de-la-confirmation-et-la-qualification\\\/\",\"url\":\"https:\\\/\\\/lasentinelle.dz\\\/index.php\\\/2021\\\/12\\\/04\\\/algerie-liban-aujourdhui-a-14h-lheure-de-la-confirmation-et-la-qualification\\\/\",\"name\":\"Alg\u00e9rie \u2013 Liban, aujourd\u2019hui \u00e0 14h : L\u2019heure de la confirmation et la qualification - La Sentinelle\",\"isPartOf\":{\"@id\":\"https:\\\/\\\/lasentinelle.dz\\\/#website\"},\"primaryImageOfPage\":{\"@id\":\"https:\\\/\\\/lasentinelle.dz\\\/index.php\\\/2021\\\/12\\\/04\\\/algerie-liban-aujourdhui-a-14h-lheure-de-la-confirmation-et-la-qualification\\\/#primaryimage\"},\"image\":{\"@id\":\"https:\\\/\\\/lasentinelle.dz\\\/index.php\\\/2021\\\/12\\\/04\\\/algerie-liban-aujourdhui-a-14h-lheure-de-la-confirmation-et-la-qualification\\\/#primaryimage\"},\"thumbnailUrl\":\"https:\\\/\\\/lasentinelle.dz\\\/wp-content\\\/uploads\\\/2021\\\/12\\\/Equipe-nationale.png\",\"datePublished\":\"2021-12-03T23:05:00+00:00\",\"breadcrumb\":{\"@id\":\"https:\\\/\\\/lasentinelle.dz\\\/index.php\\\/2021\\\/12\\\/04\\\/algerie-liban-aujourdhui-a-14h-lheure-de-la-confirmation-et-la-qualification\\\/#breadcrumb\"},\"inLanguage\":\"fr-FR\",\"potentialAction\":[{\"@type\":\"ReadAction\",\"target\":[\"https:\\\/\\\/lasentinelle.dz\\\/index.php\\\/2021\\\/12\\\/04\\\/algerie-liban-aujourdhui-a-14h-lheure-de-la-confirmation-et-la-qualification\\\/\"]}]},{\"@type\":\"ImageObject\",\"inLanguage\":\"fr-FR\",\"@id\":\"https:\\\/\\\/lasentinelle.dz\\\/index.php\\\/2021\\\/12\\\/04\\\/algerie-liban-aujourdhui-a-14h-lheure-de-la-confirmation-et-la-qualification\\\/#primaryimage\",\"url\":\"https:\\\/\\\/lasentinelle.dz\\\/wp-content\\\/uploads\\\/2021\\\/12\\\/Equipe-nationale.png\",\"contentUrl\":\"https:\\\/\\\/lasentinelle.dz\\\/wp-content\\\/uploads\\\/2021\\\/12\\\/Equipe-nationale.png\",\"width\":1350,\"height\":900},{\"@type\":\"BreadcrumbList\",\"@id\":\"https:\\\/\\\/lasentinelle.dz\\\/index.php\\\/2021\\\/12\\\/04\\\/algerie-liban-aujourdhui-a-14h-lheure-de-la-confirmation-et-la-qualification\\\/#breadcrumb\",\"itemListElement\":[{\"@type\":\"ListItem\",\"position\":1,\"name\":\"Accueil\",\"item\":\"https:\\\/\\\/lasentinelle.dz\\\/\"},{\"@type\":\"ListItem\",\"position\":2,\"name\":\"Alg\u00e9rie \u2013 Liban, aujourd\u2019hui \u00e0 14h : L\u2019heure de la confirmation et la qualification\"}]},{\"@type\":\"WebSite\",\"@id\":\"https:\\\/\\\/lasentinelle.dz\\\/#website\",\"url\":\"https:\\\/\\\/lasentinelle.dz\\\/\",\"name\":\"La Sentinelle\",\"description\":\"Quotidien national d&#039;information\",\"publisher\":{\"@id\":\"https:\\\/\\\/lasentinelle.dz\\\/#organization\"},\"potentialAction\":[{\"@type\":\"SearchAction\",\"target\":{\"@type\":\"EntryPoint\",\"urlTemplate\":\"https:\\\/\\\/lasentinelle.dz\\\/?s={search_term_string}\"},\"query-input\":{\"@type\":\"PropertyValueSpecification\",\"valueRequired\":true,\"valueName\":\"search_term_string\"}}],\"inLanguage\":\"fr-FR\"},{\"@type\":\"Organization\",\"@id\":\"https:\\\/\\\/lasentinelle.dz\\\/#organization\",\"name\":\"Quotidien La Sentinelle\",\"url\":\"https:\\\/\\\/lasentinelle.dz\\\/\",\"logo\":{\"@type\":\"ImageObject\",\"inLanguage\":\"fr-FR\",\"@id\":\"https:\\\/\\\/lasentinelle.dz\\\/#\\\/schema\\\/logo\\\/image\\\/\",\"url\":\"https:\\\/\\\/lasentinelle.dz\\\/wp-content\\\/uploads\\\/2021\\\/09\\\/logo-sentinelleSLOGAN-1.png\",\"contentUrl\":\"https:\\\/\\\/lasentinelle.dz\\\/wp-content\\\/uploads\\\/2021\\\/09\\\/logo-sentinelleSLOGAN-1.png\",\"width\":615,\"height\":142,\"caption\":\"Quotidien La Sentinelle\"},\"image\":{\"@id\":\"https:\\\/\\\/lasentinelle.dz\\\/#\\\/schema\\\/logo\\\/image\\\/\"},\"sameAs\":[\"https:\\\/\\\/www.facebook.com\\\/La-Sentinelle-104059864394773\"]},{\"@type\":\"Person\",\"@id\":\"https:\\\/\\\/lasentinelle.dz\\\/#\\\/schema\\\/person\\\/d865044e22e70a75174ce8bcad3acfb3\",\"name\":\"La Sentinelle\",\"image\":{\"@type\":\"ImageObject\",\"inLanguage\":\"fr-FR\",\"@id\":\"https:\\\/\\\/secure.gravatar.com\\\/avatar\\\/57de8e5d4b15d43fb361a71fbb36338450fe67865b528a43dd10ef7c51a20392?s=96&d=mm&r=g\",\"url\":\"https:\\\/\\\/secure.gravatar.com\\\/avatar\\\/57de8e5d4b15d43fb361a71fbb36338450fe67865b528a43dd10ef7c51a20392?s=96&d=mm&r=g\",\"contentUrl\":\"https:\\\/\\\/secure.gravatar.com\\\/avatar\\\/57de8e5d4b15d43fb361a71fbb36338450fe67865b528a43dd10ef7c51a20392?s=96&d=mm&r=g\",\"caption\":\"La Sentinelle\"},\"sameAs\":[\"http:\\\/\\\/www.lasentinelle.dz\"],\"url\":\"https:\\\/\\\/lasentinelle.dz\\\/author\\\/redaction\\\/\"}]}<\/script>\n<!-- \/ Yoast SEO plugin. -->","yoast_head_json":{"title":"Alg\u00e9rie \u2013 Liban, aujourd\u2019hui \u00e0 14h : L\u2019heure de la confirmation et la qualification - La Sentinelle","robots":{"index":"index","follow":"follow","max-snippet":"max-snippet:-1","max-image-preview":"max-image-preview:large","max-video-preview":"max-video-preview:-1"},"canonical":"https:\/\/lasentinelle.dz\/index.php\/2021\/12\/04\/algerie-liban-aujourdhui-a-14h-lheure-de-la-confirmation-et-la-qualification\/","og_locale":"fr_FR","og_type":"article","og_title":"Alg\u00e9rie \u2013 Liban, aujourd\u2019hui \u00e0 14h : L\u2019heure de la confirmation et la qualification - La Sentinelle","og_description":"Apr\u00e8s l\u2019avoir emport\u00e9 sur un score fleuve de (4-0) face au Soudan lors de la journ\u00e9e inaugurale de la Coupe","og_url":"https:\/\/lasentinelle.dz\/index.php\/2021\/12\/04\/algerie-liban-aujourdhui-a-14h-lheure-de-la-confirmation-et-la-qualification\/","og_site_name":"La Sentinelle","article_publisher":"https:\/\/www.facebook.com\/La-Sentinelle-104059864394773","article_published_time":"2021-12-03T23:05:00+00:00","og_image":[{"width":1350,"height":900,"url":"https:\/\/lasentinelle.dz\/wp-content\/uploads\/2021\/12\/Equipe-nationale.png","type":"image\/png"}],"author":"La Sentinelle","twitter_card":"summary_large_image","twitter_misc":{"\u00c9crit par":"La Sentinelle","Dur\u00e9e de lecture estim\u00e9e":"2 minutes"},"schema":{"@context":"https:\/\/schema.org","@graph":[{"@type":"Article","@id":"https:\/\/lasentinelle.dz\/index.php\/2021\/12\/04\/algerie-liban-aujourdhui-a-14h-lheure-de-la-confirmation-et-la-qualification\/#article","isPartOf":{"@id":"https:\/\/lasentinelle.dz\/index.php\/2021\/12\/04\/algerie-liban-aujourdhui-a-14h-lheure-de-la-confirmation-et-la-qualification\/"},"author":{"name":"La Sentinelle","@id":"https:\/\/lasentinelle.dz\/#\/schema\/person\/d865044e22e70a75174ce8bcad3acfb3"},"headline":"Alg\u00e9rie \u2013 Liban, aujourd\u2019hui \u00e0 14h : L\u2019heure de la confirmation et la qualification","datePublished":"2021-12-03T23:05:00+00:00","mainEntityOfPage":{"@id":"https:\/\/lasentinelle.dz\/index.php\/2021\/12\/04\/algerie-liban-aujourdhui-a-14h-lheure-de-la-confirmation-et-la-qualification\/"},"wordCount":414,"commentCount":0,"publisher":{"@id":"https:\/\/lasentinelle.dz\/#organization"},"image":{"@id":"https:\/\/lasentinelle.dz\/index.php\/2021\/12\/04\/algerie-liban-aujourdhui-a-14h-lheure-de-la-confirmation-et-la-qualification\/#primaryimage"},"thumbnailUrl":"https:\/\/lasentinelle.dz\/wp-content\/uploads\/2021\/12\/Equipe-nationale.png","articleSection":["\u00c0 la Une","Sports"],"inLanguage":"fr-FR","potentialAction":[{"@type":"CommentAction","name":"Comment","target":["https:\/\/lasentinelle.dz\/index.php\/2021\/12\/04\/algerie-liban-aujourdhui-a-14h-lheure-de-la-confirmation-et-la-qualification\/#respond"]}]},{"@type":"WebPage","@id":"https:\/\/lasentinelle.dz\/index.php\/2021\/12\/04\/algerie-liban-aujourdhui-a-14h-lheure-de-la-confirmation-et-la-qualification\/","url":"https:\/\/lasentinelle.dz\/index.php\/2021\/12\/04\/algerie-liban-aujourdhui-a-14h-lheure-de-la-confirmation-et-la-qualification\/","name":"Alg\u00e9rie \u2013 Liban, aujourd\u2019hui \u00e0 14h : L\u2019heure de la confirmation et la qualification - La Sentinelle","isPartOf":{"@id":"https:\/\/lasentinelle.dz\/#website"},"primaryImageOfPage":{"@id":"https:\/\/lasentinelle.dz\/index.php\/2021\/12\/04\/algerie-liban-aujourdhui-a-14h-lheure-de-la-confirmation-et-la-qualification\/#primaryimage"},"image":{"@id":"https:\/\/lasentinelle.dz\/index.php\/2021\/12\/04\/algerie-liban-aujourdhui-a-14h-lheure-de-la-confirmation-et-la-qualification\/#primaryimage"},"thumbnailUrl":"https:\/\/lasentinelle.dz\/wp-content\/uploads\/2021\/12\/Equipe-nationale.png","datePublished":"2021-12-03T23:05:00+00:00","breadcrumb":{"@id":"https:\/\/lasentinelle.dz\/index.php\/2021\/12\/04\/algerie-liban-aujourdhui-a-14h-lheure-de-la-confirmation-et-la-qualification\/#breadcrumb"},"inLanguage":"fr-FR","potentialAction":[{"@type":"ReadAction","target":["https:\/\/lasentinelle.dz\/index.php\/2021\/12\/04\/algerie-liban-aujourdhui-a-14h-lheure-de-la-confirmation-et-la-qualification\/"]}]},{"@type":"ImageObject","inLanguage":"fr-FR","@id":"https:\/\/lasentinelle.dz\/index.php\/2021\/12\/04\/algerie-liban-aujourdhui-a-14h-lheure-de-la-confirmation-et-la-qualification\/#primaryimage","url":"https:\/\/lasentinelle.dz\/wp-content\/uploads\/2021\/12\/Equipe-nationale.png","contentUrl":"https:\/\/lasentinelle.dz\/wp-content\/uploads\/2021\/12\/Equipe-nationale.png","width":1350,"height":900},{"@type":"BreadcrumbList","@id":"https:\/\/lasentinelle.dz\/index.php\/2021\/12\/04\/algerie-liban-aujourdhui-a-14h-lheure-de-la-confirmation-et-la-qualification\/#breadcrumb","itemListElement":[{"@type":"ListItem","position":1,"name":"Accueil","item":"https:\/\/lasentinelle.dz\/"},{"@type":"ListItem","position":2,"name":"Alg\u00e9rie \u2013 Liban, aujourd\u2019hui \u00e0 14h : L\u2019heure de la confirmation et la qualification"}]},{"@type":"WebSite","@id":"https:\/\/lasentinelle.dz\/#website","url":"https:\/\/lasentinelle.dz\/","name":"La Sentinelle","description":"Quotidien national d&#039;information","publisher":{"@id":"https:\/\/lasentinelle.dz\/#organization"},"potentialAction":[{"@type":"SearchAction","target":{"@type":"EntryPoint","urlTemplate":"https:\/\/lasentinelle.dz\/?s={search_term_string}"},"query-input":{"@type":"PropertyValueSpecification","valueRequired":true,"valueName":"search_term_string"}}],"inLanguage":"fr-FR"},{"@type":"Organization","@id":"https:\/\/lasentinelle.dz\/#organization","name":"Quotidien La Sentinelle","url":"https:\/\/lasentinelle.dz\/","logo":{"@type":"ImageObject","inLanguage":"fr-FR","@id":"https:\/\/lasentinelle.dz\/#\/schema\/logo\/image\/","url":"https:\/\/lasentinelle.dz\/wp-content\/uploads\/2021\/09\/logo-sentinelleSLOGAN-1.png","contentUrl":"https:\/\/lasentinelle.dz\/wp-content\/uploads\/2021\/09\/logo-sentinelleSLOGAN-1.png","width":615,"height":142,"caption":"Quotidien La Sentinelle"},"image":{"@id":"https:\/\/lasentinelle.dz\/#\/schema\/logo\/image\/"},"sameAs":["https:\/\/www.facebook.com\/La-Sentinelle-104059864394773"]},{"@type":"Person","@id":"https:\/\/lasentinelle.dz\/#\/schema\/person\/d865044e22e70a75174ce8bcad3acfb3","name":"La Sentinelle","image":{"@type":"ImageObject","inLanguage":"fr-FR","@id":"https:\/\/secure.gravatar.com\/avatar\/57de8e5d4b15d43fb361a71fbb36338450fe67865b528a43dd10ef7c51a20392?s=96&d=mm&r=g","url":"https:\/\/secure.gravatar.com\/avatar\/57de8e5d4b15d43fb361a71fbb36338450fe67865b528a43dd10ef7c51a20392?s=96&d=mm&r=g","contentUrl":"https:\/\/secure.gravatar.com\/avatar\/57de8e5d4b15d43fb361a71fbb36338450fe67865b528a43dd10ef7c51a20392?s=96&d=mm&r=g","caption":"La Sentinelle"},"sameAs":["http:\/\/www.lasentinelle.dz"],"url":"https:\/\/lasentinelle.dz\/author\/redaction\/"}]}},"_links":{"self":[{"href":"https:\/\/lasentinelle.dz\/index.php\/wp-json\/wp\/v2\/posts\/14483","targetHints":{"allow":["GET"]}}],"collection":[{"href":"https:\/\/lasentinelle.dz\/index.php\/wp-json\/wp\/v2\/posts"}],"about":[{"href":"https:\/\/lasentinelle.dz\/index.php\/wp-json\/wp\/v2\/types\/post"}],"author":[{"embeddable":true,"href":"https:\/\/lasentinelle.dz\/index.php\/wp-json\/wp\/v2\/users\/3"}],"replies":[{"embeddable":true,"href":"https:\/\/lasentinelle.dz\/index.php\/wp-json\/wp\/v2\/comments?post=14483"}],"version-history":[{"count":1,"href":"https:\/\/lasentinelle.dz\/index.php\/wp-json\/wp\/v2\/posts\/14483\/revisions"}],"predecessor-version":[{"id":14485,"href":"https:\/\/lasentinelle.dz\/index.php\/wp-json\/wp\/v2\/posts\/14483\/revisions\/14485"}],"wp:featuredmedia":[{"embeddable":true,"href":"https:\/\/lasentinelle.dz\/index.php\/wp-json\/wp\/v2\/media\/14484"}],"wp:attachment":[{"href":"https:\/\/lasentinelle.dz\/index.php\/wp-json\/wp\/v2\/media?parent=14483"}],"wp:term":[{"taxonomy":"category","embeddable":true,"href":"https:\/\/lasentinelle.dz\/index.php\/wp-json\/wp\/v2\/categories?post=14483"},{"taxonomy":"post_tag","embeddable":true,"href":"https:\/\/lasentinelle.dz\/index.php\/wp-json\/wp\/v2\/tags?post=14483"}],"curies":[{"name":"wp","href":"https:\/\/api.w.org\/{rel}","templated":true}]}}