{"id":14508,"date":"2021-12-04T00:01:00","date_gmt":"2021-12-03T23:01:00","guid":{"rendered":"https:\/\/lasentinelle.dz\/?p=14508"},"modified":"2021-12-03T19:52:48","modified_gmt":"2021-12-03T18:52:48","slug":"ligue-nationale-de-football-amateur-ali-malek-candidat-a-sa-propre-succession","status":"publish","type":"post","link":"https:\/\/lasentinelle.dz\/index.php\/2021\/12\/04\/ligue-nationale-de-football-amateur-ali-malek-candidat-a-sa-propre-succession\/","title":{"rendered":"Ligue nationale de football amateur : Ali Malek candidat \u00e0 sa propre succession"},"content":{"rendered":"\n<p>La liste d\u00e9finitive des candidats retenus sera arr\u00eat\u00e9e et affich\u00e9e \u00e0 partir du dimanche 12 d\u00e9cembre.&nbsp;<\/p>\n\n\n\n<p>Le pr\u00e9sident sortant de la Ligue nationale de football amateur (LNFA) Ali Malek, a annonc\u00e9 jeudi sa d\u00e9cision de briguer un nouveau mandat \u00e0 la t\u00eate de cette instance, \u00e0 trois semaines de la tenue de l&rsquo;assembl\u00e9e g\u00e9n\u00e9rale \u00e9lective (AGE), fix\u00e9e au 21 d\u00e9cembre. \u00ab J&rsquo;ai d\u00e9cid\u00e9 de me pr\u00e9senter aux prochaines \u00e9lections, et briguer un nouveau mandat \u00e0 la t\u00eate de la LNFA. Je dois d&rsquo;abord composer mon futur bureau de Ligue qui sera compos\u00e9 de cinq membres (dont le pr\u00e9sident, ndlr) et de deux suppl\u00e9ants \u00bb, a d\u00e9clar\u00e9 \u00e0 l&rsquo;APS Ali Malek. \u00ab Les deux Assembl\u00e9es se sont d\u00e9roul\u00e9es dans d&rsquo;excellentes conditions. J&rsquo;ai senti un soutien ind\u00e9fectible de la part des membres de l&rsquo;AG, chose qui m&rsquo;a encourag\u00e9 davantage \u00e0 briguer un nouveau mandat \u00bb, a-t-il conclu. Ali Malek (69 ans) avait \u00e9t\u00e9 \u00e9lu une premi\u00e8re fois \u00e0 la t\u00eate de la LNFA en 2011, avant d&rsquo;\u00eatre r\u00e9\u00e9lu en 2016.&nbsp;&nbsp;La commission \u00e9lectorale, install\u00e9e pour pr\u00e9parer les \u00e9lections de la LNFA, a fix\u00e9 au lundi 6 d\u00e9cembre \u00e0 16h00 au plus tard, la date limite pour le d\u00e9p\u00f4t des candidatures. L&rsquo;\u00e9tude des dossiers de candidatures et la liste retenue, se feront le jeudi 9 d\u00e9cembre. Les candidats dont le dossier est rejet\u00e9 peuvent \u00e9ventuellement saisir la commission \u00e9lectorale de recours au plus tard le samedi 11 d\u00e9cembre. La liste d\u00e9finitive des candidats retenus sera arr\u00eat\u00e9e et affich\u00e9e \u00e0 partir du dimanche 12 d\u00e9cembre.&nbsp;&nbsp;Les nouveaux statuts de la LNFA, propos\u00e9s par la F\u00e9d\u00e9ration alg\u00e9rienne de football (FAF), ont \u00e9t\u00e9 amend\u00e9s par l&rsquo;assembl\u00e9e g\u00e9n\u00e9rale de l&rsquo;instance, lors de sa r\u00e9union du mardi 30 novembre, au si\u00e8ge de la FAF, sous la direction de Ali Malek. \u00ab\u00a0Les 27 membres pr\u00e9sents sur les 34 membres statutaires ont adopt\u00e9 \u00e0 l&rsquo;unanimit\u00e9 le nouveau texte, qui apporte certaines modifications aux articles concernant les \u00e9lections et la composante du bureau\u00a0\u00bb, a indiqu\u00e9 l&rsquo;instance dans un communiqu\u00e9.<\/p>\n\n\n\n<p>R. S.<\/p>\n","protected":false},"excerpt":{"rendered":"<p>La liste d\u00e9finitive des candidats retenus sera arr\u00eat\u00e9e et affich\u00e9e \u00e0 partir du dimanche 12 d\u00e9cembre.&nbsp; Le pr\u00e9sident sortant de<\/p>\n","protected":false},"author":3,"featured_media":14509,"comment_status":"open","ping_status":"closed","sticky":false,"template":"","format":"standard","meta":{"colormag_page_container_layout":"default_layout","colormag_page_sidebar_layout":"default_layout","om_disable_all_campaigns":false,"_monsterinsights_skip_tracking":false,"_monsterinsights_sitenote_active":false,"_monsterinsights_sitenote_note":"","_monsterinsights_sitenote_category":0,"footnotes":"","_wpscppro_dont_share_socialmedia":false,"_wpscppro_custom_social_share_image":0,"_facebook_share_type":"","_twitter_share_type":"","_linkedin_share_type":"","_pinterest_share_type":"","_linkedin_share_type_page":"","_instagram_share_type":"","_medium_share_type":"","_threads_share_type":"","_google_business_share_type":"","_selected_social_profile":[],"_wpsp_enable_custom_social_template":false,"_wpsp_social_scheduling":{"enabled":false,"datetime":null,"platforms":[],"status":"template_only","dateOption":"today","timeOption":"now","customDays":"","customHours":"","customDate":"","customTime":"","schedulingType":"absolute"},"_wpsp_active_default_template":true},"categories":[33],"tags":[],"class_list":["post-14508","post","type-post","status-publish","format-standard","has-post-thumbnail","hentry","category-sports"],"aioseo_notices":[],"yoast_head":"<!-- This site is optimized with the Yoast SEO plugin v27.5 - https:\/\/yoast.com\/product\/yoast-seo-wordpress\/ -->\n<title>Ligue nationale de football amateur : Ali Malek candidat \u00e0 sa propre succession - La Sentinelle<\/title>\n<meta name=\"robots\" content=\"index, follow, max-snippet:-1, max-image-preview:large, max-video-preview:-1\" \/>\n<link rel=\"canonical\" href=\"https:\/\/lasentinelle.dz\/index.php\/2021\/12\/04\/ligue-nationale-de-football-amateur-ali-malek-candidat-a-sa-propre-succession\/\" \/>\n<meta property=\"og:locale\" content=\"fr_FR\" \/>\n<meta property=\"og:type\" content=\"article\" \/>\n<meta property=\"og:title\" content=\"Ligue nationale de football amateur : Ali Malek candidat \u00e0 sa propre succession - La Sentinelle\" \/>\n<meta property=\"og:description\" content=\"La liste d\u00e9finitive des candidats retenus sera arr\u00eat\u00e9e et affich\u00e9e \u00e0 partir du dimanche 12 d\u00e9cembre.&nbsp; Le pr\u00e9sident sortant de\" \/>\n<meta property=\"og:url\" content=\"https:\/\/lasentinelle.dz\/index.php\/2021\/12\/04\/ligue-nationale-de-football-amateur-ali-malek-candidat-a-sa-propre-succession\/\" \/>\n<meta property=\"og:site_name\" content=\"La Sentinelle\" \/>\n<meta property=\"article:publisher\" content=\"https:\/\/www.facebook.com\/La-Sentinelle-104059864394773\" \/>\n<meta property=\"article:published_time\" content=\"2021-12-03T23:01:00+00:00\" \/>\n<meta property=\"og:image\" content=\"https:\/\/lasentinelle.dz\/wp-content\/uploads\/2021\/12\/Ali-malek.jpeg\" \/>\n\t<meta property=\"og:image:width\" content=\"1200\" \/>\n\t<meta property=\"og:image:height\" content=\"900\" \/>\n\t<meta property=\"og:image:type\" content=\"image\/jpeg\" \/>\n<meta name=\"author\" content=\"La Sentinelle\" \/>\n<meta name=\"twitter:card\" content=\"summary_large_image\" \/>\n<meta name=\"twitter:label1\" content=\"\u00c9crit par\" \/>\n\t<meta name=\"twitter:data1\" content=\"La Sentinelle\" \/>\n\t<meta name=\"twitter:label2\" content=\"Dur\u00e9e de lecture estim\u00e9e\" \/>\n\t<meta name=\"twitter:data2\" content=\"2 minutes\" \/>\n<script type=\"application\/ld+json\" class=\"yoast-schema-graph\">{\"@context\":\"https:\\\/\\\/schema.org\",\"@graph\":[{\"@type\":\"Article\",\"@id\":\"https:\\\/\\\/lasentinelle.dz\\\/index.php\\\/2021\\\/12\\\/04\\\/ligue-nationale-de-football-amateur-ali-malek-candidat-a-sa-propre-succession\\\/#article\",\"isPartOf\":{\"@id\":\"https:\\\/\\\/lasentinelle.dz\\\/index.php\\\/2021\\\/12\\\/04\\\/ligue-nationale-de-football-amateur-ali-malek-candidat-a-sa-propre-succession\\\/\"},\"author\":{\"name\":\"La Sentinelle\",\"@id\":\"https:\\\/\\\/lasentinelle.dz\\\/#\\\/schema\\\/person\\\/d865044e22e70a75174ce8bcad3acfb3\"},\"headline\":\"Ligue nationale de football amateur : Ali Malek candidat \u00e0 sa propre succession\",\"datePublished\":\"2021-12-03T23:01:00+00:00\",\"mainEntityOfPage\":{\"@id\":\"https:\\\/\\\/lasentinelle.dz\\\/index.php\\\/2021\\\/12\\\/04\\\/ligue-nationale-de-football-amateur-ali-malek-candidat-a-sa-propre-succession\\\/\"},\"wordCount\":383,\"commentCount\":0,\"publisher\":{\"@id\":\"https:\\\/\\\/lasentinelle.dz\\\/#organization\"},\"image\":{\"@id\":\"https:\\\/\\\/lasentinelle.dz\\\/index.php\\\/2021\\\/12\\\/04\\\/ligue-nationale-de-football-amateur-ali-malek-candidat-a-sa-propre-succession\\\/#primaryimage\"},\"thumbnailUrl\":\"https:\\\/\\\/lasentinelle.dz\\\/wp-content\\\/uploads\\\/2021\\\/12\\\/Ali-malek.jpeg\",\"articleSection\":[\"Sports\"],\"inLanguage\":\"fr-FR\",\"potentialAction\":[{\"@type\":\"CommentAction\",\"name\":\"Comment\",\"target\":[\"https:\\\/\\\/lasentinelle.dz\\\/index.php\\\/2021\\\/12\\\/04\\\/ligue-nationale-de-football-amateur-ali-malek-candidat-a-sa-propre-succession\\\/#respond\"]}]},{\"@type\":\"WebPage\",\"@id\":\"https:\\\/\\\/lasentinelle.dz\\\/index.php\\\/2021\\\/12\\\/04\\\/ligue-nationale-de-football-amateur-ali-malek-candidat-a-sa-propre-succession\\\/\",\"url\":\"https:\\\/\\\/lasentinelle.dz\\\/index.php\\\/2021\\\/12\\\/04\\\/ligue-nationale-de-football-amateur-ali-malek-candidat-a-sa-propre-succession\\\/\",\"name\":\"Ligue nationale de football amateur : Ali Malek candidat \u00e0 sa propre succession - La Sentinelle\",\"isPartOf\":{\"@id\":\"https:\\\/\\\/lasentinelle.dz\\\/#website\"},\"primaryImageOfPage\":{\"@id\":\"https:\\\/\\\/lasentinelle.dz\\\/index.php\\\/2021\\\/12\\\/04\\\/ligue-nationale-de-football-amateur-ali-malek-candidat-a-sa-propre-succession\\\/#primaryimage\"},\"image\":{\"@id\":\"https:\\\/\\\/lasentinelle.dz\\\/index.php\\\/2021\\\/12\\\/04\\\/ligue-nationale-de-football-amateur-ali-malek-candidat-a-sa-propre-succession\\\/#primaryimage\"},\"thumbnailUrl\":\"https:\\\/\\\/lasentinelle.dz\\\/wp-content\\\/uploads\\\/2021\\\/12\\\/Ali-malek.jpeg\",\"datePublished\":\"2021-12-03T23:01:00+00:00\",\"breadcrumb\":{\"@id\":\"https:\\\/\\\/lasentinelle.dz\\\/index.php\\\/2021\\\/12\\\/04\\\/ligue-nationale-de-football-amateur-ali-malek-candidat-a-sa-propre-succession\\\/#breadcrumb\"},\"inLanguage\":\"fr-FR\",\"potentialAction\":[{\"@type\":\"ReadAction\",\"target\":[\"https:\\\/\\\/lasentinelle.dz\\\/index.php\\\/2021\\\/12\\\/04\\\/ligue-nationale-de-football-amateur-ali-malek-candidat-a-sa-propre-succession\\\/\"]}]},{\"@type\":\"ImageObject\",\"inLanguage\":\"fr-FR\",\"@id\":\"https:\\\/\\\/lasentinelle.dz\\\/index.php\\\/2021\\\/12\\\/04\\\/ligue-nationale-de-football-amateur-ali-malek-candidat-a-sa-propre-succession\\\/#primaryimage\",\"url\":\"https:\\\/\\\/lasentinelle.dz\\\/wp-content\\\/uploads\\\/2021\\\/12\\\/Ali-malek.jpeg\",\"contentUrl\":\"https:\\\/\\\/lasentinelle.dz\\\/wp-content\\\/uploads\\\/2021\\\/12\\\/Ali-malek.jpeg\",\"width\":1200,\"height\":900},{\"@type\":\"BreadcrumbList\",\"@id\":\"https:\\\/\\\/lasentinelle.dz\\\/index.php\\\/2021\\\/12\\\/04\\\/ligue-nationale-de-football-amateur-ali-malek-candidat-a-sa-propre-succession\\\/#breadcrumb\",\"itemListElement\":[{\"@type\":\"ListItem\",\"position\":1,\"name\":\"Accueil\",\"item\":\"https:\\\/\\\/lasentinelle.dz\\\/\"},{\"@type\":\"ListItem\",\"position\":2,\"name\":\"Ligue nationale de football amateur : Ali Malek candidat \u00e0 sa propre succession\"}]},{\"@type\":\"WebSite\",\"@id\":\"https:\\\/\\\/lasentinelle.dz\\\/#website\",\"url\":\"https:\\\/\\\/lasentinelle.dz\\\/\",\"name\":\"La Sentinelle\",\"description\":\"Quotidien national d&#039;information\",\"publisher\":{\"@id\":\"https:\\\/\\\/lasentinelle.dz\\\/#organization\"},\"potentialAction\":[{\"@type\":\"SearchAction\",\"target\":{\"@type\":\"EntryPoint\",\"urlTemplate\":\"https:\\\/\\\/lasentinelle.dz\\\/?s={search_term_string}\"},\"query-input\":{\"@type\":\"PropertyValueSpecification\",\"valueRequired\":true,\"valueName\":\"search_term_string\"}}],\"inLanguage\":\"fr-FR\"},{\"@type\":\"Organization\",\"@id\":\"https:\\\/\\\/lasentinelle.dz\\\/#organization\",\"name\":\"Quotidien La Sentinelle\",\"url\":\"https:\\\/\\\/lasentinelle.dz\\\/\",\"logo\":{\"@type\":\"ImageObject\",\"inLanguage\":\"fr-FR\",\"@id\":\"https:\\\/\\\/lasentinelle.dz\\\/#\\\/schema\\\/logo\\\/image\\\/\",\"url\":\"https:\\\/\\\/lasentinelle.dz\\\/wp-content\\\/uploads\\\/2021\\\/09\\\/logo-sentinelleSLOGAN-1.png\",\"contentUrl\":\"https:\\\/\\\/lasentinelle.dz\\\/wp-content\\\/uploads\\\/2021\\\/09\\\/logo-sentinelleSLOGAN-1.png\",\"width\":615,\"height\":142,\"caption\":\"Quotidien La Sentinelle\"},\"image\":{\"@id\":\"https:\\\/\\\/lasentinelle.dz\\\/#\\\/schema\\\/logo\\\/image\\\/\"},\"sameAs\":[\"https:\\\/\\\/www.facebook.com\\\/La-Sentinelle-104059864394773\"]},{\"@type\":\"Person\",\"@id\":\"https:\\\/\\\/lasentinelle.dz\\\/#\\\/schema\\\/person\\\/d865044e22e70a75174ce8bcad3acfb3\",\"name\":\"La Sentinelle\",\"image\":{\"@type\":\"ImageObject\",\"inLanguage\":\"fr-FR\",\"@id\":\"https:\\\/\\\/secure.gravatar.com\\\/avatar\\\/57de8e5d4b15d43fb361a71fbb36338450fe67865b528a43dd10ef7c51a20392?s=96&d=mm&r=g\",\"url\":\"https:\\\/\\\/secure.gravatar.com\\\/avatar\\\/57de8e5d4b15d43fb361a71fbb36338450fe67865b528a43dd10ef7c51a20392?s=96&d=mm&r=g\",\"contentUrl\":\"https:\\\/\\\/secure.gravatar.com\\\/avatar\\\/57de8e5d4b15d43fb361a71fbb36338450fe67865b528a43dd10ef7c51a20392?s=96&d=mm&r=g\",\"caption\":\"La Sentinelle\"},\"sameAs\":[\"http:\\\/\\\/www.lasentinelle.dz\"],\"url\":\"https:\\\/\\\/lasentinelle.dz\\\/author\\\/redaction\\\/\"}]}<\/script>\n<!-- \/ Yoast SEO plugin. -->","yoast_head_json":{"title":"Ligue nationale de football amateur : Ali Malek candidat \u00e0 sa propre succession - La Sentinelle","robots":{"index":"index","follow":"follow","max-snippet":"max-snippet:-1","max-image-preview":"max-image-preview:large","max-video-preview":"max-video-preview:-1"},"canonical":"https:\/\/lasentinelle.dz\/index.php\/2021\/12\/04\/ligue-nationale-de-football-amateur-ali-malek-candidat-a-sa-propre-succession\/","og_locale":"fr_FR","og_type":"article","og_title":"Ligue nationale de football amateur : Ali Malek candidat \u00e0 sa propre succession - La Sentinelle","og_description":"La liste d\u00e9finitive des candidats retenus sera arr\u00eat\u00e9e et affich\u00e9e \u00e0 partir du dimanche 12 d\u00e9cembre.&nbsp; Le pr\u00e9sident sortant de","og_url":"https:\/\/lasentinelle.dz\/index.php\/2021\/12\/04\/ligue-nationale-de-football-amateur-ali-malek-candidat-a-sa-propre-succession\/","og_site_name":"La Sentinelle","article_publisher":"https:\/\/www.facebook.com\/La-Sentinelle-104059864394773","article_published_time":"2021-12-03T23:01:00+00:00","og_image":[{"width":1200,"height":900,"url":"https:\/\/lasentinelle.dz\/wp-content\/uploads\/2021\/12\/Ali-malek.jpeg","type":"image\/jpeg"}],"author":"La Sentinelle","twitter_card":"summary_large_image","twitter_misc":{"\u00c9crit par":"La Sentinelle","Dur\u00e9e de lecture estim\u00e9e":"2 minutes"},"schema":{"@context":"https:\/\/schema.org","@graph":[{"@type":"Article","@id":"https:\/\/lasentinelle.dz\/index.php\/2021\/12\/04\/ligue-nationale-de-football-amateur-ali-malek-candidat-a-sa-propre-succession\/#article","isPartOf":{"@id":"https:\/\/lasentinelle.dz\/index.php\/2021\/12\/04\/ligue-nationale-de-football-amateur-ali-malek-candidat-a-sa-propre-succession\/"},"author":{"name":"La Sentinelle","@id":"https:\/\/lasentinelle.dz\/#\/schema\/person\/d865044e22e70a75174ce8bcad3acfb3"},"headline":"Ligue nationale de football amateur : Ali Malek candidat \u00e0 sa propre succession","datePublished":"2021-12-03T23:01:00+00:00","mainEntityOfPage":{"@id":"https:\/\/lasentinelle.dz\/index.php\/2021\/12\/04\/ligue-nationale-de-football-amateur-ali-malek-candidat-a-sa-propre-succession\/"},"wordCount":383,"commentCount":0,"publisher":{"@id":"https:\/\/lasentinelle.dz\/#organization"},"image":{"@id":"https:\/\/lasentinelle.dz\/index.php\/2021\/12\/04\/ligue-nationale-de-football-amateur-ali-malek-candidat-a-sa-propre-succession\/#primaryimage"},"thumbnailUrl":"https:\/\/lasentinelle.dz\/wp-content\/uploads\/2021\/12\/Ali-malek.jpeg","articleSection":["Sports"],"inLanguage":"fr-FR","potentialAction":[{"@type":"CommentAction","name":"Comment","target":["https:\/\/lasentinelle.dz\/index.php\/2021\/12\/04\/ligue-nationale-de-football-amateur-ali-malek-candidat-a-sa-propre-succession\/#respond"]}]},{"@type":"WebPage","@id":"https:\/\/lasentinelle.dz\/index.php\/2021\/12\/04\/ligue-nationale-de-football-amateur-ali-malek-candidat-a-sa-propre-succession\/","url":"https:\/\/lasentinelle.dz\/index.php\/2021\/12\/04\/ligue-nationale-de-football-amateur-ali-malek-candidat-a-sa-propre-succession\/","name":"Ligue nationale de football amateur : Ali Malek candidat \u00e0 sa propre succession - La Sentinelle","isPartOf":{"@id":"https:\/\/lasentinelle.dz\/#website"},"primaryImageOfPage":{"@id":"https:\/\/lasentinelle.dz\/index.php\/2021\/12\/04\/ligue-nationale-de-football-amateur-ali-malek-candidat-a-sa-propre-succession\/#primaryimage"},"image":{"@id":"https:\/\/lasentinelle.dz\/index.php\/2021\/12\/04\/ligue-nationale-de-football-amateur-ali-malek-candidat-a-sa-propre-succession\/#primaryimage"},"thumbnailUrl":"https:\/\/lasentinelle.dz\/wp-content\/uploads\/2021\/12\/Ali-malek.jpeg","datePublished":"2021-12-03T23:01:00+00:00","breadcrumb":{"@id":"https:\/\/lasentinelle.dz\/index.php\/2021\/12\/04\/ligue-nationale-de-football-amateur-ali-malek-candidat-a-sa-propre-succession\/#breadcrumb"},"inLanguage":"fr-FR","potentialAction":[{"@type":"ReadAction","target":["https:\/\/lasentinelle.dz\/index.php\/2021\/12\/04\/ligue-nationale-de-football-amateur-ali-malek-candidat-a-sa-propre-succession\/"]}]},{"@type":"ImageObject","inLanguage":"fr-FR","@id":"https:\/\/lasentinelle.dz\/index.php\/2021\/12\/04\/ligue-nationale-de-football-amateur-ali-malek-candidat-a-sa-propre-succession\/#primaryimage","url":"https:\/\/lasentinelle.dz\/wp-content\/uploads\/2021\/12\/Ali-malek.jpeg","contentUrl":"https:\/\/lasentinelle.dz\/wp-content\/uploads\/2021\/12\/Ali-malek.jpeg","width":1200,"height":900},{"@type":"BreadcrumbList","@id":"https:\/\/lasentinelle.dz\/index.php\/2021\/12\/04\/ligue-nationale-de-football-amateur-ali-malek-candidat-a-sa-propre-succession\/#breadcrumb","itemListElement":[{"@type":"ListItem","position":1,"name":"Accueil","item":"https:\/\/lasentinelle.dz\/"},{"@type":"ListItem","position":2,"name":"Ligue nationale de football amateur : Ali Malek candidat \u00e0 sa propre succession"}]},{"@type":"WebSite","@id":"https:\/\/lasentinelle.dz\/#website","url":"https:\/\/lasentinelle.dz\/","name":"La Sentinelle","description":"Quotidien national d&#039;information","publisher":{"@id":"https:\/\/lasentinelle.dz\/#organization"},"potentialAction":[{"@type":"SearchAction","target":{"@type":"EntryPoint","urlTemplate":"https:\/\/lasentinelle.dz\/?s={search_term_string}"},"query-input":{"@type":"PropertyValueSpecification","valueRequired":true,"valueName":"search_term_string"}}],"inLanguage":"fr-FR"},{"@type":"Organization","@id":"https:\/\/lasentinelle.dz\/#organization","name":"Quotidien La Sentinelle","url":"https:\/\/lasentinelle.dz\/","logo":{"@type":"ImageObject","inLanguage":"fr-FR","@id":"https:\/\/lasentinelle.dz\/#\/schema\/logo\/image\/","url":"https:\/\/lasentinelle.dz\/wp-content\/uploads\/2021\/09\/logo-sentinelleSLOGAN-1.png","contentUrl":"https:\/\/lasentinelle.dz\/wp-content\/uploads\/2021\/09\/logo-sentinelleSLOGAN-1.png","width":615,"height":142,"caption":"Quotidien La Sentinelle"},"image":{"@id":"https:\/\/lasentinelle.dz\/#\/schema\/logo\/image\/"},"sameAs":["https:\/\/www.facebook.com\/La-Sentinelle-104059864394773"]},{"@type":"Person","@id":"https:\/\/lasentinelle.dz\/#\/schema\/person\/d865044e22e70a75174ce8bcad3acfb3","name":"La Sentinelle","image":{"@type":"ImageObject","inLanguage":"fr-FR","@id":"https:\/\/secure.gravatar.com\/avatar\/57de8e5d4b15d43fb361a71fbb36338450fe67865b528a43dd10ef7c51a20392?s=96&d=mm&r=g","url":"https:\/\/secure.gravatar.com\/avatar\/57de8e5d4b15d43fb361a71fbb36338450fe67865b528a43dd10ef7c51a20392?s=96&d=mm&r=g","contentUrl":"https:\/\/secure.gravatar.com\/avatar\/57de8e5d4b15d43fb361a71fbb36338450fe67865b528a43dd10ef7c51a20392?s=96&d=mm&r=g","caption":"La Sentinelle"},"sameAs":["http:\/\/www.lasentinelle.dz"],"url":"https:\/\/lasentinelle.dz\/author\/redaction\/"}]}},"_links":{"self":[{"href":"https:\/\/lasentinelle.dz\/index.php\/wp-json\/wp\/v2\/posts\/14508","targetHints":{"allow":["GET"]}}],"collection":[{"href":"https:\/\/lasentinelle.dz\/index.php\/wp-json\/wp\/v2\/posts"}],"about":[{"href":"https:\/\/lasentinelle.dz\/index.php\/wp-json\/wp\/v2\/types\/post"}],"author":[{"embeddable":true,"href":"https:\/\/lasentinelle.dz\/index.php\/wp-json\/wp\/v2\/users\/3"}],"replies":[{"embeddable":true,"href":"https:\/\/lasentinelle.dz\/index.php\/wp-json\/wp\/v2\/comments?post=14508"}],"version-history":[{"count":1,"href":"https:\/\/lasentinelle.dz\/index.php\/wp-json\/wp\/v2\/posts\/14508\/revisions"}],"predecessor-version":[{"id":14510,"href":"https:\/\/lasentinelle.dz\/index.php\/wp-json\/wp\/v2\/posts\/14508\/revisions\/14510"}],"wp:featuredmedia":[{"embeddable":true,"href":"https:\/\/lasentinelle.dz\/index.php\/wp-json\/wp\/v2\/media\/14509"}],"wp:attachment":[{"href":"https:\/\/lasentinelle.dz\/index.php\/wp-json\/wp\/v2\/media?parent=14508"}],"wp:term":[{"taxonomy":"category","embeddable":true,"href":"https:\/\/lasentinelle.dz\/index.php\/wp-json\/wp\/v2\/categories?post=14508"},{"taxonomy":"post_tag","embeddable":true,"href":"https:\/\/lasentinelle.dz\/index.php\/wp-json\/wp\/v2\/tags?post=14508"}],"curies":[{"name":"wp","href":"https:\/\/api.w.org\/{rel}","templated":true}]}}