{"id":14523,"date":"2021-12-04T00:01:00","date_gmt":"2021-12-03T23:01:00","guid":{"rendered":"https:\/\/lasentinelle.dz\/?p=14523"},"modified":"2021-12-03T18:39:37","modified_gmt":"2021-12-03T17:39:37","slug":"un-partenaire-etranger-sera-choisi-dici-a-la-fin-de-lannee-lexploitation-des-mines-de-phosphate-prochainement-lancee","status":"publish","type":"post","link":"https:\/\/lasentinelle.dz\/index.php\/2021\/12\/04\/un-partenaire-etranger-sera-choisi-dici-a-la-fin-de-lannee-lexploitation-des-mines-de-phosphate-prochainement-lancee\/","title":{"rendered":"Un partenaire \u00e9tranger sera choisi d\u2019ici \u00e0 la fin de l\u2019ann\u00e9e. : L\u2019exploitation des mines de phosphate prochainement lanc\u00e9e"},"content":{"rendered":"\n<p>La mise en \u0153uvre du plan de d\u00e9veloppement de projets industriels int\u00e9gr\u00e9s pour le d\u00e9veloppement des ressources mini\u00e8res s\u2019acc\u00e9l\u00e8re. Apr\u00e8s le projet de d\u00e9veloppement des mines de fer de Ghar Djebilet, c\u2019est le complexe industriel int\u00e9gr\u00e9 de phosphate qui devrait conna\u00eetre un d\u00e9but de concr\u00e9tisation effective avant la fin de l\u2019ann\u00e9e en cours.<\/p>\n\n\n\n<p>En effet, le ministre de l&rsquo;\u00c9nergie et des Mines, Mohamed Arkab a annonc\u00e9, jeudi lors d\u2019une s\u00e9ance pl\u00e9ni\u00e8re \u00e0 l\u2019Assembl\u00e9e populaire nationale, la cr\u00e9ation, \u00e0 la fin de l&rsquo;ann\u00e9e en cours, d&rsquo;une soci\u00e9t\u00e9 en participation qui se chargera de la r\u00e9alisation du projet du complexe de transformation du phosphate \u00e0 l&rsquo;est du pays.<\/p>\n\n\n\n<p>Le ministre qui a rappel\u00e9 que le groupe industriel minier \u00ab&nbsp;Manadjim Al-Djazair (Manal)&nbsp;\u00bb a lanc\u00e9 il y a quelques moins un appel \u00e0 participation pour le choix d\u2019un partenaire pour le d\u00e9veloppement du projet a indiqu\u00e9 qu&rsquo;un travail \u00e9tait en cours pour le choix du partenaire \u00e9tranger pour cette soci\u00e9t\u00e9 mixte devant regrouper \u00e9galement le groupe industriel \u00ab\u00a0Asmidal\u00a0\u00bb, filiale du Groupe Sonatrach et le groupe industriel minier \u00ab\u00a0Manal\u00a0\u00bb. Il a pr\u00e9cis\u00e9 dans ce sens que ce partenaire sera choisi selon le cahier des charges relatif \u00e0 l&rsquo;appel \u00e0 participation du 22 avril dernier destin\u00e9 aux soci\u00e9t\u00e9s technologiques sp\u00e9cialis\u00e9es dans le domaine du phosphate. Ouvert aux soci\u00e9t\u00e9s internationales qui peuvent participer seules ou par en groupement, cet appel \u00e0 participation est destin\u00e9 aux soci\u00e9t\u00e9s r\u00e9pondant aux conditions requises notamment l&rsquo;exp\u00e9rience dans le d\u00e9veloppement et l&rsquo;exploitation des mines et du phosphate, la transformation des quantit\u00e9s de phosphate et d&rsquo;ammoniaque, la production des engrais outre l&rsquo;exp\u00e9rience dans le domaine de commercialisation des produits finis, et si possible la justification d&rsquo;un r\u00e9seau international de distribution des engrais, selon M. Arkab. Il est \u00e9galement exig\u00e9 de pr\u00e9senter une offre \u00ab\u00a0attractive\u00a0\u00bb pour le financement de la r\u00e9alisation du projet, a poursuivi le ministre. M.Arkab a fait \u00e9tat de la r\u00e9ception, jusqu&rsquo;\u00e0 ce jour, de \u00ab\u00a0plusieurs offres\u00a0\u00bb, actuellement dans la derni\u00e8re \u00e9tape d&rsquo;\u00e9valuation, avant de choisir le partenaire \u00e9tranger et de signer officiellement avec lui pour la cr\u00e9ation, avant fin 2021, d&rsquo;une soci\u00e9t\u00e9 en participation conform\u00e9ment \u00e0 la loi alg\u00e9rienne.<\/p>\n\n\n\n<p>Pour rappel, le projet en question porte sur l\u2019exploitation et la valorisation des gisements de phosphate de Bled El Hedba dans la wilaya de T\u00e9bessa. Ce projet d\u00e9passe l\u2019\u00e9tape de l\u2019exploitation et vise la cr\u00e9ation d\u2019un r\u00e9seau industriel int\u00e9gr\u00e9 qui couvre quatre wilayas de l\u2019Est du pays \u00e0 savoir T\u00e9bessa, Souk Ahras, Skikda et Annaba&nbsp;; de l\u2019exploitation du minerai \u00e0 son exportation en passant par sa transformation et sa valorisation. Une production destin\u00e9e non seulement aux march\u00e9s \u00e0 l\u2019export, mais aussi \u00e0 fournir des intrants pour les industries nationales. Le projet a \u00e9t\u00e9 con\u00e7u de mani\u00e8re int\u00e9gr\u00e9e, comprend une cha\u00eene de valeurs int\u00e9grale passant par la pr\u00e9paration, l&rsquo;extraction, le traitement, la valorisation du phosphate brut, la production d&rsquo;acide phosphorique, d&rsquo;acide sulfurique et d&rsquo;engrais azot\u00e9s et phosphat\u00e9s et la commercialisation des produits finis afin de r\u00e9pondre aux besoins du march\u00e9 national et d&rsquo;exporter l&rsquo;exc\u00e9dent via le port d&rsquo;Annaba. Outre les infrastructures r\u00e9alis\u00e9es par l&rsquo;Etat en pr\u00e9paration du lancement de ce projet, une commission de coordination entre les secteurs minist\u00e9riels concern\u00e9s a \u00e9t\u00e9 form\u00e9e en vue de la prise en charge de tous les aspects relatifs \u00e0 la r\u00e9alisation du projet.<\/p>\n\n\n\n<p>Ce complexe fait partie des quatre grands projets susceptibles de relancer la production mini\u00e8re en Alg\u00e9rie. En plus de ce complexe de valorisation du phosphate, le gouvernement compte sur la concr\u00e9tisation prochaine du projet de d\u00e9veloppement des gisements de fer de Ghar Djebilet dans la wilaya de Tindouf, du projet d\u2019exploitation des mines de zinc et de cuivre d\u2019Oued Amizour (Wilaya du B\u00e9ja\u00efa) et de l\u2019exploitation industrielle des ressources aurif\u00e8res du Grand Sud pour relancer la production mini\u00e8re et assurer les conditions de la diversification \u00e9conomique du pays.&nbsp;<\/p>\n\n\n\n<p><strong>Samira Ghrib<\/strong><\/p>\n","protected":false},"excerpt":{"rendered":"<p>La mise en \u0153uvre du plan de d\u00e9veloppement de projets industriels int\u00e9gr\u00e9s pour le d\u00e9veloppement des ressources mini\u00e8res s\u2019acc\u00e9l\u00e8re. Apr\u00e8s<\/p>\n","protected":false},"author":3,"featured_media":0,"comment_status":"open","ping_status":"closed","sticky":false,"template":"","format":"standard","meta":{"colormag_page_container_layout":"default_layout","colormag_page_sidebar_layout":"default_layout","om_disable_all_campaigns":false,"_monsterinsights_skip_tracking":false,"_monsterinsights_sitenote_active":false,"_monsterinsights_sitenote_note":"","_monsterinsights_sitenote_category":0,"footnotes":"","_wpscppro_dont_share_socialmedia":false,"_wpscppro_custom_social_share_image":0,"_facebook_share_type":"","_twitter_share_type":"","_linkedin_share_type":"","_pinterest_share_type":"","_linkedin_share_type_page":"","_instagram_share_type":"","_medium_share_type":"","_threads_share_type":"","_google_business_share_type":"","_selected_social_profile":[],"_wpsp_enable_custom_social_template":false,"_wpsp_social_scheduling":{"enabled":false,"datetime":null,"platforms":[],"status":"template_only","dateOption":"today","timeOption":"now","customDays":"","customHours":"","customDate":"","customTime":"","schedulingType":"absolute"},"_wpsp_active_default_template":true},"categories":[29],"tags":[],"class_list":["post-14523","post","type-post","status-publish","format-standard","hentry","category-economie"],"aioseo_notices":[],"yoast_head":"<!-- This site is optimized with the Yoast SEO plugin v27.5 - https:\/\/yoast.com\/product\/yoast-seo-wordpress\/ -->\n<title>Un partenaire \u00e9tranger sera choisi d\u2019ici \u00e0 la fin de l\u2019ann\u00e9e. : L\u2019exploitation des mines de phosphate prochainement lanc\u00e9e - La Sentinelle<\/title>\n<meta name=\"robots\" content=\"index, follow, max-snippet:-1, max-image-preview:large, max-video-preview:-1\" \/>\n<link rel=\"canonical\" href=\"https:\/\/lasentinelle.dz\/index.php\/2021\/12\/04\/un-partenaire-etranger-sera-choisi-dici-a-la-fin-de-lannee-lexploitation-des-mines-de-phosphate-prochainement-lancee\/\" \/>\n<meta property=\"og:locale\" content=\"fr_FR\" \/>\n<meta property=\"og:type\" content=\"article\" \/>\n<meta property=\"og:title\" content=\"Un partenaire \u00e9tranger sera choisi d\u2019ici \u00e0 la fin de l\u2019ann\u00e9e. : L\u2019exploitation des mines de phosphate prochainement lanc\u00e9e - La Sentinelle\" \/>\n<meta property=\"og:description\" content=\"La mise en \u0153uvre du plan de d\u00e9veloppement de projets industriels int\u00e9gr\u00e9s pour le d\u00e9veloppement des ressources mini\u00e8res s\u2019acc\u00e9l\u00e8re. Apr\u00e8s\" \/>\n<meta property=\"og:url\" content=\"https:\/\/lasentinelle.dz\/index.php\/2021\/12\/04\/un-partenaire-etranger-sera-choisi-dici-a-la-fin-de-lannee-lexploitation-des-mines-de-phosphate-prochainement-lancee\/\" \/>\n<meta property=\"og:site_name\" content=\"La Sentinelle\" \/>\n<meta property=\"article:publisher\" content=\"https:\/\/www.facebook.com\/La-Sentinelle-104059864394773\" \/>\n<meta property=\"article:published_time\" content=\"2021-12-03T23:01:00+00:00\" \/>\n<meta name=\"author\" content=\"La Sentinelle\" \/>\n<meta name=\"twitter:card\" content=\"summary_large_image\" \/>\n<meta name=\"twitter:label1\" content=\"\u00c9crit par\" \/>\n\t<meta name=\"twitter:data1\" content=\"La Sentinelle\" \/>\n\t<meta name=\"twitter:label2\" content=\"Dur\u00e9e de lecture estim\u00e9e\" \/>\n\t<meta name=\"twitter:data2\" content=\"3 minutes\" \/>\n<script type=\"application\/ld+json\" class=\"yoast-schema-graph\">{\"@context\":\"https:\\\/\\\/schema.org\",\"@graph\":[{\"@type\":\"Article\",\"@id\":\"https:\\\/\\\/lasentinelle.dz\\\/index.php\\\/2021\\\/12\\\/04\\\/un-partenaire-etranger-sera-choisi-dici-a-la-fin-de-lannee-lexploitation-des-mines-de-phosphate-prochainement-lancee\\\/#article\",\"isPartOf\":{\"@id\":\"https:\\\/\\\/lasentinelle.dz\\\/index.php\\\/2021\\\/12\\\/04\\\/un-partenaire-etranger-sera-choisi-dici-a-la-fin-de-lannee-lexploitation-des-mines-de-phosphate-prochainement-lancee\\\/\"},\"author\":{\"name\":\"La Sentinelle\",\"@id\":\"https:\\\/\\\/lasentinelle.dz\\\/#\\\/schema\\\/person\\\/d865044e22e70a75174ce8bcad3acfb3\"},\"headline\":\"Un partenaire \u00e9tranger sera choisi d\u2019ici \u00e0 la fin de l\u2019ann\u00e9e. : L\u2019exploitation des mines de phosphate prochainement lanc\u00e9e\",\"datePublished\":\"2021-12-03T23:01:00+00:00\",\"mainEntityOfPage\":{\"@id\":\"https:\\\/\\\/lasentinelle.dz\\\/index.php\\\/2021\\\/12\\\/04\\\/un-partenaire-etranger-sera-choisi-dici-a-la-fin-de-lannee-lexploitation-des-mines-de-phosphate-prochainement-lancee\\\/\"},\"wordCount\":758,\"commentCount\":0,\"publisher\":{\"@id\":\"https:\\\/\\\/lasentinelle.dz\\\/#organization\"},\"articleSection\":[\"\u00c9conomie\"],\"inLanguage\":\"fr-FR\",\"potentialAction\":[{\"@type\":\"CommentAction\",\"name\":\"Comment\",\"target\":[\"https:\\\/\\\/lasentinelle.dz\\\/index.php\\\/2021\\\/12\\\/04\\\/un-partenaire-etranger-sera-choisi-dici-a-la-fin-de-lannee-lexploitation-des-mines-de-phosphate-prochainement-lancee\\\/#respond\"]}]},{\"@type\":\"WebPage\",\"@id\":\"https:\\\/\\\/lasentinelle.dz\\\/index.php\\\/2021\\\/12\\\/04\\\/un-partenaire-etranger-sera-choisi-dici-a-la-fin-de-lannee-lexploitation-des-mines-de-phosphate-prochainement-lancee\\\/\",\"url\":\"https:\\\/\\\/lasentinelle.dz\\\/index.php\\\/2021\\\/12\\\/04\\\/un-partenaire-etranger-sera-choisi-dici-a-la-fin-de-lannee-lexploitation-des-mines-de-phosphate-prochainement-lancee\\\/\",\"name\":\"Un partenaire \u00e9tranger sera choisi d\u2019ici \u00e0 la fin de l\u2019ann\u00e9e. : L\u2019exploitation des mines de phosphate prochainement lanc\u00e9e - La Sentinelle\",\"isPartOf\":{\"@id\":\"https:\\\/\\\/lasentinelle.dz\\\/#website\"},\"datePublished\":\"2021-12-03T23:01:00+00:00\",\"breadcrumb\":{\"@id\":\"https:\\\/\\\/lasentinelle.dz\\\/index.php\\\/2021\\\/12\\\/04\\\/un-partenaire-etranger-sera-choisi-dici-a-la-fin-de-lannee-lexploitation-des-mines-de-phosphate-prochainement-lancee\\\/#breadcrumb\"},\"inLanguage\":\"fr-FR\",\"potentialAction\":[{\"@type\":\"ReadAction\",\"target\":[\"https:\\\/\\\/lasentinelle.dz\\\/index.php\\\/2021\\\/12\\\/04\\\/un-partenaire-etranger-sera-choisi-dici-a-la-fin-de-lannee-lexploitation-des-mines-de-phosphate-prochainement-lancee\\\/\"]}]},{\"@type\":\"BreadcrumbList\",\"@id\":\"https:\\\/\\\/lasentinelle.dz\\\/index.php\\\/2021\\\/12\\\/04\\\/un-partenaire-etranger-sera-choisi-dici-a-la-fin-de-lannee-lexploitation-des-mines-de-phosphate-prochainement-lancee\\\/#breadcrumb\",\"itemListElement\":[{\"@type\":\"ListItem\",\"position\":1,\"name\":\"Accueil\",\"item\":\"https:\\\/\\\/lasentinelle.dz\\\/\"},{\"@type\":\"ListItem\",\"position\":2,\"name\":\"Un partenaire \u00e9tranger sera choisi d\u2019ici \u00e0 la fin de l\u2019ann\u00e9e. : L\u2019exploitation des mines de phosphate prochainement lanc\u00e9e\"}]},{\"@type\":\"WebSite\",\"@id\":\"https:\\\/\\\/lasentinelle.dz\\\/#website\",\"url\":\"https:\\\/\\\/lasentinelle.dz\\\/\",\"name\":\"La Sentinelle\",\"description\":\"Quotidien national d&#039;information\",\"publisher\":{\"@id\":\"https:\\\/\\\/lasentinelle.dz\\\/#organization\"},\"potentialAction\":[{\"@type\":\"SearchAction\",\"target\":{\"@type\":\"EntryPoint\",\"urlTemplate\":\"https:\\\/\\\/lasentinelle.dz\\\/?s={search_term_string}\"},\"query-input\":{\"@type\":\"PropertyValueSpecification\",\"valueRequired\":true,\"valueName\":\"search_term_string\"}}],\"inLanguage\":\"fr-FR\"},{\"@type\":\"Organization\",\"@id\":\"https:\\\/\\\/lasentinelle.dz\\\/#organization\",\"name\":\"Quotidien La Sentinelle\",\"url\":\"https:\\\/\\\/lasentinelle.dz\\\/\",\"logo\":{\"@type\":\"ImageObject\",\"inLanguage\":\"fr-FR\",\"@id\":\"https:\\\/\\\/lasentinelle.dz\\\/#\\\/schema\\\/logo\\\/image\\\/\",\"url\":\"https:\\\/\\\/lasentinelle.dz\\\/wp-content\\\/uploads\\\/2021\\\/09\\\/logo-sentinelleSLOGAN-1.png\",\"contentUrl\":\"https:\\\/\\\/lasentinelle.dz\\\/wp-content\\\/uploads\\\/2021\\\/09\\\/logo-sentinelleSLOGAN-1.png\",\"width\":615,\"height\":142,\"caption\":\"Quotidien La Sentinelle\"},\"image\":{\"@id\":\"https:\\\/\\\/lasentinelle.dz\\\/#\\\/schema\\\/logo\\\/image\\\/\"},\"sameAs\":[\"https:\\\/\\\/www.facebook.com\\\/La-Sentinelle-104059864394773\"]},{\"@type\":\"Person\",\"@id\":\"https:\\\/\\\/lasentinelle.dz\\\/#\\\/schema\\\/person\\\/d865044e22e70a75174ce8bcad3acfb3\",\"name\":\"La Sentinelle\",\"image\":{\"@type\":\"ImageObject\",\"inLanguage\":\"fr-FR\",\"@id\":\"https:\\\/\\\/secure.gravatar.com\\\/avatar\\\/57de8e5d4b15d43fb361a71fbb36338450fe67865b528a43dd10ef7c51a20392?s=96&d=mm&r=g\",\"url\":\"https:\\\/\\\/secure.gravatar.com\\\/avatar\\\/57de8e5d4b15d43fb361a71fbb36338450fe67865b528a43dd10ef7c51a20392?s=96&d=mm&r=g\",\"contentUrl\":\"https:\\\/\\\/secure.gravatar.com\\\/avatar\\\/57de8e5d4b15d43fb361a71fbb36338450fe67865b528a43dd10ef7c51a20392?s=96&d=mm&r=g\",\"caption\":\"La Sentinelle\"},\"sameAs\":[\"http:\\\/\\\/www.lasentinelle.dz\"],\"url\":\"https:\\\/\\\/lasentinelle.dz\\\/author\\\/redaction\\\/\"}]}<\/script>\n<!-- \/ Yoast SEO plugin. -->","yoast_head_json":{"title":"Un partenaire \u00e9tranger sera choisi d\u2019ici \u00e0 la fin de l\u2019ann\u00e9e. : L\u2019exploitation des mines de phosphate prochainement lanc\u00e9e - La Sentinelle","robots":{"index":"index","follow":"follow","max-snippet":"max-snippet:-1","max-image-preview":"max-image-preview:large","max-video-preview":"max-video-preview:-1"},"canonical":"https:\/\/lasentinelle.dz\/index.php\/2021\/12\/04\/un-partenaire-etranger-sera-choisi-dici-a-la-fin-de-lannee-lexploitation-des-mines-de-phosphate-prochainement-lancee\/","og_locale":"fr_FR","og_type":"article","og_title":"Un partenaire \u00e9tranger sera choisi d\u2019ici \u00e0 la fin de l\u2019ann\u00e9e. : L\u2019exploitation des mines de phosphate prochainement lanc\u00e9e - La Sentinelle","og_description":"La mise en \u0153uvre du plan de d\u00e9veloppement de projets industriels int\u00e9gr\u00e9s pour le d\u00e9veloppement des ressources mini\u00e8res s\u2019acc\u00e9l\u00e8re. Apr\u00e8s","og_url":"https:\/\/lasentinelle.dz\/index.php\/2021\/12\/04\/un-partenaire-etranger-sera-choisi-dici-a-la-fin-de-lannee-lexploitation-des-mines-de-phosphate-prochainement-lancee\/","og_site_name":"La Sentinelle","article_publisher":"https:\/\/www.facebook.com\/La-Sentinelle-104059864394773","article_published_time":"2021-12-03T23:01:00+00:00","author":"La Sentinelle","twitter_card":"summary_large_image","twitter_misc":{"\u00c9crit par":"La Sentinelle","Dur\u00e9e de lecture estim\u00e9e":"3 minutes"},"schema":{"@context":"https:\/\/schema.org","@graph":[{"@type":"Article","@id":"https:\/\/lasentinelle.dz\/index.php\/2021\/12\/04\/un-partenaire-etranger-sera-choisi-dici-a-la-fin-de-lannee-lexploitation-des-mines-de-phosphate-prochainement-lancee\/#article","isPartOf":{"@id":"https:\/\/lasentinelle.dz\/index.php\/2021\/12\/04\/un-partenaire-etranger-sera-choisi-dici-a-la-fin-de-lannee-lexploitation-des-mines-de-phosphate-prochainement-lancee\/"},"author":{"name":"La Sentinelle","@id":"https:\/\/lasentinelle.dz\/#\/schema\/person\/d865044e22e70a75174ce8bcad3acfb3"},"headline":"Un partenaire \u00e9tranger sera choisi d\u2019ici \u00e0 la fin de l\u2019ann\u00e9e. : L\u2019exploitation des mines de phosphate prochainement lanc\u00e9e","datePublished":"2021-12-03T23:01:00+00:00","mainEntityOfPage":{"@id":"https:\/\/lasentinelle.dz\/index.php\/2021\/12\/04\/un-partenaire-etranger-sera-choisi-dici-a-la-fin-de-lannee-lexploitation-des-mines-de-phosphate-prochainement-lancee\/"},"wordCount":758,"commentCount":0,"publisher":{"@id":"https:\/\/lasentinelle.dz\/#organization"},"articleSection":["\u00c9conomie"],"inLanguage":"fr-FR","potentialAction":[{"@type":"CommentAction","name":"Comment","target":["https:\/\/lasentinelle.dz\/index.php\/2021\/12\/04\/un-partenaire-etranger-sera-choisi-dici-a-la-fin-de-lannee-lexploitation-des-mines-de-phosphate-prochainement-lancee\/#respond"]}]},{"@type":"WebPage","@id":"https:\/\/lasentinelle.dz\/index.php\/2021\/12\/04\/un-partenaire-etranger-sera-choisi-dici-a-la-fin-de-lannee-lexploitation-des-mines-de-phosphate-prochainement-lancee\/","url":"https:\/\/lasentinelle.dz\/index.php\/2021\/12\/04\/un-partenaire-etranger-sera-choisi-dici-a-la-fin-de-lannee-lexploitation-des-mines-de-phosphate-prochainement-lancee\/","name":"Un partenaire \u00e9tranger sera choisi d\u2019ici \u00e0 la fin de l\u2019ann\u00e9e. : L\u2019exploitation des mines de phosphate prochainement lanc\u00e9e - La Sentinelle","isPartOf":{"@id":"https:\/\/lasentinelle.dz\/#website"},"datePublished":"2021-12-03T23:01:00+00:00","breadcrumb":{"@id":"https:\/\/lasentinelle.dz\/index.php\/2021\/12\/04\/un-partenaire-etranger-sera-choisi-dici-a-la-fin-de-lannee-lexploitation-des-mines-de-phosphate-prochainement-lancee\/#breadcrumb"},"inLanguage":"fr-FR","potentialAction":[{"@type":"ReadAction","target":["https:\/\/lasentinelle.dz\/index.php\/2021\/12\/04\/un-partenaire-etranger-sera-choisi-dici-a-la-fin-de-lannee-lexploitation-des-mines-de-phosphate-prochainement-lancee\/"]}]},{"@type":"BreadcrumbList","@id":"https:\/\/lasentinelle.dz\/index.php\/2021\/12\/04\/un-partenaire-etranger-sera-choisi-dici-a-la-fin-de-lannee-lexploitation-des-mines-de-phosphate-prochainement-lancee\/#breadcrumb","itemListElement":[{"@type":"ListItem","position":1,"name":"Accueil","item":"https:\/\/lasentinelle.dz\/"},{"@type":"ListItem","position":2,"name":"Un partenaire \u00e9tranger sera choisi d\u2019ici \u00e0 la fin de l\u2019ann\u00e9e. : L\u2019exploitation des mines de phosphate prochainement lanc\u00e9e"}]},{"@type":"WebSite","@id":"https:\/\/lasentinelle.dz\/#website","url":"https:\/\/lasentinelle.dz\/","name":"La Sentinelle","description":"Quotidien national d&#039;information","publisher":{"@id":"https:\/\/lasentinelle.dz\/#organization"},"potentialAction":[{"@type":"SearchAction","target":{"@type":"EntryPoint","urlTemplate":"https:\/\/lasentinelle.dz\/?s={search_term_string}"},"query-input":{"@type":"PropertyValueSpecification","valueRequired":true,"valueName":"search_term_string"}}],"inLanguage":"fr-FR"},{"@type":"Organization","@id":"https:\/\/lasentinelle.dz\/#organization","name":"Quotidien La Sentinelle","url":"https:\/\/lasentinelle.dz\/","logo":{"@type":"ImageObject","inLanguage":"fr-FR","@id":"https:\/\/lasentinelle.dz\/#\/schema\/logo\/image\/","url":"https:\/\/lasentinelle.dz\/wp-content\/uploads\/2021\/09\/logo-sentinelleSLOGAN-1.png","contentUrl":"https:\/\/lasentinelle.dz\/wp-content\/uploads\/2021\/09\/logo-sentinelleSLOGAN-1.png","width":615,"height":142,"caption":"Quotidien La Sentinelle"},"image":{"@id":"https:\/\/lasentinelle.dz\/#\/schema\/logo\/image\/"},"sameAs":["https:\/\/www.facebook.com\/La-Sentinelle-104059864394773"]},{"@type":"Person","@id":"https:\/\/lasentinelle.dz\/#\/schema\/person\/d865044e22e70a75174ce8bcad3acfb3","name":"La Sentinelle","image":{"@type":"ImageObject","inLanguage":"fr-FR","@id":"https:\/\/secure.gravatar.com\/avatar\/57de8e5d4b15d43fb361a71fbb36338450fe67865b528a43dd10ef7c51a20392?s=96&d=mm&r=g","url":"https:\/\/secure.gravatar.com\/avatar\/57de8e5d4b15d43fb361a71fbb36338450fe67865b528a43dd10ef7c51a20392?s=96&d=mm&r=g","contentUrl":"https:\/\/secure.gravatar.com\/avatar\/57de8e5d4b15d43fb361a71fbb36338450fe67865b528a43dd10ef7c51a20392?s=96&d=mm&r=g","caption":"La Sentinelle"},"sameAs":["http:\/\/www.lasentinelle.dz"],"url":"https:\/\/lasentinelle.dz\/author\/redaction\/"}]}},"_links":{"self":[{"href":"https:\/\/lasentinelle.dz\/index.php\/wp-json\/wp\/v2\/posts\/14523","targetHints":{"allow":["GET"]}}],"collection":[{"href":"https:\/\/lasentinelle.dz\/index.php\/wp-json\/wp\/v2\/posts"}],"about":[{"href":"https:\/\/lasentinelle.dz\/index.php\/wp-json\/wp\/v2\/types\/post"}],"author":[{"embeddable":true,"href":"https:\/\/lasentinelle.dz\/index.php\/wp-json\/wp\/v2\/users\/3"}],"replies":[{"embeddable":true,"href":"https:\/\/lasentinelle.dz\/index.php\/wp-json\/wp\/v2\/comments?post=14523"}],"version-history":[{"count":1,"href":"https:\/\/lasentinelle.dz\/index.php\/wp-json\/wp\/v2\/posts\/14523\/revisions"}],"predecessor-version":[{"id":14524,"href":"https:\/\/lasentinelle.dz\/index.php\/wp-json\/wp\/v2\/posts\/14523\/revisions\/14524"}],"wp:attachment":[{"href":"https:\/\/lasentinelle.dz\/index.php\/wp-json\/wp\/v2\/media?parent=14523"}],"wp:term":[{"taxonomy":"category","embeddable":true,"href":"https:\/\/lasentinelle.dz\/index.php\/wp-json\/wp\/v2\/categories?post=14523"},{"taxonomy":"post_tag","embeddable":true,"href":"https:\/\/lasentinelle.dz\/index.php\/wp-json\/wp\/v2\/tags?post=14523"}],"curies":[{"name":"wp","href":"https:\/\/api.w.org\/{rel}","templated":true}]}}