{"id":14565,"date":"2021-12-05T00:01:00","date_gmt":"2021-12-04T23:01:00","guid":{"rendered":"https:\/\/lasentinelle.dz\/?p=14565"},"modified":"2021-12-04T17:45:38","modified_gmt":"2021-12-04T16:45:38","slug":"sanctions-et-classement-mondial-lors-de-la-coupe-arabe-la-fifa-met-les-choses-au-clair","status":"publish","type":"post","link":"https:\/\/lasentinelle.dz\/index.php\/2021\/12\/05\/sanctions-et-classement-mondial-lors-de-la-coupe-arabe-la-fifa-met-les-choses-au-clair\/","title":{"rendered":"Sanctions et classement mondial lors de la Coupe arabe : La FIFA met les choses au clair"},"content":{"rendered":"\n<p>L\u2019instance internationale affirme que les matches des \u00e9quipes ayant pris part \u00e0 la Coupe arabe seront pris en compte dans la m\u00e9thode de calcul utilis\u00e9e pour le classement mondial.&nbsp;<\/p>\n\n\n\n<p>La FIFA a transmis deux courriers aux Conf\u00e9d\u00e9rations et associations membres concernant deux sujets qui ont suscit\u00e9 moult interrogations ces derniers jours. Il s\u2019agit de l\u2019impact de la participation des s\u00e9lections nationales \u00e0 la Coupe arabe de la 2021 sur le classement mondial&nbsp;&nbsp;ainsi que le point sur les questions disciplinaires, suite \u00e0 la participation \u00e0 cette comp\u00e9tition. La FAF&nbsp;et face au flou qui a entour\u00e9 ces questions, avait saisi le 30 novembre 2021 la FIFA pour avoir davantage d\u2019\u00e9claircissements. Concernant le premier point, la FIFA affirmer que les matches \u2013 et notamment leurs r\u00e9sultats \u2013 des \u00e9quipes ayant pris part \u00e0 la comp\u00e9tition pr\u00e9liminaire et\/ou qui participent \u00e0 la comp\u00e9tition finale de la Coupe arabe seront pris en compte dans la m\u00e9thode de calcul utilis\u00e9e pour le classement. La pond\u00e9ration appliqu\u00e9e sera celle d\u2019un match amical disput\u00e9 en dehors des fen\u00eatres pr\u00e9vues par le calendrier international. Cette pond\u00e9ration (\u00ab I \u00bb) est actuellement fix\u00e9e \u00e0 5. Il convient de noter que les matchs jou\u00e9s dans le cadre de la Coupe arabe ne seront pas comptabilis\u00e9s pour le classement de novembre qui est sorti le 19 novembre 2021, mais pour le classement de d\u00e9cembre. La FIFA a joint un document d\u00e9taill\u00e9 sur la r\u00e9vision du classement en question, rappelant le processus mis en place pour le calcul des points selon la m\u00e9thode baptis\u00e9e \u00ab SUM \u00bb, un algorithme d\u00e9velopp\u00e9 sp\u00e9cifiquement pour le classement en incorporant certaines exigences de l\u2019instance internationale.&nbsp;&nbsp;&nbsp;Pour ce qui est du second point, la FIFA a transmis une Circulaire (n\u00b009) le 2 d\u00e9cembre dernier, qui est une mise \u00e0 jour de la Circulaire n\u00b008 (Questions disciplinaires) envoy\u00e9e le 23 novembre, ainsi qu\u2019un rappel des aspects disciplinaires en vigueur concernant les avertissements et exclusions dans le cadre de la comp\u00e9tition finale. Durant la comp\u00e9tition finale, les cartons jaunes uniques sont annul\u00e9s \u00e0 l\u2019issue des quarts de finale. Si un joueur ou un officiel d\u2019\u00e9quipe re\u00e7oit deux avertissements lors de deux matches diff\u00e9rents, il est automatiquement suspendu pour le prochain match de son \u00e9quipe. Enfin, Si un joueur ou un officiel d\u2019\u00e9quipe re\u00e7oit un carton rouge (direct ou indirect), il est automatiquement suspendu pour le prochain match de son \u00e9quipe. D\u2019autres sanctions (suspensions suppl\u00e9mentaires, amendes, etc.) peuvent en outre \u00eatre impos\u00e9es. Et conform\u00e9ment \u00e0 l\u2019art. 65, du Code disciplinaire de la FIFA, \u00ab toute suspension de match cons\u00e9cutive \u00e0 une exclusion n\u2019ayant pu \u00eatre purg\u00e9e par le joueur concern\u00e9 pendant la Coupe arabe (\u00e9limination ou dernier match dans la comp\u00e9tition) est report\u00e9e au prochain match officiel de l\u2019\u00e9quipe repr\u00e9sentative \u00bb. En revanche, une suspension de match cons\u00e9cutive \u00e0 une accumulation d\u2019avertissements adress\u00e9s \u00e0 un joueur lors de matches diff\u00e9rents de la Coupe arabe n\u2019est pas report\u00e9e \u00e0 une autre comp\u00e9tition.&nbsp;&nbsp;<\/p>\n\n\n\n<p><strong>Abderrahim Mahious \/ R. S.<\/strong><\/p>\n","protected":false},"excerpt":{"rendered":"<p>L\u2019instance internationale affirme que les matches des \u00e9quipes ayant pris part \u00e0 la Coupe arabe seront pris en compte dans<\/p>\n","protected":false},"author":3,"featured_media":14566,"comment_status":"open","ping_status":"closed","sticky":false,"template":"","format":"standard","meta":{"colormag_page_container_layout":"default_layout","colormag_page_sidebar_layout":"default_layout","om_disable_all_campaigns":false,"_monsterinsights_skip_tracking":false,"_monsterinsights_sitenote_active":false,"_monsterinsights_sitenote_note":"","_monsterinsights_sitenote_category":0,"footnotes":"","_wpscppro_dont_share_socialmedia":false,"_wpscppro_custom_social_share_image":0,"_facebook_share_type":"","_twitter_share_type":"","_linkedin_share_type":"","_pinterest_share_type":"","_linkedin_share_type_page":"","_instagram_share_type":"","_medium_share_type":"","_threads_share_type":"","_google_business_share_type":"","_selected_social_profile":[],"_wpsp_enable_custom_social_template":false,"_wpsp_social_scheduling":{"enabled":false,"datetime":null,"platforms":[],"status":"template_only","dateOption":"today","timeOption":"now","customDays":"","customHours":"","customDate":"","customTime":"","schedulingType":"absolute"},"_wpsp_active_default_template":true},"categories":[33],"tags":[],"class_list":["post-14565","post","type-post","status-publish","format-standard","has-post-thumbnail","hentry","category-sports"],"aioseo_notices":[],"yoast_head":"<!-- This site is optimized with the Yoast SEO plugin v27.5 - https:\/\/yoast.com\/product\/yoast-seo-wordpress\/ -->\n<title>Sanctions et classement mondial lors de la Coupe arabe : La FIFA met les choses au clair - La Sentinelle<\/title>\n<meta name=\"robots\" content=\"index, follow, max-snippet:-1, max-image-preview:large, max-video-preview:-1\" \/>\n<link rel=\"canonical\" href=\"https:\/\/lasentinelle.dz\/index.php\/2021\/12\/05\/sanctions-et-classement-mondial-lors-de-la-coupe-arabe-la-fifa-met-les-choses-au-clair\/\" \/>\n<meta property=\"og:locale\" content=\"fr_FR\" \/>\n<meta property=\"og:type\" content=\"article\" \/>\n<meta property=\"og:title\" content=\"Sanctions et classement mondial lors de la Coupe arabe : La FIFA met les choses au clair - La Sentinelle\" \/>\n<meta property=\"og:description\" content=\"L\u2019instance internationale affirme que les matches des \u00e9quipes ayant pris part \u00e0 la Coupe arabe seront pris en compte dans\" \/>\n<meta property=\"og:url\" content=\"https:\/\/lasentinelle.dz\/index.php\/2021\/12\/05\/sanctions-et-classement-mondial-lors-de-la-coupe-arabe-la-fifa-met-les-choses-au-clair\/\" \/>\n<meta property=\"og:site_name\" content=\"La Sentinelle\" \/>\n<meta property=\"article:publisher\" content=\"https:\/\/www.facebook.com\/La-Sentinelle-104059864394773\" \/>\n<meta property=\"article:published_time\" content=\"2021-12-04T23:01:00+00:00\" \/>\n<meta property=\"og:image\" content=\"https:\/\/lasentinelle.dz\/wp-content\/uploads\/2021\/12\/FIFA.jpg\" \/>\n\t<meta property=\"og:image:width\" content=\"1974\" \/>\n\t<meta property=\"og:image:height\" content=\"1192\" \/>\n\t<meta property=\"og:image:type\" content=\"image\/jpeg\" \/>\n<meta name=\"author\" content=\"La Sentinelle\" \/>\n<meta name=\"twitter:card\" content=\"summary_large_image\" \/>\n<meta name=\"twitter:label1\" content=\"\u00c9crit par\" \/>\n\t<meta name=\"twitter:data1\" content=\"La Sentinelle\" \/>\n\t<meta name=\"twitter:label2\" content=\"Dur\u00e9e de lecture estim\u00e9e\" \/>\n\t<meta name=\"twitter:data2\" content=\"3 minutes\" \/>\n<script type=\"application\/ld+json\" class=\"yoast-schema-graph\">{\"@context\":\"https:\\\/\\\/schema.org\",\"@graph\":[{\"@type\":\"Article\",\"@id\":\"https:\\\/\\\/lasentinelle.dz\\\/index.php\\\/2021\\\/12\\\/05\\\/sanctions-et-classement-mondial-lors-de-la-coupe-arabe-la-fifa-met-les-choses-au-clair\\\/#article\",\"isPartOf\":{\"@id\":\"https:\\\/\\\/lasentinelle.dz\\\/index.php\\\/2021\\\/12\\\/05\\\/sanctions-et-classement-mondial-lors-de-la-coupe-arabe-la-fifa-met-les-choses-au-clair\\\/\"},\"author\":{\"name\":\"La Sentinelle\",\"@id\":\"https:\\\/\\\/lasentinelle.dz\\\/#\\\/schema\\\/person\\\/d865044e22e70a75174ce8bcad3acfb3\"},\"headline\":\"Sanctions et classement mondial lors de la Coupe arabe : La FIFA met les choses au clair\",\"datePublished\":\"2021-12-04T23:01:00+00:00\",\"mainEntityOfPage\":{\"@id\":\"https:\\\/\\\/lasentinelle.dz\\\/index.php\\\/2021\\\/12\\\/05\\\/sanctions-et-classement-mondial-lors-de-la-coupe-arabe-la-fifa-met-les-choses-au-clair\\\/\"},\"wordCount\":545,\"commentCount\":0,\"publisher\":{\"@id\":\"https:\\\/\\\/lasentinelle.dz\\\/#organization\"},\"image\":{\"@id\":\"https:\\\/\\\/lasentinelle.dz\\\/index.php\\\/2021\\\/12\\\/05\\\/sanctions-et-classement-mondial-lors-de-la-coupe-arabe-la-fifa-met-les-choses-au-clair\\\/#primaryimage\"},\"thumbnailUrl\":\"https:\\\/\\\/lasentinelle.dz\\\/wp-content\\\/uploads\\\/2021\\\/12\\\/FIFA.jpg\",\"articleSection\":[\"Sports\"],\"inLanguage\":\"fr-FR\",\"potentialAction\":[{\"@type\":\"CommentAction\",\"name\":\"Comment\",\"target\":[\"https:\\\/\\\/lasentinelle.dz\\\/index.php\\\/2021\\\/12\\\/05\\\/sanctions-et-classement-mondial-lors-de-la-coupe-arabe-la-fifa-met-les-choses-au-clair\\\/#respond\"]}]},{\"@type\":\"WebPage\",\"@id\":\"https:\\\/\\\/lasentinelle.dz\\\/index.php\\\/2021\\\/12\\\/05\\\/sanctions-et-classement-mondial-lors-de-la-coupe-arabe-la-fifa-met-les-choses-au-clair\\\/\",\"url\":\"https:\\\/\\\/lasentinelle.dz\\\/index.php\\\/2021\\\/12\\\/05\\\/sanctions-et-classement-mondial-lors-de-la-coupe-arabe-la-fifa-met-les-choses-au-clair\\\/\",\"name\":\"Sanctions et classement mondial lors de la Coupe arabe : La FIFA met les choses au clair - La Sentinelle\",\"isPartOf\":{\"@id\":\"https:\\\/\\\/lasentinelle.dz\\\/#website\"},\"primaryImageOfPage\":{\"@id\":\"https:\\\/\\\/lasentinelle.dz\\\/index.php\\\/2021\\\/12\\\/05\\\/sanctions-et-classement-mondial-lors-de-la-coupe-arabe-la-fifa-met-les-choses-au-clair\\\/#primaryimage\"},\"image\":{\"@id\":\"https:\\\/\\\/lasentinelle.dz\\\/index.php\\\/2021\\\/12\\\/05\\\/sanctions-et-classement-mondial-lors-de-la-coupe-arabe-la-fifa-met-les-choses-au-clair\\\/#primaryimage\"},\"thumbnailUrl\":\"https:\\\/\\\/lasentinelle.dz\\\/wp-content\\\/uploads\\\/2021\\\/12\\\/FIFA.jpg\",\"datePublished\":\"2021-12-04T23:01:00+00:00\",\"breadcrumb\":{\"@id\":\"https:\\\/\\\/lasentinelle.dz\\\/index.php\\\/2021\\\/12\\\/05\\\/sanctions-et-classement-mondial-lors-de-la-coupe-arabe-la-fifa-met-les-choses-au-clair\\\/#breadcrumb\"},\"inLanguage\":\"fr-FR\",\"potentialAction\":[{\"@type\":\"ReadAction\",\"target\":[\"https:\\\/\\\/lasentinelle.dz\\\/index.php\\\/2021\\\/12\\\/05\\\/sanctions-et-classement-mondial-lors-de-la-coupe-arabe-la-fifa-met-les-choses-au-clair\\\/\"]}]},{\"@type\":\"ImageObject\",\"inLanguage\":\"fr-FR\",\"@id\":\"https:\\\/\\\/lasentinelle.dz\\\/index.php\\\/2021\\\/12\\\/05\\\/sanctions-et-classement-mondial-lors-de-la-coupe-arabe-la-fifa-met-les-choses-au-clair\\\/#primaryimage\",\"url\":\"https:\\\/\\\/lasentinelle.dz\\\/wp-content\\\/uploads\\\/2021\\\/12\\\/FIFA.jpg\",\"contentUrl\":\"https:\\\/\\\/lasentinelle.dz\\\/wp-content\\\/uploads\\\/2021\\\/12\\\/FIFA.jpg\",\"width\":1974,\"height\":1192},{\"@type\":\"BreadcrumbList\",\"@id\":\"https:\\\/\\\/lasentinelle.dz\\\/index.php\\\/2021\\\/12\\\/05\\\/sanctions-et-classement-mondial-lors-de-la-coupe-arabe-la-fifa-met-les-choses-au-clair\\\/#breadcrumb\",\"itemListElement\":[{\"@type\":\"ListItem\",\"position\":1,\"name\":\"Accueil\",\"item\":\"https:\\\/\\\/lasentinelle.dz\\\/\"},{\"@type\":\"ListItem\",\"position\":2,\"name\":\"Sanctions et classement mondial lors de la Coupe arabe : La FIFA met les choses au clair\"}]},{\"@type\":\"WebSite\",\"@id\":\"https:\\\/\\\/lasentinelle.dz\\\/#website\",\"url\":\"https:\\\/\\\/lasentinelle.dz\\\/\",\"name\":\"La Sentinelle\",\"description\":\"Quotidien national d&#039;information\",\"publisher\":{\"@id\":\"https:\\\/\\\/lasentinelle.dz\\\/#organization\"},\"potentialAction\":[{\"@type\":\"SearchAction\",\"target\":{\"@type\":\"EntryPoint\",\"urlTemplate\":\"https:\\\/\\\/lasentinelle.dz\\\/?s={search_term_string}\"},\"query-input\":{\"@type\":\"PropertyValueSpecification\",\"valueRequired\":true,\"valueName\":\"search_term_string\"}}],\"inLanguage\":\"fr-FR\"},{\"@type\":\"Organization\",\"@id\":\"https:\\\/\\\/lasentinelle.dz\\\/#organization\",\"name\":\"Quotidien La Sentinelle\",\"url\":\"https:\\\/\\\/lasentinelle.dz\\\/\",\"logo\":{\"@type\":\"ImageObject\",\"inLanguage\":\"fr-FR\",\"@id\":\"https:\\\/\\\/lasentinelle.dz\\\/#\\\/schema\\\/logo\\\/image\\\/\",\"url\":\"https:\\\/\\\/lasentinelle.dz\\\/wp-content\\\/uploads\\\/2021\\\/09\\\/logo-sentinelleSLOGAN-1.png\",\"contentUrl\":\"https:\\\/\\\/lasentinelle.dz\\\/wp-content\\\/uploads\\\/2021\\\/09\\\/logo-sentinelleSLOGAN-1.png\",\"width\":615,\"height\":142,\"caption\":\"Quotidien La Sentinelle\"},\"image\":{\"@id\":\"https:\\\/\\\/lasentinelle.dz\\\/#\\\/schema\\\/logo\\\/image\\\/\"},\"sameAs\":[\"https:\\\/\\\/www.facebook.com\\\/La-Sentinelle-104059864394773\"]},{\"@type\":\"Person\",\"@id\":\"https:\\\/\\\/lasentinelle.dz\\\/#\\\/schema\\\/person\\\/d865044e22e70a75174ce8bcad3acfb3\",\"name\":\"La Sentinelle\",\"image\":{\"@type\":\"ImageObject\",\"inLanguage\":\"fr-FR\",\"@id\":\"https:\\\/\\\/secure.gravatar.com\\\/avatar\\\/57de8e5d4b15d43fb361a71fbb36338450fe67865b528a43dd10ef7c51a20392?s=96&d=mm&r=g\",\"url\":\"https:\\\/\\\/secure.gravatar.com\\\/avatar\\\/57de8e5d4b15d43fb361a71fbb36338450fe67865b528a43dd10ef7c51a20392?s=96&d=mm&r=g\",\"contentUrl\":\"https:\\\/\\\/secure.gravatar.com\\\/avatar\\\/57de8e5d4b15d43fb361a71fbb36338450fe67865b528a43dd10ef7c51a20392?s=96&d=mm&r=g\",\"caption\":\"La Sentinelle\"},\"sameAs\":[\"http:\\\/\\\/www.lasentinelle.dz\"],\"url\":\"https:\\\/\\\/lasentinelle.dz\\\/author\\\/redaction\\\/\"}]}<\/script>\n<!-- \/ Yoast SEO plugin. -->","yoast_head_json":{"title":"Sanctions et classement mondial lors de la Coupe arabe : La FIFA met les choses au clair - La Sentinelle","robots":{"index":"index","follow":"follow","max-snippet":"max-snippet:-1","max-image-preview":"max-image-preview:large","max-video-preview":"max-video-preview:-1"},"canonical":"https:\/\/lasentinelle.dz\/index.php\/2021\/12\/05\/sanctions-et-classement-mondial-lors-de-la-coupe-arabe-la-fifa-met-les-choses-au-clair\/","og_locale":"fr_FR","og_type":"article","og_title":"Sanctions et classement mondial lors de la Coupe arabe : La FIFA met les choses au clair - La Sentinelle","og_description":"L\u2019instance internationale affirme que les matches des \u00e9quipes ayant pris part \u00e0 la Coupe arabe seront pris en compte dans","og_url":"https:\/\/lasentinelle.dz\/index.php\/2021\/12\/05\/sanctions-et-classement-mondial-lors-de-la-coupe-arabe-la-fifa-met-les-choses-au-clair\/","og_site_name":"La Sentinelle","article_publisher":"https:\/\/www.facebook.com\/La-Sentinelle-104059864394773","article_published_time":"2021-12-04T23:01:00+00:00","og_image":[{"width":1974,"height":1192,"url":"https:\/\/lasentinelle.dz\/wp-content\/uploads\/2021\/12\/FIFA.jpg","type":"image\/jpeg"}],"author":"La Sentinelle","twitter_card":"summary_large_image","twitter_misc":{"\u00c9crit par":"La Sentinelle","Dur\u00e9e de lecture estim\u00e9e":"3 minutes"},"schema":{"@context":"https:\/\/schema.org","@graph":[{"@type":"Article","@id":"https:\/\/lasentinelle.dz\/index.php\/2021\/12\/05\/sanctions-et-classement-mondial-lors-de-la-coupe-arabe-la-fifa-met-les-choses-au-clair\/#article","isPartOf":{"@id":"https:\/\/lasentinelle.dz\/index.php\/2021\/12\/05\/sanctions-et-classement-mondial-lors-de-la-coupe-arabe-la-fifa-met-les-choses-au-clair\/"},"author":{"name":"La Sentinelle","@id":"https:\/\/lasentinelle.dz\/#\/schema\/person\/d865044e22e70a75174ce8bcad3acfb3"},"headline":"Sanctions et classement mondial lors de la Coupe arabe : La FIFA met les choses au clair","datePublished":"2021-12-04T23:01:00+00:00","mainEntityOfPage":{"@id":"https:\/\/lasentinelle.dz\/index.php\/2021\/12\/05\/sanctions-et-classement-mondial-lors-de-la-coupe-arabe-la-fifa-met-les-choses-au-clair\/"},"wordCount":545,"commentCount":0,"publisher":{"@id":"https:\/\/lasentinelle.dz\/#organization"},"image":{"@id":"https:\/\/lasentinelle.dz\/index.php\/2021\/12\/05\/sanctions-et-classement-mondial-lors-de-la-coupe-arabe-la-fifa-met-les-choses-au-clair\/#primaryimage"},"thumbnailUrl":"https:\/\/lasentinelle.dz\/wp-content\/uploads\/2021\/12\/FIFA.jpg","articleSection":["Sports"],"inLanguage":"fr-FR","potentialAction":[{"@type":"CommentAction","name":"Comment","target":["https:\/\/lasentinelle.dz\/index.php\/2021\/12\/05\/sanctions-et-classement-mondial-lors-de-la-coupe-arabe-la-fifa-met-les-choses-au-clair\/#respond"]}]},{"@type":"WebPage","@id":"https:\/\/lasentinelle.dz\/index.php\/2021\/12\/05\/sanctions-et-classement-mondial-lors-de-la-coupe-arabe-la-fifa-met-les-choses-au-clair\/","url":"https:\/\/lasentinelle.dz\/index.php\/2021\/12\/05\/sanctions-et-classement-mondial-lors-de-la-coupe-arabe-la-fifa-met-les-choses-au-clair\/","name":"Sanctions et classement mondial lors de la Coupe arabe : La FIFA met les choses au clair - La Sentinelle","isPartOf":{"@id":"https:\/\/lasentinelle.dz\/#website"},"primaryImageOfPage":{"@id":"https:\/\/lasentinelle.dz\/index.php\/2021\/12\/05\/sanctions-et-classement-mondial-lors-de-la-coupe-arabe-la-fifa-met-les-choses-au-clair\/#primaryimage"},"image":{"@id":"https:\/\/lasentinelle.dz\/index.php\/2021\/12\/05\/sanctions-et-classement-mondial-lors-de-la-coupe-arabe-la-fifa-met-les-choses-au-clair\/#primaryimage"},"thumbnailUrl":"https:\/\/lasentinelle.dz\/wp-content\/uploads\/2021\/12\/FIFA.jpg","datePublished":"2021-12-04T23:01:00+00:00","breadcrumb":{"@id":"https:\/\/lasentinelle.dz\/index.php\/2021\/12\/05\/sanctions-et-classement-mondial-lors-de-la-coupe-arabe-la-fifa-met-les-choses-au-clair\/#breadcrumb"},"inLanguage":"fr-FR","potentialAction":[{"@type":"ReadAction","target":["https:\/\/lasentinelle.dz\/index.php\/2021\/12\/05\/sanctions-et-classement-mondial-lors-de-la-coupe-arabe-la-fifa-met-les-choses-au-clair\/"]}]},{"@type":"ImageObject","inLanguage":"fr-FR","@id":"https:\/\/lasentinelle.dz\/index.php\/2021\/12\/05\/sanctions-et-classement-mondial-lors-de-la-coupe-arabe-la-fifa-met-les-choses-au-clair\/#primaryimage","url":"https:\/\/lasentinelle.dz\/wp-content\/uploads\/2021\/12\/FIFA.jpg","contentUrl":"https:\/\/lasentinelle.dz\/wp-content\/uploads\/2021\/12\/FIFA.jpg","width":1974,"height":1192},{"@type":"BreadcrumbList","@id":"https:\/\/lasentinelle.dz\/index.php\/2021\/12\/05\/sanctions-et-classement-mondial-lors-de-la-coupe-arabe-la-fifa-met-les-choses-au-clair\/#breadcrumb","itemListElement":[{"@type":"ListItem","position":1,"name":"Accueil","item":"https:\/\/lasentinelle.dz\/"},{"@type":"ListItem","position":2,"name":"Sanctions et classement mondial lors de la Coupe arabe : La FIFA met les choses au clair"}]},{"@type":"WebSite","@id":"https:\/\/lasentinelle.dz\/#website","url":"https:\/\/lasentinelle.dz\/","name":"La Sentinelle","description":"Quotidien national d&#039;information","publisher":{"@id":"https:\/\/lasentinelle.dz\/#organization"},"potentialAction":[{"@type":"SearchAction","target":{"@type":"EntryPoint","urlTemplate":"https:\/\/lasentinelle.dz\/?s={search_term_string}"},"query-input":{"@type":"PropertyValueSpecification","valueRequired":true,"valueName":"search_term_string"}}],"inLanguage":"fr-FR"},{"@type":"Organization","@id":"https:\/\/lasentinelle.dz\/#organization","name":"Quotidien La Sentinelle","url":"https:\/\/lasentinelle.dz\/","logo":{"@type":"ImageObject","inLanguage":"fr-FR","@id":"https:\/\/lasentinelle.dz\/#\/schema\/logo\/image\/","url":"https:\/\/lasentinelle.dz\/wp-content\/uploads\/2021\/09\/logo-sentinelleSLOGAN-1.png","contentUrl":"https:\/\/lasentinelle.dz\/wp-content\/uploads\/2021\/09\/logo-sentinelleSLOGAN-1.png","width":615,"height":142,"caption":"Quotidien La Sentinelle"},"image":{"@id":"https:\/\/lasentinelle.dz\/#\/schema\/logo\/image\/"},"sameAs":["https:\/\/www.facebook.com\/La-Sentinelle-104059864394773"]},{"@type":"Person","@id":"https:\/\/lasentinelle.dz\/#\/schema\/person\/d865044e22e70a75174ce8bcad3acfb3","name":"La Sentinelle","image":{"@type":"ImageObject","inLanguage":"fr-FR","@id":"https:\/\/secure.gravatar.com\/avatar\/57de8e5d4b15d43fb361a71fbb36338450fe67865b528a43dd10ef7c51a20392?s=96&d=mm&r=g","url":"https:\/\/secure.gravatar.com\/avatar\/57de8e5d4b15d43fb361a71fbb36338450fe67865b528a43dd10ef7c51a20392?s=96&d=mm&r=g","contentUrl":"https:\/\/secure.gravatar.com\/avatar\/57de8e5d4b15d43fb361a71fbb36338450fe67865b528a43dd10ef7c51a20392?s=96&d=mm&r=g","caption":"La Sentinelle"},"sameAs":["http:\/\/www.lasentinelle.dz"],"url":"https:\/\/lasentinelle.dz\/author\/redaction\/"}]}},"_links":{"self":[{"href":"https:\/\/lasentinelle.dz\/index.php\/wp-json\/wp\/v2\/posts\/14565","targetHints":{"allow":["GET"]}}],"collection":[{"href":"https:\/\/lasentinelle.dz\/index.php\/wp-json\/wp\/v2\/posts"}],"about":[{"href":"https:\/\/lasentinelle.dz\/index.php\/wp-json\/wp\/v2\/types\/post"}],"author":[{"embeddable":true,"href":"https:\/\/lasentinelle.dz\/index.php\/wp-json\/wp\/v2\/users\/3"}],"replies":[{"embeddable":true,"href":"https:\/\/lasentinelle.dz\/index.php\/wp-json\/wp\/v2\/comments?post=14565"}],"version-history":[{"count":1,"href":"https:\/\/lasentinelle.dz\/index.php\/wp-json\/wp\/v2\/posts\/14565\/revisions"}],"predecessor-version":[{"id":14567,"href":"https:\/\/lasentinelle.dz\/index.php\/wp-json\/wp\/v2\/posts\/14565\/revisions\/14567"}],"wp:featuredmedia":[{"embeddable":true,"href":"https:\/\/lasentinelle.dz\/index.php\/wp-json\/wp\/v2\/media\/14566"}],"wp:attachment":[{"href":"https:\/\/lasentinelle.dz\/index.php\/wp-json\/wp\/v2\/media?parent=14565"}],"wp:term":[{"taxonomy":"category","embeddable":true,"href":"https:\/\/lasentinelle.dz\/index.php\/wp-json\/wp\/v2\/categories?post=14565"},{"taxonomy":"post_tag","embeddable":true,"href":"https:\/\/lasentinelle.dz\/index.php\/wp-json\/wp\/v2\/tags?post=14565"}],"curies":[{"name":"wp","href":"https:\/\/api.w.org\/{rel}","templated":true}]}}