{"id":14568,"date":"2021-12-05T00:01:00","date_gmt":"2021-12-04T23:01:00","guid":{"rendered":"https:\/\/lasentinelle.dz\/?p=14568"},"modified":"2021-12-04T17:47:09","modified_gmt":"2021-12-04T16:47:09","slug":"representativite-de-lalgerie-dans-les-instances-internationales-amara-affiche-ses-ambitions","status":"publish","type":"post","link":"https:\/\/lasentinelle.dz\/index.php\/2021\/12\/05\/representativite-de-lalgerie-dans-les-instances-internationales-amara-affiche-ses-ambitions\/","title":{"rendered":"Repr\u00e9sentativit\u00e9 de l&rsquo;Alg\u00e9rie dans les instances internationales : Amara affiche ses ambitions"},"content":{"rendered":"\n<p>Le pr\u00e9sident de la FAF a eu une entrevue avec le pr\u00e9sident de la F\u00e9d\u00e9ration internationale (FIFA) Gianni Infantino, et celui de la Conf\u00e9d\u00e9ration africaine (CAF) Patrice Motsepe, au Qatar.&nbsp;&nbsp;<\/p>\n\n\n\n<p>Le pr\u00e9sident de la F\u00e9d\u00e9ration alg\u00e9rienne de football (FAF) Amara Charaf-Eddine, a exprim\u00e9 \u00ab le souhait et la n\u00e9cessit\u00e9 \u00bb d&rsquo;une \u00ab plus grande implication et d&rsquo;une repr\u00e9sentativit\u00e9 \u00bb de l&rsquo;Alg\u00e9rie au sein des instances internationales, au cours d&rsquo;une entrevue tenue avec le pr\u00e9sident de la F\u00e9d\u00e9ration internationale (FIFA) Gianni Infantino, et celui de la Conf\u00e9d\u00e9ration africaine (CAF) Patrice Motsepe, en marge de la Coupe arabe qui se d\u00e9roule \u00e0 Doha (Qatar). \u00ab Le pr\u00e9sident de la FAF a, une nouvelle fois, exprim\u00e9 le souhait et la n\u00e9cessit\u00e9 d&rsquo;une plus grande implication et d\u2019une l\u00e9gitime meilleure repr\u00e9sentativit\u00e9 de l&rsquo;Alg\u00e9rie au sein des instances internationales afin de r\u00e9attribuer le r\u00f4le et la place qu\u2019elle m\u00e9rite dans le concert footballistique arabe, africain et mondial en tant que grande nation du football unanimement reconnue \u00bb, a indiqu\u00e9 la FAF dans un communiqu\u00e9. Accompagn\u00e9 du vice-pr\u00e9sident de la FAF, Yacine Benhamza, Charaf-Eddine Amara a assist\u00e9 au premier match des Verts face au Soudan (4-0) au stade Ahmed Ben Ali, pour le compte de la journ\u00e9e inaugurale de la Coupe arabe de la FIFA-2021. \u00ab Cette entrevue entre la FAF et les deux instances FIFA et CAF a port\u00e9 principalement sur le d\u00e9veloppement du sport-roi en Alg\u00e9rie et la contribution de notre pays dans le d\u00e9veloppement des infrastructures et toutes les actions de formation technique \u00bb, ajoute la m\u00eame source. Avant d&rsquo;encha\u00eener : \u00ab Les deux premiers responsables de l\u2019instance internationale et continentale ont r\u00e9it\u00e9r\u00e9 leurs totales dispositions \u00e0 accompagner et collaborer avec la FAF pour mat\u00e9rialiser les diff\u00e9rents projets nationaux et internationaux, comme ils appr\u00e9cient le r\u00f4le de leader de l\u2019Alg\u00e9rie en Afrique en mati\u00e8re de d\u00e9veloppement et de gouvernance, ainsi que l\u2019assistance technique, de marketing et d\u2019innovation technologique \u00bb, conclut le communiqu\u00e9. A rappeler que Amara n\u2019a pas assist\u00e9 \u00e0 la rencontre d\u2019hier entre l\u2019Alg\u00e9rie et le Liban, \u00e9tant contraint de rentrer en Alg\u00e9rie pour une s\u00e9ance de travail avec le ministre de la Jeunesse et des Sports, Abderrezak Sebgag.&nbsp;<\/p>\n\n\n\n<p>R. S.&nbsp;<\/p>\n","protected":false},"excerpt":{"rendered":"<p>Le pr\u00e9sident de la FAF a eu une entrevue avec le pr\u00e9sident de la F\u00e9d\u00e9ration internationale (FIFA) Gianni Infantino, et<\/p>\n","protected":false},"author":3,"featured_media":14569,"comment_status":"open","ping_status":"closed","sticky":false,"template":"","format":"standard","meta":{"colormag_page_container_layout":"default_layout","colormag_page_sidebar_layout":"default_layout","om_disable_all_campaigns":false,"_monsterinsights_skip_tracking":false,"_monsterinsights_sitenote_active":false,"_monsterinsights_sitenote_note":"","_monsterinsights_sitenote_category":0,"footnotes":"","_wpscppro_dont_share_socialmedia":false,"_wpscppro_custom_social_share_image":0,"_facebook_share_type":"","_twitter_share_type":"","_linkedin_share_type":"","_pinterest_share_type":"","_linkedin_share_type_page":"","_instagram_share_type":"","_medium_share_type":"","_threads_share_type":"","_google_business_share_type":"","_selected_social_profile":[],"_wpsp_enable_custom_social_template":false,"_wpsp_social_scheduling":{"enabled":false,"datetime":null,"platforms":[],"status":"template_only","dateOption":"today","timeOption":"now","customDays":"","customHours":"","customDate":"","customTime":"","schedulingType":"absolute"},"_wpsp_active_default_template":true},"categories":[33],"tags":[],"class_list":["post-14568","post","type-post","status-publish","format-standard","has-post-thumbnail","hentry","category-sports"],"aioseo_notices":[],"yoast_head":"<!-- This site is optimized with the Yoast SEO plugin v27.5 - https:\/\/yoast.com\/product\/yoast-seo-wordpress\/ -->\n<title>Repr\u00e9sentativit\u00e9 de l&#039;Alg\u00e9rie dans les instances internationales : Amara affiche ses ambitions - La Sentinelle<\/title>\n<meta name=\"robots\" content=\"index, follow, max-snippet:-1, max-image-preview:large, max-video-preview:-1\" \/>\n<link rel=\"canonical\" href=\"https:\/\/lasentinelle.dz\/index.php\/2021\/12\/05\/representativite-de-lalgerie-dans-les-instances-internationales-amara-affiche-ses-ambitions\/\" \/>\n<meta property=\"og:locale\" content=\"fr_FR\" \/>\n<meta property=\"og:type\" content=\"article\" \/>\n<meta property=\"og:title\" content=\"Repr\u00e9sentativit\u00e9 de l&#039;Alg\u00e9rie dans les instances internationales : Amara affiche ses ambitions - La Sentinelle\" \/>\n<meta property=\"og:description\" content=\"Le pr\u00e9sident de la FAF a eu une entrevue avec le pr\u00e9sident de la F\u00e9d\u00e9ration internationale (FIFA) Gianni Infantino, et\" \/>\n<meta property=\"og:url\" content=\"https:\/\/lasentinelle.dz\/index.php\/2021\/12\/05\/representativite-de-lalgerie-dans-les-instances-internationales-amara-affiche-ses-ambitions\/\" \/>\n<meta property=\"og:site_name\" content=\"La Sentinelle\" \/>\n<meta property=\"article:publisher\" content=\"https:\/\/www.facebook.com\/La-Sentinelle-104059864394773\" \/>\n<meta property=\"article:published_time\" content=\"2021-12-04T23:01:00+00:00\" \/>\n<meta property=\"og:image\" content=\"https:\/\/lasentinelle.dz\/wp-content\/uploads\/2021\/12\/Amara.png\" \/>\n\t<meta property=\"og:image:width\" content=\"800\" \/>\n\t<meta property=\"og:image:height\" content=\"533\" \/>\n\t<meta property=\"og:image:type\" content=\"image\/png\" \/>\n<meta name=\"author\" content=\"La Sentinelle\" \/>\n<meta name=\"twitter:card\" content=\"summary_large_image\" \/>\n<meta name=\"twitter:label1\" content=\"\u00c9crit par\" \/>\n\t<meta name=\"twitter:data1\" content=\"La Sentinelle\" \/>\n\t<meta name=\"twitter:label2\" content=\"Dur\u00e9e de lecture estim\u00e9e\" \/>\n\t<meta name=\"twitter:data2\" content=\"2 minutes\" \/>\n<script type=\"application\/ld+json\" class=\"yoast-schema-graph\">{\"@context\":\"https:\\\/\\\/schema.org\",\"@graph\":[{\"@type\":\"Article\",\"@id\":\"https:\\\/\\\/lasentinelle.dz\\\/index.php\\\/2021\\\/12\\\/05\\\/representativite-de-lalgerie-dans-les-instances-internationales-amara-affiche-ses-ambitions\\\/#article\",\"isPartOf\":{\"@id\":\"https:\\\/\\\/lasentinelle.dz\\\/index.php\\\/2021\\\/12\\\/05\\\/representativite-de-lalgerie-dans-les-instances-internationales-amara-affiche-ses-ambitions\\\/\"},\"author\":{\"name\":\"La Sentinelle\",\"@id\":\"https:\\\/\\\/lasentinelle.dz\\\/#\\\/schema\\\/person\\\/d865044e22e70a75174ce8bcad3acfb3\"},\"headline\":\"Repr\u00e9sentativit\u00e9 de l&rsquo;Alg\u00e9rie dans les instances internationales : Amara affiche ses ambitions\",\"datePublished\":\"2021-12-04T23:01:00+00:00\",\"mainEntityOfPage\":{\"@id\":\"https:\\\/\\\/lasentinelle.dz\\\/index.php\\\/2021\\\/12\\\/05\\\/representativite-de-lalgerie-dans-les-instances-internationales-amara-affiche-ses-ambitions\\\/\"},\"wordCount\":425,\"commentCount\":0,\"publisher\":{\"@id\":\"https:\\\/\\\/lasentinelle.dz\\\/#organization\"},\"image\":{\"@id\":\"https:\\\/\\\/lasentinelle.dz\\\/index.php\\\/2021\\\/12\\\/05\\\/representativite-de-lalgerie-dans-les-instances-internationales-amara-affiche-ses-ambitions\\\/#primaryimage\"},\"thumbnailUrl\":\"https:\\\/\\\/lasentinelle.dz\\\/wp-content\\\/uploads\\\/2021\\\/12\\\/Amara.png\",\"articleSection\":[\"Sports\"],\"inLanguage\":\"fr-FR\",\"potentialAction\":[{\"@type\":\"CommentAction\",\"name\":\"Comment\",\"target\":[\"https:\\\/\\\/lasentinelle.dz\\\/index.php\\\/2021\\\/12\\\/05\\\/representativite-de-lalgerie-dans-les-instances-internationales-amara-affiche-ses-ambitions\\\/#respond\"]}]},{\"@type\":\"WebPage\",\"@id\":\"https:\\\/\\\/lasentinelle.dz\\\/index.php\\\/2021\\\/12\\\/05\\\/representativite-de-lalgerie-dans-les-instances-internationales-amara-affiche-ses-ambitions\\\/\",\"url\":\"https:\\\/\\\/lasentinelle.dz\\\/index.php\\\/2021\\\/12\\\/05\\\/representativite-de-lalgerie-dans-les-instances-internationales-amara-affiche-ses-ambitions\\\/\",\"name\":\"Repr\u00e9sentativit\u00e9 de l'Alg\u00e9rie dans les instances internationales : Amara affiche ses ambitions - La Sentinelle\",\"isPartOf\":{\"@id\":\"https:\\\/\\\/lasentinelle.dz\\\/#website\"},\"primaryImageOfPage\":{\"@id\":\"https:\\\/\\\/lasentinelle.dz\\\/index.php\\\/2021\\\/12\\\/05\\\/representativite-de-lalgerie-dans-les-instances-internationales-amara-affiche-ses-ambitions\\\/#primaryimage\"},\"image\":{\"@id\":\"https:\\\/\\\/lasentinelle.dz\\\/index.php\\\/2021\\\/12\\\/05\\\/representativite-de-lalgerie-dans-les-instances-internationales-amara-affiche-ses-ambitions\\\/#primaryimage\"},\"thumbnailUrl\":\"https:\\\/\\\/lasentinelle.dz\\\/wp-content\\\/uploads\\\/2021\\\/12\\\/Amara.png\",\"datePublished\":\"2021-12-04T23:01:00+00:00\",\"breadcrumb\":{\"@id\":\"https:\\\/\\\/lasentinelle.dz\\\/index.php\\\/2021\\\/12\\\/05\\\/representativite-de-lalgerie-dans-les-instances-internationales-amara-affiche-ses-ambitions\\\/#breadcrumb\"},\"inLanguage\":\"fr-FR\",\"potentialAction\":[{\"@type\":\"ReadAction\",\"target\":[\"https:\\\/\\\/lasentinelle.dz\\\/index.php\\\/2021\\\/12\\\/05\\\/representativite-de-lalgerie-dans-les-instances-internationales-amara-affiche-ses-ambitions\\\/\"]}]},{\"@type\":\"ImageObject\",\"inLanguage\":\"fr-FR\",\"@id\":\"https:\\\/\\\/lasentinelle.dz\\\/index.php\\\/2021\\\/12\\\/05\\\/representativite-de-lalgerie-dans-les-instances-internationales-amara-affiche-ses-ambitions\\\/#primaryimage\",\"url\":\"https:\\\/\\\/lasentinelle.dz\\\/wp-content\\\/uploads\\\/2021\\\/12\\\/Amara.png\",\"contentUrl\":\"https:\\\/\\\/lasentinelle.dz\\\/wp-content\\\/uploads\\\/2021\\\/12\\\/Amara.png\",\"width\":800,\"height\":533},{\"@type\":\"BreadcrumbList\",\"@id\":\"https:\\\/\\\/lasentinelle.dz\\\/index.php\\\/2021\\\/12\\\/05\\\/representativite-de-lalgerie-dans-les-instances-internationales-amara-affiche-ses-ambitions\\\/#breadcrumb\",\"itemListElement\":[{\"@type\":\"ListItem\",\"position\":1,\"name\":\"Accueil\",\"item\":\"https:\\\/\\\/lasentinelle.dz\\\/\"},{\"@type\":\"ListItem\",\"position\":2,\"name\":\"Repr\u00e9sentativit\u00e9 de l&rsquo;Alg\u00e9rie dans les instances internationales : Amara affiche ses ambitions\"}]},{\"@type\":\"WebSite\",\"@id\":\"https:\\\/\\\/lasentinelle.dz\\\/#website\",\"url\":\"https:\\\/\\\/lasentinelle.dz\\\/\",\"name\":\"La Sentinelle\",\"description\":\"Quotidien national d&#039;information\",\"publisher\":{\"@id\":\"https:\\\/\\\/lasentinelle.dz\\\/#organization\"},\"potentialAction\":[{\"@type\":\"SearchAction\",\"target\":{\"@type\":\"EntryPoint\",\"urlTemplate\":\"https:\\\/\\\/lasentinelle.dz\\\/?s={search_term_string}\"},\"query-input\":{\"@type\":\"PropertyValueSpecification\",\"valueRequired\":true,\"valueName\":\"search_term_string\"}}],\"inLanguage\":\"fr-FR\"},{\"@type\":\"Organization\",\"@id\":\"https:\\\/\\\/lasentinelle.dz\\\/#organization\",\"name\":\"Quotidien La Sentinelle\",\"url\":\"https:\\\/\\\/lasentinelle.dz\\\/\",\"logo\":{\"@type\":\"ImageObject\",\"inLanguage\":\"fr-FR\",\"@id\":\"https:\\\/\\\/lasentinelle.dz\\\/#\\\/schema\\\/logo\\\/image\\\/\",\"url\":\"https:\\\/\\\/lasentinelle.dz\\\/wp-content\\\/uploads\\\/2021\\\/09\\\/logo-sentinelleSLOGAN-1.png\",\"contentUrl\":\"https:\\\/\\\/lasentinelle.dz\\\/wp-content\\\/uploads\\\/2021\\\/09\\\/logo-sentinelleSLOGAN-1.png\",\"width\":615,\"height\":142,\"caption\":\"Quotidien La Sentinelle\"},\"image\":{\"@id\":\"https:\\\/\\\/lasentinelle.dz\\\/#\\\/schema\\\/logo\\\/image\\\/\"},\"sameAs\":[\"https:\\\/\\\/www.facebook.com\\\/La-Sentinelle-104059864394773\"]},{\"@type\":\"Person\",\"@id\":\"https:\\\/\\\/lasentinelle.dz\\\/#\\\/schema\\\/person\\\/d865044e22e70a75174ce8bcad3acfb3\",\"name\":\"La Sentinelle\",\"image\":{\"@type\":\"ImageObject\",\"inLanguage\":\"fr-FR\",\"@id\":\"https:\\\/\\\/secure.gravatar.com\\\/avatar\\\/57de8e5d4b15d43fb361a71fbb36338450fe67865b528a43dd10ef7c51a20392?s=96&d=mm&r=g\",\"url\":\"https:\\\/\\\/secure.gravatar.com\\\/avatar\\\/57de8e5d4b15d43fb361a71fbb36338450fe67865b528a43dd10ef7c51a20392?s=96&d=mm&r=g\",\"contentUrl\":\"https:\\\/\\\/secure.gravatar.com\\\/avatar\\\/57de8e5d4b15d43fb361a71fbb36338450fe67865b528a43dd10ef7c51a20392?s=96&d=mm&r=g\",\"caption\":\"La Sentinelle\"},\"sameAs\":[\"http:\\\/\\\/www.lasentinelle.dz\"],\"url\":\"https:\\\/\\\/lasentinelle.dz\\\/author\\\/redaction\\\/\"}]}<\/script>\n<!-- \/ Yoast SEO plugin. -->","yoast_head_json":{"title":"Repr\u00e9sentativit\u00e9 de l'Alg\u00e9rie dans les instances internationales : Amara affiche ses ambitions - La Sentinelle","robots":{"index":"index","follow":"follow","max-snippet":"max-snippet:-1","max-image-preview":"max-image-preview:large","max-video-preview":"max-video-preview:-1"},"canonical":"https:\/\/lasentinelle.dz\/index.php\/2021\/12\/05\/representativite-de-lalgerie-dans-les-instances-internationales-amara-affiche-ses-ambitions\/","og_locale":"fr_FR","og_type":"article","og_title":"Repr\u00e9sentativit\u00e9 de l'Alg\u00e9rie dans les instances internationales : Amara affiche ses ambitions - La Sentinelle","og_description":"Le pr\u00e9sident de la FAF a eu une entrevue avec le pr\u00e9sident de la F\u00e9d\u00e9ration internationale (FIFA) Gianni Infantino, et","og_url":"https:\/\/lasentinelle.dz\/index.php\/2021\/12\/05\/representativite-de-lalgerie-dans-les-instances-internationales-amara-affiche-ses-ambitions\/","og_site_name":"La Sentinelle","article_publisher":"https:\/\/www.facebook.com\/La-Sentinelle-104059864394773","article_published_time":"2021-12-04T23:01:00+00:00","og_image":[{"width":800,"height":533,"url":"https:\/\/lasentinelle.dz\/wp-content\/uploads\/2021\/12\/Amara.png","type":"image\/png"}],"author":"La Sentinelle","twitter_card":"summary_large_image","twitter_misc":{"\u00c9crit par":"La Sentinelle","Dur\u00e9e de lecture estim\u00e9e":"2 minutes"},"schema":{"@context":"https:\/\/schema.org","@graph":[{"@type":"Article","@id":"https:\/\/lasentinelle.dz\/index.php\/2021\/12\/05\/representativite-de-lalgerie-dans-les-instances-internationales-amara-affiche-ses-ambitions\/#article","isPartOf":{"@id":"https:\/\/lasentinelle.dz\/index.php\/2021\/12\/05\/representativite-de-lalgerie-dans-les-instances-internationales-amara-affiche-ses-ambitions\/"},"author":{"name":"La Sentinelle","@id":"https:\/\/lasentinelle.dz\/#\/schema\/person\/d865044e22e70a75174ce8bcad3acfb3"},"headline":"Repr\u00e9sentativit\u00e9 de l&rsquo;Alg\u00e9rie dans les instances internationales : Amara affiche ses ambitions","datePublished":"2021-12-04T23:01:00+00:00","mainEntityOfPage":{"@id":"https:\/\/lasentinelle.dz\/index.php\/2021\/12\/05\/representativite-de-lalgerie-dans-les-instances-internationales-amara-affiche-ses-ambitions\/"},"wordCount":425,"commentCount":0,"publisher":{"@id":"https:\/\/lasentinelle.dz\/#organization"},"image":{"@id":"https:\/\/lasentinelle.dz\/index.php\/2021\/12\/05\/representativite-de-lalgerie-dans-les-instances-internationales-amara-affiche-ses-ambitions\/#primaryimage"},"thumbnailUrl":"https:\/\/lasentinelle.dz\/wp-content\/uploads\/2021\/12\/Amara.png","articleSection":["Sports"],"inLanguage":"fr-FR","potentialAction":[{"@type":"CommentAction","name":"Comment","target":["https:\/\/lasentinelle.dz\/index.php\/2021\/12\/05\/representativite-de-lalgerie-dans-les-instances-internationales-amara-affiche-ses-ambitions\/#respond"]}]},{"@type":"WebPage","@id":"https:\/\/lasentinelle.dz\/index.php\/2021\/12\/05\/representativite-de-lalgerie-dans-les-instances-internationales-amara-affiche-ses-ambitions\/","url":"https:\/\/lasentinelle.dz\/index.php\/2021\/12\/05\/representativite-de-lalgerie-dans-les-instances-internationales-amara-affiche-ses-ambitions\/","name":"Repr\u00e9sentativit\u00e9 de l'Alg\u00e9rie dans les instances internationales : Amara affiche ses ambitions - La Sentinelle","isPartOf":{"@id":"https:\/\/lasentinelle.dz\/#website"},"primaryImageOfPage":{"@id":"https:\/\/lasentinelle.dz\/index.php\/2021\/12\/05\/representativite-de-lalgerie-dans-les-instances-internationales-amara-affiche-ses-ambitions\/#primaryimage"},"image":{"@id":"https:\/\/lasentinelle.dz\/index.php\/2021\/12\/05\/representativite-de-lalgerie-dans-les-instances-internationales-amara-affiche-ses-ambitions\/#primaryimage"},"thumbnailUrl":"https:\/\/lasentinelle.dz\/wp-content\/uploads\/2021\/12\/Amara.png","datePublished":"2021-12-04T23:01:00+00:00","breadcrumb":{"@id":"https:\/\/lasentinelle.dz\/index.php\/2021\/12\/05\/representativite-de-lalgerie-dans-les-instances-internationales-amara-affiche-ses-ambitions\/#breadcrumb"},"inLanguage":"fr-FR","potentialAction":[{"@type":"ReadAction","target":["https:\/\/lasentinelle.dz\/index.php\/2021\/12\/05\/representativite-de-lalgerie-dans-les-instances-internationales-amara-affiche-ses-ambitions\/"]}]},{"@type":"ImageObject","inLanguage":"fr-FR","@id":"https:\/\/lasentinelle.dz\/index.php\/2021\/12\/05\/representativite-de-lalgerie-dans-les-instances-internationales-amara-affiche-ses-ambitions\/#primaryimage","url":"https:\/\/lasentinelle.dz\/wp-content\/uploads\/2021\/12\/Amara.png","contentUrl":"https:\/\/lasentinelle.dz\/wp-content\/uploads\/2021\/12\/Amara.png","width":800,"height":533},{"@type":"BreadcrumbList","@id":"https:\/\/lasentinelle.dz\/index.php\/2021\/12\/05\/representativite-de-lalgerie-dans-les-instances-internationales-amara-affiche-ses-ambitions\/#breadcrumb","itemListElement":[{"@type":"ListItem","position":1,"name":"Accueil","item":"https:\/\/lasentinelle.dz\/"},{"@type":"ListItem","position":2,"name":"Repr\u00e9sentativit\u00e9 de l&rsquo;Alg\u00e9rie dans les instances internationales : Amara affiche ses ambitions"}]},{"@type":"WebSite","@id":"https:\/\/lasentinelle.dz\/#website","url":"https:\/\/lasentinelle.dz\/","name":"La Sentinelle","description":"Quotidien national d&#039;information","publisher":{"@id":"https:\/\/lasentinelle.dz\/#organization"},"potentialAction":[{"@type":"SearchAction","target":{"@type":"EntryPoint","urlTemplate":"https:\/\/lasentinelle.dz\/?s={search_term_string}"},"query-input":{"@type":"PropertyValueSpecification","valueRequired":true,"valueName":"search_term_string"}}],"inLanguage":"fr-FR"},{"@type":"Organization","@id":"https:\/\/lasentinelle.dz\/#organization","name":"Quotidien La Sentinelle","url":"https:\/\/lasentinelle.dz\/","logo":{"@type":"ImageObject","inLanguage":"fr-FR","@id":"https:\/\/lasentinelle.dz\/#\/schema\/logo\/image\/","url":"https:\/\/lasentinelle.dz\/wp-content\/uploads\/2021\/09\/logo-sentinelleSLOGAN-1.png","contentUrl":"https:\/\/lasentinelle.dz\/wp-content\/uploads\/2021\/09\/logo-sentinelleSLOGAN-1.png","width":615,"height":142,"caption":"Quotidien La Sentinelle"},"image":{"@id":"https:\/\/lasentinelle.dz\/#\/schema\/logo\/image\/"},"sameAs":["https:\/\/www.facebook.com\/La-Sentinelle-104059864394773"]},{"@type":"Person","@id":"https:\/\/lasentinelle.dz\/#\/schema\/person\/d865044e22e70a75174ce8bcad3acfb3","name":"La Sentinelle","image":{"@type":"ImageObject","inLanguage":"fr-FR","@id":"https:\/\/secure.gravatar.com\/avatar\/57de8e5d4b15d43fb361a71fbb36338450fe67865b528a43dd10ef7c51a20392?s=96&d=mm&r=g","url":"https:\/\/secure.gravatar.com\/avatar\/57de8e5d4b15d43fb361a71fbb36338450fe67865b528a43dd10ef7c51a20392?s=96&d=mm&r=g","contentUrl":"https:\/\/secure.gravatar.com\/avatar\/57de8e5d4b15d43fb361a71fbb36338450fe67865b528a43dd10ef7c51a20392?s=96&d=mm&r=g","caption":"La Sentinelle"},"sameAs":["http:\/\/www.lasentinelle.dz"],"url":"https:\/\/lasentinelle.dz\/author\/redaction\/"}]}},"_links":{"self":[{"href":"https:\/\/lasentinelle.dz\/index.php\/wp-json\/wp\/v2\/posts\/14568","targetHints":{"allow":["GET"]}}],"collection":[{"href":"https:\/\/lasentinelle.dz\/index.php\/wp-json\/wp\/v2\/posts"}],"about":[{"href":"https:\/\/lasentinelle.dz\/index.php\/wp-json\/wp\/v2\/types\/post"}],"author":[{"embeddable":true,"href":"https:\/\/lasentinelle.dz\/index.php\/wp-json\/wp\/v2\/users\/3"}],"replies":[{"embeddable":true,"href":"https:\/\/lasentinelle.dz\/index.php\/wp-json\/wp\/v2\/comments?post=14568"}],"version-history":[{"count":1,"href":"https:\/\/lasentinelle.dz\/index.php\/wp-json\/wp\/v2\/posts\/14568\/revisions"}],"predecessor-version":[{"id":14570,"href":"https:\/\/lasentinelle.dz\/index.php\/wp-json\/wp\/v2\/posts\/14568\/revisions\/14570"}],"wp:featuredmedia":[{"embeddable":true,"href":"https:\/\/lasentinelle.dz\/index.php\/wp-json\/wp\/v2\/media\/14569"}],"wp:attachment":[{"href":"https:\/\/lasentinelle.dz\/index.php\/wp-json\/wp\/v2\/media?parent=14568"}],"wp:term":[{"taxonomy":"category","embeddable":true,"href":"https:\/\/lasentinelle.dz\/index.php\/wp-json\/wp\/v2\/categories?post=14568"},{"taxonomy":"post_tag","embeddable":true,"href":"https:\/\/lasentinelle.dz\/index.php\/wp-json\/wp\/v2\/tags?post=14568"}],"curies":[{"name":"wp","href":"https:\/\/api.w.org\/{rel}","templated":true}]}}