{"id":14571,"date":"2021-12-05T00:01:00","date_gmt":"2021-12-04T23:01:00","guid":{"rendered":"https:\/\/lasentinelle.dz\/?p=14571"},"modified":"2021-12-04T17:50:00","modified_gmt":"2021-12-04T16:50:00","slug":"accords-ue-maroc-le-front-polisario-deplore-le-pourvoi-du-conseil-de-lue","status":"publish","type":"post","link":"https:\/\/lasentinelle.dz\/index.php\/2021\/12\/05\/accords-ue-maroc-le-front-polisario-deplore-le-pourvoi-du-conseil-de-lue\/","title":{"rendered":"Accords UE\/Maroc : Le Front Polisario d\u00e9plore le pourvoi du Conseil de l&rsquo;UE"},"content":{"rendered":"\n<p>Le repr\u00e9sentant du Front Polisario en Europe et \u00e0 l&rsquo;Union europ\u00e9enne (UE), Oubbi Bouchraya Bachir, a d\u00e9plor\u00e9 vendredi le pourvoi du Conseil de l&rsquo;Union europ\u00e9enne contre les arr\u00eats du Tribunal europ\u00e9en ayant annul\u00e9 les nouveaux accords UE\/Maroc qui incluaient ill\u00e9galement la partie du Sahara occidental sous occupation marocaine.<\/p>\n\n\n\n<p>\u00ab\u00a0Devant le rejet net de ses arguments par le Tribunal, le Conseil de l\u2019UE avait le devoir d\u2019amener le Royaume du Maroc \u00e0 \u00eatre raisonnable. La logique imposait ensuite d\u2019ouvrir des n\u00e9gociations avec le Front Polisario pour assurer la continuit\u00e9 des activit\u00e9s \u00e9conomiques, dans le respect du consentement sahraoui, avec la mise en place de dispositifs techniques comme il existe pour les autres territoires occup\u00e9s situ\u00e9s dans le voisinage de l&rsquo;UE\u00a0\u00bb, a d\u00e9clar\u00e9 \u00e0 la presse Oubbi Bouchraya Bachir, membre du secr\u00e9taire national du Front Polisario. \u00ab\u00a0Au lieu de cela, le Conseil de l\u2019UE choisit la fuite en avant, en formant un pourvoi contre les arr\u00eats du Tribunal de l\u2019UE\u00a0\u00bb, a d\u00e9plor\u00e9 le diplomate sahraoui pr\u00e9cisant que la Cour de Justice europ\u00e9enne (CJUE) \u00ab\u00a0devra donc d\u00e9cider si les annulations des nouveaux accords UE-Maroc sont conformes \u00e0 sa jurisprudence sur le Sahara occidental\u00a0\u00bb. \u00ab\u00a0Le Front Polisario n\u2019est pas surpris, car il sait tr\u00e8s bien que les dirigeants europ\u00e9ens sont dans l\u2019incapacit\u00e9 de tenir au Maroc un langage de v\u00e9rit\u00e9, pr\u00e9f\u00e9rant que la d\u00e9cision soit prise par les juges. Cette v\u00e9rit\u00e9 est connue de tous, depuis le premier jour: l&rsquo;UE ne peut pas inclure le Sahara occidental dans sa coop\u00e9ration avec le Royaume du Maroc car ce territoire n\u2019est pas marocain, ne l\u2019ayant jamais \u00e9t\u00e9\u00a0\u00bb, a pr\u00e9cis\u00e9 Oubbi Bouchraya. Mais, a-t-il dit dans ce m\u00eame contexte, \u00ab\u00a0le Royaume du Maroc d\u00e9nie cette r\u00e9alit\u00e9 juridique, et l\u2019UE, sous influence fran\u00e7aise, cherche \u00e0 gagner du temps\u00a0\u00bb. Et de poursuivre: \u00ab\u00a0La faiblesse du Conseil a un co\u00fbt \u00e9lev\u00e9 pour le peuple sahraoui. L\u2019inex\u00e9cution des pr\u00e9c\u00e9dents arr\u00eats a aggrav\u00e9 la situation sur le terrain, renfor\u00e7ant le sentiment d\u2019impunit\u00e9 de l\u2019occupant marocain, ce qui lui a permis de reprendre le conflit arm\u00e9, au d\u00e9triment du processus de paix\u00a0\u00bb. \u00ab\u00a0Le peuple sahraoui, l\u00e9galiste et pacifiste, sait que, dans sa lutte pour l\u2019autod\u00e9termination et l\u2019ind\u00e9pendance, ses adversaires lui imposeront toutes les \u00e9preuves. Il n\u2019est donc pas surpris par ce pourvoi\u00a0\u00bb, a-t-il encore dit.. \u00ab\u00a0Alors que, t\u00f4t ou tard, les dirigeants europ\u00e9ens devront respecter leurs obligations \u00e0 l\u2019\u00e9gard du peuple sahraoui, ils cherchent \u00e0 gagner du temps par une man\u0153uvre dilatoire, et embarquent l&rsquo;UE dans cette proc\u00e9dure dont le but principal est de prolonger l\u2019occupation ill\u00e9gale du Sahara occidental\u00a0\u00bb, a d\u00e9plor\u00e9 aussi le repr\u00e9sentant du Front Polisario en Europe. Le peuple sahraoui \u00ab\u00a0place toute sa confiance dans la justice europ\u00e9enne en tant que rouage essentiel de l\u2019Etat de droit en Europe. Nul doute que la juste cause du peuple sahraoui finira par triompher\u00a0\u00bb, a-t-il conclu. Par deux arr\u00eats du 29 septembre 2021, le Tribunal de l&rsquo;UE a annul\u00e9 les nouveaux accords UE\/Maroc qui incluaient ill\u00e9galement la partie du Sahara occidental sous occupation marocaine. S\u2019inscrivant dans la lign\u00e9e des pr\u00e9c\u00e9dents arr\u00eats rendus par la Cour de justice de l\u2019Union europ\u00e9enne en 2016 et en 2018, le Tribunal a jug\u00e9 que les nouveaux accords UE\/Maroc avaient \u00e9t\u00e9 conclu en violation grave du droit international, contre le consentement du peuple sahraoui, rappelle-t-on.<\/p>\n\n\n\n<p>Notons que des Sahraouis ont protest\u00e9 vendredi \u00e0 Bilbao (Espagne) contre l&rsquo;implication de l&rsquo;entreprise espagnole Siemens Gamesa dans des projets \u00e9nerg\u00e9tiques marocains au Sahara occidental occup\u00e9, a indiqu\u00e9 l&rsquo;Observatoire international Western Sahara Ressource Watch (WSRW). \u00ab\u00a0Un groupe de Sahraouis s&rsquo;est r\u00e9uni vendredi devant le si\u00e8ge de Siemens Gamesa \u00e0 Bilbao en Espagne, pour protester contre l&rsquo;implication de l&rsquo;entreprise dans des projets \u00e9nerg\u00e9tiques marocains au Sahara occidental\u00a0\u00bb, a tweet\u00e9 WSRW. \u00ab\u00a0Siemens Gamesa arr\u00eatez de soutenir l&rsquo;occupation du Sahara occidental\u00a0\u00bb et \u00ab\u00a0Non au pillage des ressources naturelles du Sahara occidental\u00a0\u00bb, \u00e9tait, entre autres, \u00e9crit sur les pancartes brandies par les Sahraouis. Par deux arr\u00eats du 29 septembre 2021, le Tribunal de l&rsquo;Union europ\u00e9enne (UE) avait annul\u00e9 les nouveaux accords UE\/Maroc qui incluaient ill\u00e9galement la partie du Sahara occidental sous occupation marocaine, rappelle-t-on. S\u2019inscrivant dans la lign\u00e9e des pr\u00e9c\u00e9dents arr\u00eats rendus par la Cour de justice de l\u2019Union europ\u00e9enne en 2016 et 2018, le Tribunal a jug\u00e9 que les nouveaux accords UE\/Maroc avaient \u00e9t\u00e9 conclus en violation du droit international, contre le consentement du peuple sahraoui dont le Front Polisario est le seul repr\u00e9sentant.<\/p>\n\n\n\n<p><strong>R.I. avec APS<\/strong><\/p>\n","protected":false},"excerpt":{"rendered":"<p>Le repr\u00e9sentant du Front Polisario en Europe et \u00e0 l&rsquo;Union europ\u00e9enne (UE), Oubbi Bouchraya Bachir, a d\u00e9plor\u00e9 vendredi le pourvoi<\/p>\n","protected":false},"author":3,"featured_media":14572,"comment_status":"open","ping_status":"closed","sticky":false,"template":"","format":"standard","meta":{"colormag_page_container_layout":"default_layout","colormag_page_sidebar_layout":"default_layout","om_disable_all_campaigns":false,"_monsterinsights_skip_tracking":false,"_monsterinsights_sitenote_active":false,"_monsterinsights_sitenote_note":"","_monsterinsights_sitenote_category":0,"footnotes":"","_wpscppro_dont_share_socialmedia":false,"_wpscppro_custom_social_share_image":0,"_facebook_share_type":"","_twitter_share_type":"","_linkedin_share_type":"","_pinterest_share_type":"","_linkedin_share_type_page":"","_instagram_share_type":"","_medium_share_type":"","_threads_share_type":"","_google_business_share_type":"","_selected_social_profile":[],"_wpsp_enable_custom_social_template":false,"_wpsp_social_scheduling":{"enabled":false,"datetime":null,"platforms":[],"status":"template_only","dateOption":"today","timeOption":"now","customDays":"","customHours":"","customDate":"","customTime":"","schedulingType":"absolute"},"_wpsp_active_default_template":true},"categories":[37],"tags":[],"class_list":["post-14571","post","type-post","status-publish","format-standard","has-post-thumbnail","hentry","category-monde"],"aioseo_notices":[],"yoast_head":"<!-- This site is optimized with the Yoast SEO plugin v27.5 - https:\/\/yoast.com\/product\/yoast-seo-wordpress\/ -->\n<title>Accords UE\/Maroc : Le Front Polisario d\u00e9plore le pourvoi du Conseil de l&#039;UE - La Sentinelle<\/title>\n<meta name=\"robots\" content=\"index, follow, max-snippet:-1, max-image-preview:large, max-video-preview:-1\" \/>\n<link rel=\"canonical\" href=\"https:\/\/lasentinelle.dz\/index.php\/2021\/12\/05\/accords-ue-maroc-le-front-polisario-deplore-le-pourvoi-du-conseil-de-lue\/\" \/>\n<meta property=\"og:locale\" content=\"fr_FR\" \/>\n<meta property=\"og:type\" content=\"article\" \/>\n<meta property=\"og:title\" content=\"Accords UE\/Maroc : Le Front Polisario d\u00e9plore le pourvoi du Conseil de l&#039;UE - La Sentinelle\" \/>\n<meta property=\"og:description\" content=\"Le repr\u00e9sentant du Front Polisario en Europe et \u00e0 l&rsquo;Union europ\u00e9enne (UE), Oubbi Bouchraya Bachir, a d\u00e9plor\u00e9 vendredi le pourvoi\" \/>\n<meta property=\"og:url\" content=\"https:\/\/lasentinelle.dz\/index.php\/2021\/12\/05\/accords-ue-maroc-le-front-polisario-deplore-le-pourvoi-du-conseil-de-lue\/\" \/>\n<meta property=\"og:site_name\" content=\"La Sentinelle\" \/>\n<meta property=\"article:publisher\" content=\"https:\/\/www.facebook.com\/La-Sentinelle-104059864394773\" \/>\n<meta property=\"article:published_time\" content=\"2021-12-04T23:01:00+00:00\" \/>\n<meta property=\"og:image\" content=\"https:\/\/lasentinelle.dz\/wp-content\/uploads\/2021\/12\/img-20211203-wa0054.png\" \/>\n\t<meta property=\"og:image:width\" content=\"1340\" \/>\n\t<meta property=\"og:image:height\" content=\"900\" \/>\n\t<meta property=\"og:image:type\" content=\"image\/png\" \/>\n<meta name=\"author\" content=\"La Sentinelle\" \/>\n<meta name=\"twitter:card\" content=\"summary_large_image\" \/>\n<meta name=\"twitter:label1\" content=\"\u00c9crit par\" \/>\n\t<meta name=\"twitter:data1\" content=\"La Sentinelle\" \/>\n\t<meta name=\"twitter:label2\" content=\"Dur\u00e9e de lecture estim\u00e9e\" \/>\n\t<meta name=\"twitter:data2\" content=\"4 minutes\" \/>\n<script type=\"application\/ld+json\" class=\"yoast-schema-graph\">{\"@context\":\"https:\\\/\\\/schema.org\",\"@graph\":[{\"@type\":\"Article\",\"@id\":\"https:\\\/\\\/lasentinelle.dz\\\/index.php\\\/2021\\\/12\\\/05\\\/accords-ue-maroc-le-front-polisario-deplore-le-pourvoi-du-conseil-de-lue\\\/#article\",\"isPartOf\":{\"@id\":\"https:\\\/\\\/lasentinelle.dz\\\/index.php\\\/2021\\\/12\\\/05\\\/accords-ue-maroc-le-front-polisario-deplore-le-pourvoi-du-conseil-de-lue\\\/\"},\"author\":{\"name\":\"La Sentinelle\",\"@id\":\"https:\\\/\\\/lasentinelle.dz\\\/#\\\/schema\\\/person\\\/d865044e22e70a75174ce8bcad3acfb3\"},\"headline\":\"Accords UE\\\/Maroc : Le Front Polisario d\u00e9plore le pourvoi du Conseil de l&rsquo;UE\",\"datePublished\":\"2021-12-04T23:01:00+00:00\",\"mainEntityOfPage\":{\"@id\":\"https:\\\/\\\/lasentinelle.dz\\\/index.php\\\/2021\\\/12\\\/05\\\/accords-ue-maroc-le-front-polisario-deplore-le-pourvoi-du-conseil-de-lue\\\/\"},\"wordCount\":832,\"commentCount\":0,\"publisher\":{\"@id\":\"https:\\\/\\\/lasentinelle.dz\\\/#organization\"},\"image\":{\"@id\":\"https:\\\/\\\/lasentinelle.dz\\\/index.php\\\/2021\\\/12\\\/05\\\/accords-ue-maroc-le-front-polisario-deplore-le-pourvoi-du-conseil-de-lue\\\/#primaryimage\"},\"thumbnailUrl\":\"https:\\\/\\\/lasentinelle.dz\\\/wp-content\\\/uploads\\\/2021\\\/12\\\/img-20211203-wa0054.png\",\"articleSection\":[\"Monde\"],\"inLanguage\":\"fr-FR\",\"potentialAction\":[{\"@type\":\"CommentAction\",\"name\":\"Comment\",\"target\":[\"https:\\\/\\\/lasentinelle.dz\\\/index.php\\\/2021\\\/12\\\/05\\\/accords-ue-maroc-le-front-polisario-deplore-le-pourvoi-du-conseil-de-lue\\\/#respond\"]}]},{\"@type\":\"WebPage\",\"@id\":\"https:\\\/\\\/lasentinelle.dz\\\/index.php\\\/2021\\\/12\\\/05\\\/accords-ue-maroc-le-front-polisario-deplore-le-pourvoi-du-conseil-de-lue\\\/\",\"url\":\"https:\\\/\\\/lasentinelle.dz\\\/index.php\\\/2021\\\/12\\\/05\\\/accords-ue-maroc-le-front-polisario-deplore-le-pourvoi-du-conseil-de-lue\\\/\",\"name\":\"Accords UE\\\/Maroc : Le Front Polisario d\u00e9plore le pourvoi du Conseil de l'UE - La Sentinelle\",\"isPartOf\":{\"@id\":\"https:\\\/\\\/lasentinelle.dz\\\/#website\"},\"primaryImageOfPage\":{\"@id\":\"https:\\\/\\\/lasentinelle.dz\\\/index.php\\\/2021\\\/12\\\/05\\\/accords-ue-maroc-le-front-polisario-deplore-le-pourvoi-du-conseil-de-lue\\\/#primaryimage\"},\"image\":{\"@id\":\"https:\\\/\\\/lasentinelle.dz\\\/index.php\\\/2021\\\/12\\\/05\\\/accords-ue-maroc-le-front-polisario-deplore-le-pourvoi-du-conseil-de-lue\\\/#primaryimage\"},\"thumbnailUrl\":\"https:\\\/\\\/lasentinelle.dz\\\/wp-content\\\/uploads\\\/2021\\\/12\\\/img-20211203-wa0054.png\",\"datePublished\":\"2021-12-04T23:01:00+00:00\",\"breadcrumb\":{\"@id\":\"https:\\\/\\\/lasentinelle.dz\\\/index.php\\\/2021\\\/12\\\/05\\\/accords-ue-maroc-le-front-polisario-deplore-le-pourvoi-du-conseil-de-lue\\\/#breadcrumb\"},\"inLanguage\":\"fr-FR\",\"potentialAction\":[{\"@type\":\"ReadAction\",\"target\":[\"https:\\\/\\\/lasentinelle.dz\\\/index.php\\\/2021\\\/12\\\/05\\\/accords-ue-maroc-le-front-polisario-deplore-le-pourvoi-du-conseil-de-lue\\\/\"]}]},{\"@type\":\"ImageObject\",\"inLanguage\":\"fr-FR\",\"@id\":\"https:\\\/\\\/lasentinelle.dz\\\/index.php\\\/2021\\\/12\\\/05\\\/accords-ue-maroc-le-front-polisario-deplore-le-pourvoi-du-conseil-de-lue\\\/#primaryimage\",\"url\":\"https:\\\/\\\/lasentinelle.dz\\\/wp-content\\\/uploads\\\/2021\\\/12\\\/img-20211203-wa0054.png\",\"contentUrl\":\"https:\\\/\\\/lasentinelle.dz\\\/wp-content\\\/uploads\\\/2021\\\/12\\\/img-20211203-wa0054.png\",\"width\":1340,\"height\":900},{\"@type\":\"BreadcrumbList\",\"@id\":\"https:\\\/\\\/lasentinelle.dz\\\/index.php\\\/2021\\\/12\\\/05\\\/accords-ue-maroc-le-front-polisario-deplore-le-pourvoi-du-conseil-de-lue\\\/#breadcrumb\",\"itemListElement\":[{\"@type\":\"ListItem\",\"position\":1,\"name\":\"Accueil\",\"item\":\"https:\\\/\\\/lasentinelle.dz\\\/\"},{\"@type\":\"ListItem\",\"position\":2,\"name\":\"Accords UE\\\/Maroc : Le Front Polisario d\u00e9plore le pourvoi du Conseil de l&rsquo;UE\"}]},{\"@type\":\"WebSite\",\"@id\":\"https:\\\/\\\/lasentinelle.dz\\\/#website\",\"url\":\"https:\\\/\\\/lasentinelle.dz\\\/\",\"name\":\"La Sentinelle\",\"description\":\"Quotidien national d&#039;information\",\"publisher\":{\"@id\":\"https:\\\/\\\/lasentinelle.dz\\\/#organization\"},\"potentialAction\":[{\"@type\":\"SearchAction\",\"target\":{\"@type\":\"EntryPoint\",\"urlTemplate\":\"https:\\\/\\\/lasentinelle.dz\\\/?s={search_term_string}\"},\"query-input\":{\"@type\":\"PropertyValueSpecification\",\"valueRequired\":true,\"valueName\":\"search_term_string\"}}],\"inLanguage\":\"fr-FR\"},{\"@type\":\"Organization\",\"@id\":\"https:\\\/\\\/lasentinelle.dz\\\/#organization\",\"name\":\"Quotidien La Sentinelle\",\"url\":\"https:\\\/\\\/lasentinelle.dz\\\/\",\"logo\":{\"@type\":\"ImageObject\",\"inLanguage\":\"fr-FR\",\"@id\":\"https:\\\/\\\/lasentinelle.dz\\\/#\\\/schema\\\/logo\\\/image\\\/\",\"url\":\"https:\\\/\\\/lasentinelle.dz\\\/wp-content\\\/uploads\\\/2021\\\/09\\\/logo-sentinelleSLOGAN-1.png\",\"contentUrl\":\"https:\\\/\\\/lasentinelle.dz\\\/wp-content\\\/uploads\\\/2021\\\/09\\\/logo-sentinelleSLOGAN-1.png\",\"width\":615,\"height\":142,\"caption\":\"Quotidien La Sentinelle\"},\"image\":{\"@id\":\"https:\\\/\\\/lasentinelle.dz\\\/#\\\/schema\\\/logo\\\/image\\\/\"},\"sameAs\":[\"https:\\\/\\\/www.facebook.com\\\/La-Sentinelle-104059864394773\"]},{\"@type\":\"Person\",\"@id\":\"https:\\\/\\\/lasentinelle.dz\\\/#\\\/schema\\\/person\\\/d865044e22e70a75174ce8bcad3acfb3\",\"name\":\"La Sentinelle\",\"image\":{\"@type\":\"ImageObject\",\"inLanguage\":\"fr-FR\",\"@id\":\"https:\\\/\\\/secure.gravatar.com\\\/avatar\\\/57de8e5d4b15d43fb361a71fbb36338450fe67865b528a43dd10ef7c51a20392?s=96&d=mm&r=g\",\"url\":\"https:\\\/\\\/secure.gravatar.com\\\/avatar\\\/57de8e5d4b15d43fb361a71fbb36338450fe67865b528a43dd10ef7c51a20392?s=96&d=mm&r=g\",\"contentUrl\":\"https:\\\/\\\/secure.gravatar.com\\\/avatar\\\/57de8e5d4b15d43fb361a71fbb36338450fe67865b528a43dd10ef7c51a20392?s=96&d=mm&r=g\",\"caption\":\"La Sentinelle\"},\"sameAs\":[\"http:\\\/\\\/www.lasentinelle.dz\"],\"url\":\"https:\\\/\\\/lasentinelle.dz\\\/author\\\/redaction\\\/\"}]}<\/script>\n<!-- \/ Yoast SEO plugin. -->","yoast_head_json":{"title":"Accords UE\/Maroc : Le Front Polisario d\u00e9plore le pourvoi du Conseil de l'UE - La Sentinelle","robots":{"index":"index","follow":"follow","max-snippet":"max-snippet:-1","max-image-preview":"max-image-preview:large","max-video-preview":"max-video-preview:-1"},"canonical":"https:\/\/lasentinelle.dz\/index.php\/2021\/12\/05\/accords-ue-maroc-le-front-polisario-deplore-le-pourvoi-du-conseil-de-lue\/","og_locale":"fr_FR","og_type":"article","og_title":"Accords UE\/Maroc : Le Front Polisario d\u00e9plore le pourvoi du Conseil de l'UE - La Sentinelle","og_description":"Le repr\u00e9sentant du Front Polisario en Europe et \u00e0 l&rsquo;Union europ\u00e9enne (UE), Oubbi Bouchraya Bachir, a d\u00e9plor\u00e9 vendredi le pourvoi","og_url":"https:\/\/lasentinelle.dz\/index.php\/2021\/12\/05\/accords-ue-maroc-le-front-polisario-deplore-le-pourvoi-du-conseil-de-lue\/","og_site_name":"La Sentinelle","article_publisher":"https:\/\/www.facebook.com\/La-Sentinelle-104059864394773","article_published_time":"2021-12-04T23:01:00+00:00","og_image":[{"width":1340,"height":900,"url":"https:\/\/lasentinelle.dz\/wp-content\/uploads\/2021\/12\/img-20211203-wa0054.png","type":"image\/png"}],"author":"La Sentinelle","twitter_card":"summary_large_image","twitter_misc":{"\u00c9crit par":"La Sentinelle","Dur\u00e9e de lecture estim\u00e9e":"4 minutes"},"schema":{"@context":"https:\/\/schema.org","@graph":[{"@type":"Article","@id":"https:\/\/lasentinelle.dz\/index.php\/2021\/12\/05\/accords-ue-maroc-le-front-polisario-deplore-le-pourvoi-du-conseil-de-lue\/#article","isPartOf":{"@id":"https:\/\/lasentinelle.dz\/index.php\/2021\/12\/05\/accords-ue-maroc-le-front-polisario-deplore-le-pourvoi-du-conseil-de-lue\/"},"author":{"name":"La Sentinelle","@id":"https:\/\/lasentinelle.dz\/#\/schema\/person\/d865044e22e70a75174ce8bcad3acfb3"},"headline":"Accords UE\/Maroc : Le Front Polisario d\u00e9plore le pourvoi du Conseil de l&rsquo;UE","datePublished":"2021-12-04T23:01:00+00:00","mainEntityOfPage":{"@id":"https:\/\/lasentinelle.dz\/index.php\/2021\/12\/05\/accords-ue-maroc-le-front-polisario-deplore-le-pourvoi-du-conseil-de-lue\/"},"wordCount":832,"commentCount":0,"publisher":{"@id":"https:\/\/lasentinelle.dz\/#organization"},"image":{"@id":"https:\/\/lasentinelle.dz\/index.php\/2021\/12\/05\/accords-ue-maroc-le-front-polisario-deplore-le-pourvoi-du-conseil-de-lue\/#primaryimage"},"thumbnailUrl":"https:\/\/lasentinelle.dz\/wp-content\/uploads\/2021\/12\/img-20211203-wa0054.png","articleSection":["Monde"],"inLanguage":"fr-FR","potentialAction":[{"@type":"CommentAction","name":"Comment","target":["https:\/\/lasentinelle.dz\/index.php\/2021\/12\/05\/accords-ue-maroc-le-front-polisario-deplore-le-pourvoi-du-conseil-de-lue\/#respond"]}]},{"@type":"WebPage","@id":"https:\/\/lasentinelle.dz\/index.php\/2021\/12\/05\/accords-ue-maroc-le-front-polisario-deplore-le-pourvoi-du-conseil-de-lue\/","url":"https:\/\/lasentinelle.dz\/index.php\/2021\/12\/05\/accords-ue-maroc-le-front-polisario-deplore-le-pourvoi-du-conseil-de-lue\/","name":"Accords UE\/Maroc : Le Front Polisario d\u00e9plore le pourvoi du Conseil de l'UE - La Sentinelle","isPartOf":{"@id":"https:\/\/lasentinelle.dz\/#website"},"primaryImageOfPage":{"@id":"https:\/\/lasentinelle.dz\/index.php\/2021\/12\/05\/accords-ue-maroc-le-front-polisario-deplore-le-pourvoi-du-conseil-de-lue\/#primaryimage"},"image":{"@id":"https:\/\/lasentinelle.dz\/index.php\/2021\/12\/05\/accords-ue-maroc-le-front-polisario-deplore-le-pourvoi-du-conseil-de-lue\/#primaryimage"},"thumbnailUrl":"https:\/\/lasentinelle.dz\/wp-content\/uploads\/2021\/12\/img-20211203-wa0054.png","datePublished":"2021-12-04T23:01:00+00:00","breadcrumb":{"@id":"https:\/\/lasentinelle.dz\/index.php\/2021\/12\/05\/accords-ue-maroc-le-front-polisario-deplore-le-pourvoi-du-conseil-de-lue\/#breadcrumb"},"inLanguage":"fr-FR","potentialAction":[{"@type":"ReadAction","target":["https:\/\/lasentinelle.dz\/index.php\/2021\/12\/05\/accords-ue-maroc-le-front-polisario-deplore-le-pourvoi-du-conseil-de-lue\/"]}]},{"@type":"ImageObject","inLanguage":"fr-FR","@id":"https:\/\/lasentinelle.dz\/index.php\/2021\/12\/05\/accords-ue-maroc-le-front-polisario-deplore-le-pourvoi-du-conseil-de-lue\/#primaryimage","url":"https:\/\/lasentinelle.dz\/wp-content\/uploads\/2021\/12\/img-20211203-wa0054.png","contentUrl":"https:\/\/lasentinelle.dz\/wp-content\/uploads\/2021\/12\/img-20211203-wa0054.png","width":1340,"height":900},{"@type":"BreadcrumbList","@id":"https:\/\/lasentinelle.dz\/index.php\/2021\/12\/05\/accords-ue-maroc-le-front-polisario-deplore-le-pourvoi-du-conseil-de-lue\/#breadcrumb","itemListElement":[{"@type":"ListItem","position":1,"name":"Accueil","item":"https:\/\/lasentinelle.dz\/"},{"@type":"ListItem","position":2,"name":"Accords UE\/Maroc : Le Front Polisario d\u00e9plore le pourvoi du Conseil de l&rsquo;UE"}]},{"@type":"WebSite","@id":"https:\/\/lasentinelle.dz\/#website","url":"https:\/\/lasentinelle.dz\/","name":"La Sentinelle","description":"Quotidien national d&#039;information","publisher":{"@id":"https:\/\/lasentinelle.dz\/#organization"},"potentialAction":[{"@type":"SearchAction","target":{"@type":"EntryPoint","urlTemplate":"https:\/\/lasentinelle.dz\/?s={search_term_string}"},"query-input":{"@type":"PropertyValueSpecification","valueRequired":true,"valueName":"search_term_string"}}],"inLanguage":"fr-FR"},{"@type":"Organization","@id":"https:\/\/lasentinelle.dz\/#organization","name":"Quotidien La Sentinelle","url":"https:\/\/lasentinelle.dz\/","logo":{"@type":"ImageObject","inLanguage":"fr-FR","@id":"https:\/\/lasentinelle.dz\/#\/schema\/logo\/image\/","url":"https:\/\/lasentinelle.dz\/wp-content\/uploads\/2021\/09\/logo-sentinelleSLOGAN-1.png","contentUrl":"https:\/\/lasentinelle.dz\/wp-content\/uploads\/2021\/09\/logo-sentinelleSLOGAN-1.png","width":615,"height":142,"caption":"Quotidien La Sentinelle"},"image":{"@id":"https:\/\/lasentinelle.dz\/#\/schema\/logo\/image\/"},"sameAs":["https:\/\/www.facebook.com\/La-Sentinelle-104059864394773"]},{"@type":"Person","@id":"https:\/\/lasentinelle.dz\/#\/schema\/person\/d865044e22e70a75174ce8bcad3acfb3","name":"La Sentinelle","image":{"@type":"ImageObject","inLanguage":"fr-FR","@id":"https:\/\/secure.gravatar.com\/avatar\/57de8e5d4b15d43fb361a71fbb36338450fe67865b528a43dd10ef7c51a20392?s=96&d=mm&r=g","url":"https:\/\/secure.gravatar.com\/avatar\/57de8e5d4b15d43fb361a71fbb36338450fe67865b528a43dd10ef7c51a20392?s=96&d=mm&r=g","contentUrl":"https:\/\/secure.gravatar.com\/avatar\/57de8e5d4b15d43fb361a71fbb36338450fe67865b528a43dd10ef7c51a20392?s=96&d=mm&r=g","caption":"La Sentinelle"},"sameAs":["http:\/\/www.lasentinelle.dz"],"url":"https:\/\/lasentinelle.dz\/author\/redaction\/"}]}},"_links":{"self":[{"href":"https:\/\/lasentinelle.dz\/index.php\/wp-json\/wp\/v2\/posts\/14571","targetHints":{"allow":["GET"]}}],"collection":[{"href":"https:\/\/lasentinelle.dz\/index.php\/wp-json\/wp\/v2\/posts"}],"about":[{"href":"https:\/\/lasentinelle.dz\/index.php\/wp-json\/wp\/v2\/types\/post"}],"author":[{"embeddable":true,"href":"https:\/\/lasentinelle.dz\/index.php\/wp-json\/wp\/v2\/users\/3"}],"replies":[{"embeddable":true,"href":"https:\/\/lasentinelle.dz\/index.php\/wp-json\/wp\/v2\/comments?post=14571"}],"version-history":[{"count":1,"href":"https:\/\/lasentinelle.dz\/index.php\/wp-json\/wp\/v2\/posts\/14571\/revisions"}],"predecessor-version":[{"id":14573,"href":"https:\/\/lasentinelle.dz\/index.php\/wp-json\/wp\/v2\/posts\/14571\/revisions\/14573"}],"wp:featuredmedia":[{"embeddable":true,"href":"https:\/\/lasentinelle.dz\/index.php\/wp-json\/wp\/v2\/media\/14572"}],"wp:attachment":[{"href":"https:\/\/lasentinelle.dz\/index.php\/wp-json\/wp\/v2\/media?parent=14571"}],"wp:term":[{"taxonomy":"category","embeddable":true,"href":"https:\/\/lasentinelle.dz\/index.php\/wp-json\/wp\/v2\/categories?post=14571"},{"taxonomy":"post_tag","embeddable":true,"href":"https:\/\/lasentinelle.dz\/index.php\/wp-json\/wp\/v2\/tags?post=14571"}],"curies":[{"name":"wp","href":"https:\/\/api.w.org\/{rel}","templated":true}]}}