{"id":14574,"date":"2021-12-05T00:01:00","date_gmt":"2021-12-04T23:01:00","guid":{"rendered":"https:\/\/lasentinelle.dz\/?p=14574"},"modified":"2021-12-04T19:42:06","modified_gmt":"2021-12-04T18:42:06","slug":"la-medaille-de-lordre-de-merite-national-achir-pour-des-responsables-de-groupes-nationaux","status":"publish","type":"post","link":"https:\/\/lasentinelle.dz\/index.php\/2021\/12\/05\/la-medaille-de-lordre-de-merite-national-achir-pour-des-responsables-de-groupes-nationaux\/","title":{"rendered":"La m\u00e9daille de l&rsquo;Ordre de m\u00e9rite national \u00ab\u00a0Achir\u00a0\u00bb pour des responsables de groupes nationaux"},"content":{"rendered":"\n<p>Le pr\u00e9sident de la R\u00e9publique, Abdelmadjid Tebboune a remis,&nbsp;hier&nbsp;\u00e0 Alger, la m\u00e9daille de l&rsquo;Ordre de m\u00e9rite national au rang de \u00ab\u00a0Achir\u00a0\u00bb \u00e0 des responsables d&rsquo;entreprises industrielles nationales publiques et priv\u00e9es, des chefs de start-up et des chercheurs innovateurs, en reconnaissance de leur participation \u00e0 la diversification de l&rsquo;\u00e9conomie nationale.&nbsp;Cette distinction intervient conform\u00e9ment au d\u00e9cret pr\u00e9sidentiel N 21-486 du 2 d\u00e9cembre 2021, en vertu duquel le pr\u00e9sident de la R\u00e9publique a d\u00e9cern\u00e9 \u00ab\u00a0la m\u00e9daille de l&rsquo;Ordre de m\u00e9rite national au rang de \u2018\u2019Achir\u2019\u2019, \u00e0 une pl\u00e9iade d&rsquo;Alg\u00e9riens qui se sont distingu\u00e9s dans plusieurs domaines scientifiques, en entrepreneuriat, ou encore dans la cr\u00e9ation de start-up productrices de connaissances et de richesse, en guise de reconnaissance de leurs talents av\u00e9r\u00e9s et pour leurs efforts consentis au mieux de l&rsquo;int\u00e9r\u00eat supr\u00eame du pays sur le plan international\u00a0\u00bb.&nbsp;A ce propos, la m\u00e9daille de l&rsquo;Ordre de m\u00e9rite national a \u00e9t\u00e9 remise au PDG du Sonatrach, Toufik Hakkar \u00ab\u00a0en reconnaissance de sa gestion rigoureuse et transparente&nbsp;&nbsp;du groupe et eu \u00e9gard \u00e0 son r\u00f4le dans le maintien de la production nationale des hydrocarbures, le d\u00e9veloppement de la recherche de nouveau champs, ou encore son recours pour la sous-traitance aux entreprises alg\u00e9riennes\u00a0\u00bb.&nbsp;La m\u00eame m\u00e9daille a \u00e9t\u00e9 remise \u00e0 la PDG du Groupe Saidal, Fatoum Agacem&nbsp;&nbsp;pour ses efforts visant \u00e0 insuffler une nouvelle dynamique au Groupe public pharmaceutique qui occupe d\u00e9sormais une place importante aux niveaux national et africain en se lan\u00e7ant, le 29 septembre 2021, dans la production du vaccin anti-Covid19 ainsi que la production compl\u00e8te des m\u00e9dicaments anticanc\u00e9reux d&rsquo;ici 2023.&nbsp;La m\u00e9daille de l&rsquo;Ordre de m\u00e9rite nationale a, \u00e9galement, \u00e9t\u00e9 remise au PDG du groupe Cosider, Lakhdar Rekhroukh pour ses efforts ayant permis au groupe public de devenir leader dans le secteur du b\u00e2timent et des travaux publics (BTP) en Alg\u00e9rie et le troisi\u00e8me au niveau africain.<\/p>\n\n\n\n<p>Concernant le secteur industriel priv\u00e9, la m\u00e9daille de l&rsquo;Ordre de m\u00e9rite nationale a \u00e9t\u00e9 remise au PDG du groupe \u00ab\u00a0Venus\u00a0\u00bb, Kamel Moula sp\u00e9cialis\u00e9 dans la fabrication de produits cosm\u00e9tiques et qui constitue \u00ab\u00a0un mod\u00e8le de r\u00e9ussite\u00a0\u00bb.Dans le m\u00eame domaine, la m\u00e9daille de l&rsquo;ordre de m\u00e9rite national a \u00e9t\u00e9 d\u00e9cern\u00e9e au Directeur g\u00e9n\u00e9ral de \u00ab\u00a0Faderco\u00a0\u00bb, Amor Habes pour son r\u00f4le dans le d\u00e9veloppement de cette entreprise priv\u00e9e sp\u00e9cialis\u00e9e dans l&rsquo;hygi\u00e8ne corporelle et le papier qui aspire \u00e0 augmenter ses exportations hors hydrocarbures \u00e0 10 millions de dollars en 2021.&nbsp;Pour l&rsquo;agroalimentaire, la m\u00e9daille de l&rsquo;ordre de m\u00e9rite national a \u00e9t\u00e9 remise au PDG du groupe \u00ab\u00a0Bimo\u00a0\u00bb, Amar Hamoudi pour ses efforts dans la modernisation du groupe et le d\u00e9veloppement de ses activit\u00e9s pour faire face \u00e0 la rude concurrence.Pour encourager les chefs de start-up, la m\u00e9daille a \u00e9t\u00e9 d\u00e9cern\u00e9e \u00e0 Hadj Bourorga, Yasser Amir Ghazli et Ramzy Mesbah.La m\u00e9daille d\u00e9cern\u00e9e au chercheur et inventeur alg\u00e9rien dans l&rsquo;\u00e9lectronique, Belkaem Haba qui compte \u00e0 son actif plus de 1500 brevets d&rsquo;invention a \u00e9t\u00e9 remise \u00e0 son \u00e9pouse, Mme&nbsp;&nbsp;Djamila Boudia.<\/p>\n\n\n\n<p>APS<\/p>\n","protected":false},"excerpt":{"rendered":"<p>Le pr\u00e9sident de la R\u00e9publique, Abdelmadjid Tebboune a remis,&nbsp;hier&nbsp;\u00e0 Alger, la m\u00e9daille de l&rsquo;Ordre de m\u00e9rite national au rang de<\/p>\n","protected":false},"author":3,"featured_media":14575,"comment_status":"open","ping_status":"closed","sticky":false,"template":"","format":"standard","meta":{"colormag_page_container_layout":"default_layout","colormag_page_sidebar_layout":"default_layout","om_disable_all_campaigns":false,"_monsterinsights_skip_tracking":false,"_monsterinsights_sitenote_active":false,"_monsterinsights_sitenote_note":"","_monsterinsights_sitenote_category":0,"footnotes":"","_wpscppro_dont_share_socialmedia":false,"_wpscppro_custom_social_share_image":0,"_facebook_share_type":"","_twitter_share_type":"","_linkedin_share_type":"","_pinterest_share_type":"","_linkedin_share_type_page":"","_instagram_share_type":"","_medium_share_type":"","_threads_share_type":"","_google_business_share_type":"","_selected_social_profile":[],"_wpsp_enable_custom_social_template":false,"_wpsp_social_scheduling":{"enabled":false,"datetime":null,"platforms":[],"status":"template_only","dateOption":"today","timeOption":"now","customDays":"","customHours":"","customDate":"","customTime":"","schedulingType":"absolute"},"_wpsp_active_default_template":true},"categories":[27],"tags":[],"class_list":["post-14574","post","type-post","status-publish","format-standard","has-post-thumbnail","hentry","category-actualite"],"aioseo_notices":[],"yoast_head":"<!-- This site is optimized with the Yoast SEO plugin v27.5 - https:\/\/yoast.com\/product\/yoast-seo-wordpress\/ -->\n<title>La m\u00e9daille de l&#039;Ordre de m\u00e9rite national &quot;Achir&quot; pour des responsables de groupes nationaux - La Sentinelle<\/title>\n<meta name=\"robots\" content=\"index, follow, max-snippet:-1, max-image-preview:large, max-video-preview:-1\" \/>\n<link rel=\"canonical\" href=\"https:\/\/lasentinelle.dz\/index.php\/2021\/12\/05\/la-medaille-de-lordre-de-merite-national-achir-pour-des-responsables-de-groupes-nationaux\/\" \/>\n<meta property=\"og:locale\" content=\"fr_FR\" \/>\n<meta property=\"og:type\" content=\"article\" \/>\n<meta property=\"og:title\" content=\"La m\u00e9daille de l&#039;Ordre de m\u00e9rite national &quot;Achir&quot; pour des responsables de groupes nationaux - La Sentinelle\" \/>\n<meta property=\"og:description\" content=\"Le pr\u00e9sident de la R\u00e9publique, Abdelmadjid Tebboune a remis,&nbsp;hier&nbsp;\u00e0 Alger, la m\u00e9daille de l&rsquo;Ordre de m\u00e9rite national au rang de\" \/>\n<meta property=\"og:url\" content=\"https:\/\/lasentinelle.dz\/index.php\/2021\/12\/05\/la-medaille-de-lordre-de-merite-national-achir-pour-des-responsables-de-groupes-nationaux\/\" \/>\n<meta property=\"og:site_name\" content=\"La Sentinelle\" \/>\n<meta property=\"article:publisher\" content=\"https:\/\/www.facebook.com\/La-Sentinelle-104059864394773\" \/>\n<meta property=\"article:published_time\" content=\"2021-12-04T23:01:00+00:00\" \/>\n<meta property=\"og:image\" content=\"https:\/\/lasentinelle.dz\/wp-content\/uploads\/2021\/12\/Unknown-1.jpg\" \/>\n\t<meta property=\"og:image:width\" content=\"289\" \/>\n\t<meta property=\"og:image:height\" content=\"174\" \/>\n\t<meta property=\"og:image:type\" content=\"image\/jpeg\" \/>\n<meta name=\"author\" content=\"La Sentinelle\" \/>\n<meta name=\"twitter:card\" content=\"summary_large_image\" \/>\n<meta name=\"twitter:label1\" content=\"\u00c9crit par\" \/>\n\t<meta name=\"twitter:data1\" content=\"La Sentinelle\" \/>\n\t<meta name=\"twitter:label2\" content=\"Dur\u00e9e de lecture estim\u00e9e\" \/>\n\t<meta name=\"twitter:data2\" content=\"3 minutes\" \/>\n<script type=\"application\/ld+json\" class=\"yoast-schema-graph\">{\"@context\":\"https:\\\/\\\/schema.org\",\"@graph\":[{\"@type\":\"Article\",\"@id\":\"https:\\\/\\\/lasentinelle.dz\\\/index.php\\\/2021\\\/12\\\/05\\\/la-medaille-de-lordre-de-merite-national-achir-pour-des-responsables-de-groupes-nationaux\\\/#article\",\"isPartOf\":{\"@id\":\"https:\\\/\\\/lasentinelle.dz\\\/index.php\\\/2021\\\/12\\\/05\\\/la-medaille-de-lordre-de-merite-national-achir-pour-des-responsables-de-groupes-nationaux\\\/\"},\"author\":{\"name\":\"La Sentinelle\",\"@id\":\"https:\\\/\\\/lasentinelle.dz\\\/#\\\/schema\\\/person\\\/d865044e22e70a75174ce8bcad3acfb3\"},\"headline\":\"La m\u00e9daille de l&rsquo;Ordre de m\u00e9rite national \u00ab\u00a0Achir\u00a0\u00bb pour des responsables de groupes nationaux\",\"datePublished\":\"2021-12-04T23:01:00+00:00\",\"mainEntityOfPage\":{\"@id\":\"https:\\\/\\\/lasentinelle.dz\\\/index.php\\\/2021\\\/12\\\/05\\\/la-medaille-de-lordre-de-merite-national-achir-pour-des-responsables-de-groupes-nationaux\\\/\"},\"wordCount\":582,\"commentCount\":0,\"publisher\":{\"@id\":\"https:\\\/\\\/lasentinelle.dz\\\/#organization\"},\"image\":{\"@id\":\"https:\\\/\\\/lasentinelle.dz\\\/index.php\\\/2021\\\/12\\\/05\\\/la-medaille-de-lordre-de-merite-national-achir-pour-des-responsables-de-groupes-nationaux\\\/#primaryimage\"},\"thumbnailUrl\":\"https:\\\/\\\/lasentinelle.dz\\\/wp-content\\\/uploads\\\/2021\\\/12\\\/Unknown-1.jpg\",\"articleSection\":[\"Actualit\u00e9\"],\"inLanguage\":\"fr-FR\",\"potentialAction\":[{\"@type\":\"CommentAction\",\"name\":\"Comment\",\"target\":[\"https:\\\/\\\/lasentinelle.dz\\\/index.php\\\/2021\\\/12\\\/05\\\/la-medaille-de-lordre-de-merite-national-achir-pour-des-responsables-de-groupes-nationaux\\\/#respond\"]}]},{\"@type\":\"WebPage\",\"@id\":\"https:\\\/\\\/lasentinelle.dz\\\/index.php\\\/2021\\\/12\\\/05\\\/la-medaille-de-lordre-de-merite-national-achir-pour-des-responsables-de-groupes-nationaux\\\/\",\"url\":\"https:\\\/\\\/lasentinelle.dz\\\/index.php\\\/2021\\\/12\\\/05\\\/la-medaille-de-lordre-de-merite-national-achir-pour-des-responsables-de-groupes-nationaux\\\/\",\"name\":\"La m\u00e9daille de l'Ordre de m\u00e9rite national \\\"Achir\\\" pour des responsables de groupes nationaux - La Sentinelle\",\"isPartOf\":{\"@id\":\"https:\\\/\\\/lasentinelle.dz\\\/#website\"},\"primaryImageOfPage\":{\"@id\":\"https:\\\/\\\/lasentinelle.dz\\\/index.php\\\/2021\\\/12\\\/05\\\/la-medaille-de-lordre-de-merite-national-achir-pour-des-responsables-de-groupes-nationaux\\\/#primaryimage\"},\"image\":{\"@id\":\"https:\\\/\\\/lasentinelle.dz\\\/index.php\\\/2021\\\/12\\\/05\\\/la-medaille-de-lordre-de-merite-national-achir-pour-des-responsables-de-groupes-nationaux\\\/#primaryimage\"},\"thumbnailUrl\":\"https:\\\/\\\/lasentinelle.dz\\\/wp-content\\\/uploads\\\/2021\\\/12\\\/Unknown-1.jpg\",\"datePublished\":\"2021-12-04T23:01:00+00:00\",\"breadcrumb\":{\"@id\":\"https:\\\/\\\/lasentinelle.dz\\\/index.php\\\/2021\\\/12\\\/05\\\/la-medaille-de-lordre-de-merite-national-achir-pour-des-responsables-de-groupes-nationaux\\\/#breadcrumb\"},\"inLanguage\":\"fr-FR\",\"potentialAction\":[{\"@type\":\"ReadAction\",\"target\":[\"https:\\\/\\\/lasentinelle.dz\\\/index.php\\\/2021\\\/12\\\/05\\\/la-medaille-de-lordre-de-merite-national-achir-pour-des-responsables-de-groupes-nationaux\\\/\"]}]},{\"@type\":\"ImageObject\",\"inLanguage\":\"fr-FR\",\"@id\":\"https:\\\/\\\/lasentinelle.dz\\\/index.php\\\/2021\\\/12\\\/05\\\/la-medaille-de-lordre-de-merite-national-achir-pour-des-responsables-de-groupes-nationaux\\\/#primaryimage\",\"url\":\"https:\\\/\\\/lasentinelle.dz\\\/wp-content\\\/uploads\\\/2021\\\/12\\\/Unknown-1.jpg\",\"contentUrl\":\"https:\\\/\\\/lasentinelle.dz\\\/wp-content\\\/uploads\\\/2021\\\/12\\\/Unknown-1.jpg\",\"width\":289,\"height\":174},{\"@type\":\"BreadcrumbList\",\"@id\":\"https:\\\/\\\/lasentinelle.dz\\\/index.php\\\/2021\\\/12\\\/05\\\/la-medaille-de-lordre-de-merite-national-achir-pour-des-responsables-de-groupes-nationaux\\\/#breadcrumb\",\"itemListElement\":[{\"@type\":\"ListItem\",\"position\":1,\"name\":\"Accueil\",\"item\":\"https:\\\/\\\/lasentinelle.dz\\\/\"},{\"@type\":\"ListItem\",\"position\":2,\"name\":\"La m\u00e9daille de l&rsquo;Ordre de m\u00e9rite national \u00ab\u00a0Achir\u00a0\u00bb pour des responsables de groupes nationaux\"}]},{\"@type\":\"WebSite\",\"@id\":\"https:\\\/\\\/lasentinelle.dz\\\/#website\",\"url\":\"https:\\\/\\\/lasentinelle.dz\\\/\",\"name\":\"La Sentinelle\",\"description\":\"Quotidien national d&#039;information\",\"publisher\":{\"@id\":\"https:\\\/\\\/lasentinelle.dz\\\/#organization\"},\"potentialAction\":[{\"@type\":\"SearchAction\",\"target\":{\"@type\":\"EntryPoint\",\"urlTemplate\":\"https:\\\/\\\/lasentinelle.dz\\\/?s={search_term_string}\"},\"query-input\":{\"@type\":\"PropertyValueSpecification\",\"valueRequired\":true,\"valueName\":\"search_term_string\"}}],\"inLanguage\":\"fr-FR\"},{\"@type\":\"Organization\",\"@id\":\"https:\\\/\\\/lasentinelle.dz\\\/#organization\",\"name\":\"Quotidien La Sentinelle\",\"url\":\"https:\\\/\\\/lasentinelle.dz\\\/\",\"logo\":{\"@type\":\"ImageObject\",\"inLanguage\":\"fr-FR\",\"@id\":\"https:\\\/\\\/lasentinelle.dz\\\/#\\\/schema\\\/logo\\\/image\\\/\",\"url\":\"https:\\\/\\\/lasentinelle.dz\\\/wp-content\\\/uploads\\\/2021\\\/09\\\/logo-sentinelleSLOGAN-1.png\",\"contentUrl\":\"https:\\\/\\\/lasentinelle.dz\\\/wp-content\\\/uploads\\\/2021\\\/09\\\/logo-sentinelleSLOGAN-1.png\",\"width\":615,\"height\":142,\"caption\":\"Quotidien La Sentinelle\"},\"image\":{\"@id\":\"https:\\\/\\\/lasentinelle.dz\\\/#\\\/schema\\\/logo\\\/image\\\/\"},\"sameAs\":[\"https:\\\/\\\/www.facebook.com\\\/La-Sentinelle-104059864394773\"]},{\"@type\":\"Person\",\"@id\":\"https:\\\/\\\/lasentinelle.dz\\\/#\\\/schema\\\/person\\\/d865044e22e70a75174ce8bcad3acfb3\",\"name\":\"La Sentinelle\",\"image\":{\"@type\":\"ImageObject\",\"inLanguage\":\"fr-FR\",\"@id\":\"https:\\\/\\\/secure.gravatar.com\\\/avatar\\\/57de8e5d4b15d43fb361a71fbb36338450fe67865b528a43dd10ef7c51a20392?s=96&d=mm&r=g\",\"url\":\"https:\\\/\\\/secure.gravatar.com\\\/avatar\\\/57de8e5d4b15d43fb361a71fbb36338450fe67865b528a43dd10ef7c51a20392?s=96&d=mm&r=g\",\"contentUrl\":\"https:\\\/\\\/secure.gravatar.com\\\/avatar\\\/57de8e5d4b15d43fb361a71fbb36338450fe67865b528a43dd10ef7c51a20392?s=96&d=mm&r=g\",\"caption\":\"La Sentinelle\"},\"sameAs\":[\"http:\\\/\\\/www.lasentinelle.dz\"],\"url\":\"https:\\\/\\\/lasentinelle.dz\\\/author\\\/redaction\\\/\"}]}<\/script>\n<!-- \/ Yoast SEO plugin. -->","yoast_head_json":{"title":"La m\u00e9daille de l'Ordre de m\u00e9rite national \"Achir\" pour des responsables de groupes nationaux - La Sentinelle","robots":{"index":"index","follow":"follow","max-snippet":"max-snippet:-1","max-image-preview":"max-image-preview:large","max-video-preview":"max-video-preview:-1"},"canonical":"https:\/\/lasentinelle.dz\/index.php\/2021\/12\/05\/la-medaille-de-lordre-de-merite-national-achir-pour-des-responsables-de-groupes-nationaux\/","og_locale":"fr_FR","og_type":"article","og_title":"La m\u00e9daille de l'Ordre de m\u00e9rite national \"Achir\" pour des responsables de groupes nationaux - La Sentinelle","og_description":"Le pr\u00e9sident de la R\u00e9publique, Abdelmadjid Tebboune a remis,&nbsp;hier&nbsp;\u00e0 Alger, la m\u00e9daille de l&rsquo;Ordre de m\u00e9rite national au rang de","og_url":"https:\/\/lasentinelle.dz\/index.php\/2021\/12\/05\/la-medaille-de-lordre-de-merite-national-achir-pour-des-responsables-de-groupes-nationaux\/","og_site_name":"La Sentinelle","article_publisher":"https:\/\/www.facebook.com\/La-Sentinelle-104059864394773","article_published_time":"2021-12-04T23:01:00+00:00","og_image":[{"width":289,"height":174,"url":"https:\/\/lasentinelle.dz\/wp-content\/uploads\/2021\/12\/Unknown-1.jpg","type":"image\/jpeg"}],"author":"La Sentinelle","twitter_card":"summary_large_image","twitter_misc":{"\u00c9crit par":"La Sentinelle","Dur\u00e9e de lecture estim\u00e9e":"3 minutes"},"schema":{"@context":"https:\/\/schema.org","@graph":[{"@type":"Article","@id":"https:\/\/lasentinelle.dz\/index.php\/2021\/12\/05\/la-medaille-de-lordre-de-merite-national-achir-pour-des-responsables-de-groupes-nationaux\/#article","isPartOf":{"@id":"https:\/\/lasentinelle.dz\/index.php\/2021\/12\/05\/la-medaille-de-lordre-de-merite-national-achir-pour-des-responsables-de-groupes-nationaux\/"},"author":{"name":"La Sentinelle","@id":"https:\/\/lasentinelle.dz\/#\/schema\/person\/d865044e22e70a75174ce8bcad3acfb3"},"headline":"La m\u00e9daille de l&rsquo;Ordre de m\u00e9rite national \u00ab\u00a0Achir\u00a0\u00bb pour des responsables de groupes nationaux","datePublished":"2021-12-04T23:01:00+00:00","mainEntityOfPage":{"@id":"https:\/\/lasentinelle.dz\/index.php\/2021\/12\/05\/la-medaille-de-lordre-de-merite-national-achir-pour-des-responsables-de-groupes-nationaux\/"},"wordCount":582,"commentCount":0,"publisher":{"@id":"https:\/\/lasentinelle.dz\/#organization"},"image":{"@id":"https:\/\/lasentinelle.dz\/index.php\/2021\/12\/05\/la-medaille-de-lordre-de-merite-national-achir-pour-des-responsables-de-groupes-nationaux\/#primaryimage"},"thumbnailUrl":"https:\/\/lasentinelle.dz\/wp-content\/uploads\/2021\/12\/Unknown-1.jpg","articleSection":["Actualit\u00e9"],"inLanguage":"fr-FR","potentialAction":[{"@type":"CommentAction","name":"Comment","target":["https:\/\/lasentinelle.dz\/index.php\/2021\/12\/05\/la-medaille-de-lordre-de-merite-national-achir-pour-des-responsables-de-groupes-nationaux\/#respond"]}]},{"@type":"WebPage","@id":"https:\/\/lasentinelle.dz\/index.php\/2021\/12\/05\/la-medaille-de-lordre-de-merite-national-achir-pour-des-responsables-de-groupes-nationaux\/","url":"https:\/\/lasentinelle.dz\/index.php\/2021\/12\/05\/la-medaille-de-lordre-de-merite-national-achir-pour-des-responsables-de-groupes-nationaux\/","name":"La m\u00e9daille de l'Ordre de m\u00e9rite national \"Achir\" pour des responsables de groupes nationaux - La Sentinelle","isPartOf":{"@id":"https:\/\/lasentinelle.dz\/#website"},"primaryImageOfPage":{"@id":"https:\/\/lasentinelle.dz\/index.php\/2021\/12\/05\/la-medaille-de-lordre-de-merite-national-achir-pour-des-responsables-de-groupes-nationaux\/#primaryimage"},"image":{"@id":"https:\/\/lasentinelle.dz\/index.php\/2021\/12\/05\/la-medaille-de-lordre-de-merite-national-achir-pour-des-responsables-de-groupes-nationaux\/#primaryimage"},"thumbnailUrl":"https:\/\/lasentinelle.dz\/wp-content\/uploads\/2021\/12\/Unknown-1.jpg","datePublished":"2021-12-04T23:01:00+00:00","breadcrumb":{"@id":"https:\/\/lasentinelle.dz\/index.php\/2021\/12\/05\/la-medaille-de-lordre-de-merite-national-achir-pour-des-responsables-de-groupes-nationaux\/#breadcrumb"},"inLanguage":"fr-FR","potentialAction":[{"@type":"ReadAction","target":["https:\/\/lasentinelle.dz\/index.php\/2021\/12\/05\/la-medaille-de-lordre-de-merite-national-achir-pour-des-responsables-de-groupes-nationaux\/"]}]},{"@type":"ImageObject","inLanguage":"fr-FR","@id":"https:\/\/lasentinelle.dz\/index.php\/2021\/12\/05\/la-medaille-de-lordre-de-merite-national-achir-pour-des-responsables-de-groupes-nationaux\/#primaryimage","url":"https:\/\/lasentinelle.dz\/wp-content\/uploads\/2021\/12\/Unknown-1.jpg","contentUrl":"https:\/\/lasentinelle.dz\/wp-content\/uploads\/2021\/12\/Unknown-1.jpg","width":289,"height":174},{"@type":"BreadcrumbList","@id":"https:\/\/lasentinelle.dz\/index.php\/2021\/12\/05\/la-medaille-de-lordre-de-merite-national-achir-pour-des-responsables-de-groupes-nationaux\/#breadcrumb","itemListElement":[{"@type":"ListItem","position":1,"name":"Accueil","item":"https:\/\/lasentinelle.dz\/"},{"@type":"ListItem","position":2,"name":"La m\u00e9daille de l&rsquo;Ordre de m\u00e9rite national \u00ab\u00a0Achir\u00a0\u00bb pour des responsables de groupes nationaux"}]},{"@type":"WebSite","@id":"https:\/\/lasentinelle.dz\/#website","url":"https:\/\/lasentinelle.dz\/","name":"La Sentinelle","description":"Quotidien national d&#039;information","publisher":{"@id":"https:\/\/lasentinelle.dz\/#organization"},"potentialAction":[{"@type":"SearchAction","target":{"@type":"EntryPoint","urlTemplate":"https:\/\/lasentinelle.dz\/?s={search_term_string}"},"query-input":{"@type":"PropertyValueSpecification","valueRequired":true,"valueName":"search_term_string"}}],"inLanguage":"fr-FR"},{"@type":"Organization","@id":"https:\/\/lasentinelle.dz\/#organization","name":"Quotidien La Sentinelle","url":"https:\/\/lasentinelle.dz\/","logo":{"@type":"ImageObject","inLanguage":"fr-FR","@id":"https:\/\/lasentinelle.dz\/#\/schema\/logo\/image\/","url":"https:\/\/lasentinelle.dz\/wp-content\/uploads\/2021\/09\/logo-sentinelleSLOGAN-1.png","contentUrl":"https:\/\/lasentinelle.dz\/wp-content\/uploads\/2021\/09\/logo-sentinelleSLOGAN-1.png","width":615,"height":142,"caption":"Quotidien La Sentinelle"},"image":{"@id":"https:\/\/lasentinelle.dz\/#\/schema\/logo\/image\/"},"sameAs":["https:\/\/www.facebook.com\/La-Sentinelle-104059864394773"]},{"@type":"Person","@id":"https:\/\/lasentinelle.dz\/#\/schema\/person\/d865044e22e70a75174ce8bcad3acfb3","name":"La Sentinelle","image":{"@type":"ImageObject","inLanguage":"fr-FR","@id":"https:\/\/secure.gravatar.com\/avatar\/57de8e5d4b15d43fb361a71fbb36338450fe67865b528a43dd10ef7c51a20392?s=96&d=mm&r=g","url":"https:\/\/secure.gravatar.com\/avatar\/57de8e5d4b15d43fb361a71fbb36338450fe67865b528a43dd10ef7c51a20392?s=96&d=mm&r=g","contentUrl":"https:\/\/secure.gravatar.com\/avatar\/57de8e5d4b15d43fb361a71fbb36338450fe67865b528a43dd10ef7c51a20392?s=96&d=mm&r=g","caption":"La Sentinelle"},"sameAs":["http:\/\/www.lasentinelle.dz"],"url":"https:\/\/lasentinelle.dz\/author\/redaction\/"}]}},"_links":{"self":[{"href":"https:\/\/lasentinelle.dz\/index.php\/wp-json\/wp\/v2\/posts\/14574","targetHints":{"allow":["GET"]}}],"collection":[{"href":"https:\/\/lasentinelle.dz\/index.php\/wp-json\/wp\/v2\/posts"}],"about":[{"href":"https:\/\/lasentinelle.dz\/index.php\/wp-json\/wp\/v2\/types\/post"}],"author":[{"embeddable":true,"href":"https:\/\/lasentinelle.dz\/index.php\/wp-json\/wp\/v2\/users\/3"}],"replies":[{"embeddable":true,"href":"https:\/\/lasentinelle.dz\/index.php\/wp-json\/wp\/v2\/comments?post=14574"}],"version-history":[{"count":1,"href":"https:\/\/lasentinelle.dz\/index.php\/wp-json\/wp\/v2\/posts\/14574\/revisions"}],"predecessor-version":[{"id":14576,"href":"https:\/\/lasentinelle.dz\/index.php\/wp-json\/wp\/v2\/posts\/14574\/revisions\/14576"}],"wp:featuredmedia":[{"embeddable":true,"href":"https:\/\/lasentinelle.dz\/index.php\/wp-json\/wp\/v2\/media\/14575"}],"wp:attachment":[{"href":"https:\/\/lasentinelle.dz\/index.php\/wp-json\/wp\/v2\/media?parent=14574"}],"wp:term":[{"taxonomy":"category","embeddable":true,"href":"https:\/\/lasentinelle.dz\/index.php\/wp-json\/wp\/v2\/categories?post=14574"},{"taxonomy":"post_tag","embeddable":true,"href":"https:\/\/lasentinelle.dz\/index.php\/wp-json\/wp\/v2\/tags?post=14574"}],"curies":[{"name":"wp","href":"https:\/\/api.w.org\/{rel}","templated":true}]}}