{"id":14604,"date":"2021-12-05T00:05:00","date_gmt":"2021-12-04T23:05:00","guid":{"rendered":"https:\/\/lasentinelle.dz\/?p=14604"},"modified":"2021-12-04T21:37:44","modified_gmt":"2021-12-04T20:37:44","slug":"elections-locales-la-participation-du-ffs-a-barre-la-route-a-ceux-qui-veulent-a-lunite-nationale","status":"publish","type":"post","link":"https:\/\/lasentinelle.dz\/index.php\/2021\/12\/05\/elections-locales-la-participation-du-ffs-a-barre-la-route-a-ceux-qui-veulent-a-lunite-nationale\/","title":{"rendered":"\u00c9lections locales : \u00ab La participation du FFS a barr\u00e9 la route \u00e0 ceux qui veulent \u00e0 l\u2019unit\u00e9 nationale \u00bb"},"content":{"rendered":"\n<p>Le premier secr\u00e9taire national du FFS s\u2019est exprim\u00e9, hier dans une conf\u00e9rence de presse, sur les r\u00e9sultats obtenus par son parti lors des \u00e9lections locales qui ont eu lieu le 27 novembre dernier. De prime \u00e0 bord, Youcef Aouchiche a estim\u00e9 que la participation du FFS et les r\u00e9sultats qu\u2019il a obtenu le 27 novembre pass\u00e9 sont \u00ab le fruit de la mobilisation des militants et sympathisants du FFS ainsi qu\u2019aux candidats qui se sont mobilis\u00e9s dans le but de la pr\u00e9servation de l\u2019espace g\u00e9n\u00e9ral appartenant au citoyen et ce en vue de la r\u00e9habilitation de l\u2019action politique et de sa place dans le but de sauvegarder la coh\u00e9sion et l\u2019homog\u00e9n\u00e9it\u00e9 de la Nation pour assurer un avenir meilleur \u00bb. Le premier responsable du secr\u00e9tariat national du parti du d\u00e9funt Hocine Ait Ahmed a tenu \u00e0 remercier les \u00e9lecteurs qui \u00ab ont plac\u00e9 leur confiance en les candidats du FFS \u00bb. Il appellera les \u00e9lus de son parti \u00e0 \u00ab rester aux cot\u00e9s des citoyens et \u00e0 veiller quoi qu\u2019il en soit \u00e0 leurs aspirations et \u00e0 \u0153uvrer pour le d\u00e9veloppement des valeurs consensuelles au sein de la soci\u00e9t\u00e9 en consolidant le principe de dialogue constructif et la poursuite de la lutte pacifique conform\u00e9ment \u00e0 la l\u00e9galit\u00e9 jusqu\u2019\u00e0 asseoir les bases d\u2019un Etat d\u00e9mocratique et social pour lequel avaient lutt\u00e9 nos a\u00efeux \u00bb. Aouchiche estime au cours de son intervention que le scrutin du 27 novembre pass\u00e9 s\u2019est d\u00e9roul\u00e9 \u00ab dans un contexte politique sensible et complexe, marqu\u00e9 par une opacit\u00e9 avec son prolongement de la crise politique multidimensionnelle et la grave rupture de confiance entre le peuple et le pouvoir ainsi que le ph\u00e9nom\u00e8ne de l\u2019abstention qui a pris une nouvelle tournure mena\u00e7ant s\u00e9rieusement la coh\u00e9sion sociale et l\u2019unit\u00e9 ainsi que la souverainet\u00e9 du pays \u00bb. \u00ab Cette dangereuse crise politique a s\u00e9cr\u00e9t\u00e9 une crise \u00e9conomique et sociale, les deux participent \u00e0 l\u2019aggravation de la situation et face \u00e0 quoi aucune solution n\u2019est propos\u00e9e \u00bb. Le 1er secr\u00e9taire national du FFS juge la situation \u00ab dangereuse, suscitant des inqui\u00e9tudes \u00bb. Il fera remarquer en ce sens le nombre \u00ab croissant \u00bb de ch\u00f4meurs, \u00ab l\u2019\u00e9rosion \u00bb du pouvoir d\u2019achat et \u00ab la flamb\u00e9e des prix \u00bb des produits de large consommation. Le conferencier adresse des critiques aux dispositions introduites dans la loi de finances 2022. Le m\u00eame responsable du FFS met en garde contre le ph\u00e9nom\u00e8ne d\u2019abstention indiquant que le pays \u00ab ne pourra plus supporter cette situation \u00bb appelant avec insistance \u00e0 \u00ab mettre en place une vision nationale pouvant mettre fin \u00e0 ce ph\u00e9nom\u00e8ne \u00e0 travers l\u2019instauration d\u2019un climat de confiance via des d\u00e9cisions concr\u00e8tes, notamment par la lib\u00e9ration des d\u00e9tenus d\u2019opinion et l\u2019arr\u00eat de l\u2019approche r\u00e9pressive ainsi que la lib\u00e9ration des publications politiques, syndicales et associatives \u00bb. Il a plaid\u00e9 dans le m\u00eame sillage pour \u00ab la s\u00e9paration r\u00e9elle des pouvoirs et l\u2019instauration des bases morales en politique \u00bb. Aouchiche expliquera que \u00ab ce sont toutes des d\u00e9marches pouvant mener vers un dialogue national, global pouvant mettre en place une feuille de route vers l\u2019instauration d\u2019un Etat de droit \u00bb. \u00ab La participation du FFS (aux \u00e9lections locales) r\u00e9pond au principe relatif \u00e0 la pr\u00e9servation de l\u2019action politique au sein de la soci\u00e9t\u00e9 pour contrecarrer toutes les campagnes men\u00e9es contre le parti mais aussi pour la sauvegarde d\u2019un espoir porteur de moyens politiques capables de trouver des solutions aux pr\u00e9occupations que nous vivons \u00bb. Il estime que \u00ab gr\u00e2ce aux d\u00e9bats men\u00e9s par le FFS, nous avons pu barrer la route \u00e0 ceux qui veulent isoler des r\u00e9gions du reste du pays et exploiter cela pour porter atteinte \u00e0 la coh\u00e9sion sociale \u00bb. Il consid\u00e8re cela comme une \u00ab victoire lorsque nous nous sommes ralli\u00e9s au dialogue et la concertation, comme moyens civilis\u00e9s pour trouver des solutions aux probl\u00e8mes au lieu et place de toutes sortes de confrontations et les plans d\u2019une violence programm\u00e9e \u00bb. Il consid\u00e8re aussi la participation du FFS comme une \u00ab victoire lorsque nous avons prouv\u00e9 la capacit\u00e9 organisationnelle de la soci\u00e9t\u00e9 pouvant instaurer un rapport de force pacifique pour un changement pacifique \u00bb. C\u2019est aussi une victoire selon Youcef Aouchiche \u00ab pour avoir lanc\u00e9 une dynamique partisane pour corriger les failles pouvant nous mener vers la tenue de notre congr\u00e8s politique et rassembleur \u00bb. Il indiquera que \u00ab ce que nous avons propos\u00e9 comme projet de soci\u00e9t\u00e9 a trouv\u00e9 un \u00e9cho inou\u00ef au sein de la soci\u00e9t\u00e9 \u00bb.&nbsp;<\/p>\n\n\n\n<p><strong>Boubekeur Amrani<\/strong><\/p>\n","protected":false},"excerpt":{"rendered":"<p>Le premier secr\u00e9taire national du FFS s\u2019est exprim\u00e9, hier dans une conf\u00e9rence de presse, sur les r\u00e9sultats obtenus par son<\/p>\n","protected":false},"author":3,"featured_media":14289,"comment_status":"open","ping_status":"closed","sticky":false,"template":"","format":"standard","meta":{"colormag_page_container_layout":"default_layout","colormag_page_sidebar_layout":"default_layout","om_disable_all_campaigns":false,"_monsterinsights_skip_tracking":false,"_monsterinsights_sitenote_active":false,"_monsterinsights_sitenote_note":"","_monsterinsights_sitenote_category":0,"footnotes":"","_wpscppro_dont_share_socialmedia":false,"_wpscppro_custom_social_share_image":0,"_facebook_share_type":"","_twitter_share_type":"","_linkedin_share_type":"","_pinterest_share_type":"","_linkedin_share_type_page":"","_instagram_share_type":"","_medium_share_type":"","_threads_share_type":"","_google_business_share_type":"","_selected_social_profile":[],"_wpsp_enable_custom_social_template":false,"_wpsp_social_scheduling":{"enabled":false,"datetime":null,"platforms":[],"status":"template_only","dateOption":"today","timeOption":"now","customDays":"","customHours":"","customDate":"","customTime":"","schedulingType":"absolute"},"_wpsp_active_default_template":true},"categories":[52,27],"tags":[],"class_list":["post-14604","post","type-post","status-publish","format-standard","has-post-thumbnail","hentry","category-a-la-une","category-actualite"],"aioseo_notices":[],"yoast_head":"<!-- This site is optimized with the Yoast SEO plugin v27.5 - https:\/\/yoast.com\/product\/yoast-seo-wordpress\/ -->\n<title>\u00c9lections locales : \u00ab La participation du FFS a barr\u00e9 la route \u00e0 ceux qui veulent \u00e0 l\u2019unit\u00e9 nationale \u00bb - La Sentinelle<\/title>\n<meta name=\"robots\" content=\"index, follow, max-snippet:-1, max-image-preview:large, max-video-preview:-1\" \/>\n<link rel=\"canonical\" href=\"https:\/\/lasentinelle.dz\/index.php\/2021\/12\/05\/elections-locales-la-participation-du-ffs-a-barre-la-route-a-ceux-qui-veulent-a-lunite-nationale\/\" \/>\n<meta property=\"og:locale\" content=\"fr_FR\" \/>\n<meta property=\"og:type\" content=\"article\" \/>\n<meta property=\"og:title\" content=\"\u00c9lections locales : \u00ab La participation du FFS a barr\u00e9 la route \u00e0 ceux qui veulent \u00e0 l\u2019unit\u00e9 nationale \u00bb - La Sentinelle\" \/>\n<meta property=\"og:description\" content=\"Le premier secr\u00e9taire national du FFS s\u2019est exprim\u00e9, hier dans une conf\u00e9rence de presse, sur les r\u00e9sultats obtenus par son\" \/>\n<meta property=\"og:url\" content=\"https:\/\/lasentinelle.dz\/index.php\/2021\/12\/05\/elections-locales-la-participation-du-ffs-a-barre-la-route-a-ceux-qui-veulent-a-lunite-nationale\/\" \/>\n<meta property=\"og:site_name\" content=\"La Sentinelle\" \/>\n<meta property=\"article:publisher\" content=\"https:\/\/www.facebook.com\/La-Sentinelle-104059864394773\" \/>\n<meta property=\"article:published_time\" content=\"2021-12-04T23:05:00+00:00\" \/>\n<meta property=\"og:image\" content=\"https:\/\/lasentinelle.dz\/wp-content\/uploads\/2021\/11\/FFS-1.jpg\" \/>\n\t<meta property=\"og:image:width\" content=\"800\" \/>\n\t<meta property=\"og:image:height\" content=\"460\" \/>\n\t<meta property=\"og:image:type\" content=\"image\/jpeg\" \/>\n<meta name=\"author\" content=\"La Sentinelle\" \/>\n<meta name=\"twitter:card\" content=\"summary_large_image\" \/>\n<meta name=\"twitter:label1\" content=\"\u00c9crit par\" \/>\n\t<meta name=\"twitter:data1\" content=\"La Sentinelle\" \/>\n\t<meta name=\"twitter:label2\" content=\"Dur\u00e9e de lecture estim\u00e9e\" \/>\n\t<meta name=\"twitter:data2\" content=\"4 minutes\" \/>\n<script type=\"application\/ld+json\" class=\"yoast-schema-graph\">{\"@context\":\"https:\\\/\\\/schema.org\",\"@graph\":[{\"@type\":\"Article\",\"@id\":\"https:\\\/\\\/lasentinelle.dz\\\/index.php\\\/2021\\\/12\\\/05\\\/elections-locales-la-participation-du-ffs-a-barre-la-route-a-ceux-qui-veulent-a-lunite-nationale\\\/#article\",\"isPartOf\":{\"@id\":\"https:\\\/\\\/lasentinelle.dz\\\/index.php\\\/2021\\\/12\\\/05\\\/elections-locales-la-participation-du-ffs-a-barre-la-route-a-ceux-qui-veulent-a-lunite-nationale\\\/\"},\"author\":{\"name\":\"La Sentinelle\",\"@id\":\"https:\\\/\\\/lasentinelle.dz\\\/#\\\/schema\\\/person\\\/d865044e22e70a75174ce8bcad3acfb3\"},\"headline\":\"\u00c9lections locales : \u00ab La participation du FFS a barr\u00e9 la route \u00e0 ceux qui veulent \u00e0 l\u2019unit\u00e9 nationale \u00bb\",\"datePublished\":\"2021-12-04T23:05:00+00:00\",\"mainEntityOfPage\":{\"@id\":\"https:\\\/\\\/lasentinelle.dz\\\/index.php\\\/2021\\\/12\\\/05\\\/elections-locales-la-participation-du-ffs-a-barre-la-route-a-ceux-qui-veulent-a-lunite-nationale\\\/\"},\"wordCount\":797,\"commentCount\":0,\"publisher\":{\"@id\":\"https:\\\/\\\/lasentinelle.dz\\\/#organization\"},\"image\":{\"@id\":\"https:\\\/\\\/lasentinelle.dz\\\/index.php\\\/2021\\\/12\\\/05\\\/elections-locales-la-participation-du-ffs-a-barre-la-route-a-ceux-qui-veulent-a-lunite-nationale\\\/#primaryimage\"},\"thumbnailUrl\":\"https:\\\/\\\/lasentinelle.dz\\\/wp-content\\\/uploads\\\/2021\\\/11\\\/FFS-1.jpg\",\"articleSection\":[\"\u00c0 la Une\",\"Actualit\u00e9\"],\"inLanguage\":\"fr-FR\",\"potentialAction\":[{\"@type\":\"CommentAction\",\"name\":\"Comment\",\"target\":[\"https:\\\/\\\/lasentinelle.dz\\\/index.php\\\/2021\\\/12\\\/05\\\/elections-locales-la-participation-du-ffs-a-barre-la-route-a-ceux-qui-veulent-a-lunite-nationale\\\/#respond\"]}]},{\"@type\":\"WebPage\",\"@id\":\"https:\\\/\\\/lasentinelle.dz\\\/index.php\\\/2021\\\/12\\\/05\\\/elections-locales-la-participation-du-ffs-a-barre-la-route-a-ceux-qui-veulent-a-lunite-nationale\\\/\",\"url\":\"https:\\\/\\\/lasentinelle.dz\\\/index.php\\\/2021\\\/12\\\/05\\\/elections-locales-la-participation-du-ffs-a-barre-la-route-a-ceux-qui-veulent-a-lunite-nationale\\\/\",\"name\":\"\u00c9lections locales : \u00ab La participation du FFS a barr\u00e9 la route \u00e0 ceux qui veulent \u00e0 l\u2019unit\u00e9 nationale \u00bb - La Sentinelle\",\"isPartOf\":{\"@id\":\"https:\\\/\\\/lasentinelle.dz\\\/#website\"},\"primaryImageOfPage\":{\"@id\":\"https:\\\/\\\/lasentinelle.dz\\\/index.php\\\/2021\\\/12\\\/05\\\/elections-locales-la-participation-du-ffs-a-barre-la-route-a-ceux-qui-veulent-a-lunite-nationale\\\/#primaryimage\"},\"image\":{\"@id\":\"https:\\\/\\\/lasentinelle.dz\\\/index.php\\\/2021\\\/12\\\/05\\\/elections-locales-la-participation-du-ffs-a-barre-la-route-a-ceux-qui-veulent-a-lunite-nationale\\\/#primaryimage\"},\"thumbnailUrl\":\"https:\\\/\\\/lasentinelle.dz\\\/wp-content\\\/uploads\\\/2021\\\/11\\\/FFS-1.jpg\",\"datePublished\":\"2021-12-04T23:05:00+00:00\",\"breadcrumb\":{\"@id\":\"https:\\\/\\\/lasentinelle.dz\\\/index.php\\\/2021\\\/12\\\/05\\\/elections-locales-la-participation-du-ffs-a-barre-la-route-a-ceux-qui-veulent-a-lunite-nationale\\\/#breadcrumb\"},\"inLanguage\":\"fr-FR\",\"potentialAction\":[{\"@type\":\"ReadAction\",\"target\":[\"https:\\\/\\\/lasentinelle.dz\\\/index.php\\\/2021\\\/12\\\/05\\\/elections-locales-la-participation-du-ffs-a-barre-la-route-a-ceux-qui-veulent-a-lunite-nationale\\\/\"]}]},{\"@type\":\"ImageObject\",\"inLanguage\":\"fr-FR\",\"@id\":\"https:\\\/\\\/lasentinelle.dz\\\/index.php\\\/2021\\\/12\\\/05\\\/elections-locales-la-participation-du-ffs-a-barre-la-route-a-ceux-qui-veulent-a-lunite-nationale\\\/#primaryimage\",\"url\":\"https:\\\/\\\/lasentinelle.dz\\\/wp-content\\\/uploads\\\/2021\\\/11\\\/FFS-1.jpg\",\"contentUrl\":\"https:\\\/\\\/lasentinelle.dz\\\/wp-content\\\/uploads\\\/2021\\\/11\\\/FFS-1.jpg\",\"width\":800,\"height\":460},{\"@type\":\"BreadcrumbList\",\"@id\":\"https:\\\/\\\/lasentinelle.dz\\\/index.php\\\/2021\\\/12\\\/05\\\/elections-locales-la-participation-du-ffs-a-barre-la-route-a-ceux-qui-veulent-a-lunite-nationale\\\/#breadcrumb\",\"itemListElement\":[{\"@type\":\"ListItem\",\"position\":1,\"name\":\"Accueil\",\"item\":\"https:\\\/\\\/lasentinelle.dz\\\/\"},{\"@type\":\"ListItem\",\"position\":2,\"name\":\"\u00c9lections locales : \u00ab La participation du FFS a barr\u00e9 la route \u00e0 ceux qui veulent \u00e0 l\u2019unit\u00e9 nationale \u00bb\"}]},{\"@type\":\"WebSite\",\"@id\":\"https:\\\/\\\/lasentinelle.dz\\\/#website\",\"url\":\"https:\\\/\\\/lasentinelle.dz\\\/\",\"name\":\"La Sentinelle\",\"description\":\"Quotidien national d&#039;information\",\"publisher\":{\"@id\":\"https:\\\/\\\/lasentinelle.dz\\\/#organization\"},\"potentialAction\":[{\"@type\":\"SearchAction\",\"target\":{\"@type\":\"EntryPoint\",\"urlTemplate\":\"https:\\\/\\\/lasentinelle.dz\\\/?s={search_term_string}\"},\"query-input\":{\"@type\":\"PropertyValueSpecification\",\"valueRequired\":true,\"valueName\":\"search_term_string\"}}],\"inLanguage\":\"fr-FR\"},{\"@type\":\"Organization\",\"@id\":\"https:\\\/\\\/lasentinelle.dz\\\/#organization\",\"name\":\"Quotidien La Sentinelle\",\"url\":\"https:\\\/\\\/lasentinelle.dz\\\/\",\"logo\":{\"@type\":\"ImageObject\",\"inLanguage\":\"fr-FR\",\"@id\":\"https:\\\/\\\/lasentinelle.dz\\\/#\\\/schema\\\/logo\\\/image\\\/\",\"url\":\"https:\\\/\\\/lasentinelle.dz\\\/wp-content\\\/uploads\\\/2021\\\/09\\\/logo-sentinelleSLOGAN-1.png\",\"contentUrl\":\"https:\\\/\\\/lasentinelle.dz\\\/wp-content\\\/uploads\\\/2021\\\/09\\\/logo-sentinelleSLOGAN-1.png\",\"width\":615,\"height\":142,\"caption\":\"Quotidien La Sentinelle\"},\"image\":{\"@id\":\"https:\\\/\\\/lasentinelle.dz\\\/#\\\/schema\\\/logo\\\/image\\\/\"},\"sameAs\":[\"https:\\\/\\\/www.facebook.com\\\/La-Sentinelle-104059864394773\"]},{\"@type\":\"Person\",\"@id\":\"https:\\\/\\\/lasentinelle.dz\\\/#\\\/schema\\\/person\\\/d865044e22e70a75174ce8bcad3acfb3\",\"name\":\"La Sentinelle\",\"image\":{\"@type\":\"ImageObject\",\"inLanguage\":\"fr-FR\",\"@id\":\"https:\\\/\\\/secure.gravatar.com\\\/avatar\\\/57de8e5d4b15d43fb361a71fbb36338450fe67865b528a43dd10ef7c51a20392?s=96&d=mm&r=g\",\"url\":\"https:\\\/\\\/secure.gravatar.com\\\/avatar\\\/57de8e5d4b15d43fb361a71fbb36338450fe67865b528a43dd10ef7c51a20392?s=96&d=mm&r=g\",\"contentUrl\":\"https:\\\/\\\/secure.gravatar.com\\\/avatar\\\/57de8e5d4b15d43fb361a71fbb36338450fe67865b528a43dd10ef7c51a20392?s=96&d=mm&r=g\",\"caption\":\"La Sentinelle\"},\"sameAs\":[\"http:\\\/\\\/www.lasentinelle.dz\"],\"url\":\"https:\\\/\\\/lasentinelle.dz\\\/author\\\/redaction\\\/\"}]}<\/script>\n<!-- \/ Yoast SEO plugin. -->","yoast_head_json":{"title":"\u00c9lections locales : \u00ab La participation du FFS a barr\u00e9 la route \u00e0 ceux qui veulent \u00e0 l\u2019unit\u00e9 nationale \u00bb - La Sentinelle","robots":{"index":"index","follow":"follow","max-snippet":"max-snippet:-1","max-image-preview":"max-image-preview:large","max-video-preview":"max-video-preview:-1"},"canonical":"https:\/\/lasentinelle.dz\/index.php\/2021\/12\/05\/elections-locales-la-participation-du-ffs-a-barre-la-route-a-ceux-qui-veulent-a-lunite-nationale\/","og_locale":"fr_FR","og_type":"article","og_title":"\u00c9lections locales : \u00ab La participation du FFS a barr\u00e9 la route \u00e0 ceux qui veulent \u00e0 l\u2019unit\u00e9 nationale \u00bb - La Sentinelle","og_description":"Le premier secr\u00e9taire national du FFS s\u2019est exprim\u00e9, hier dans une conf\u00e9rence de presse, sur les r\u00e9sultats obtenus par son","og_url":"https:\/\/lasentinelle.dz\/index.php\/2021\/12\/05\/elections-locales-la-participation-du-ffs-a-barre-la-route-a-ceux-qui-veulent-a-lunite-nationale\/","og_site_name":"La Sentinelle","article_publisher":"https:\/\/www.facebook.com\/La-Sentinelle-104059864394773","article_published_time":"2021-12-04T23:05:00+00:00","og_image":[{"width":800,"height":460,"url":"https:\/\/lasentinelle.dz\/wp-content\/uploads\/2021\/11\/FFS-1.jpg","type":"image\/jpeg"}],"author":"La Sentinelle","twitter_card":"summary_large_image","twitter_misc":{"\u00c9crit par":"La Sentinelle","Dur\u00e9e de lecture estim\u00e9e":"4 minutes"},"schema":{"@context":"https:\/\/schema.org","@graph":[{"@type":"Article","@id":"https:\/\/lasentinelle.dz\/index.php\/2021\/12\/05\/elections-locales-la-participation-du-ffs-a-barre-la-route-a-ceux-qui-veulent-a-lunite-nationale\/#article","isPartOf":{"@id":"https:\/\/lasentinelle.dz\/index.php\/2021\/12\/05\/elections-locales-la-participation-du-ffs-a-barre-la-route-a-ceux-qui-veulent-a-lunite-nationale\/"},"author":{"name":"La Sentinelle","@id":"https:\/\/lasentinelle.dz\/#\/schema\/person\/d865044e22e70a75174ce8bcad3acfb3"},"headline":"\u00c9lections locales : \u00ab La participation du FFS a barr\u00e9 la route \u00e0 ceux qui veulent \u00e0 l\u2019unit\u00e9 nationale \u00bb","datePublished":"2021-12-04T23:05:00+00:00","mainEntityOfPage":{"@id":"https:\/\/lasentinelle.dz\/index.php\/2021\/12\/05\/elections-locales-la-participation-du-ffs-a-barre-la-route-a-ceux-qui-veulent-a-lunite-nationale\/"},"wordCount":797,"commentCount":0,"publisher":{"@id":"https:\/\/lasentinelle.dz\/#organization"},"image":{"@id":"https:\/\/lasentinelle.dz\/index.php\/2021\/12\/05\/elections-locales-la-participation-du-ffs-a-barre-la-route-a-ceux-qui-veulent-a-lunite-nationale\/#primaryimage"},"thumbnailUrl":"https:\/\/lasentinelle.dz\/wp-content\/uploads\/2021\/11\/FFS-1.jpg","articleSection":["\u00c0 la Une","Actualit\u00e9"],"inLanguage":"fr-FR","potentialAction":[{"@type":"CommentAction","name":"Comment","target":["https:\/\/lasentinelle.dz\/index.php\/2021\/12\/05\/elections-locales-la-participation-du-ffs-a-barre-la-route-a-ceux-qui-veulent-a-lunite-nationale\/#respond"]}]},{"@type":"WebPage","@id":"https:\/\/lasentinelle.dz\/index.php\/2021\/12\/05\/elections-locales-la-participation-du-ffs-a-barre-la-route-a-ceux-qui-veulent-a-lunite-nationale\/","url":"https:\/\/lasentinelle.dz\/index.php\/2021\/12\/05\/elections-locales-la-participation-du-ffs-a-barre-la-route-a-ceux-qui-veulent-a-lunite-nationale\/","name":"\u00c9lections locales : \u00ab La participation du FFS a barr\u00e9 la route \u00e0 ceux qui veulent \u00e0 l\u2019unit\u00e9 nationale \u00bb - La Sentinelle","isPartOf":{"@id":"https:\/\/lasentinelle.dz\/#website"},"primaryImageOfPage":{"@id":"https:\/\/lasentinelle.dz\/index.php\/2021\/12\/05\/elections-locales-la-participation-du-ffs-a-barre-la-route-a-ceux-qui-veulent-a-lunite-nationale\/#primaryimage"},"image":{"@id":"https:\/\/lasentinelle.dz\/index.php\/2021\/12\/05\/elections-locales-la-participation-du-ffs-a-barre-la-route-a-ceux-qui-veulent-a-lunite-nationale\/#primaryimage"},"thumbnailUrl":"https:\/\/lasentinelle.dz\/wp-content\/uploads\/2021\/11\/FFS-1.jpg","datePublished":"2021-12-04T23:05:00+00:00","breadcrumb":{"@id":"https:\/\/lasentinelle.dz\/index.php\/2021\/12\/05\/elections-locales-la-participation-du-ffs-a-barre-la-route-a-ceux-qui-veulent-a-lunite-nationale\/#breadcrumb"},"inLanguage":"fr-FR","potentialAction":[{"@type":"ReadAction","target":["https:\/\/lasentinelle.dz\/index.php\/2021\/12\/05\/elections-locales-la-participation-du-ffs-a-barre-la-route-a-ceux-qui-veulent-a-lunite-nationale\/"]}]},{"@type":"ImageObject","inLanguage":"fr-FR","@id":"https:\/\/lasentinelle.dz\/index.php\/2021\/12\/05\/elections-locales-la-participation-du-ffs-a-barre-la-route-a-ceux-qui-veulent-a-lunite-nationale\/#primaryimage","url":"https:\/\/lasentinelle.dz\/wp-content\/uploads\/2021\/11\/FFS-1.jpg","contentUrl":"https:\/\/lasentinelle.dz\/wp-content\/uploads\/2021\/11\/FFS-1.jpg","width":800,"height":460},{"@type":"BreadcrumbList","@id":"https:\/\/lasentinelle.dz\/index.php\/2021\/12\/05\/elections-locales-la-participation-du-ffs-a-barre-la-route-a-ceux-qui-veulent-a-lunite-nationale\/#breadcrumb","itemListElement":[{"@type":"ListItem","position":1,"name":"Accueil","item":"https:\/\/lasentinelle.dz\/"},{"@type":"ListItem","position":2,"name":"\u00c9lections locales : \u00ab La participation du FFS a barr\u00e9 la route \u00e0 ceux qui veulent \u00e0 l\u2019unit\u00e9 nationale \u00bb"}]},{"@type":"WebSite","@id":"https:\/\/lasentinelle.dz\/#website","url":"https:\/\/lasentinelle.dz\/","name":"La Sentinelle","description":"Quotidien national d&#039;information","publisher":{"@id":"https:\/\/lasentinelle.dz\/#organization"},"potentialAction":[{"@type":"SearchAction","target":{"@type":"EntryPoint","urlTemplate":"https:\/\/lasentinelle.dz\/?s={search_term_string}"},"query-input":{"@type":"PropertyValueSpecification","valueRequired":true,"valueName":"search_term_string"}}],"inLanguage":"fr-FR"},{"@type":"Organization","@id":"https:\/\/lasentinelle.dz\/#organization","name":"Quotidien La Sentinelle","url":"https:\/\/lasentinelle.dz\/","logo":{"@type":"ImageObject","inLanguage":"fr-FR","@id":"https:\/\/lasentinelle.dz\/#\/schema\/logo\/image\/","url":"https:\/\/lasentinelle.dz\/wp-content\/uploads\/2021\/09\/logo-sentinelleSLOGAN-1.png","contentUrl":"https:\/\/lasentinelle.dz\/wp-content\/uploads\/2021\/09\/logo-sentinelleSLOGAN-1.png","width":615,"height":142,"caption":"Quotidien La Sentinelle"},"image":{"@id":"https:\/\/lasentinelle.dz\/#\/schema\/logo\/image\/"},"sameAs":["https:\/\/www.facebook.com\/La-Sentinelle-104059864394773"]},{"@type":"Person","@id":"https:\/\/lasentinelle.dz\/#\/schema\/person\/d865044e22e70a75174ce8bcad3acfb3","name":"La Sentinelle","image":{"@type":"ImageObject","inLanguage":"fr-FR","@id":"https:\/\/secure.gravatar.com\/avatar\/57de8e5d4b15d43fb361a71fbb36338450fe67865b528a43dd10ef7c51a20392?s=96&d=mm&r=g","url":"https:\/\/secure.gravatar.com\/avatar\/57de8e5d4b15d43fb361a71fbb36338450fe67865b528a43dd10ef7c51a20392?s=96&d=mm&r=g","contentUrl":"https:\/\/secure.gravatar.com\/avatar\/57de8e5d4b15d43fb361a71fbb36338450fe67865b528a43dd10ef7c51a20392?s=96&d=mm&r=g","caption":"La Sentinelle"},"sameAs":["http:\/\/www.lasentinelle.dz"],"url":"https:\/\/lasentinelle.dz\/author\/redaction\/"}]}},"_links":{"self":[{"href":"https:\/\/lasentinelle.dz\/index.php\/wp-json\/wp\/v2\/posts\/14604","targetHints":{"allow":["GET"]}}],"collection":[{"href":"https:\/\/lasentinelle.dz\/index.php\/wp-json\/wp\/v2\/posts"}],"about":[{"href":"https:\/\/lasentinelle.dz\/index.php\/wp-json\/wp\/v2\/types\/post"}],"author":[{"embeddable":true,"href":"https:\/\/lasentinelle.dz\/index.php\/wp-json\/wp\/v2\/users\/3"}],"replies":[{"embeddable":true,"href":"https:\/\/lasentinelle.dz\/index.php\/wp-json\/wp\/v2\/comments?post=14604"}],"version-history":[{"count":1,"href":"https:\/\/lasentinelle.dz\/index.php\/wp-json\/wp\/v2\/posts\/14604\/revisions"}],"predecessor-version":[{"id":14605,"href":"https:\/\/lasentinelle.dz\/index.php\/wp-json\/wp\/v2\/posts\/14604\/revisions\/14605"}],"wp:featuredmedia":[{"embeddable":true,"href":"https:\/\/lasentinelle.dz\/index.php\/wp-json\/wp\/v2\/media\/14289"}],"wp:attachment":[{"href":"https:\/\/lasentinelle.dz\/index.php\/wp-json\/wp\/v2\/media?parent=14604"}],"wp:term":[{"taxonomy":"category","embeddable":true,"href":"https:\/\/lasentinelle.dz\/index.php\/wp-json\/wp\/v2\/categories?post=14604"},{"taxonomy":"post_tag","embeddable":true,"href":"https:\/\/lasentinelle.dz\/index.php\/wp-json\/wp\/v2\/tags?post=14604"}],"curies":[{"name":"wp","href":"https:\/\/api.w.org\/{rel}","templated":true}]}}