{"id":14624,"date":"2021-12-06T00:01:00","date_gmt":"2021-12-05T23:01:00","guid":{"rendered":"https:\/\/lasentinelle.dz\/?p=14624"},"modified":"2021-12-05T16:06:03","modified_gmt":"2021-12-05T15:06:03","slug":"ligue-1-6e-journee-le-crb-et-less-se-rebiffent","status":"publish","type":"post","link":"https:\/\/lasentinelle.dz\/index.php\/2021\/12\/06\/ligue-1-6e-journee-le-crb-et-less-se-rebiffent\/","title":{"rendered":"Ligue 1 (6e journ\u00e9e) : Le CRB et l&rsquo;ESS se rebiffent"},"content":{"rendered":"\n<p>La 2e partie de la Ligue 1, jou\u00e9e samedi, a vu le champion d&rsquo;Alg\u00e9rie en titre, le CR Belouizdad et son dauphin, l&rsquo;ES S\u00e9tif faire le plein de points.&nbsp;<\/p>\n\n\n\n<p>Le derby alg\u00e9rois, CRB-NAHD, \u00e2prement disput\u00e9 s&rsquo;est termin\u00e9 \u00e0 l&rsquo;avantage des Belouizdadis (1-0) sur une r\u00e9alisation du capitaine, Nessakh, permettant \u00e0 son \u00e9quipe de revenir progressivement vers le haut du tableau, alors que les Sang et Or ont conc\u00e9d\u00e9 leur 1re d\u00e9faite de la saison. L&rsquo;autre grand b\u00e9n\u00e9ficiaire de la journ\u00e9e est l&rsquo;ES S\u00e9tif vainqueur en d\u00e9placement chez son voisin, le NC Magra (2-0). Kendouci et Motrani ont scell\u00e9 en cinq minutes le sort du match, enfon\u00e7ant davantage les locaux dans la crise avec un petit point en 6 journ\u00e9es, et conc\u00e9dant du coup sa 5e d\u00e9faite de rang. L&rsquo;USM Alger en d\u00e9placement chez le HB Chelghoum-Laid s&rsquo;est content\u00e9e d&rsquo;un nul blanc. Un score qui n&rsquo;arrange nullement les affaires des deux formations. Les Usmistes ont rat\u00e9 l&rsquo;aubaine de rejoindre l&rsquo;OM en t\u00eate du classement, alors que le HBCL (2 pts) accroch\u00e9 \u00e0 domicile, est toujours \u00e0 la recherche de son premier succ\u00e8s de la saison. Le dernier match du second acte, MC Oran &#8211; RC Arbaa s&rsquo;est achev\u00e9 sur un nul (1-1) au grand dam des Hamraoua, qui partaient pourtant largement favoris, et qui visaient une seconde victoire apr\u00e8s celle acquise lors de la 1re journ\u00e9e \u00e0 Constantine dace au CSC (1-0). Le hommes du nouveau coach, le Tunisien Moez Bouakaz&nbsp;&nbsp;ont \u00e9prouv\u00e9 d&rsquo;\u00e9normes difficult\u00e9s pour contenir une vaillante \u00e9quipe du RC Arbaa qui a r\u00e9ussi l&rsquo;exploit d&rsquo;ouvrir le score par Oussama Kismoune. Mais les Oranais ont pu revenir au score par leur buteur maison, Djabout, sans parvenir toutefois \u00e0 remporter le match, devant le nouveau promu qui arrache une second nul \u00e0 l&rsquo;ext\u00e9rieur apr\u00e8s celui de Tizi Ouzou (1-1). Le 1er acte de cette 6e journ\u00e9e a d\u00e9but\u00e9 vendredi et a permis \u00e0 la formation du M\u00e9d\u00e9a de s&#8217;emparer de la 1re place \u00e0 la faveur de sa belle victoire en d\u00e9placement chez le WA Tlemcen (2-0), une victoire sign\u00e9e Ba\u00e2li et Lakroum sur p\u00e9nalty. En revanche, le WAT r\u00e9alise une mauvaise op\u00e9ration apr\u00e8s cette nouvelle d\u00e9faite \u00e0 domicile et occupe la 17e place, avec seulement trois points au compteur, soit en plein zone de turbulences. Dans l&rsquo;autre match, disput\u00e9 vendredi, le CS Constantine a ramen\u00e9 un bon r\u00e9sultat nul de son d\u00e9placement chez le RC Relizane (1-1). Ce nul&nbsp;&nbsp;permet aux Sanafir de se hisser \u00e0 la 5e place du classement g\u00e9n\u00e9ral avec 11 points, alors que le RCR reste 12e avec seulement cinq unit\u00e9s au compteur. Trois matchs \u00e0 savoir : ASO Chlef &#8211;&nbsp;&nbsp;JS Saoura, MC Alger &#8211; Paradou AC et JS Kabylie &#8211; US Biskra, ont \u00e9t\u00e9 report\u00e9s pour diverses raisons.<\/p>\n\n\n\n<p>R. S.<\/p>\n","protected":false},"excerpt":{"rendered":"<p>La 2e partie de la Ligue 1, jou\u00e9e samedi, a vu le champion d&rsquo;Alg\u00e9rie en titre, le CR Belouizdad et<\/p>\n","protected":false},"author":3,"featured_media":14625,"comment_status":"open","ping_status":"closed","sticky":false,"template":"","format":"standard","meta":{"colormag_page_container_layout":"default_layout","colormag_page_sidebar_layout":"default_layout","om_disable_all_campaigns":false,"_monsterinsights_skip_tracking":false,"_monsterinsights_sitenote_active":false,"_monsterinsights_sitenote_note":"","_monsterinsights_sitenote_category":0,"footnotes":"","_wpscppro_dont_share_socialmedia":false,"_wpscppro_custom_social_share_image":0,"_facebook_share_type":"","_twitter_share_type":"","_linkedin_share_type":"","_pinterest_share_type":"","_linkedin_share_type_page":"","_instagram_share_type":"","_medium_share_type":"","_threads_share_type":"","_google_business_share_type":"","_selected_social_profile":[],"_wpsp_enable_custom_social_template":false,"_wpsp_social_scheduling":{"enabled":false,"datetime":null,"platforms":[],"status":"template_only","dateOption":"today","timeOption":"now","customDays":"","customHours":"","customDate":"","customTime":"","schedulingType":"absolute"},"_wpsp_active_default_template":true},"categories":[33],"tags":[],"class_list":["post-14624","post","type-post","status-publish","format-standard","has-post-thumbnail","hentry","category-sports"],"aioseo_notices":[],"yoast_head":"<!-- This site is optimized with the Yoast SEO plugin v27.5 - https:\/\/yoast.com\/product\/yoast-seo-wordpress\/ -->\n<title>Ligue 1 (6e journ\u00e9e) : Le CRB et l&#039;ESS se rebiffent - La Sentinelle<\/title>\n<meta name=\"robots\" content=\"index, follow, max-snippet:-1, max-image-preview:large, max-video-preview:-1\" \/>\n<link rel=\"canonical\" href=\"https:\/\/lasentinelle.dz\/index.php\/2021\/12\/06\/ligue-1-6e-journee-le-crb-et-less-se-rebiffent\/\" \/>\n<meta property=\"og:locale\" content=\"fr_FR\" \/>\n<meta property=\"og:type\" content=\"article\" \/>\n<meta property=\"og:title\" content=\"Ligue 1 (6e journ\u00e9e) : Le CRB et l&#039;ESS se rebiffent - La Sentinelle\" \/>\n<meta property=\"og:description\" content=\"La 2e partie de la Ligue 1, jou\u00e9e samedi, a vu le champion d&rsquo;Alg\u00e9rie en titre, le CR Belouizdad et\" \/>\n<meta property=\"og:url\" content=\"https:\/\/lasentinelle.dz\/index.php\/2021\/12\/06\/ligue-1-6e-journee-le-crb-et-less-se-rebiffent\/\" \/>\n<meta property=\"og:site_name\" content=\"La Sentinelle\" \/>\n<meta property=\"article:publisher\" content=\"https:\/\/www.facebook.com\/La-Sentinelle-104059864394773\" \/>\n<meta property=\"article:published_time\" content=\"2021-12-05T23:01:00+00:00\" \/>\n<meta property=\"og:image\" content=\"https:\/\/lasentinelle.dz\/wp-content\/uploads\/2021\/12\/crb.jpg\" \/>\n\t<meta property=\"og:image:width\" content=\"1620\" \/>\n\t<meta property=\"og:image:height\" content=\"1372\" \/>\n\t<meta property=\"og:image:type\" content=\"image\/jpeg\" \/>\n<meta name=\"author\" content=\"La Sentinelle\" \/>\n<meta name=\"twitter:card\" content=\"summary_large_image\" \/>\n<meta name=\"twitter:label1\" content=\"\u00c9crit par\" \/>\n\t<meta name=\"twitter:data1\" content=\"La Sentinelle\" \/>\n\t<meta name=\"twitter:label2\" content=\"Dur\u00e9e de lecture estim\u00e9e\" \/>\n\t<meta name=\"twitter:data2\" content=\"2 minutes\" \/>\n<script type=\"application\/ld+json\" class=\"yoast-schema-graph\">{\"@context\":\"https:\\\/\\\/schema.org\",\"@graph\":[{\"@type\":\"Article\",\"@id\":\"https:\\\/\\\/lasentinelle.dz\\\/index.php\\\/2021\\\/12\\\/06\\\/ligue-1-6e-journee-le-crb-et-less-se-rebiffent\\\/#article\",\"isPartOf\":{\"@id\":\"https:\\\/\\\/lasentinelle.dz\\\/index.php\\\/2021\\\/12\\\/06\\\/ligue-1-6e-journee-le-crb-et-less-se-rebiffent\\\/\"},\"author\":{\"name\":\"La Sentinelle\",\"@id\":\"https:\\\/\\\/lasentinelle.dz\\\/#\\\/schema\\\/person\\\/d865044e22e70a75174ce8bcad3acfb3\"},\"headline\":\"Ligue 1 (6e journ\u00e9e) : Le CRB et l&rsquo;ESS se rebiffent\",\"datePublished\":\"2021-12-05T23:01:00+00:00\",\"mainEntityOfPage\":{\"@id\":\"https:\\\/\\\/lasentinelle.dz\\\/index.php\\\/2021\\\/12\\\/06\\\/ligue-1-6e-journee-le-crb-et-less-se-rebiffent\\\/\"},\"wordCount\":521,\"commentCount\":0,\"publisher\":{\"@id\":\"https:\\\/\\\/lasentinelle.dz\\\/#organization\"},\"image\":{\"@id\":\"https:\\\/\\\/lasentinelle.dz\\\/index.php\\\/2021\\\/12\\\/06\\\/ligue-1-6e-journee-le-crb-et-less-se-rebiffent\\\/#primaryimage\"},\"thumbnailUrl\":\"https:\\\/\\\/lasentinelle.dz\\\/wp-content\\\/uploads\\\/2021\\\/12\\\/crb.jpg\",\"articleSection\":[\"Sports\"],\"inLanguage\":\"fr-FR\",\"potentialAction\":[{\"@type\":\"CommentAction\",\"name\":\"Comment\",\"target\":[\"https:\\\/\\\/lasentinelle.dz\\\/index.php\\\/2021\\\/12\\\/06\\\/ligue-1-6e-journee-le-crb-et-less-se-rebiffent\\\/#respond\"]}]},{\"@type\":\"WebPage\",\"@id\":\"https:\\\/\\\/lasentinelle.dz\\\/index.php\\\/2021\\\/12\\\/06\\\/ligue-1-6e-journee-le-crb-et-less-se-rebiffent\\\/\",\"url\":\"https:\\\/\\\/lasentinelle.dz\\\/index.php\\\/2021\\\/12\\\/06\\\/ligue-1-6e-journee-le-crb-et-less-se-rebiffent\\\/\",\"name\":\"Ligue 1 (6e journ\u00e9e) : Le CRB et l'ESS se rebiffent - La Sentinelle\",\"isPartOf\":{\"@id\":\"https:\\\/\\\/lasentinelle.dz\\\/#website\"},\"primaryImageOfPage\":{\"@id\":\"https:\\\/\\\/lasentinelle.dz\\\/index.php\\\/2021\\\/12\\\/06\\\/ligue-1-6e-journee-le-crb-et-less-se-rebiffent\\\/#primaryimage\"},\"image\":{\"@id\":\"https:\\\/\\\/lasentinelle.dz\\\/index.php\\\/2021\\\/12\\\/06\\\/ligue-1-6e-journee-le-crb-et-less-se-rebiffent\\\/#primaryimage\"},\"thumbnailUrl\":\"https:\\\/\\\/lasentinelle.dz\\\/wp-content\\\/uploads\\\/2021\\\/12\\\/crb.jpg\",\"datePublished\":\"2021-12-05T23:01:00+00:00\",\"breadcrumb\":{\"@id\":\"https:\\\/\\\/lasentinelle.dz\\\/index.php\\\/2021\\\/12\\\/06\\\/ligue-1-6e-journee-le-crb-et-less-se-rebiffent\\\/#breadcrumb\"},\"inLanguage\":\"fr-FR\",\"potentialAction\":[{\"@type\":\"ReadAction\",\"target\":[\"https:\\\/\\\/lasentinelle.dz\\\/index.php\\\/2021\\\/12\\\/06\\\/ligue-1-6e-journee-le-crb-et-less-se-rebiffent\\\/\"]}]},{\"@type\":\"ImageObject\",\"inLanguage\":\"fr-FR\",\"@id\":\"https:\\\/\\\/lasentinelle.dz\\\/index.php\\\/2021\\\/12\\\/06\\\/ligue-1-6e-journee-le-crb-et-less-se-rebiffent\\\/#primaryimage\",\"url\":\"https:\\\/\\\/lasentinelle.dz\\\/wp-content\\\/uploads\\\/2021\\\/12\\\/crb.jpg\",\"contentUrl\":\"https:\\\/\\\/lasentinelle.dz\\\/wp-content\\\/uploads\\\/2021\\\/12\\\/crb.jpg\",\"width\":1620,\"height\":1372},{\"@type\":\"BreadcrumbList\",\"@id\":\"https:\\\/\\\/lasentinelle.dz\\\/index.php\\\/2021\\\/12\\\/06\\\/ligue-1-6e-journee-le-crb-et-less-se-rebiffent\\\/#breadcrumb\",\"itemListElement\":[{\"@type\":\"ListItem\",\"position\":1,\"name\":\"Accueil\",\"item\":\"https:\\\/\\\/lasentinelle.dz\\\/\"},{\"@type\":\"ListItem\",\"position\":2,\"name\":\"Ligue 1 (6e journ\u00e9e) : Le CRB et l&rsquo;ESS se rebiffent\"}]},{\"@type\":\"WebSite\",\"@id\":\"https:\\\/\\\/lasentinelle.dz\\\/#website\",\"url\":\"https:\\\/\\\/lasentinelle.dz\\\/\",\"name\":\"La Sentinelle\",\"description\":\"Quotidien national d&#039;information\",\"publisher\":{\"@id\":\"https:\\\/\\\/lasentinelle.dz\\\/#organization\"},\"potentialAction\":[{\"@type\":\"SearchAction\",\"target\":{\"@type\":\"EntryPoint\",\"urlTemplate\":\"https:\\\/\\\/lasentinelle.dz\\\/?s={search_term_string}\"},\"query-input\":{\"@type\":\"PropertyValueSpecification\",\"valueRequired\":true,\"valueName\":\"search_term_string\"}}],\"inLanguage\":\"fr-FR\"},{\"@type\":\"Organization\",\"@id\":\"https:\\\/\\\/lasentinelle.dz\\\/#organization\",\"name\":\"Quotidien La Sentinelle\",\"url\":\"https:\\\/\\\/lasentinelle.dz\\\/\",\"logo\":{\"@type\":\"ImageObject\",\"inLanguage\":\"fr-FR\",\"@id\":\"https:\\\/\\\/lasentinelle.dz\\\/#\\\/schema\\\/logo\\\/image\\\/\",\"url\":\"https:\\\/\\\/lasentinelle.dz\\\/wp-content\\\/uploads\\\/2021\\\/09\\\/logo-sentinelleSLOGAN-1.png\",\"contentUrl\":\"https:\\\/\\\/lasentinelle.dz\\\/wp-content\\\/uploads\\\/2021\\\/09\\\/logo-sentinelleSLOGAN-1.png\",\"width\":615,\"height\":142,\"caption\":\"Quotidien La Sentinelle\"},\"image\":{\"@id\":\"https:\\\/\\\/lasentinelle.dz\\\/#\\\/schema\\\/logo\\\/image\\\/\"},\"sameAs\":[\"https:\\\/\\\/www.facebook.com\\\/La-Sentinelle-104059864394773\"]},{\"@type\":\"Person\",\"@id\":\"https:\\\/\\\/lasentinelle.dz\\\/#\\\/schema\\\/person\\\/d865044e22e70a75174ce8bcad3acfb3\",\"name\":\"La Sentinelle\",\"image\":{\"@type\":\"ImageObject\",\"inLanguage\":\"fr-FR\",\"@id\":\"https:\\\/\\\/secure.gravatar.com\\\/avatar\\\/57de8e5d4b15d43fb361a71fbb36338450fe67865b528a43dd10ef7c51a20392?s=96&d=mm&r=g\",\"url\":\"https:\\\/\\\/secure.gravatar.com\\\/avatar\\\/57de8e5d4b15d43fb361a71fbb36338450fe67865b528a43dd10ef7c51a20392?s=96&d=mm&r=g\",\"contentUrl\":\"https:\\\/\\\/secure.gravatar.com\\\/avatar\\\/57de8e5d4b15d43fb361a71fbb36338450fe67865b528a43dd10ef7c51a20392?s=96&d=mm&r=g\",\"caption\":\"La Sentinelle\"},\"sameAs\":[\"http:\\\/\\\/www.lasentinelle.dz\"],\"url\":\"https:\\\/\\\/lasentinelle.dz\\\/author\\\/redaction\\\/\"}]}<\/script>\n<!-- \/ Yoast SEO plugin. -->","yoast_head_json":{"title":"Ligue 1 (6e journ\u00e9e) : Le CRB et l'ESS se rebiffent - La Sentinelle","robots":{"index":"index","follow":"follow","max-snippet":"max-snippet:-1","max-image-preview":"max-image-preview:large","max-video-preview":"max-video-preview:-1"},"canonical":"https:\/\/lasentinelle.dz\/index.php\/2021\/12\/06\/ligue-1-6e-journee-le-crb-et-less-se-rebiffent\/","og_locale":"fr_FR","og_type":"article","og_title":"Ligue 1 (6e journ\u00e9e) : Le CRB et l'ESS se rebiffent - La Sentinelle","og_description":"La 2e partie de la Ligue 1, jou\u00e9e samedi, a vu le champion d&rsquo;Alg\u00e9rie en titre, le CR Belouizdad et","og_url":"https:\/\/lasentinelle.dz\/index.php\/2021\/12\/06\/ligue-1-6e-journee-le-crb-et-less-se-rebiffent\/","og_site_name":"La Sentinelle","article_publisher":"https:\/\/www.facebook.com\/La-Sentinelle-104059864394773","article_published_time":"2021-12-05T23:01:00+00:00","og_image":[{"width":1620,"height":1372,"url":"https:\/\/lasentinelle.dz\/wp-content\/uploads\/2021\/12\/crb.jpg","type":"image\/jpeg"}],"author":"La Sentinelle","twitter_card":"summary_large_image","twitter_misc":{"\u00c9crit par":"La Sentinelle","Dur\u00e9e de lecture estim\u00e9e":"2 minutes"},"schema":{"@context":"https:\/\/schema.org","@graph":[{"@type":"Article","@id":"https:\/\/lasentinelle.dz\/index.php\/2021\/12\/06\/ligue-1-6e-journee-le-crb-et-less-se-rebiffent\/#article","isPartOf":{"@id":"https:\/\/lasentinelle.dz\/index.php\/2021\/12\/06\/ligue-1-6e-journee-le-crb-et-less-se-rebiffent\/"},"author":{"name":"La Sentinelle","@id":"https:\/\/lasentinelle.dz\/#\/schema\/person\/d865044e22e70a75174ce8bcad3acfb3"},"headline":"Ligue 1 (6e journ\u00e9e) : Le CRB et l&rsquo;ESS se rebiffent","datePublished":"2021-12-05T23:01:00+00:00","mainEntityOfPage":{"@id":"https:\/\/lasentinelle.dz\/index.php\/2021\/12\/06\/ligue-1-6e-journee-le-crb-et-less-se-rebiffent\/"},"wordCount":521,"commentCount":0,"publisher":{"@id":"https:\/\/lasentinelle.dz\/#organization"},"image":{"@id":"https:\/\/lasentinelle.dz\/index.php\/2021\/12\/06\/ligue-1-6e-journee-le-crb-et-less-se-rebiffent\/#primaryimage"},"thumbnailUrl":"https:\/\/lasentinelle.dz\/wp-content\/uploads\/2021\/12\/crb.jpg","articleSection":["Sports"],"inLanguage":"fr-FR","potentialAction":[{"@type":"CommentAction","name":"Comment","target":["https:\/\/lasentinelle.dz\/index.php\/2021\/12\/06\/ligue-1-6e-journee-le-crb-et-less-se-rebiffent\/#respond"]}]},{"@type":"WebPage","@id":"https:\/\/lasentinelle.dz\/index.php\/2021\/12\/06\/ligue-1-6e-journee-le-crb-et-less-se-rebiffent\/","url":"https:\/\/lasentinelle.dz\/index.php\/2021\/12\/06\/ligue-1-6e-journee-le-crb-et-less-se-rebiffent\/","name":"Ligue 1 (6e journ\u00e9e) : Le CRB et l'ESS se rebiffent - La Sentinelle","isPartOf":{"@id":"https:\/\/lasentinelle.dz\/#website"},"primaryImageOfPage":{"@id":"https:\/\/lasentinelle.dz\/index.php\/2021\/12\/06\/ligue-1-6e-journee-le-crb-et-less-se-rebiffent\/#primaryimage"},"image":{"@id":"https:\/\/lasentinelle.dz\/index.php\/2021\/12\/06\/ligue-1-6e-journee-le-crb-et-less-se-rebiffent\/#primaryimage"},"thumbnailUrl":"https:\/\/lasentinelle.dz\/wp-content\/uploads\/2021\/12\/crb.jpg","datePublished":"2021-12-05T23:01:00+00:00","breadcrumb":{"@id":"https:\/\/lasentinelle.dz\/index.php\/2021\/12\/06\/ligue-1-6e-journee-le-crb-et-less-se-rebiffent\/#breadcrumb"},"inLanguage":"fr-FR","potentialAction":[{"@type":"ReadAction","target":["https:\/\/lasentinelle.dz\/index.php\/2021\/12\/06\/ligue-1-6e-journee-le-crb-et-less-se-rebiffent\/"]}]},{"@type":"ImageObject","inLanguage":"fr-FR","@id":"https:\/\/lasentinelle.dz\/index.php\/2021\/12\/06\/ligue-1-6e-journee-le-crb-et-less-se-rebiffent\/#primaryimage","url":"https:\/\/lasentinelle.dz\/wp-content\/uploads\/2021\/12\/crb.jpg","contentUrl":"https:\/\/lasentinelle.dz\/wp-content\/uploads\/2021\/12\/crb.jpg","width":1620,"height":1372},{"@type":"BreadcrumbList","@id":"https:\/\/lasentinelle.dz\/index.php\/2021\/12\/06\/ligue-1-6e-journee-le-crb-et-less-se-rebiffent\/#breadcrumb","itemListElement":[{"@type":"ListItem","position":1,"name":"Accueil","item":"https:\/\/lasentinelle.dz\/"},{"@type":"ListItem","position":2,"name":"Ligue 1 (6e journ\u00e9e) : Le CRB et l&rsquo;ESS se rebiffent"}]},{"@type":"WebSite","@id":"https:\/\/lasentinelle.dz\/#website","url":"https:\/\/lasentinelle.dz\/","name":"La Sentinelle","description":"Quotidien national d&#039;information","publisher":{"@id":"https:\/\/lasentinelle.dz\/#organization"},"potentialAction":[{"@type":"SearchAction","target":{"@type":"EntryPoint","urlTemplate":"https:\/\/lasentinelle.dz\/?s={search_term_string}"},"query-input":{"@type":"PropertyValueSpecification","valueRequired":true,"valueName":"search_term_string"}}],"inLanguage":"fr-FR"},{"@type":"Organization","@id":"https:\/\/lasentinelle.dz\/#organization","name":"Quotidien La Sentinelle","url":"https:\/\/lasentinelle.dz\/","logo":{"@type":"ImageObject","inLanguage":"fr-FR","@id":"https:\/\/lasentinelle.dz\/#\/schema\/logo\/image\/","url":"https:\/\/lasentinelle.dz\/wp-content\/uploads\/2021\/09\/logo-sentinelleSLOGAN-1.png","contentUrl":"https:\/\/lasentinelle.dz\/wp-content\/uploads\/2021\/09\/logo-sentinelleSLOGAN-1.png","width":615,"height":142,"caption":"Quotidien La Sentinelle"},"image":{"@id":"https:\/\/lasentinelle.dz\/#\/schema\/logo\/image\/"},"sameAs":["https:\/\/www.facebook.com\/La-Sentinelle-104059864394773"]},{"@type":"Person","@id":"https:\/\/lasentinelle.dz\/#\/schema\/person\/d865044e22e70a75174ce8bcad3acfb3","name":"La Sentinelle","image":{"@type":"ImageObject","inLanguage":"fr-FR","@id":"https:\/\/secure.gravatar.com\/avatar\/57de8e5d4b15d43fb361a71fbb36338450fe67865b528a43dd10ef7c51a20392?s=96&d=mm&r=g","url":"https:\/\/secure.gravatar.com\/avatar\/57de8e5d4b15d43fb361a71fbb36338450fe67865b528a43dd10ef7c51a20392?s=96&d=mm&r=g","contentUrl":"https:\/\/secure.gravatar.com\/avatar\/57de8e5d4b15d43fb361a71fbb36338450fe67865b528a43dd10ef7c51a20392?s=96&d=mm&r=g","caption":"La Sentinelle"},"sameAs":["http:\/\/www.lasentinelle.dz"],"url":"https:\/\/lasentinelle.dz\/author\/redaction\/"}]}},"_links":{"self":[{"href":"https:\/\/lasentinelle.dz\/index.php\/wp-json\/wp\/v2\/posts\/14624","targetHints":{"allow":["GET"]}}],"collection":[{"href":"https:\/\/lasentinelle.dz\/index.php\/wp-json\/wp\/v2\/posts"}],"about":[{"href":"https:\/\/lasentinelle.dz\/index.php\/wp-json\/wp\/v2\/types\/post"}],"author":[{"embeddable":true,"href":"https:\/\/lasentinelle.dz\/index.php\/wp-json\/wp\/v2\/users\/3"}],"replies":[{"embeddable":true,"href":"https:\/\/lasentinelle.dz\/index.php\/wp-json\/wp\/v2\/comments?post=14624"}],"version-history":[{"count":1,"href":"https:\/\/lasentinelle.dz\/index.php\/wp-json\/wp\/v2\/posts\/14624\/revisions"}],"predecessor-version":[{"id":14626,"href":"https:\/\/lasentinelle.dz\/index.php\/wp-json\/wp\/v2\/posts\/14624\/revisions\/14626"}],"wp:featuredmedia":[{"embeddable":true,"href":"https:\/\/lasentinelle.dz\/index.php\/wp-json\/wp\/v2\/media\/14625"}],"wp:attachment":[{"href":"https:\/\/lasentinelle.dz\/index.php\/wp-json\/wp\/v2\/media?parent=14624"}],"wp:term":[{"taxonomy":"category","embeddable":true,"href":"https:\/\/lasentinelle.dz\/index.php\/wp-json\/wp\/v2\/categories?post=14624"},{"taxonomy":"post_tag","embeddable":true,"href":"https:\/\/lasentinelle.dz\/index.php\/wp-json\/wp\/v2\/tags?post=14624"}],"curies":[{"name":"wp","href":"https:\/\/api.w.org\/{rel}","templated":true}]}}