{"id":14640,"date":"2021-12-06T00:01:00","date_gmt":"2021-12-05T23:01:00","guid":{"rendered":"https:\/\/lasentinelle.dz\/?p=14640"},"modified":"2021-12-05T18:44:30","modified_gmt":"2021-12-05T17:44:30","slug":"conference-nationale-sur-la-relance-industrielle-les-experts-proposent-une-approche-renovee","status":"publish","type":"post","link":"https:\/\/lasentinelle.dz\/index.php\/2021\/12\/06\/conference-nationale-sur-la-relance-industrielle-les-experts-proposent-une-approche-renovee\/","title":{"rendered":"Conf\u00e9rence nationale sur la relance industrielle : Les experts proposent une approche r\u00e9nov\u00e9e"},"content":{"rendered":"\n<p>Lors de son intervention aux travaux de la Conf\u00e9rence nationale sur la relance industrielle qui s\u2019est d\u00e9roul\u00e9e samedi \u00e0 Alger, l\u2019enseignant universitaire, Hac\u00e8ne Bouklia a appel\u00e9 \u00e0 \u00ab concevoir une politique industrielle autour d\u2019un dialogue entre l\u2019ensemble des parties prenantes, autour d\u2019objectifs et d\u2019engagements commun\u00e9ment partag\u00e9s \u00bb, pr\u00e9conisant en ce sens de \u00ab sortir de l\u2019\u00e9laboration de la politique industrielle sur la base de mesures formalis\u00e9es&nbsp;ce&nbsp;qui a montr\u00e9 ses limites \u00bb.&nbsp;Il souligne dans le m\u00eame sillage la n\u00e9cessit\u00e9 d\u2019adopter \u00ab une approche r\u00e9nov\u00e9e de la gouvernance de la politique industrielle bas\u00e9e sur un processus de dynamique \u00bb, une d\u00e9marche dit-il qui \u00ab permettra un regain de confiance essentiel pour l\u2019investissement et la croissance industrielle acc\u00e9l\u00e9r\u00e9e \u00bb ce qui contribuera selon cet enseignant universitaire \u00ab \u00e0 la r\u00e9alisation de l\u2019objectif d\u2019atteindre une part d\u00e9passant les 10% de l\u2019industrie dans le produit int\u00e9rieur brut (BIP), comme l\u2019a soulign\u00e9 le pr\u00e9sident de la R\u00e9publique au lieu de 5 \u00e0 6% actuellement \u00bb.<\/p>\n\n\n\n<p>De son c\u00f4t\u00e9, l\u2019expert \u00e9conomique Mohamed Hachamoui a ax\u00e9 sa communication sur \u00ab le climat des affaires, l\u2019attractivit\u00e9 et les investissements en Alg\u00e9rie \u00bb, ainsi que&nbsp;&nbsp;sur les mesures n\u00e9cessaires&nbsp;pour encourager les investissements industriels, entre autres, un cadre juridique \u00ab stable et homog\u00e8ne \u00bb, un environnement administratif \u00ab&nbsp;&nbsp;sans bureaucratie \u00bb, ainsi que la facilitation des d\u00e9marches de cr\u00e9ation, d\u2019autorisations et d\u2019attribution des diff\u00e9rents services en lien avec l\u2019investissement, notamment avec la num\u00e9risation.<\/p>\n\n\n\n<p>Il fait \u00e9galement \u00e9tat de la&nbsp;pr\u00e9dominance du secteur public en mati\u00e8re d\u2019investissement en recommandant \u00ab un profond diagnostic du climat des affaires en Alg\u00e9rie duquel d\u00e9boucheront des r\u00e9formes de base \u00bb, soulignant la n\u00e9cessit\u00e9 de la mise en place de structures d\u00e9di\u00e9es \u00e0 l\u2019information \u00e9conomique au niveau de toutes les administrations et institutions relevant du secteur \u00e9conomique.<\/p>\n\n\n\n<p>Le directeur g\u00e9n\u00e9ral de Word Trade center&nbsp;Algeria, Ahmed Tibaoui qui a \u00e9num\u00e9r\u00e9 l\u2019historique des restructurations industrielles dans le pays, depuis le lancement des industries lourdes durant les ann\u00e9es 1970 jusqu\u2019\u00e0 la mise en place des groupes industriels \u00e0 partir des ann\u00e9es 2000, a insist\u00e9 sur \u00ab l\u2019imp\u00e9ratif de revoir le r\u00f4le de l\u2019Etat \u00e0 l\u2019\u00e8re de l\u2019\u00e9conomie de march\u00e9 \u00bb, pr\u00e9conisant \u00ab le passage vers l\u2019\u00e9conomie de&nbsp;la&nbsp;connaissance et de l\u2019innovation ainsi que la mise en place de m\u00e9canismes d\u2019incitation permettant l\u2019am\u00e9lioration du climat des affaires et la multiplication des investissements \u00bb.<\/p>\n\n\n\n<p>Au cours des d\u00e9bats ayant suivis les communications, les intervenants ont soulev\u00e9 la n\u00e9cessit\u00e9 de \u00ab l\u2019\u00e9tablissement de pactes d\u2019actionnariats avec les partenaires \u00e9trangers, notamment en mati\u00e8re de transfert des technologies pouvant assurer un r\u00e9el transfert vers l\u2019Alg\u00e9rie \u00bb.&nbsp;Les d\u00e9bats ont aussi port\u00e9 sur l\u2019absence d\u2019un syst\u00e8me de statistiques efficaces,&nbsp;les failles&nbsp;du syst\u00e8me bancaire national&nbsp;archa\u00efque et&nbsp;inadapt\u00e9 aux nouveaux besoins de l\u2019\u00e9conomie nationale, l\u2019imp\u00e9ratif de&nbsp;la&nbsp;d\u00e9p\u00e9nalisation de l\u2019acte de gestion, ainsi que la n\u00e9cessit\u00e9 de lib\u00e9rer les initiatives, tant dans le secteur public que priv\u00e9 \u00bb.<\/p>\n\n\n\n<p><strong>Boubekeur Amrani<\/strong><\/p>\n","protected":false},"excerpt":{"rendered":"<p>Lors de son intervention aux travaux de la Conf\u00e9rence nationale sur la relance industrielle qui s\u2019est d\u00e9roul\u00e9e samedi \u00e0 Alger,<\/p>\n","protected":false},"author":3,"featured_media":14641,"comment_status":"open","ping_status":"closed","sticky":false,"template":"","format":"standard","meta":{"colormag_page_container_layout":"default_layout","colormag_page_sidebar_layout":"default_layout","om_disable_all_campaigns":false,"_monsterinsights_skip_tracking":false,"_monsterinsights_sitenote_active":false,"_monsterinsights_sitenote_note":"","_monsterinsights_sitenote_category":0,"footnotes":"","_wpscppro_dont_share_socialmedia":false,"_wpscppro_custom_social_share_image":0,"_facebook_share_type":"","_twitter_share_type":"","_linkedin_share_type":"","_pinterest_share_type":"","_linkedin_share_type_page":"","_instagram_share_type":"","_medium_share_type":"","_threads_share_type":"","_google_business_share_type":"","_selected_social_profile":[],"_wpsp_enable_custom_social_template":false,"_wpsp_social_scheduling":{"enabled":false,"datetime":null,"platforms":[],"status":"template_only","dateOption":"today","timeOption":"now","customDays":"","customHours":"","customDate":"","customTime":"","schedulingType":"absolute"},"_wpsp_active_default_template":true},"categories":[29],"tags":[],"class_list":["post-14640","post","type-post","status-publish","format-standard","has-post-thumbnail","hentry","category-economie"],"aioseo_notices":[],"yoast_head":"<!-- This site is optimized with the Yoast SEO plugin v27.4 - https:\/\/yoast.com\/product\/yoast-seo-wordpress\/ -->\n<title>Conf\u00e9rence nationale sur la relance industrielle : Les experts proposent une approche r\u00e9nov\u00e9e - La Sentinelle<\/title>\n<meta name=\"robots\" content=\"index, follow, max-snippet:-1, max-image-preview:large, max-video-preview:-1\" \/>\n<link rel=\"canonical\" href=\"https:\/\/lasentinelle.dz\/index.php\/2021\/12\/06\/conference-nationale-sur-la-relance-industrielle-les-experts-proposent-une-approche-renovee\/\" \/>\n<meta property=\"og:locale\" content=\"fr_FR\" \/>\n<meta property=\"og:type\" content=\"article\" \/>\n<meta property=\"og:title\" content=\"Conf\u00e9rence nationale sur la relance industrielle : Les experts proposent une approche r\u00e9nov\u00e9e - La Sentinelle\" \/>\n<meta property=\"og:description\" content=\"Lors de son intervention aux travaux de la Conf\u00e9rence nationale sur la relance industrielle qui s\u2019est d\u00e9roul\u00e9e samedi \u00e0 Alger,\" \/>\n<meta property=\"og:url\" content=\"https:\/\/lasentinelle.dz\/index.php\/2021\/12\/06\/conference-nationale-sur-la-relance-industrielle-les-experts-proposent-une-approche-renovee\/\" \/>\n<meta property=\"og:site_name\" content=\"La Sentinelle\" \/>\n<meta property=\"article:publisher\" content=\"https:\/\/www.facebook.com\/La-Sentinelle-104059864394773\" \/>\n<meta property=\"article:published_time\" content=\"2021-12-05T23:01:00+00:00\" \/>\n<meta property=\"og:image\" content=\"https:\/\/lasentinelle.dz\/wp-content\/uploads\/2021\/12\/5495.jpg\" \/>\n\t<meta property=\"og:image:width\" content=\"390\" \/>\n\t<meta property=\"og:image:height\" content=\"260\" \/>\n\t<meta property=\"og:image:type\" content=\"image\/jpeg\" \/>\n<meta name=\"author\" content=\"La Sentinelle\" \/>\n<meta name=\"twitter:card\" content=\"summary_large_image\" \/>\n<meta name=\"twitter:label1\" content=\"\u00c9crit par\" \/>\n\t<meta name=\"twitter:data1\" content=\"La Sentinelle\" \/>\n\t<meta name=\"twitter:label2\" content=\"Dur\u00e9e de lecture estim\u00e9e\" \/>\n\t<meta name=\"twitter:data2\" content=\"2 minutes\" \/>\n<script type=\"application\/ld+json\" class=\"yoast-schema-graph\">{\"@context\":\"https:\\\/\\\/schema.org\",\"@graph\":[{\"@type\":\"Article\",\"@id\":\"https:\\\/\\\/lasentinelle.dz\\\/index.php\\\/2021\\\/12\\\/06\\\/conference-nationale-sur-la-relance-industrielle-les-experts-proposent-une-approche-renovee\\\/#article\",\"isPartOf\":{\"@id\":\"https:\\\/\\\/lasentinelle.dz\\\/index.php\\\/2021\\\/12\\\/06\\\/conference-nationale-sur-la-relance-industrielle-les-experts-proposent-une-approche-renovee\\\/\"},\"author\":{\"name\":\"La Sentinelle\",\"@id\":\"https:\\\/\\\/lasentinelle.dz\\\/#\\\/schema\\\/person\\\/d865044e22e70a75174ce8bcad3acfb3\"},\"headline\":\"Conf\u00e9rence nationale sur la relance industrielle : Les experts proposent une approche r\u00e9nov\u00e9e\",\"datePublished\":\"2021-12-05T23:01:00+00:00\",\"mainEntityOfPage\":{\"@id\":\"https:\\\/\\\/lasentinelle.dz\\\/index.php\\\/2021\\\/12\\\/06\\\/conference-nationale-sur-la-relance-industrielle-les-experts-proposent-une-approche-renovee\\\/\"},\"wordCount\":576,\"commentCount\":0,\"publisher\":{\"@id\":\"https:\\\/\\\/lasentinelle.dz\\\/#organization\"},\"image\":{\"@id\":\"https:\\\/\\\/lasentinelle.dz\\\/index.php\\\/2021\\\/12\\\/06\\\/conference-nationale-sur-la-relance-industrielle-les-experts-proposent-une-approche-renovee\\\/#primaryimage\"},\"thumbnailUrl\":\"https:\\\/\\\/lasentinelle.dz\\\/wp-content\\\/uploads\\\/2021\\\/12\\\/5495.jpg\",\"articleSection\":[\"\u00c9conomie\"],\"inLanguage\":\"fr-FR\",\"potentialAction\":[{\"@type\":\"CommentAction\",\"name\":\"Comment\",\"target\":[\"https:\\\/\\\/lasentinelle.dz\\\/index.php\\\/2021\\\/12\\\/06\\\/conference-nationale-sur-la-relance-industrielle-les-experts-proposent-une-approche-renovee\\\/#respond\"]}]},{\"@type\":\"WebPage\",\"@id\":\"https:\\\/\\\/lasentinelle.dz\\\/index.php\\\/2021\\\/12\\\/06\\\/conference-nationale-sur-la-relance-industrielle-les-experts-proposent-une-approche-renovee\\\/\",\"url\":\"https:\\\/\\\/lasentinelle.dz\\\/index.php\\\/2021\\\/12\\\/06\\\/conference-nationale-sur-la-relance-industrielle-les-experts-proposent-une-approche-renovee\\\/\",\"name\":\"Conf\u00e9rence nationale sur la relance industrielle : Les experts proposent une approche r\u00e9nov\u00e9e - La Sentinelle\",\"isPartOf\":{\"@id\":\"https:\\\/\\\/lasentinelle.dz\\\/#website\"},\"primaryImageOfPage\":{\"@id\":\"https:\\\/\\\/lasentinelle.dz\\\/index.php\\\/2021\\\/12\\\/06\\\/conference-nationale-sur-la-relance-industrielle-les-experts-proposent-une-approche-renovee\\\/#primaryimage\"},\"image\":{\"@id\":\"https:\\\/\\\/lasentinelle.dz\\\/index.php\\\/2021\\\/12\\\/06\\\/conference-nationale-sur-la-relance-industrielle-les-experts-proposent-une-approche-renovee\\\/#primaryimage\"},\"thumbnailUrl\":\"https:\\\/\\\/lasentinelle.dz\\\/wp-content\\\/uploads\\\/2021\\\/12\\\/5495.jpg\",\"datePublished\":\"2021-12-05T23:01:00+00:00\",\"breadcrumb\":{\"@id\":\"https:\\\/\\\/lasentinelle.dz\\\/index.php\\\/2021\\\/12\\\/06\\\/conference-nationale-sur-la-relance-industrielle-les-experts-proposent-une-approche-renovee\\\/#breadcrumb\"},\"inLanguage\":\"fr-FR\",\"potentialAction\":[{\"@type\":\"ReadAction\",\"target\":[\"https:\\\/\\\/lasentinelle.dz\\\/index.php\\\/2021\\\/12\\\/06\\\/conference-nationale-sur-la-relance-industrielle-les-experts-proposent-une-approche-renovee\\\/\"]}]},{\"@type\":\"ImageObject\",\"inLanguage\":\"fr-FR\",\"@id\":\"https:\\\/\\\/lasentinelle.dz\\\/index.php\\\/2021\\\/12\\\/06\\\/conference-nationale-sur-la-relance-industrielle-les-experts-proposent-une-approche-renovee\\\/#primaryimage\",\"url\":\"https:\\\/\\\/lasentinelle.dz\\\/wp-content\\\/uploads\\\/2021\\\/12\\\/5495.jpg\",\"contentUrl\":\"https:\\\/\\\/lasentinelle.dz\\\/wp-content\\\/uploads\\\/2021\\\/12\\\/5495.jpg\",\"width\":390,\"height\":260},{\"@type\":\"BreadcrumbList\",\"@id\":\"https:\\\/\\\/lasentinelle.dz\\\/index.php\\\/2021\\\/12\\\/06\\\/conference-nationale-sur-la-relance-industrielle-les-experts-proposent-une-approche-renovee\\\/#breadcrumb\",\"itemListElement\":[{\"@type\":\"ListItem\",\"position\":1,\"name\":\"Accueil\",\"item\":\"https:\\\/\\\/lasentinelle.dz\\\/\"},{\"@type\":\"ListItem\",\"position\":2,\"name\":\"Conf\u00e9rence nationale sur la relance industrielle : Les experts proposent une approche r\u00e9nov\u00e9e\"}]},{\"@type\":\"WebSite\",\"@id\":\"https:\\\/\\\/lasentinelle.dz\\\/#website\",\"url\":\"https:\\\/\\\/lasentinelle.dz\\\/\",\"name\":\"La Sentinelle\",\"description\":\"Quotidien national d&#039;information\",\"publisher\":{\"@id\":\"https:\\\/\\\/lasentinelle.dz\\\/#organization\"},\"potentialAction\":[{\"@type\":\"SearchAction\",\"target\":{\"@type\":\"EntryPoint\",\"urlTemplate\":\"https:\\\/\\\/lasentinelle.dz\\\/?s={search_term_string}\"},\"query-input\":{\"@type\":\"PropertyValueSpecification\",\"valueRequired\":true,\"valueName\":\"search_term_string\"}}],\"inLanguage\":\"fr-FR\"},{\"@type\":\"Organization\",\"@id\":\"https:\\\/\\\/lasentinelle.dz\\\/#organization\",\"name\":\"Quotidien La Sentinelle\",\"url\":\"https:\\\/\\\/lasentinelle.dz\\\/\",\"logo\":{\"@type\":\"ImageObject\",\"inLanguage\":\"fr-FR\",\"@id\":\"https:\\\/\\\/lasentinelle.dz\\\/#\\\/schema\\\/logo\\\/image\\\/\",\"url\":\"https:\\\/\\\/lasentinelle.dz\\\/wp-content\\\/uploads\\\/2021\\\/09\\\/logo-sentinelleSLOGAN-1.png\",\"contentUrl\":\"https:\\\/\\\/lasentinelle.dz\\\/wp-content\\\/uploads\\\/2021\\\/09\\\/logo-sentinelleSLOGAN-1.png\",\"width\":615,\"height\":142,\"caption\":\"Quotidien La Sentinelle\"},\"image\":{\"@id\":\"https:\\\/\\\/lasentinelle.dz\\\/#\\\/schema\\\/logo\\\/image\\\/\"},\"sameAs\":[\"https:\\\/\\\/www.facebook.com\\\/La-Sentinelle-104059864394773\"]},{\"@type\":\"Person\",\"@id\":\"https:\\\/\\\/lasentinelle.dz\\\/#\\\/schema\\\/person\\\/d865044e22e70a75174ce8bcad3acfb3\",\"name\":\"La Sentinelle\",\"image\":{\"@type\":\"ImageObject\",\"inLanguage\":\"fr-FR\",\"@id\":\"https:\\\/\\\/secure.gravatar.com\\\/avatar\\\/57de8e5d4b15d43fb361a71fbb36338450fe67865b528a43dd10ef7c51a20392?s=96&d=mm&r=g\",\"url\":\"https:\\\/\\\/secure.gravatar.com\\\/avatar\\\/57de8e5d4b15d43fb361a71fbb36338450fe67865b528a43dd10ef7c51a20392?s=96&d=mm&r=g\",\"contentUrl\":\"https:\\\/\\\/secure.gravatar.com\\\/avatar\\\/57de8e5d4b15d43fb361a71fbb36338450fe67865b528a43dd10ef7c51a20392?s=96&d=mm&r=g\",\"caption\":\"La Sentinelle\"},\"sameAs\":[\"http:\\\/\\\/www.lasentinelle.dz\"],\"url\":\"https:\\\/\\\/lasentinelle.dz\\\/author\\\/redaction\\\/\"}]}<\/script>\n<!-- \/ Yoast SEO plugin. -->","yoast_head_json":{"title":"Conf\u00e9rence nationale sur la relance industrielle : Les experts proposent une approche r\u00e9nov\u00e9e - La Sentinelle","robots":{"index":"index","follow":"follow","max-snippet":"max-snippet:-1","max-image-preview":"max-image-preview:large","max-video-preview":"max-video-preview:-1"},"canonical":"https:\/\/lasentinelle.dz\/index.php\/2021\/12\/06\/conference-nationale-sur-la-relance-industrielle-les-experts-proposent-une-approche-renovee\/","og_locale":"fr_FR","og_type":"article","og_title":"Conf\u00e9rence nationale sur la relance industrielle : Les experts proposent une approche r\u00e9nov\u00e9e - La Sentinelle","og_description":"Lors de son intervention aux travaux de la Conf\u00e9rence nationale sur la relance industrielle qui s\u2019est d\u00e9roul\u00e9e samedi \u00e0 Alger,","og_url":"https:\/\/lasentinelle.dz\/index.php\/2021\/12\/06\/conference-nationale-sur-la-relance-industrielle-les-experts-proposent-une-approche-renovee\/","og_site_name":"La Sentinelle","article_publisher":"https:\/\/www.facebook.com\/La-Sentinelle-104059864394773","article_published_time":"2021-12-05T23:01:00+00:00","og_image":[{"width":390,"height":260,"url":"https:\/\/lasentinelle.dz\/wp-content\/uploads\/2021\/12\/5495.jpg","type":"image\/jpeg"}],"author":"La Sentinelle","twitter_card":"summary_large_image","twitter_misc":{"\u00c9crit par":"La Sentinelle","Dur\u00e9e de lecture estim\u00e9e":"2 minutes"},"schema":{"@context":"https:\/\/schema.org","@graph":[{"@type":"Article","@id":"https:\/\/lasentinelle.dz\/index.php\/2021\/12\/06\/conference-nationale-sur-la-relance-industrielle-les-experts-proposent-une-approche-renovee\/#article","isPartOf":{"@id":"https:\/\/lasentinelle.dz\/index.php\/2021\/12\/06\/conference-nationale-sur-la-relance-industrielle-les-experts-proposent-une-approche-renovee\/"},"author":{"name":"La Sentinelle","@id":"https:\/\/lasentinelle.dz\/#\/schema\/person\/d865044e22e70a75174ce8bcad3acfb3"},"headline":"Conf\u00e9rence nationale sur la relance industrielle : Les experts proposent une approche r\u00e9nov\u00e9e","datePublished":"2021-12-05T23:01:00+00:00","mainEntityOfPage":{"@id":"https:\/\/lasentinelle.dz\/index.php\/2021\/12\/06\/conference-nationale-sur-la-relance-industrielle-les-experts-proposent-une-approche-renovee\/"},"wordCount":576,"commentCount":0,"publisher":{"@id":"https:\/\/lasentinelle.dz\/#organization"},"image":{"@id":"https:\/\/lasentinelle.dz\/index.php\/2021\/12\/06\/conference-nationale-sur-la-relance-industrielle-les-experts-proposent-une-approche-renovee\/#primaryimage"},"thumbnailUrl":"https:\/\/lasentinelle.dz\/wp-content\/uploads\/2021\/12\/5495.jpg","articleSection":["\u00c9conomie"],"inLanguage":"fr-FR","potentialAction":[{"@type":"CommentAction","name":"Comment","target":["https:\/\/lasentinelle.dz\/index.php\/2021\/12\/06\/conference-nationale-sur-la-relance-industrielle-les-experts-proposent-une-approche-renovee\/#respond"]}]},{"@type":"WebPage","@id":"https:\/\/lasentinelle.dz\/index.php\/2021\/12\/06\/conference-nationale-sur-la-relance-industrielle-les-experts-proposent-une-approche-renovee\/","url":"https:\/\/lasentinelle.dz\/index.php\/2021\/12\/06\/conference-nationale-sur-la-relance-industrielle-les-experts-proposent-une-approche-renovee\/","name":"Conf\u00e9rence nationale sur la relance industrielle : Les experts proposent une approche r\u00e9nov\u00e9e - La Sentinelle","isPartOf":{"@id":"https:\/\/lasentinelle.dz\/#website"},"primaryImageOfPage":{"@id":"https:\/\/lasentinelle.dz\/index.php\/2021\/12\/06\/conference-nationale-sur-la-relance-industrielle-les-experts-proposent-une-approche-renovee\/#primaryimage"},"image":{"@id":"https:\/\/lasentinelle.dz\/index.php\/2021\/12\/06\/conference-nationale-sur-la-relance-industrielle-les-experts-proposent-une-approche-renovee\/#primaryimage"},"thumbnailUrl":"https:\/\/lasentinelle.dz\/wp-content\/uploads\/2021\/12\/5495.jpg","datePublished":"2021-12-05T23:01:00+00:00","breadcrumb":{"@id":"https:\/\/lasentinelle.dz\/index.php\/2021\/12\/06\/conference-nationale-sur-la-relance-industrielle-les-experts-proposent-une-approche-renovee\/#breadcrumb"},"inLanguage":"fr-FR","potentialAction":[{"@type":"ReadAction","target":["https:\/\/lasentinelle.dz\/index.php\/2021\/12\/06\/conference-nationale-sur-la-relance-industrielle-les-experts-proposent-une-approche-renovee\/"]}]},{"@type":"ImageObject","inLanguage":"fr-FR","@id":"https:\/\/lasentinelle.dz\/index.php\/2021\/12\/06\/conference-nationale-sur-la-relance-industrielle-les-experts-proposent-une-approche-renovee\/#primaryimage","url":"https:\/\/lasentinelle.dz\/wp-content\/uploads\/2021\/12\/5495.jpg","contentUrl":"https:\/\/lasentinelle.dz\/wp-content\/uploads\/2021\/12\/5495.jpg","width":390,"height":260},{"@type":"BreadcrumbList","@id":"https:\/\/lasentinelle.dz\/index.php\/2021\/12\/06\/conference-nationale-sur-la-relance-industrielle-les-experts-proposent-une-approche-renovee\/#breadcrumb","itemListElement":[{"@type":"ListItem","position":1,"name":"Accueil","item":"https:\/\/lasentinelle.dz\/"},{"@type":"ListItem","position":2,"name":"Conf\u00e9rence nationale sur la relance industrielle : Les experts proposent une approche r\u00e9nov\u00e9e"}]},{"@type":"WebSite","@id":"https:\/\/lasentinelle.dz\/#website","url":"https:\/\/lasentinelle.dz\/","name":"La Sentinelle","description":"Quotidien national d&#039;information","publisher":{"@id":"https:\/\/lasentinelle.dz\/#organization"},"potentialAction":[{"@type":"SearchAction","target":{"@type":"EntryPoint","urlTemplate":"https:\/\/lasentinelle.dz\/?s={search_term_string}"},"query-input":{"@type":"PropertyValueSpecification","valueRequired":true,"valueName":"search_term_string"}}],"inLanguage":"fr-FR"},{"@type":"Organization","@id":"https:\/\/lasentinelle.dz\/#organization","name":"Quotidien La Sentinelle","url":"https:\/\/lasentinelle.dz\/","logo":{"@type":"ImageObject","inLanguage":"fr-FR","@id":"https:\/\/lasentinelle.dz\/#\/schema\/logo\/image\/","url":"https:\/\/lasentinelle.dz\/wp-content\/uploads\/2021\/09\/logo-sentinelleSLOGAN-1.png","contentUrl":"https:\/\/lasentinelle.dz\/wp-content\/uploads\/2021\/09\/logo-sentinelleSLOGAN-1.png","width":615,"height":142,"caption":"Quotidien La Sentinelle"},"image":{"@id":"https:\/\/lasentinelle.dz\/#\/schema\/logo\/image\/"},"sameAs":["https:\/\/www.facebook.com\/La-Sentinelle-104059864394773"]},{"@type":"Person","@id":"https:\/\/lasentinelle.dz\/#\/schema\/person\/d865044e22e70a75174ce8bcad3acfb3","name":"La Sentinelle","image":{"@type":"ImageObject","inLanguage":"fr-FR","@id":"https:\/\/secure.gravatar.com\/avatar\/57de8e5d4b15d43fb361a71fbb36338450fe67865b528a43dd10ef7c51a20392?s=96&d=mm&r=g","url":"https:\/\/secure.gravatar.com\/avatar\/57de8e5d4b15d43fb361a71fbb36338450fe67865b528a43dd10ef7c51a20392?s=96&d=mm&r=g","contentUrl":"https:\/\/secure.gravatar.com\/avatar\/57de8e5d4b15d43fb361a71fbb36338450fe67865b528a43dd10ef7c51a20392?s=96&d=mm&r=g","caption":"La Sentinelle"},"sameAs":["http:\/\/www.lasentinelle.dz"],"url":"https:\/\/lasentinelle.dz\/author\/redaction\/"}]}},"_links":{"self":[{"href":"https:\/\/lasentinelle.dz\/index.php\/wp-json\/wp\/v2\/posts\/14640","targetHints":{"allow":["GET"]}}],"collection":[{"href":"https:\/\/lasentinelle.dz\/index.php\/wp-json\/wp\/v2\/posts"}],"about":[{"href":"https:\/\/lasentinelle.dz\/index.php\/wp-json\/wp\/v2\/types\/post"}],"author":[{"embeddable":true,"href":"https:\/\/lasentinelle.dz\/index.php\/wp-json\/wp\/v2\/users\/3"}],"replies":[{"embeddable":true,"href":"https:\/\/lasentinelle.dz\/index.php\/wp-json\/wp\/v2\/comments?post=14640"}],"version-history":[{"count":1,"href":"https:\/\/lasentinelle.dz\/index.php\/wp-json\/wp\/v2\/posts\/14640\/revisions"}],"predecessor-version":[{"id":14642,"href":"https:\/\/lasentinelle.dz\/index.php\/wp-json\/wp\/v2\/posts\/14640\/revisions\/14642"}],"wp:featuredmedia":[{"embeddable":true,"href":"https:\/\/lasentinelle.dz\/index.php\/wp-json\/wp\/v2\/media\/14641"}],"wp:attachment":[{"href":"https:\/\/lasentinelle.dz\/index.php\/wp-json\/wp\/v2\/media?parent=14640"}],"wp:term":[{"taxonomy":"category","embeddable":true,"href":"https:\/\/lasentinelle.dz\/index.php\/wp-json\/wp\/v2\/categories?post=14640"},{"taxonomy":"post_tag","embeddable":true,"href":"https:\/\/lasentinelle.dz\/index.php\/wp-json\/wp\/v2\/tags?post=14640"}],"curies":[{"name":"wp","href":"https:\/\/api.w.org\/{rel}","templated":true}]}}