{"id":14676,"date":"2021-12-06T00:01:00","date_gmt":"2021-12-05T23:01:00","guid":{"rendered":"https:\/\/lasentinelle.dz\/?p=14676"},"modified":"2021-12-05T20:51:20","modified_gmt":"2021-12-05T19:51:20","slug":"elections-locales-debut-de-linstallation-des-nouvelles-assemblees","status":"publish","type":"post","link":"https:\/\/lasentinelle.dz\/index.php\/2021\/12\/06\/elections-locales-debut-de-linstallation-des-nouvelles-assemblees\/","title":{"rendered":"\u00c9lections locales : D\u00e9but de l\u2019installation des nouvelles assembl\u00e9es"},"content":{"rendered":"\n<p>Les assembl\u00e9es&nbsp;populaires&nbsp;communales&nbsp;et de wilayas dont les majorit\u00e9s et les alliances ont \u00e9t\u00e9 tranch\u00e9es ont commenc\u00e9 \u00e0 \u00eatre install\u00e9es et ce&nbsp;conform\u00e9ment&nbsp;aux dispositions&nbsp;des codes des communes et de wilayas et&nbsp;qui stipulent&nbsp;que \u00ab le wali convoque en vue de leur installation, les nouveaux \u00e9lus des&nbsp;assembl\u00e9es apr\u00e8s huit jours de la proclamation des r\u00e9sultats du vote \u00bb.&nbsp;L\u2019\u00e9lection du pr\u00e9sident de l\u2019APC se d\u00e9roule conform\u00e9ment \u00e0 l\u2019article 65 du code de la commune selon les r\u00e9sultats obtenus lors du scrutin.<\/p>\n\n\n\n<p>La liste ayant obtenu une majorit\u00e9 absolue, propose un candidat pour la pr\u00e9sidence de l\u2019assembl\u00e9e communale et au cas qu\u2019aucune liste n\u2019a obtenu une majorit\u00e9 absolue, ce sont les listes ayant obtenu 35% du suffrage qui sont appel\u00e9es \u00e0 pr\u00e9senter leurs candidats.<\/p>\n\n\n\n<p>Et en cas d\u2019\u00e9galit\u00e9 un deuxi\u00e8me tour sera tenu et le vainqueur \u00e0 une majorit\u00e9 absolue&nbsp;sera celui qui prendra les r\u00eanes de l\u2019assembl\u00e9e communale durant cinq ann\u00e9es et en cas d\u2019\u00e9galit\u00e9 une seconde fois,&nbsp;&nbsp;la pr\u00e9sidence sera octroy\u00e9e au plus \u00e2g\u00e9.<\/p>\n\n\n\n<p>Il ya de cela quelques jours, la plupart des d\u00e9l\u00e9gations de l\u2019Autorit\u00e9 nationale dind\u00e9pendante&nbsp;es \u00e9lections&nbsp;a notifi\u00e9 les r\u00e9sultats pr\u00e9liminaires aux&nbsp;walis en vue de proc\u00e9der \u00e0 l\u2019installation de ces assembl\u00e9es.<\/p>\n\n\n\n<p>Concernant les r\u00e9sultats des assembl\u00e9es communale et de wilayas objets de contestations aupr\u00e8s des tribunaux administratifs, ceux-ci&nbsp;seront&nbsp;&nbsp;tranch\u00e9s d\u00e9finitivement cette semaine.<\/p>\n\n\n\n<p>Pour rappel, le scrutin du 27 novembre&nbsp;derniers&nbsp;donn\u00e9 la victoire au FLN avec 5978 si\u00e8ges et une majorit\u00e9 absolue dans 124&nbsp;&nbsp;communes suivi du RND avec 4584 avec une majorit\u00e9 absolue dans 58 communes&nbsp;&nbsp;et en troisi\u00e8me position les listes ind\u00e9pendantes, avec 4430 si\u00e8ges et une majorit\u00e9 absolue dans 91 localit\u00e9s puis le Front El Moustabale en quatri\u00e8me position.<\/p>\n\n\n\n<p><strong>Boubekeur Amrani<\/strong><\/p>\n","protected":false},"excerpt":{"rendered":"<p>Les assembl\u00e9es&nbsp;populaires&nbsp;communales&nbsp;et de wilayas dont les majorit\u00e9s et les alliances ont \u00e9t\u00e9 tranch\u00e9es ont commenc\u00e9 \u00e0 \u00eatre install\u00e9es et ce&nbsp;conform\u00e9ment&nbsp;aux<\/p>\n","protected":false},"author":2,"featured_media":14677,"comment_status":"open","ping_status":"closed","sticky":false,"template":"","format":"standard","meta":{"colormag_page_container_layout":"default_layout","colormag_page_sidebar_layout":"default_layout","om_disable_all_campaigns":false,"_monsterinsights_skip_tracking":false,"_monsterinsights_sitenote_active":false,"_monsterinsights_sitenote_note":"","_monsterinsights_sitenote_category":0,"footnotes":"","_wpscppro_dont_share_socialmedia":false,"_wpscppro_custom_social_share_image":0,"_facebook_share_type":"","_twitter_share_type":"","_linkedin_share_type":"","_pinterest_share_type":"","_linkedin_share_type_page":"","_instagram_share_type":"","_medium_share_type":"","_threads_share_type":"","_google_business_share_type":"","_selected_social_profile":[],"_wpsp_enable_custom_social_template":false,"_wpsp_social_scheduling":{"enabled":false,"datetime":null,"platforms":[],"status":"template_only","dateOption":"today","timeOption":"now","customDays":"","customHours":"","customDate":"","customTime":"","schedulingType":"absolute"},"_wpsp_active_default_template":true},"categories":[27],"tags":[],"class_list":["post-14676","post","type-post","status-publish","format-standard","has-post-thumbnail","hentry","category-actualite"],"aioseo_notices":[],"yoast_head":"<!-- This site is optimized with the Yoast SEO plugin v27.5 - https:\/\/yoast.com\/product\/yoast-seo-wordpress\/ -->\n<title>\u00c9lections locales : D\u00e9but de l\u2019installation des nouvelles assembl\u00e9es - La Sentinelle<\/title>\n<meta name=\"robots\" content=\"index, follow, max-snippet:-1, max-image-preview:large, max-video-preview:-1\" \/>\n<link rel=\"canonical\" href=\"https:\/\/lasentinelle.dz\/index.php\/2021\/12\/06\/elections-locales-debut-de-linstallation-des-nouvelles-assemblees\/\" \/>\n<meta property=\"og:locale\" content=\"fr_FR\" \/>\n<meta property=\"og:type\" content=\"article\" \/>\n<meta property=\"og:title\" content=\"\u00c9lections locales : D\u00e9but de l\u2019installation des nouvelles assembl\u00e9es - La Sentinelle\" \/>\n<meta property=\"og:description\" content=\"Les assembl\u00e9es&nbsp;populaires&nbsp;communales&nbsp;et de wilayas dont les majorit\u00e9s et les alliances ont \u00e9t\u00e9 tranch\u00e9es ont commenc\u00e9 \u00e0 \u00eatre install\u00e9es et ce&nbsp;conform\u00e9ment&nbsp;aux\" \/>\n<meta property=\"og:url\" content=\"https:\/\/lasentinelle.dz\/index.php\/2021\/12\/06\/elections-locales-debut-de-linstallation-des-nouvelles-assemblees\/\" \/>\n<meta property=\"og:site_name\" content=\"La Sentinelle\" \/>\n<meta property=\"article:publisher\" content=\"https:\/\/www.facebook.com\/La-Sentinelle-104059864394773\" \/>\n<meta property=\"article:published_time\" content=\"2021-12-05T23:01:00+00:00\" \/>\n<meta property=\"og:image\" content=\"https:\/\/lasentinelle.dz\/wp-content\/uploads\/2021\/12\/apc.jpg\" \/>\n\t<meta property=\"og:image:width\" content=\"900\" \/>\n\t<meta property=\"og:image:height\" content=\"627\" \/>\n\t<meta property=\"og:image:type\" content=\"image\/jpeg\" \/>\n<meta name=\"author\" content=\"Azzedine Belferag\" \/>\n<meta name=\"twitter:card\" content=\"summary_large_image\" \/>\n<meta name=\"twitter:label1\" content=\"\u00c9crit par\" \/>\n\t<meta name=\"twitter:data1\" content=\"Azzedine Belferag\" \/>\n\t<meta name=\"twitter:label2\" content=\"Dur\u00e9e de lecture estim\u00e9e\" \/>\n\t<meta name=\"twitter:data2\" content=\"2 minutes\" \/>\n<script type=\"application\/ld+json\" class=\"yoast-schema-graph\">{\"@context\":\"https:\\\/\\\/schema.org\",\"@graph\":[{\"@type\":\"Article\",\"@id\":\"https:\\\/\\\/lasentinelle.dz\\\/index.php\\\/2021\\\/12\\\/06\\\/elections-locales-debut-de-linstallation-des-nouvelles-assemblees\\\/#article\",\"isPartOf\":{\"@id\":\"https:\\\/\\\/lasentinelle.dz\\\/index.php\\\/2021\\\/12\\\/06\\\/elections-locales-debut-de-linstallation-des-nouvelles-assemblees\\\/\"},\"author\":{\"name\":\"Azzedine Belferag\",\"@id\":\"https:\\\/\\\/lasentinelle.dz\\\/#\\\/schema\\\/person\\\/e22c868643946ece5f328ac9d185b29f\"},\"headline\":\"\u00c9lections locales : D\u00e9but de l\u2019installation des nouvelles assembl\u00e9es\",\"datePublished\":\"2021-12-05T23:01:00+00:00\",\"mainEntityOfPage\":{\"@id\":\"https:\\\/\\\/lasentinelle.dz\\\/index.php\\\/2021\\\/12\\\/06\\\/elections-locales-debut-de-linstallation-des-nouvelles-assemblees\\\/\"},\"wordCount\":356,\"commentCount\":0,\"publisher\":{\"@id\":\"https:\\\/\\\/lasentinelle.dz\\\/#organization\"},\"image\":{\"@id\":\"https:\\\/\\\/lasentinelle.dz\\\/index.php\\\/2021\\\/12\\\/06\\\/elections-locales-debut-de-linstallation-des-nouvelles-assemblees\\\/#primaryimage\"},\"thumbnailUrl\":\"https:\\\/\\\/lasentinelle.dz\\\/wp-content\\\/uploads\\\/2021\\\/12\\\/apc.jpg\",\"articleSection\":[\"Actualit\u00e9\"],\"inLanguage\":\"fr-FR\",\"potentialAction\":[{\"@type\":\"CommentAction\",\"name\":\"Comment\",\"target\":[\"https:\\\/\\\/lasentinelle.dz\\\/index.php\\\/2021\\\/12\\\/06\\\/elections-locales-debut-de-linstallation-des-nouvelles-assemblees\\\/#respond\"]}]},{\"@type\":\"WebPage\",\"@id\":\"https:\\\/\\\/lasentinelle.dz\\\/index.php\\\/2021\\\/12\\\/06\\\/elections-locales-debut-de-linstallation-des-nouvelles-assemblees\\\/\",\"url\":\"https:\\\/\\\/lasentinelle.dz\\\/index.php\\\/2021\\\/12\\\/06\\\/elections-locales-debut-de-linstallation-des-nouvelles-assemblees\\\/\",\"name\":\"\u00c9lections locales : D\u00e9but de l\u2019installation des nouvelles assembl\u00e9es - La Sentinelle\",\"isPartOf\":{\"@id\":\"https:\\\/\\\/lasentinelle.dz\\\/#website\"},\"primaryImageOfPage\":{\"@id\":\"https:\\\/\\\/lasentinelle.dz\\\/index.php\\\/2021\\\/12\\\/06\\\/elections-locales-debut-de-linstallation-des-nouvelles-assemblees\\\/#primaryimage\"},\"image\":{\"@id\":\"https:\\\/\\\/lasentinelle.dz\\\/index.php\\\/2021\\\/12\\\/06\\\/elections-locales-debut-de-linstallation-des-nouvelles-assemblees\\\/#primaryimage\"},\"thumbnailUrl\":\"https:\\\/\\\/lasentinelle.dz\\\/wp-content\\\/uploads\\\/2021\\\/12\\\/apc.jpg\",\"datePublished\":\"2021-12-05T23:01:00+00:00\",\"breadcrumb\":{\"@id\":\"https:\\\/\\\/lasentinelle.dz\\\/index.php\\\/2021\\\/12\\\/06\\\/elections-locales-debut-de-linstallation-des-nouvelles-assemblees\\\/#breadcrumb\"},\"inLanguage\":\"fr-FR\",\"potentialAction\":[{\"@type\":\"ReadAction\",\"target\":[\"https:\\\/\\\/lasentinelle.dz\\\/index.php\\\/2021\\\/12\\\/06\\\/elections-locales-debut-de-linstallation-des-nouvelles-assemblees\\\/\"]}]},{\"@type\":\"ImageObject\",\"inLanguage\":\"fr-FR\",\"@id\":\"https:\\\/\\\/lasentinelle.dz\\\/index.php\\\/2021\\\/12\\\/06\\\/elections-locales-debut-de-linstallation-des-nouvelles-assemblees\\\/#primaryimage\",\"url\":\"https:\\\/\\\/lasentinelle.dz\\\/wp-content\\\/uploads\\\/2021\\\/12\\\/apc.jpg\",\"contentUrl\":\"https:\\\/\\\/lasentinelle.dz\\\/wp-content\\\/uploads\\\/2021\\\/12\\\/apc.jpg\",\"width\":900,\"height\":627},{\"@type\":\"BreadcrumbList\",\"@id\":\"https:\\\/\\\/lasentinelle.dz\\\/index.php\\\/2021\\\/12\\\/06\\\/elections-locales-debut-de-linstallation-des-nouvelles-assemblees\\\/#breadcrumb\",\"itemListElement\":[{\"@type\":\"ListItem\",\"position\":1,\"name\":\"Accueil\",\"item\":\"https:\\\/\\\/lasentinelle.dz\\\/\"},{\"@type\":\"ListItem\",\"position\":2,\"name\":\"\u00c9lections locales : D\u00e9but de l\u2019installation des nouvelles assembl\u00e9es\"}]},{\"@type\":\"WebSite\",\"@id\":\"https:\\\/\\\/lasentinelle.dz\\\/#website\",\"url\":\"https:\\\/\\\/lasentinelle.dz\\\/\",\"name\":\"La Sentinelle\",\"description\":\"Quotidien national d&#039;information\",\"publisher\":{\"@id\":\"https:\\\/\\\/lasentinelle.dz\\\/#organization\"},\"potentialAction\":[{\"@type\":\"SearchAction\",\"target\":{\"@type\":\"EntryPoint\",\"urlTemplate\":\"https:\\\/\\\/lasentinelle.dz\\\/?s={search_term_string}\"},\"query-input\":{\"@type\":\"PropertyValueSpecification\",\"valueRequired\":true,\"valueName\":\"search_term_string\"}}],\"inLanguage\":\"fr-FR\"},{\"@type\":\"Organization\",\"@id\":\"https:\\\/\\\/lasentinelle.dz\\\/#organization\",\"name\":\"Quotidien La Sentinelle\",\"url\":\"https:\\\/\\\/lasentinelle.dz\\\/\",\"logo\":{\"@type\":\"ImageObject\",\"inLanguage\":\"fr-FR\",\"@id\":\"https:\\\/\\\/lasentinelle.dz\\\/#\\\/schema\\\/logo\\\/image\\\/\",\"url\":\"https:\\\/\\\/lasentinelle.dz\\\/wp-content\\\/uploads\\\/2021\\\/09\\\/logo-sentinelleSLOGAN-1.png\",\"contentUrl\":\"https:\\\/\\\/lasentinelle.dz\\\/wp-content\\\/uploads\\\/2021\\\/09\\\/logo-sentinelleSLOGAN-1.png\",\"width\":615,\"height\":142,\"caption\":\"Quotidien La Sentinelle\"},\"image\":{\"@id\":\"https:\\\/\\\/lasentinelle.dz\\\/#\\\/schema\\\/logo\\\/image\\\/\"},\"sameAs\":[\"https:\\\/\\\/www.facebook.com\\\/La-Sentinelle-104059864394773\"]},{\"@type\":\"Person\",\"@id\":\"https:\\\/\\\/lasentinelle.dz\\\/#\\\/schema\\\/person\\\/e22c868643946ece5f328ac9d185b29f\",\"name\":\"Azzedine Belferag\",\"image\":{\"@type\":\"ImageObject\",\"inLanguage\":\"fr-FR\",\"@id\":\"https:\\\/\\\/secure.gravatar.com\\\/avatar\\\/767ecc3bfcf23cd6d0dae1705f124feb13a88fded1daa56498e4fb3aa3fc36a1?s=96&d=mm&r=g\",\"url\":\"https:\\\/\\\/secure.gravatar.com\\\/avatar\\\/767ecc3bfcf23cd6d0dae1705f124feb13a88fded1daa56498e4fb3aa3fc36a1?s=96&d=mm&r=g\",\"contentUrl\":\"https:\\\/\\\/secure.gravatar.com\\\/avatar\\\/767ecc3bfcf23cd6d0dae1705f124feb13a88fded1daa56498e4fb3aa3fc36a1?s=96&d=mm&r=g\",\"caption\":\"Azzedine Belferag\"},\"sameAs\":[\"http:\\\/\\\/www.lasentinelle.dz\"],\"url\":\"https:\\\/\\\/lasentinelle.dz\\\/author\\\/belferag\\\/\"}]}<\/script>\n<!-- \/ Yoast SEO plugin. -->","yoast_head_json":{"title":"\u00c9lections locales : D\u00e9but de l\u2019installation des nouvelles assembl\u00e9es - La Sentinelle","robots":{"index":"index","follow":"follow","max-snippet":"max-snippet:-1","max-image-preview":"max-image-preview:large","max-video-preview":"max-video-preview:-1"},"canonical":"https:\/\/lasentinelle.dz\/index.php\/2021\/12\/06\/elections-locales-debut-de-linstallation-des-nouvelles-assemblees\/","og_locale":"fr_FR","og_type":"article","og_title":"\u00c9lections locales : D\u00e9but de l\u2019installation des nouvelles assembl\u00e9es - La Sentinelle","og_description":"Les assembl\u00e9es&nbsp;populaires&nbsp;communales&nbsp;et de wilayas dont les majorit\u00e9s et les alliances ont \u00e9t\u00e9 tranch\u00e9es ont commenc\u00e9 \u00e0 \u00eatre install\u00e9es et ce&nbsp;conform\u00e9ment&nbsp;aux","og_url":"https:\/\/lasentinelle.dz\/index.php\/2021\/12\/06\/elections-locales-debut-de-linstallation-des-nouvelles-assemblees\/","og_site_name":"La Sentinelle","article_publisher":"https:\/\/www.facebook.com\/La-Sentinelle-104059864394773","article_published_time":"2021-12-05T23:01:00+00:00","og_image":[{"width":900,"height":627,"url":"https:\/\/lasentinelle.dz\/wp-content\/uploads\/2021\/12\/apc.jpg","type":"image\/jpeg"}],"author":"Azzedine Belferag","twitter_card":"summary_large_image","twitter_misc":{"\u00c9crit par":"Azzedine Belferag","Dur\u00e9e de lecture estim\u00e9e":"2 minutes"},"schema":{"@context":"https:\/\/schema.org","@graph":[{"@type":"Article","@id":"https:\/\/lasentinelle.dz\/index.php\/2021\/12\/06\/elections-locales-debut-de-linstallation-des-nouvelles-assemblees\/#article","isPartOf":{"@id":"https:\/\/lasentinelle.dz\/index.php\/2021\/12\/06\/elections-locales-debut-de-linstallation-des-nouvelles-assemblees\/"},"author":{"name":"Azzedine Belferag","@id":"https:\/\/lasentinelle.dz\/#\/schema\/person\/e22c868643946ece5f328ac9d185b29f"},"headline":"\u00c9lections locales : D\u00e9but de l\u2019installation des nouvelles assembl\u00e9es","datePublished":"2021-12-05T23:01:00+00:00","mainEntityOfPage":{"@id":"https:\/\/lasentinelle.dz\/index.php\/2021\/12\/06\/elections-locales-debut-de-linstallation-des-nouvelles-assemblees\/"},"wordCount":356,"commentCount":0,"publisher":{"@id":"https:\/\/lasentinelle.dz\/#organization"},"image":{"@id":"https:\/\/lasentinelle.dz\/index.php\/2021\/12\/06\/elections-locales-debut-de-linstallation-des-nouvelles-assemblees\/#primaryimage"},"thumbnailUrl":"https:\/\/lasentinelle.dz\/wp-content\/uploads\/2021\/12\/apc.jpg","articleSection":["Actualit\u00e9"],"inLanguage":"fr-FR","potentialAction":[{"@type":"CommentAction","name":"Comment","target":["https:\/\/lasentinelle.dz\/index.php\/2021\/12\/06\/elections-locales-debut-de-linstallation-des-nouvelles-assemblees\/#respond"]}]},{"@type":"WebPage","@id":"https:\/\/lasentinelle.dz\/index.php\/2021\/12\/06\/elections-locales-debut-de-linstallation-des-nouvelles-assemblees\/","url":"https:\/\/lasentinelle.dz\/index.php\/2021\/12\/06\/elections-locales-debut-de-linstallation-des-nouvelles-assemblees\/","name":"\u00c9lections locales : D\u00e9but de l\u2019installation des nouvelles assembl\u00e9es - La Sentinelle","isPartOf":{"@id":"https:\/\/lasentinelle.dz\/#website"},"primaryImageOfPage":{"@id":"https:\/\/lasentinelle.dz\/index.php\/2021\/12\/06\/elections-locales-debut-de-linstallation-des-nouvelles-assemblees\/#primaryimage"},"image":{"@id":"https:\/\/lasentinelle.dz\/index.php\/2021\/12\/06\/elections-locales-debut-de-linstallation-des-nouvelles-assemblees\/#primaryimage"},"thumbnailUrl":"https:\/\/lasentinelle.dz\/wp-content\/uploads\/2021\/12\/apc.jpg","datePublished":"2021-12-05T23:01:00+00:00","breadcrumb":{"@id":"https:\/\/lasentinelle.dz\/index.php\/2021\/12\/06\/elections-locales-debut-de-linstallation-des-nouvelles-assemblees\/#breadcrumb"},"inLanguage":"fr-FR","potentialAction":[{"@type":"ReadAction","target":["https:\/\/lasentinelle.dz\/index.php\/2021\/12\/06\/elections-locales-debut-de-linstallation-des-nouvelles-assemblees\/"]}]},{"@type":"ImageObject","inLanguage":"fr-FR","@id":"https:\/\/lasentinelle.dz\/index.php\/2021\/12\/06\/elections-locales-debut-de-linstallation-des-nouvelles-assemblees\/#primaryimage","url":"https:\/\/lasentinelle.dz\/wp-content\/uploads\/2021\/12\/apc.jpg","contentUrl":"https:\/\/lasentinelle.dz\/wp-content\/uploads\/2021\/12\/apc.jpg","width":900,"height":627},{"@type":"BreadcrumbList","@id":"https:\/\/lasentinelle.dz\/index.php\/2021\/12\/06\/elections-locales-debut-de-linstallation-des-nouvelles-assemblees\/#breadcrumb","itemListElement":[{"@type":"ListItem","position":1,"name":"Accueil","item":"https:\/\/lasentinelle.dz\/"},{"@type":"ListItem","position":2,"name":"\u00c9lections locales : D\u00e9but de l\u2019installation des nouvelles assembl\u00e9es"}]},{"@type":"WebSite","@id":"https:\/\/lasentinelle.dz\/#website","url":"https:\/\/lasentinelle.dz\/","name":"La Sentinelle","description":"Quotidien national d&#039;information","publisher":{"@id":"https:\/\/lasentinelle.dz\/#organization"},"potentialAction":[{"@type":"SearchAction","target":{"@type":"EntryPoint","urlTemplate":"https:\/\/lasentinelle.dz\/?s={search_term_string}"},"query-input":{"@type":"PropertyValueSpecification","valueRequired":true,"valueName":"search_term_string"}}],"inLanguage":"fr-FR"},{"@type":"Organization","@id":"https:\/\/lasentinelle.dz\/#organization","name":"Quotidien La Sentinelle","url":"https:\/\/lasentinelle.dz\/","logo":{"@type":"ImageObject","inLanguage":"fr-FR","@id":"https:\/\/lasentinelle.dz\/#\/schema\/logo\/image\/","url":"https:\/\/lasentinelle.dz\/wp-content\/uploads\/2021\/09\/logo-sentinelleSLOGAN-1.png","contentUrl":"https:\/\/lasentinelle.dz\/wp-content\/uploads\/2021\/09\/logo-sentinelleSLOGAN-1.png","width":615,"height":142,"caption":"Quotidien La Sentinelle"},"image":{"@id":"https:\/\/lasentinelle.dz\/#\/schema\/logo\/image\/"},"sameAs":["https:\/\/www.facebook.com\/La-Sentinelle-104059864394773"]},{"@type":"Person","@id":"https:\/\/lasentinelle.dz\/#\/schema\/person\/e22c868643946ece5f328ac9d185b29f","name":"Azzedine Belferag","image":{"@type":"ImageObject","inLanguage":"fr-FR","@id":"https:\/\/secure.gravatar.com\/avatar\/767ecc3bfcf23cd6d0dae1705f124feb13a88fded1daa56498e4fb3aa3fc36a1?s=96&d=mm&r=g","url":"https:\/\/secure.gravatar.com\/avatar\/767ecc3bfcf23cd6d0dae1705f124feb13a88fded1daa56498e4fb3aa3fc36a1?s=96&d=mm&r=g","contentUrl":"https:\/\/secure.gravatar.com\/avatar\/767ecc3bfcf23cd6d0dae1705f124feb13a88fded1daa56498e4fb3aa3fc36a1?s=96&d=mm&r=g","caption":"Azzedine Belferag"},"sameAs":["http:\/\/www.lasentinelle.dz"],"url":"https:\/\/lasentinelle.dz\/author\/belferag\/"}]}},"_links":{"self":[{"href":"https:\/\/lasentinelle.dz\/index.php\/wp-json\/wp\/v2\/posts\/14676","targetHints":{"allow":["GET"]}}],"collection":[{"href":"https:\/\/lasentinelle.dz\/index.php\/wp-json\/wp\/v2\/posts"}],"about":[{"href":"https:\/\/lasentinelle.dz\/index.php\/wp-json\/wp\/v2\/types\/post"}],"author":[{"embeddable":true,"href":"https:\/\/lasentinelle.dz\/index.php\/wp-json\/wp\/v2\/users\/2"}],"replies":[{"embeddable":true,"href":"https:\/\/lasentinelle.dz\/index.php\/wp-json\/wp\/v2\/comments?post=14676"}],"version-history":[{"count":1,"href":"https:\/\/lasentinelle.dz\/index.php\/wp-json\/wp\/v2\/posts\/14676\/revisions"}],"predecessor-version":[{"id":14678,"href":"https:\/\/lasentinelle.dz\/index.php\/wp-json\/wp\/v2\/posts\/14676\/revisions\/14678"}],"wp:featuredmedia":[{"embeddable":true,"href":"https:\/\/lasentinelle.dz\/index.php\/wp-json\/wp\/v2\/media\/14677"}],"wp:attachment":[{"href":"https:\/\/lasentinelle.dz\/index.php\/wp-json\/wp\/v2\/media?parent=14676"}],"wp:term":[{"taxonomy":"category","embeddable":true,"href":"https:\/\/lasentinelle.dz\/index.php\/wp-json\/wp\/v2\/categories?post=14676"},{"taxonomy":"post_tag","embeddable":true,"href":"https:\/\/lasentinelle.dz\/index.php\/wp-json\/wp\/v2\/tags?post=14676"}],"curies":[{"name":"wp","href":"https:\/\/api.w.org\/{rel}","templated":true}]}}