{"id":14708,"date":"2021-12-07T00:01:00","date_gmt":"2021-12-06T23:01:00","guid":{"rendered":"https:\/\/lasentinelle.dz\/?p=14708"},"modified":"2021-12-06T18:16:54","modified_gmt":"2021-12-06T17:16:54","slug":"coupe-de-la-caf-la-jss-reussit-sa-remontada","status":"publish","type":"post","link":"https:\/\/lasentinelle.dz\/index.php\/2021\/12\/07\/coupe-de-la-caf-la-jss-reussit-sa-remontada\/","title":{"rendered":"Coupe de la CAF : La JSS r\u00e9ussit sa \u00ab remontada \u00bb"},"content":{"rendered":"\n<p>\u00ab Cette victoire ne doit pas nous faire oublier l\u2019essentiel \u00e0 savoir la poursuite de notre&nbsp;parcours au sein de cette comp\u00e9tition continentale et surtout le championnat de la Ligue 1 \u00bb, a indiqu\u00e9 le coach Kais Yaacoubi<\/p>\n\n\n\n<p>Le repr\u00e9sentant alg\u00e9rien en Coupe de la CAF, la JS Saoura, s&rsquo;est qualifi\u00e9 pour la phase des poules apr\u00e8s sa victoire devant son homologue ghan\u00e9en de Hearts of Oak sur le score de (4-0), en match comptant pour le 2e tour pr\u00e9liminaire additionnel (retour) dimanche soir \u00e0 B\u00e9char. Les buts de la rencontre ont \u00e9t\u00e9 inscrits par Saad (22\u2019), Bellatreche (36\u2019 et 47\u2019) et Lahmeri (88\u2019) pour les Alg\u00e9riens, qui s\u2019\u00e9taient inclin\u00e9s lors du match aller \u00e0 Accra (0-2). L&rsquo;entra\u00eeneur de la JS Saoura, Kais Yaacoubi, \u00e9tait satisfait du contenu propos\u00e9 par son \u00e9quipe, dimanche, en indiquant : \u00ab Ce large succ\u00e8s de notre \u00e9quipe est m\u00e9ritant et ce gr\u00e2ce aux efforts fournis par nos joueurs durant cette rencontre, qui s\u2019est d\u00e9roul\u00e9e au stade du 20 Aout 1955 de B\u00e9char sans public. \u00bb Et d\u2019ajouter : \u00ab Cette victoire ne doit pas nous faire oublier l\u2019essentiel \u00e0 savoir la poursuite de nos parcours au sein de cette comp\u00e9tition continentale et surtout le championnat de la Ligue 1. \u00bb Pour le technicien tunisien son \u00e9quipe a besoin r\u00e9ellement d&rsquo;un buteur, \u00ab car comme constat\u00e9 durant les 90 minutes de la rencontre, nous avons perdu plusieurs occasions de marquer des buts, d&rsquo;o\u00f9 la n\u00e9cessit\u00e9 pour notre groupe d&rsquo;avoir un buteur \u00e0 la hauteur \u00bb. Pour sa part, le pr\u00e9sident et homme fort du club sudiste, Mohamed Zerouati a d\u00e9clar\u00e9 : \u00ab Nous avons amplement m\u00e9rit\u00e9 cette victoire contre les Ghan\u00e9ens de Heart of Oak et nous souhaitons \u00e0 l\u2019avenir l\u2019ouverture de notre stade pour nos supporteurs pour nous soutenir tant dans cette comp\u00e9tition africaine que durant le championnat de la Ligue 1. \u00bb Plusieurs joueurs ont pour leur part mis en exergue cette belle victoire, \u00e0 l\u2019instar du milieu du terrain Hamid Belaid : \u00ab&nbsp;&nbsp;Nous sommes satisfaits, puisque nous avons remport\u00e9 cette manche, apr\u00e8s notre d\u00e9faite a Accra par deux buts a z\u00e9ro, et je pense que cette victoire est le fruit de notre fureur de vaincre sur notre propre terrain et aussi de repr\u00e9senter dignement le football Alg\u00e9rien. \u00bb<\/p>\n\n\n\n<p>R. S.<\/p>\n","protected":false},"excerpt":{"rendered":"<p>\u00ab Cette victoire ne doit pas nous faire oublier l\u2019essentiel \u00e0 savoir la poursuite de notre&nbsp;parcours au sein de cette<\/p>\n","protected":false},"author":3,"featured_media":14709,"comment_status":"open","ping_status":"closed","sticky":false,"template":"","format":"standard","meta":{"colormag_page_container_layout":"default_layout","colormag_page_sidebar_layout":"default_layout","om_disable_all_campaigns":false,"_monsterinsights_skip_tracking":false,"_monsterinsights_sitenote_active":false,"_monsterinsights_sitenote_note":"","_monsterinsights_sitenote_category":0,"footnotes":"","_wpscppro_dont_share_socialmedia":false,"_wpscppro_custom_social_share_image":0,"_facebook_share_type":"","_twitter_share_type":"","_linkedin_share_type":"","_pinterest_share_type":"","_linkedin_share_type_page":"","_instagram_share_type":"","_medium_share_type":"","_threads_share_type":"","_google_business_share_type":"","_selected_social_profile":[],"_wpsp_enable_custom_social_template":false,"_wpsp_social_scheduling":{"enabled":false,"datetime":null,"platforms":[],"status":"template_only","dateOption":"today","timeOption":"now","customDays":"","customHours":"","customDate":"","customTime":"","schedulingType":"absolute"},"_wpsp_active_default_template":true},"categories":[33],"tags":[],"class_list":["post-14708","post","type-post","status-publish","format-standard","has-post-thumbnail","hentry","category-sports"],"aioseo_notices":[],"yoast_head":"<!-- This site is optimized with the Yoast SEO plugin v27.5 - https:\/\/yoast.com\/product\/yoast-seo-wordpress\/ -->\n<title>Coupe de la CAF : La JSS r\u00e9ussit sa \u00ab remontada \u00bb - La Sentinelle<\/title>\n<meta name=\"robots\" content=\"index, follow, max-snippet:-1, max-image-preview:large, max-video-preview:-1\" \/>\n<link rel=\"canonical\" href=\"https:\/\/lasentinelle.dz\/index.php\/2021\/12\/07\/coupe-de-la-caf-la-jss-reussit-sa-remontada\/\" \/>\n<meta property=\"og:locale\" content=\"fr_FR\" \/>\n<meta property=\"og:type\" content=\"article\" \/>\n<meta property=\"og:title\" content=\"Coupe de la CAF : La JSS r\u00e9ussit sa \u00ab remontada \u00bb - La Sentinelle\" \/>\n<meta property=\"og:description\" content=\"\u00ab Cette victoire ne doit pas nous faire oublier l\u2019essentiel \u00e0 savoir la poursuite de notre&nbsp;parcours au sein de cette\" \/>\n<meta property=\"og:url\" content=\"https:\/\/lasentinelle.dz\/index.php\/2021\/12\/07\/coupe-de-la-caf-la-jss-reussit-sa-remontada\/\" \/>\n<meta property=\"og:site_name\" content=\"La Sentinelle\" \/>\n<meta property=\"article:publisher\" content=\"https:\/\/www.facebook.com\/La-Sentinelle-104059864394773\" \/>\n<meta property=\"article:published_time\" content=\"2021-12-06T23:01:00+00:00\" \/>\n<meta property=\"og:image\" content=\"https:\/\/lasentinelle.dz\/wp-content\/uploads\/2021\/12\/JSS-1.jpg\" \/>\n\t<meta property=\"og:image:width\" content=\"1080\" \/>\n\t<meta property=\"og:image:height\" content=\"810\" \/>\n\t<meta property=\"og:image:type\" content=\"image\/jpeg\" \/>\n<meta name=\"author\" content=\"La Sentinelle\" \/>\n<meta name=\"twitter:card\" content=\"summary_large_image\" \/>\n<meta name=\"twitter:label1\" content=\"\u00c9crit par\" \/>\n\t<meta name=\"twitter:data1\" content=\"La Sentinelle\" \/>\n\t<meta name=\"twitter:label2\" content=\"Dur\u00e9e de lecture estim\u00e9e\" \/>\n\t<meta name=\"twitter:data2\" content=\"2 minutes\" \/>\n<script type=\"application\/ld+json\" class=\"yoast-schema-graph\">{\"@context\":\"https:\\\/\\\/schema.org\",\"@graph\":[{\"@type\":\"Article\",\"@id\":\"https:\\\/\\\/lasentinelle.dz\\\/index.php\\\/2021\\\/12\\\/07\\\/coupe-de-la-caf-la-jss-reussit-sa-remontada\\\/#article\",\"isPartOf\":{\"@id\":\"https:\\\/\\\/lasentinelle.dz\\\/index.php\\\/2021\\\/12\\\/07\\\/coupe-de-la-caf-la-jss-reussit-sa-remontada\\\/\"},\"author\":{\"name\":\"La Sentinelle\",\"@id\":\"https:\\\/\\\/lasentinelle.dz\\\/#\\\/schema\\\/person\\\/d865044e22e70a75174ce8bcad3acfb3\"},\"headline\":\"Coupe de la CAF : La JSS r\u00e9ussit sa \u00ab remontada \u00bb\",\"datePublished\":\"2021-12-06T23:01:00+00:00\",\"mainEntityOfPage\":{\"@id\":\"https:\\\/\\\/lasentinelle.dz\\\/index.php\\\/2021\\\/12\\\/07\\\/coupe-de-la-caf-la-jss-reussit-sa-remontada\\\/\"},\"wordCount\":401,\"commentCount\":0,\"publisher\":{\"@id\":\"https:\\\/\\\/lasentinelle.dz\\\/#organization\"},\"image\":{\"@id\":\"https:\\\/\\\/lasentinelle.dz\\\/index.php\\\/2021\\\/12\\\/07\\\/coupe-de-la-caf-la-jss-reussit-sa-remontada\\\/#primaryimage\"},\"thumbnailUrl\":\"https:\\\/\\\/lasentinelle.dz\\\/wp-content\\\/uploads\\\/2021\\\/12\\\/JSS-1.jpg\",\"articleSection\":[\"Sports\"],\"inLanguage\":\"fr-FR\",\"potentialAction\":[{\"@type\":\"CommentAction\",\"name\":\"Comment\",\"target\":[\"https:\\\/\\\/lasentinelle.dz\\\/index.php\\\/2021\\\/12\\\/07\\\/coupe-de-la-caf-la-jss-reussit-sa-remontada\\\/#respond\"]}]},{\"@type\":\"WebPage\",\"@id\":\"https:\\\/\\\/lasentinelle.dz\\\/index.php\\\/2021\\\/12\\\/07\\\/coupe-de-la-caf-la-jss-reussit-sa-remontada\\\/\",\"url\":\"https:\\\/\\\/lasentinelle.dz\\\/index.php\\\/2021\\\/12\\\/07\\\/coupe-de-la-caf-la-jss-reussit-sa-remontada\\\/\",\"name\":\"Coupe de la CAF : La JSS r\u00e9ussit sa \u00ab remontada \u00bb - La Sentinelle\",\"isPartOf\":{\"@id\":\"https:\\\/\\\/lasentinelle.dz\\\/#website\"},\"primaryImageOfPage\":{\"@id\":\"https:\\\/\\\/lasentinelle.dz\\\/index.php\\\/2021\\\/12\\\/07\\\/coupe-de-la-caf-la-jss-reussit-sa-remontada\\\/#primaryimage\"},\"image\":{\"@id\":\"https:\\\/\\\/lasentinelle.dz\\\/index.php\\\/2021\\\/12\\\/07\\\/coupe-de-la-caf-la-jss-reussit-sa-remontada\\\/#primaryimage\"},\"thumbnailUrl\":\"https:\\\/\\\/lasentinelle.dz\\\/wp-content\\\/uploads\\\/2021\\\/12\\\/JSS-1.jpg\",\"datePublished\":\"2021-12-06T23:01:00+00:00\",\"breadcrumb\":{\"@id\":\"https:\\\/\\\/lasentinelle.dz\\\/index.php\\\/2021\\\/12\\\/07\\\/coupe-de-la-caf-la-jss-reussit-sa-remontada\\\/#breadcrumb\"},\"inLanguage\":\"fr-FR\",\"potentialAction\":[{\"@type\":\"ReadAction\",\"target\":[\"https:\\\/\\\/lasentinelle.dz\\\/index.php\\\/2021\\\/12\\\/07\\\/coupe-de-la-caf-la-jss-reussit-sa-remontada\\\/\"]}]},{\"@type\":\"ImageObject\",\"inLanguage\":\"fr-FR\",\"@id\":\"https:\\\/\\\/lasentinelle.dz\\\/index.php\\\/2021\\\/12\\\/07\\\/coupe-de-la-caf-la-jss-reussit-sa-remontada\\\/#primaryimage\",\"url\":\"https:\\\/\\\/lasentinelle.dz\\\/wp-content\\\/uploads\\\/2021\\\/12\\\/JSS-1.jpg\",\"contentUrl\":\"https:\\\/\\\/lasentinelle.dz\\\/wp-content\\\/uploads\\\/2021\\\/12\\\/JSS-1.jpg\",\"width\":1080,\"height\":810},{\"@type\":\"BreadcrumbList\",\"@id\":\"https:\\\/\\\/lasentinelle.dz\\\/index.php\\\/2021\\\/12\\\/07\\\/coupe-de-la-caf-la-jss-reussit-sa-remontada\\\/#breadcrumb\",\"itemListElement\":[{\"@type\":\"ListItem\",\"position\":1,\"name\":\"Accueil\",\"item\":\"https:\\\/\\\/lasentinelle.dz\\\/\"},{\"@type\":\"ListItem\",\"position\":2,\"name\":\"Coupe de la CAF : La JSS r\u00e9ussit sa \u00ab remontada \u00bb\"}]},{\"@type\":\"WebSite\",\"@id\":\"https:\\\/\\\/lasentinelle.dz\\\/#website\",\"url\":\"https:\\\/\\\/lasentinelle.dz\\\/\",\"name\":\"La Sentinelle\",\"description\":\"Quotidien national d&#039;information\",\"publisher\":{\"@id\":\"https:\\\/\\\/lasentinelle.dz\\\/#organization\"},\"potentialAction\":[{\"@type\":\"SearchAction\",\"target\":{\"@type\":\"EntryPoint\",\"urlTemplate\":\"https:\\\/\\\/lasentinelle.dz\\\/?s={search_term_string}\"},\"query-input\":{\"@type\":\"PropertyValueSpecification\",\"valueRequired\":true,\"valueName\":\"search_term_string\"}}],\"inLanguage\":\"fr-FR\"},{\"@type\":\"Organization\",\"@id\":\"https:\\\/\\\/lasentinelle.dz\\\/#organization\",\"name\":\"Quotidien La Sentinelle\",\"url\":\"https:\\\/\\\/lasentinelle.dz\\\/\",\"logo\":{\"@type\":\"ImageObject\",\"inLanguage\":\"fr-FR\",\"@id\":\"https:\\\/\\\/lasentinelle.dz\\\/#\\\/schema\\\/logo\\\/image\\\/\",\"url\":\"https:\\\/\\\/lasentinelle.dz\\\/wp-content\\\/uploads\\\/2021\\\/09\\\/logo-sentinelleSLOGAN-1.png\",\"contentUrl\":\"https:\\\/\\\/lasentinelle.dz\\\/wp-content\\\/uploads\\\/2021\\\/09\\\/logo-sentinelleSLOGAN-1.png\",\"width\":615,\"height\":142,\"caption\":\"Quotidien La Sentinelle\"},\"image\":{\"@id\":\"https:\\\/\\\/lasentinelle.dz\\\/#\\\/schema\\\/logo\\\/image\\\/\"},\"sameAs\":[\"https:\\\/\\\/www.facebook.com\\\/La-Sentinelle-104059864394773\"]},{\"@type\":\"Person\",\"@id\":\"https:\\\/\\\/lasentinelle.dz\\\/#\\\/schema\\\/person\\\/d865044e22e70a75174ce8bcad3acfb3\",\"name\":\"La Sentinelle\",\"image\":{\"@type\":\"ImageObject\",\"inLanguage\":\"fr-FR\",\"@id\":\"https:\\\/\\\/secure.gravatar.com\\\/avatar\\\/57de8e5d4b15d43fb361a71fbb36338450fe67865b528a43dd10ef7c51a20392?s=96&d=mm&r=g\",\"url\":\"https:\\\/\\\/secure.gravatar.com\\\/avatar\\\/57de8e5d4b15d43fb361a71fbb36338450fe67865b528a43dd10ef7c51a20392?s=96&d=mm&r=g\",\"contentUrl\":\"https:\\\/\\\/secure.gravatar.com\\\/avatar\\\/57de8e5d4b15d43fb361a71fbb36338450fe67865b528a43dd10ef7c51a20392?s=96&d=mm&r=g\",\"caption\":\"La Sentinelle\"},\"sameAs\":[\"http:\\\/\\\/www.lasentinelle.dz\"],\"url\":\"https:\\\/\\\/lasentinelle.dz\\\/author\\\/redaction\\\/\"}]}<\/script>\n<!-- \/ Yoast SEO plugin. -->","yoast_head_json":{"title":"Coupe de la CAF : La JSS r\u00e9ussit sa \u00ab remontada \u00bb - La Sentinelle","robots":{"index":"index","follow":"follow","max-snippet":"max-snippet:-1","max-image-preview":"max-image-preview:large","max-video-preview":"max-video-preview:-1"},"canonical":"https:\/\/lasentinelle.dz\/index.php\/2021\/12\/07\/coupe-de-la-caf-la-jss-reussit-sa-remontada\/","og_locale":"fr_FR","og_type":"article","og_title":"Coupe de la CAF : La JSS r\u00e9ussit sa \u00ab remontada \u00bb - La Sentinelle","og_description":"\u00ab Cette victoire ne doit pas nous faire oublier l\u2019essentiel \u00e0 savoir la poursuite de notre&nbsp;parcours au sein de cette","og_url":"https:\/\/lasentinelle.dz\/index.php\/2021\/12\/07\/coupe-de-la-caf-la-jss-reussit-sa-remontada\/","og_site_name":"La Sentinelle","article_publisher":"https:\/\/www.facebook.com\/La-Sentinelle-104059864394773","article_published_time":"2021-12-06T23:01:00+00:00","og_image":[{"width":1080,"height":810,"url":"https:\/\/lasentinelle.dz\/wp-content\/uploads\/2021\/12\/JSS-1.jpg","type":"image\/jpeg"}],"author":"La Sentinelle","twitter_card":"summary_large_image","twitter_misc":{"\u00c9crit par":"La Sentinelle","Dur\u00e9e de lecture estim\u00e9e":"2 minutes"},"schema":{"@context":"https:\/\/schema.org","@graph":[{"@type":"Article","@id":"https:\/\/lasentinelle.dz\/index.php\/2021\/12\/07\/coupe-de-la-caf-la-jss-reussit-sa-remontada\/#article","isPartOf":{"@id":"https:\/\/lasentinelle.dz\/index.php\/2021\/12\/07\/coupe-de-la-caf-la-jss-reussit-sa-remontada\/"},"author":{"name":"La Sentinelle","@id":"https:\/\/lasentinelle.dz\/#\/schema\/person\/d865044e22e70a75174ce8bcad3acfb3"},"headline":"Coupe de la CAF : La JSS r\u00e9ussit sa \u00ab remontada \u00bb","datePublished":"2021-12-06T23:01:00+00:00","mainEntityOfPage":{"@id":"https:\/\/lasentinelle.dz\/index.php\/2021\/12\/07\/coupe-de-la-caf-la-jss-reussit-sa-remontada\/"},"wordCount":401,"commentCount":0,"publisher":{"@id":"https:\/\/lasentinelle.dz\/#organization"},"image":{"@id":"https:\/\/lasentinelle.dz\/index.php\/2021\/12\/07\/coupe-de-la-caf-la-jss-reussit-sa-remontada\/#primaryimage"},"thumbnailUrl":"https:\/\/lasentinelle.dz\/wp-content\/uploads\/2021\/12\/JSS-1.jpg","articleSection":["Sports"],"inLanguage":"fr-FR","potentialAction":[{"@type":"CommentAction","name":"Comment","target":["https:\/\/lasentinelle.dz\/index.php\/2021\/12\/07\/coupe-de-la-caf-la-jss-reussit-sa-remontada\/#respond"]}]},{"@type":"WebPage","@id":"https:\/\/lasentinelle.dz\/index.php\/2021\/12\/07\/coupe-de-la-caf-la-jss-reussit-sa-remontada\/","url":"https:\/\/lasentinelle.dz\/index.php\/2021\/12\/07\/coupe-de-la-caf-la-jss-reussit-sa-remontada\/","name":"Coupe de la CAF : La JSS r\u00e9ussit sa \u00ab remontada \u00bb - La Sentinelle","isPartOf":{"@id":"https:\/\/lasentinelle.dz\/#website"},"primaryImageOfPage":{"@id":"https:\/\/lasentinelle.dz\/index.php\/2021\/12\/07\/coupe-de-la-caf-la-jss-reussit-sa-remontada\/#primaryimage"},"image":{"@id":"https:\/\/lasentinelle.dz\/index.php\/2021\/12\/07\/coupe-de-la-caf-la-jss-reussit-sa-remontada\/#primaryimage"},"thumbnailUrl":"https:\/\/lasentinelle.dz\/wp-content\/uploads\/2021\/12\/JSS-1.jpg","datePublished":"2021-12-06T23:01:00+00:00","breadcrumb":{"@id":"https:\/\/lasentinelle.dz\/index.php\/2021\/12\/07\/coupe-de-la-caf-la-jss-reussit-sa-remontada\/#breadcrumb"},"inLanguage":"fr-FR","potentialAction":[{"@type":"ReadAction","target":["https:\/\/lasentinelle.dz\/index.php\/2021\/12\/07\/coupe-de-la-caf-la-jss-reussit-sa-remontada\/"]}]},{"@type":"ImageObject","inLanguage":"fr-FR","@id":"https:\/\/lasentinelle.dz\/index.php\/2021\/12\/07\/coupe-de-la-caf-la-jss-reussit-sa-remontada\/#primaryimage","url":"https:\/\/lasentinelle.dz\/wp-content\/uploads\/2021\/12\/JSS-1.jpg","contentUrl":"https:\/\/lasentinelle.dz\/wp-content\/uploads\/2021\/12\/JSS-1.jpg","width":1080,"height":810},{"@type":"BreadcrumbList","@id":"https:\/\/lasentinelle.dz\/index.php\/2021\/12\/07\/coupe-de-la-caf-la-jss-reussit-sa-remontada\/#breadcrumb","itemListElement":[{"@type":"ListItem","position":1,"name":"Accueil","item":"https:\/\/lasentinelle.dz\/"},{"@type":"ListItem","position":2,"name":"Coupe de la CAF : La JSS r\u00e9ussit sa \u00ab remontada \u00bb"}]},{"@type":"WebSite","@id":"https:\/\/lasentinelle.dz\/#website","url":"https:\/\/lasentinelle.dz\/","name":"La Sentinelle","description":"Quotidien national d&#039;information","publisher":{"@id":"https:\/\/lasentinelle.dz\/#organization"},"potentialAction":[{"@type":"SearchAction","target":{"@type":"EntryPoint","urlTemplate":"https:\/\/lasentinelle.dz\/?s={search_term_string}"},"query-input":{"@type":"PropertyValueSpecification","valueRequired":true,"valueName":"search_term_string"}}],"inLanguage":"fr-FR"},{"@type":"Organization","@id":"https:\/\/lasentinelle.dz\/#organization","name":"Quotidien La Sentinelle","url":"https:\/\/lasentinelle.dz\/","logo":{"@type":"ImageObject","inLanguage":"fr-FR","@id":"https:\/\/lasentinelle.dz\/#\/schema\/logo\/image\/","url":"https:\/\/lasentinelle.dz\/wp-content\/uploads\/2021\/09\/logo-sentinelleSLOGAN-1.png","contentUrl":"https:\/\/lasentinelle.dz\/wp-content\/uploads\/2021\/09\/logo-sentinelleSLOGAN-1.png","width":615,"height":142,"caption":"Quotidien La Sentinelle"},"image":{"@id":"https:\/\/lasentinelle.dz\/#\/schema\/logo\/image\/"},"sameAs":["https:\/\/www.facebook.com\/La-Sentinelle-104059864394773"]},{"@type":"Person","@id":"https:\/\/lasentinelle.dz\/#\/schema\/person\/d865044e22e70a75174ce8bcad3acfb3","name":"La Sentinelle","image":{"@type":"ImageObject","inLanguage":"fr-FR","@id":"https:\/\/secure.gravatar.com\/avatar\/57de8e5d4b15d43fb361a71fbb36338450fe67865b528a43dd10ef7c51a20392?s=96&d=mm&r=g","url":"https:\/\/secure.gravatar.com\/avatar\/57de8e5d4b15d43fb361a71fbb36338450fe67865b528a43dd10ef7c51a20392?s=96&d=mm&r=g","contentUrl":"https:\/\/secure.gravatar.com\/avatar\/57de8e5d4b15d43fb361a71fbb36338450fe67865b528a43dd10ef7c51a20392?s=96&d=mm&r=g","caption":"La Sentinelle"},"sameAs":["http:\/\/www.lasentinelle.dz"],"url":"https:\/\/lasentinelle.dz\/author\/redaction\/"}]}},"_links":{"self":[{"href":"https:\/\/lasentinelle.dz\/index.php\/wp-json\/wp\/v2\/posts\/14708","targetHints":{"allow":["GET"]}}],"collection":[{"href":"https:\/\/lasentinelle.dz\/index.php\/wp-json\/wp\/v2\/posts"}],"about":[{"href":"https:\/\/lasentinelle.dz\/index.php\/wp-json\/wp\/v2\/types\/post"}],"author":[{"embeddable":true,"href":"https:\/\/lasentinelle.dz\/index.php\/wp-json\/wp\/v2\/users\/3"}],"replies":[{"embeddable":true,"href":"https:\/\/lasentinelle.dz\/index.php\/wp-json\/wp\/v2\/comments?post=14708"}],"version-history":[{"count":1,"href":"https:\/\/lasentinelle.dz\/index.php\/wp-json\/wp\/v2\/posts\/14708\/revisions"}],"predecessor-version":[{"id":14710,"href":"https:\/\/lasentinelle.dz\/index.php\/wp-json\/wp\/v2\/posts\/14708\/revisions\/14710"}],"wp:featuredmedia":[{"embeddable":true,"href":"https:\/\/lasentinelle.dz\/index.php\/wp-json\/wp\/v2\/media\/14709"}],"wp:attachment":[{"href":"https:\/\/lasentinelle.dz\/index.php\/wp-json\/wp\/v2\/media?parent=14708"}],"wp:term":[{"taxonomy":"category","embeddable":true,"href":"https:\/\/lasentinelle.dz\/index.php\/wp-json\/wp\/v2\/categories?post=14708"},{"taxonomy":"post_tag","embeddable":true,"href":"https:\/\/lasentinelle.dz\/index.php\/wp-json\/wp\/v2\/tags?post=14708"}],"curies":[{"name":"wp","href":"https:\/\/api.w.org\/{rel}","templated":true}]}}