{"id":14757,"date":"2021-12-07T00:05:00","date_gmt":"2021-12-06T23:05:00","guid":{"rendered":"https:\/\/lasentinelle.dz\/?p=14757"},"modified":"2021-12-06T21:06:27","modified_gmt":"2021-12-06T20:06:27","slug":"gazoduc-transsaharien-lalgerie-et-le-nigeria-mettent-laccelerateur","status":"publish","type":"post","link":"https:\/\/lasentinelle.dz\/index.php\/2021\/12\/07\/gazoduc-transsaharien-lalgerie-et-le-nigeria-mettent-laccelerateur\/","title":{"rendered":"Gazoduc transsaharien : L&rsquo;Alg\u00e9rie et le Nigeria mettent l\u2019acc\u00e9l\u00e9rateur"},"content":{"rendered":"\n<p>L\u2019Alg\u00e9rie et le Nigeria entendent acc\u00e9l\u00e9rer la r\u00e9alisation du gazoduc transsaharien. Une infrastructure strat\u00e9gique, qui peut consolider l\u2019int\u00e9gration du continent, participer de mani\u00e8re substantielle \u00e0 la prosp\u00e9rit\u00e9 des pays qui se trouvent sur l\u2019axe du gazoduc et consolider la place de l\u2019Alg\u00e9rie et le Nigeria en tant que fournisseurs majeurs en gaz naturel du march\u00e9 mondial, et du march\u00e9 europ\u00e9en en particulier. C\u2019est dans ce contete que le Secr\u00e9taire g\u00e9n\u00e9ral du minist\u00e8re de l&rsquo;Energie et des Mines, Abdelkrim Aouissi,&nbsp;et&nbsp;le Secr\u00e9taire g\u00e9n\u00e9ral du minist\u00e8re nig\u00e9rian des Affaires \u00e9trang\u00e8res, Gabriel Tanimu Aduda,&nbsp;ont r\u00e9affirm\u00e9 la&nbsp;volont\u00e9&nbsp;des deux pays&nbsp;de \u00ab\u00a0concr\u00e9tiser rapidement\u00a0\u00bb le projet du gazoduc Trans-Saharan Gas-Pipeline (TSGP).&nbsp;Selon un communiqu\u00e9 du d\u00e9partement de l\u2019\u00c9nergie et des Mines, les deux responsables qui ont eu un&nbsp;entretien au si\u00e8ge du minist\u00e8re,&nbsp;\u00ab&nbsp;ont pass\u00e9 en revue les relations de coop\u00e9ration \u00e9nerg\u00e9tique bilat\u00e9rale et les opportunit\u00e9s d&rsquo;investissement et d&rsquo;\u00e9change d&rsquo;exp\u00e9rience entre les deux pays, notamment l&rsquo;exploration et la production des hydrocarbures, la p\u00e9trochimie, le transport et la commercialisation du GNL ainsi que la production, le transport et la distribution de l&rsquo;\u00e9lectricit\u00e9&nbsp;\u00bb.&nbsp;&nbsp;M. Aouissi a r\u00e9it\u00e9r\u00e9, \u00e0 cette occasion, \u00ab\u00a0l&rsquo;int\u00e9r\u00eat et la volont\u00e9 de l&rsquo;Alg\u00e9rie de concr\u00e9tiser rapidement le projet Trans-Saharan Gas-Pipeline, inscrit dans le cadre de la mise en oeuvre du Nouveau partenariat pour le d\u00e9veloppement de l&rsquo;Afrique (NEPAD)\u00a0\u00bb.&nbsp;Le TSGP devra relier le Nig\u00e9ria \u00e0 l&rsquo;Alg\u00e9rie en passant par le Niger. Il aura un impact certain sur le d\u00e9veloppement socio-\u00e9conomique de toutes les r\u00e9gions travers\u00e9es et permettra leur alimentation en gaz naturel et la cr\u00e9ation de postes d&#8217;emploi,&nbsp;note le d\u00e9partement de Mohamed Arkab.&nbsp;Dans cette perspective, les deux parties&nbsp;\u00ab&nbsp;ont convenu de r\u00e9activer rapidement le groupe de travail mixte en vue de poursuivre les discussions entre les experts des deux pays sur ce projet et d&rsquo;identifier d&rsquo;autres axes de coop\u00e9ration&nbsp;\u00bb.&nbsp;Il est utile de rappeler dans ce contexte que le TSGP fait partie, aux c\u00f4t\u00e9 sde la route transsaharienne et l\u2019interconnexion en fibre optique entre l\u2019Alg\u00e9rie et le Nigeria des grands projets structurants devant renforcer l\u2019int\u00e9gration africaine en reliant l\u2019Afrique du Nord \u00e0 l\u2019Afrique subsaharienne. Ainsi, le projet de c\u00e2bles \u00e0 fibre optique vise \u00e0 renforcer la connectivit\u00e9 internet entre l&rsquo;Afrique et l&rsquo;Europe. Notons dans ce sens que le pr\u00e9sident de la R\u00e9publique a ordonn\u00e9 dimanche en Conseil des ministres de multiplier les connections \u00e0 l\u2019Europe par c\u00e2bles sous-marin afin de renforcer la connectivit\u00e9.&nbsp;&nbsp;De son c\u00f4t\u00e9 la route transsaharienne de 9.900 km qui traverse \u00e9galement le Tchad et le Mali a atteint un taux d&rsquo;ach\u00e8vement d&rsquo;environ 90 %. Cette route devrait \u00e9galement permettre de relier, gr\u00e2ce \u00e0 des connexions routi\u00e8res trois ports en eaux profondes, \u00e0 savoir celui d\u2019El Hamdania \u00e0 Cherchell en Alg\u00e9rie, celui de Gab\u00e8s en Tunisie et celui de Lagos au Nigeria.&nbsp;<\/p>\n\n\n\n<p><strong>Chokri Hafed<\/strong><\/p>\n","protected":false},"excerpt":{"rendered":"<p>L\u2019Alg\u00e9rie et le Nigeria entendent acc\u00e9l\u00e9rer la r\u00e9alisation du gazoduc transsaharien. Une infrastructure strat\u00e9gique, qui peut consolider l\u2019int\u00e9gration du continent,<\/p>\n","protected":false},"author":3,"featured_media":14759,"comment_status":"open","ping_status":"closed","sticky":false,"template":"","format":"standard","meta":{"colormag_page_container_layout":"default_layout","colormag_page_sidebar_layout":"default_layout","om_disable_all_campaigns":false,"_monsterinsights_skip_tracking":false,"_monsterinsights_sitenote_active":false,"_monsterinsights_sitenote_note":"","_monsterinsights_sitenote_category":0,"footnotes":"","_wpscppro_dont_share_socialmedia":false,"_wpscppro_custom_social_share_image":0,"_facebook_share_type":"","_twitter_share_type":"","_linkedin_share_type":"","_pinterest_share_type":"","_linkedin_share_type_page":"","_instagram_share_type":"","_medium_share_type":"","_threads_share_type":"","_google_business_share_type":"","_selected_social_profile":[],"_wpsp_enable_custom_social_template":false,"_wpsp_social_scheduling":{"enabled":false,"datetime":null,"platforms":[],"status":"template_only","dateOption":"today","timeOption":"now","customDays":"","customHours":"","customDate":"","customTime":"","schedulingType":"absolute"},"_wpsp_active_default_template":true},"categories":[52,27],"tags":[],"class_list":["post-14757","post","type-post","status-publish","format-standard","has-post-thumbnail","hentry","category-a-la-une","category-actualite"],"aioseo_notices":[],"yoast_head":"<!-- This site is optimized with the Yoast SEO plugin v27.4 - https:\/\/yoast.com\/product\/yoast-seo-wordpress\/ -->\n<title>Gazoduc transsaharien : L&#039;Alg\u00e9rie et le Nigeria mettent l\u2019acc\u00e9l\u00e9rateur - La Sentinelle<\/title>\n<meta name=\"robots\" content=\"index, follow, max-snippet:-1, max-image-preview:large, max-video-preview:-1\" \/>\n<link rel=\"canonical\" href=\"https:\/\/lasentinelle.dz\/index.php\/2021\/12\/07\/gazoduc-transsaharien-lalgerie-et-le-nigeria-mettent-laccelerateur\/\" \/>\n<meta property=\"og:locale\" content=\"fr_FR\" \/>\n<meta property=\"og:type\" content=\"article\" \/>\n<meta property=\"og:title\" content=\"Gazoduc transsaharien : L&#039;Alg\u00e9rie et le Nigeria mettent l\u2019acc\u00e9l\u00e9rateur - La Sentinelle\" \/>\n<meta property=\"og:description\" content=\"L\u2019Alg\u00e9rie et le Nigeria entendent acc\u00e9l\u00e9rer la r\u00e9alisation du gazoduc transsaharien. Une infrastructure strat\u00e9gique, qui peut consolider l\u2019int\u00e9gration du continent,\" \/>\n<meta property=\"og:url\" content=\"https:\/\/lasentinelle.dz\/index.php\/2021\/12\/07\/gazoduc-transsaharien-lalgerie-et-le-nigeria-mettent-laccelerateur\/\" \/>\n<meta property=\"og:site_name\" content=\"La Sentinelle\" \/>\n<meta property=\"article:publisher\" content=\"https:\/\/www.facebook.com\/La-Sentinelle-104059864394773\" \/>\n<meta property=\"article:published_time\" content=\"2021-12-06T23:05:00+00:00\" \/>\n<meta property=\"og:image\" content=\"https:\/\/lasentinelle.dz\/wp-content\/uploads\/2021\/12\/Sans-titre-1-1.png\" \/>\n\t<meta property=\"og:image:width\" content=\"1395\" \/>\n\t<meta property=\"og:image:height\" content=\"900\" \/>\n\t<meta property=\"og:image:type\" content=\"image\/png\" \/>\n<meta name=\"author\" content=\"La Sentinelle\" \/>\n<meta name=\"twitter:card\" content=\"summary_large_image\" \/>\n<meta name=\"twitter:label1\" content=\"\u00c9crit par\" \/>\n\t<meta name=\"twitter:data1\" content=\"La Sentinelle\" \/>\n\t<meta name=\"twitter:label2\" content=\"Dur\u00e9e de lecture estim\u00e9e\" \/>\n\t<meta name=\"twitter:data2\" content=\"2 minutes\" \/>\n<script type=\"application\/ld+json\" class=\"yoast-schema-graph\">{\"@context\":\"https:\\\/\\\/schema.org\",\"@graph\":[{\"@type\":\"Article\",\"@id\":\"https:\\\/\\\/lasentinelle.dz\\\/index.php\\\/2021\\\/12\\\/07\\\/gazoduc-transsaharien-lalgerie-et-le-nigeria-mettent-laccelerateur\\\/#article\",\"isPartOf\":{\"@id\":\"https:\\\/\\\/lasentinelle.dz\\\/index.php\\\/2021\\\/12\\\/07\\\/gazoduc-transsaharien-lalgerie-et-le-nigeria-mettent-laccelerateur\\\/\"},\"author\":{\"name\":\"La Sentinelle\",\"@id\":\"https:\\\/\\\/lasentinelle.dz\\\/#\\\/schema\\\/person\\\/d865044e22e70a75174ce8bcad3acfb3\"},\"headline\":\"Gazoduc transsaharien : L&rsquo;Alg\u00e9rie et le Nigeria mettent l\u2019acc\u00e9l\u00e9rateur\",\"datePublished\":\"2021-12-06T23:05:00+00:00\",\"mainEntityOfPage\":{\"@id\":\"https:\\\/\\\/lasentinelle.dz\\\/index.php\\\/2021\\\/12\\\/07\\\/gazoduc-transsaharien-lalgerie-et-le-nigeria-mettent-laccelerateur\\\/\"},\"wordCount\":572,\"commentCount\":0,\"publisher\":{\"@id\":\"https:\\\/\\\/lasentinelle.dz\\\/#organization\"},\"image\":{\"@id\":\"https:\\\/\\\/lasentinelle.dz\\\/index.php\\\/2021\\\/12\\\/07\\\/gazoduc-transsaharien-lalgerie-et-le-nigeria-mettent-laccelerateur\\\/#primaryimage\"},\"thumbnailUrl\":\"https:\\\/\\\/lasentinelle.dz\\\/wp-content\\\/uploads\\\/2021\\\/12\\\/Sans-titre-1-1.png\",\"articleSection\":[\"\u00c0 la Une\",\"Actualit\u00e9\"],\"inLanguage\":\"fr-FR\",\"potentialAction\":[{\"@type\":\"CommentAction\",\"name\":\"Comment\",\"target\":[\"https:\\\/\\\/lasentinelle.dz\\\/index.php\\\/2021\\\/12\\\/07\\\/gazoduc-transsaharien-lalgerie-et-le-nigeria-mettent-laccelerateur\\\/#respond\"]}]},{\"@type\":\"WebPage\",\"@id\":\"https:\\\/\\\/lasentinelle.dz\\\/index.php\\\/2021\\\/12\\\/07\\\/gazoduc-transsaharien-lalgerie-et-le-nigeria-mettent-laccelerateur\\\/\",\"url\":\"https:\\\/\\\/lasentinelle.dz\\\/index.php\\\/2021\\\/12\\\/07\\\/gazoduc-transsaharien-lalgerie-et-le-nigeria-mettent-laccelerateur\\\/\",\"name\":\"Gazoduc transsaharien : L'Alg\u00e9rie et le Nigeria mettent l\u2019acc\u00e9l\u00e9rateur - La Sentinelle\",\"isPartOf\":{\"@id\":\"https:\\\/\\\/lasentinelle.dz\\\/#website\"},\"primaryImageOfPage\":{\"@id\":\"https:\\\/\\\/lasentinelle.dz\\\/index.php\\\/2021\\\/12\\\/07\\\/gazoduc-transsaharien-lalgerie-et-le-nigeria-mettent-laccelerateur\\\/#primaryimage\"},\"image\":{\"@id\":\"https:\\\/\\\/lasentinelle.dz\\\/index.php\\\/2021\\\/12\\\/07\\\/gazoduc-transsaharien-lalgerie-et-le-nigeria-mettent-laccelerateur\\\/#primaryimage\"},\"thumbnailUrl\":\"https:\\\/\\\/lasentinelle.dz\\\/wp-content\\\/uploads\\\/2021\\\/12\\\/Sans-titre-1-1.png\",\"datePublished\":\"2021-12-06T23:05:00+00:00\",\"breadcrumb\":{\"@id\":\"https:\\\/\\\/lasentinelle.dz\\\/index.php\\\/2021\\\/12\\\/07\\\/gazoduc-transsaharien-lalgerie-et-le-nigeria-mettent-laccelerateur\\\/#breadcrumb\"},\"inLanguage\":\"fr-FR\",\"potentialAction\":[{\"@type\":\"ReadAction\",\"target\":[\"https:\\\/\\\/lasentinelle.dz\\\/index.php\\\/2021\\\/12\\\/07\\\/gazoduc-transsaharien-lalgerie-et-le-nigeria-mettent-laccelerateur\\\/\"]}]},{\"@type\":\"ImageObject\",\"inLanguage\":\"fr-FR\",\"@id\":\"https:\\\/\\\/lasentinelle.dz\\\/index.php\\\/2021\\\/12\\\/07\\\/gazoduc-transsaharien-lalgerie-et-le-nigeria-mettent-laccelerateur\\\/#primaryimage\",\"url\":\"https:\\\/\\\/lasentinelle.dz\\\/wp-content\\\/uploads\\\/2021\\\/12\\\/Sans-titre-1-1.png\",\"contentUrl\":\"https:\\\/\\\/lasentinelle.dz\\\/wp-content\\\/uploads\\\/2021\\\/12\\\/Sans-titre-1-1.png\",\"width\":1395,\"height\":900},{\"@type\":\"BreadcrumbList\",\"@id\":\"https:\\\/\\\/lasentinelle.dz\\\/index.php\\\/2021\\\/12\\\/07\\\/gazoduc-transsaharien-lalgerie-et-le-nigeria-mettent-laccelerateur\\\/#breadcrumb\",\"itemListElement\":[{\"@type\":\"ListItem\",\"position\":1,\"name\":\"Accueil\",\"item\":\"https:\\\/\\\/lasentinelle.dz\\\/\"},{\"@type\":\"ListItem\",\"position\":2,\"name\":\"Gazoduc transsaharien : L&rsquo;Alg\u00e9rie et le Nigeria mettent l\u2019acc\u00e9l\u00e9rateur\"}]},{\"@type\":\"WebSite\",\"@id\":\"https:\\\/\\\/lasentinelle.dz\\\/#website\",\"url\":\"https:\\\/\\\/lasentinelle.dz\\\/\",\"name\":\"La Sentinelle\",\"description\":\"Quotidien national d&#039;information\",\"publisher\":{\"@id\":\"https:\\\/\\\/lasentinelle.dz\\\/#organization\"},\"potentialAction\":[{\"@type\":\"SearchAction\",\"target\":{\"@type\":\"EntryPoint\",\"urlTemplate\":\"https:\\\/\\\/lasentinelle.dz\\\/?s={search_term_string}\"},\"query-input\":{\"@type\":\"PropertyValueSpecification\",\"valueRequired\":true,\"valueName\":\"search_term_string\"}}],\"inLanguage\":\"fr-FR\"},{\"@type\":\"Organization\",\"@id\":\"https:\\\/\\\/lasentinelle.dz\\\/#organization\",\"name\":\"Quotidien La Sentinelle\",\"url\":\"https:\\\/\\\/lasentinelle.dz\\\/\",\"logo\":{\"@type\":\"ImageObject\",\"inLanguage\":\"fr-FR\",\"@id\":\"https:\\\/\\\/lasentinelle.dz\\\/#\\\/schema\\\/logo\\\/image\\\/\",\"url\":\"https:\\\/\\\/lasentinelle.dz\\\/wp-content\\\/uploads\\\/2021\\\/09\\\/logo-sentinelleSLOGAN-1.png\",\"contentUrl\":\"https:\\\/\\\/lasentinelle.dz\\\/wp-content\\\/uploads\\\/2021\\\/09\\\/logo-sentinelleSLOGAN-1.png\",\"width\":615,\"height\":142,\"caption\":\"Quotidien La Sentinelle\"},\"image\":{\"@id\":\"https:\\\/\\\/lasentinelle.dz\\\/#\\\/schema\\\/logo\\\/image\\\/\"},\"sameAs\":[\"https:\\\/\\\/www.facebook.com\\\/La-Sentinelle-104059864394773\"]},{\"@type\":\"Person\",\"@id\":\"https:\\\/\\\/lasentinelle.dz\\\/#\\\/schema\\\/person\\\/d865044e22e70a75174ce8bcad3acfb3\",\"name\":\"La Sentinelle\",\"image\":{\"@type\":\"ImageObject\",\"inLanguage\":\"fr-FR\",\"@id\":\"https:\\\/\\\/secure.gravatar.com\\\/avatar\\\/57de8e5d4b15d43fb361a71fbb36338450fe67865b528a43dd10ef7c51a20392?s=96&d=mm&r=g\",\"url\":\"https:\\\/\\\/secure.gravatar.com\\\/avatar\\\/57de8e5d4b15d43fb361a71fbb36338450fe67865b528a43dd10ef7c51a20392?s=96&d=mm&r=g\",\"contentUrl\":\"https:\\\/\\\/secure.gravatar.com\\\/avatar\\\/57de8e5d4b15d43fb361a71fbb36338450fe67865b528a43dd10ef7c51a20392?s=96&d=mm&r=g\",\"caption\":\"La Sentinelle\"},\"sameAs\":[\"http:\\\/\\\/www.lasentinelle.dz\"],\"url\":\"https:\\\/\\\/lasentinelle.dz\\\/author\\\/redaction\\\/\"}]}<\/script>\n<!-- \/ Yoast SEO plugin. -->","yoast_head_json":{"title":"Gazoduc transsaharien : L'Alg\u00e9rie et le Nigeria mettent l\u2019acc\u00e9l\u00e9rateur - La Sentinelle","robots":{"index":"index","follow":"follow","max-snippet":"max-snippet:-1","max-image-preview":"max-image-preview:large","max-video-preview":"max-video-preview:-1"},"canonical":"https:\/\/lasentinelle.dz\/index.php\/2021\/12\/07\/gazoduc-transsaharien-lalgerie-et-le-nigeria-mettent-laccelerateur\/","og_locale":"fr_FR","og_type":"article","og_title":"Gazoduc transsaharien : L'Alg\u00e9rie et le Nigeria mettent l\u2019acc\u00e9l\u00e9rateur - La Sentinelle","og_description":"L\u2019Alg\u00e9rie et le Nigeria entendent acc\u00e9l\u00e9rer la r\u00e9alisation du gazoduc transsaharien. Une infrastructure strat\u00e9gique, qui peut consolider l\u2019int\u00e9gration du continent,","og_url":"https:\/\/lasentinelle.dz\/index.php\/2021\/12\/07\/gazoduc-transsaharien-lalgerie-et-le-nigeria-mettent-laccelerateur\/","og_site_name":"La Sentinelle","article_publisher":"https:\/\/www.facebook.com\/La-Sentinelle-104059864394773","article_published_time":"2021-12-06T23:05:00+00:00","og_image":[{"width":1395,"height":900,"url":"https:\/\/lasentinelle.dz\/wp-content\/uploads\/2021\/12\/Sans-titre-1-1.png","type":"image\/png"}],"author":"La Sentinelle","twitter_card":"summary_large_image","twitter_misc":{"\u00c9crit par":"La Sentinelle","Dur\u00e9e de lecture estim\u00e9e":"2 minutes"},"schema":{"@context":"https:\/\/schema.org","@graph":[{"@type":"Article","@id":"https:\/\/lasentinelle.dz\/index.php\/2021\/12\/07\/gazoduc-transsaharien-lalgerie-et-le-nigeria-mettent-laccelerateur\/#article","isPartOf":{"@id":"https:\/\/lasentinelle.dz\/index.php\/2021\/12\/07\/gazoduc-transsaharien-lalgerie-et-le-nigeria-mettent-laccelerateur\/"},"author":{"name":"La Sentinelle","@id":"https:\/\/lasentinelle.dz\/#\/schema\/person\/d865044e22e70a75174ce8bcad3acfb3"},"headline":"Gazoduc transsaharien : L&rsquo;Alg\u00e9rie et le Nigeria mettent l\u2019acc\u00e9l\u00e9rateur","datePublished":"2021-12-06T23:05:00+00:00","mainEntityOfPage":{"@id":"https:\/\/lasentinelle.dz\/index.php\/2021\/12\/07\/gazoduc-transsaharien-lalgerie-et-le-nigeria-mettent-laccelerateur\/"},"wordCount":572,"commentCount":0,"publisher":{"@id":"https:\/\/lasentinelle.dz\/#organization"},"image":{"@id":"https:\/\/lasentinelle.dz\/index.php\/2021\/12\/07\/gazoduc-transsaharien-lalgerie-et-le-nigeria-mettent-laccelerateur\/#primaryimage"},"thumbnailUrl":"https:\/\/lasentinelle.dz\/wp-content\/uploads\/2021\/12\/Sans-titre-1-1.png","articleSection":["\u00c0 la Une","Actualit\u00e9"],"inLanguage":"fr-FR","potentialAction":[{"@type":"CommentAction","name":"Comment","target":["https:\/\/lasentinelle.dz\/index.php\/2021\/12\/07\/gazoduc-transsaharien-lalgerie-et-le-nigeria-mettent-laccelerateur\/#respond"]}]},{"@type":"WebPage","@id":"https:\/\/lasentinelle.dz\/index.php\/2021\/12\/07\/gazoduc-transsaharien-lalgerie-et-le-nigeria-mettent-laccelerateur\/","url":"https:\/\/lasentinelle.dz\/index.php\/2021\/12\/07\/gazoduc-transsaharien-lalgerie-et-le-nigeria-mettent-laccelerateur\/","name":"Gazoduc transsaharien : L'Alg\u00e9rie et le Nigeria mettent l\u2019acc\u00e9l\u00e9rateur - La Sentinelle","isPartOf":{"@id":"https:\/\/lasentinelle.dz\/#website"},"primaryImageOfPage":{"@id":"https:\/\/lasentinelle.dz\/index.php\/2021\/12\/07\/gazoduc-transsaharien-lalgerie-et-le-nigeria-mettent-laccelerateur\/#primaryimage"},"image":{"@id":"https:\/\/lasentinelle.dz\/index.php\/2021\/12\/07\/gazoduc-transsaharien-lalgerie-et-le-nigeria-mettent-laccelerateur\/#primaryimage"},"thumbnailUrl":"https:\/\/lasentinelle.dz\/wp-content\/uploads\/2021\/12\/Sans-titre-1-1.png","datePublished":"2021-12-06T23:05:00+00:00","breadcrumb":{"@id":"https:\/\/lasentinelle.dz\/index.php\/2021\/12\/07\/gazoduc-transsaharien-lalgerie-et-le-nigeria-mettent-laccelerateur\/#breadcrumb"},"inLanguage":"fr-FR","potentialAction":[{"@type":"ReadAction","target":["https:\/\/lasentinelle.dz\/index.php\/2021\/12\/07\/gazoduc-transsaharien-lalgerie-et-le-nigeria-mettent-laccelerateur\/"]}]},{"@type":"ImageObject","inLanguage":"fr-FR","@id":"https:\/\/lasentinelle.dz\/index.php\/2021\/12\/07\/gazoduc-transsaharien-lalgerie-et-le-nigeria-mettent-laccelerateur\/#primaryimage","url":"https:\/\/lasentinelle.dz\/wp-content\/uploads\/2021\/12\/Sans-titre-1-1.png","contentUrl":"https:\/\/lasentinelle.dz\/wp-content\/uploads\/2021\/12\/Sans-titre-1-1.png","width":1395,"height":900},{"@type":"BreadcrumbList","@id":"https:\/\/lasentinelle.dz\/index.php\/2021\/12\/07\/gazoduc-transsaharien-lalgerie-et-le-nigeria-mettent-laccelerateur\/#breadcrumb","itemListElement":[{"@type":"ListItem","position":1,"name":"Accueil","item":"https:\/\/lasentinelle.dz\/"},{"@type":"ListItem","position":2,"name":"Gazoduc transsaharien : L&rsquo;Alg\u00e9rie et le Nigeria mettent l\u2019acc\u00e9l\u00e9rateur"}]},{"@type":"WebSite","@id":"https:\/\/lasentinelle.dz\/#website","url":"https:\/\/lasentinelle.dz\/","name":"La Sentinelle","description":"Quotidien national d&#039;information","publisher":{"@id":"https:\/\/lasentinelle.dz\/#organization"},"potentialAction":[{"@type":"SearchAction","target":{"@type":"EntryPoint","urlTemplate":"https:\/\/lasentinelle.dz\/?s={search_term_string}"},"query-input":{"@type":"PropertyValueSpecification","valueRequired":true,"valueName":"search_term_string"}}],"inLanguage":"fr-FR"},{"@type":"Organization","@id":"https:\/\/lasentinelle.dz\/#organization","name":"Quotidien La Sentinelle","url":"https:\/\/lasentinelle.dz\/","logo":{"@type":"ImageObject","inLanguage":"fr-FR","@id":"https:\/\/lasentinelle.dz\/#\/schema\/logo\/image\/","url":"https:\/\/lasentinelle.dz\/wp-content\/uploads\/2021\/09\/logo-sentinelleSLOGAN-1.png","contentUrl":"https:\/\/lasentinelle.dz\/wp-content\/uploads\/2021\/09\/logo-sentinelleSLOGAN-1.png","width":615,"height":142,"caption":"Quotidien La Sentinelle"},"image":{"@id":"https:\/\/lasentinelle.dz\/#\/schema\/logo\/image\/"},"sameAs":["https:\/\/www.facebook.com\/La-Sentinelle-104059864394773"]},{"@type":"Person","@id":"https:\/\/lasentinelle.dz\/#\/schema\/person\/d865044e22e70a75174ce8bcad3acfb3","name":"La Sentinelle","image":{"@type":"ImageObject","inLanguage":"fr-FR","@id":"https:\/\/secure.gravatar.com\/avatar\/57de8e5d4b15d43fb361a71fbb36338450fe67865b528a43dd10ef7c51a20392?s=96&d=mm&r=g","url":"https:\/\/secure.gravatar.com\/avatar\/57de8e5d4b15d43fb361a71fbb36338450fe67865b528a43dd10ef7c51a20392?s=96&d=mm&r=g","contentUrl":"https:\/\/secure.gravatar.com\/avatar\/57de8e5d4b15d43fb361a71fbb36338450fe67865b528a43dd10ef7c51a20392?s=96&d=mm&r=g","caption":"La Sentinelle"},"sameAs":["http:\/\/www.lasentinelle.dz"],"url":"https:\/\/lasentinelle.dz\/author\/redaction\/"}]}},"_links":{"self":[{"href":"https:\/\/lasentinelle.dz\/index.php\/wp-json\/wp\/v2\/posts\/14757","targetHints":{"allow":["GET"]}}],"collection":[{"href":"https:\/\/lasentinelle.dz\/index.php\/wp-json\/wp\/v2\/posts"}],"about":[{"href":"https:\/\/lasentinelle.dz\/index.php\/wp-json\/wp\/v2\/types\/post"}],"author":[{"embeddable":true,"href":"https:\/\/lasentinelle.dz\/index.php\/wp-json\/wp\/v2\/users\/3"}],"replies":[{"embeddable":true,"href":"https:\/\/lasentinelle.dz\/index.php\/wp-json\/wp\/v2\/comments?post=14757"}],"version-history":[{"count":1,"href":"https:\/\/lasentinelle.dz\/index.php\/wp-json\/wp\/v2\/posts\/14757\/revisions"}],"predecessor-version":[{"id":14760,"href":"https:\/\/lasentinelle.dz\/index.php\/wp-json\/wp\/v2\/posts\/14757\/revisions\/14760"}],"wp:featuredmedia":[{"embeddable":true,"href":"https:\/\/lasentinelle.dz\/index.php\/wp-json\/wp\/v2\/media\/14759"}],"wp:attachment":[{"href":"https:\/\/lasentinelle.dz\/index.php\/wp-json\/wp\/v2\/media?parent=14757"}],"wp:term":[{"taxonomy":"category","embeddable":true,"href":"https:\/\/lasentinelle.dz\/index.php\/wp-json\/wp\/v2\/categories?post=14757"},{"taxonomy":"post_tag","embeddable":true,"href":"https:\/\/lasentinelle.dz\/index.php\/wp-json\/wp\/v2\/tags?post=14757"}],"curies":[{"name":"wp","href":"https:\/\/api.w.org\/{rel}","templated":true}]}}