{"id":14831,"date":"2021-12-09T00:01:00","date_gmt":"2021-12-08T23:01:00","guid":{"rendered":"https:\/\/lasentinelle.dz\/?p=14831"},"modified":"2021-12-08T18:39:24","modified_gmt":"2021-12-08T17:39:24","slug":"annaba-premier-salon-regional-de-lexportation","status":"publish","type":"post","link":"https:\/\/lasentinelle.dz\/index.php\/2021\/12\/09\/annaba-premier-salon-regional-de-lexportation\/","title":{"rendered":"Annaba : Premier Salon r\u00e9gional de l\u2019exportation"},"content":{"rendered":"\n<p>Le Premier salon r\u00e9gional de l\u2019exportation s\u2019est ouvert hier \u00e0 Annaba.&nbsp;<\/p>\n\n\n\n<p>Un \u00e9v\u00e9nement premier du genre auquel ont pris part, les de 60 investisseurs exposants, repr\u00e9sentant plusieurs activit\u00e9s, dont l&rsquo;agroalimentaire, l\u2019emballage de conserveries, l&rsquo;industrie pharmaceutique entre autres. L&rsquo;\u00e9v\u00e9nement organis\u00e9 \u00e0 l\u2019initiative de la CCI d\u2019Annaba a enregistr\u00e9 la pr\u00e9sence de d\u2019op\u00e9rateurs \u00e9conomiques, investisseurs et producteurs de divers secteurs \u00e9conomiques, de quatre wilayas Souk Ahras, El Tarf, Guelma et Annaba. Ce premier salon du genre, qui s\u2019inscrit dans le cadre de la promotion de l\u2019exportation hors hydrocarbures, a \u00e9t\u00e9 marqu\u00e9 par une forte pr\u00e9sence d\u2019investisseurs \u00e0 la recherche de m\u00e9canismes pour l\u2019am\u00e9lioration du climat des affaires. Au-del\u00e0, les participants aspirent \u00e0 attirer des investissements cr\u00e9ateurs de richesses et b\u00e9n\u00e9ficier de l\u2019accompagnement de l\u2019\u00e9tat pour att\u00e9nuer les diff\u00e9rentes contraintes. Le directeur g\u00e9n\u00e9ral du contr\u00f4le \u00e9conomique et de la r\u00e9pression de la fraude, relevant du minist\u00e8re du Commerce , Mohamed Louahaidya, a insist\u00e9 sur la n\u00e9cessit\u00e9 d\u2019investir les march\u00e9s ext\u00e9rieurs, au regard des avantages octroy\u00e9s par le biais de la plateforme de l\u2019export. \u00ab&nbsp;Le wali d\u2019Annaba et les autorit\u00e9s locales se sont engag\u00e9s \u00e0 accompagner les producteurs, notamment les jeunes investisseurs&nbsp;\u00bb, a indiqu\u00e9 le repr\u00e9sentant du minist\u00e8re du Commerce. Il est \u00e0 noter que la tenue de ce salon intervient dans un contexte qualifi\u00e9 de favorable, par les investisseurs, qui ont \u00e9t\u00e9 unanimes quant aux instructions du chef de l\u2019\u00c9tat pour la lev\u00e9e des contraintes sur l\u2019investissement industriel. \u00ab&nbsp;Nous avons vraiment besoin que le secteur de l\u2019investissement soit pris en charge \u00e0 haut niveau. Car, c\u2019est le parent pauvre de la wilaya d\u2019Annaba qui rec\u00e8le d\u2019importantes potentialit\u00e9s et de zones d\u2019activit\u00e9s qui ne sont que l\u2019ombre d&rsquo;elles-m\u00eames&nbsp;\u00bb, a fait savoir un jeune exposant vers\u00e9 dans l\u2019industrie pharmaceutique. Les contraintes bureaucratiques auxquelles sont soumis des centaines de projets d\u2019investissement dans la wilaya d\u2019Annaba, semble conna\u00eetre le bout du tunnel, puisque convient-il de souligner, pas moins de 420 dossiers de projets d\u2019investissement ont \u00e9t\u00e9 d\u00e9poussi\u00e9r\u00e9s et r\u00e9gl\u00e9s, par la cellule d\u2019\u00e9coute pr\u00e9sid\u00e9e par le wali d\u2019Annaba. Ce responsable a, depuis la mise en place de cette cellule d\u2019\u00e9coute des investisseurs a, non seulement lev\u00e9 toutes les contraintes administratives mais, aussi, motiv\u00e9 des centaines de jeunes porteurs de projets \u00e0 vouloir investir plusieurs secteurs d\u2019activit\u00e9. Des demandes notamment en mati\u00e8re de d\u2019assiettes fonci\u00e8res. Un segment qui \u00e0 l\u2019issu de l\u2019op\u00e9ration de l\u2019assainissement du foncier industriel dans la wilaya d\u2019Annaba, est parvenu \u00e0 r\u00e9cup\u00e9rer des centaines d\u2019hectares. \u00ab&nbsp;Nous avons r\u00e9cup\u00e9r\u00e9 pr\u00e8s de 60.000 hectares de fonciers industriel non exploit\u00e9 qui sera redistribu\u00e9 aux porteurs de projets bloqu\u00e9s&nbsp;\u00bb, a fait savoir le wali d\u2019Annaba. Dans ce sillage, le m\u00eame responsable a soulign\u00e9 que l\u2019investissement est une priorit\u00e9 pour lui , car \u00ab&nbsp;nous voulons cr\u00e9er un climat favorable aux investissements \u00e0 la hauteur des besoins de la wilaya&nbsp;\u00bb, a-t-il dit. En ce sens, on apprend que de petites zones seront cr\u00e9\u00e9es au profit des jeunes porteurs de petits projets.&nbsp;<\/p>\n\n\n\n<p><strong>Sofia Chahine<\/strong><\/p>\n","protected":false},"excerpt":{"rendered":"<p>Le Premier salon r\u00e9gional de l\u2019exportation s\u2019est ouvert hier \u00e0 Annaba.&nbsp; Un \u00e9v\u00e9nement premier du genre auquel ont pris part,<\/p>\n","protected":false},"author":3,"featured_media":14832,"comment_status":"open","ping_status":"closed","sticky":false,"template":"","format":"standard","meta":{"colormag_page_container_layout":"default_layout","colormag_page_sidebar_layout":"default_layout","om_disable_all_campaigns":false,"_monsterinsights_skip_tracking":false,"_monsterinsights_sitenote_active":false,"_monsterinsights_sitenote_note":"","_monsterinsights_sitenote_category":0,"footnotes":"","_wpscppro_dont_share_socialmedia":false,"_wpscppro_custom_social_share_image":0,"_facebook_share_type":"","_twitter_share_type":"","_linkedin_share_type":"","_pinterest_share_type":"","_linkedin_share_type_page":"","_instagram_share_type":"","_medium_share_type":"","_threads_share_type":"","_google_business_share_type":"","_selected_social_profile":[],"_wpsp_enable_custom_social_template":false,"_wpsp_social_scheduling":{"enabled":false,"datetime":null,"platforms":[],"status":"template_only","dateOption":"today","timeOption":"now","customDays":"","customHours":"","customDate":"","customTime":"","schedulingType":"absolute"},"_wpsp_active_default_template":true},"categories":[31],"tags":[],"class_list":["post-14831","post","type-post","status-publish","format-standard","has-post-thumbnail","hentry","category-regions"],"aioseo_notices":[],"yoast_head":"<!-- This site is optimized with the Yoast SEO plugin v27.5 - https:\/\/yoast.com\/product\/yoast-seo-wordpress\/ -->\n<title>Annaba : Premier Salon r\u00e9gional de l\u2019exportation - La Sentinelle<\/title>\n<meta name=\"robots\" content=\"index, follow, max-snippet:-1, max-image-preview:large, max-video-preview:-1\" \/>\n<link rel=\"canonical\" href=\"https:\/\/lasentinelle.dz\/index.php\/2021\/12\/09\/annaba-premier-salon-regional-de-lexportation\/\" \/>\n<meta property=\"og:locale\" content=\"fr_FR\" \/>\n<meta property=\"og:type\" content=\"article\" \/>\n<meta property=\"og:title\" content=\"Annaba : Premier Salon r\u00e9gional de l\u2019exportation - La Sentinelle\" \/>\n<meta property=\"og:description\" content=\"Le Premier salon r\u00e9gional de l\u2019exportation s\u2019est ouvert hier \u00e0 Annaba.&nbsp; Un \u00e9v\u00e9nement premier du genre auquel ont pris part,\" \/>\n<meta property=\"og:url\" content=\"https:\/\/lasentinelle.dz\/index.php\/2021\/12\/09\/annaba-premier-salon-regional-de-lexportation\/\" \/>\n<meta property=\"og:site_name\" content=\"La Sentinelle\" \/>\n<meta property=\"article:publisher\" content=\"https:\/\/www.facebook.com\/La-Sentinelle-104059864394773\" \/>\n<meta property=\"article:published_time\" content=\"2021-12-08T23:01:00+00:00\" \/>\n<meta property=\"og:image\" content=\"https:\/\/lasentinelle.dz\/wp-content\/uploads\/2021\/12\/658.jpg\" \/>\n\t<meta property=\"og:image:width\" content=\"850\" \/>\n\t<meta property=\"og:image:height\" content=\"480\" \/>\n\t<meta property=\"og:image:type\" content=\"image\/jpeg\" \/>\n<meta name=\"author\" content=\"La Sentinelle\" \/>\n<meta name=\"twitter:card\" content=\"summary_large_image\" \/>\n<meta name=\"twitter:label1\" content=\"\u00c9crit par\" \/>\n\t<meta name=\"twitter:data1\" content=\"La Sentinelle\" \/>\n\t<meta name=\"twitter:label2\" content=\"Dur\u00e9e de lecture estim\u00e9e\" \/>\n\t<meta name=\"twitter:data2\" content=\"3 minutes\" \/>\n<script type=\"application\/ld+json\" class=\"yoast-schema-graph\">{\"@context\":\"https:\\\/\\\/schema.org\",\"@graph\":[{\"@type\":\"Article\",\"@id\":\"https:\\\/\\\/lasentinelle.dz\\\/index.php\\\/2021\\\/12\\\/09\\\/annaba-premier-salon-regional-de-lexportation\\\/#article\",\"isPartOf\":{\"@id\":\"https:\\\/\\\/lasentinelle.dz\\\/index.php\\\/2021\\\/12\\\/09\\\/annaba-premier-salon-regional-de-lexportation\\\/\"},\"author\":{\"name\":\"La Sentinelle\",\"@id\":\"https:\\\/\\\/lasentinelle.dz\\\/#\\\/schema\\\/person\\\/d865044e22e70a75174ce8bcad3acfb3\"},\"headline\":\"Annaba : Premier Salon r\u00e9gional de l\u2019exportation\",\"datePublished\":\"2021-12-08T23:01:00+00:00\",\"mainEntityOfPage\":{\"@id\":\"https:\\\/\\\/lasentinelle.dz\\\/index.php\\\/2021\\\/12\\\/09\\\/annaba-premier-salon-regional-de-lexportation\\\/\"},\"wordCount\":580,\"commentCount\":0,\"publisher\":{\"@id\":\"https:\\\/\\\/lasentinelle.dz\\\/#organization\"},\"image\":{\"@id\":\"https:\\\/\\\/lasentinelle.dz\\\/index.php\\\/2021\\\/12\\\/09\\\/annaba-premier-salon-regional-de-lexportation\\\/#primaryimage\"},\"thumbnailUrl\":\"https:\\\/\\\/lasentinelle.dz\\\/wp-content\\\/uploads\\\/2021\\\/12\\\/658.jpg\",\"articleSection\":[\"R\u00e9gions\"],\"inLanguage\":\"fr-FR\",\"potentialAction\":[{\"@type\":\"CommentAction\",\"name\":\"Comment\",\"target\":[\"https:\\\/\\\/lasentinelle.dz\\\/index.php\\\/2021\\\/12\\\/09\\\/annaba-premier-salon-regional-de-lexportation\\\/#respond\"]}]},{\"@type\":\"WebPage\",\"@id\":\"https:\\\/\\\/lasentinelle.dz\\\/index.php\\\/2021\\\/12\\\/09\\\/annaba-premier-salon-regional-de-lexportation\\\/\",\"url\":\"https:\\\/\\\/lasentinelle.dz\\\/index.php\\\/2021\\\/12\\\/09\\\/annaba-premier-salon-regional-de-lexportation\\\/\",\"name\":\"Annaba : Premier Salon r\u00e9gional de l\u2019exportation - La Sentinelle\",\"isPartOf\":{\"@id\":\"https:\\\/\\\/lasentinelle.dz\\\/#website\"},\"primaryImageOfPage\":{\"@id\":\"https:\\\/\\\/lasentinelle.dz\\\/index.php\\\/2021\\\/12\\\/09\\\/annaba-premier-salon-regional-de-lexportation\\\/#primaryimage\"},\"image\":{\"@id\":\"https:\\\/\\\/lasentinelle.dz\\\/index.php\\\/2021\\\/12\\\/09\\\/annaba-premier-salon-regional-de-lexportation\\\/#primaryimage\"},\"thumbnailUrl\":\"https:\\\/\\\/lasentinelle.dz\\\/wp-content\\\/uploads\\\/2021\\\/12\\\/658.jpg\",\"datePublished\":\"2021-12-08T23:01:00+00:00\",\"breadcrumb\":{\"@id\":\"https:\\\/\\\/lasentinelle.dz\\\/index.php\\\/2021\\\/12\\\/09\\\/annaba-premier-salon-regional-de-lexportation\\\/#breadcrumb\"},\"inLanguage\":\"fr-FR\",\"potentialAction\":[{\"@type\":\"ReadAction\",\"target\":[\"https:\\\/\\\/lasentinelle.dz\\\/index.php\\\/2021\\\/12\\\/09\\\/annaba-premier-salon-regional-de-lexportation\\\/\"]}]},{\"@type\":\"ImageObject\",\"inLanguage\":\"fr-FR\",\"@id\":\"https:\\\/\\\/lasentinelle.dz\\\/index.php\\\/2021\\\/12\\\/09\\\/annaba-premier-salon-regional-de-lexportation\\\/#primaryimage\",\"url\":\"https:\\\/\\\/lasentinelle.dz\\\/wp-content\\\/uploads\\\/2021\\\/12\\\/658.jpg\",\"contentUrl\":\"https:\\\/\\\/lasentinelle.dz\\\/wp-content\\\/uploads\\\/2021\\\/12\\\/658.jpg\",\"width\":850,\"height\":480},{\"@type\":\"BreadcrumbList\",\"@id\":\"https:\\\/\\\/lasentinelle.dz\\\/index.php\\\/2021\\\/12\\\/09\\\/annaba-premier-salon-regional-de-lexportation\\\/#breadcrumb\",\"itemListElement\":[{\"@type\":\"ListItem\",\"position\":1,\"name\":\"Accueil\",\"item\":\"https:\\\/\\\/lasentinelle.dz\\\/\"},{\"@type\":\"ListItem\",\"position\":2,\"name\":\"Annaba : Premier Salon r\u00e9gional de l\u2019exportation\"}]},{\"@type\":\"WebSite\",\"@id\":\"https:\\\/\\\/lasentinelle.dz\\\/#website\",\"url\":\"https:\\\/\\\/lasentinelle.dz\\\/\",\"name\":\"La Sentinelle\",\"description\":\"Quotidien national d&#039;information\",\"publisher\":{\"@id\":\"https:\\\/\\\/lasentinelle.dz\\\/#organization\"},\"potentialAction\":[{\"@type\":\"SearchAction\",\"target\":{\"@type\":\"EntryPoint\",\"urlTemplate\":\"https:\\\/\\\/lasentinelle.dz\\\/?s={search_term_string}\"},\"query-input\":{\"@type\":\"PropertyValueSpecification\",\"valueRequired\":true,\"valueName\":\"search_term_string\"}}],\"inLanguage\":\"fr-FR\"},{\"@type\":\"Organization\",\"@id\":\"https:\\\/\\\/lasentinelle.dz\\\/#organization\",\"name\":\"Quotidien La Sentinelle\",\"url\":\"https:\\\/\\\/lasentinelle.dz\\\/\",\"logo\":{\"@type\":\"ImageObject\",\"inLanguage\":\"fr-FR\",\"@id\":\"https:\\\/\\\/lasentinelle.dz\\\/#\\\/schema\\\/logo\\\/image\\\/\",\"url\":\"https:\\\/\\\/lasentinelle.dz\\\/wp-content\\\/uploads\\\/2021\\\/09\\\/logo-sentinelleSLOGAN-1.png\",\"contentUrl\":\"https:\\\/\\\/lasentinelle.dz\\\/wp-content\\\/uploads\\\/2021\\\/09\\\/logo-sentinelleSLOGAN-1.png\",\"width\":615,\"height\":142,\"caption\":\"Quotidien La Sentinelle\"},\"image\":{\"@id\":\"https:\\\/\\\/lasentinelle.dz\\\/#\\\/schema\\\/logo\\\/image\\\/\"},\"sameAs\":[\"https:\\\/\\\/www.facebook.com\\\/La-Sentinelle-104059864394773\"]},{\"@type\":\"Person\",\"@id\":\"https:\\\/\\\/lasentinelle.dz\\\/#\\\/schema\\\/person\\\/d865044e22e70a75174ce8bcad3acfb3\",\"name\":\"La Sentinelle\",\"image\":{\"@type\":\"ImageObject\",\"inLanguage\":\"fr-FR\",\"@id\":\"https:\\\/\\\/secure.gravatar.com\\\/avatar\\\/57de8e5d4b15d43fb361a71fbb36338450fe67865b528a43dd10ef7c51a20392?s=96&d=mm&r=g\",\"url\":\"https:\\\/\\\/secure.gravatar.com\\\/avatar\\\/57de8e5d4b15d43fb361a71fbb36338450fe67865b528a43dd10ef7c51a20392?s=96&d=mm&r=g\",\"contentUrl\":\"https:\\\/\\\/secure.gravatar.com\\\/avatar\\\/57de8e5d4b15d43fb361a71fbb36338450fe67865b528a43dd10ef7c51a20392?s=96&d=mm&r=g\",\"caption\":\"La Sentinelle\"},\"sameAs\":[\"http:\\\/\\\/www.lasentinelle.dz\"],\"url\":\"https:\\\/\\\/lasentinelle.dz\\\/author\\\/redaction\\\/\"}]}<\/script>\n<!-- \/ Yoast SEO plugin. -->","yoast_head_json":{"title":"Annaba : Premier Salon r\u00e9gional de l\u2019exportation - La Sentinelle","robots":{"index":"index","follow":"follow","max-snippet":"max-snippet:-1","max-image-preview":"max-image-preview:large","max-video-preview":"max-video-preview:-1"},"canonical":"https:\/\/lasentinelle.dz\/index.php\/2021\/12\/09\/annaba-premier-salon-regional-de-lexportation\/","og_locale":"fr_FR","og_type":"article","og_title":"Annaba : Premier Salon r\u00e9gional de l\u2019exportation - La Sentinelle","og_description":"Le Premier salon r\u00e9gional de l\u2019exportation s\u2019est ouvert hier \u00e0 Annaba.&nbsp; Un \u00e9v\u00e9nement premier du genre auquel ont pris part,","og_url":"https:\/\/lasentinelle.dz\/index.php\/2021\/12\/09\/annaba-premier-salon-regional-de-lexportation\/","og_site_name":"La Sentinelle","article_publisher":"https:\/\/www.facebook.com\/La-Sentinelle-104059864394773","article_published_time":"2021-12-08T23:01:00+00:00","og_image":[{"width":850,"height":480,"url":"https:\/\/lasentinelle.dz\/wp-content\/uploads\/2021\/12\/658.jpg","type":"image\/jpeg"}],"author":"La Sentinelle","twitter_card":"summary_large_image","twitter_misc":{"\u00c9crit par":"La Sentinelle","Dur\u00e9e de lecture estim\u00e9e":"3 minutes"},"schema":{"@context":"https:\/\/schema.org","@graph":[{"@type":"Article","@id":"https:\/\/lasentinelle.dz\/index.php\/2021\/12\/09\/annaba-premier-salon-regional-de-lexportation\/#article","isPartOf":{"@id":"https:\/\/lasentinelle.dz\/index.php\/2021\/12\/09\/annaba-premier-salon-regional-de-lexportation\/"},"author":{"name":"La Sentinelle","@id":"https:\/\/lasentinelle.dz\/#\/schema\/person\/d865044e22e70a75174ce8bcad3acfb3"},"headline":"Annaba : Premier Salon r\u00e9gional de l\u2019exportation","datePublished":"2021-12-08T23:01:00+00:00","mainEntityOfPage":{"@id":"https:\/\/lasentinelle.dz\/index.php\/2021\/12\/09\/annaba-premier-salon-regional-de-lexportation\/"},"wordCount":580,"commentCount":0,"publisher":{"@id":"https:\/\/lasentinelle.dz\/#organization"},"image":{"@id":"https:\/\/lasentinelle.dz\/index.php\/2021\/12\/09\/annaba-premier-salon-regional-de-lexportation\/#primaryimage"},"thumbnailUrl":"https:\/\/lasentinelle.dz\/wp-content\/uploads\/2021\/12\/658.jpg","articleSection":["R\u00e9gions"],"inLanguage":"fr-FR","potentialAction":[{"@type":"CommentAction","name":"Comment","target":["https:\/\/lasentinelle.dz\/index.php\/2021\/12\/09\/annaba-premier-salon-regional-de-lexportation\/#respond"]}]},{"@type":"WebPage","@id":"https:\/\/lasentinelle.dz\/index.php\/2021\/12\/09\/annaba-premier-salon-regional-de-lexportation\/","url":"https:\/\/lasentinelle.dz\/index.php\/2021\/12\/09\/annaba-premier-salon-regional-de-lexportation\/","name":"Annaba : Premier Salon r\u00e9gional de l\u2019exportation - La Sentinelle","isPartOf":{"@id":"https:\/\/lasentinelle.dz\/#website"},"primaryImageOfPage":{"@id":"https:\/\/lasentinelle.dz\/index.php\/2021\/12\/09\/annaba-premier-salon-regional-de-lexportation\/#primaryimage"},"image":{"@id":"https:\/\/lasentinelle.dz\/index.php\/2021\/12\/09\/annaba-premier-salon-regional-de-lexportation\/#primaryimage"},"thumbnailUrl":"https:\/\/lasentinelle.dz\/wp-content\/uploads\/2021\/12\/658.jpg","datePublished":"2021-12-08T23:01:00+00:00","breadcrumb":{"@id":"https:\/\/lasentinelle.dz\/index.php\/2021\/12\/09\/annaba-premier-salon-regional-de-lexportation\/#breadcrumb"},"inLanguage":"fr-FR","potentialAction":[{"@type":"ReadAction","target":["https:\/\/lasentinelle.dz\/index.php\/2021\/12\/09\/annaba-premier-salon-regional-de-lexportation\/"]}]},{"@type":"ImageObject","inLanguage":"fr-FR","@id":"https:\/\/lasentinelle.dz\/index.php\/2021\/12\/09\/annaba-premier-salon-regional-de-lexportation\/#primaryimage","url":"https:\/\/lasentinelle.dz\/wp-content\/uploads\/2021\/12\/658.jpg","contentUrl":"https:\/\/lasentinelle.dz\/wp-content\/uploads\/2021\/12\/658.jpg","width":850,"height":480},{"@type":"BreadcrumbList","@id":"https:\/\/lasentinelle.dz\/index.php\/2021\/12\/09\/annaba-premier-salon-regional-de-lexportation\/#breadcrumb","itemListElement":[{"@type":"ListItem","position":1,"name":"Accueil","item":"https:\/\/lasentinelle.dz\/"},{"@type":"ListItem","position":2,"name":"Annaba : Premier Salon r\u00e9gional de l\u2019exportation"}]},{"@type":"WebSite","@id":"https:\/\/lasentinelle.dz\/#website","url":"https:\/\/lasentinelle.dz\/","name":"La Sentinelle","description":"Quotidien national d&#039;information","publisher":{"@id":"https:\/\/lasentinelle.dz\/#organization"},"potentialAction":[{"@type":"SearchAction","target":{"@type":"EntryPoint","urlTemplate":"https:\/\/lasentinelle.dz\/?s={search_term_string}"},"query-input":{"@type":"PropertyValueSpecification","valueRequired":true,"valueName":"search_term_string"}}],"inLanguage":"fr-FR"},{"@type":"Organization","@id":"https:\/\/lasentinelle.dz\/#organization","name":"Quotidien La Sentinelle","url":"https:\/\/lasentinelle.dz\/","logo":{"@type":"ImageObject","inLanguage":"fr-FR","@id":"https:\/\/lasentinelle.dz\/#\/schema\/logo\/image\/","url":"https:\/\/lasentinelle.dz\/wp-content\/uploads\/2021\/09\/logo-sentinelleSLOGAN-1.png","contentUrl":"https:\/\/lasentinelle.dz\/wp-content\/uploads\/2021\/09\/logo-sentinelleSLOGAN-1.png","width":615,"height":142,"caption":"Quotidien La Sentinelle"},"image":{"@id":"https:\/\/lasentinelle.dz\/#\/schema\/logo\/image\/"},"sameAs":["https:\/\/www.facebook.com\/La-Sentinelle-104059864394773"]},{"@type":"Person","@id":"https:\/\/lasentinelle.dz\/#\/schema\/person\/d865044e22e70a75174ce8bcad3acfb3","name":"La Sentinelle","image":{"@type":"ImageObject","inLanguage":"fr-FR","@id":"https:\/\/secure.gravatar.com\/avatar\/57de8e5d4b15d43fb361a71fbb36338450fe67865b528a43dd10ef7c51a20392?s=96&d=mm&r=g","url":"https:\/\/secure.gravatar.com\/avatar\/57de8e5d4b15d43fb361a71fbb36338450fe67865b528a43dd10ef7c51a20392?s=96&d=mm&r=g","contentUrl":"https:\/\/secure.gravatar.com\/avatar\/57de8e5d4b15d43fb361a71fbb36338450fe67865b528a43dd10ef7c51a20392?s=96&d=mm&r=g","caption":"La Sentinelle"},"sameAs":["http:\/\/www.lasentinelle.dz"],"url":"https:\/\/lasentinelle.dz\/author\/redaction\/"}]}},"_links":{"self":[{"href":"https:\/\/lasentinelle.dz\/index.php\/wp-json\/wp\/v2\/posts\/14831","targetHints":{"allow":["GET"]}}],"collection":[{"href":"https:\/\/lasentinelle.dz\/index.php\/wp-json\/wp\/v2\/posts"}],"about":[{"href":"https:\/\/lasentinelle.dz\/index.php\/wp-json\/wp\/v2\/types\/post"}],"author":[{"embeddable":true,"href":"https:\/\/lasentinelle.dz\/index.php\/wp-json\/wp\/v2\/users\/3"}],"replies":[{"embeddable":true,"href":"https:\/\/lasentinelle.dz\/index.php\/wp-json\/wp\/v2\/comments?post=14831"}],"version-history":[{"count":1,"href":"https:\/\/lasentinelle.dz\/index.php\/wp-json\/wp\/v2\/posts\/14831\/revisions"}],"predecessor-version":[{"id":14833,"href":"https:\/\/lasentinelle.dz\/index.php\/wp-json\/wp\/v2\/posts\/14831\/revisions\/14833"}],"wp:featuredmedia":[{"embeddable":true,"href":"https:\/\/lasentinelle.dz\/index.php\/wp-json\/wp\/v2\/media\/14832"}],"wp:attachment":[{"href":"https:\/\/lasentinelle.dz\/index.php\/wp-json\/wp\/v2\/media?parent=14831"}],"wp:term":[{"taxonomy":"category","embeddable":true,"href":"https:\/\/lasentinelle.dz\/index.php\/wp-json\/wp\/v2\/categories?post=14831"},{"taxonomy":"post_tag","embeddable":true,"href":"https:\/\/lasentinelle.dz\/index.php\/wp-json\/wp\/v2\/tags?post=14831"}],"curies":[{"name":"wp","href":"https:\/\/api.w.org\/{rel}","templated":true}]}}