{"id":14905,"date":"2021-12-11T00:01:00","date_gmt":"2021-12-10T23:01:00","guid":{"rendered":"https:\/\/lasentinelle.dz\/?p=14905"},"modified":"2021-12-10T18:39:18","modified_gmt":"2021-12-10T17:39:18","slug":"education-nationale-un-autre-examen-a-la-place-de-la-cinquieme","status":"publish","type":"post","link":"https:\/\/lasentinelle.dz\/index.php\/2021\/12\/11\/education-nationale-un-autre-examen-a-la-place-de-la-cinquieme\/","title":{"rendered":"\u00c9ducation nationale : Un autre examen \u00e0 la place de la cinqui\u00e8me"},"content":{"rendered":"\n<p>Un examen sera institu\u00e9 en remplacement de l&rsquo;ancien examen de cinqui\u00e8me.&nbsp;Il ne rev\u00eatira pas un caract\u00e8re national et ne sera pas organis\u00e9 dans les m\u00eames conditions. un examen sera institu\u00e9 en remplacement de l&rsquo;ancien examen de cinqui\u00e8me qui a \u00e9t\u00e9 supprim\u00e9, a fait savoir, jeudi lors d&rsquo;une session pl\u00e9ni\u00e8re au Conseil de la nation consacr\u00e9e aux questions orales, le ministre de l&rsquo;\u00c9ducation nationale,&nbsp;Abdelhakim Belabed,&nbsp;qui a expliqu\u00e9 \u00e0 ce sujet que&nbsp;\u00ab&nbsp;les programmes d&rsquo;enseignement primaire font l&rsquo;objet d&rsquo;une r\u00e9vision, et ce, dans le cadre de grands ateliers entam\u00e9s par le secteur depuis d\u00e9but 2021&nbsp;\u00bb. A une question&nbsp;&nbsp;\u00e0 propos de la r\u00e9habilitation des \u00e9coles primaires, le ministre rappellera que&nbsp;\u00ab&nbsp;le droit \u00e0 l&rsquo;enseignement \u00e9tait consacr\u00e9 dans la Constitution pour chaque Alg\u00e9rien sans distinction aucune&nbsp;\u00bb, rappelant les indicateurs de scolarisation des nouveaux \u00e9l\u00e8ves durant la rentr\u00e9e scolaire en cours, ayant atteint 98%. le nombre des \u00e9l\u00e8ves dans les trois cycles confondus s&rsquo;\u00e9l\u00e8ve \u00e0 11 millions d&rsquo;\u00e9l\u00e8ves via, pr\u00e9cise-t-il,&nbsp;&nbsp;une politique adopt\u00e9e par le Gouvernement afin de&nbsp;&nbsp;\u00ab&nbsp;consacrer l&rsquo;\u00e9galit\u00e9 et mettre terme aux disparit\u00e9s enregistr\u00e9es entre tous les \u00e9l\u00e8ves dans la scolarisation&nbsp;\u00bb.<\/p>\n\n\n\n<p>Par ailleurs, abordant un autre sujet en lien avec le recrutement, le ministre de l&rsquo;\u00c9ducation nationale a mis d\u00e9finitivement un terme \u00e0 la question relative \u00e0 la liste de r\u00e9serve appliqu\u00e9e dans les recrutements durant ces derni\u00e8res ann\u00e9es.&nbsp;\u00ab&nbsp;Il est impossible, cette ann\u00e9e, de continuer \u00e0 exploiter les listes de r\u00e9serves de l&rsquo;ann\u00e9e 2017-2018 dont les d\u00e9lais l\u00e9gaux sont expir\u00e9s&nbsp;\u00bb,&nbsp;affirme-t-il en expliquant que ces derni\u00e8res&nbsp;\u00ab&nbsp;ont \u00e9t\u00e9 exploit\u00e9es exceptionnellement les derni\u00e8res ann\u00e9es pour assurer l&rsquo;encadrement de certaines sp\u00e9cialit\u00e9s et mati\u00e8res dans les r\u00e9gions des Hauts-plateaux et du Sud&nbsp;\u00bb,&nbsp;alors que&nbsp;\u00ab&nbsp;plus de 28.000 postes d&rsquo;enseignant ont \u00e9t\u00e9 ouverts en 2017&nbsp;\u00bb.<\/p>\n\n\n\n<p>Affirmant \u00e0 cet effet que les dipl\u00f4m\u00e9s des \u00e9coles normales sup\u00e9rieures (ENS) sont prioritaires dans les recrutements du secteur de l&rsquo;\u00e9ducation&nbsp;nationale, en vertu du contrat sign\u00e9 avec eux et insistant sur le fait que le recrutement est soumis \u00e9galement aux besoins p\u00e9dagogiques du secteur, M. Belabed note que l&rsquo;exploitation des listes de r\u00e9serve gr\u00e2ce \u00e0 l&rsquo;autorisation exceptionnelle de la Direction g\u00e9n\u00e9rale de la Fonction publique ces derni\u00e8res ann\u00e9es a permis la mise en place d&rsquo;un syst\u00e8me de recrutement inter-wilaya assurant ainsi l&rsquo;encadrement n\u00e9cessaire aux \u00e9l\u00e8ves. Quelque 8.247 enseignants&nbsp;ont \u00e9t\u00e9&nbsp;recrut\u00e9s sur un total de 8.706 dipl\u00f4m\u00e9s des ENS, alors que 459 enseignants restent \u00ab\u00a0sans emploi\u00a0\u00bb, a-t-il d\u00e9plor\u00e9.<\/p>\n\n\n\n<p>Le nombre de dipl\u00f4m\u00e9s de ces \u00e9tablissements d\u00e9passe les besoins du secteur depuis 2015,&nbsp;ce qui&nbsp;a contraint la tutelle \u00e0 recourir \u00e0&nbsp;\u00ab&nbsp;une autorisation exceptionnelle&nbsp;\u00bb, en vertu de laquelle il a proc\u00e9d\u00e9 au d\u00e9tachement pour assurer le travail en dehors du palier, et ce, apr\u00e8s l&rsquo;approbation du concern\u00e9, avec maintien de la classification, a expliqu\u00e9 M. Belabed qui assure \u00e0 propos du versement des salaires et primes aux enseignants. Et d\u2019ajouter que&nbsp;ses services ont entam\u00e9 les contacts avec le minist\u00e8re des Finances, \u00e0 l&rsquo;effet d&rsquo;acc\u00e9l\u00e9rer la cadence des proc\u00e9dures et du contr\u00f4le financier des dossiers concern\u00e9s par le transfert wilayal, en vue de traiter ces dossiers dans les d\u00e9lais ad\u00e9quats\u00a0\u00bb.&nbsp;<\/p>\n\n\n\n<p><strong>Akli Amor<\/strong><\/p>\n","protected":false},"excerpt":{"rendered":"<p>Un examen sera institu\u00e9 en remplacement de l&rsquo;ancien examen de cinqui\u00e8me.&nbsp;Il ne rev\u00eatira pas un caract\u00e8re national et ne sera<\/p>\n","protected":false},"author":3,"featured_media":14906,"comment_status":"open","ping_status":"closed","sticky":false,"template":"","format":"standard","meta":{"colormag_page_container_layout":"default_layout","colormag_page_sidebar_layout":"default_layout","om_disable_all_campaigns":false,"_monsterinsights_skip_tracking":false,"_monsterinsights_sitenote_active":false,"_monsterinsights_sitenote_note":"","_monsterinsights_sitenote_category":0,"footnotes":"","_wpscppro_dont_share_socialmedia":false,"_wpscppro_custom_social_share_image":0,"_facebook_share_type":"","_twitter_share_type":"","_linkedin_share_type":"","_pinterest_share_type":"","_linkedin_share_type_page":"","_instagram_share_type":"","_medium_share_type":"","_threads_share_type":"","_google_business_share_type":"","_selected_social_profile":[],"_wpsp_enable_custom_social_template":false,"_wpsp_social_scheduling":{"enabled":false,"datetime":null,"platforms":[],"status":"template_only","dateOption":"today","timeOption":"now","customDays":"","customHours":"","customDate":"","customTime":"","schedulingType":"absolute"},"_wpsp_active_default_template":true},"categories":[27],"tags":[],"class_list":["post-14905","post","type-post","status-publish","format-standard","has-post-thumbnail","hentry","category-actualite"],"aioseo_notices":[],"yoast_head":"<!-- This site is optimized with the Yoast SEO plugin v27.4 - https:\/\/yoast.com\/product\/yoast-seo-wordpress\/ -->\n<title>\u00c9ducation nationale : Un autre examen \u00e0 la place de la cinqui\u00e8me - La Sentinelle<\/title>\n<meta name=\"robots\" content=\"index, follow, max-snippet:-1, max-image-preview:large, max-video-preview:-1\" \/>\n<link rel=\"canonical\" href=\"https:\/\/lasentinelle.dz\/index.php\/2021\/12\/11\/education-nationale-un-autre-examen-a-la-place-de-la-cinquieme\/\" \/>\n<meta property=\"og:locale\" content=\"fr_FR\" \/>\n<meta property=\"og:type\" content=\"article\" \/>\n<meta property=\"og:title\" content=\"\u00c9ducation nationale : Un autre examen \u00e0 la place de la cinqui\u00e8me - La Sentinelle\" \/>\n<meta property=\"og:description\" content=\"Un examen sera institu\u00e9 en remplacement de l&rsquo;ancien examen de cinqui\u00e8me.&nbsp;Il ne rev\u00eatira pas un caract\u00e8re national et ne sera\" \/>\n<meta property=\"og:url\" content=\"https:\/\/lasentinelle.dz\/index.php\/2021\/12\/11\/education-nationale-un-autre-examen-a-la-place-de-la-cinquieme\/\" \/>\n<meta property=\"og:site_name\" content=\"La Sentinelle\" \/>\n<meta property=\"article:publisher\" content=\"https:\/\/www.facebook.com\/La-Sentinelle-104059864394773\" \/>\n<meta property=\"article:published_time\" content=\"2021-12-10T23:01:00+00:00\" \/>\n<meta property=\"og:image\" content=\"https:\/\/lasentinelle.dz\/wp-content\/uploads\/2021\/12\/Ministere-de-leducation-nastional.gif\" \/>\n\t<meta property=\"og:image:width\" content=\"600\" \/>\n\t<meta property=\"og:image:height\" content=\"400\" \/>\n\t<meta property=\"og:image:type\" content=\"image\/gif\" \/>\n<meta name=\"author\" content=\"La Sentinelle\" \/>\n<meta name=\"twitter:card\" content=\"summary_large_image\" \/>\n<meta name=\"twitter:label1\" content=\"\u00c9crit par\" \/>\n\t<meta name=\"twitter:data1\" content=\"La Sentinelle\" \/>\n\t<meta name=\"twitter:label2\" content=\"Dur\u00e9e de lecture estim\u00e9e\" \/>\n\t<meta name=\"twitter:data2\" content=\"3 minutes\" \/>\n<script type=\"application\/ld+json\" class=\"yoast-schema-graph\">{\"@context\":\"https:\\\/\\\/schema.org\",\"@graph\":[{\"@type\":\"Article\",\"@id\":\"https:\\\/\\\/lasentinelle.dz\\\/index.php\\\/2021\\\/12\\\/11\\\/education-nationale-un-autre-examen-a-la-place-de-la-cinquieme\\\/#article\",\"isPartOf\":{\"@id\":\"https:\\\/\\\/lasentinelle.dz\\\/index.php\\\/2021\\\/12\\\/11\\\/education-nationale-un-autre-examen-a-la-place-de-la-cinquieme\\\/\"},\"author\":{\"name\":\"La Sentinelle\",\"@id\":\"https:\\\/\\\/lasentinelle.dz\\\/#\\\/schema\\\/person\\\/d865044e22e70a75174ce8bcad3acfb3\"},\"headline\":\"\u00c9ducation nationale : Un autre examen \u00e0 la place de la cinqui\u00e8me\",\"datePublished\":\"2021-12-10T23:01:00+00:00\",\"mainEntityOfPage\":{\"@id\":\"https:\\\/\\\/lasentinelle.dz\\\/index.php\\\/2021\\\/12\\\/11\\\/education-nationale-un-autre-examen-a-la-place-de-la-cinquieme\\\/\"},\"wordCount\":630,\"commentCount\":0,\"publisher\":{\"@id\":\"https:\\\/\\\/lasentinelle.dz\\\/#organization\"},\"image\":{\"@id\":\"https:\\\/\\\/lasentinelle.dz\\\/index.php\\\/2021\\\/12\\\/11\\\/education-nationale-un-autre-examen-a-la-place-de-la-cinquieme\\\/#primaryimage\"},\"thumbnailUrl\":\"https:\\\/\\\/lasentinelle.dz\\\/wp-content\\\/uploads\\\/2021\\\/12\\\/Ministere-de-leducation-nastional.gif\",\"articleSection\":[\"Actualit\u00e9\"],\"inLanguage\":\"fr-FR\",\"potentialAction\":[{\"@type\":\"CommentAction\",\"name\":\"Comment\",\"target\":[\"https:\\\/\\\/lasentinelle.dz\\\/index.php\\\/2021\\\/12\\\/11\\\/education-nationale-un-autre-examen-a-la-place-de-la-cinquieme\\\/#respond\"]}]},{\"@type\":\"WebPage\",\"@id\":\"https:\\\/\\\/lasentinelle.dz\\\/index.php\\\/2021\\\/12\\\/11\\\/education-nationale-un-autre-examen-a-la-place-de-la-cinquieme\\\/\",\"url\":\"https:\\\/\\\/lasentinelle.dz\\\/index.php\\\/2021\\\/12\\\/11\\\/education-nationale-un-autre-examen-a-la-place-de-la-cinquieme\\\/\",\"name\":\"\u00c9ducation nationale : Un autre examen \u00e0 la place de la cinqui\u00e8me - La Sentinelle\",\"isPartOf\":{\"@id\":\"https:\\\/\\\/lasentinelle.dz\\\/#website\"},\"primaryImageOfPage\":{\"@id\":\"https:\\\/\\\/lasentinelle.dz\\\/index.php\\\/2021\\\/12\\\/11\\\/education-nationale-un-autre-examen-a-la-place-de-la-cinquieme\\\/#primaryimage\"},\"image\":{\"@id\":\"https:\\\/\\\/lasentinelle.dz\\\/index.php\\\/2021\\\/12\\\/11\\\/education-nationale-un-autre-examen-a-la-place-de-la-cinquieme\\\/#primaryimage\"},\"thumbnailUrl\":\"https:\\\/\\\/lasentinelle.dz\\\/wp-content\\\/uploads\\\/2021\\\/12\\\/Ministere-de-leducation-nastional.gif\",\"datePublished\":\"2021-12-10T23:01:00+00:00\",\"breadcrumb\":{\"@id\":\"https:\\\/\\\/lasentinelle.dz\\\/index.php\\\/2021\\\/12\\\/11\\\/education-nationale-un-autre-examen-a-la-place-de-la-cinquieme\\\/#breadcrumb\"},\"inLanguage\":\"fr-FR\",\"potentialAction\":[{\"@type\":\"ReadAction\",\"target\":[\"https:\\\/\\\/lasentinelle.dz\\\/index.php\\\/2021\\\/12\\\/11\\\/education-nationale-un-autre-examen-a-la-place-de-la-cinquieme\\\/\"]}]},{\"@type\":\"ImageObject\",\"inLanguage\":\"fr-FR\",\"@id\":\"https:\\\/\\\/lasentinelle.dz\\\/index.php\\\/2021\\\/12\\\/11\\\/education-nationale-un-autre-examen-a-la-place-de-la-cinquieme\\\/#primaryimage\",\"url\":\"https:\\\/\\\/lasentinelle.dz\\\/wp-content\\\/uploads\\\/2021\\\/12\\\/Ministere-de-leducation-nastional.gif\",\"contentUrl\":\"https:\\\/\\\/lasentinelle.dz\\\/wp-content\\\/uploads\\\/2021\\\/12\\\/Ministere-de-leducation-nastional.gif\",\"width\":600,\"height\":400},{\"@type\":\"BreadcrumbList\",\"@id\":\"https:\\\/\\\/lasentinelle.dz\\\/index.php\\\/2021\\\/12\\\/11\\\/education-nationale-un-autre-examen-a-la-place-de-la-cinquieme\\\/#breadcrumb\",\"itemListElement\":[{\"@type\":\"ListItem\",\"position\":1,\"name\":\"Accueil\",\"item\":\"https:\\\/\\\/lasentinelle.dz\\\/\"},{\"@type\":\"ListItem\",\"position\":2,\"name\":\"\u00c9ducation nationale : Un autre examen \u00e0 la place de la cinqui\u00e8me\"}]},{\"@type\":\"WebSite\",\"@id\":\"https:\\\/\\\/lasentinelle.dz\\\/#website\",\"url\":\"https:\\\/\\\/lasentinelle.dz\\\/\",\"name\":\"La Sentinelle\",\"description\":\"Quotidien national d&#039;information\",\"publisher\":{\"@id\":\"https:\\\/\\\/lasentinelle.dz\\\/#organization\"},\"potentialAction\":[{\"@type\":\"SearchAction\",\"target\":{\"@type\":\"EntryPoint\",\"urlTemplate\":\"https:\\\/\\\/lasentinelle.dz\\\/?s={search_term_string}\"},\"query-input\":{\"@type\":\"PropertyValueSpecification\",\"valueRequired\":true,\"valueName\":\"search_term_string\"}}],\"inLanguage\":\"fr-FR\"},{\"@type\":\"Organization\",\"@id\":\"https:\\\/\\\/lasentinelle.dz\\\/#organization\",\"name\":\"Quotidien La Sentinelle\",\"url\":\"https:\\\/\\\/lasentinelle.dz\\\/\",\"logo\":{\"@type\":\"ImageObject\",\"inLanguage\":\"fr-FR\",\"@id\":\"https:\\\/\\\/lasentinelle.dz\\\/#\\\/schema\\\/logo\\\/image\\\/\",\"url\":\"https:\\\/\\\/lasentinelle.dz\\\/wp-content\\\/uploads\\\/2021\\\/09\\\/logo-sentinelleSLOGAN-1.png\",\"contentUrl\":\"https:\\\/\\\/lasentinelle.dz\\\/wp-content\\\/uploads\\\/2021\\\/09\\\/logo-sentinelleSLOGAN-1.png\",\"width\":615,\"height\":142,\"caption\":\"Quotidien La Sentinelle\"},\"image\":{\"@id\":\"https:\\\/\\\/lasentinelle.dz\\\/#\\\/schema\\\/logo\\\/image\\\/\"},\"sameAs\":[\"https:\\\/\\\/www.facebook.com\\\/La-Sentinelle-104059864394773\"]},{\"@type\":\"Person\",\"@id\":\"https:\\\/\\\/lasentinelle.dz\\\/#\\\/schema\\\/person\\\/d865044e22e70a75174ce8bcad3acfb3\",\"name\":\"La Sentinelle\",\"image\":{\"@type\":\"ImageObject\",\"inLanguage\":\"fr-FR\",\"@id\":\"https:\\\/\\\/secure.gravatar.com\\\/avatar\\\/57de8e5d4b15d43fb361a71fbb36338450fe67865b528a43dd10ef7c51a20392?s=96&d=mm&r=g\",\"url\":\"https:\\\/\\\/secure.gravatar.com\\\/avatar\\\/57de8e5d4b15d43fb361a71fbb36338450fe67865b528a43dd10ef7c51a20392?s=96&d=mm&r=g\",\"contentUrl\":\"https:\\\/\\\/secure.gravatar.com\\\/avatar\\\/57de8e5d4b15d43fb361a71fbb36338450fe67865b528a43dd10ef7c51a20392?s=96&d=mm&r=g\",\"caption\":\"La Sentinelle\"},\"sameAs\":[\"http:\\\/\\\/www.lasentinelle.dz\"],\"url\":\"https:\\\/\\\/lasentinelle.dz\\\/author\\\/redaction\\\/\"}]}<\/script>\n<!-- \/ Yoast SEO plugin. -->","yoast_head_json":{"title":"\u00c9ducation nationale : Un autre examen \u00e0 la place de la cinqui\u00e8me - La Sentinelle","robots":{"index":"index","follow":"follow","max-snippet":"max-snippet:-1","max-image-preview":"max-image-preview:large","max-video-preview":"max-video-preview:-1"},"canonical":"https:\/\/lasentinelle.dz\/index.php\/2021\/12\/11\/education-nationale-un-autre-examen-a-la-place-de-la-cinquieme\/","og_locale":"fr_FR","og_type":"article","og_title":"\u00c9ducation nationale : Un autre examen \u00e0 la place de la cinqui\u00e8me - La Sentinelle","og_description":"Un examen sera institu\u00e9 en remplacement de l&rsquo;ancien examen de cinqui\u00e8me.&nbsp;Il ne rev\u00eatira pas un caract\u00e8re national et ne sera","og_url":"https:\/\/lasentinelle.dz\/index.php\/2021\/12\/11\/education-nationale-un-autre-examen-a-la-place-de-la-cinquieme\/","og_site_name":"La Sentinelle","article_publisher":"https:\/\/www.facebook.com\/La-Sentinelle-104059864394773","article_published_time":"2021-12-10T23:01:00+00:00","og_image":[{"width":600,"height":400,"url":"https:\/\/lasentinelle.dz\/wp-content\/uploads\/2021\/12\/Ministere-de-leducation-nastional.gif","type":"image\/gif"}],"author":"La Sentinelle","twitter_card":"summary_large_image","twitter_misc":{"\u00c9crit par":"La Sentinelle","Dur\u00e9e de lecture estim\u00e9e":"3 minutes"},"schema":{"@context":"https:\/\/schema.org","@graph":[{"@type":"Article","@id":"https:\/\/lasentinelle.dz\/index.php\/2021\/12\/11\/education-nationale-un-autre-examen-a-la-place-de-la-cinquieme\/#article","isPartOf":{"@id":"https:\/\/lasentinelle.dz\/index.php\/2021\/12\/11\/education-nationale-un-autre-examen-a-la-place-de-la-cinquieme\/"},"author":{"name":"La Sentinelle","@id":"https:\/\/lasentinelle.dz\/#\/schema\/person\/d865044e22e70a75174ce8bcad3acfb3"},"headline":"\u00c9ducation nationale : Un autre examen \u00e0 la place de la cinqui\u00e8me","datePublished":"2021-12-10T23:01:00+00:00","mainEntityOfPage":{"@id":"https:\/\/lasentinelle.dz\/index.php\/2021\/12\/11\/education-nationale-un-autre-examen-a-la-place-de-la-cinquieme\/"},"wordCount":630,"commentCount":0,"publisher":{"@id":"https:\/\/lasentinelle.dz\/#organization"},"image":{"@id":"https:\/\/lasentinelle.dz\/index.php\/2021\/12\/11\/education-nationale-un-autre-examen-a-la-place-de-la-cinquieme\/#primaryimage"},"thumbnailUrl":"https:\/\/lasentinelle.dz\/wp-content\/uploads\/2021\/12\/Ministere-de-leducation-nastional.gif","articleSection":["Actualit\u00e9"],"inLanguage":"fr-FR","potentialAction":[{"@type":"CommentAction","name":"Comment","target":["https:\/\/lasentinelle.dz\/index.php\/2021\/12\/11\/education-nationale-un-autre-examen-a-la-place-de-la-cinquieme\/#respond"]}]},{"@type":"WebPage","@id":"https:\/\/lasentinelle.dz\/index.php\/2021\/12\/11\/education-nationale-un-autre-examen-a-la-place-de-la-cinquieme\/","url":"https:\/\/lasentinelle.dz\/index.php\/2021\/12\/11\/education-nationale-un-autre-examen-a-la-place-de-la-cinquieme\/","name":"\u00c9ducation nationale : Un autre examen \u00e0 la place de la cinqui\u00e8me - La Sentinelle","isPartOf":{"@id":"https:\/\/lasentinelle.dz\/#website"},"primaryImageOfPage":{"@id":"https:\/\/lasentinelle.dz\/index.php\/2021\/12\/11\/education-nationale-un-autre-examen-a-la-place-de-la-cinquieme\/#primaryimage"},"image":{"@id":"https:\/\/lasentinelle.dz\/index.php\/2021\/12\/11\/education-nationale-un-autre-examen-a-la-place-de-la-cinquieme\/#primaryimage"},"thumbnailUrl":"https:\/\/lasentinelle.dz\/wp-content\/uploads\/2021\/12\/Ministere-de-leducation-nastional.gif","datePublished":"2021-12-10T23:01:00+00:00","breadcrumb":{"@id":"https:\/\/lasentinelle.dz\/index.php\/2021\/12\/11\/education-nationale-un-autre-examen-a-la-place-de-la-cinquieme\/#breadcrumb"},"inLanguage":"fr-FR","potentialAction":[{"@type":"ReadAction","target":["https:\/\/lasentinelle.dz\/index.php\/2021\/12\/11\/education-nationale-un-autre-examen-a-la-place-de-la-cinquieme\/"]}]},{"@type":"ImageObject","inLanguage":"fr-FR","@id":"https:\/\/lasentinelle.dz\/index.php\/2021\/12\/11\/education-nationale-un-autre-examen-a-la-place-de-la-cinquieme\/#primaryimage","url":"https:\/\/lasentinelle.dz\/wp-content\/uploads\/2021\/12\/Ministere-de-leducation-nastional.gif","contentUrl":"https:\/\/lasentinelle.dz\/wp-content\/uploads\/2021\/12\/Ministere-de-leducation-nastional.gif","width":600,"height":400},{"@type":"BreadcrumbList","@id":"https:\/\/lasentinelle.dz\/index.php\/2021\/12\/11\/education-nationale-un-autre-examen-a-la-place-de-la-cinquieme\/#breadcrumb","itemListElement":[{"@type":"ListItem","position":1,"name":"Accueil","item":"https:\/\/lasentinelle.dz\/"},{"@type":"ListItem","position":2,"name":"\u00c9ducation nationale : Un autre examen \u00e0 la place de la cinqui\u00e8me"}]},{"@type":"WebSite","@id":"https:\/\/lasentinelle.dz\/#website","url":"https:\/\/lasentinelle.dz\/","name":"La Sentinelle","description":"Quotidien national d&#039;information","publisher":{"@id":"https:\/\/lasentinelle.dz\/#organization"},"potentialAction":[{"@type":"SearchAction","target":{"@type":"EntryPoint","urlTemplate":"https:\/\/lasentinelle.dz\/?s={search_term_string}"},"query-input":{"@type":"PropertyValueSpecification","valueRequired":true,"valueName":"search_term_string"}}],"inLanguage":"fr-FR"},{"@type":"Organization","@id":"https:\/\/lasentinelle.dz\/#organization","name":"Quotidien La Sentinelle","url":"https:\/\/lasentinelle.dz\/","logo":{"@type":"ImageObject","inLanguage":"fr-FR","@id":"https:\/\/lasentinelle.dz\/#\/schema\/logo\/image\/","url":"https:\/\/lasentinelle.dz\/wp-content\/uploads\/2021\/09\/logo-sentinelleSLOGAN-1.png","contentUrl":"https:\/\/lasentinelle.dz\/wp-content\/uploads\/2021\/09\/logo-sentinelleSLOGAN-1.png","width":615,"height":142,"caption":"Quotidien La Sentinelle"},"image":{"@id":"https:\/\/lasentinelle.dz\/#\/schema\/logo\/image\/"},"sameAs":["https:\/\/www.facebook.com\/La-Sentinelle-104059864394773"]},{"@type":"Person","@id":"https:\/\/lasentinelle.dz\/#\/schema\/person\/d865044e22e70a75174ce8bcad3acfb3","name":"La Sentinelle","image":{"@type":"ImageObject","inLanguage":"fr-FR","@id":"https:\/\/secure.gravatar.com\/avatar\/57de8e5d4b15d43fb361a71fbb36338450fe67865b528a43dd10ef7c51a20392?s=96&d=mm&r=g","url":"https:\/\/secure.gravatar.com\/avatar\/57de8e5d4b15d43fb361a71fbb36338450fe67865b528a43dd10ef7c51a20392?s=96&d=mm&r=g","contentUrl":"https:\/\/secure.gravatar.com\/avatar\/57de8e5d4b15d43fb361a71fbb36338450fe67865b528a43dd10ef7c51a20392?s=96&d=mm&r=g","caption":"La Sentinelle"},"sameAs":["http:\/\/www.lasentinelle.dz"],"url":"https:\/\/lasentinelle.dz\/author\/redaction\/"}]}},"_links":{"self":[{"href":"https:\/\/lasentinelle.dz\/index.php\/wp-json\/wp\/v2\/posts\/14905","targetHints":{"allow":["GET"]}}],"collection":[{"href":"https:\/\/lasentinelle.dz\/index.php\/wp-json\/wp\/v2\/posts"}],"about":[{"href":"https:\/\/lasentinelle.dz\/index.php\/wp-json\/wp\/v2\/types\/post"}],"author":[{"embeddable":true,"href":"https:\/\/lasentinelle.dz\/index.php\/wp-json\/wp\/v2\/users\/3"}],"replies":[{"embeddable":true,"href":"https:\/\/lasentinelle.dz\/index.php\/wp-json\/wp\/v2\/comments?post=14905"}],"version-history":[{"count":1,"href":"https:\/\/lasentinelle.dz\/index.php\/wp-json\/wp\/v2\/posts\/14905\/revisions"}],"predecessor-version":[{"id":14907,"href":"https:\/\/lasentinelle.dz\/index.php\/wp-json\/wp\/v2\/posts\/14905\/revisions\/14907"}],"wp:featuredmedia":[{"embeddable":true,"href":"https:\/\/lasentinelle.dz\/index.php\/wp-json\/wp\/v2\/media\/14906"}],"wp:attachment":[{"href":"https:\/\/lasentinelle.dz\/index.php\/wp-json\/wp\/v2\/media?parent=14905"}],"wp:term":[{"taxonomy":"category","embeddable":true,"href":"https:\/\/lasentinelle.dz\/index.php\/wp-json\/wp\/v2\/categories?post=14905"},{"taxonomy":"post_tag","embeddable":true,"href":"https:\/\/lasentinelle.dz\/index.php\/wp-json\/wp\/v2\/tags?post=14905"}],"curies":[{"name":"wp","href":"https:\/\/api.w.org\/{rel}","templated":true}]}}