{"id":14988,"date":"2021-12-12T00:01:00","date_gmt":"2021-12-11T23:01:00","guid":{"rendered":"https:\/\/lasentinelle.dz\/?p=14988"},"modified":"2021-12-11T21:08:36","modified_gmt":"2021-12-11T20:08:36","slug":"ouverture-du-forum-international-de-la-femme-consolider-le-role-des-femmes-dans-la-vie-economique","status":"publish","type":"post","link":"https:\/\/lasentinelle.dz\/index.php\/2021\/12\/12\/ouverture-du-forum-international-de-la-femme-consolider-le-role-des-femmes-dans-la-vie-economique\/","title":{"rendered":"Ouverture du Forum international de la femme : Consolider le r\u00f4le des femmes dans la vie \u00e9conomique"},"content":{"rendered":"\n<p>Le Premier ministre a indiqu\u00e9 hier que l&rsquo;Alg\u00e9rie accorde une grande importance&nbsp;au&nbsp;r\u00f4le de la femme dans tous les domaines.<\/p>\n\n\n\n<p>Dans un message lu&nbsp;en son nom&nbsp;par la ministre de la Solidarit\u00e9 nationale et de la&nbsp;Condition f\u00e9minine, Kaouthar Krikou&nbsp;&nbsp;\u00e0 l&rsquo;occasion de la premi\u00e8re \u00e9dition du&nbsp;Forum&nbsp;international de&nbsp;la femme, le&nbsp;Premier ministre et ministre des Finances,&nbsp;&nbsp;A\u00efmene Benabderrahmane a&nbsp;&nbsp;assur\u00e9 que&nbsp;le Gouvernement&nbsp;\u00ab&nbsp;accorde une grande importance au r\u00f4le de la femme dans tous les domaines de la vie quotidienne et \u00e9conomique&nbsp;\u00bb. Une importance qui se manifeste, ajoute-t-il,&nbsp;\u00ab&nbsp;dans la place qui lui est r\u00e9serv\u00e9e dans les diff\u00e9rentes strat\u00e9gies et projets \u00e9tant un acteur incontournable en mati\u00e8re de ressources humaines&nbsp;\u00bb.<\/p>\n\n\n\n<p>Chiffres \u00e0 l\u2019appui, le&nbsp;Premier ministre a r\u00e9v\u00e9l\u00e9 que la femme,&nbsp;qui repr\u00e9sente 62%&nbsp;&nbsp;de la communaut\u00e9 estudiantine est tr\u00e8s pr\u00e9sente \u00e9galement dans la fonction publique avec quelques 900.000&nbsp;agents et employ\u00e9s exer\u00e7ant dans les diff\u00e9rentes administrations. Ce qui repr\u00e9sente, pr\u00e9cise-t-il, 42% des effectifs de la fonction publique. Au sein de la fonction publique, ajoute M. Benabderrahmane, ce sont quelques 21.500 femmes&nbsp;qui&nbsp;occupent des postes importants en plus des 1.209 femmes qui exercent actuellement des fonctions sup\u00e9rieures de l&rsquo;Etat. Cette r\u00e9alit\u00e9 fait que l&rsquo;Etat, dans son approche pour l&#8217;emploi, privil\u00e9gie les initiatives en encourageant l&rsquo;entreprenariat surtout pour les femmes, assure le&nbsp;Premier ministre qui fait \u00e9tat de quelque 45.000 PME cr\u00e9\u00e9es par les femmes via le dispositif ANAD.<\/p>\n\n\n\n<p>Pour sa part, intervenant&nbsp;\u00e0 l\u2019occasion, la ministre charg\u00e9e des relations avec le&nbsp;Parlement, Basma Azouar a indiqu\u00e9 que l&rsquo;Etat accorde une importance particuli\u00e8re \u00e0 l&rsquo;insertion de la femme dans le domaine de l&rsquo;entrepreneuriat. La m\u00eame responsable a indiqu\u00e9 lors de son intervention, que les diff\u00e9rents dispositifs consacrent une grande partie de leurs projets \u00e0 la femme&nbsp;et&nbsp;n&rsquo;a pas manqu\u00e9 de souligner l&rsquo;importance accord\u00e9e \u00e0 la&nbsp;&nbsp;condition de la femme rurale. Des formations et des aides lui sont consacr\u00e9es pour, ajoute-t-elle, lui assurer une autonomie \u00e9conomique via notamment des programmes sp\u00e9cialis\u00e9s dans l&rsquo;artisanat.<\/p>\n\n\n\n<p>De son c\u00f4t\u00e9,&nbsp;Sa\u00efda Neghza, pr\u00e9sidente de la Conf\u00e9d\u00e9ration&nbsp;g\u00e9n\u00e9rale&nbsp;des entrepreneurs&nbsp;alg\u00e9riens, laquelle organise le Forum,&nbsp;a mis l&rsquo;accent, dans son intervention, sur la n\u00e9cessit\u00e9 d&rsquo;\u0153uvrer \u00e0 lever tous les obstacles qui se dressent devant la volont\u00e9 d&rsquo;int\u00e9grer la femme dans la d\u00e9cision politique et \u00e9conomique. Mme Neghza&nbsp;&nbsp;affirmera \u00e0 cet effet que malgr\u00e9 les avanc\u00e9es ind\u00e9niables r\u00e9alis\u00e9es au profit de la femme, il n&rsquo;en demeure&nbsp;pas moins&nbsp;que de grands d\u00e9fis restent encore&nbsp;\u00e0 relever&nbsp;dans ce domaine.<\/p>\n\n\n\n<p>Il convient de rappeler enfin que plus de 3.000 femmes chefs d&rsquo;entreprise ou porteuses de projets prennent part,&nbsp;\u00e0 la premi\u00e8re&nbsp;\u00e9dition du Forum international du la femme (FIF), organis\u00e9e par la Conf\u00e9d\u00e9ration g\u00e9n\u00e9rale des entreprises alg\u00e9riennes (CGEA) organis\u00e9 sous le haut parrainage du pr\u00e9sident de R\u00e9publique, M. Abdelmadjid Tebboune. Cette manifestation&nbsp;&nbsp;voit&nbsp;\u00e9galement la participation de 100 startups, 500 micro-entreprises et plus de 500 entreprises du secteur priv\u00e9 et public ainsi que des repr\u00e9sentants de la diaspora alg\u00e9rienne \u00e0 l&rsquo;\u00e9tranger.&nbsp;<\/p>\n\n\n\n<p><strong>Kamel Nait Ameur<\/strong><\/p>\n","protected":false},"excerpt":{"rendered":"<p>Le Premier ministre a indiqu\u00e9 hier que l&rsquo;Alg\u00e9rie accorde une grande importance&nbsp;au&nbsp;r\u00f4le de la femme dans tous les domaines. Dans<\/p>\n","protected":false},"author":3,"featured_media":14989,"comment_status":"open","ping_status":"closed","sticky":false,"template":"","format":"standard","meta":{"colormag_page_container_layout":"default_layout","colormag_page_sidebar_layout":"default_layout","om_disable_all_campaigns":false,"_monsterinsights_skip_tracking":false,"_monsterinsights_sitenote_active":false,"_monsterinsights_sitenote_note":"","_monsterinsights_sitenote_category":0,"footnotes":"","_wpscppro_dont_share_socialmedia":false,"_wpscppro_custom_social_share_image":0,"_facebook_share_type":"","_twitter_share_type":"","_linkedin_share_type":"","_pinterest_share_type":"","_linkedin_share_type_page":"","_instagram_share_type":"","_medium_share_type":"","_threads_share_type":"","_google_business_share_type":"","_selected_social_profile":[],"_wpsp_enable_custom_social_template":false,"_wpsp_social_scheduling":{"enabled":false,"datetime":null,"platforms":[],"status":"template_only","dateOption":"today","timeOption":"now","customDays":"","customHours":"","customDate":"","customTime":"","schedulingType":"absolute"},"_wpsp_active_default_template":true},"categories":[52,27],"tags":[],"class_list":["post-14988","post","type-post","status-publish","format-standard","has-post-thumbnail","hentry","category-a-la-une","category-actualite"],"aioseo_notices":[],"yoast_head":"<!-- This site is optimized with the Yoast SEO plugin v27.5 - https:\/\/yoast.com\/product\/yoast-seo-wordpress\/ -->\n<title>Ouverture du Forum international de la femme : Consolider le r\u00f4le des femmes dans la vie \u00e9conomique - La Sentinelle<\/title>\n<meta name=\"robots\" content=\"index, follow, max-snippet:-1, max-image-preview:large, max-video-preview:-1\" \/>\n<link rel=\"canonical\" href=\"https:\/\/lasentinelle.dz\/index.php\/2021\/12\/12\/ouverture-du-forum-international-de-la-femme-consolider-le-role-des-femmes-dans-la-vie-economique\/\" \/>\n<meta property=\"og:locale\" content=\"fr_FR\" \/>\n<meta property=\"og:type\" content=\"article\" \/>\n<meta property=\"og:title\" content=\"Ouverture du Forum international de la femme : Consolider le r\u00f4le des femmes dans la vie \u00e9conomique - La Sentinelle\" \/>\n<meta property=\"og:description\" content=\"Le Premier ministre a indiqu\u00e9 hier que l&rsquo;Alg\u00e9rie accorde une grande importance&nbsp;au&nbsp;r\u00f4le de la femme dans tous les domaines. Dans\" \/>\n<meta property=\"og:url\" content=\"https:\/\/lasentinelle.dz\/index.php\/2021\/12\/12\/ouverture-du-forum-international-de-la-femme-consolider-le-role-des-femmes-dans-la-vie-economique\/\" \/>\n<meta property=\"og:site_name\" content=\"La Sentinelle\" \/>\n<meta property=\"article:publisher\" content=\"https:\/\/www.facebook.com\/La-Sentinelle-104059864394773\" \/>\n<meta property=\"article:published_time\" content=\"2021-12-11T23:01:00+00:00\" \/>\n<meta property=\"og:image\" content=\"https:\/\/lasentinelle.dz\/wp-content\/uploads\/2021\/12\/5454.png\" \/>\n\t<meta property=\"og:image:width\" content=\"1350\" \/>\n\t<meta property=\"og:image:height\" content=\"900\" \/>\n\t<meta property=\"og:image:type\" content=\"image\/png\" \/>\n<meta name=\"author\" content=\"La Sentinelle\" \/>\n<meta name=\"twitter:card\" content=\"summary_large_image\" \/>\n<meta name=\"twitter:label1\" content=\"\u00c9crit par\" \/>\n\t<meta name=\"twitter:data1\" content=\"La Sentinelle\" \/>\n\t<meta name=\"twitter:label2\" content=\"Dur\u00e9e de lecture estim\u00e9e\" \/>\n\t<meta name=\"twitter:data2\" content=\"2 minutes\" \/>\n<script type=\"application\/ld+json\" class=\"yoast-schema-graph\">{\"@context\":\"https:\\\/\\\/schema.org\",\"@graph\":[{\"@type\":\"Article\",\"@id\":\"https:\\\/\\\/lasentinelle.dz\\\/index.php\\\/2021\\\/12\\\/12\\\/ouverture-du-forum-international-de-la-femme-consolider-le-role-des-femmes-dans-la-vie-economique\\\/#article\",\"isPartOf\":{\"@id\":\"https:\\\/\\\/lasentinelle.dz\\\/index.php\\\/2021\\\/12\\\/12\\\/ouverture-du-forum-international-de-la-femme-consolider-le-role-des-femmes-dans-la-vie-economique\\\/\"},\"author\":{\"name\":\"La Sentinelle\",\"@id\":\"https:\\\/\\\/lasentinelle.dz\\\/#\\\/schema\\\/person\\\/d865044e22e70a75174ce8bcad3acfb3\"},\"headline\":\"Ouverture du Forum international de la femme : Consolider le r\u00f4le des femmes dans la vie \u00e9conomique\",\"datePublished\":\"2021-12-11T23:01:00+00:00\",\"mainEntityOfPage\":{\"@id\":\"https:\\\/\\\/lasentinelle.dz\\\/index.php\\\/2021\\\/12\\\/12\\\/ouverture-du-forum-international-de-la-femme-consolider-le-role-des-femmes-dans-la-vie-economique\\\/\"},\"wordCount\":621,\"commentCount\":0,\"publisher\":{\"@id\":\"https:\\\/\\\/lasentinelle.dz\\\/#organization\"},\"image\":{\"@id\":\"https:\\\/\\\/lasentinelle.dz\\\/index.php\\\/2021\\\/12\\\/12\\\/ouverture-du-forum-international-de-la-femme-consolider-le-role-des-femmes-dans-la-vie-economique\\\/#primaryimage\"},\"thumbnailUrl\":\"https:\\\/\\\/lasentinelle.dz\\\/wp-content\\\/uploads\\\/2021\\\/12\\\/5454.png\",\"articleSection\":[\"\u00c0 la Une\",\"Actualit\u00e9\"],\"inLanguage\":\"fr-FR\",\"potentialAction\":[{\"@type\":\"CommentAction\",\"name\":\"Comment\",\"target\":[\"https:\\\/\\\/lasentinelle.dz\\\/index.php\\\/2021\\\/12\\\/12\\\/ouverture-du-forum-international-de-la-femme-consolider-le-role-des-femmes-dans-la-vie-economique\\\/#respond\"]}]},{\"@type\":\"WebPage\",\"@id\":\"https:\\\/\\\/lasentinelle.dz\\\/index.php\\\/2021\\\/12\\\/12\\\/ouverture-du-forum-international-de-la-femme-consolider-le-role-des-femmes-dans-la-vie-economique\\\/\",\"url\":\"https:\\\/\\\/lasentinelle.dz\\\/index.php\\\/2021\\\/12\\\/12\\\/ouverture-du-forum-international-de-la-femme-consolider-le-role-des-femmes-dans-la-vie-economique\\\/\",\"name\":\"Ouverture du Forum international de la femme : Consolider le r\u00f4le des femmes dans la vie \u00e9conomique - La Sentinelle\",\"isPartOf\":{\"@id\":\"https:\\\/\\\/lasentinelle.dz\\\/#website\"},\"primaryImageOfPage\":{\"@id\":\"https:\\\/\\\/lasentinelle.dz\\\/index.php\\\/2021\\\/12\\\/12\\\/ouverture-du-forum-international-de-la-femme-consolider-le-role-des-femmes-dans-la-vie-economique\\\/#primaryimage\"},\"image\":{\"@id\":\"https:\\\/\\\/lasentinelle.dz\\\/index.php\\\/2021\\\/12\\\/12\\\/ouverture-du-forum-international-de-la-femme-consolider-le-role-des-femmes-dans-la-vie-economique\\\/#primaryimage\"},\"thumbnailUrl\":\"https:\\\/\\\/lasentinelle.dz\\\/wp-content\\\/uploads\\\/2021\\\/12\\\/5454.png\",\"datePublished\":\"2021-12-11T23:01:00+00:00\",\"breadcrumb\":{\"@id\":\"https:\\\/\\\/lasentinelle.dz\\\/index.php\\\/2021\\\/12\\\/12\\\/ouverture-du-forum-international-de-la-femme-consolider-le-role-des-femmes-dans-la-vie-economique\\\/#breadcrumb\"},\"inLanguage\":\"fr-FR\",\"potentialAction\":[{\"@type\":\"ReadAction\",\"target\":[\"https:\\\/\\\/lasentinelle.dz\\\/index.php\\\/2021\\\/12\\\/12\\\/ouverture-du-forum-international-de-la-femme-consolider-le-role-des-femmes-dans-la-vie-economique\\\/\"]}]},{\"@type\":\"ImageObject\",\"inLanguage\":\"fr-FR\",\"@id\":\"https:\\\/\\\/lasentinelle.dz\\\/index.php\\\/2021\\\/12\\\/12\\\/ouverture-du-forum-international-de-la-femme-consolider-le-role-des-femmes-dans-la-vie-economique\\\/#primaryimage\",\"url\":\"https:\\\/\\\/lasentinelle.dz\\\/wp-content\\\/uploads\\\/2021\\\/12\\\/5454.png\",\"contentUrl\":\"https:\\\/\\\/lasentinelle.dz\\\/wp-content\\\/uploads\\\/2021\\\/12\\\/5454.png\",\"width\":1350,\"height\":900},{\"@type\":\"BreadcrumbList\",\"@id\":\"https:\\\/\\\/lasentinelle.dz\\\/index.php\\\/2021\\\/12\\\/12\\\/ouverture-du-forum-international-de-la-femme-consolider-le-role-des-femmes-dans-la-vie-economique\\\/#breadcrumb\",\"itemListElement\":[{\"@type\":\"ListItem\",\"position\":1,\"name\":\"Accueil\",\"item\":\"https:\\\/\\\/lasentinelle.dz\\\/\"},{\"@type\":\"ListItem\",\"position\":2,\"name\":\"Ouverture du Forum international de la femme : Consolider le r\u00f4le des femmes dans la vie \u00e9conomique\"}]},{\"@type\":\"WebSite\",\"@id\":\"https:\\\/\\\/lasentinelle.dz\\\/#website\",\"url\":\"https:\\\/\\\/lasentinelle.dz\\\/\",\"name\":\"La Sentinelle\",\"description\":\"Quotidien national d&#039;information\",\"publisher\":{\"@id\":\"https:\\\/\\\/lasentinelle.dz\\\/#organization\"},\"potentialAction\":[{\"@type\":\"SearchAction\",\"target\":{\"@type\":\"EntryPoint\",\"urlTemplate\":\"https:\\\/\\\/lasentinelle.dz\\\/?s={search_term_string}\"},\"query-input\":{\"@type\":\"PropertyValueSpecification\",\"valueRequired\":true,\"valueName\":\"search_term_string\"}}],\"inLanguage\":\"fr-FR\"},{\"@type\":\"Organization\",\"@id\":\"https:\\\/\\\/lasentinelle.dz\\\/#organization\",\"name\":\"Quotidien La Sentinelle\",\"url\":\"https:\\\/\\\/lasentinelle.dz\\\/\",\"logo\":{\"@type\":\"ImageObject\",\"inLanguage\":\"fr-FR\",\"@id\":\"https:\\\/\\\/lasentinelle.dz\\\/#\\\/schema\\\/logo\\\/image\\\/\",\"url\":\"https:\\\/\\\/lasentinelle.dz\\\/wp-content\\\/uploads\\\/2021\\\/09\\\/logo-sentinelleSLOGAN-1.png\",\"contentUrl\":\"https:\\\/\\\/lasentinelle.dz\\\/wp-content\\\/uploads\\\/2021\\\/09\\\/logo-sentinelleSLOGAN-1.png\",\"width\":615,\"height\":142,\"caption\":\"Quotidien La Sentinelle\"},\"image\":{\"@id\":\"https:\\\/\\\/lasentinelle.dz\\\/#\\\/schema\\\/logo\\\/image\\\/\"},\"sameAs\":[\"https:\\\/\\\/www.facebook.com\\\/La-Sentinelle-104059864394773\"]},{\"@type\":\"Person\",\"@id\":\"https:\\\/\\\/lasentinelle.dz\\\/#\\\/schema\\\/person\\\/d865044e22e70a75174ce8bcad3acfb3\",\"name\":\"La Sentinelle\",\"image\":{\"@type\":\"ImageObject\",\"inLanguage\":\"fr-FR\",\"@id\":\"https:\\\/\\\/secure.gravatar.com\\\/avatar\\\/57de8e5d4b15d43fb361a71fbb36338450fe67865b528a43dd10ef7c51a20392?s=96&d=mm&r=g\",\"url\":\"https:\\\/\\\/secure.gravatar.com\\\/avatar\\\/57de8e5d4b15d43fb361a71fbb36338450fe67865b528a43dd10ef7c51a20392?s=96&d=mm&r=g\",\"contentUrl\":\"https:\\\/\\\/secure.gravatar.com\\\/avatar\\\/57de8e5d4b15d43fb361a71fbb36338450fe67865b528a43dd10ef7c51a20392?s=96&d=mm&r=g\",\"caption\":\"La Sentinelle\"},\"sameAs\":[\"http:\\\/\\\/www.lasentinelle.dz\"],\"url\":\"https:\\\/\\\/lasentinelle.dz\\\/author\\\/redaction\\\/\"}]}<\/script>\n<!-- \/ Yoast SEO plugin. -->","yoast_head_json":{"title":"Ouverture du Forum international de la femme : Consolider le r\u00f4le des femmes dans la vie \u00e9conomique - La Sentinelle","robots":{"index":"index","follow":"follow","max-snippet":"max-snippet:-1","max-image-preview":"max-image-preview:large","max-video-preview":"max-video-preview:-1"},"canonical":"https:\/\/lasentinelle.dz\/index.php\/2021\/12\/12\/ouverture-du-forum-international-de-la-femme-consolider-le-role-des-femmes-dans-la-vie-economique\/","og_locale":"fr_FR","og_type":"article","og_title":"Ouverture du Forum international de la femme : Consolider le r\u00f4le des femmes dans la vie \u00e9conomique - La Sentinelle","og_description":"Le Premier ministre a indiqu\u00e9 hier que l&rsquo;Alg\u00e9rie accorde une grande importance&nbsp;au&nbsp;r\u00f4le de la femme dans tous les domaines. Dans","og_url":"https:\/\/lasentinelle.dz\/index.php\/2021\/12\/12\/ouverture-du-forum-international-de-la-femme-consolider-le-role-des-femmes-dans-la-vie-economique\/","og_site_name":"La Sentinelle","article_publisher":"https:\/\/www.facebook.com\/La-Sentinelle-104059864394773","article_published_time":"2021-12-11T23:01:00+00:00","og_image":[{"width":1350,"height":900,"url":"https:\/\/lasentinelle.dz\/wp-content\/uploads\/2021\/12\/5454.png","type":"image\/png"}],"author":"La Sentinelle","twitter_card":"summary_large_image","twitter_misc":{"\u00c9crit par":"La Sentinelle","Dur\u00e9e de lecture estim\u00e9e":"2 minutes"},"schema":{"@context":"https:\/\/schema.org","@graph":[{"@type":"Article","@id":"https:\/\/lasentinelle.dz\/index.php\/2021\/12\/12\/ouverture-du-forum-international-de-la-femme-consolider-le-role-des-femmes-dans-la-vie-economique\/#article","isPartOf":{"@id":"https:\/\/lasentinelle.dz\/index.php\/2021\/12\/12\/ouverture-du-forum-international-de-la-femme-consolider-le-role-des-femmes-dans-la-vie-economique\/"},"author":{"name":"La Sentinelle","@id":"https:\/\/lasentinelle.dz\/#\/schema\/person\/d865044e22e70a75174ce8bcad3acfb3"},"headline":"Ouverture du Forum international de la femme : Consolider le r\u00f4le des femmes dans la vie \u00e9conomique","datePublished":"2021-12-11T23:01:00+00:00","mainEntityOfPage":{"@id":"https:\/\/lasentinelle.dz\/index.php\/2021\/12\/12\/ouverture-du-forum-international-de-la-femme-consolider-le-role-des-femmes-dans-la-vie-economique\/"},"wordCount":621,"commentCount":0,"publisher":{"@id":"https:\/\/lasentinelle.dz\/#organization"},"image":{"@id":"https:\/\/lasentinelle.dz\/index.php\/2021\/12\/12\/ouverture-du-forum-international-de-la-femme-consolider-le-role-des-femmes-dans-la-vie-economique\/#primaryimage"},"thumbnailUrl":"https:\/\/lasentinelle.dz\/wp-content\/uploads\/2021\/12\/5454.png","articleSection":["\u00c0 la Une","Actualit\u00e9"],"inLanguage":"fr-FR","potentialAction":[{"@type":"CommentAction","name":"Comment","target":["https:\/\/lasentinelle.dz\/index.php\/2021\/12\/12\/ouverture-du-forum-international-de-la-femme-consolider-le-role-des-femmes-dans-la-vie-economique\/#respond"]}]},{"@type":"WebPage","@id":"https:\/\/lasentinelle.dz\/index.php\/2021\/12\/12\/ouverture-du-forum-international-de-la-femme-consolider-le-role-des-femmes-dans-la-vie-economique\/","url":"https:\/\/lasentinelle.dz\/index.php\/2021\/12\/12\/ouverture-du-forum-international-de-la-femme-consolider-le-role-des-femmes-dans-la-vie-economique\/","name":"Ouverture du Forum international de la femme : Consolider le r\u00f4le des femmes dans la vie \u00e9conomique - La Sentinelle","isPartOf":{"@id":"https:\/\/lasentinelle.dz\/#website"},"primaryImageOfPage":{"@id":"https:\/\/lasentinelle.dz\/index.php\/2021\/12\/12\/ouverture-du-forum-international-de-la-femme-consolider-le-role-des-femmes-dans-la-vie-economique\/#primaryimage"},"image":{"@id":"https:\/\/lasentinelle.dz\/index.php\/2021\/12\/12\/ouverture-du-forum-international-de-la-femme-consolider-le-role-des-femmes-dans-la-vie-economique\/#primaryimage"},"thumbnailUrl":"https:\/\/lasentinelle.dz\/wp-content\/uploads\/2021\/12\/5454.png","datePublished":"2021-12-11T23:01:00+00:00","breadcrumb":{"@id":"https:\/\/lasentinelle.dz\/index.php\/2021\/12\/12\/ouverture-du-forum-international-de-la-femme-consolider-le-role-des-femmes-dans-la-vie-economique\/#breadcrumb"},"inLanguage":"fr-FR","potentialAction":[{"@type":"ReadAction","target":["https:\/\/lasentinelle.dz\/index.php\/2021\/12\/12\/ouverture-du-forum-international-de-la-femme-consolider-le-role-des-femmes-dans-la-vie-economique\/"]}]},{"@type":"ImageObject","inLanguage":"fr-FR","@id":"https:\/\/lasentinelle.dz\/index.php\/2021\/12\/12\/ouverture-du-forum-international-de-la-femme-consolider-le-role-des-femmes-dans-la-vie-economique\/#primaryimage","url":"https:\/\/lasentinelle.dz\/wp-content\/uploads\/2021\/12\/5454.png","contentUrl":"https:\/\/lasentinelle.dz\/wp-content\/uploads\/2021\/12\/5454.png","width":1350,"height":900},{"@type":"BreadcrumbList","@id":"https:\/\/lasentinelle.dz\/index.php\/2021\/12\/12\/ouverture-du-forum-international-de-la-femme-consolider-le-role-des-femmes-dans-la-vie-economique\/#breadcrumb","itemListElement":[{"@type":"ListItem","position":1,"name":"Accueil","item":"https:\/\/lasentinelle.dz\/"},{"@type":"ListItem","position":2,"name":"Ouverture du Forum international de la femme : Consolider le r\u00f4le des femmes dans la vie \u00e9conomique"}]},{"@type":"WebSite","@id":"https:\/\/lasentinelle.dz\/#website","url":"https:\/\/lasentinelle.dz\/","name":"La Sentinelle","description":"Quotidien national d&#039;information","publisher":{"@id":"https:\/\/lasentinelle.dz\/#organization"},"potentialAction":[{"@type":"SearchAction","target":{"@type":"EntryPoint","urlTemplate":"https:\/\/lasentinelle.dz\/?s={search_term_string}"},"query-input":{"@type":"PropertyValueSpecification","valueRequired":true,"valueName":"search_term_string"}}],"inLanguage":"fr-FR"},{"@type":"Organization","@id":"https:\/\/lasentinelle.dz\/#organization","name":"Quotidien La Sentinelle","url":"https:\/\/lasentinelle.dz\/","logo":{"@type":"ImageObject","inLanguage":"fr-FR","@id":"https:\/\/lasentinelle.dz\/#\/schema\/logo\/image\/","url":"https:\/\/lasentinelle.dz\/wp-content\/uploads\/2021\/09\/logo-sentinelleSLOGAN-1.png","contentUrl":"https:\/\/lasentinelle.dz\/wp-content\/uploads\/2021\/09\/logo-sentinelleSLOGAN-1.png","width":615,"height":142,"caption":"Quotidien La Sentinelle"},"image":{"@id":"https:\/\/lasentinelle.dz\/#\/schema\/logo\/image\/"},"sameAs":["https:\/\/www.facebook.com\/La-Sentinelle-104059864394773"]},{"@type":"Person","@id":"https:\/\/lasentinelle.dz\/#\/schema\/person\/d865044e22e70a75174ce8bcad3acfb3","name":"La Sentinelle","image":{"@type":"ImageObject","inLanguage":"fr-FR","@id":"https:\/\/secure.gravatar.com\/avatar\/57de8e5d4b15d43fb361a71fbb36338450fe67865b528a43dd10ef7c51a20392?s=96&d=mm&r=g","url":"https:\/\/secure.gravatar.com\/avatar\/57de8e5d4b15d43fb361a71fbb36338450fe67865b528a43dd10ef7c51a20392?s=96&d=mm&r=g","contentUrl":"https:\/\/secure.gravatar.com\/avatar\/57de8e5d4b15d43fb361a71fbb36338450fe67865b528a43dd10ef7c51a20392?s=96&d=mm&r=g","caption":"La Sentinelle"},"sameAs":["http:\/\/www.lasentinelle.dz"],"url":"https:\/\/lasentinelle.dz\/author\/redaction\/"}]}},"_links":{"self":[{"href":"https:\/\/lasentinelle.dz\/index.php\/wp-json\/wp\/v2\/posts\/14988","targetHints":{"allow":["GET"]}}],"collection":[{"href":"https:\/\/lasentinelle.dz\/index.php\/wp-json\/wp\/v2\/posts"}],"about":[{"href":"https:\/\/lasentinelle.dz\/index.php\/wp-json\/wp\/v2\/types\/post"}],"author":[{"embeddable":true,"href":"https:\/\/lasentinelle.dz\/index.php\/wp-json\/wp\/v2\/users\/3"}],"replies":[{"embeddable":true,"href":"https:\/\/lasentinelle.dz\/index.php\/wp-json\/wp\/v2\/comments?post=14988"}],"version-history":[{"count":1,"href":"https:\/\/lasentinelle.dz\/index.php\/wp-json\/wp\/v2\/posts\/14988\/revisions"}],"predecessor-version":[{"id":14990,"href":"https:\/\/lasentinelle.dz\/index.php\/wp-json\/wp\/v2\/posts\/14988\/revisions\/14990"}],"wp:featuredmedia":[{"embeddable":true,"href":"https:\/\/lasentinelle.dz\/index.php\/wp-json\/wp\/v2\/media\/14989"}],"wp:attachment":[{"href":"https:\/\/lasentinelle.dz\/index.php\/wp-json\/wp\/v2\/media?parent=14988"}],"wp:term":[{"taxonomy":"category","embeddable":true,"href":"https:\/\/lasentinelle.dz\/index.php\/wp-json\/wp\/v2\/categories?post=14988"},{"taxonomy":"post_tag","embeddable":true,"href":"https:\/\/lasentinelle.dz\/index.php\/wp-json\/wp\/v2\/tags?post=14988"}],"curies":[{"name":"wp","href":"https:\/\/api.w.org\/{rel}","templated":true}]}}