{"id":15028,"date":"2021-12-13T00:01:00","date_gmt":"2021-12-12T23:01:00","guid":{"rendered":"https:\/\/lasentinelle.dz\/?p=15028"},"modified":"2021-12-12T16:32:58","modified_gmt":"2021-12-12T15:32:58","slug":"jeux-mediterraneens-oran-2022-le-cijm-na-plus-de-doutes","status":"publish","type":"post","link":"https:\/\/lasentinelle.dz\/index.php\/2021\/12\/13\/jeux-mediterraneens-oran-2022-le-cijm-na-plus-de-doutes\/","title":{"rendered":"Jeux m\u00e9diterran\u00e9ens Oran-2022 : Le CIJM n\u2019a plus de doutes"},"content":{"rendered":"\n<p>Le s\u00e9minaire d\u00e9di\u00e9 aux prochains JM a \u00e9t\u00e9 rehauss\u00e9 par la pr\u00e9sence du conseiller du pr\u00e9sident de la R\u00e9publique, Abdelhafid Allahoum, ainsi que le ministre de la Jeunesse et des Sports, Abderezak Sebgag.&nbsp;&nbsp;<\/p>\n\n\n\n<p>Le deuxi\u00e8me vice-pr\u00e9sident du Comit\u00e9 international des Jeux m\u00e9diterran\u00e9ens (CIJM), Bernard Amselem, s\u2019est dit \u00ab\u00a0satisfait\u00a0\u00bb de l\u2019\u00e9volution des travaux au niveau des diff\u00e9rents chantiers des \u00e9quipements sportifs concern\u00e9s par la 19e \u00e9dition des JM pr\u00e9vue l&rsquo;\u00e9t\u00e9 2022 \u00e0 Oran. Ce responsable fran\u00e7ais, qui pr\u00e9side \u00e9galement la commission de suivi des pr\u00e9paratifs des JM d&rsquo;Oran, a eu \u00e0 visiter, en compagnie des chefs de mission et d\u00e9l\u00e9gu\u00e9s techniques des diff\u00e9rentes f\u00e9d\u00e9rations internationales qui participent au s\u00e9minaire d\u00e9di\u00e9 aux prochains JM, trois \u00e9quipements sportifs ayant subi des travaux de r\u00e9am\u00e9nagement. \u00ab\u00a0Au Palais des sports, qui sera r\u00e9serv\u00e9 aux \u00e9preuves de volley-ball, j\u2019ai constat\u00e9 que les travaux se sont tr\u00e8s bien faits, par rapport \u00e0 ma derni\u00e8re visite sur les lieux, il y a de cela plus d\u2019une ann\u00e9e. Cette salle omnisports a \u00e9t\u00e9 bien r\u00e9habilit\u00e9e et r\u00e9pond d\u00e9sormais aux normes\u00a0\u00bb, a d\u00e9clar\u00e9, \u00e0 la presse, le deuxi\u00e8me vice-pr\u00e9sident du CIJM en marge de la visite en question. Outre le Palais des sports, les participants au s\u00e9minaire de deux jours qui s&rsquo;est ouvert samedi \u00e0 l\u2019h\u00f4tel \u00ab\u00a0Oran Bay\u00a0\u00bb, ont visit\u00e9 \u00e9galement le Club de Tennis \u00e0 Ha\u00ef Essalem, ainsi que le Centre \u00e9questre, Antar-Ibn Cheddad d&rsquo;Es-S\u00e9nia, o\u00f9 les travaux sont pratiquement achev\u00e9s. \u00ab\u00a0G\u00e9n\u00e9ralement, toutes les infrastructures sportives concern\u00e9es par les JM sont pr\u00eates pour l&rsquo;\u00e9v\u00e8nement. Reste n\u00e9anmoins le Centre nautique du complexe olympique qui accuse du retard, mais je suis persuad\u00e9 que ce retard sera bient\u00f4t combl\u00e9\u00a0\u00bb, a assur\u00e9 Amselem. D&rsquo;autres visites d&rsquo;inspection aux lieux des comp\u00e9titions des JM \u00e9taient programm\u00e9es hier, deuxi\u00e8me et dernier jour du s\u00e9minaire. Elles ont concern\u00e9 le village m\u00e9diterran\u00e9en, le complexe olympique et le champ de tir. Le premier jour de ce s\u00e9minaire, a \u00e9t\u00e9 rehauss\u00e9 par la pr\u00e9sence du conseiller du pr\u00e9sident de la R\u00e9publique, Abdelhafid Allahoum, le ministre de la Jeunesse et des Sports, Abderezak Sebgag, le wali d\u2019Oran, Sa\u00efd Sayoud, ainsi que des membres de la commission de s\u00e9curit\u00e9 nationale et de wilaya.&nbsp;<\/p>\n\n\n\n<p>R. S.<\/p>\n","protected":false},"excerpt":{"rendered":"<p>Le s\u00e9minaire d\u00e9di\u00e9 aux prochains JM a \u00e9t\u00e9 rehauss\u00e9 par la pr\u00e9sence du conseiller du pr\u00e9sident de la R\u00e9publique, Abdelhafid<\/p>\n","protected":false},"author":3,"featured_media":15029,"comment_status":"open","ping_status":"closed","sticky":false,"template":"","format":"standard","meta":{"colormag_page_container_layout":"default_layout","colormag_page_sidebar_layout":"default_layout","om_disable_all_campaigns":false,"_monsterinsights_skip_tracking":false,"_monsterinsights_sitenote_active":false,"_monsterinsights_sitenote_note":"","_monsterinsights_sitenote_category":0,"footnotes":"","_wpscppro_dont_share_socialmedia":false,"_wpscppro_custom_social_share_image":0,"_facebook_share_type":"","_twitter_share_type":"","_linkedin_share_type":"","_pinterest_share_type":"","_linkedin_share_type_page":"","_instagram_share_type":"","_medium_share_type":"","_threads_share_type":"","_google_business_share_type":"","_selected_social_profile":[],"_wpsp_enable_custom_social_template":false,"_wpsp_social_scheduling":{"enabled":false,"datetime":null,"platforms":[],"status":"template_only","dateOption":"today","timeOption":"now","customDays":"","customHours":"","customDate":"","customTime":"","schedulingType":"absolute"},"_wpsp_active_default_template":true},"categories":[33],"tags":[],"class_list":["post-15028","post","type-post","status-publish","format-standard","has-post-thumbnail","hentry","category-sports"],"aioseo_notices":[],"yoast_head":"<!-- This site is optimized with the Yoast SEO plugin v27.5 - https:\/\/yoast.com\/product\/yoast-seo-wordpress\/ -->\n<title>Jeux m\u00e9diterran\u00e9ens Oran-2022 : Le CIJM n\u2019a plus de doutes - La Sentinelle<\/title>\n<meta name=\"robots\" content=\"index, follow, max-snippet:-1, max-image-preview:large, max-video-preview:-1\" \/>\n<link rel=\"canonical\" href=\"https:\/\/lasentinelle.dz\/index.php\/2021\/12\/13\/jeux-mediterraneens-oran-2022-le-cijm-na-plus-de-doutes\/\" \/>\n<meta property=\"og:locale\" content=\"fr_FR\" \/>\n<meta property=\"og:type\" content=\"article\" \/>\n<meta property=\"og:title\" content=\"Jeux m\u00e9diterran\u00e9ens Oran-2022 : Le CIJM n\u2019a plus de doutes - La Sentinelle\" \/>\n<meta property=\"og:description\" content=\"Le s\u00e9minaire d\u00e9di\u00e9 aux prochains JM a \u00e9t\u00e9 rehauss\u00e9 par la pr\u00e9sence du conseiller du pr\u00e9sident de la R\u00e9publique, Abdelhafid\" \/>\n<meta property=\"og:url\" content=\"https:\/\/lasentinelle.dz\/index.php\/2021\/12\/13\/jeux-mediterraneens-oran-2022-le-cijm-na-plus-de-doutes\/\" \/>\n<meta property=\"og:site_name\" content=\"La Sentinelle\" \/>\n<meta property=\"article:publisher\" content=\"https:\/\/www.facebook.com\/La-Sentinelle-104059864394773\" \/>\n<meta property=\"article:published_time\" content=\"2021-12-12T23:01:00+00:00\" \/>\n<meta property=\"og:image\" content=\"https:\/\/lasentinelle.dz\/wp-content\/uploads\/2021\/12\/JM.jpg\" \/>\n\t<meta property=\"og:image:width\" content=\"1024\" \/>\n\t<meta property=\"og:image:height\" content=\"683\" \/>\n\t<meta property=\"og:image:type\" content=\"image\/jpeg\" \/>\n<meta name=\"author\" content=\"La Sentinelle\" \/>\n<meta name=\"twitter:card\" content=\"summary_large_image\" \/>\n<meta name=\"twitter:label1\" content=\"\u00c9crit par\" \/>\n\t<meta name=\"twitter:data1\" content=\"La Sentinelle\" \/>\n\t<meta name=\"twitter:label2\" content=\"Dur\u00e9e de lecture estim\u00e9e\" \/>\n\t<meta name=\"twitter:data2\" content=\"2 minutes\" \/>\n<script type=\"application\/ld+json\" class=\"yoast-schema-graph\">{\"@context\":\"https:\\\/\\\/schema.org\",\"@graph\":[{\"@type\":\"Article\",\"@id\":\"https:\\\/\\\/lasentinelle.dz\\\/index.php\\\/2021\\\/12\\\/13\\\/jeux-mediterraneens-oran-2022-le-cijm-na-plus-de-doutes\\\/#article\",\"isPartOf\":{\"@id\":\"https:\\\/\\\/lasentinelle.dz\\\/index.php\\\/2021\\\/12\\\/13\\\/jeux-mediterraneens-oran-2022-le-cijm-na-plus-de-doutes\\\/\"},\"author\":{\"name\":\"La Sentinelle\",\"@id\":\"https:\\\/\\\/lasentinelle.dz\\\/#\\\/schema\\\/person\\\/d865044e22e70a75174ce8bcad3acfb3\"},\"headline\":\"Jeux m\u00e9diterran\u00e9ens Oran-2022 : Le CIJM n\u2019a plus de doutes\",\"datePublished\":\"2021-12-12T23:01:00+00:00\",\"mainEntityOfPage\":{\"@id\":\"https:\\\/\\\/lasentinelle.dz\\\/index.php\\\/2021\\\/12\\\/13\\\/jeux-mediterraneens-oran-2022-le-cijm-na-plus-de-doutes\\\/\"},\"wordCount\":433,\"commentCount\":0,\"publisher\":{\"@id\":\"https:\\\/\\\/lasentinelle.dz\\\/#organization\"},\"image\":{\"@id\":\"https:\\\/\\\/lasentinelle.dz\\\/index.php\\\/2021\\\/12\\\/13\\\/jeux-mediterraneens-oran-2022-le-cijm-na-plus-de-doutes\\\/#primaryimage\"},\"thumbnailUrl\":\"https:\\\/\\\/lasentinelle.dz\\\/wp-content\\\/uploads\\\/2021\\\/12\\\/JM.jpg\",\"articleSection\":[\"Sports\"],\"inLanguage\":\"fr-FR\",\"potentialAction\":[{\"@type\":\"CommentAction\",\"name\":\"Comment\",\"target\":[\"https:\\\/\\\/lasentinelle.dz\\\/index.php\\\/2021\\\/12\\\/13\\\/jeux-mediterraneens-oran-2022-le-cijm-na-plus-de-doutes\\\/#respond\"]}]},{\"@type\":\"WebPage\",\"@id\":\"https:\\\/\\\/lasentinelle.dz\\\/index.php\\\/2021\\\/12\\\/13\\\/jeux-mediterraneens-oran-2022-le-cijm-na-plus-de-doutes\\\/\",\"url\":\"https:\\\/\\\/lasentinelle.dz\\\/index.php\\\/2021\\\/12\\\/13\\\/jeux-mediterraneens-oran-2022-le-cijm-na-plus-de-doutes\\\/\",\"name\":\"Jeux m\u00e9diterran\u00e9ens Oran-2022 : Le CIJM n\u2019a plus de doutes - La Sentinelle\",\"isPartOf\":{\"@id\":\"https:\\\/\\\/lasentinelle.dz\\\/#website\"},\"primaryImageOfPage\":{\"@id\":\"https:\\\/\\\/lasentinelle.dz\\\/index.php\\\/2021\\\/12\\\/13\\\/jeux-mediterraneens-oran-2022-le-cijm-na-plus-de-doutes\\\/#primaryimage\"},\"image\":{\"@id\":\"https:\\\/\\\/lasentinelle.dz\\\/index.php\\\/2021\\\/12\\\/13\\\/jeux-mediterraneens-oran-2022-le-cijm-na-plus-de-doutes\\\/#primaryimage\"},\"thumbnailUrl\":\"https:\\\/\\\/lasentinelle.dz\\\/wp-content\\\/uploads\\\/2021\\\/12\\\/JM.jpg\",\"datePublished\":\"2021-12-12T23:01:00+00:00\",\"breadcrumb\":{\"@id\":\"https:\\\/\\\/lasentinelle.dz\\\/index.php\\\/2021\\\/12\\\/13\\\/jeux-mediterraneens-oran-2022-le-cijm-na-plus-de-doutes\\\/#breadcrumb\"},\"inLanguage\":\"fr-FR\",\"potentialAction\":[{\"@type\":\"ReadAction\",\"target\":[\"https:\\\/\\\/lasentinelle.dz\\\/index.php\\\/2021\\\/12\\\/13\\\/jeux-mediterraneens-oran-2022-le-cijm-na-plus-de-doutes\\\/\"]}]},{\"@type\":\"ImageObject\",\"inLanguage\":\"fr-FR\",\"@id\":\"https:\\\/\\\/lasentinelle.dz\\\/index.php\\\/2021\\\/12\\\/13\\\/jeux-mediterraneens-oran-2022-le-cijm-na-plus-de-doutes\\\/#primaryimage\",\"url\":\"https:\\\/\\\/lasentinelle.dz\\\/wp-content\\\/uploads\\\/2021\\\/12\\\/JM.jpg\",\"contentUrl\":\"https:\\\/\\\/lasentinelle.dz\\\/wp-content\\\/uploads\\\/2021\\\/12\\\/JM.jpg\",\"width\":1024,\"height\":683},{\"@type\":\"BreadcrumbList\",\"@id\":\"https:\\\/\\\/lasentinelle.dz\\\/index.php\\\/2021\\\/12\\\/13\\\/jeux-mediterraneens-oran-2022-le-cijm-na-plus-de-doutes\\\/#breadcrumb\",\"itemListElement\":[{\"@type\":\"ListItem\",\"position\":1,\"name\":\"Accueil\",\"item\":\"https:\\\/\\\/lasentinelle.dz\\\/\"},{\"@type\":\"ListItem\",\"position\":2,\"name\":\"Jeux m\u00e9diterran\u00e9ens Oran-2022 : Le CIJM n\u2019a plus de doutes\"}]},{\"@type\":\"WebSite\",\"@id\":\"https:\\\/\\\/lasentinelle.dz\\\/#website\",\"url\":\"https:\\\/\\\/lasentinelle.dz\\\/\",\"name\":\"La Sentinelle\",\"description\":\"Quotidien national d&#039;information\",\"publisher\":{\"@id\":\"https:\\\/\\\/lasentinelle.dz\\\/#organization\"},\"potentialAction\":[{\"@type\":\"SearchAction\",\"target\":{\"@type\":\"EntryPoint\",\"urlTemplate\":\"https:\\\/\\\/lasentinelle.dz\\\/?s={search_term_string}\"},\"query-input\":{\"@type\":\"PropertyValueSpecification\",\"valueRequired\":true,\"valueName\":\"search_term_string\"}}],\"inLanguage\":\"fr-FR\"},{\"@type\":\"Organization\",\"@id\":\"https:\\\/\\\/lasentinelle.dz\\\/#organization\",\"name\":\"Quotidien La Sentinelle\",\"url\":\"https:\\\/\\\/lasentinelle.dz\\\/\",\"logo\":{\"@type\":\"ImageObject\",\"inLanguage\":\"fr-FR\",\"@id\":\"https:\\\/\\\/lasentinelle.dz\\\/#\\\/schema\\\/logo\\\/image\\\/\",\"url\":\"https:\\\/\\\/lasentinelle.dz\\\/wp-content\\\/uploads\\\/2021\\\/09\\\/logo-sentinelleSLOGAN-1.png\",\"contentUrl\":\"https:\\\/\\\/lasentinelle.dz\\\/wp-content\\\/uploads\\\/2021\\\/09\\\/logo-sentinelleSLOGAN-1.png\",\"width\":615,\"height\":142,\"caption\":\"Quotidien La Sentinelle\"},\"image\":{\"@id\":\"https:\\\/\\\/lasentinelle.dz\\\/#\\\/schema\\\/logo\\\/image\\\/\"},\"sameAs\":[\"https:\\\/\\\/www.facebook.com\\\/La-Sentinelle-104059864394773\"]},{\"@type\":\"Person\",\"@id\":\"https:\\\/\\\/lasentinelle.dz\\\/#\\\/schema\\\/person\\\/d865044e22e70a75174ce8bcad3acfb3\",\"name\":\"La Sentinelle\",\"image\":{\"@type\":\"ImageObject\",\"inLanguage\":\"fr-FR\",\"@id\":\"https:\\\/\\\/secure.gravatar.com\\\/avatar\\\/57de8e5d4b15d43fb361a71fbb36338450fe67865b528a43dd10ef7c51a20392?s=96&d=mm&r=g\",\"url\":\"https:\\\/\\\/secure.gravatar.com\\\/avatar\\\/57de8e5d4b15d43fb361a71fbb36338450fe67865b528a43dd10ef7c51a20392?s=96&d=mm&r=g\",\"contentUrl\":\"https:\\\/\\\/secure.gravatar.com\\\/avatar\\\/57de8e5d4b15d43fb361a71fbb36338450fe67865b528a43dd10ef7c51a20392?s=96&d=mm&r=g\",\"caption\":\"La Sentinelle\"},\"sameAs\":[\"http:\\\/\\\/www.lasentinelle.dz\"],\"url\":\"https:\\\/\\\/lasentinelle.dz\\\/author\\\/redaction\\\/\"}]}<\/script>\n<!-- \/ Yoast SEO plugin. -->","yoast_head_json":{"title":"Jeux m\u00e9diterran\u00e9ens Oran-2022 : Le CIJM n\u2019a plus de doutes - La Sentinelle","robots":{"index":"index","follow":"follow","max-snippet":"max-snippet:-1","max-image-preview":"max-image-preview:large","max-video-preview":"max-video-preview:-1"},"canonical":"https:\/\/lasentinelle.dz\/index.php\/2021\/12\/13\/jeux-mediterraneens-oran-2022-le-cijm-na-plus-de-doutes\/","og_locale":"fr_FR","og_type":"article","og_title":"Jeux m\u00e9diterran\u00e9ens Oran-2022 : Le CIJM n\u2019a plus de doutes - La Sentinelle","og_description":"Le s\u00e9minaire d\u00e9di\u00e9 aux prochains JM a \u00e9t\u00e9 rehauss\u00e9 par la pr\u00e9sence du conseiller du pr\u00e9sident de la R\u00e9publique, Abdelhafid","og_url":"https:\/\/lasentinelle.dz\/index.php\/2021\/12\/13\/jeux-mediterraneens-oran-2022-le-cijm-na-plus-de-doutes\/","og_site_name":"La Sentinelle","article_publisher":"https:\/\/www.facebook.com\/La-Sentinelle-104059864394773","article_published_time":"2021-12-12T23:01:00+00:00","og_image":[{"width":1024,"height":683,"url":"https:\/\/lasentinelle.dz\/wp-content\/uploads\/2021\/12\/JM.jpg","type":"image\/jpeg"}],"author":"La Sentinelle","twitter_card":"summary_large_image","twitter_misc":{"\u00c9crit par":"La Sentinelle","Dur\u00e9e de lecture estim\u00e9e":"2 minutes"},"schema":{"@context":"https:\/\/schema.org","@graph":[{"@type":"Article","@id":"https:\/\/lasentinelle.dz\/index.php\/2021\/12\/13\/jeux-mediterraneens-oran-2022-le-cijm-na-plus-de-doutes\/#article","isPartOf":{"@id":"https:\/\/lasentinelle.dz\/index.php\/2021\/12\/13\/jeux-mediterraneens-oran-2022-le-cijm-na-plus-de-doutes\/"},"author":{"name":"La Sentinelle","@id":"https:\/\/lasentinelle.dz\/#\/schema\/person\/d865044e22e70a75174ce8bcad3acfb3"},"headline":"Jeux m\u00e9diterran\u00e9ens Oran-2022 : Le CIJM n\u2019a plus de doutes","datePublished":"2021-12-12T23:01:00+00:00","mainEntityOfPage":{"@id":"https:\/\/lasentinelle.dz\/index.php\/2021\/12\/13\/jeux-mediterraneens-oran-2022-le-cijm-na-plus-de-doutes\/"},"wordCount":433,"commentCount":0,"publisher":{"@id":"https:\/\/lasentinelle.dz\/#organization"},"image":{"@id":"https:\/\/lasentinelle.dz\/index.php\/2021\/12\/13\/jeux-mediterraneens-oran-2022-le-cijm-na-plus-de-doutes\/#primaryimage"},"thumbnailUrl":"https:\/\/lasentinelle.dz\/wp-content\/uploads\/2021\/12\/JM.jpg","articleSection":["Sports"],"inLanguage":"fr-FR","potentialAction":[{"@type":"CommentAction","name":"Comment","target":["https:\/\/lasentinelle.dz\/index.php\/2021\/12\/13\/jeux-mediterraneens-oran-2022-le-cijm-na-plus-de-doutes\/#respond"]}]},{"@type":"WebPage","@id":"https:\/\/lasentinelle.dz\/index.php\/2021\/12\/13\/jeux-mediterraneens-oran-2022-le-cijm-na-plus-de-doutes\/","url":"https:\/\/lasentinelle.dz\/index.php\/2021\/12\/13\/jeux-mediterraneens-oran-2022-le-cijm-na-plus-de-doutes\/","name":"Jeux m\u00e9diterran\u00e9ens Oran-2022 : Le CIJM n\u2019a plus de doutes - La Sentinelle","isPartOf":{"@id":"https:\/\/lasentinelle.dz\/#website"},"primaryImageOfPage":{"@id":"https:\/\/lasentinelle.dz\/index.php\/2021\/12\/13\/jeux-mediterraneens-oran-2022-le-cijm-na-plus-de-doutes\/#primaryimage"},"image":{"@id":"https:\/\/lasentinelle.dz\/index.php\/2021\/12\/13\/jeux-mediterraneens-oran-2022-le-cijm-na-plus-de-doutes\/#primaryimage"},"thumbnailUrl":"https:\/\/lasentinelle.dz\/wp-content\/uploads\/2021\/12\/JM.jpg","datePublished":"2021-12-12T23:01:00+00:00","breadcrumb":{"@id":"https:\/\/lasentinelle.dz\/index.php\/2021\/12\/13\/jeux-mediterraneens-oran-2022-le-cijm-na-plus-de-doutes\/#breadcrumb"},"inLanguage":"fr-FR","potentialAction":[{"@type":"ReadAction","target":["https:\/\/lasentinelle.dz\/index.php\/2021\/12\/13\/jeux-mediterraneens-oran-2022-le-cijm-na-plus-de-doutes\/"]}]},{"@type":"ImageObject","inLanguage":"fr-FR","@id":"https:\/\/lasentinelle.dz\/index.php\/2021\/12\/13\/jeux-mediterraneens-oran-2022-le-cijm-na-plus-de-doutes\/#primaryimage","url":"https:\/\/lasentinelle.dz\/wp-content\/uploads\/2021\/12\/JM.jpg","contentUrl":"https:\/\/lasentinelle.dz\/wp-content\/uploads\/2021\/12\/JM.jpg","width":1024,"height":683},{"@type":"BreadcrumbList","@id":"https:\/\/lasentinelle.dz\/index.php\/2021\/12\/13\/jeux-mediterraneens-oran-2022-le-cijm-na-plus-de-doutes\/#breadcrumb","itemListElement":[{"@type":"ListItem","position":1,"name":"Accueil","item":"https:\/\/lasentinelle.dz\/"},{"@type":"ListItem","position":2,"name":"Jeux m\u00e9diterran\u00e9ens Oran-2022 : Le CIJM n\u2019a plus de doutes"}]},{"@type":"WebSite","@id":"https:\/\/lasentinelle.dz\/#website","url":"https:\/\/lasentinelle.dz\/","name":"La Sentinelle","description":"Quotidien national d&#039;information","publisher":{"@id":"https:\/\/lasentinelle.dz\/#organization"},"potentialAction":[{"@type":"SearchAction","target":{"@type":"EntryPoint","urlTemplate":"https:\/\/lasentinelle.dz\/?s={search_term_string}"},"query-input":{"@type":"PropertyValueSpecification","valueRequired":true,"valueName":"search_term_string"}}],"inLanguage":"fr-FR"},{"@type":"Organization","@id":"https:\/\/lasentinelle.dz\/#organization","name":"Quotidien La Sentinelle","url":"https:\/\/lasentinelle.dz\/","logo":{"@type":"ImageObject","inLanguage":"fr-FR","@id":"https:\/\/lasentinelle.dz\/#\/schema\/logo\/image\/","url":"https:\/\/lasentinelle.dz\/wp-content\/uploads\/2021\/09\/logo-sentinelleSLOGAN-1.png","contentUrl":"https:\/\/lasentinelle.dz\/wp-content\/uploads\/2021\/09\/logo-sentinelleSLOGAN-1.png","width":615,"height":142,"caption":"Quotidien La Sentinelle"},"image":{"@id":"https:\/\/lasentinelle.dz\/#\/schema\/logo\/image\/"},"sameAs":["https:\/\/www.facebook.com\/La-Sentinelle-104059864394773"]},{"@type":"Person","@id":"https:\/\/lasentinelle.dz\/#\/schema\/person\/d865044e22e70a75174ce8bcad3acfb3","name":"La Sentinelle","image":{"@type":"ImageObject","inLanguage":"fr-FR","@id":"https:\/\/secure.gravatar.com\/avatar\/57de8e5d4b15d43fb361a71fbb36338450fe67865b528a43dd10ef7c51a20392?s=96&d=mm&r=g","url":"https:\/\/secure.gravatar.com\/avatar\/57de8e5d4b15d43fb361a71fbb36338450fe67865b528a43dd10ef7c51a20392?s=96&d=mm&r=g","contentUrl":"https:\/\/secure.gravatar.com\/avatar\/57de8e5d4b15d43fb361a71fbb36338450fe67865b528a43dd10ef7c51a20392?s=96&d=mm&r=g","caption":"La Sentinelle"},"sameAs":["http:\/\/www.lasentinelle.dz"],"url":"https:\/\/lasentinelle.dz\/author\/redaction\/"}]}},"_links":{"self":[{"href":"https:\/\/lasentinelle.dz\/index.php\/wp-json\/wp\/v2\/posts\/15028","targetHints":{"allow":["GET"]}}],"collection":[{"href":"https:\/\/lasentinelle.dz\/index.php\/wp-json\/wp\/v2\/posts"}],"about":[{"href":"https:\/\/lasentinelle.dz\/index.php\/wp-json\/wp\/v2\/types\/post"}],"author":[{"embeddable":true,"href":"https:\/\/lasentinelle.dz\/index.php\/wp-json\/wp\/v2\/users\/3"}],"replies":[{"embeddable":true,"href":"https:\/\/lasentinelle.dz\/index.php\/wp-json\/wp\/v2\/comments?post=15028"}],"version-history":[{"count":1,"href":"https:\/\/lasentinelle.dz\/index.php\/wp-json\/wp\/v2\/posts\/15028\/revisions"}],"predecessor-version":[{"id":15030,"href":"https:\/\/lasentinelle.dz\/index.php\/wp-json\/wp\/v2\/posts\/15028\/revisions\/15030"}],"wp:featuredmedia":[{"embeddable":true,"href":"https:\/\/lasentinelle.dz\/index.php\/wp-json\/wp\/v2\/media\/15029"}],"wp:attachment":[{"href":"https:\/\/lasentinelle.dz\/index.php\/wp-json\/wp\/v2\/media?parent=15028"}],"wp:term":[{"taxonomy":"category","embeddable":true,"href":"https:\/\/lasentinelle.dz\/index.php\/wp-json\/wp\/v2\/categories?post=15028"},{"taxonomy":"post_tag","embeddable":true,"href":"https:\/\/lasentinelle.dz\/index.php\/wp-json\/wp\/v2\/tags?post=15028"}],"curies":[{"name":"wp","href":"https:\/\/api.w.org\/{rel}","templated":true}]}}